{"id":14598877,"date":"2024-11-12T07:38:28","date_gmt":"2024-11-12T06:38:28","guid":{"rendered":"https:\/\/kapitalis.com\/tunisie\/?p=14598877"},"modified":"2024-11-12T07:39:33","modified_gmt":"2024-11-12T06:39:33","slug":"les-propos-incoherents-du-president-macron","status":"publish","type":"post","link":"https:\/\/kapitalis.com\/tunisie\/2024\/11\/12\/les-propos-incoherents-du-president-macron\/","title":{"rendered":"Les propos incoh\u00e9rents du pr\u00e9sident Macron"},"content":{"rendered":"\n<p><strong><em>Ce que les historiens retiendront probablement le plus de la pr\u00e9sidence du Fran\u00e7ais \u00a0Emmanuel Macron, c\u2019est l\u2019incoh\u00e9rence de ses discours et de ses positions.<\/em><\/strong><\/p>\n\n\n\n<p><strong>Lahouari Addi <\/strong>*<\/p>\n\n\n\n<!--more-->\n\n\n<div class=\"wp-block-image\">\n<figure class=\"alignleft size-full\"><img loading=\"lazy\" decoding=\"async\" width=\"200\" height=\"200\" src=\"https:\/\/kapitalis.com\/tunisie\/wp-content\/uploads\/2023\/10\/Lahouari-Addi.jpg\" alt=\"\" class=\"wp-image-10082582\" srcset=\"https:\/\/kapitalis.com\/tunisie\/wp-content\/uploads\/2023\/10\/Lahouari-Addi.jpg 200w, https:\/\/kapitalis.com\/tunisie\/wp-content\/uploads\/2023\/10\/Lahouari-Addi-150x150.jpg 150w, https:\/\/kapitalis.com\/tunisie\/wp-content\/uploads\/2023\/10\/Lahouari-Addi-120x120.jpg 120w\" sizes=\"auto, (max-width: 200px) 100vw, 200px\" \/><\/figure>\n<\/div>\n\n\n<p>Par exemple, en quelques mois, il est pass\u00e9 de <em>\u00abil ne faut pas humilier la Russie\u00bb<\/em> \u00e0, quelques semaines plus tard, proposer d\u2019envoyer des troupes europ\u00e9ennes en Ukraine.<\/p>\n\n\n\n<p>Autre exemple: la guerre \u00e0 Gaza o\u00f9, d\u2019 un c\u00f4t\u00e9, il appelle \u00e0 un cessez-le-feu et, de l\u2019autre c\u00f4t\u00e9, accuse les manifestants qui demandent un cessez-le-feu d\u2019\u00eatre des antis\u00e9mites.<\/p>\n\n\n\n<p>Enfin, r\u00e9cemment, il a propos\u00e9 un embargo sur les armes utilis\u00e9es par l\u2019arm\u00e9e isra\u00e9lienne \u00e0 Gaza, mais il annonce assister au match opposant l\u2019\u00e9quipe de France \u00e0 la s\u00e9lection isra\u00e9lienne, en solidarit\u00e9 avec Isra\u00ebl qui continue de bombarder les civils \u00e0 Gaza et au Liban. Il r\u00e9pondra probablement \u00e0 ce sujet que sa pr\u00e9sence est l\u2019expression de la condamnation de l\u2019antis\u00e9mitisme.<\/p>\n\n\n\n<p>D\u00e9clarer que les manifestations, qui demandent comme lui un cessez-le-feu \u00e0 Gaza, sont suscit\u00e9es par l\u2019antis\u00e9mitisme rel\u00e8ve de la mauvaise foi, sinon du burlesque.<\/p>\n\n\n\n<p><em>* Professeur \u00e0 l&rsquo;institut des \u00e9tudes politiques de Lyon. <\/em><\/p>\n","protected":false},"excerpt":{"rendered":"<p>Dans la guerre \u00e0 Gaza, Emmanuel Macron appelle \u00e0 un cessez-le-feu et accuse les manifestants qui demandent un cessez-le-feu d\u2019\u00eatre des antis\u00e9mites.<\/p>\n","protected":false},"author":8,"featured_media":14598895,"comment_status":"open","ping_status":"open","sticky":false,"template":"","format":"standard","meta":{"footnotes":""},"categories":[992,997,1000,2433],"tags":[84270,111620,81896,19579,395,2444,8563,2739,6842],"class_list":["post-14598877","post","type-post","status-publish","format-standard","has-post-thumbnail","hentry","category-a-la-une","category-politique","category-tribune","category-tunisie","tag-antisemitisme","tag-cessez-le-feu","tag-emirats-israel","tag-emmanuel-macron","tag-france","tag-gaza","tag-liban","tag-palestiniens","tag-ukraine"],"yoast_head":"<!-- This site is optimized with the Yoast SEO plugin v26.6 - https:\/\/yoast.com\/wordpress\/plugins\/seo\/ -->\n<title>Les propos incoh\u00e9rents du pr\u00e9sident Macron - Kapitalis<\/title>\n<meta name=\"robots\" content=\"index, follow, max-snippet:-1, max-image-preview:large, max-video-preview:-1\" \/>\n<link rel=\"canonical\" href=\"https:\/\/kapitalis.com\/tunisie\/2024\/11\/12\/les-propos-incoherents-du-president-macron\/\" \/>\n<meta property=\"og:locale\" content=\"fr_FR\" \/>\n<meta property=\"og:type\" content=\"article\" \/>\n<meta property=\"og:title\" content=\"Les propos incoh\u00e9rents du pr\u00e9sident Macron - Kapitalis\" \/>\n<meta property=\"og:description\" content=\"Dans la guerre \u00e0 Gaza, Emmanuel Macron appelle \u00e0 un cessez-le-feu et accuse les manifestants qui demandent un cessez-le-feu d\u2019\u00eatre des antis\u00e9mites.\" \/>\n<meta property=\"og:url\" content=\"https:\/\/kapitalis.com\/tunisie\/2024\/11\/12\/les-propos-incoherents-du-president-macron\/\" \/>\n<meta property=\"og:site_name\" content=\"Kapitalis\" \/>\n<meta property=\"article:publisher\" content=\"https:\/\/www.facebook.com\/KapitalisInfo\/\" \/>\n<meta property=\"article:published_time\" content=\"2024-11-12T06:38:28+00:00\" \/>\n<meta property=\"article:modified_time\" content=\"2024-11-12T06:39:33+00:00\" \/>\n<meta property=\"og:image\" content=\"https:\/\/kapitalis.com\/tunisie\/wp-content\/uploads\/2024\/11\/Emmanuel-Macron-Free-Palestine.jpg\" \/>\n\t<meta property=\"og:image:width\" content=\"1200\" \/>\n\t<meta property=\"og:image:height\" content=\"630\" \/>\n\t<meta property=\"og:image:type\" content=\"image\/jpeg\" \/>\n<meta name=\"author\" content=\"webmaster kapitalis\" \/>\n<meta name=\"twitter:card\" content=\"summary_large_image\" \/>\n<meta name=\"twitter:creator\" content=\"@KapitalisInfo\" \/>\n<meta name=\"twitter:site\" content=\"@KapitalisInfo\" \/>\n<meta name=\"twitter:label1\" content=\"\u00c9crit par\" \/>\n\t<meta name=\"twitter:data1\" content=\"webmaster kapitalis\" \/>\n\t<meta name=\"twitter:label2\" content=\"Dur\u00e9e de lecture estim\u00e9e\" \/>\n\t<meta name=\"twitter:data2\" content=\"2 minutes\" \/>\n<script type=\"application\/ld+json\" class=\"yoast-schema-graph\">{\"@context\":\"https:\/\/schema.org\",\"@graph\":[{\"@type\":\"Article\",\"@id\":\"https:\/\/kapitalis.com\/tunisie\/2024\/11\/12\/les-propos-incoherents-du-president-macron\/#article\",\"isPartOf\":{\"@id\":\"https:\/\/kapitalis.com\/tunisie\/2024\/11\/12\/les-propos-incoherents-du-president-macron\/\"},\"author\":{\"name\":\"webmaster kapitalis\",\"@id\":\"https:\/\/kapitalis.com\/tunisie\/#\/schema\/person\/d71f33a9ca44f7bad4698210b480c8e9\"},\"headline\":\"Les propos incoh\u00e9rents du pr\u00e9sident Macron\",\"datePublished\":\"2024-11-12T06:38:28+00:00\",\"dateModified\":\"2024-11-12T06:39:33+00:00\",\"mainEntityOfPage\":{\"@id\":\"https:\/\/kapitalis.com\/tunisie\/2024\/11\/12\/les-propos-incoherents-du-president-macron\/\"},\"wordCount\":206,\"commentCount\":3,\"publisher\":{\"@id\":\"https:\/\/kapitalis.com\/tunisie\/#organization\"},\"image\":{\"@id\":\"https:\/\/kapitalis.com\/tunisie\/2024\/11\/12\/les-propos-incoherents-du-president-macron\/#primaryimage\"},\"thumbnailUrl\":\"https:\/\/kapitalis.com\/tunisie\/wp-content\/uploads\/2024\/11\/Emmanuel-Macron-Free-Palestine.jpg\",\"keywords\":[\"antis\u00e9mitisme\",\"cessez-le-feu\",\"Emirats - Isra\u00ebl\",\"Emmanuel Macron\",\"France\",\"Gaza\",\"Liban\",\"Palestiniens\",\"Ukraine\"],\"articleSection\":[\"A LA UNE\",\"POLITIQUE\",\"TRIBUNE\",\"Tunisie\"],\"inLanguage\":\"fr-FR\",\"potentialAction\":[{\"@type\":\"CommentAction\",\"name\":\"Comment\",\"target\":[\"https:\/\/kapitalis.com\/tunisie\/2024\/11\/12\/les-propos-incoherents-du-president-macron\/#respond\"]}]},{\"@type\":\"WebPage\",\"@id\":\"https:\/\/kapitalis.com\/tunisie\/2024\/11\/12\/les-propos-incoherents-du-president-macron\/\",\"url\":\"https:\/\/kapitalis.com\/tunisie\/2024\/11\/12\/les-propos-incoherents-du-president-macron\/\",\"name\":\"Les propos incoh\u00e9rents du pr\u00e9sident Macron - Kapitalis\",\"isPartOf\":{\"@id\":\"https:\/\/kapitalis.com\/tunisie\/#website\"},\"primaryImageOfPage\":{\"@id\":\"https:\/\/kapitalis.com\/tunisie\/2024\/11\/12\/les-propos-incoherents-du-president-macron\/#primaryimage\"},\"image\":{\"@id\":\"https:\/\/kapitalis.com\/tunisie\/2024\/11\/12\/les-propos-incoherents-du-president-macron\/#primaryimage\"},\"thumbnailUrl\":\"https:\/\/kapitalis.com\/tunisie\/wp-content\/uploads\/2024\/11\/Emmanuel-Macron-Free-Palestine.jpg\",\"datePublished\":\"2024-11-12T06:38:28+00:00\",\"dateModified\":\"2024-11-12T06:39:33+00:00\",\"breadcrumb\":{\"@id\":\"https:\/\/kapitalis.com\/tunisie\/2024\/11\/12\/les-propos-incoherents-du-president-macron\/#breadcrumb\"},\"inLanguage\":\"fr-FR\",\"potentialAction\":[{\"@type\":\"ReadAction\",\"target\":[\"https:\/\/kapitalis.com\/tunisie\/2024\/11\/12\/les-propos-incoherents-du-president-macron\/\"]}]},{\"@type\":\"ImageObject\",\"inLanguage\":\"fr-FR\",\"@id\":\"https:\/\/kapitalis.com\/tunisie\/2024\/11\/12\/les-propos-incoherents-du-president-macron\/#primaryimage\",\"url\":\"https:\/\/kapitalis.com\/tunisie\/wp-content\/uploads\/2024\/11\/Emmanuel-Macron-Free-Palestine.jpg\",\"contentUrl\":\"https:\/\/kapitalis.com\/tunisie\/wp-content\/uploads\/2024\/11\/Emmanuel-Macron-Free-Palestine.jpg\",\"width\":1200,\"height\":630},{\"@type\":\"BreadcrumbList\",\"@id\":\"https:\/\/kapitalis.com\/tunisie\/2024\/11\/12\/les-propos-incoherents-du-president-macron\/#breadcrumb\",\"itemListElement\":[{\"@type\":\"ListItem\",\"position\":1,\"name\":\"Accueil\",\"item\":\"https:\/\/kapitalis.com\/tunisie\/\"},{\"@type\":\"ListItem\",\"position\":2,\"name\":\"Les propos incoh\u00e9rents du pr\u00e9sident Macron\"}]},{\"@type\":\"WebSite\",\"@id\":\"https:\/\/kapitalis.com\/tunisie\/#website\",\"url\":\"https:\/\/kapitalis.com\/tunisie\/\",\"name\":\"Kapitalis\",\"description\":\"L&#039;actualit\u00e9 en Tunisie et dans le monde\",\"publisher\":{\"@id\":\"https:\/\/kapitalis.com\/tunisie\/#organization\"},\"potentialAction\":[{\"@type\":\"SearchAction\",\"target\":{\"@type\":\"EntryPoint\",\"urlTemplate\":\"https:\/\/kapitalis.com\/tunisie\/?s={search_term_string}\"},\"query-input\":{\"@type\":\"PropertyValueSpecification\",\"valueRequired\":true,\"valueName\":\"search_term_string\"}}],\"inLanguage\":\"fr-FR\"},{\"@type\":\"Organization\",\"@id\":\"https:\/\/kapitalis.com\/tunisie\/#organization\",\"name\":\"Kapitalis\",\"url\":\"https:\/\/kapitalis.com\/tunisie\/\",\"logo\":{\"@type\":\"ImageObject\",\"inLanguage\":\"fr-FR\",\"@id\":\"https:\/\/kapitalis.com\/tunisie\/#\/schema\/logo\/image\/\",\"url\":\"https:\/\/kapitalis.com\/tunisie\/wp-content\/uploads\/2022\/05\/Kapitalis-big-size.png\",\"contentUrl\":\"https:\/\/kapitalis.com\/tunisie\/wp-content\/uploads\/2022\/05\/Kapitalis-big-size.png\",\"width\":5000,\"height\":1500,\"caption\":\"Kapitalis\"},\"image\":{\"@id\":\"https:\/\/kapitalis.com\/tunisie\/#\/schema\/logo\/image\/\"},\"sameAs\":[\"https:\/\/www.facebook.com\/KapitalisInfo\/\",\"https:\/\/x.com\/KapitalisInfo\",\"https:\/\/www.youtube.com\/channel\/UC-yDYrHyfFBWWZaOw3FPg9Q\"]},{\"@type\":\"Person\",\"@id\":\"https:\/\/kapitalis.com\/tunisie\/#\/schema\/person\/d71f33a9ca44f7bad4698210b480c8e9\",\"name\":\"webmaster kapitalis\",\"url\":\"https:\/\/kapitalis.com\/tunisie\/author\/webmaster-kapitalis\/\"}]}<\/script>\n<!-- \/ Yoast SEO plugin. -->","yoast_head_json":{"title":"Les propos incoh\u00e9rents du pr\u00e9sident Macron - Kapitalis","robots":{"index":"index","follow":"follow","max-snippet":"max-snippet:-1","max-image-preview":"max-image-preview:large","max-video-preview":"max-video-preview:-1"},"canonical":"https:\/\/kapitalis.com\/tunisie\/2024\/11\/12\/les-propos-incoherents-du-president-macron\/","og_locale":"fr_FR","og_type":"article","og_title":"Les propos incoh\u00e9rents du pr\u00e9sident Macron - Kapitalis","og_description":"Dans la guerre \u00e0 Gaza, Emmanuel Macron appelle \u00e0 un cessez-le-feu et accuse les manifestants qui demandent un cessez-le-feu d\u2019\u00eatre des antis\u00e9mites.","og_url":"https:\/\/kapitalis.com\/tunisie\/2024\/11\/12\/les-propos-incoherents-du-president-macron\/","og_site_name":"Kapitalis","article_publisher":"https:\/\/www.facebook.com\/KapitalisInfo\/","article_published_time":"2024-11-12T06:38:28+00:00","article_modified_time":"2024-11-12T06:39:33+00:00","og_image":[{"width":1200,"height":630,"url":"https:\/\/kapitalis.com\/tunisie\/wp-content\/uploads\/2024\/11\/Emmanuel-Macron-Free-Palestine.jpg","type":"image\/jpeg"}],"author":"webmaster kapitalis","twitter_card":"summary_large_image","twitter_creator":"@KapitalisInfo","twitter_site":"@KapitalisInfo","twitter_misc":{"\u00c9crit par":"webmaster kapitalis","Dur\u00e9e de lecture estim\u00e9e":"2 minutes"},"schema":{"@context":"https:\/\/schema.org","@graph":[{"@type":"Article","@id":"https:\/\/kapitalis.com\/tunisie\/2024\/11\/12\/les-propos-incoherents-du-president-macron\/#article","isPartOf":{"@id":"https:\/\/kapitalis.com\/tunisie\/2024\/11\/12\/les-propos-incoherents-du-president-macron\/"},"author":{"name":"webmaster kapitalis","@id":"https:\/\/kapitalis.com\/tunisie\/#\/schema\/person\/d71f33a9ca44f7bad4698210b480c8e9"},"headline":"Les propos incoh\u00e9rents du pr\u00e9sident Macron","datePublished":"2024-11-12T06:38:28+00:00","dateModified":"2024-11-12T06:39:33+00:00","mainEntityOfPage":{"@id":"https:\/\/kapitalis.com\/tunisie\/2024\/11\/12\/les-propos-incoherents-du-president-macron\/"},"wordCount":206,"commentCount":3,"publisher":{"@id":"https:\/\/kapitalis.com\/tunisie\/#organization"},"image":{"@id":"https:\/\/kapitalis.com\/tunisie\/2024\/11\/12\/les-propos-incoherents-du-president-macron\/#primaryimage"},"thumbnailUrl":"https:\/\/kapitalis.com\/tunisie\/wp-content\/uploads\/2024\/11\/Emmanuel-Macron-Free-Palestine.jpg","keywords":["antis\u00e9mitisme","cessez-le-feu","Emirats - Isra\u00ebl","Emmanuel Macron","France","Gaza","Liban","Palestiniens","Ukraine"],"articleSection":["A LA UNE","POLITIQUE","TRIBUNE","Tunisie"],"inLanguage":"fr-FR","potentialAction":[{"@type":"CommentAction","name":"Comment","target":["https:\/\/kapitalis.com\/tunisie\/2024\/11\/12\/les-propos-incoherents-du-president-macron\/#respond"]}]},{"@type":"WebPage","@id":"https:\/\/kapitalis.com\/tunisie\/2024\/11\/12\/les-propos-incoherents-du-president-macron\/","url":"https:\/\/kapitalis.com\/tunisie\/2024\/11\/12\/les-propos-incoherents-du-president-macron\/","name":"Les propos incoh\u00e9rents du pr\u00e9sident Macron - Kapitalis","isPartOf":{"@id":"https:\/\/kapitalis.com\/tunisie\/#website"},"primaryImageOfPage":{"@id":"https:\/\/kapitalis.com\/tunisie\/2024\/11\/12\/les-propos-incoherents-du-president-macron\/#primaryimage"},"image":{"@id":"https:\/\/kapitalis.com\/tunisie\/2024\/11\/12\/les-propos-incoherents-du-president-macron\/#primaryimage"},"thumbnailUrl":"https:\/\/kapitalis.com\/tunisie\/wp-content\/uploads\/2024\/11\/Emmanuel-Macron-Free-Palestine.jpg","datePublished":"2024-11-12T06:38:28+00:00","dateModified":"2024-11-12T06:39:33+00:00","breadcrumb":{"@id":"https:\/\/kapitalis.com\/tunisie\/2024\/11\/12\/les-propos-incoherents-du-president-macron\/#breadcrumb"},"inLanguage":"fr-FR","potentialAction":[{"@type":"ReadAction","target":["https:\/\/kapitalis.com\/tunisie\/2024\/11\/12\/les-propos-incoherents-du-president-macron\/"]}]},{"@type":"ImageObject","inLanguage":"fr-FR","@id":"https:\/\/kapitalis.com\/tunisie\/2024\/11\/12\/les-propos-incoherents-du-president-macron\/#primaryimage","url":"https:\/\/kapitalis.com\/tunisie\/wp-content\/uploads\/2024\/11\/Emmanuel-Macron-Free-Palestine.jpg","contentUrl":"https:\/\/kapitalis.com\/tunisie\/wp-content\/uploads\/2024\/11\/Emmanuel-Macron-Free-Palestine.jpg","width":1200,"height":630},{"@type":"BreadcrumbList","@id":"https:\/\/kapitalis.com\/tunisie\/2024\/11\/12\/les-propos-incoherents-du-president-macron\/#breadcrumb","itemListElement":[{"@type":"ListItem","position":1,"name":"Accueil","item":"https:\/\/kapitalis.com\/tunisie\/"},{"@type":"ListItem","position":2,"name":"Les propos incoh\u00e9rents du pr\u00e9sident Macron"}]},{"@type":"WebSite","@id":"https:\/\/kapitalis.com\/tunisie\/#website","url":"https:\/\/kapitalis.com\/tunisie\/","name":"Kapitalis","description":"L&#039;actualit\u00e9 en Tunisie et dans le monde","publisher":{"@id":"https:\/\/kapitalis.com\/tunisie\/#organization"},"potentialAction":[{"@type":"SearchAction","target":{"@type":"EntryPoint","urlTemplate":"https:\/\/kapitalis.com\/tunisie\/?s={search_term_string}"},"query-input":{"@type":"PropertyValueSpecification","valueRequired":true,"valueName":"search_term_string"}}],"inLanguage":"fr-FR"},{"@type":"Organization","@id":"https:\/\/kapitalis.com\/tunisie\/#organization","name":"Kapitalis","url":"https:\/\/kapitalis.com\/tunisie\/","logo":{"@type":"ImageObject","inLanguage":"fr-FR","@id":"https:\/\/kapitalis.com\/tunisie\/#\/schema\/logo\/image\/","url":"https:\/\/kapitalis.com\/tunisie\/wp-content\/uploads\/2022\/05\/Kapitalis-big-size.png","contentUrl":"https:\/\/kapitalis.com\/tunisie\/wp-content\/uploads\/2022\/05\/Kapitalis-big-size.png","width":5000,"height":1500,"caption":"Kapitalis"},"image":{"@id":"https:\/\/kapitalis.com\/tunisie\/#\/schema\/logo\/image\/"},"sameAs":["https:\/\/www.facebook.com\/KapitalisInfo\/","https:\/\/x.com\/KapitalisInfo","https:\/\/www.youtube.com\/channel\/UC-yDYrHyfFBWWZaOw3FPg9Q"]},{"@type":"Person","@id":"https:\/\/kapitalis.com\/tunisie\/#\/schema\/person\/d71f33a9ca44f7bad4698210b480c8e9","name":"webmaster kapitalis","url":"https:\/\/kapitalis.com\/tunisie\/author\/webmaster-kapitalis\/"}]}},"_links":{"self":[{"href":"https:\/\/kapitalis.com\/tunisie\/wp-json\/wp\/v2\/posts\/14598877","targetHints":{"allow":["GET"]}}],"collection":[{"href":"https:\/\/kapitalis.com\/tunisie\/wp-json\/wp\/v2\/posts"}],"about":[{"href":"https:\/\/kapitalis.com\/tunisie\/wp-json\/wp\/v2\/types\/post"}],"author":[{"embeddable":true,"href":"https:\/\/kapitalis.com\/tunisie\/wp-json\/wp\/v2\/users\/8"}],"replies":[{"embeddable":true,"href":"https:\/\/kapitalis.com\/tunisie\/wp-json\/wp\/v2\/comments?post=14598877"}],"version-history":[{"count":1,"href":"https:\/\/kapitalis.com\/tunisie\/wp-json\/wp\/v2\/posts\/14598877\/revisions"}],"predecessor-version":[{"id":14598899,"href":"https:\/\/kapitalis.com\/tunisie\/wp-json\/wp\/v2\/posts\/14598877\/revisions\/14598899"}],"wp:featuredmedia":[{"embeddable":true,"href":"https:\/\/kapitalis.com\/tunisie\/wp-json\/wp\/v2\/media\/14598895"}],"wp:attachment":[{"href":"https:\/\/kapitalis.com\/tunisie\/wp-json\/wp\/v2\/media?parent=14598877"}],"wp:term":[{"taxonomy":"category","embeddable":true,"href":"https:\/\/kapitalis.com\/tunisie\/wp-json\/wp\/v2\/categories?post=14598877"},{"taxonomy":"post_tag","embeddable":true,"href":"https:\/\/kapitalis.com\/tunisie\/wp-json\/wp\/v2\/tags?post=14598877"}],"curies":[{"name":"wp","href":"https:\/\/api.w.org\/{rel}","templated":true}]}}