{"id":14606541,"date":"2024-11-13T13:18:03","date_gmt":"2024-11-13T12:18:03","guid":{"rendered":"https:\/\/kapitalis.com\/tunisie\/?p=14606541"},"modified":"2024-11-13T13:18:04","modified_gmt":"2024-11-13T12:18:04","slug":"delegation-commerciale-tunisienne-en-libye","status":"publish","type":"post","link":"https:\/\/kapitalis.com\/tunisie\/2024\/11\/13\/delegation-commerciale-tunisienne-en-libye\/","title":{"rendered":"D\u00e9l\u00e9gation commerciale tunisienne en Libye"},"content":{"rendered":"\n<p><strong><em>La Chambre de commerce, d\u2019industrie et d\u2019agriculture de Tripoli a accueilli des rencontres B2B entre ses membres et une d\u00e9l\u00e9gation commerciale tunisienne, mardi 12 novembre 2024, \u00e0 son si\u00e8ge de Tripoli.<\/em><\/strong><\/p>\n\n\n\n<!--more-->\n\n\n\n<p>Les rencontres se sont d\u00e9roul\u00e9es en pr\u00e9sence du pr\u00e9sident de l\u2019Assembl\u00e9e g\u00e9n\u00e9rale de la Chambre de commerce de Tripoli, de l\u2019ambassadeur de Tunisie en Libye, de plusieurs membres du comit\u00e9 de direction de la Chambre et des repr\u00e9sentants du Centre tunisien de promotion des exportations (Cepex).<\/p>\n\n\n\n<p>Selon la Chambre de commerce Tripoli, ces rencontres visaient \u00e0 identifier des opportunit\u00e9s d\u2019investissement et de partenariats \u00e9conomiques entre les entreprises des deux pays.<\/p>\n\n\n\n<p>La d\u00e9l\u00e9gation tunisienne comprenait plusieurs soci\u00e9t\u00e9s sp\u00e9cialis\u00e9es dans les domaines des travaux publics et de la construction, des mat\u00e9riaux de construction et des canalisations.<\/p>\n\n\n\n<p>L\u2019ambassadeur de Tunisie en Libye a soulign\u00e9 l\u2019importance de renforcer les relations de coop\u00e9ration et le partenariat \u00e9conomique entre les deux pays et d\u2019inciter les hommes d\u2019affaires et les investisseurs \u00e0 aller de l\u2019avant et \u00e0 leur fournir un soutien et une assistance pour faciliter leurs activit\u00e9s commerciales.<\/p>\n\n\n\n<p>Les entreprises tunisiennes ont fait une s\u00e9rie de pr\u00e9sentations introductives \u00e0 leurs homologues libyennes suivies de rencontres B2B pour discuter et identifier les opportunit\u00e9s \u00e0 travers lesquelles des partenariats et des accords commerciaux peuvent \u00eatre conclus, \u00e9crivent nos confr\u00e8res de <a href=\"https:\/\/libyaherald.com\/2024\/11\/tripoli-chamber-hosts-b2b-meetings-with-tunisian-trade-delegation\/\" target=\"_blank\" rel=\"noreferrer noopener\">Libya Herald<\/a>.<\/p>\n\n\n\n<p class=\"has-text-align-right\"><strong>I. B. \u00a0\u00a0<\/strong><\/p>\n","protected":false},"excerpt":{"rendered":"<p>Rencontres B2B entre des op\u00e9rateurs \u00e9conomiques libyens et Tunisiens \u00e0 Tripoli.<\/p>\n","protected":false},"author":8,"featured_media":14606560,"comment_status":"open","ping_status":"open","sticky":false,"template":"","format":"standard","meta":{"footnotes":""},"categories":[995,2433],"tags":[118889,1575,118888,6030,544,5066,919,1119,62643],"class_list":["post-14606541","post","type-post","status-publish","format-standard","has-post-thumbnail","hentry","category-economie","category-tunisie","tag-canalisations","tag-cepex","tag-chambre-de-commerce","tag-construction","tag-libye","tag-materiaux-de-construction","tag-travaux-publics","tag-tripoli","tag-tunisie"],"yoast_head":"<!-- This site is optimized with the Yoast SEO plugin v26.6 - https:\/\/yoast.com\/wordpress\/plugins\/seo\/ -->\n<title>D\u00e9l\u00e9gation commerciale tunisienne en Libye - Kapitalis<\/title>\n<meta name=\"robots\" content=\"index, follow, max-snippet:-1, max-image-preview:large, max-video-preview:-1\" \/>\n<link rel=\"canonical\" href=\"https:\/\/kapitalis.com\/tunisie\/2024\/11\/13\/delegation-commerciale-tunisienne-en-libye\/\" \/>\n<meta property=\"og:locale\" content=\"fr_FR\" \/>\n<meta property=\"og:type\" content=\"article\" \/>\n<meta property=\"og:title\" content=\"D\u00e9l\u00e9gation commerciale tunisienne en Libye - Kapitalis\" \/>\n<meta property=\"og:description\" content=\"Rencontres B2B entre des op\u00e9rateurs \u00e9conomiques libyens et Tunisiens \u00e0 Tripoli.\" \/>\n<meta property=\"og:url\" content=\"https:\/\/kapitalis.com\/tunisie\/2024\/11\/13\/delegation-commerciale-tunisienne-en-libye\/\" \/>\n<meta property=\"og:site_name\" content=\"Kapitalis\" \/>\n<meta property=\"article:publisher\" content=\"https:\/\/www.facebook.com\/KapitalisInfo\/\" \/>\n<meta property=\"article:published_time\" content=\"2024-11-13T12:18:03+00:00\" \/>\n<meta property=\"article:modified_time\" content=\"2024-11-13T12:18:04+00:00\" \/>\n<meta property=\"og:image\" content=\"https:\/\/kapitalis.com\/tunisie\/wp-content\/uploads\/2024\/11\/Cepex-Chamber-of-Tripoli.jpg\" \/>\n\t<meta property=\"og:image:width\" content=\"1200\" \/>\n\t<meta property=\"og:image:height\" content=\"630\" \/>\n\t<meta property=\"og:image:type\" content=\"image\/jpeg\" \/>\n<meta name=\"author\" content=\"webmaster kapitalis\" \/>\n<meta name=\"twitter:card\" content=\"summary_large_image\" \/>\n<meta name=\"twitter:creator\" content=\"@KapitalisInfo\" \/>\n<meta name=\"twitter:site\" content=\"@KapitalisInfo\" \/>\n<meta name=\"twitter:label1\" content=\"\u00c9crit par\" \/>\n\t<meta name=\"twitter:data1\" content=\"webmaster kapitalis\" \/>\n\t<meta name=\"twitter:label2\" content=\"Dur\u00e9e de lecture estim\u00e9e\" \/>\n\t<meta name=\"twitter:data2\" content=\"2 minutes\" \/>\n<script type=\"application\/ld+json\" class=\"yoast-schema-graph\">{\"@context\":\"https:\/\/schema.org\",\"@graph\":[{\"@type\":\"Article\",\"@id\":\"https:\/\/kapitalis.com\/tunisie\/2024\/11\/13\/delegation-commerciale-tunisienne-en-libye\/#article\",\"isPartOf\":{\"@id\":\"https:\/\/kapitalis.com\/tunisie\/2024\/11\/13\/delegation-commerciale-tunisienne-en-libye\/\"},\"author\":{\"name\":\"webmaster kapitalis\",\"@id\":\"https:\/\/kapitalis.com\/tunisie\/#\/schema\/person\/d71f33a9ca44f7bad4698210b480c8e9\"},\"headline\":\"D\u00e9l\u00e9gation commerciale tunisienne en Libye\",\"datePublished\":\"2024-11-13T12:18:03+00:00\",\"dateModified\":\"2024-11-13T12:18:04+00:00\",\"mainEntityOfPage\":{\"@id\":\"https:\/\/kapitalis.com\/tunisie\/2024\/11\/13\/delegation-commerciale-tunisienne-en-libye\/\"},\"wordCount\":253,\"commentCount\":0,\"publisher\":{\"@id\":\"https:\/\/kapitalis.com\/tunisie\/#organization\"},\"image\":{\"@id\":\"https:\/\/kapitalis.com\/tunisie\/2024\/11\/13\/delegation-commerciale-tunisienne-en-libye\/#primaryimage\"},\"thumbnailUrl\":\"https:\/\/kapitalis.com\/tunisie\/wp-content\/uploads\/2024\/11\/Cepex-Chamber-of-Tripoli.jpg\",\"keywords\":[\"canalisations\",\"Cepex\",\"Chambre de commerce\",\"construction\",\"Libye\",\"mat\u00e9riaux de construction\",\"travaux publics\",\"Tripoli\",\"Tunisie\"],\"articleSection\":[\"ECONOMIE\",\"Tunisie\"],\"inLanguage\":\"fr-FR\",\"potentialAction\":[{\"@type\":\"CommentAction\",\"name\":\"Comment\",\"target\":[\"https:\/\/kapitalis.com\/tunisie\/2024\/11\/13\/delegation-commerciale-tunisienne-en-libye\/#respond\"]}]},{\"@type\":\"WebPage\",\"@id\":\"https:\/\/kapitalis.com\/tunisie\/2024\/11\/13\/delegation-commerciale-tunisienne-en-libye\/\",\"url\":\"https:\/\/kapitalis.com\/tunisie\/2024\/11\/13\/delegation-commerciale-tunisienne-en-libye\/\",\"name\":\"D\u00e9l\u00e9gation commerciale tunisienne en Libye - Kapitalis\",\"isPartOf\":{\"@id\":\"https:\/\/kapitalis.com\/tunisie\/#website\"},\"primaryImageOfPage\":{\"@id\":\"https:\/\/kapitalis.com\/tunisie\/2024\/11\/13\/delegation-commerciale-tunisienne-en-libye\/#primaryimage\"},\"image\":{\"@id\":\"https:\/\/kapitalis.com\/tunisie\/2024\/11\/13\/delegation-commerciale-tunisienne-en-libye\/#primaryimage\"},\"thumbnailUrl\":\"https:\/\/kapitalis.com\/tunisie\/wp-content\/uploads\/2024\/11\/Cepex-Chamber-of-Tripoli.jpg\",\"datePublished\":\"2024-11-13T12:18:03+00:00\",\"dateModified\":\"2024-11-13T12:18:04+00:00\",\"breadcrumb\":{\"@id\":\"https:\/\/kapitalis.com\/tunisie\/2024\/11\/13\/delegation-commerciale-tunisienne-en-libye\/#breadcrumb\"},\"inLanguage\":\"fr-FR\",\"potentialAction\":[{\"@type\":\"ReadAction\",\"target\":[\"https:\/\/kapitalis.com\/tunisie\/2024\/11\/13\/delegation-commerciale-tunisienne-en-libye\/\"]}]},{\"@type\":\"ImageObject\",\"inLanguage\":\"fr-FR\",\"@id\":\"https:\/\/kapitalis.com\/tunisie\/2024\/11\/13\/delegation-commerciale-tunisienne-en-libye\/#primaryimage\",\"url\":\"https:\/\/kapitalis.com\/tunisie\/wp-content\/uploads\/2024\/11\/Cepex-Chamber-of-Tripoli.jpg\",\"contentUrl\":\"https:\/\/kapitalis.com\/tunisie\/wp-content\/uploads\/2024\/11\/Cepex-Chamber-of-Tripoli.jpg\",\"width\":1200,\"height\":630},{\"@type\":\"BreadcrumbList\",\"@id\":\"https:\/\/kapitalis.com\/tunisie\/2024\/11\/13\/delegation-commerciale-tunisienne-en-libye\/#breadcrumb\",\"itemListElement\":[{\"@type\":\"ListItem\",\"position\":1,\"name\":\"Accueil\",\"item\":\"https:\/\/kapitalis.com\/tunisie\/\"},{\"@type\":\"ListItem\",\"position\":2,\"name\":\"D\u00e9l\u00e9gation commerciale tunisienne en Libye\"}]},{\"@type\":\"WebSite\",\"@id\":\"https:\/\/kapitalis.com\/tunisie\/#website\",\"url\":\"https:\/\/kapitalis.com\/tunisie\/\",\"name\":\"Kapitalis\",\"description\":\"L&#039;actualit\u00e9 en Tunisie et dans le monde\",\"publisher\":{\"@id\":\"https:\/\/kapitalis.com\/tunisie\/#organization\"},\"potentialAction\":[{\"@type\":\"SearchAction\",\"target\":{\"@type\":\"EntryPoint\",\"urlTemplate\":\"https:\/\/kapitalis.com\/tunisie\/?s={search_term_string}\"},\"query-input\":{\"@type\":\"PropertyValueSpecification\",\"valueRequired\":true,\"valueName\":\"search_term_string\"}}],\"inLanguage\":\"fr-FR\"},{\"@type\":\"Organization\",\"@id\":\"https:\/\/kapitalis.com\/tunisie\/#organization\",\"name\":\"Kapitalis\",\"url\":\"https:\/\/kapitalis.com\/tunisie\/\",\"logo\":{\"@type\":\"ImageObject\",\"inLanguage\":\"fr-FR\",\"@id\":\"https:\/\/kapitalis.com\/tunisie\/#\/schema\/logo\/image\/\",\"url\":\"https:\/\/kapitalis.com\/tunisie\/wp-content\/uploads\/2022\/05\/Kapitalis-big-size.png\",\"contentUrl\":\"https:\/\/kapitalis.com\/tunisie\/wp-content\/uploads\/2022\/05\/Kapitalis-big-size.png\",\"width\":5000,\"height\":1500,\"caption\":\"Kapitalis\"},\"image\":{\"@id\":\"https:\/\/kapitalis.com\/tunisie\/#\/schema\/logo\/image\/\"},\"sameAs\":[\"https:\/\/www.facebook.com\/KapitalisInfo\/\",\"https:\/\/x.com\/KapitalisInfo\",\"https:\/\/www.youtube.com\/channel\/UC-yDYrHyfFBWWZaOw3FPg9Q\"]},{\"@type\":\"Person\",\"@id\":\"https:\/\/kapitalis.com\/tunisie\/#\/schema\/person\/d71f33a9ca44f7bad4698210b480c8e9\",\"name\":\"webmaster kapitalis\",\"url\":\"https:\/\/kapitalis.com\/tunisie\/author\/webmaster-kapitalis\/\"}]}<\/script>\n<!-- \/ Yoast SEO plugin. -->","yoast_head_json":{"title":"D\u00e9l\u00e9gation commerciale tunisienne en Libye - Kapitalis","robots":{"index":"index","follow":"follow","max-snippet":"max-snippet:-1","max-image-preview":"max-image-preview:large","max-video-preview":"max-video-preview:-1"},"canonical":"https:\/\/kapitalis.com\/tunisie\/2024\/11\/13\/delegation-commerciale-tunisienne-en-libye\/","og_locale":"fr_FR","og_type":"article","og_title":"D\u00e9l\u00e9gation commerciale tunisienne en Libye - Kapitalis","og_description":"Rencontres B2B entre des op\u00e9rateurs \u00e9conomiques libyens et Tunisiens \u00e0 Tripoli.","og_url":"https:\/\/kapitalis.com\/tunisie\/2024\/11\/13\/delegation-commerciale-tunisienne-en-libye\/","og_site_name":"Kapitalis","article_publisher":"https:\/\/www.facebook.com\/KapitalisInfo\/","article_published_time":"2024-11-13T12:18:03+00:00","article_modified_time":"2024-11-13T12:18:04+00:00","og_image":[{"width":1200,"height":630,"url":"https:\/\/kapitalis.com\/tunisie\/wp-content\/uploads\/2024\/11\/Cepex-Chamber-of-Tripoli.jpg","type":"image\/jpeg"}],"author":"webmaster kapitalis","twitter_card":"summary_large_image","twitter_creator":"@KapitalisInfo","twitter_site":"@KapitalisInfo","twitter_misc":{"\u00c9crit par":"webmaster kapitalis","Dur\u00e9e de lecture estim\u00e9e":"2 minutes"},"schema":{"@context":"https:\/\/schema.org","@graph":[{"@type":"Article","@id":"https:\/\/kapitalis.com\/tunisie\/2024\/11\/13\/delegation-commerciale-tunisienne-en-libye\/#article","isPartOf":{"@id":"https:\/\/kapitalis.com\/tunisie\/2024\/11\/13\/delegation-commerciale-tunisienne-en-libye\/"},"author":{"name":"webmaster kapitalis","@id":"https:\/\/kapitalis.com\/tunisie\/#\/schema\/person\/d71f33a9ca44f7bad4698210b480c8e9"},"headline":"D\u00e9l\u00e9gation commerciale tunisienne en Libye","datePublished":"2024-11-13T12:18:03+00:00","dateModified":"2024-11-13T12:18:04+00:00","mainEntityOfPage":{"@id":"https:\/\/kapitalis.com\/tunisie\/2024\/11\/13\/delegation-commerciale-tunisienne-en-libye\/"},"wordCount":253,"commentCount":0,"publisher":{"@id":"https:\/\/kapitalis.com\/tunisie\/#organization"},"image":{"@id":"https:\/\/kapitalis.com\/tunisie\/2024\/11\/13\/delegation-commerciale-tunisienne-en-libye\/#primaryimage"},"thumbnailUrl":"https:\/\/kapitalis.com\/tunisie\/wp-content\/uploads\/2024\/11\/Cepex-Chamber-of-Tripoli.jpg","keywords":["canalisations","Cepex","Chambre de commerce","construction","Libye","mat\u00e9riaux de construction","travaux publics","Tripoli","Tunisie"],"articleSection":["ECONOMIE","Tunisie"],"inLanguage":"fr-FR","potentialAction":[{"@type":"CommentAction","name":"Comment","target":["https:\/\/kapitalis.com\/tunisie\/2024\/11\/13\/delegation-commerciale-tunisienne-en-libye\/#respond"]}]},{"@type":"WebPage","@id":"https:\/\/kapitalis.com\/tunisie\/2024\/11\/13\/delegation-commerciale-tunisienne-en-libye\/","url":"https:\/\/kapitalis.com\/tunisie\/2024\/11\/13\/delegation-commerciale-tunisienne-en-libye\/","name":"D\u00e9l\u00e9gation commerciale tunisienne en Libye - Kapitalis","isPartOf":{"@id":"https:\/\/kapitalis.com\/tunisie\/#website"},"primaryImageOfPage":{"@id":"https:\/\/kapitalis.com\/tunisie\/2024\/11\/13\/delegation-commerciale-tunisienne-en-libye\/#primaryimage"},"image":{"@id":"https:\/\/kapitalis.com\/tunisie\/2024\/11\/13\/delegation-commerciale-tunisienne-en-libye\/#primaryimage"},"thumbnailUrl":"https:\/\/kapitalis.com\/tunisie\/wp-content\/uploads\/2024\/11\/Cepex-Chamber-of-Tripoli.jpg","datePublished":"2024-11-13T12:18:03+00:00","dateModified":"2024-11-13T12:18:04+00:00","breadcrumb":{"@id":"https:\/\/kapitalis.com\/tunisie\/2024\/11\/13\/delegation-commerciale-tunisienne-en-libye\/#breadcrumb"},"inLanguage":"fr-FR","potentialAction":[{"@type":"ReadAction","target":["https:\/\/kapitalis.com\/tunisie\/2024\/11\/13\/delegation-commerciale-tunisienne-en-libye\/"]}]},{"@type":"ImageObject","inLanguage":"fr-FR","@id":"https:\/\/kapitalis.com\/tunisie\/2024\/11\/13\/delegation-commerciale-tunisienne-en-libye\/#primaryimage","url":"https:\/\/kapitalis.com\/tunisie\/wp-content\/uploads\/2024\/11\/Cepex-Chamber-of-Tripoli.jpg","contentUrl":"https:\/\/kapitalis.com\/tunisie\/wp-content\/uploads\/2024\/11\/Cepex-Chamber-of-Tripoli.jpg","width":1200,"height":630},{"@type":"BreadcrumbList","@id":"https:\/\/kapitalis.com\/tunisie\/2024\/11\/13\/delegation-commerciale-tunisienne-en-libye\/#breadcrumb","itemListElement":[{"@type":"ListItem","position":1,"name":"Accueil","item":"https:\/\/kapitalis.com\/tunisie\/"},{"@type":"ListItem","position":2,"name":"D\u00e9l\u00e9gation commerciale tunisienne en Libye"}]},{"@type":"WebSite","@id":"https:\/\/kapitalis.com\/tunisie\/#website","url":"https:\/\/kapitalis.com\/tunisie\/","name":"Kapitalis","description":"L&#039;actualit\u00e9 en Tunisie et dans le monde","publisher":{"@id":"https:\/\/kapitalis.com\/tunisie\/#organization"},"potentialAction":[{"@type":"SearchAction","target":{"@type":"EntryPoint","urlTemplate":"https:\/\/kapitalis.com\/tunisie\/?s={search_term_string}"},"query-input":{"@type":"PropertyValueSpecification","valueRequired":true,"valueName":"search_term_string"}}],"inLanguage":"fr-FR"},{"@type":"Organization","@id":"https:\/\/kapitalis.com\/tunisie\/#organization","name":"Kapitalis","url":"https:\/\/kapitalis.com\/tunisie\/","logo":{"@type":"ImageObject","inLanguage":"fr-FR","@id":"https:\/\/kapitalis.com\/tunisie\/#\/schema\/logo\/image\/","url":"https:\/\/kapitalis.com\/tunisie\/wp-content\/uploads\/2022\/05\/Kapitalis-big-size.png","contentUrl":"https:\/\/kapitalis.com\/tunisie\/wp-content\/uploads\/2022\/05\/Kapitalis-big-size.png","width":5000,"height":1500,"caption":"Kapitalis"},"image":{"@id":"https:\/\/kapitalis.com\/tunisie\/#\/schema\/logo\/image\/"},"sameAs":["https:\/\/www.facebook.com\/KapitalisInfo\/","https:\/\/x.com\/KapitalisInfo","https:\/\/www.youtube.com\/channel\/UC-yDYrHyfFBWWZaOw3FPg9Q"]},{"@type":"Person","@id":"https:\/\/kapitalis.com\/tunisie\/#\/schema\/person\/d71f33a9ca44f7bad4698210b480c8e9","name":"webmaster kapitalis","url":"https:\/\/kapitalis.com\/tunisie\/author\/webmaster-kapitalis\/"}]}},"_links":{"self":[{"href":"https:\/\/kapitalis.com\/tunisie\/wp-json\/wp\/v2\/posts\/14606541","targetHints":{"allow":["GET"]}}],"collection":[{"href":"https:\/\/kapitalis.com\/tunisie\/wp-json\/wp\/v2\/posts"}],"about":[{"href":"https:\/\/kapitalis.com\/tunisie\/wp-json\/wp\/v2\/types\/post"}],"author":[{"embeddable":true,"href":"https:\/\/kapitalis.com\/tunisie\/wp-json\/wp\/v2\/users\/8"}],"replies":[{"embeddable":true,"href":"https:\/\/kapitalis.com\/tunisie\/wp-json\/wp\/v2\/comments?post=14606541"}],"version-history":[{"count":1,"href":"https:\/\/kapitalis.com\/tunisie\/wp-json\/wp\/v2\/posts\/14606541\/revisions"}],"predecessor-version":[{"id":14606566,"href":"https:\/\/kapitalis.com\/tunisie\/wp-json\/wp\/v2\/posts\/14606541\/revisions\/14606566"}],"wp:featuredmedia":[{"embeddable":true,"href":"https:\/\/kapitalis.com\/tunisie\/wp-json\/wp\/v2\/media\/14606560"}],"wp:attachment":[{"href":"https:\/\/kapitalis.com\/tunisie\/wp-json\/wp\/v2\/media?parent=14606541"}],"wp:term":[{"taxonomy":"category","embeddable":true,"href":"https:\/\/kapitalis.com\/tunisie\/wp-json\/wp\/v2\/categories?post=14606541"},{"taxonomy":"post_tag","embeddable":true,"href":"https:\/\/kapitalis.com\/tunisie\/wp-json\/wp\/v2\/tags?post=14606541"}],"curies":[{"name":"wp","href":"https:\/\/api.w.org\/{rel}","templated":true}]}}