{"id":146172,"date":"2018-03-30T11:01:46","date_gmt":"2018-03-30T10:01:46","guid":{"rendered":"http:\/\/kapitalis.com\/tunisie\/?p=146172"},"modified":"2018-03-30T11:02:45","modified_gmt":"2018-03-30T10:02:45","slug":"crise-a-leducation-yacoubi-opte-pour-lescalade-et-lance-des-menaces","status":"publish","type":"post","link":"https:\/\/kapitalis.com\/tunisie\/2018\/03\/30\/crise-a-leducation-yacoubi-opte-pour-lescalade-et-lance-des-menaces\/","title":{"rendered":"Crise \u00e0 l&rsquo;\u00e9ducation : Yacoubi opte pour l&rsquo;escalade et lance des menaces"},"content":{"rendered":"<p style=\"text-align: center;\"><img loading=\"lazy\" decoding=\"async\" class=\"alignnone size-full wp-image-146173\" src=\"http:\/\/kapitalis.com\/tunisie\/wp-content\/uploads\/2018\/03\/Lassaad-Yacoubi.jpg\" alt=\"\" width=\"626\" height=\"380\" \/><\/p>\n<p><em><strong>En r\u00e9ponse \u00e0 l&rsquo;ultimatum lanc\u00e9 par le ministre de l&rsquo;Education aux enseignants r\u00e9calcitrants, Lassaad Yacoubi, qui ne sait plus jusqu&rsquo;o\u00f9 ne pas aller, a r\u00e9pliqu\u00e9 que les menaces ne lui font pas peur.<\/strong><\/em><br \/>\n<!--more--><\/p>\n<p>Le secr\u00e9taire g\u00e9n\u00e9ral du Syndicat national de l&rsquo;enseignement secondaire relevant de l&rsquo;Union g\u00e9n\u00e9rale tunisienne du travail (UGTT), un homme irresponsable et dangereux, a estim\u00e9, dans une d\u00e9claration aux m\u00e9dias, jeudi 29 mars 2018, que la pr\u00e9sidence du gouvernement et le ministre de l&rsquo;Education, Hatem Ben Salem, poussent vers une ann\u00e9e blanche et aggravent la grande crise dans le secteur de l&rsquo;\u00e9ducation.<\/p>\n<p>\u00ab<em>Le syndicat de l&rsquo;enseignement secondaire prot\u00e9gera par tous les moyens l&rsquo;ann\u00e9e scolaire et les examens. Je pense que la pr\u00e9sidence du gouvernement et le ministre de l&rsquo;Education doivent revoir leurs d\u00e9cisions<\/em> (par allusion \u00e0 la menace de suspendre les salaires des enseignants refusant de remettre les notes des \u00e9l\u00e8ves aux administrations de leurs \u00e9tablissements, Ndlr). <em>S&rsquo;ils mettent en application leurs menaces, je peux vous assurez qu&rsquo;il y aura de lourdes cons\u00e9quences<\/em>\u00bb, a lanc\u00e9, sur un ton mena\u00e7ant\u00a0Lassaad Yacoubi, qui a choisi une nouvelle fois l&rsquo;escalade.<\/p>\n<p>Ne prenant pas au s\u00e9rieux les menaces de M. Ben Salem et narguant l&rsquo;Etat, qui ne s&rsquo;est jamais montr\u00e9 aussi faible, le dirigeant syndicaliste a, par ailleurs, indiqu\u00e9 que le bureau du syndicat se r\u00e9unira prochainement pour prendre les d\u00e9cisions n\u00e9cessaires pour contrer la d\u00e9cision de suspension des salaires des enseignants.<\/p>\n<p>Notons que le pr\u00e9sident de l&rsquo;Instance nationale de protection des donn\u00e9es personnelles (INPDP), Chawki Gaddes, a indiqu\u00e9 que les enseignants ayant refus\u00e9 de remettre les notes des \u00e9l\u00e8ves pourraient \u00eatre poursuivis en justice et condamn\u00e9s \u00e0 8 mois de prison.<\/p>\n<p>Rappelons aussi que la commission parlementaire de la jeunesse, des affaires culturelles et de l&rsquo;\u00e9ducation a convoqu\u00e9 le ministre de l&rsquo;Education et le secr\u00e9taire g\u00e9n\u00e9ral de l&rsquo;UGTT, Noureddine Taboubi, pour les auditionner sur la crise actuelle du secteur de l&rsquo;\u00e9ducation.<\/p>\n<p style=\"text-align: right;\"><strong>E. B. A.<\/strong><\/p>\n<blockquote class=\"wp-embedded-content\" data-secret=\"ea92kGGGQh\"><p><a href=\"https:\/\/kapitalis.com\/tunisie\/2018\/03\/28\/retenue-des-notes-les-enseignants-recalcitrants-risquent-8-mois-de-prison\/\">Retenue des notes : Les enseignants r\u00e9calcitrants risquent 8 mois de prison<\/a><\/p><\/blockquote>\n<p><iframe loading=\"lazy\" class=\"wp-embedded-content\" sandbox=\"allow-scripts\" security=\"restricted\" style=\"position: absolute; clip: rect(1px, 1px, 1px, 1px);\" title=\"\u00ab\u00a0Retenue des notes : Les enseignants r\u00e9calcitrants risquent 8 mois de prison\u00a0\u00bb &#8212; Kapitalis\" src=\"https:\/\/kapitalis.com\/tunisie\/2018\/03\/28\/retenue-des-notes-les-enseignants-recalcitrants-risquent-8-mois-de-prison\/embed\/#?secret=7LhxhITnz4#?secret=ea92kGGGQh\" data-secret=\"ea92kGGGQh\" width=\"600\" height=\"338\" frameborder=\"0\" marginwidth=\"0\" marginheight=\"0\" scrolling=\"no\"><\/iframe><\/p>\n<blockquote class=\"wp-embedded-content\" data-secret=\"HsKjrkoPl4\"><p><a href=\"https:\/\/kapitalis.com\/tunisie\/2018\/03\/29\/crise-a-leducation-ben-salem-et-taboubi-convoques-a-lassemblee\/\">Crise \u00e0 l&rsquo;\u00e9ducation : Ben Salem et Taboubi convoqu\u00e9s \u00e0 l\u2019Assembl\u00e9e<\/a><\/p><\/blockquote>\n<p><iframe loading=\"lazy\" class=\"wp-embedded-content\" sandbox=\"allow-scripts\" security=\"restricted\" style=\"position: absolute; clip: rect(1px, 1px, 1px, 1px);\" title=\"\u00ab\u00a0Crise \u00e0 l&rsquo;\u00e9ducation : Ben Salem et Taboubi convoqu\u00e9s \u00e0 l\u2019Assembl\u00e9e\u00a0\u00bb &#8212; Kapitalis\" src=\"https:\/\/kapitalis.com\/tunisie\/2018\/03\/29\/crise-a-leducation-ben-salem-et-taboubi-convoques-a-lassemblee\/embed\/#?secret=Ma9Dzu84am#?secret=HsKjrkoPl4\" data-secret=\"HsKjrkoPl4\" width=\"600\" height=\"338\" frameborder=\"0\" marginwidth=\"0\" marginheight=\"0\" scrolling=\"no\"><\/iframe><\/p>\n","protected":false},"excerpt":{"rendered":"<p>En r\u00e9ponse \u00e0 l&rsquo;ultimatum lanc\u00e9 par le ministre de l&rsquo;Education aux enseignants r\u00e9calcitrants, Lassaad Yacoubi, qui ne sait plus jusqu&rsquo;o\u00f9 ne pas aller, a r\u00e9pliqu\u00e9 que les menaces ne lui font pas peur.<\/p>\n","protected":false},"author":16,"featured_media":146173,"comment_status":"open","ping_status":"open","sticky":false,"template":"","format":"standard","meta":{"footnotes":""},"categories":[998,2433],"tags":[5616,1908,5618,17450,13153,21897],"class_list":["post-146172","post","type-post","status-publish","format-standard","has-post-thumbnail","hentry","category-societe","category-tunisie","tag-chawki-gaddes","tag-hatem-ben-salem","tag-inpdp","tag-lassaad-yacoubi","tag-notes","tag-noureddine-taboubi"],"yoast_head":"<!-- This site is optimized with the Yoast SEO plugin v26.6 - https:\/\/yoast.com\/wordpress\/plugins\/seo\/ -->\n<title>Crise \u00e0 l&#039;\u00e9ducation : Yacoubi opte pour l&#039;escalade et lance des menaces - Kapitalis<\/title>\n<meta name=\"robots\" content=\"index, follow, max-snippet:-1, max-image-preview:large, max-video-preview:-1\" \/>\n<link rel=\"canonical\" href=\"https:\/\/kapitalis.com\/tunisie\/2018\/03\/30\/crise-a-leducation-yacoubi-opte-pour-lescalade-et-lance-des-menaces\/\" \/>\n<meta property=\"og:locale\" content=\"fr_FR\" \/>\n<meta property=\"og:type\" content=\"article\" \/>\n<meta property=\"og:title\" content=\"Crise \u00e0 l&#039;\u00e9ducation : Yacoubi opte pour l&#039;escalade et lance des menaces - Kapitalis\" \/>\n<meta property=\"og:description\" content=\"En r\u00e9ponse \u00e0 l&rsquo;ultimatum lanc\u00e9 par le ministre de l&rsquo;Education aux enseignants r\u00e9calcitrants, Lassaad Yacoubi, qui ne sait plus jusqu&rsquo;o\u00f9 ne pas aller, a r\u00e9pliqu\u00e9 que les menaces ne lui font pas peur.\" \/>\n<meta property=\"og:url\" content=\"https:\/\/kapitalis.com\/tunisie\/2018\/03\/30\/crise-a-leducation-yacoubi-opte-pour-lescalade-et-lance-des-menaces\/\" \/>\n<meta property=\"og:site_name\" content=\"Kapitalis\" \/>\n<meta property=\"article:publisher\" content=\"https:\/\/www.facebook.com\/KapitalisInfo\/\" \/>\n<meta property=\"article:published_time\" content=\"2018-03-30T10:01:46+00:00\" \/>\n<meta property=\"article:modified_time\" content=\"2018-03-30T10:02:45+00:00\" \/>\n<meta property=\"og:image\" content=\"https:\/\/kapitalis.com\/tunisie\/wp-content\/uploads\/2022\/05\/kapitalis-logo-fb.png\" \/>\n\t<meta property=\"og:image:width\" content=\"1200\" \/>\n\t<meta property=\"og:image:height\" content=\"630\" \/>\n\t<meta property=\"og:image:type\" content=\"image\/png\" \/>\n<meta name=\"author\" content=\"emna benabdallah\" \/>\n<meta name=\"twitter:card\" content=\"summary_large_image\" \/>\n<meta name=\"twitter:creator\" content=\"@KapitalisInfo\" \/>\n<meta name=\"twitter:site\" content=\"@KapitalisInfo\" \/>\n<meta name=\"twitter:label1\" content=\"\u00c9crit par\" \/>\n\t<meta name=\"twitter:data1\" content=\"emna benabdallah\" \/>\n\t<meta name=\"twitter:label2\" content=\"Dur\u00e9e de lecture estim\u00e9e\" \/>\n\t<meta name=\"twitter:data2\" content=\"2 minutes\" \/>\n<script type=\"application\/ld+json\" class=\"yoast-schema-graph\">{\"@context\":\"https:\/\/schema.org\",\"@graph\":[{\"@type\":\"Article\",\"@id\":\"https:\/\/kapitalis.com\/tunisie\/2018\/03\/30\/crise-a-leducation-yacoubi-opte-pour-lescalade-et-lance-des-menaces\/#article\",\"isPartOf\":{\"@id\":\"https:\/\/kapitalis.com\/tunisie\/2018\/03\/30\/crise-a-leducation-yacoubi-opte-pour-lescalade-et-lance-des-menaces\/\"},\"author\":{\"name\":\"emna benabdallah\",\"@id\":\"https:\/\/kapitalis.com\/tunisie\/#\/schema\/person\/2c6e134b2f3369dffcd1daf5f087d28b\"},\"headline\":\"Crise \u00e0 l&rsquo;\u00e9ducation : Yacoubi opte pour l&rsquo;escalade et lance des menaces\",\"datePublished\":\"2018-03-30T10:01:46+00:00\",\"dateModified\":\"2018-03-30T10:02:45+00:00\",\"mainEntityOfPage\":{\"@id\":\"https:\/\/kapitalis.com\/tunisie\/2018\/03\/30\/crise-a-leducation-yacoubi-opte-pour-lescalade-et-lance-des-menaces\/\"},\"wordCount\":364,\"commentCount\":8,\"publisher\":{\"@id\":\"https:\/\/kapitalis.com\/tunisie\/#organization\"},\"image\":{\"@id\":\"https:\/\/kapitalis.com\/tunisie\/2018\/03\/30\/crise-a-leducation-yacoubi-opte-pour-lescalade-et-lance-des-menaces\/#primaryimage\"},\"thumbnailUrl\":\"\",\"keywords\":[\"Chawki Gaddes\",\"Hatem Ben Salem\",\"INPDP\",\"Lassaad Yacoubi\",\"notes\",\"Noureddine Taboubi\"],\"articleSection\":[\"SOCIETE\",\"Tunisie\"],\"inLanguage\":\"fr-FR\",\"potentialAction\":[{\"@type\":\"CommentAction\",\"name\":\"Comment\",\"target\":[\"https:\/\/kapitalis.com\/tunisie\/2018\/03\/30\/crise-a-leducation-yacoubi-opte-pour-lescalade-et-lance-des-menaces\/#respond\"]}]},{\"@type\":\"WebPage\",\"@id\":\"https:\/\/kapitalis.com\/tunisie\/2018\/03\/30\/crise-a-leducation-yacoubi-opte-pour-lescalade-et-lance-des-menaces\/\",\"url\":\"https:\/\/kapitalis.com\/tunisie\/2018\/03\/30\/crise-a-leducation-yacoubi-opte-pour-lescalade-et-lance-des-menaces\/\",\"name\":\"Crise \u00e0 l'\u00e9ducation : Yacoubi opte pour l'escalade et lance des menaces - Kapitalis\",\"isPartOf\":{\"@id\":\"https:\/\/kapitalis.com\/tunisie\/#website\"},\"primaryImageOfPage\":{\"@id\":\"https:\/\/kapitalis.com\/tunisie\/2018\/03\/30\/crise-a-leducation-yacoubi-opte-pour-lescalade-et-lance-des-menaces\/#primaryimage\"},\"image\":{\"@id\":\"https:\/\/kapitalis.com\/tunisie\/2018\/03\/30\/crise-a-leducation-yacoubi-opte-pour-lescalade-et-lance-des-menaces\/#primaryimage\"},\"thumbnailUrl\":\"\",\"datePublished\":\"2018-03-30T10:01:46+00:00\",\"dateModified\":\"2018-03-30T10:02:45+00:00\",\"breadcrumb\":{\"@id\":\"https:\/\/kapitalis.com\/tunisie\/2018\/03\/30\/crise-a-leducation-yacoubi-opte-pour-lescalade-et-lance-des-menaces\/#breadcrumb\"},\"inLanguage\":\"fr-FR\",\"potentialAction\":[{\"@type\":\"ReadAction\",\"target\":[\"https:\/\/kapitalis.com\/tunisie\/2018\/03\/30\/crise-a-leducation-yacoubi-opte-pour-lescalade-et-lance-des-menaces\/\"]}]},{\"@type\":\"ImageObject\",\"inLanguage\":\"fr-FR\",\"@id\":\"https:\/\/kapitalis.com\/tunisie\/2018\/03\/30\/crise-a-leducation-yacoubi-opte-pour-lescalade-et-lance-des-menaces\/#primaryimage\",\"url\":\"\",\"contentUrl\":\"\"},{\"@type\":\"BreadcrumbList\",\"@id\":\"https:\/\/kapitalis.com\/tunisie\/2018\/03\/30\/crise-a-leducation-yacoubi-opte-pour-lescalade-et-lance-des-menaces\/#breadcrumb\",\"itemListElement\":[{\"@type\":\"ListItem\",\"position\":1,\"name\":\"Accueil\",\"item\":\"https:\/\/kapitalis.com\/tunisie\/\"},{\"@type\":\"ListItem\",\"position\":2,\"name\":\"Crise \u00e0 l&rsquo;\u00e9ducation : Yacoubi opte pour l&rsquo;escalade et lance des menaces\"}]},{\"@type\":\"WebSite\",\"@id\":\"https:\/\/kapitalis.com\/tunisie\/#website\",\"url\":\"https:\/\/kapitalis.com\/tunisie\/\",\"name\":\"Kapitalis\",\"description\":\"L&#039;actualit\u00e9 en Tunisie et dans le monde\",\"publisher\":{\"@id\":\"https:\/\/kapitalis.com\/tunisie\/#organization\"},\"potentialAction\":[{\"@type\":\"SearchAction\",\"target\":{\"@type\":\"EntryPoint\",\"urlTemplate\":\"https:\/\/kapitalis.com\/tunisie\/?s={search_term_string}\"},\"query-input\":{\"@type\":\"PropertyValueSpecification\",\"valueRequired\":true,\"valueName\":\"search_term_string\"}}],\"inLanguage\":\"fr-FR\"},{\"@type\":\"Organization\",\"@id\":\"https:\/\/kapitalis.com\/tunisie\/#organization\",\"name\":\"Kapitalis\",\"url\":\"https:\/\/kapitalis.com\/tunisie\/\",\"logo\":{\"@type\":\"ImageObject\",\"inLanguage\":\"fr-FR\",\"@id\":\"https:\/\/kapitalis.com\/tunisie\/#\/schema\/logo\/image\/\",\"url\":\"https:\/\/kapitalis.com\/tunisie\/wp-content\/uploads\/2022\/05\/Kapitalis-big-size.png\",\"contentUrl\":\"https:\/\/kapitalis.com\/tunisie\/wp-content\/uploads\/2022\/05\/Kapitalis-big-size.png\",\"width\":5000,\"height\":1500,\"caption\":\"Kapitalis\"},\"image\":{\"@id\":\"https:\/\/kapitalis.com\/tunisie\/#\/schema\/logo\/image\/\"},\"sameAs\":[\"https:\/\/www.facebook.com\/KapitalisInfo\/\",\"https:\/\/x.com\/KapitalisInfo\",\"https:\/\/www.youtube.com\/channel\/UC-yDYrHyfFBWWZaOw3FPg9Q\"]},{\"@type\":\"Person\",\"@id\":\"https:\/\/kapitalis.com\/tunisie\/#\/schema\/person\/2c6e134b2f3369dffcd1daf5f087d28b\",\"name\":\"emna benabdallah\",\"url\":\"https:\/\/kapitalis.com\/tunisie\/author\/emna\/\"}]}<\/script>\n<!-- \/ Yoast SEO plugin. -->","yoast_head_json":{"title":"Crise \u00e0 l'\u00e9ducation : Yacoubi opte pour l'escalade et lance des menaces - Kapitalis","robots":{"index":"index","follow":"follow","max-snippet":"max-snippet:-1","max-image-preview":"max-image-preview:large","max-video-preview":"max-video-preview:-1"},"canonical":"https:\/\/kapitalis.com\/tunisie\/2018\/03\/30\/crise-a-leducation-yacoubi-opte-pour-lescalade-et-lance-des-menaces\/","og_locale":"fr_FR","og_type":"article","og_title":"Crise \u00e0 l'\u00e9ducation : Yacoubi opte pour l'escalade et lance des menaces - Kapitalis","og_description":"En r\u00e9ponse \u00e0 l&rsquo;ultimatum lanc\u00e9 par le ministre de l&rsquo;Education aux enseignants r\u00e9calcitrants, Lassaad Yacoubi, qui ne sait plus jusqu&rsquo;o\u00f9 ne pas aller, a r\u00e9pliqu\u00e9 que les menaces ne lui font pas peur.","og_url":"https:\/\/kapitalis.com\/tunisie\/2018\/03\/30\/crise-a-leducation-yacoubi-opte-pour-lescalade-et-lance-des-menaces\/","og_site_name":"Kapitalis","article_publisher":"https:\/\/www.facebook.com\/KapitalisInfo\/","article_published_time":"2018-03-30T10:01:46+00:00","article_modified_time":"2018-03-30T10:02:45+00:00","og_image":[{"width":1200,"height":630,"url":"https:\/\/kapitalis.com\/tunisie\/wp-content\/uploads\/2022\/05\/kapitalis-logo-fb.png","type":"image\/png"}],"author":"emna benabdallah","twitter_card":"summary_large_image","twitter_creator":"@KapitalisInfo","twitter_site":"@KapitalisInfo","twitter_misc":{"\u00c9crit par":"emna benabdallah","Dur\u00e9e de lecture estim\u00e9e":"2 minutes"},"schema":{"@context":"https:\/\/schema.org","@graph":[{"@type":"Article","@id":"https:\/\/kapitalis.com\/tunisie\/2018\/03\/30\/crise-a-leducation-yacoubi-opte-pour-lescalade-et-lance-des-menaces\/#article","isPartOf":{"@id":"https:\/\/kapitalis.com\/tunisie\/2018\/03\/30\/crise-a-leducation-yacoubi-opte-pour-lescalade-et-lance-des-menaces\/"},"author":{"name":"emna benabdallah","@id":"https:\/\/kapitalis.com\/tunisie\/#\/schema\/person\/2c6e134b2f3369dffcd1daf5f087d28b"},"headline":"Crise \u00e0 l&rsquo;\u00e9ducation : Yacoubi opte pour l&rsquo;escalade et lance des menaces","datePublished":"2018-03-30T10:01:46+00:00","dateModified":"2018-03-30T10:02:45+00:00","mainEntityOfPage":{"@id":"https:\/\/kapitalis.com\/tunisie\/2018\/03\/30\/crise-a-leducation-yacoubi-opte-pour-lescalade-et-lance-des-menaces\/"},"wordCount":364,"commentCount":8,"publisher":{"@id":"https:\/\/kapitalis.com\/tunisie\/#organization"},"image":{"@id":"https:\/\/kapitalis.com\/tunisie\/2018\/03\/30\/crise-a-leducation-yacoubi-opte-pour-lescalade-et-lance-des-menaces\/#primaryimage"},"thumbnailUrl":"","keywords":["Chawki Gaddes","Hatem Ben Salem","INPDP","Lassaad Yacoubi","notes","Noureddine Taboubi"],"articleSection":["SOCIETE","Tunisie"],"inLanguage":"fr-FR","potentialAction":[{"@type":"CommentAction","name":"Comment","target":["https:\/\/kapitalis.com\/tunisie\/2018\/03\/30\/crise-a-leducation-yacoubi-opte-pour-lescalade-et-lance-des-menaces\/#respond"]}]},{"@type":"WebPage","@id":"https:\/\/kapitalis.com\/tunisie\/2018\/03\/30\/crise-a-leducation-yacoubi-opte-pour-lescalade-et-lance-des-menaces\/","url":"https:\/\/kapitalis.com\/tunisie\/2018\/03\/30\/crise-a-leducation-yacoubi-opte-pour-lescalade-et-lance-des-menaces\/","name":"Crise \u00e0 l'\u00e9ducation : Yacoubi opte pour l'escalade et lance des menaces - Kapitalis","isPartOf":{"@id":"https:\/\/kapitalis.com\/tunisie\/#website"},"primaryImageOfPage":{"@id":"https:\/\/kapitalis.com\/tunisie\/2018\/03\/30\/crise-a-leducation-yacoubi-opte-pour-lescalade-et-lance-des-menaces\/#primaryimage"},"image":{"@id":"https:\/\/kapitalis.com\/tunisie\/2018\/03\/30\/crise-a-leducation-yacoubi-opte-pour-lescalade-et-lance-des-menaces\/#primaryimage"},"thumbnailUrl":"","datePublished":"2018-03-30T10:01:46+00:00","dateModified":"2018-03-30T10:02:45+00:00","breadcrumb":{"@id":"https:\/\/kapitalis.com\/tunisie\/2018\/03\/30\/crise-a-leducation-yacoubi-opte-pour-lescalade-et-lance-des-menaces\/#breadcrumb"},"inLanguage":"fr-FR","potentialAction":[{"@type":"ReadAction","target":["https:\/\/kapitalis.com\/tunisie\/2018\/03\/30\/crise-a-leducation-yacoubi-opte-pour-lescalade-et-lance-des-menaces\/"]}]},{"@type":"ImageObject","inLanguage":"fr-FR","@id":"https:\/\/kapitalis.com\/tunisie\/2018\/03\/30\/crise-a-leducation-yacoubi-opte-pour-lescalade-et-lance-des-menaces\/#primaryimage","url":"","contentUrl":""},{"@type":"BreadcrumbList","@id":"https:\/\/kapitalis.com\/tunisie\/2018\/03\/30\/crise-a-leducation-yacoubi-opte-pour-lescalade-et-lance-des-menaces\/#breadcrumb","itemListElement":[{"@type":"ListItem","position":1,"name":"Accueil","item":"https:\/\/kapitalis.com\/tunisie\/"},{"@type":"ListItem","position":2,"name":"Crise \u00e0 l&rsquo;\u00e9ducation : Yacoubi opte pour l&rsquo;escalade et lance des menaces"}]},{"@type":"WebSite","@id":"https:\/\/kapitalis.com\/tunisie\/#website","url":"https:\/\/kapitalis.com\/tunisie\/","name":"Kapitalis","description":"L&#039;actualit\u00e9 en Tunisie et dans le monde","publisher":{"@id":"https:\/\/kapitalis.com\/tunisie\/#organization"},"potentialAction":[{"@type":"SearchAction","target":{"@type":"EntryPoint","urlTemplate":"https:\/\/kapitalis.com\/tunisie\/?s={search_term_string}"},"query-input":{"@type":"PropertyValueSpecification","valueRequired":true,"valueName":"search_term_string"}}],"inLanguage":"fr-FR"},{"@type":"Organization","@id":"https:\/\/kapitalis.com\/tunisie\/#organization","name":"Kapitalis","url":"https:\/\/kapitalis.com\/tunisie\/","logo":{"@type":"ImageObject","inLanguage":"fr-FR","@id":"https:\/\/kapitalis.com\/tunisie\/#\/schema\/logo\/image\/","url":"https:\/\/kapitalis.com\/tunisie\/wp-content\/uploads\/2022\/05\/Kapitalis-big-size.png","contentUrl":"https:\/\/kapitalis.com\/tunisie\/wp-content\/uploads\/2022\/05\/Kapitalis-big-size.png","width":5000,"height":1500,"caption":"Kapitalis"},"image":{"@id":"https:\/\/kapitalis.com\/tunisie\/#\/schema\/logo\/image\/"},"sameAs":["https:\/\/www.facebook.com\/KapitalisInfo\/","https:\/\/x.com\/KapitalisInfo","https:\/\/www.youtube.com\/channel\/UC-yDYrHyfFBWWZaOw3FPg9Q"]},{"@type":"Person","@id":"https:\/\/kapitalis.com\/tunisie\/#\/schema\/person\/2c6e134b2f3369dffcd1daf5f087d28b","name":"emna benabdallah","url":"https:\/\/kapitalis.com\/tunisie\/author\/emna\/"}]}},"_links":{"self":[{"href":"https:\/\/kapitalis.com\/tunisie\/wp-json\/wp\/v2\/posts\/146172","targetHints":{"allow":["GET"]}}],"collection":[{"href":"https:\/\/kapitalis.com\/tunisie\/wp-json\/wp\/v2\/posts"}],"about":[{"href":"https:\/\/kapitalis.com\/tunisie\/wp-json\/wp\/v2\/types\/post"}],"author":[{"embeddable":true,"href":"https:\/\/kapitalis.com\/tunisie\/wp-json\/wp\/v2\/users\/16"}],"replies":[{"embeddable":true,"href":"https:\/\/kapitalis.com\/tunisie\/wp-json\/wp\/v2\/comments?post=146172"}],"version-history":[{"count":0,"href":"https:\/\/kapitalis.com\/tunisie\/wp-json\/wp\/v2\/posts\/146172\/revisions"}],"wp:featuredmedia":[{"embeddable":true,"href":"https:\/\/kapitalis.com\/tunisie\/wp-json\/wp\/v2\/media\/146173"}],"wp:attachment":[{"href":"https:\/\/kapitalis.com\/tunisie\/wp-json\/wp\/v2\/media?parent=146172"}],"wp:term":[{"taxonomy":"category","embeddable":true,"href":"https:\/\/kapitalis.com\/tunisie\/wp-json\/wp\/v2\/categories?post=146172"},{"taxonomy":"post_tag","embeddable":true,"href":"https:\/\/kapitalis.com\/tunisie\/wp-json\/wp\/v2\/tags?post=146172"}],"curies":[{"name":"wp","href":"https:\/\/api.w.org\/{rel}","templated":true}]}}