{"id":146264,"date":"2018-03-30T15:57:58","date_gmt":"2018-03-30T14:57:58","guid":{"rendered":"http:\/\/kapitalis.com\/tunisie\/?p=146264"},"modified":"2018-03-30T15:57:58","modified_gmt":"2018-03-30T14:57:58","slug":"la-ftf-na-pas-fete-ses-61-ans-un-oubli-revelateur","status":"publish","type":"post","link":"https:\/\/kapitalis.com\/tunisie\/2018\/03\/30\/la-ftf-na-pas-fete-ses-61-ans-un-oubli-revelateur\/","title":{"rendered":"La FTF n\u2019a pas f\u00eat\u00e9 ses 61 ans : Un oubli r\u00e9v\u00e9lateur"},"content":{"rendered":"<p style=\"text-align: center;\"><img loading=\"lazy\" decoding=\"async\" class=\"alignnone size-full wp-image-16171\" src=\"http:\/\/kapitalis.com\/tunisie\/wp-content\/uploads\/2015\/09\/ftf.jpg\" alt=\"\" width=\"626\" height=\"380\" \/><\/p>\n<p><em><strong>Le 29 mars 1957, date de cr\u00e9ation de la F\u00e9d\u00e9ration tunisienne de football, semble compl\u00e8tement tomb\u00e9e dans l\u2019oubli. Le 61e anniversaire de la fondation de cette prestigieuse instance sportive tunisienne est pass\u00e9 sous silence.<\/strong><\/em><\/p>\n<p><!--more--><\/p>\n<p>Occup\u00e9 \u00e0 f\u00eater la victoire de l\u2019\u00e9quipe de Tunisie en match amical \u00e0 Nice, contre le Costa Rica, Wadii Al Jari, pr\u00e9sident de la FTF, et son \u00e9quipe ont oubli\u00e9 de f\u00eater cet \u00e9v\u00e9nement historique du football tunisien et du sport en g\u00e9n\u00e9ral. M\u00eame pas une c\u00e9r\u00e9monie en l\u2019honneur des fondateurs et de tous les dirigeants qui ont milit\u00e9 au sein de cette honorable institution. \u00c0 commencer par son premier pr\u00e9sident, Dr Chedly Zouiten, premier chirurgien dentiste tunisien, dont les comp\u00e9tences lui ont valu d\u2019assumer plusieurs fonctions au m\u00eame moment : pr\u00e9sident, \u00e0 23 ans, de l\u2019Esp\u00e9rance sportive de Tunis (EST), membre du Comit\u00e9 olympique tunisien, de la Conf\u00e9d\u00e9ration africaine de football (CAF) et de la F\u00e9d\u00e9ration internationale en 1960&#8230;<\/p>\n<p>D\u2019autres pr\u00e9sidents et membres f\u00e9d\u00e9raux ont marqu\u00e9 l\u2019histoire la FTF comme Sadok Essoussi, Beji Mestiri, Hedi Annabi, Slim Aloulou, Abdelwahab Jemal\u2026<\/p>\n<p>Soixante et un ans se sont \u00e9coul\u00e9s depuis la fondation de la FTF, mais le bureau f\u00e9d\u00e9ral en exercice n\u2019a pas cru devoir c\u00e9l\u00e9brer l\u2019anniversaire de l\u2019institution qu\u2019il dirige, ne fut-ce que pour rendre hommage \u00e0 tous leurs pr\u00e9d\u00e9cesseurs et pour rassembler la grande famille du football, tr\u00e8s divis\u00e9e depuis un certain temps, et qui a peu d\u2019occasions de se rassembler.<\/p>\n<p>Vouloir couper avec la m\u00e9moire et l\u2019histoire est devenu, ces derni\u00e8res ann\u00e9es, une vraie gymnastique des nouveaux parvenus aux postes de direction. Mais tous les grands hommes ne peuvent jamais \u00eatre oubli\u00e9s parce qu\u2019ils ont laiss\u00e9 des traces ind\u00e9l\u00e9biles.<\/p>\n<p style=\"text-align: right;\"><strong>H. M.<\/strong><\/p>\n","protected":false},"excerpt":{"rendered":"<p>Le 29 mars 1957, date de cr\u00e9ation de la F\u00e9d\u00e9ration tunisienne de football, semble compl\u00e8tement tomb\u00e9e dans l\u2019oubli. Le 61e anniversaire de la fondation de cette prestigieuse instance sportive tunisienne est pass\u00e9 sous silence.<\/p>\n","protected":false},"author":8,"featured_media":0,"comment_status":"open","ping_status":"open","sticky":false,"template":"","format":"standard","meta":{"footnotes":""},"categories":[999,2433],"tags":[376,5208,35301],"class_list":["post-146264","post","type-post","status-publish","format-standard","hentry","category-sport","category-tunisie","tag-federation-tunisienne-de-football","tag-ftf","tag-wadii-al-jari"],"yoast_head":"<!-- This site is optimized with the Yoast SEO plugin v26.6 - https:\/\/yoast.com\/wordpress\/plugins\/seo\/ -->\n<title>La FTF n\u2019a pas f\u00eat\u00e9 ses 61 ans : Un oubli r\u00e9v\u00e9lateur - Kapitalis<\/title>\n<meta name=\"robots\" content=\"index, follow, max-snippet:-1, max-image-preview:large, max-video-preview:-1\" \/>\n<link rel=\"canonical\" href=\"https:\/\/kapitalis.com\/tunisie\/2018\/03\/30\/la-ftf-na-pas-fete-ses-61-ans-un-oubli-revelateur\/\" \/>\n<meta property=\"og:locale\" content=\"fr_FR\" \/>\n<meta property=\"og:type\" content=\"article\" \/>\n<meta property=\"og:title\" content=\"La FTF n\u2019a pas f\u00eat\u00e9 ses 61 ans : Un oubli r\u00e9v\u00e9lateur - Kapitalis\" \/>\n<meta property=\"og:description\" content=\"Le 29 mars 1957, date de cr\u00e9ation de la F\u00e9d\u00e9ration tunisienne de football, semble compl\u00e8tement tomb\u00e9e dans l\u2019oubli. Le 61e anniversaire de la fondation de cette prestigieuse instance sportive tunisienne est pass\u00e9 sous silence.\" \/>\n<meta property=\"og:url\" content=\"https:\/\/kapitalis.com\/tunisie\/2018\/03\/30\/la-ftf-na-pas-fete-ses-61-ans-un-oubli-revelateur\/\" \/>\n<meta property=\"og:site_name\" content=\"Kapitalis\" \/>\n<meta property=\"article:publisher\" content=\"https:\/\/www.facebook.com\/KapitalisInfo\/\" \/>\n<meta property=\"article:published_time\" content=\"2018-03-30T14:57:58+00:00\" \/>\n<meta property=\"og:image\" content=\"http:\/\/kapitalis.com\/tunisie\/wp-content\/uploads\/2015\/09\/ftf.jpg\" \/>\n<meta name=\"author\" content=\"webmaster kapitalis\" \/>\n<meta name=\"twitter:card\" content=\"summary_large_image\" \/>\n<meta name=\"twitter:creator\" content=\"@KapitalisInfo\" \/>\n<meta name=\"twitter:site\" content=\"@KapitalisInfo\" \/>\n<meta name=\"twitter:label1\" content=\"\u00c9crit par\" \/>\n\t<meta name=\"twitter:data1\" content=\"webmaster kapitalis\" \/>\n\t<meta name=\"twitter:label2\" content=\"Dur\u00e9e de lecture estim\u00e9e\" \/>\n\t<meta name=\"twitter:data2\" content=\"2 minutes\" \/>\n<script type=\"application\/ld+json\" class=\"yoast-schema-graph\">{\"@context\":\"https:\/\/schema.org\",\"@graph\":[{\"@type\":\"Article\",\"@id\":\"https:\/\/kapitalis.com\/tunisie\/2018\/03\/30\/la-ftf-na-pas-fete-ses-61-ans-un-oubli-revelateur\/#article\",\"isPartOf\":{\"@id\":\"https:\/\/kapitalis.com\/tunisie\/2018\/03\/30\/la-ftf-na-pas-fete-ses-61-ans-un-oubli-revelateur\/\"},\"author\":{\"name\":\"webmaster kapitalis\",\"@id\":\"https:\/\/kapitalis.com\/tunisie\/#\/schema\/person\/d71f33a9ca44f7bad4698210b480c8e9\"},\"headline\":\"La FTF n\u2019a pas f\u00eat\u00e9 ses 61 ans : Un oubli r\u00e9v\u00e9lateur\",\"datePublished\":\"2018-03-30T14:57:58+00:00\",\"mainEntityOfPage\":{\"@id\":\"https:\/\/kapitalis.com\/tunisie\/2018\/03\/30\/la-ftf-na-pas-fete-ses-61-ans-un-oubli-revelateur\/\"},\"wordCount\":336,\"commentCount\":2,\"publisher\":{\"@id\":\"https:\/\/kapitalis.com\/tunisie\/#organization\"},\"image\":{\"@id\":\"https:\/\/kapitalis.com\/tunisie\/2018\/03\/30\/la-ftf-na-pas-fete-ses-61-ans-un-oubli-revelateur\/#primaryimage\"},\"thumbnailUrl\":\"http:\/\/kapitalis.com\/tunisie\/wp-content\/uploads\/2015\/09\/ftf.jpg\",\"keywords\":[\"F\u00e9d\u00e9ration tunisienne de football\",\"FTF\",\"Wadii Al-Jari\"],\"articleSection\":[\"SPORT\",\"Tunisie\"],\"inLanguage\":\"fr-FR\",\"potentialAction\":[{\"@type\":\"CommentAction\",\"name\":\"Comment\",\"target\":[\"https:\/\/kapitalis.com\/tunisie\/2018\/03\/30\/la-ftf-na-pas-fete-ses-61-ans-un-oubli-revelateur\/#respond\"]}]},{\"@type\":\"WebPage\",\"@id\":\"https:\/\/kapitalis.com\/tunisie\/2018\/03\/30\/la-ftf-na-pas-fete-ses-61-ans-un-oubli-revelateur\/\",\"url\":\"https:\/\/kapitalis.com\/tunisie\/2018\/03\/30\/la-ftf-na-pas-fete-ses-61-ans-un-oubli-revelateur\/\",\"name\":\"La FTF n\u2019a pas f\u00eat\u00e9 ses 61 ans : Un oubli r\u00e9v\u00e9lateur - Kapitalis\",\"isPartOf\":{\"@id\":\"https:\/\/kapitalis.com\/tunisie\/#website\"},\"primaryImageOfPage\":{\"@id\":\"https:\/\/kapitalis.com\/tunisie\/2018\/03\/30\/la-ftf-na-pas-fete-ses-61-ans-un-oubli-revelateur\/#primaryimage\"},\"image\":{\"@id\":\"https:\/\/kapitalis.com\/tunisie\/2018\/03\/30\/la-ftf-na-pas-fete-ses-61-ans-un-oubli-revelateur\/#primaryimage\"},\"thumbnailUrl\":\"http:\/\/kapitalis.com\/tunisie\/wp-content\/uploads\/2015\/09\/ftf.jpg\",\"datePublished\":\"2018-03-30T14:57:58+00:00\",\"breadcrumb\":{\"@id\":\"https:\/\/kapitalis.com\/tunisie\/2018\/03\/30\/la-ftf-na-pas-fete-ses-61-ans-un-oubli-revelateur\/#breadcrumb\"},\"inLanguage\":\"fr-FR\",\"potentialAction\":[{\"@type\":\"ReadAction\",\"target\":[\"https:\/\/kapitalis.com\/tunisie\/2018\/03\/30\/la-ftf-na-pas-fete-ses-61-ans-un-oubli-revelateur\/\"]}]},{\"@type\":\"ImageObject\",\"inLanguage\":\"fr-FR\",\"@id\":\"https:\/\/kapitalis.com\/tunisie\/2018\/03\/30\/la-ftf-na-pas-fete-ses-61-ans-un-oubli-revelateur\/#primaryimage\",\"url\":\"http:\/\/kapitalis.com\/tunisie\/wp-content\/uploads\/2015\/09\/ftf.jpg\",\"contentUrl\":\"http:\/\/kapitalis.com\/tunisie\/wp-content\/uploads\/2015\/09\/ftf.jpg\"},{\"@type\":\"BreadcrumbList\",\"@id\":\"https:\/\/kapitalis.com\/tunisie\/2018\/03\/30\/la-ftf-na-pas-fete-ses-61-ans-un-oubli-revelateur\/#breadcrumb\",\"itemListElement\":[{\"@type\":\"ListItem\",\"position\":1,\"name\":\"Accueil\",\"item\":\"https:\/\/kapitalis.com\/tunisie\/\"},{\"@type\":\"ListItem\",\"position\":2,\"name\":\"La FTF n\u2019a pas f\u00eat\u00e9 ses 61 ans : Un oubli r\u00e9v\u00e9lateur\"}]},{\"@type\":\"WebSite\",\"@id\":\"https:\/\/kapitalis.com\/tunisie\/#website\",\"url\":\"https:\/\/kapitalis.com\/tunisie\/\",\"name\":\"Kapitalis\",\"description\":\"L&#039;actualit\u00e9 en Tunisie et dans le monde\",\"publisher\":{\"@id\":\"https:\/\/kapitalis.com\/tunisie\/#organization\"},\"potentialAction\":[{\"@type\":\"SearchAction\",\"target\":{\"@type\":\"EntryPoint\",\"urlTemplate\":\"https:\/\/kapitalis.com\/tunisie\/?s={search_term_string}\"},\"query-input\":{\"@type\":\"PropertyValueSpecification\",\"valueRequired\":true,\"valueName\":\"search_term_string\"}}],\"inLanguage\":\"fr-FR\"},{\"@type\":\"Organization\",\"@id\":\"https:\/\/kapitalis.com\/tunisie\/#organization\",\"name\":\"Kapitalis\",\"url\":\"https:\/\/kapitalis.com\/tunisie\/\",\"logo\":{\"@type\":\"ImageObject\",\"inLanguage\":\"fr-FR\",\"@id\":\"https:\/\/kapitalis.com\/tunisie\/#\/schema\/logo\/image\/\",\"url\":\"https:\/\/kapitalis.com\/tunisie\/wp-content\/uploads\/2022\/05\/Kapitalis-big-size.png\",\"contentUrl\":\"https:\/\/kapitalis.com\/tunisie\/wp-content\/uploads\/2022\/05\/Kapitalis-big-size.png\",\"width\":5000,\"height\":1500,\"caption\":\"Kapitalis\"},\"image\":{\"@id\":\"https:\/\/kapitalis.com\/tunisie\/#\/schema\/logo\/image\/\"},\"sameAs\":[\"https:\/\/www.facebook.com\/KapitalisInfo\/\",\"https:\/\/x.com\/KapitalisInfo\",\"https:\/\/www.youtube.com\/channel\/UC-yDYrHyfFBWWZaOw3FPg9Q\"]},{\"@type\":\"Person\",\"@id\":\"https:\/\/kapitalis.com\/tunisie\/#\/schema\/person\/d71f33a9ca44f7bad4698210b480c8e9\",\"name\":\"webmaster kapitalis\",\"url\":\"https:\/\/kapitalis.com\/tunisie\/author\/webmaster-kapitalis\/\"}]}<\/script>\n<!-- \/ Yoast SEO plugin. -->","yoast_head_json":{"title":"La FTF n\u2019a pas f\u00eat\u00e9 ses 61 ans : Un oubli r\u00e9v\u00e9lateur - Kapitalis","robots":{"index":"index","follow":"follow","max-snippet":"max-snippet:-1","max-image-preview":"max-image-preview:large","max-video-preview":"max-video-preview:-1"},"canonical":"https:\/\/kapitalis.com\/tunisie\/2018\/03\/30\/la-ftf-na-pas-fete-ses-61-ans-un-oubli-revelateur\/","og_locale":"fr_FR","og_type":"article","og_title":"La FTF n\u2019a pas f\u00eat\u00e9 ses 61 ans : Un oubli r\u00e9v\u00e9lateur - Kapitalis","og_description":"Le 29 mars 1957, date de cr\u00e9ation de la F\u00e9d\u00e9ration tunisienne de football, semble compl\u00e8tement tomb\u00e9e dans l\u2019oubli. Le 61e anniversaire de la fondation de cette prestigieuse instance sportive tunisienne est pass\u00e9 sous silence.","og_url":"https:\/\/kapitalis.com\/tunisie\/2018\/03\/30\/la-ftf-na-pas-fete-ses-61-ans-un-oubli-revelateur\/","og_site_name":"Kapitalis","article_publisher":"https:\/\/www.facebook.com\/KapitalisInfo\/","article_published_time":"2018-03-30T14:57:58+00:00","og_image":[{"url":"http:\/\/kapitalis.com\/tunisie\/wp-content\/uploads\/2015\/09\/ftf.jpg","type":"","width":"","height":""}],"author":"webmaster kapitalis","twitter_card":"summary_large_image","twitter_creator":"@KapitalisInfo","twitter_site":"@KapitalisInfo","twitter_misc":{"\u00c9crit par":"webmaster kapitalis","Dur\u00e9e de lecture estim\u00e9e":"2 minutes"},"schema":{"@context":"https:\/\/schema.org","@graph":[{"@type":"Article","@id":"https:\/\/kapitalis.com\/tunisie\/2018\/03\/30\/la-ftf-na-pas-fete-ses-61-ans-un-oubli-revelateur\/#article","isPartOf":{"@id":"https:\/\/kapitalis.com\/tunisie\/2018\/03\/30\/la-ftf-na-pas-fete-ses-61-ans-un-oubli-revelateur\/"},"author":{"name":"webmaster kapitalis","@id":"https:\/\/kapitalis.com\/tunisie\/#\/schema\/person\/d71f33a9ca44f7bad4698210b480c8e9"},"headline":"La FTF n\u2019a pas f\u00eat\u00e9 ses 61 ans : Un oubli r\u00e9v\u00e9lateur","datePublished":"2018-03-30T14:57:58+00:00","mainEntityOfPage":{"@id":"https:\/\/kapitalis.com\/tunisie\/2018\/03\/30\/la-ftf-na-pas-fete-ses-61-ans-un-oubli-revelateur\/"},"wordCount":336,"commentCount":2,"publisher":{"@id":"https:\/\/kapitalis.com\/tunisie\/#organization"},"image":{"@id":"https:\/\/kapitalis.com\/tunisie\/2018\/03\/30\/la-ftf-na-pas-fete-ses-61-ans-un-oubli-revelateur\/#primaryimage"},"thumbnailUrl":"http:\/\/kapitalis.com\/tunisie\/wp-content\/uploads\/2015\/09\/ftf.jpg","keywords":["F\u00e9d\u00e9ration tunisienne de football","FTF","Wadii Al-Jari"],"articleSection":["SPORT","Tunisie"],"inLanguage":"fr-FR","potentialAction":[{"@type":"CommentAction","name":"Comment","target":["https:\/\/kapitalis.com\/tunisie\/2018\/03\/30\/la-ftf-na-pas-fete-ses-61-ans-un-oubli-revelateur\/#respond"]}]},{"@type":"WebPage","@id":"https:\/\/kapitalis.com\/tunisie\/2018\/03\/30\/la-ftf-na-pas-fete-ses-61-ans-un-oubli-revelateur\/","url":"https:\/\/kapitalis.com\/tunisie\/2018\/03\/30\/la-ftf-na-pas-fete-ses-61-ans-un-oubli-revelateur\/","name":"La FTF n\u2019a pas f\u00eat\u00e9 ses 61 ans : Un oubli r\u00e9v\u00e9lateur - Kapitalis","isPartOf":{"@id":"https:\/\/kapitalis.com\/tunisie\/#website"},"primaryImageOfPage":{"@id":"https:\/\/kapitalis.com\/tunisie\/2018\/03\/30\/la-ftf-na-pas-fete-ses-61-ans-un-oubli-revelateur\/#primaryimage"},"image":{"@id":"https:\/\/kapitalis.com\/tunisie\/2018\/03\/30\/la-ftf-na-pas-fete-ses-61-ans-un-oubli-revelateur\/#primaryimage"},"thumbnailUrl":"http:\/\/kapitalis.com\/tunisie\/wp-content\/uploads\/2015\/09\/ftf.jpg","datePublished":"2018-03-30T14:57:58+00:00","breadcrumb":{"@id":"https:\/\/kapitalis.com\/tunisie\/2018\/03\/30\/la-ftf-na-pas-fete-ses-61-ans-un-oubli-revelateur\/#breadcrumb"},"inLanguage":"fr-FR","potentialAction":[{"@type":"ReadAction","target":["https:\/\/kapitalis.com\/tunisie\/2018\/03\/30\/la-ftf-na-pas-fete-ses-61-ans-un-oubli-revelateur\/"]}]},{"@type":"ImageObject","inLanguage":"fr-FR","@id":"https:\/\/kapitalis.com\/tunisie\/2018\/03\/30\/la-ftf-na-pas-fete-ses-61-ans-un-oubli-revelateur\/#primaryimage","url":"http:\/\/kapitalis.com\/tunisie\/wp-content\/uploads\/2015\/09\/ftf.jpg","contentUrl":"http:\/\/kapitalis.com\/tunisie\/wp-content\/uploads\/2015\/09\/ftf.jpg"},{"@type":"BreadcrumbList","@id":"https:\/\/kapitalis.com\/tunisie\/2018\/03\/30\/la-ftf-na-pas-fete-ses-61-ans-un-oubli-revelateur\/#breadcrumb","itemListElement":[{"@type":"ListItem","position":1,"name":"Accueil","item":"https:\/\/kapitalis.com\/tunisie\/"},{"@type":"ListItem","position":2,"name":"La FTF n\u2019a pas f\u00eat\u00e9 ses 61 ans : Un oubli r\u00e9v\u00e9lateur"}]},{"@type":"WebSite","@id":"https:\/\/kapitalis.com\/tunisie\/#website","url":"https:\/\/kapitalis.com\/tunisie\/","name":"Kapitalis","description":"L&#039;actualit\u00e9 en Tunisie et dans le monde","publisher":{"@id":"https:\/\/kapitalis.com\/tunisie\/#organization"},"potentialAction":[{"@type":"SearchAction","target":{"@type":"EntryPoint","urlTemplate":"https:\/\/kapitalis.com\/tunisie\/?s={search_term_string}"},"query-input":{"@type":"PropertyValueSpecification","valueRequired":true,"valueName":"search_term_string"}}],"inLanguage":"fr-FR"},{"@type":"Organization","@id":"https:\/\/kapitalis.com\/tunisie\/#organization","name":"Kapitalis","url":"https:\/\/kapitalis.com\/tunisie\/","logo":{"@type":"ImageObject","inLanguage":"fr-FR","@id":"https:\/\/kapitalis.com\/tunisie\/#\/schema\/logo\/image\/","url":"https:\/\/kapitalis.com\/tunisie\/wp-content\/uploads\/2022\/05\/Kapitalis-big-size.png","contentUrl":"https:\/\/kapitalis.com\/tunisie\/wp-content\/uploads\/2022\/05\/Kapitalis-big-size.png","width":5000,"height":1500,"caption":"Kapitalis"},"image":{"@id":"https:\/\/kapitalis.com\/tunisie\/#\/schema\/logo\/image\/"},"sameAs":["https:\/\/www.facebook.com\/KapitalisInfo\/","https:\/\/x.com\/KapitalisInfo","https:\/\/www.youtube.com\/channel\/UC-yDYrHyfFBWWZaOw3FPg9Q"]},{"@type":"Person","@id":"https:\/\/kapitalis.com\/tunisie\/#\/schema\/person\/d71f33a9ca44f7bad4698210b480c8e9","name":"webmaster kapitalis","url":"https:\/\/kapitalis.com\/tunisie\/author\/webmaster-kapitalis\/"}]}},"_links":{"self":[{"href":"https:\/\/kapitalis.com\/tunisie\/wp-json\/wp\/v2\/posts\/146264","targetHints":{"allow":["GET"]}}],"collection":[{"href":"https:\/\/kapitalis.com\/tunisie\/wp-json\/wp\/v2\/posts"}],"about":[{"href":"https:\/\/kapitalis.com\/tunisie\/wp-json\/wp\/v2\/types\/post"}],"author":[{"embeddable":true,"href":"https:\/\/kapitalis.com\/tunisie\/wp-json\/wp\/v2\/users\/8"}],"replies":[{"embeddable":true,"href":"https:\/\/kapitalis.com\/tunisie\/wp-json\/wp\/v2\/comments?post=146264"}],"version-history":[{"count":0,"href":"https:\/\/kapitalis.com\/tunisie\/wp-json\/wp\/v2\/posts\/146264\/revisions"}],"wp:attachment":[{"href":"https:\/\/kapitalis.com\/tunisie\/wp-json\/wp\/v2\/media?parent=146264"}],"wp:term":[{"taxonomy":"category","embeddable":true,"href":"https:\/\/kapitalis.com\/tunisie\/wp-json\/wp\/v2\/categories?post=146264"},{"taxonomy":"post_tag","embeddable":true,"href":"https:\/\/kapitalis.com\/tunisie\/wp-json\/wp\/v2\/tags?post=146264"}],"curies":[{"name":"wp","href":"https:\/\/api.w.org\/{rel}","templated":true}]}}