{"id":14629188,"date":"2024-11-15T13:42:29","date_gmt":"2024-11-15T12:42:29","guid":{"rendered":"https:\/\/kapitalis.com\/tunisie\/?p=14629188"},"modified":"2024-11-16T10:06:05","modified_gmt":"2024-11-16T09:06:05","slug":"le-37e-marathon-comar-courons-pour-une-tunisie-plus-verte","status":"publish","type":"post","link":"https:\/\/kapitalis.com\/tunisie\/2024\/11\/15\/le-37e-marathon-comar-courons-pour-une-tunisie-plus-verte\/","title":{"rendered":"Le 37e Marathon Comar\u00a0: \u00abCourons pour une Tunisie plus verte\u00a0!\u00bb"},"content":{"rendered":"\n<p><strong><em>Le 37<sup>e<\/sup> Marathon Comar de Tunis-Carthage se tiendra le dimanche 1<sup>er<\/sup> d\u00e9cembre 2024, avec la participation de plusieurs milliers de coureurs, athl\u00e8tes professionnels, amateurs de course \u00e0 pied, coureurs du dimanche, hommes, femmes et enfants.<\/em><\/strong><\/p>\n\n\n\n<!--more-->\n\n\n\n<p>Pour pr\u00e9senter les grands axes du programme de cet \u00e9v\u00e9nement \u00e0 port\u00e9e internationale, et qui draine chaque ann\u00e9e un millier de participants \u00e9trangers, dont plusieurs viennent accompagn\u00e9s de membres de leur famille, les Assurances Comar ont organis\u00e9, ce vendredi 15 novembre 2024, une conf\u00e9rence de presse, \u00e0 l\u2019h\u00f4tel Majestic \u00e0 Tunis, donn\u00e9e par le pr\u00e9sident du comit\u00e9 d\u2019organisation du marathon, Lotfi Belhaj Kacem, directeur g\u00e9n\u00e9ral des Assurances Comar, qui \u00e9tait entour\u00e9 des repr\u00e9sentants des diff\u00e9rentes parties prenantes dans l\u2019organisation&nbsp;: sponsors, partenaires institutionnels, associatifs, m\u00e9diatiques, etc. &nbsp;<\/p>\n\n\n\n<p>La comp\u00e9tition sportive est constitu\u00e9e de quatre courses&nbsp;: le marathon proprement dit de 42,195 Km&nbsp; ouvert aux athl\u00e8tes professionnels exp\u00e9riment\u00e9s, le semi-marathon de 21,1 Km pour les amateurs de course \u00e0 pied, la course pour tous de 5 km et le Kid Marathon, une course pour enfant, dont le but est d\u2019affermir l\u2019esprit de famille et l\u2019ambiance conviviale et festive souvent li\u00e9 \u00e0 un tel \u00e9v\u00e9nement.<\/p>\n\n\n<div class=\"wp-block-image\">\n<figure class=\"aligncenter size-large is-resized\"><img loading=\"lazy\" decoding=\"async\" width=\"1024\" height=\"538\" src=\"https:\/\/kapitalis.com\/tunisie\/wp-content\/uploads\/2024\/11\/Marathon-Comar-CP-1024x538.jpg\" alt=\"\" class=\"wp-image-14632518\" style=\"width:800px\" srcset=\"https:\/\/kapitalis.com\/tunisie\/wp-content\/uploads\/2024\/11\/Marathon-Comar-CP-1024x538.jpg 1024w, https:\/\/kapitalis.com\/tunisie\/wp-content\/uploads\/2024\/11\/Marathon-Comar-CP-300x158.jpg 300w, https:\/\/kapitalis.com\/tunisie\/wp-content\/uploads\/2024\/11\/Marathon-Comar-CP-768x403.jpg 768w, https:\/\/kapitalis.com\/tunisie\/wp-content\/uploads\/2024\/11\/Marathon-Comar-CP-580x305.jpg 580w, https:\/\/kapitalis.com\/tunisie\/wp-content\/uploads\/2024\/11\/Marathon-Comar-CP-860x452.jpg 860w, https:\/\/kapitalis.com\/tunisie\/wp-content\/uploads\/2024\/11\/Marathon-Comar-CP-1160x609.jpg 1160w, https:\/\/kapitalis.com\/tunisie\/wp-content\/uploads\/2024\/11\/Marathon-Comar-CP.jpg 1200w\" sizes=\"auto, (max-width: 1024px) 100vw, 1024px\" \/><\/figure>\n<\/div>\n\n\n<p>La dimension sportive de l\u2019\u00e9v\u00e9nement est assur\u00e9e par la participation des meilleur.e.s marathonien.ne.s en Tunisie et dans le monde, mais le Marathon Comar de Tunis-Carthage n\u2019est pas que cela. C\u2019est aussi une manifestation populaire, culturelle, touristique et m\u00eame \u00e9cologique, puisque les organisateurs font du respect de l\u2019environnement et de la r\u00e9duction de l\u2019empreinte carbone un choix strat\u00e9gique qu\u2019ils s\u2019emploient \u00e0 mettre en \u0153uvre depuis plusieurs ann\u00e9es, comme l\u2019a soulign\u00e9 M. Haj Kacem.<\/p>\n\n\n\n<p>Ce souci se retrouve \u00e0 toutes les \u00e9tapes et dans tous les aspects de la course, explique-t-il, des maillots distribu\u00e9s aux coureurs, fabriqu\u00e9s localement avec des tissus recyclables, \u00e0 l\u2019op\u00e9ration de reboisement qui va permettre de planter quelque 10&nbsp;000 arbres afin de faire face aux d\u00e9g\u00e2ts des incendies des for\u00eats et de la d\u00e9forestation caus\u00e9e par la s\u00e9cheresse et le r\u00e9chauffement climatique, en passant par le nettoyage des parcours apr\u00e8s le passage des coureurs, afin que la ville retrouve sa propret\u00e9 aussit\u00f4t la course finie, les m\u00e9dailles distribu\u00e9s et les plus m\u00e9ritants parmi les athl\u00e8tes r\u00e9compens\u00e9s pour leur effort. &nbsp;&nbsp;<\/p>\n\n\n<div class=\"wp-block-image\">\n<figure class=\"aligncenter size-large\"><img loading=\"lazy\" decoding=\"async\" width=\"1024\" height=\"538\" src=\"https:\/\/kapitalis.com\/tunisie\/wp-content\/uploads\/2024\/11\/Marathon-Comar-CP-2-1024x538.jpg\" alt=\"\" class=\"wp-image-14632522\" srcset=\"https:\/\/kapitalis.com\/tunisie\/wp-content\/uploads\/2024\/11\/Marathon-Comar-CP-2-1024x538.jpg 1024w, https:\/\/kapitalis.com\/tunisie\/wp-content\/uploads\/2024\/11\/Marathon-Comar-CP-2-300x158.jpg 300w, https:\/\/kapitalis.com\/tunisie\/wp-content\/uploads\/2024\/11\/Marathon-Comar-CP-2-768x403.jpg 768w, https:\/\/kapitalis.com\/tunisie\/wp-content\/uploads\/2024\/11\/Marathon-Comar-CP-2-580x305.jpg 580w, https:\/\/kapitalis.com\/tunisie\/wp-content\/uploads\/2024\/11\/Marathon-Comar-CP-2-860x452.jpg 860w, https:\/\/kapitalis.com\/tunisie\/wp-content\/uploads\/2024\/11\/Marathon-Comar-CP-2-1160x609.jpg 1160w, https:\/\/kapitalis.com\/tunisie\/wp-content\/uploads\/2024\/11\/Marathon-Comar-CP-2.jpg 1200w\" sizes=\"auto, (max-width: 1024px) 100vw, 1024px\" \/><\/figure>\n<\/div>\n\n\n<p>Le Marathon Comar de Tunis-Carthage est d\u2019ailleurs mis sous le slogan <em>\u00abCourons pour une Tunisie plus verte&nbsp;!\u00bb<\/em>, lequel est d\u00e9clin\u00e9 dans tous les supports de communication du marathon&nbsp;: spots vid\u00e9o, affichage urbain, d\u00e9pliants, etc., une mani\u00e8re de contribuer \u00e0 la prise de conscience globale de la n\u00e9cessaire pr\u00e9servation de l&rsquo;environnement. <\/p>\n\n\n\n<p>Nous y reviendrons\u2026 <\/p>\n\n\n\n<p class=\"has-text-align-right\"><strong>I. B.<\/strong> <\/p>\n","protected":false},"excerpt":{"rendered":"<p>Le 37e Marathon Comar de Tunis-Carthage se tiendra le dimanche 1er d\u00e9cembre 2024, dans une ambiance sportive et festive. <\/p>\n","protected":false},"author":8,"featured_media":14629208,"comment_status":"open","ping_status":"open","sticky":false,"template":"","format":"standard","meta":{"footnotes":""},"categories":[999,2433],"tags":[22214,82992,7573],"class_list":["post-14629188","post","type-post","status-publish","format-standard","has-post-thumbnail","hentry","category-sport","category-tunisie","tag-assurances-comar","tag-lotfi-belhaj-kacem","tag-marathon-comar"],"yoast_head":"<!-- This site is optimized with the Yoast SEO plugin v26.6 - https:\/\/yoast.com\/wordpress\/plugins\/seo\/ -->\n<title>Le 37e Marathon Comar\u00a0: \u00abCourons pour une Tunisie plus verte\u00a0!\u00bb - Kapitalis<\/title>\n<meta name=\"robots\" content=\"index, follow, max-snippet:-1, max-image-preview:large, max-video-preview:-1\" \/>\n<link rel=\"canonical\" href=\"https:\/\/kapitalis.com\/tunisie\/2024\/11\/15\/le-37e-marathon-comar-courons-pour-une-tunisie-plus-verte\/\" \/>\n<meta property=\"og:locale\" content=\"fr_FR\" \/>\n<meta property=\"og:type\" content=\"article\" \/>\n<meta property=\"og:title\" content=\"Le 37e Marathon Comar\u00a0: \u00abCourons pour une Tunisie plus verte\u00a0!\u00bb - Kapitalis\" \/>\n<meta property=\"og:description\" content=\"Le 37e Marathon Comar de Tunis-Carthage se tiendra le dimanche 1er d\u00e9cembre 2024, dans une ambiance sportive et festive.\" \/>\n<meta property=\"og:url\" content=\"https:\/\/kapitalis.com\/tunisie\/2024\/11\/15\/le-37e-marathon-comar-courons-pour-une-tunisie-plus-verte\/\" \/>\n<meta property=\"og:site_name\" content=\"Kapitalis\" \/>\n<meta property=\"article:publisher\" content=\"https:\/\/www.facebook.com\/KapitalisInfo\/\" \/>\n<meta property=\"article:published_time\" content=\"2024-11-15T12:42:29+00:00\" \/>\n<meta property=\"article:modified_time\" content=\"2024-11-16T09:06:05+00:00\" \/>\n<meta property=\"og:image\" content=\"https:\/\/kapitalis.com\/tunisie\/wp-content\/uploads\/2024\/11\/37e-Marathon-Comar.jpg\" \/>\n\t<meta property=\"og:image:width\" content=\"1200\" \/>\n\t<meta property=\"og:image:height\" content=\"630\" \/>\n\t<meta property=\"og:image:type\" content=\"image\/jpeg\" \/>\n<meta name=\"author\" content=\"webmaster kapitalis\" \/>\n<meta name=\"twitter:card\" content=\"summary_large_image\" \/>\n<meta name=\"twitter:creator\" content=\"@KapitalisInfo\" \/>\n<meta name=\"twitter:site\" content=\"@KapitalisInfo\" \/>\n<meta name=\"twitter:label1\" content=\"\u00c9crit par\" \/>\n\t<meta name=\"twitter:data1\" content=\"webmaster kapitalis\" \/>\n\t<meta name=\"twitter:label2\" content=\"Dur\u00e9e de lecture estim\u00e9e\" \/>\n\t<meta name=\"twitter:data2\" content=\"3 minutes\" \/>\n<script type=\"application\/ld+json\" class=\"yoast-schema-graph\">{\"@context\":\"https:\/\/schema.org\",\"@graph\":[{\"@type\":\"Article\",\"@id\":\"https:\/\/kapitalis.com\/tunisie\/2024\/11\/15\/le-37e-marathon-comar-courons-pour-une-tunisie-plus-verte\/#article\",\"isPartOf\":{\"@id\":\"https:\/\/kapitalis.com\/tunisie\/2024\/11\/15\/le-37e-marathon-comar-courons-pour-une-tunisie-plus-verte\/\"},\"author\":{\"name\":\"webmaster kapitalis\",\"@id\":\"https:\/\/kapitalis.com\/tunisie\/#\/schema\/person\/d71f33a9ca44f7bad4698210b480c8e9\"},\"headline\":\"Le 37e Marathon Comar\u00a0: \u00abCourons pour une Tunisie plus verte\u00a0!\u00bb\",\"datePublished\":\"2024-11-15T12:42:29+00:00\",\"dateModified\":\"2024-11-16T09:06:05+00:00\",\"mainEntityOfPage\":{\"@id\":\"https:\/\/kapitalis.com\/tunisie\/2024\/11\/15\/le-37e-marathon-comar-courons-pour-une-tunisie-plus-verte\/\"},\"wordCount\":486,\"commentCount\":0,\"publisher\":{\"@id\":\"https:\/\/kapitalis.com\/tunisie\/#organization\"},\"image\":{\"@id\":\"https:\/\/kapitalis.com\/tunisie\/2024\/11\/15\/le-37e-marathon-comar-courons-pour-une-tunisie-plus-verte\/#primaryimage\"},\"thumbnailUrl\":\"https:\/\/kapitalis.com\/tunisie\/wp-content\/uploads\/2024\/11\/37e-Marathon-Comar.jpg\",\"keywords\":[\"Assurances Comar\",\"Lotfi Belhaj Kacem\",\"Marathon Comar\"],\"articleSection\":[\"SPORT\",\"Tunisie\"],\"inLanguage\":\"fr-FR\",\"potentialAction\":[{\"@type\":\"CommentAction\",\"name\":\"Comment\",\"target\":[\"https:\/\/kapitalis.com\/tunisie\/2024\/11\/15\/le-37e-marathon-comar-courons-pour-une-tunisie-plus-verte\/#respond\"]}]},{\"@type\":\"WebPage\",\"@id\":\"https:\/\/kapitalis.com\/tunisie\/2024\/11\/15\/le-37e-marathon-comar-courons-pour-une-tunisie-plus-verte\/\",\"url\":\"https:\/\/kapitalis.com\/tunisie\/2024\/11\/15\/le-37e-marathon-comar-courons-pour-une-tunisie-plus-verte\/\",\"name\":\"Le 37e Marathon Comar\u00a0: \u00abCourons pour une Tunisie plus verte\u00a0!\u00bb - Kapitalis\",\"isPartOf\":{\"@id\":\"https:\/\/kapitalis.com\/tunisie\/#website\"},\"primaryImageOfPage\":{\"@id\":\"https:\/\/kapitalis.com\/tunisie\/2024\/11\/15\/le-37e-marathon-comar-courons-pour-une-tunisie-plus-verte\/#primaryimage\"},\"image\":{\"@id\":\"https:\/\/kapitalis.com\/tunisie\/2024\/11\/15\/le-37e-marathon-comar-courons-pour-une-tunisie-plus-verte\/#primaryimage\"},\"thumbnailUrl\":\"https:\/\/kapitalis.com\/tunisie\/wp-content\/uploads\/2024\/11\/37e-Marathon-Comar.jpg\",\"datePublished\":\"2024-11-15T12:42:29+00:00\",\"dateModified\":\"2024-11-16T09:06:05+00:00\",\"breadcrumb\":{\"@id\":\"https:\/\/kapitalis.com\/tunisie\/2024\/11\/15\/le-37e-marathon-comar-courons-pour-une-tunisie-plus-verte\/#breadcrumb\"},\"inLanguage\":\"fr-FR\",\"potentialAction\":[{\"@type\":\"ReadAction\",\"target\":[\"https:\/\/kapitalis.com\/tunisie\/2024\/11\/15\/le-37e-marathon-comar-courons-pour-une-tunisie-plus-verte\/\"]}]},{\"@type\":\"ImageObject\",\"inLanguage\":\"fr-FR\",\"@id\":\"https:\/\/kapitalis.com\/tunisie\/2024\/11\/15\/le-37e-marathon-comar-courons-pour-une-tunisie-plus-verte\/#primaryimage\",\"url\":\"https:\/\/kapitalis.com\/tunisie\/wp-content\/uploads\/2024\/11\/37e-Marathon-Comar.jpg\",\"contentUrl\":\"https:\/\/kapitalis.com\/tunisie\/wp-content\/uploads\/2024\/11\/37e-Marathon-Comar.jpg\",\"width\":1200,\"height\":630},{\"@type\":\"BreadcrumbList\",\"@id\":\"https:\/\/kapitalis.com\/tunisie\/2024\/11\/15\/le-37e-marathon-comar-courons-pour-une-tunisie-plus-verte\/#breadcrumb\",\"itemListElement\":[{\"@type\":\"ListItem\",\"position\":1,\"name\":\"Accueil\",\"item\":\"https:\/\/kapitalis.com\/tunisie\/\"},{\"@type\":\"ListItem\",\"position\":2,\"name\":\"Le 37e Marathon Comar\u00a0: \u00abCourons pour une Tunisie plus verte\u00a0!\u00bb\"}]},{\"@type\":\"WebSite\",\"@id\":\"https:\/\/kapitalis.com\/tunisie\/#website\",\"url\":\"https:\/\/kapitalis.com\/tunisie\/\",\"name\":\"Kapitalis\",\"description\":\"L&#039;actualit\u00e9 en Tunisie et dans le monde\",\"publisher\":{\"@id\":\"https:\/\/kapitalis.com\/tunisie\/#organization\"},\"potentialAction\":[{\"@type\":\"SearchAction\",\"target\":{\"@type\":\"EntryPoint\",\"urlTemplate\":\"https:\/\/kapitalis.com\/tunisie\/?s={search_term_string}\"},\"query-input\":{\"@type\":\"PropertyValueSpecification\",\"valueRequired\":true,\"valueName\":\"search_term_string\"}}],\"inLanguage\":\"fr-FR\"},{\"@type\":\"Organization\",\"@id\":\"https:\/\/kapitalis.com\/tunisie\/#organization\",\"name\":\"Kapitalis\",\"url\":\"https:\/\/kapitalis.com\/tunisie\/\",\"logo\":{\"@type\":\"ImageObject\",\"inLanguage\":\"fr-FR\",\"@id\":\"https:\/\/kapitalis.com\/tunisie\/#\/schema\/logo\/image\/\",\"url\":\"https:\/\/kapitalis.com\/tunisie\/wp-content\/uploads\/2022\/05\/Kapitalis-big-size.png\",\"contentUrl\":\"https:\/\/kapitalis.com\/tunisie\/wp-content\/uploads\/2022\/05\/Kapitalis-big-size.png\",\"width\":5000,\"height\":1500,\"caption\":\"Kapitalis\"},\"image\":{\"@id\":\"https:\/\/kapitalis.com\/tunisie\/#\/schema\/logo\/image\/\"},\"sameAs\":[\"https:\/\/www.facebook.com\/KapitalisInfo\/\",\"https:\/\/x.com\/KapitalisInfo\",\"https:\/\/www.youtube.com\/channel\/UC-yDYrHyfFBWWZaOw3FPg9Q\"]},{\"@type\":\"Person\",\"@id\":\"https:\/\/kapitalis.com\/tunisie\/#\/schema\/person\/d71f33a9ca44f7bad4698210b480c8e9\",\"name\":\"webmaster kapitalis\",\"url\":\"https:\/\/kapitalis.com\/tunisie\/author\/webmaster-kapitalis\/\"}]}<\/script>\n<!-- \/ Yoast SEO plugin. -->","yoast_head_json":{"title":"Le 37e Marathon Comar\u00a0: \u00abCourons pour une Tunisie plus verte\u00a0!\u00bb - Kapitalis","robots":{"index":"index","follow":"follow","max-snippet":"max-snippet:-1","max-image-preview":"max-image-preview:large","max-video-preview":"max-video-preview:-1"},"canonical":"https:\/\/kapitalis.com\/tunisie\/2024\/11\/15\/le-37e-marathon-comar-courons-pour-une-tunisie-plus-verte\/","og_locale":"fr_FR","og_type":"article","og_title":"Le 37e Marathon Comar\u00a0: \u00abCourons pour une Tunisie plus verte\u00a0!\u00bb - Kapitalis","og_description":"Le 37e Marathon Comar de Tunis-Carthage se tiendra le dimanche 1er d\u00e9cembre 2024, dans une ambiance sportive et festive.","og_url":"https:\/\/kapitalis.com\/tunisie\/2024\/11\/15\/le-37e-marathon-comar-courons-pour-une-tunisie-plus-verte\/","og_site_name":"Kapitalis","article_publisher":"https:\/\/www.facebook.com\/KapitalisInfo\/","article_published_time":"2024-11-15T12:42:29+00:00","article_modified_time":"2024-11-16T09:06:05+00:00","og_image":[{"width":1200,"height":630,"url":"https:\/\/kapitalis.com\/tunisie\/wp-content\/uploads\/2024\/11\/37e-Marathon-Comar.jpg","type":"image\/jpeg"}],"author":"webmaster kapitalis","twitter_card":"summary_large_image","twitter_creator":"@KapitalisInfo","twitter_site":"@KapitalisInfo","twitter_misc":{"\u00c9crit par":"webmaster kapitalis","Dur\u00e9e de lecture estim\u00e9e":"3 minutes"},"schema":{"@context":"https:\/\/schema.org","@graph":[{"@type":"Article","@id":"https:\/\/kapitalis.com\/tunisie\/2024\/11\/15\/le-37e-marathon-comar-courons-pour-une-tunisie-plus-verte\/#article","isPartOf":{"@id":"https:\/\/kapitalis.com\/tunisie\/2024\/11\/15\/le-37e-marathon-comar-courons-pour-une-tunisie-plus-verte\/"},"author":{"name":"webmaster kapitalis","@id":"https:\/\/kapitalis.com\/tunisie\/#\/schema\/person\/d71f33a9ca44f7bad4698210b480c8e9"},"headline":"Le 37e Marathon Comar\u00a0: \u00abCourons pour une Tunisie plus verte\u00a0!\u00bb","datePublished":"2024-11-15T12:42:29+00:00","dateModified":"2024-11-16T09:06:05+00:00","mainEntityOfPage":{"@id":"https:\/\/kapitalis.com\/tunisie\/2024\/11\/15\/le-37e-marathon-comar-courons-pour-une-tunisie-plus-verte\/"},"wordCount":486,"commentCount":0,"publisher":{"@id":"https:\/\/kapitalis.com\/tunisie\/#organization"},"image":{"@id":"https:\/\/kapitalis.com\/tunisie\/2024\/11\/15\/le-37e-marathon-comar-courons-pour-une-tunisie-plus-verte\/#primaryimage"},"thumbnailUrl":"https:\/\/kapitalis.com\/tunisie\/wp-content\/uploads\/2024\/11\/37e-Marathon-Comar.jpg","keywords":["Assurances Comar","Lotfi Belhaj Kacem","Marathon Comar"],"articleSection":["SPORT","Tunisie"],"inLanguage":"fr-FR","potentialAction":[{"@type":"CommentAction","name":"Comment","target":["https:\/\/kapitalis.com\/tunisie\/2024\/11\/15\/le-37e-marathon-comar-courons-pour-une-tunisie-plus-verte\/#respond"]}]},{"@type":"WebPage","@id":"https:\/\/kapitalis.com\/tunisie\/2024\/11\/15\/le-37e-marathon-comar-courons-pour-une-tunisie-plus-verte\/","url":"https:\/\/kapitalis.com\/tunisie\/2024\/11\/15\/le-37e-marathon-comar-courons-pour-une-tunisie-plus-verte\/","name":"Le 37e Marathon Comar\u00a0: \u00abCourons pour une Tunisie plus verte\u00a0!\u00bb - Kapitalis","isPartOf":{"@id":"https:\/\/kapitalis.com\/tunisie\/#website"},"primaryImageOfPage":{"@id":"https:\/\/kapitalis.com\/tunisie\/2024\/11\/15\/le-37e-marathon-comar-courons-pour-une-tunisie-plus-verte\/#primaryimage"},"image":{"@id":"https:\/\/kapitalis.com\/tunisie\/2024\/11\/15\/le-37e-marathon-comar-courons-pour-une-tunisie-plus-verte\/#primaryimage"},"thumbnailUrl":"https:\/\/kapitalis.com\/tunisie\/wp-content\/uploads\/2024\/11\/37e-Marathon-Comar.jpg","datePublished":"2024-11-15T12:42:29+00:00","dateModified":"2024-11-16T09:06:05+00:00","breadcrumb":{"@id":"https:\/\/kapitalis.com\/tunisie\/2024\/11\/15\/le-37e-marathon-comar-courons-pour-une-tunisie-plus-verte\/#breadcrumb"},"inLanguage":"fr-FR","potentialAction":[{"@type":"ReadAction","target":["https:\/\/kapitalis.com\/tunisie\/2024\/11\/15\/le-37e-marathon-comar-courons-pour-une-tunisie-plus-verte\/"]}]},{"@type":"ImageObject","inLanguage":"fr-FR","@id":"https:\/\/kapitalis.com\/tunisie\/2024\/11\/15\/le-37e-marathon-comar-courons-pour-une-tunisie-plus-verte\/#primaryimage","url":"https:\/\/kapitalis.com\/tunisie\/wp-content\/uploads\/2024\/11\/37e-Marathon-Comar.jpg","contentUrl":"https:\/\/kapitalis.com\/tunisie\/wp-content\/uploads\/2024\/11\/37e-Marathon-Comar.jpg","width":1200,"height":630},{"@type":"BreadcrumbList","@id":"https:\/\/kapitalis.com\/tunisie\/2024\/11\/15\/le-37e-marathon-comar-courons-pour-une-tunisie-plus-verte\/#breadcrumb","itemListElement":[{"@type":"ListItem","position":1,"name":"Accueil","item":"https:\/\/kapitalis.com\/tunisie\/"},{"@type":"ListItem","position":2,"name":"Le 37e Marathon Comar\u00a0: \u00abCourons pour une Tunisie plus verte\u00a0!\u00bb"}]},{"@type":"WebSite","@id":"https:\/\/kapitalis.com\/tunisie\/#website","url":"https:\/\/kapitalis.com\/tunisie\/","name":"Kapitalis","description":"L&#039;actualit\u00e9 en Tunisie et dans le monde","publisher":{"@id":"https:\/\/kapitalis.com\/tunisie\/#organization"},"potentialAction":[{"@type":"SearchAction","target":{"@type":"EntryPoint","urlTemplate":"https:\/\/kapitalis.com\/tunisie\/?s={search_term_string}"},"query-input":{"@type":"PropertyValueSpecification","valueRequired":true,"valueName":"search_term_string"}}],"inLanguage":"fr-FR"},{"@type":"Organization","@id":"https:\/\/kapitalis.com\/tunisie\/#organization","name":"Kapitalis","url":"https:\/\/kapitalis.com\/tunisie\/","logo":{"@type":"ImageObject","inLanguage":"fr-FR","@id":"https:\/\/kapitalis.com\/tunisie\/#\/schema\/logo\/image\/","url":"https:\/\/kapitalis.com\/tunisie\/wp-content\/uploads\/2022\/05\/Kapitalis-big-size.png","contentUrl":"https:\/\/kapitalis.com\/tunisie\/wp-content\/uploads\/2022\/05\/Kapitalis-big-size.png","width":5000,"height":1500,"caption":"Kapitalis"},"image":{"@id":"https:\/\/kapitalis.com\/tunisie\/#\/schema\/logo\/image\/"},"sameAs":["https:\/\/www.facebook.com\/KapitalisInfo\/","https:\/\/x.com\/KapitalisInfo","https:\/\/www.youtube.com\/channel\/UC-yDYrHyfFBWWZaOw3FPg9Q"]},{"@type":"Person","@id":"https:\/\/kapitalis.com\/tunisie\/#\/schema\/person\/d71f33a9ca44f7bad4698210b480c8e9","name":"webmaster kapitalis","url":"https:\/\/kapitalis.com\/tunisie\/author\/webmaster-kapitalis\/"}]}},"_links":{"self":[{"href":"https:\/\/kapitalis.com\/tunisie\/wp-json\/wp\/v2\/posts\/14629188","targetHints":{"allow":["GET"]}}],"collection":[{"href":"https:\/\/kapitalis.com\/tunisie\/wp-json\/wp\/v2\/posts"}],"about":[{"href":"https:\/\/kapitalis.com\/tunisie\/wp-json\/wp\/v2\/types\/post"}],"author":[{"embeddable":true,"href":"https:\/\/kapitalis.com\/tunisie\/wp-json\/wp\/v2\/users\/8"}],"replies":[{"embeddable":true,"href":"https:\/\/kapitalis.com\/tunisie\/wp-json\/wp\/v2\/comments?post=14629188"}],"version-history":[{"count":2,"href":"https:\/\/kapitalis.com\/tunisie\/wp-json\/wp\/v2\/posts\/14629188\/revisions"}],"predecessor-version":[{"id":14632523,"href":"https:\/\/kapitalis.com\/tunisie\/wp-json\/wp\/v2\/posts\/14629188\/revisions\/14632523"}],"wp:featuredmedia":[{"embeddable":true,"href":"https:\/\/kapitalis.com\/tunisie\/wp-json\/wp\/v2\/media\/14629208"}],"wp:attachment":[{"href":"https:\/\/kapitalis.com\/tunisie\/wp-json\/wp\/v2\/media?parent=14629188"}],"wp:term":[{"taxonomy":"category","embeddable":true,"href":"https:\/\/kapitalis.com\/tunisie\/wp-json\/wp\/v2\/categories?post=14629188"},{"taxonomy":"post_tag","embeddable":true,"href":"https:\/\/kapitalis.com\/tunisie\/wp-json\/wp\/v2\/tags?post=14629188"}],"curies":[{"name":"wp","href":"https:\/\/api.w.org\/{rel}","templated":true}]}}