{"id":14643176,"date":"2024-11-17T12:11:11","date_gmt":"2024-11-17T11:11:11","guid":{"rendered":"https:\/\/kapitalis.com\/tunisie\/?p=14643176"},"modified":"2024-11-17T12:11:13","modified_gmt":"2024-11-17T11:11:13","slug":"serait-ce-le-bout-du-tunnel-pour-le-football-tunisien","status":"publish","type":"post","link":"https:\/\/kapitalis.com\/tunisie\/2024\/11\/17\/serait-ce-le-bout-du-tunnel-pour-le-football-tunisien\/","title":{"rendered":"Serait-ce le bout du tunnel pour le football tunisien\u00a0?"},"content":{"rendered":"\n<p><strong><em>La crise multiforme du football tunisien perdure et le bout du tunnel pourrait \u00eatre entrevu \u00e0 l\u2019issue des assembl\u00e9es g\u00e9n\u00e9rales ordinaire et extraordinaire de la F\u00e9d\u00e9ration tunisienne de football (FTF) qui se tiendront le samedi 21 d\u00e9cembre 2024, \u00e0 Gammarth, au nord de Tunis.<\/em><\/strong><\/p>\n\n\n\n<!--more-->\n\n\n\n<p>Selon un communiqu\u00e9 du comit\u00e9 de normalisation charg\u00e9 de g\u00e9rer les affaires de la FTF, publi\u00e9 ce dimanche 17 novembre, l\u2019AG ordinaire se d\u00e9roulera le matin \u00e0 partir de 10h00, tandis que l\u2019AG extraordinaire se tiendra \u00e0 partir de 14h00. L\u2019ordre du jour de ces deux assembl\u00e9es sera annonc\u00e9 ult\u00e9rieurement, conform\u00e9ment aux d\u00e9lais l\u00e9gaux, ajoute-t-on.<\/p>\n\n\n\n<p>Le pr\u00e9sident du Comit\u00e9 de normalisation de la FTF invite tous les clubs affili\u00e9s, \u00e9voluant dans les championnats des ligues 1 et 2 et de la Ligue Amateur (niveaux 1 et 2) ainsi que les pr\u00e9sidents des Ligues nationales et r\u00e9gionales \u00e0 prendre part \u00e0 ces travaux, et ce conform\u00e9ment au statut et au r\u00e8glement int\u00e9rieur de la f\u00e9d\u00e9ration.<\/p>\n\n\n\n<p>Pour rappel, la F\u00e9d\u00e9ration internationale de football (Fifa) a d\u00e9sign\u00e9, en juillet dernier, un comit\u00e9 de normalisation \u00e0 la t\u00eate de la FTF, pr\u00e9sid\u00e9 par Kamel Idir, afin de sortir la f\u00e9d\u00e9ration de la crise qu&rsquo;elle a v\u00e9cue et de r\u00e9viser ses statuts, et ce pour une p\u00e9riode allant jusqu\u2019au 31 janvier 2025.<\/p>\n\n\n\n<p>L\u2019\u00e9lection d\u2019un nouveau bureau serait le d\u00e9but d\u2019une nouvelle \u00e8re qui romprait avec celle de l\u2019ancien pr\u00e9sident de la FTF Wadie Jary, incarc\u00e9r\u00e9 depuis plus d\u2019un an et poursuivi dans une affaire de corruption. &nbsp;C\u2019est du moins ce qu\u2019esp\u00e8rent les mateurs du ballon rond qui assistent aujourd\u2019hui, impuissants, \u00e0 la descente en enfer du sport roi en Tunisie.<\/p>\n\n\n\n<p class=\"has-text-align-right\"><strong>I. B. &nbsp;&nbsp;<\/strong><\/p>\n","protected":false},"excerpt":{"rendered":"<p>Le bout du tunnel serait-il \u00e0 l\u2019issue des assembl\u00e9es g\u00e9n\u00e9rales de la F\u00e9d\u00e9ration tunisienne de football ? <\/p>\n","protected":false},"author":8,"featured_media":1118905,"comment_status":"open","ping_status":"open","sticky":false,"template":"","format":"standard","meta":{"footnotes":""},"categories":[999,2433],"tags":[382,31418,5208,19353,62643,83847],"class_list":["post-14643176","post","type-post","status-publish","format-standard","has-post-thumbnail","hentry","category-sport","category-tunisie","tag-fifa","tag-football-tunisien","tag-ftf","tag-kamel-idir","tag-tunisie","tag-wadie-jary"],"yoast_head":"<!-- This site is optimized with the Yoast SEO plugin v26.6 - https:\/\/yoast.com\/wordpress\/plugins\/seo\/ -->\n<title>Serait-ce le bout du tunnel pour le football tunisien\u00a0? - Kapitalis<\/title>\n<meta name=\"robots\" content=\"index, follow, max-snippet:-1, max-image-preview:large, max-video-preview:-1\" \/>\n<link rel=\"canonical\" href=\"https:\/\/kapitalis.com\/tunisie\/2024\/11\/17\/serait-ce-le-bout-du-tunnel-pour-le-football-tunisien\/\" \/>\n<meta property=\"og:locale\" content=\"fr_FR\" \/>\n<meta property=\"og:type\" content=\"article\" \/>\n<meta property=\"og:title\" content=\"Serait-ce le bout du tunnel pour le football tunisien\u00a0? - Kapitalis\" \/>\n<meta property=\"og:description\" content=\"Le bout du tunnel serait-il \u00e0 l\u2019issue des assembl\u00e9es g\u00e9n\u00e9rales de la F\u00e9d\u00e9ration tunisienne de football ?\" \/>\n<meta property=\"og:url\" content=\"https:\/\/kapitalis.com\/tunisie\/2024\/11\/17\/serait-ce-le-bout-du-tunnel-pour-le-football-tunisien\/\" \/>\n<meta property=\"og:site_name\" content=\"Kapitalis\" \/>\n<meta property=\"article:publisher\" content=\"https:\/\/www.facebook.com\/KapitalisInfo\/\" \/>\n<meta property=\"article:published_time\" content=\"2024-11-17T11:11:11+00:00\" \/>\n<meta property=\"article:modified_time\" content=\"2024-11-17T11:11:13+00:00\" \/>\n<meta property=\"og:image\" content=\"https:\/\/kapitalis.com\/tunisie\/wp-content\/uploads\/2022\/05\/ftf.jpg\" \/>\n\t<meta property=\"og:image:width\" content=\"1200\" \/>\n\t<meta property=\"og:image:height\" content=\"630\" \/>\n\t<meta property=\"og:image:type\" content=\"image\/jpeg\" \/>\n<meta name=\"author\" content=\"webmaster kapitalis\" \/>\n<meta name=\"twitter:card\" content=\"summary_large_image\" \/>\n<meta name=\"twitter:creator\" content=\"@KapitalisInfo\" \/>\n<meta name=\"twitter:site\" content=\"@KapitalisInfo\" \/>\n<meta name=\"twitter:label1\" content=\"\u00c9crit par\" \/>\n\t<meta name=\"twitter:data1\" content=\"webmaster kapitalis\" \/>\n\t<meta name=\"twitter:label2\" content=\"Dur\u00e9e de lecture estim\u00e9e\" \/>\n\t<meta name=\"twitter:data2\" content=\"2 minutes\" \/>\n<script type=\"application\/ld+json\" class=\"yoast-schema-graph\">{\"@context\":\"https:\/\/schema.org\",\"@graph\":[{\"@type\":\"Article\",\"@id\":\"https:\/\/kapitalis.com\/tunisie\/2024\/11\/17\/serait-ce-le-bout-du-tunnel-pour-le-football-tunisien\/#article\",\"isPartOf\":{\"@id\":\"https:\/\/kapitalis.com\/tunisie\/2024\/11\/17\/serait-ce-le-bout-du-tunnel-pour-le-football-tunisien\/\"},\"author\":{\"name\":\"webmaster kapitalis\",\"@id\":\"https:\/\/kapitalis.com\/tunisie\/#\/schema\/person\/d71f33a9ca44f7bad4698210b480c8e9\"},\"headline\":\"Serait-ce le bout du tunnel pour le football tunisien\u00a0?\",\"datePublished\":\"2024-11-17T11:11:11+00:00\",\"dateModified\":\"2024-11-17T11:11:13+00:00\",\"mainEntityOfPage\":{\"@id\":\"https:\/\/kapitalis.com\/tunisie\/2024\/11\/17\/serait-ce-le-bout-du-tunnel-pour-le-football-tunisien\/\"},\"wordCount\":315,\"commentCount\":0,\"publisher\":{\"@id\":\"https:\/\/kapitalis.com\/tunisie\/#organization\"},\"image\":{\"@id\":\"https:\/\/kapitalis.com\/tunisie\/2024\/11\/17\/serait-ce-le-bout-du-tunnel-pour-le-football-tunisien\/#primaryimage\"},\"thumbnailUrl\":\"https:\/\/kapitalis.com\/tunisie\/wp-content\/uploads\/2022\/05\/ftf.jpg\",\"keywords\":[\"Fifa\",\"football tunisien\",\"FTF\",\"Kamel Idir\",\"Tunisie\",\"Wadie Jary\"],\"articleSection\":[\"SPORT\",\"Tunisie\"],\"inLanguage\":\"fr-FR\",\"potentialAction\":[{\"@type\":\"CommentAction\",\"name\":\"Comment\",\"target\":[\"https:\/\/kapitalis.com\/tunisie\/2024\/11\/17\/serait-ce-le-bout-du-tunnel-pour-le-football-tunisien\/#respond\"]}]},{\"@type\":\"WebPage\",\"@id\":\"https:\/\/kapitalis.com\/tunisie\/2024\/11\/17\/serait-ce-le-bout-du-tunnel-pour-le-football-tunisien\/\",\"url\":\"https:\/\/kapitalis.com\/tunisie\/2024\/11\/17\/serait-ce-le-bout-du-tunnel-pour-le-football-tunisien\/\",\"name\":\"Serait-ce le bout du tunnel pour le football tunisien\u00a0? - Kapitalis\",\"isPartOf\":{\"@id\":\"https:\/\/kapitalis.com\/tunisie\/#website\"},\"primaryImageOfPage\":{\"@id\":\"https:\/\/kapitalis.com\/tunisie\/2024\/11\/17\/serait-ce-le-bout-du-tunnel-pour-le-football-tunisien\/#primaryimage\"},\"image\":{\"@id\":\"https:\/\/kapitalis.com\/tunisie\/2024\/11\/17\/serait-ce-le-bout-du-tunnel-pour-le-football-tunisien\/#primaryimage\"},\"thumbnailUrl\":\"https:\/\/kapitalis.com\/tunisie\/wp-content\/uploads\/2022\/05\/ftf.jpg\",\"datePublished\":\"2024-11-17T11:11:11+00:00\",\"dateModified\":\"2024-11-17T11:11:13+00:00\",\"breadcrumb\":{\"@id\":\"https:\/\/kapitalis.com\/tunisie\/2024\/11\/17\/serait-ce-le-bout-du-tunnel-pour-le-football-tunisien\/#breadcrumb\"},\"inLanguage\":\"fr-FR\",\"potentialAction\":[{\"@type\":\"ReadAction\",\"target\":[\"https:\/\/kapitalis.com\/tunisie\/2024\/11\/17\/serait-ce-le-bout-du-tunnel-pour-le-football-tunisien\/\"]}]},{\"@type\":\"ImageObject\",\"inLanguage\":\"fr-FR\",\"@id\":\"https:\/\/kapitalis.com\/tunisie\/2024\/11\/17\/serait-ce-le-bout-du-tunnel-pour-le-football-tunisien\/#primaryimage\",\"url\":\"https:\/\/kapitalis.com\/tunisie\/wp-content\/uploads\/2022\/05\/ftf.jpg\",\"contentUrl\":\"https:\/\/kapitalis.com\/tunisie\/wp-content\/uploads\/2022\/05\/ftf.jpg\",\"width\":1200,\"height\":630},{\"@type\":\"BreadcrumbList\",\"@id\":\"https:\/\/kapitalis.com\/tunisie\/2024\/11\/17\/serait-ce-le-bout-du-tunnel-pour-le-football-tunisien\/#breadcrumb\",\"itemListElement\":[{\"@type\":\"ListItem\",\"position\":1,\"name\":\"Accueil\",\"item\":\"https:\/\/kapitalis.com\/tunisie\/\"},{\"@type\":\"ListItem\",\"position\":2,\"name\":\"Serait-ce le bout du tunnel pour le football tunisien\u00a0?\"}]},{\"@type\":\"WebSite\",\"@id\":\"https:\/\/kapitalis.com\/tunisie\/#website\",\"url\":\"https:\/\/kapitalis.com\/tunisie\/\",\"name\":\"Kapitalis\",\"description\":\"L&#039;actualit\u00e9 en Tunisie et dans le monde\",\"publisher\":{\"@id\":\"https:\/\/kapitalis.com\/tunisie\/#organization\"},\"potentialAction\":[{\"@type\":\"SearchAction\",\"target\":{\"@type\":\"EntryPoint\",\"urlTemplate\":\"https:\/\/kapitalis.com\/tunisie\/?s={search_term_string}\"},\"query-input\":{\"@type\":\"PropertyValueSpecification\",\"valueRequired\":true,\"valueName\":\"search_term_string\"}}],\"inLanguage\":\"fr-FR\"},{\"@type\":\"Organization\",\"@id\":\"https:\/\/kapitalis.com\/tunisie\/#organization\",\"name\":\"Kapitalis\",\"url\":\"https:\/\/kapitalis.com\/tunisie\/\",\"logo\":{\"@type\":\"ImageObject\",\"inLanguage\":\"fr-FR\",\"@id\":\"https:\/\/kapitalis.com\/tunisie\/#\/schema\/logo\/image\/\",\"url\":\"https:\/\/kapitalis.com\/tunisie\/wp-content\/uploads\/2022\/05\/Kapitalis-big-size.png\",\"contentUrl\":\"https:\/\/kapitalis.com\/tunisie\/wp-content\/uploads\/2022\/05\/Kapitalis-big-size.png\",\"width\":5000,\"height\":1500,\"caption\":\"Kapitalis\"},\"image\":{\"@id\":\"https:\/\/kapitalis.com\/tunisie\/#\/schema\/logo\/image\/\"},\"sameAs\":[\"https:\/\/www.facebook.com\/KapitalisInfo\/\",\"https:\/\/x.com\/KapitalisInfo\",\"https:\/\/www.youtube.com\/channel\/UC-yDYrHyfFBWWZaOw3FPg9Q\"]},{\"@type\":\"Person\",\"@id\":\"https:\/\/kapitalis.com\/tunisie\/#\/schema\/person\/d71f33a9ca44f7bad4698210b480c8e9\",\"name\":\"webmaster kapitalis\",\"url\":\"https:\/\/kapitalis.com\/tunisie\/author\/webmaster-kapitalis\/\"}]}<\/script>\n<!-- \/ Yoast SEO plugin. -->","yoast_head_json":{"title":"Serait-ce le bout du tunnel pour le football tunisien\u00a0? - Kapitalis","robots":{"index":"index","follow":"follow","max-snippet":"max-snippet:-1","max-image-preview":"max-image-preview:large","max-video-preview":"max-video-preview:-1"},"canonical":"https:\/\/kapitalis.com\/tunisie\/2024\/11\/17\/serait-ce-le-bout-du-tunnel-pour-le-football-tunisien\/","og_locale":"fr_FR","og_type":"article","og_title":"Serait-ce le bout du tunnel pour le football tunisien\u00a0? - Kapitalis","og_description":"Le bout du tunnel serait-il \u00e0 l\u2019issue des assembl\u00e9es g\u00e9n\u00e9rales de la F\u00e9d\u00e9ration tunisienne de football ?","og_url":"https:\/\/kapitalis.com\/tunisie\/2024\/11\/17\/serait-ce-le-bout-du-tunnel-pour-le-football-tunisien\/","og_site_name":"Kapitalis","article_publisher":"https:\/\/www.facebook.com\/KapitalisInfo\/","article_published_time":"2024-11-17T11:11:11+00:00","article_modified_time":"2024-11-17T11:11:13+00:00","og_image":[{"width":1200,"height":630,"url":"https:\/\/kapitalis.com\/tunisie\/wp-content\/uploads\/2022\/05\/ftf.jpg","type":"image\/jpeg"}],"author":"webmaster kapitalis","twitter_card":"summary_large_image","twitter_creator":"@KapitalisInfo","twitter_site":"@KapitalisInfo","twitter_misc":{"\u00c9crit par":"webmaster kapitalis","Dur\u00e9e de lecture estim\u00e9e":"2 minutes"},"schema":{"@context":"https:\/\/schema.org","@graph":[{"@type":"Article","@id":"https:\/\/kapitalis.com\/tunisie\/2024\/11\/17\/serait-ce-le-bout-du-tunnel-pour-le-football-tunisien\/#article","isPartOf":{"@id":"https:\/\/kapitalis.com\/tunisie\/2024\/11\/17\/serait-ce-le-bout-du-tunnel-pour-le-football-tunisien\/"},"author":{"name":"webmaster kapitalis","@id":"https:\/\/kapitalis.com\/tunisie\/#\/schema\/person\/d71f33a9ca44f7bad4698210b480c8e9"},"headline":"Serait-ce le bout du tunnel pour le football tunisien\u00a0?","datePublished":"2024-11-17T11:11:11+00:00","dateModified":"2024-11-17T11:11:13+00:00","mainEntityOfPage":{"@id":"https:\/\/kapitalis.com\/tunisie\/2024\/11\/17\/serait-ce-le-bout-du-tunnel-pour-le-football-tunisien\/"},"wordCount":315,"commentCount":0,"publisher":{"@id":"https:\/\/kapitalis.com\/tunisie\/#organization"},"image":{"@id":"https:\/\/kapitalis.com\/tunisie\/2024\/11\/17\/serait-ce-le-bout-du-tunnel-pour-le-football-tunisien\/#primaryimage"},"thumbnailUrl":"https:\/\/kapitalis.com\/tunisie\/wp-content\/uploads\/2022\/05\/ftf.jpg","keywords":["Fifa","football tunisien","FTF","Kamel Idir","Tunisie","Wadie Jary"],"articleSection":["SPORT","Tunisie"],"inLanguage":"fr-FR","potentialAction":[{"@type":"CommentAction","name":"Comment","target":["https:\/\/kapitalis.com\/tunisie\/2024\/11\/17\/serait-ce-le-bout-du-tunnel-pour-le-football-tunisien\/#respond"]}]},{"@type":"WebPage","@id":"https:\/\/kapitalis.com\/tunisie\/2024\/11\/17\/serait-ce-le-bout-du-tunnel-pour-le-football-tunisien\/","url":"https:\/\/kapitalis.com\/tunisie\/2024\/11\/17\/serait-ce-le-bout-du-tunnel-pour-le-football-tunisien\/","name":"Serait-ce le bout du tunnel pour le football tunisien\u00a0? - Kapitalis","isPartOf":{"@id":"https:\/\/kapitalis.com\/tunisie\/#website"},"primaryImageOfPage":{"@id":"https:\/\/kapitalis.com\/tunisie\/2024\/11\/17\/serait-ce-le-bout-du-tunnel-pour-le-football-tunisien\/#primaryimage"},"image":{"@id":"https:\/\/kapitalis.com\/tunisie\/2024\/11\/17\/serait-ce-le-bout-du-tunnel-pour-le-football-tunisien\/#primaryimage"},"thumbnailUrl":"https:\/\/kapitalis.com\/tunisie\/wp-content\/uploads\/2022\/05\/ftf.jpg","datePublished":"2024-11-17T11:11:11+00:00","dateModified":"2024-11-17T11:11:13+00:00","breadcrumb":{"@id":"https:\/\/kapitalis.com\/tunisie\/2024\/11\/17\/serait-ce-le-bout-du-tunnel-pour-le-football-tunisien\/#breadcrumb"},"inLanguage":"fr-FR","potentialAction":[{"@type":"ReadAction","target":["https:\/\/kapitalis.com\/tunisie\/2024\/11\/17\/serait-ce-le-bout-du-tunnel-pour-le-football-tunisien\/"]}]},{"@type":"ImageObject","inLanguage":"fr-FR","@id":"https:\/\/kapitalis.com\/tunisie\/2024\/11\/17\/serait-ce-le-bout-du-tunnel-pour-le-football-tunisien\/#primaryimage","url":"https:\/\/kapitalis.com\/tunisie\/wp-content\/uploads\/2022\/05\/ftf.jpg","contentUrl":"https:\/\/kapitalis.com\/tunisie\/wp-content\/uploads\/2022\/05\/ftf.jpg","width":1200,"height":630},{"@type":"BreadcrumbList","@id":"https:\/\/kapitalis.com\/tunisie\/2024\/11\/17\/serait-ce-le-bout-du-tunnel-pour-le-football-tunisien\/#breadcrumb","itemListElement":[{"@type":"ListItem","position":1,"name":"Accueil","item":"https:\/\/kapitalis.com\/tunisie\/"},{"@type":"ListItem","position":2,"name":"Serait-ce le bout du tunnel pour le football tunisien\u00a0?"}]},{"@type":"WebSite","@id":"https:\/\/kapitalis.com\/tunisie\/#website","url":"https:\/\/kapitalis.com\/tunisie\/","name":"Kapitalis","description":"L&#039;actualit\u00e9 en Tunisie et dans le monde","publisher":{"@id":"https:\/\/kapitalis.com\/tunisie\/#organization"},"potentialAction":[{"@type":"SearchAction","target":{"@type":"EntryPoint","urlTemplate":"https:\/\/kapitalis.com\/tunisie\/?s={search_term_string}"},"query-input":{"@type":"PropertyValueSpecification","valueRequired":true,"valueName":"search_term_string"}}],"inLanguage":"fr-FR"},{"@type":"Organization","@id":"https:\/\/kapitalis.com\/tunisie\/#organization","name":"Kapitalis","url":"https:\/\/kapitalis.com\/tunisie\/","logo":{"@type":"ImageObject","inLanguage":"fr-FR","@id":"https:\/\/kapitalis.com\/tunisie\/#\/schema\/logo\/image\/","url":"https:\/\/kapitalis.com\/tunisie\/wp-content\/uploads\/2022\/05\/Kapitalis-big-size.png","contentUrl":"https:\/\/kapitalis.com\/tunisie\/wp-content\/uploads\/2022\/05\/Kapitalis-big-size.png","width":5000,"height":1500,"caption":"Kapitalis"},"image":{"@id":"https:\/\/kapitalis.com\/tunisie\/#\/schema\/logo\/image\/"},"sameAs":["https:\/\/www.facebook.com\/KapitalisInfo\/","https:\/\/x.com\/KapitalisInfo","https:\/\/www.youtube.com\/channel\/UC-yDYrHyfFBWWZaOw3FPg9Q"]},{"@type":"Person","@id":"https:\/\/kapitalis.com\/tunisie\/#\/schema\/person\/d71f33a9ca44f7bad4698210b480c8e9","name":"webmaster kapitalis","url":"https:\/\/kapitalis.com\/tunisie\/author\/webmaster-kapitalis\/"}]}},"_links":{"self":[{"href":"https:\/\/kapitalis.com\/tunisie\/wp-json\/wp\/v2\/posts\/14643176","targetHints":{"allow":["GET"]}}],"collection":[{"href":"https:\/\/kapitalis.com\/tunisie\/wp-json\/wp\/v2\/posts"}],"about":[{"href":"https:\/\/kapitalis.com\/tunisie\/wp-json\/wp\/v2\/types\/post"}],"author":[{"embeddable":true,"href":"https:\/\/kapitalis.com\/tunisie\/wp-json\/wp\/v2\/users\/8"}],"replies":[{"embeddable":true,"href":"https:\/\/kapitalis.com\/tunisie\/wp-json\/wp\/v2\/comments?post=14643176"}],"version-history":[{"count":2,"href":"https:\/\/kapitalis.com\/tunisie\/wp-json\/wp\/v2\/posts\/14643176\/revisions"}],"predecessor-version":[{"id":14643271,"href":"https:\/\/kapitalis.com\/tunisie\/wp-json\/wp\/v2\/posts\/14643176\/revisions\/14643271"}],"wp:featuredmedia":[{"embeddable":true,"href":"https:\/\/kapitalis.com\/tunisie\/wp-json\/wp\/v2\/media\/1118905"}],"wp:attachment":[{"href":"https:\/\/kapitalis.com\/tunisie\/wp-json\/wp\/v2\/media?parent=14643176"}],"wp:term":[{"taxonomy":"category","embeddable":true,"href":"https:\/\/kapitalis.com\/tunisie\/wp-json\/wp\/v2\/categories?post=14643176"},{"taxonomy":"post_tag","embeddable":true,"href":"https:\/\/kapitalis.com\/tunisie\/wp-json\/wp\/v2\/tags?post=14643176"}],"curies":[{"name":"wp","href":"https:\/\/api.w.org\/{rel}","templated":true}]}}