{"id":146488,"date":"2018-04-01T14:26:10","date_gmt":"2018-04-01T13:26:10","guid":{"rendered":"http:\/\/kapitalis.com\/tunisie\/?p=146488"},"modified":"2018-04-01T14:35:35","modified_gmt":"2018-04-01T13:35:35","slug":"le-terroriste-abattu-a-kasserine-chawki-fakraoui-faisait-lobjet-de-25-avis-de-recherche","status":"publish","type":"post","link":"https:\/\/kapitalis.com\/tunisie\/2018\/04\/01\/le-terroriste-abattu-a-kasserine-chawki-fakraoui-faisait-lobjet-de-25-avis-de-recherche\/","title":{"rendered":"Le terroriste abattu \u00e0 Kasserine : Chawki Fakraoui faisait\u00a0l&rsquo;objet de 25 avis de recherche"},"content":{"rendered":"<p style=\"text-align: center;\"><img loading=\"lazy\" decoding=\"async\" class=\"alignnone size-full wp-image-146489\" src=\"http:\/\/kapitalis.com\/tunisie\/wp-content\/uploads\/2018\/04\/Terroriste-abattu.jpg\" alt=\"\" width=\"626\" height=\"380\" \/><\/p>\n<p><em><strong>Les services techniques du minist\u00e8re de l\u2019Int\u00e9rieur ont identifi\u00e9 le terroriste abattu dans la nuit du samedi 31 mars au dimanche 1er avril 2018, sur le flanc de Mont Salloum, dans la zone de Douar Errogba, \u00e0 Hassi El Frid, \u00e0 Kasserine.<\/strong> <\/em><\/p>\n<p><!--more--><\/p>\n<p>Ce dernier s\u2019appelle Chawki Fakraoui et faisait l\u2019objet de 25 avis de recherche pour son implication dans des affaires \u00e0 caract\u00e8re terroriste.<\/p>\n<p>Le jihadiste a rejoint, en 2014, la Katiba Oqba Ibn Nafaa, affili\u00e9e \u00e0 l&rsquo;organisation Al-Qa\u00efda au Maghreb islamique (Aqmi), sur les hauteurs de Kasserine, \u00e0 la fronti\u00e8re entre la Tunisie et l\u2019Alg\u00e9rie, avant de rejoindre le groupe Jond Al-Khilafa, relevant de l\u2019Etat islamique (Daech).<\/p>\n<p>Il a particip\u00e9 \u00e0 plusieurs attaques terroristes, notamment l\u2019attaque contre le domicile de l\u2019ancien ministre de l\u2019Int\u00e9rieur Lotfi Ben Jeddou, \u00e0 Kasserine, en mai 2017, l\u2019attaque terroriste de Henchir Ettalla, en 2014, la tentative d\u2019assassinat d\u2019un membre de l\u2019Assembl\u00e9e nationale constituante en 2014, l\u2019attaque de militaires \u00e0 Jebel Mghila, en avril 2015, en plus de l\u2019implantation de mines artisanales dans la zone et d\u2019attaques de maisons sur les flancs de la montagne pour voler le cheptels et les provisions et alimentaires de leurs habitants.<\/p>\n<p style=\"text-align: right;\"><strong>I. B.\u00a0<\/strong><\/p>\n<blockquote class=\"wp-embedded-content\" data-secret=\"kt8EWsXrEF\"><p><a href=\"https:\/\/kapitalis.com\/tunisie\/2018\/04\/01\/operation-anti-terroriste-de-kasserine-un-deuxieme-terroriste-capture\/\">Op\u00e9ration anti-terroriste de Kasserine : Un deuxi\u00e8me terroriste captur\u00e9<\/a><\/p><\/blockquote>\n<p><iframe loading=\"lazy\" class=\"wp-embedded-content\" sandbox=\"allow-scripts\" security=\"restricted\" style=\"position: absolute; clip: rect(1px, 1px, 1px, 1px);\" title=\"\u00ab\u00a0Op\u00e9ration anti-terroriste de Kasserine : Un deuxi\u00e8me terroriste captur\u00e9\u00a0\u00bb &#8212; Kapitalis\" src=\"https:\/\/kapitalis.com\/tunisie\/2018\/04\/01\/operation-anti-terroriste-de-kasserine-un-deuxieme-terroriste-capture\/embed\/#?secret=6cKQmEf6nh#?secret=kt8EWsXrEF\" data-secret=\"kt8EWsXrEF\" width=\"600\" height=\"338\" frameborder=\"0\" marginwidth=\"0\" marginheight=\"0\" scrolling=\"no\"><\/iframe><\/p>\n<blockquote class=\"wp-embedded-content\" data-secret=\"QGZnGkJiZv\"><p><a href=\"https:\/\/kapitalis.com\/tunisie\/2018\/04\/01\/kasserine-un-terroriste-abattu-a-douar-errogba-hassi-el-frid\/\">Kasserine : Un terroriste abattu \u00e0 Douar Errogba (Hassi El-Frid)<\/a><\/p><\/blockquote>\n<p><iframe loading=\"lazy\" class=\"wp-embedded-content\" sandbox=\"allow-scripts\" security=\"restricted\" style=\"position: absolute; clip: rect(1px, 1px, 1px, 1px);\" title=\"\u00ab\u00a0Kasserine : Un terroriste abattu \u00e0 Douar Errogba (Hassi El-Frid)\u00a0\u00bb &#8212; Kapitalis\" src=\"https:\/\/kapitalis.com\/tunisie\/2018\/04\/01\/kasserine-un-terroriste-abattu-a-douar-errogba-hassi-el-frid\/embed\/#?secret=kD5e0eG8co#?secret=QGZnGkJiZv\" data-secret=\"QGZnGkJiZv\" width=\"600\" height=\"338\" frameborder=\"0\" marginwidth=\"0\" marginheight=\"0\" scrolling=\"no\"><\/iframe><\/p>\n<p>&nbsp;<\/p>\n","protected":false},"excerpt":{"rendered":"<p>Les services techniques du minist\u00e8re de l\u2019Int\u00e9rieur ont identifi\u00e9 le terroriste abattu dans la nuit du samedi 31 mars au dimanche 1er avril 2018, sur le flanc de Mont Salloum, dans la zone de Douar Errogba, \u00e0 Hassi El Frid, \u00e0 Kasserine.<\/p>\n","protected":false},"author":8,"featured_media":146489,"comment_status":"open","ping_status":"open","sticky":false,"template":"","format":"standard","meta":{"footnotes":""},"categories":[998,2433],"tags":[44455,4625,10143,525,2041,9744,30461],"class_list":["post-146488","post","type-post","status-publish","format-standard","has-post-thumbnail","hentry","category-societe","category-tunisie","tag-hassi-el-frid","tag-jebel-mghila","tag-jond-al-khilafa","tag-kasserine","tag-katiba-oqba-ibn-nafaa","tag-lotfi-ben-jeddou","tag-mont-salloum"],"yoast_head":"<!-- This site is optimized with the Yoast SEO plugin v26.6 - https:\/\/yoast.com\/wordpress\/plugins\/seo\/ -->\n<title>Le terroriste abattu \u00e0 Kasserine : Chawki Fakraoui faisait\u00a0l&#039;objet de 25 avis de recherche - Kapitalis<\/title>\n<meta name=\"robots\" content=\"index, follow, max-snippet:-1, max-image-preview:large, max-video-preview:-1\" \/>\n<link rel=\"canonical\" href=\"https:\/\/kapitalis.com\/tunisie\/2018\/04\/01\/le-terroriste-abattu-a-kasserine-chawki-fakraoui-faisait-lobjet-de-25-avis-de-recherche\/\" \/>\n<meta property=\"og:locale\" content=\"fr_FR\" \/>\n<meta property=\"og:type\" content=\"article\" \/>\n<meta property=\"og:title\" content=\"Le terroriste abattu \u00e0 Kasserine : Chawki Fakraoui faisait\u00a0l&#039;objet de 25 avis de recherche - Kapitalis\" \/>\n<meta property=\"og:description\" content=\"Les services techniques du minist\u00e8re de l\u2019Int\u00e9rieur ont identifi\u00e9 le terroriste abattu dans la nuit du samedi 31 mars au dimanche 1er avril 2018, sur le flanc de Mont Salloum, dans la zone de Douar Errogba, \u00e0 Hassi El Frid, \u00e0 Kasserine.\" \/>\n<meta property=\"og:url\" content=\"https:\/\/kapitalis.com\/tunisie\/2018\/04\/01\/le-terroriste-abattu-a-kasserine-chawki-fakraoui-faisait-lobjet-de-25-avis-de-recherche\/\" \/>\n<meta property=\"og:site_name\" content=\"Kapitalis\" \/>\n<meta property=\"article:publisher\" content=\"https:\/\/www.facebook.com\/KapitalisInfo\/\" \/>\n<meta property=\"article:published_time\" content=\"2018-04-01T13:26:10+00:00\" \/>\n<meta property=\"article:modified_time\" content=\"2018-04-01T13:35:35+00:00\" \/>\n<meta property=\"og:image\" content=\"https:\/\/kapitalis.com\/tunisie\/wp-content\/uploads\/2022\/05\/kapitalis-logo-fb.png\" \/>\n\t<meta property=\"og:image:width\" content=\"1200\" \/>\n\t<meta property=\"og:image:height\" content=\"630\" \/>\n\t<meta property=\"og:image:type\" content=\"image\/png\" \/>\n<meta name=\"author\" content=\"webmaster kapitalis\" \/>\n<meta name=\"twitter:card\" content=\"summary_large_image\" \/>\n<meta name=\"twitter:creator\" content=\"@KapitalisInfo\" \/>\n<meta name=\"twitter:site\" content=\"@KapitalisInfo\" \/>\n<meta name=\"twitter:label1\" content=\"\u00c9crit par\" \/>\n\t<meta name=\"twitter:data1\" content=\"webmaster kapitalis\" \/>\n\t<meta name=\"twitter:label2\" content=\"Dur\u00e9e de lecture estim\u00e9e\" \/>\n\t<meta name=\"twitter:data2\" content=\"1 minute\" \/>\n<script type=\"application\/ld+json\" class=\"yoast-schema-graph\">{\"@context\":\"https:\/\/schema.org\",\"@graph\":[{\"@type\":\"Article\",\"@id\":\"https:\/\/kapitalis.com\/tunisie\/2018\/04\/01\/le-terroriste-abattu-a-kasserine-chawki-fakraoui-faisait-lobjet-de-25-avis-de-recherche\/#article\",\"isPartOf\":{\"@id\":\"https:\/\/kapitalis.com\/tunisie\/2018\/04\/01\/le-terroriste-abattu-a-kasserine-chawki-fakraoui-faisait-lobjet-de-25-avis-de-recherche\/\"},\"author\":{\"name\":\"webmaster kapitalis\",\"@id\":\"https:\/\/kapitalis.com\/tunisie\/#\/schema\/person\/d71f33a9ca44f7bad4698210b480c8e9\"},\"headline\":\"Le terroriste abattu \u00e0 Kasserine : Chawki Fakraoui faisait\u00a0l&rsquo;objet de 25 avis de recherche\",\"datePublished\":\"2018-04-01T13:26:10+00:00\",\"dateModified\":\"2018-04-01T13:35:35+00:00\",\"mainEntityOfPage\":{\"@id\":\"https:\/\/kapitalis.com\/tunisie\/2018\/04\/01\/le-terroriste-abattu-a-kasserine-chawki-fakraoui-faisait-lobjet-de-25-avis-de-recherche\/\"},\"wordCount\":225,\"commentCount\":0,\"publisher\":{\"@id\":\"https:\/\/kapitalis.com\/tunisie\/#organization\"},\"image\":{\"@id\":\"https:\/\/kapitalis.com\/tunisie\/2018\/04\/01\/le-terroriste-abattu-a-kasserine-chawki-fakraoui-faisait-lobjet-de-25-avis-de-recherche\/#primaryimage\"},\"thumbnailUrl\":\"\",\"keywords\":[\"Hassi El-Frid\",\"Jebel Mghila\",\"Jond Al-Khilafa\",\"Kasserine\",\"Katiba Oqba Ibn Nafa\u00e2\",\"Lotfi Ben Jeddou\",\"Mont Salloum\"],\"articleSection\":[\"SOCIETE\",\"Tunisie\"],\"inLanguage\":\"fr-FR\",\"potentialAction\":[{\"@type\":\"CommentAction\",\"name\":\"Comment\",\"target\":[\"https:\/\/kapitalis.com\/tunisie\/2018\/04\/01\/le-terroriste-abattu-a-kasserine-chawki-fakraoui-faisait-lobjet-de-25-avis-de-recherche\/#respond\"]}]},{\"@type\":\"WebPage\",\"@id\":\"https:\/\/kapitalis.com\/tunisie\/2018\/04\/01\/le-terroriste-abattu-a-kasserine-chawki-fakraoui-faisait-lobjet-de-25-avis-de-recherche\/\",\"url\":\"https:\/\/kapitalis.com\/tunisie\/2018\/04\/01\/le-terroriste-abattu-a-kasserine-chawki-fakraoui-faisait-lobjet-de-25-avis-de-recherche\/\",\"name\":\"Le terroriste abattu \u00e0 Kasserine : Chawki Fakraoui faisait\u00a0l'objet de 25 avis de recherche - Kapitalis\",\"isPartOf\":{\"@id\":\"https:\/\/kapitalis.com\/tunisie\/#website\"},\"primaryImageOfPage\":{\"@id\":\"https:\/\/kapitalis.com\/tunisie\/2018\/04\/01\/le-terroriste-abattu-a-kasserine-chawki-fakraoui-faisait-lobjet-de-25-avis-de-recherche\/#primaryimage\"},\"image\":{\"@id\":\"https:\/\/kapitalis.com\/tunisie\/2018\/04\/01\/le-terroriste-abattu-a-kasserine-chawki-fakraoui-faisait-lobjet-de-25-avis-de-recherche\/#primaryimage\"},\"thumbnailUrl\":\"\",\"datePublished\":\"2018-04-01T13:26:10+00:00\",\"dateModified\":\"2018-04-01T13:35:35+00:00\",\"breadcrumb\":{\"@id\":\"https:\/\/kapitalis.com\/tunisie\/2018\/04\/01\/le-terroriste-abattu-a-kasserine-chawki-fakraoui-faisait-lobjet-de-25-avis-de-recherche\/#breadcrumb\"},\"inLanguage\":\"fr-FR\",\"potentialAction\":[{\"@type\":\"ReadAction\",\"target\":[\"https:\/\/kapitalis.com\/tunisie\/2018\/04\/01\/le-terroriste-abattu-a-kasserine-chawki-fakraoui-faisait-lobjet-de-25-avis-de-recherche\/\"]}]},{\"@type\":\"ImageObject\",\"inLanguage\":\"fr-FR\",\"@id\":\"https:\/\/kapitalis.com\/tunisie\/2018\/04\/01\/le-terroriste-abattu-a-kasserine-chawki-fakraoui-faisait-lobjet-de-25-avis-de-recherche\/#primaryimage\",\"url\":\"\",\"contentUrl\":\"\"},{\"@type\":\"BreadcrumbList\",\"@id\":\"https:\/\/kapitalis.com\/tunisie\/2018\/04\/01\/le-terroriste-abattu-a-kasserine-chawki-fakraoui-faisait-lobjet-de-25-avis-de-recherche\/#breadcrumb\",\"itemListElement\":[{\"@type\":\"ListItem\",\"position\":1,\"name\":\"Accueil\",\"item\":\"https:\/\/kapitalis.com\/tunisie\/\"},{\"@type\":\"ListItem\",\"position\":2,\"name\":\"Le terroriste abattu \u00e0 Kasserine : Chawki Fakraoui faisait\u00a0l&rsquo;objet de 25 avis de recherche\"}]},{\"@type\":\"WebSite\",\"@id\":\"https:\/\/kapitalis.com\/tunisie\/#website\",\"url\":\"https:\/\/kapitalis.com\/tunisie\/\",\"name\":\"Kapitalis\",\"description\":\"L&#039;actualit\u00e9 en Tunisie et dans le monde\",\"publisher\":{\"@id\":\"https:\/\/kapitalis.com\/tunisie\/#organization\"},\"potentialAction\":[{\"@type\":\"SearchAction\",\"target\":{\"@type\":\"EntryPoint\",\"urlTemplate\":\"https:\/\/kapitalis.com\/tunisie\/?s={search_term_string}\"},\"query-input\":{\"@type\":\"PropertyValueSpecification\",\"valueRequired\":true,\"valueName\":\"search_term_string\"}}],\"inLanguage\":\"fr-FR\"},{\"@type\":\"Organization\",\"@id\":\"https:\/\/kapitalis.com\/tunisie\/#organization\",\"name\":\"Kapitalis\",\"url\":\"https:\/\/kapitalis.com\/tunisie\/\",\"logo\":{\"@type\":\"ImageObject\",\"inLanguage\":\"fr-FR\",\"@id\":\"https:\/\/kapitalis.com\/tunisie\/#\/schema\/logo\/image\/\",\"url\":\"https:\/\/kapitalis.com\/tunisie\/wp-content\/uploads\/2022\/05\/Kapitalis-big-size.png\",\"contentUrl\":\"https:\/\/kapitalis.com\/tunisie\/wp-content\/uploads\/2022\/05\/Kapitalis-big-size.png\",\"width\":5000,\"height\":1500,\"caption\":\"Kapitalis\"},\"image\":{\"@id\":\"https:\/\/kapitalis.com\/tunisie\/#\/schema\/logo\/image\/\"},\"sameAs\":[\"https:\/\/www.facebook.com\/KapitalisInfo\/\",\"https:\/\/x.com\/KapitalisInfo\",\"https:\/\/www.youtube.com\/channel\/UC-yDYrHyfFBWWZaOw3FPg9Q\"]},{\"@type\":\"Person\",\"@id\":\"https:\/\/kapitalis.com\/tunisie\/#\/schema\/person\/d71f33a9ca44f7bad4698210b480c8e9\",\"name\":\"webmaster kapitalis\",\"url\":\"https:\/\/kapitalis.com\/tunisie\/author\/webmaster-kapitalis\/\"}]}<\/script>\n<!-- \/ Yoast SEO plugin. -->","yoast_head_json":{"title":"Le terroriste abattu \u00e0 Kasserine : Chawki Fakraoui faisait\u00a0l'objet de 25 avis de recherche - Kapitalis","robots":{"index":"index","follow":"follow","max-snippet":"max-snippet:-1","max-image-preview":"max-image-preview:large","max-video-preview":"max-video-preview:-1"},"canonical":"https:\/\/kapitalis.com\/tunisie\/2018\/04\/01\/le-terroriste-abattu-a-kasserine-chawki-fakraoui-faisait-lobjet-de-25-avis-de-recherche\/","og_locale":"fr_FR","og_type":"article","og_title":"Le terroriste abattu \u00e0 Kasserine : Chawki Fakraoui faisait\u00a0l'objet de 25 avis de recherche - Kapitalis","og_description":"Les services techniques du minist\u00e8re de l\u2019Int\u00e9rieur ont identifi\u00e9 le terroriste abattu dans la nuit du samedi 31 mars au dimanche 1er avril 2018, sur le flanc de Mont Salloum, dans la zone de Douar Errogba, \u00e0 Hassi El Frid, \u00e0 Kasserine.","og_url":"https:\/\/kapitalis.com\/tunisie\/2018\/04\/01\/le-terroriste-abattu-a-kasserine-chawki-fakraoui-faisait-lobjet-de-25-avis-de-recherche\/","og_site_name":"Kapitalis","article_publisher":"https:\/\/www.facebook.com\/KapitalisInfo\/","article_published_time":"2018-04-01T13:26:10+00:00","article_modified_time":"2018-04-01T13:35:35+00:00","og_image":[{"width":1200,"height":630,"url":"https:\/\/kapitalis.com\/tunisie\/wp-content\/uploads\/2022\/05\/kapitalis-logo-fb.png","type":"image\/png"}],"author":"webmaster kapitalis","twitter_card":"summary_large_image","twitter_creator":"@KapitalisInfo","twitter_site":"@KapitalisInfo","twitter_misc":{"\u00c9crit par":"webmaster kapitalis","Dur\u00e9e de lecture estim\u00e9e":"1 minute"},"schema":{"@context":"https:\/\/schema.org","@graph":[{"@type":"Article","@id":"https:\/\/kapitalis.com\/tunisie\/2018\/04\/01\/le-terroriste-abattu-a-kasserine-chawki-fakraoui-faisait-lobjet-de-25-avis-de-recherche\/#article","isPartOf":{"@id":"https:\/\/kapitalis.com\/tunisie\/2018\/04\/01\/le-terroriste-abattu-a-kasserine-chawki-fakraoui-faisait-lobjet-de-25-avis-de-recherche\/"},"author":{"name":"webmaster kapitalis","@id":"https:\/\/kapitalis.com\/tunisie\/#\/schema\/person\/d71f33a9ca44f7bad4698210b480c8e9"},"headline":"Le terroriste abattu \u00e0 Kasserine : Chawki Fakraoui faisait\u00a0l&rsquo;objet de 25 avis de recherche","datePublished":"2018-04-01T13:26:10+00:00","dateModified":"2018-04-01T13:35:35+00:00","mainEntityOfPage":{"@id":"https:\/\/kapitalis.com\/tunisie\/2018\/04\/01\/le-terroriste-abattu-a-kasserine-chawki-fakraoui-faisait-lobjet-de-25-avis-de-recherche\/"},"wordCount":225,"commentCount":0,"publisher":{"@id":"https:\/\/kapitalis.com\/tunisie\/#organization"},"image":{"@id":"https:\/\/kapitalis.com\/tunisie\/2018\/04\/01\/le-terroriste-abattu-a-kasserine-chawki-fakraoui-faisait-lobjet-de-25-avis-de-recherche\/#primaryimage"},"thumbnailUrl":"","keywords":["Hassi El-Frid","Jebel Mghila","Jond Al-Khilafa","Kasserine","Katiba Oqba Ibn Nafa\u00e2","Lotfi Ben Jeddou","Mont Salloum"],"articleSection":["SOCIETE","Tunisie"],"inLanguage":"fr-FR","potentialAction":[{"@type":"CommentAction","name":"Comment","target":["https:\/\/kapitalis.com\/tunisie\/2018\/04\/01\/le-terroriste-abattu-a-kasserine-chawki-fakraoui-faisait-lobjet-de-25-avis-de-recherche\/#respond"]}]},{"@type":"WebPage","@id":"https:\/\/kapitalis.com\/tunisie\/2018\/04\/01\/le-terroriste-abattu-a-kasserine-chawki-fakraoui-faisait-lobjet-de-25-avis-de-recherche\/","url":"https:\/\/kapitalis.com\/tunisie\/2018\/04\/01\/le-terroriste-abattu-a-kasserine-chawki-fakraoui-faisait-lobjet-de-25-avis-de-recherche\/","name":"Le terroriste abattu \u00e0 Kasserine : Chawki Fakraoui faisait\u00a0l'objet de 25 avis de recherche - Kapitalis","isPartOf":{"@id":"https:\/\/kapitalis.com\/tunisie\/#website"},"primaryImageOfPage":{"@id":"https:\/\/kapitalis.com\/tunisie\/2018\/04\/01\/le-terroriste-abattu-a-kasserine-chawki-fakraoui-faisait-lobjet-de-25-avis-de-recherche\/#primaryimage"},"image":{"@id":"https:\/\/kapitalis.com\/tunisie\/2018\/04\/01\/le-terroriste-abattu-a-kasserine-chawki-fakraoui-faisait-lobjet-de-25-avis-de-recherche\/#primaryimage"},"thumbnailUrl":"","datePublished":"2018-04-01T13:26:10+00:00","dateModified":"2018-04-01T13:35:35+00:00","breadcrumb":{"@id":"https:\/\/kapitalis.com\/tunisie\/2018\/04\/01\/le-terroriste-abattu-a-kasserine-chawki-fakraoui-faisait-lobjet-de-25-avis-de-recherche\/#breadcrumb"},"inLanguage":"fr-FR","potentialAction":[{"@type":"ReadAction","target":["https:\/\/kapitalis.com\/tunisie\/2018\/04\/01\/le-terroriste-abattu-a-kasserine-chawki-fakraoui-faisait-lobjet-de-25-avis-de-recherche\/"]}]},{"@type":"ImageObject","inLanguage":"fr-FR","@id":"https:\/\/kapitalis.com\/tunisie\/2018\/04\/01\/le-terroriste-abattu-a-kasserine-chawki-fakraoui-faisait-lobjet-de-25-avis-de-recherche\/#primaryimage","url":"","contentUrl":""},{"@type":"BreadcrumbList","@id":"https:\/\/kapitalis.com\/tunisie\/2018\/04\/01\/le-terroriste-abattu-a-kasserine-chawki-fakraoui-faisait-lobjet-de-25-avis-de-recherche\/#breadcrumb","itemListElement":[{"@type":"ListItem","position":1,"name":"Accueil","item":"https:\/\/kapitalis.com\/tunisie\/"},{"@type":"ListItem","position":2,"name":"Le terroriste abattu \u00e0 Kasserine : Chawki Fakraoui faisait\u00a0l&rsquo;objet de 25 avis de recherche"}]},{"@type":"WebSite","@id":"https:\/\/kapitalis.com\/tunisie\/#website","url":"https:\/\/kapitalis.com\/tunisie\/","name":"Kapitalis","description":"L&#039;actualit\u00e9 en Tunisie et dans le monde","publisher":{"@id":"https:\/\/kapitalis.com\/tunisie\/#organization"},"potentialAction":[{"@type":"SearchAction","target":{"@type":"EntryPoint","urlTemplate":"https:\/\/kapitalis.com\/tunisie\/?s={search_term_string}"},"query-input":{"@type":"PropertyValueSpecification","valueRequired":true,"valueName":"search_term_string"}}],"inLanguage":"fr-FR"},{"@type":"Organization","@id":"https:\/\/kapitalis.com\/tunisie\/#organization","name":"Kapitalis","url":"https:\/\/kapitalis.com\/tunisie\/","logo":{"@type":"ImageObject","inLanguage":"fr-FR","@id":"https:\/\/kapitalis.com\/tunisie\/#\/schema\/logo\/image\/","url":"https:\/\/kapitalis.com\/tunisie\/wp-content\/uploads\/2022\/05\/Kapitalis-big-size.png","contentUrl":"https:\/\/kapitalis.com\/tunisie\/wp-content\/uploads\/2022\/05\/Kapitalis-big-size.png","width":5000,"height":1500,"caption":"Kapitalis"},"image":{"@id":"https:\/\/kapitalis.com\/tunisie\/#\/schema\/logo\/image\/"},"sameAs":["https:\/\/www.facebook.com\/KapitalisInfo\/","https:\/\/x.com\/KapitalisInfo","https:\/\/www.youtube.com\/channel\/UC-yDYrHyfFBWWZaOw3FPg9Q"]},{"@type":"Person","@id":"https:\/\/kapitalis.com\/tunisie\/#\/schema\/person\/d71f33a9ca44f7bad4698210b480c8e9","name":"webmaster kapitalis","url":"https:\/\/kapitalis.com\/tunisie\/author\/webmaster-kapitalis\/"}]}},"_links":{"self":[{"href":"https:\/\/kapitalis.com\/tunisie\/wp-json\/wp\/v2\/posts\/146488","targetHints":{"allow":["GET"]}}],"collection":[{"href":"https:\/\/kapitalis.com\/tunisie\/wp-json\/wp\/v2\/posts"}],"about":[{"href":"https:\/\/kapitalis.com\/tunisie\/wp-json\/wp\/v2\/types\/post"}],"author":[{"embeddable":true,"href":"https:\/\/kapitalis.com\/tunisie\/wp-json\/wp\/v2\/users\/8"}],"replies":[{"embeddable":true,"href":"https:\/\/kapitalis.com\/tunisie\/wp-json\/wp\/v2\/comments?post=146488"}],"version-history":[{"count":0,"href":"https:\/\/kapitalis.com\/tunisie\/wp-json\/wp\/v2\/posts\/146488\/revisions"}],"wp:featuredmedia":[{"embeddable":true,"href":"https:\/\/kapitalis.com\/tunisie\/wp-json\/wp\/v2\/media\/146489"}],"wp:attachment":[{"href":"https:\/\/kapitalis.com\/tunisie\/wp-json\/wp\/v2\/media?parent=146488"}],"wp:term":[{"taxonomy":"category","embeddable":true,"href":"https:\/\/kapitalis.com\/tunisie\/wp-json\/wp\/v2\/categories?post=146488"},{"taxonomy":"post_tag","embeddable":true,"href":"https:\/\/kapitalis.com\/tunisie\/wp-json\/wp\/v2\/tags?post=146488"}],"curies":[{"name":"wp","href":"https:\/\/api.w.org\/{rel}","templated":true}]}}