{"id":14655862,"date":"2024-11-18T12:36:30","date_gmt":"2024-11-18T11:36:30","guid":{"rendered":"https:\/\/kapitalis.com\/tunisie\/?p=14655862"},"modified":"2024-11-18T12:36:32","modified_gmt":"2024-11-18T11:36:32","slug":"la-tunisie-face-au-defi-du-vieillissement-de-la-population","status":"publish","type":"post","link":"https:\/\/kapitalis.com\/tunisie\/2024\/11\/18\/la-tunisie-face-au-defi-du-vieillissement-de-la-population\/","title":{"rendered":"La Tunisie face au d\u00e9fi du vieillissement de la population"},"content":{"rendered":"\n<p><strong><em><strong><em>La Tunisie va rejoindre bient\u00f4t les pays aux prises avec le vieillissement de sa population<\/em><\/strong> et devrait se pr\u00e9parer \u00e0 cette \u00e9ch\u00e9ance en prenant des mesures pr\u00e9ventives.<\/em><\/strong><\/p>\n\n\n\n<!--more-->\n\n\n\n<p>Selon la ministre de la Famille, de la Femme, de l\u2019Enfance et des Personnes \u00e2g\u00e9es, Asma Jabri, qui intervenait ce lundi 18 novembre 2024 lors de la s\u00e9ance pl\u00e9ni\u00e8re \u00e0 l\u2019Assembl\u00e9e consacr\u00e9e \u00e0 l\u2019examen du budget de son d\u00e9partement pour l\u2019ann\u00e9e 2025, le taux des personnes \u00e2g\u00e9es va d\u00e9passer 17% en 2029 contre 13% en 2018.<\/p>\n\n\n\n<p>Ces indicateurs d\u00e9mographiques imposent \u00e0 l\u2019Etat de pr\u00e9parer une vision prospective et de mettre en place des politiques sociales et sanitaires adapt\u00e9es aux besoins de cette cat\u00e9gorie de la population dont le nombre va s\u2019accro\u00eetre au fil des ans, a indiqu\u00e9 la ministre.<\/p>\n\n\n\n<p>Par ailleurs, l\u2019Etat va mettre en place des incitations pour les investisseurs priv\u00e9s afin qu\u2019ils cr\u00e9ent des centres d\u2019h\u00e9bergement et de soins pour les personnes \u00e2g\u00e9es, \u00e0 commencer par la r\u00e9vision du cahier des charges relatif \u00e0 cette activit\u00e9. <\/p>\n\n\n\n<p>Un nouveau cahier des charges va aussi \u00eatre \u00e9labor\u00e9 relatif aux centres d\u2019h\u00e9bergement et de soins pour les personnes \u00e2g\u00e9es \u00e9trang\u00e8res r\u00e9sidant en Tunisie, dont le nombre augmente d\u2019une ann\u00e9e \u00e0 l\u2019autre. Ces personnes sont attir\u00e9es par le climat cl\u00e9ment dans notre pays, lequel ne manque pas d\u2019attractions touristiques.<\/p>\n\n\n\n<p>Quand on sait l\u2019ampleur des d\u00e9ficits des caisses de s\u00e9curit\u00e9 sociale (CNSS, CNRPS, Cnam) et l\u2019\u00e9tat de d\u00e9labrement de notre syst\u00e8me de sant\u00e9 publique, qui souffre de beaucoup d\u2019insuffisances (faible capacit\u00e9 d\u2019h\u00e9bergement, manque de m\u00e9decins sp\u00e9cialis\u00e9s et d\u2019\u00e9quipement, services d\u00e9fectueux), on mesure les efforts que doit faire l\u2019Etat pour faire face au d\u00e9fi du vieillissement de la population.<\/p>\n\n\n\n<p>Quand on sait aussi que le ch\u00f4mage touche 15% de la population voire 40% chez certaines cat\u00e9gories de jeunes, et que beaucoup de ces jeunes, face au manque de perspective en Tunisie, sont de plus en plus nombreux \u00e0 \u00e9migrer pour faire leur vie ailleurs, on peut s\u00e9rieusement craindre une d\u00e9t\u00e9rioration des d\u00e9ficits des caisses sociales (du fait de la conjugaison de la baisse des cotisations et de la hausse des d\u00e9penses) et de la qualit\u00e9 des services publics en g\u00e9n\u00e9ral et ceux de sant\u00e9 en particulier. \u00a0<\/p>\n\n\n\n<p class=\"has-text-align-right\"><strong>I. B.<\/strong><\/p>\n\n\n\n<figure class=\"wp-block-embed is-type-wp-embed is-provider-kapitalis wp-block-embed-kapitalis\"><div class=\"wp-block-embed__wrapper\">\n<blockquote class=\"wp-embedded-content\" data-secret=\"p69KBwana5\"><a href=\"https:\/\/kapitalis.com\/tunisie\/2019\/05\/28\/vieillissement-de-la-population-la-tunisie-tourne-t-elle-le-dos-a-ses-aines\/\">Vieillissement de la population : La Tunisie tourne-t-elle le dos \u00e0 ses a\u00een\u00e9s ?<\/a><\/blockquote><iframe loading=\"lazy\" class=\"wp-embedded-content\" sandbox=\"allow-scripts\" security=\"restricted\" style=\"position: absolute; visibility: hidden;\" title=\"\u00ab\u00a0Vieillissement de la population : La Tunisie tourne-t-elle le dos \u00e0 ses a\u00een\u00e9s ?\u00a0\u00bb &#8212; Kapitalis\" src=\"https:\/\/kapitalis.com\/tunisie\/2019\/05\/28\/vieillissement-de-la-population-la-tunisie-tourne-t-elle-le-dos-a-ses-aines\/embed\/#?secret=P3jHnsgzRr#?secret=p69KBwana5\" data-secret=\"p69KBwana5\" width=\"600\" height=\"338\" frameborder=\"0\" marginwidth=\"0\" marginheight=\"0\" scrolling=\"no\"><\/iframe>\n<\/div><\/figure>\n\n\n\n<p class=\"has-text-align-right\"> <\/p>\n","protected":false},"excerpt":{"rendered":"<p>La Tunisie va rejoindre bient\u00f4t les pays aux prises avec le vieillissement de sa population. <\/p>\n","protected":false},"author":8,"featured_media":14656006,"comment_status":"open","ping_status":"open","sticky":false,"template":"","format":"standard","meta":{"footnotes":""},"categories":[997,998,2433],"tags":[118979,7330,2521,3574,212,96976,111178,62643,116775],"class_list":["post-14655862","post","type-post","status-publish","format-standard","has-post-thumbnail","hentry","category-politique","category-societe","category-tunisie","tag-asma-jabri","tag-caisses-sociales","tag-cnam","tag-cnrps","tag-cnss","tag-personnes-agees-2","tag-population","tag-tunisie","tag-vieillissement"],"yoast_head":"<!-- This site is optimized with the Yoast SEO plugin v26.6 - https:\/\/yoast.com\/wordpress\/plugins\/seo\/ -->\n<title>La Tunisie face au d\u00e9fi du vieillissement de la population - Kapitalis<\/title>\n<meta name=\"robots\" content=\"index, follow, max-snippet:-1, max-image-preview:large, max-video-preview:-1\" \/>\n<link rel=\"canonical\" href=\"https:\/\/kapitalis.com\/tunisie\/2024\/11\/18\/la-tunisie-face-au-defi-du-vieillissement-de-la-population\/\" \/>\n<meta property=\"og:locale\" content=\"fr_FR\" \/>\n<meta property=\"og:type\" content=\"article\" \/>\n<meta property=\"og:title\" content=\"La Tunisie face au d\u00e9fi du vieillissement de la population - Kapitalis\" \/>\n<meta property=\"og:description\" content=\"La Tunisie va rejoindre bient\u00f4t les pays aux prises avec le vieillissement de sa population.\" \/>\n<meta property=\"og:url\" content=\"https:\/\/kapitalis.com\/tunisie\/2024\/11\/18\/la-tunisie-face-au-defi-du-vieillissement-de-la-population\/\" \/>\n<meta property=\"og:site_name\" content=\"Kapitalis\" \/>\n<meta property=\"article:publisher\" content=\"https:\/\/www.facebook.com\/KapitalisInfo\/\" \/>\n<meta property=\"article:published_time\" content=\"2024-11-18T11:36:30+00:00\" \/>\n<meta property=\"article:modified_time\" content=\"2024-11-18T11:36:32+00:00\" \/>\n<meta property=\"og:image\" content=\"https:\/\/kapitalis.com\/tunisie\/wp-content\/uploads\/2024\/11\/Asma-Jabri.jpg\" \/>\n\t<meta property=\"og:image:width\" content=\"1200\" \/>\n\t<meta property=\"og:image:height\" content=\"630\" \/>\n\t<meta property=\"og:image:type\" content=\"image\/jpeg\" \/>\n<meta name=\"author\" content=\"webmaster kapitalis\" \/>\n<meta name=\"twitter:card\" content=\"summary_large_image\" \/>\n<meta name=\"twitter:creator\" content=\"@KapitalisInfo\" \/>\n<meta name=\"twitter:site\" content=\"@KapitalisInfo\" \/>\n<meta name=\"twitter:label1\" content=\"\u00c9crit par\" \/>\n\t<meta name=\"twitter:data1\" content=\"webmaster kapitalis\" \/>\n\t<meta name=\"twitter:label2\" content=\"Dur\u00e9e de lecture estim\u00e9e\" \/>\n\t<meta name=\"twitter:data2\" content=\"3 minutes\" \/>\n<script type=\"application\/ld+json\" class=\"yoast-schema-graph\">{\"@context\":\"https:\/\/schema.org\",\"@graph\":[{\"@type\":\"Article\",\"@id\":\"https:\/\/kapitalis.com\/tunisie\/2024\/11\/18\/la-tunisie-face-au-defi-du-vieillissement-de-la-population\/#article\",\"isPartOf\":{\"@id\":\"https:\/\/kapitalis.com\/tunisie\/2024\/11\/18\/la-tunisie-face-au-defi-du-vieillissement-de-la-population\/\"},\"author\":{\"name\":\"webmaster kapitalis\",\"@id\":\"https:\/\/kapitalis.com\/tunisie\/#\/schema\/person\/d71f33a9ca44f7bad4698210b480c8e9\"},\"headline\":\"La Tunisie face au d\u00e9fi du vieillissement de la population\",\"datePublished\":\"2024-11-18T11:36:30+00:00\",\"dateModified\":\"2024-11-18T11:36:32+00:00\",\"mainEntityOfPage\":{\"@id\":\"https:\/\/kapitalis.com\/tunisie\/2024\/11\/18\/la-tunisie-face-au-defi-du-vieillissement-de-la-population\/\"},\"wordCount\":429,\"commentCount\":0,\"publisher\":{\"@id\":\"https:\/\/kapitalis.com\/tunisie\/#organization\"},\"image\":{\"@id\":\"https:\/\/kapitalis.com\/tunisie\/2024\/11\/18\/la-tunisie-face-au-defi-du-vieillissement-de-la-population\/#primaryimage\"},\"thumbnailUrl\":\"https:\/\/kapitalis.com\/tunisie\/wp-content\/uploads\/2024\/11\/Asma-Jabri.jpg\",\"keywords\":[\"Asma Jabri\",\"caisses sociales\",\"CNAM\",\"CNRPS\",\"CNSS\",\"personnes \u00e2g\u00e9es\",\"population\",\"Tunisie\",\"vieillissement\"],\"articleSection\":[\"POLITIQUE\",\"SOCIETE\",\"Tunisie\"],\"inLanguage\":\"fr-FR\",\"potentialAction\":[{\"@type\":\"CommentAction\",\"name\":\"Comment\",\"target\":[\"https:\/\/kapitalis.com\/tunisie\/2024\/11\/18\/la-tunisie-face-au-defi-du-vieillissement-de-la-population\/#respond\"]}]},{\"@type\":\"WebPage\",\"@id\":\"https:\/\/kapitalis.com\/tunisie\/2024\/11\/18\/la-tunisie-face-au-defi-du-vieillissement-de-la-population\/\",\"url\":\"https:\/\/kapitalis.com\/tunisie\/2024\/11\/18\/la-tunisie-face-au-defi-du-vieillissement-de-la-population\/\",\"name\":\"La Tunisie face au d\u00e9fi du vieillissement de la population - Kapitalis\",\"isPartOf\":{\"@id\":\"https:\/\/kapitalis.com\/tunisie\/#website\"},\"primaryImageOfPage\":{\"@id\":\"https:\/\/kapitalis.com\/tunisie\/2024\/11\/18\/la-tunisie-face-au-defi-du-vieillissement-de-la-population\/#primaryimage\"},\"image\":{\"@id\":\"https:\/\/kapitalis.com\/tunisie\/2024\/11\/18\/la-tunisie-face-au-defi-du-vieillissement-de-la-population\/#primaryimage\"},\"thumbnailUrl\":\"https:\/\/kapitalis.com\/tunisie\/wp-content\/uploads\/2024\/11\/Asma-Jabri.jpg\",\"datePublished\":\"2024-11-18T11:36:30+00:00\",\"dateModified\":\"2024-11-18T11:36:32+00:00\",\"breadcrumb\":{\"@id\":\"https:\/\/kapitalis.com\/tunisie\/2024\/11\/18\/la-tunisie-face-au-defi-du-vieillissement-de-la-population\/#breadcrumb\"},\"inLanguage\":\"fr-FR\",\"potentialAction\":[{\"@type\":\"ReadAction\",\"target\":[\"https:\/\/kapitalis.com\/tunisie\/2024\/11\/18\/la-tunisie-face-au-defi-du-vieillissement-de-la-population\/\"]}]},{\"@type\":\"ImageObject\",\"inLanguage\":\"fr-FR\",\"@id\":\"https:\/\/kapitalis.com\/tunisie\/2024\/11\/18\/la-tunisie-face-au-defi-du-vieillissement-de-la-population\/#primaryimage\",\"url\":\"https:\/\/kapitalis.com\/tunisie\/wp-content\/uploads\/2024\/11\/Asma-Jabri.jpg\",\"contentUrl\":\"https:\/\/kapitalis.com\/tunisie\/wp-content\/uploads\/2024\/11\/Asma-Jabri.jpg\",\"width\":1200,\"height\":630},{\"@type\":\"BreadcrumbList\",\"@id\":\"https:\/\/kapitalis.com\/tunisie\/2024\/11\/18\/la-tunisie-face-au-defi-du-vieillissement-de-la-population\/#breadcrumb\",\"itemListElement\":[{\"@type\":\"ListItem\",\"position\":1,\"name\":\"Accueil\",\"item\":\"https:\/\/kapitalis.com\/tunisie\/\"},{\"@type\":\"ListItem\",\"position\":2,\"name\":\"La Tunisie face au d\u00e9fi du vieillissement de la population\"}]},{\"@type\":\"WebSite\",\"@id\":\"https:\/\/kapitalis.com\/tunisie\/#website\",\"url\":\"https:\/\/kapitalis.com\/tunisie\/\",\"name\":\"Kapitalis\",\"description\":\"L&#039;actualit\u00e9 en Tunisie et dans le monde\",\"publisher\":{\"@id\":\"https:\/\/kapitalis.com\/tunisie\/#organization\"},\"potentialAction\":[{\"@type\":\"SearchAction\",\"target\":{\"@type\":\"EntryPoint\",\"urlTemplate\":\"https:\/\/kapitalis.com\/tunisie\/?s={search_term_string}\"},\"query-input\":{\"@type\":\"PropertyValueSpecification\",\"valueRequired\":true,\"valueName\":\"search_term_string\"}}],\"inLanguage\":\"fr-FR\"},{\"@type\":\"Organization\",\"@id\":\"https:\/\/kapitalis.com\/tunisie\/#organization\",\"name\":\"Kapitalis\",\"url\":\"https:\/\/kapitalis.com\/tunisie\/\",\"logo\":{\"@type\":\"ImageObject\",\"inLanguage\":\"fr-FR\",\"@id\":\"https:\/\/kapitalis.com\/tunisie\/#\/schema\/logo\/image\/\",\"url\":\"https:\/\/kapitalis.com\/tunisie\/wp-content\/uploads\/2022\/05\/Kapitalis-big-size.png\",\"contentUrl\":\"https:\/\/kapitalis.com\/tunisie\/wp-content\/uploads\/2022\/05\/Kapitalis-big-size.png\",\"width\":5000,\"height\":1500,\"caption\":\"Kapitalis\"},\"image\":{\"@id\":\"https:\/\/kapitalis.com\/tunisie\/#\/schema\/logo\/image\/\"},\"sameAs\":[\"https:\/\/www.facebook.com\/KapitalisInfo\/\",\"https:\/\/x.com\/KapitalisInfo\",\"https:\/\/www.youtube.com\/channel\/UC-yDYrHyfFBWWZaOw3FPg9Q\"]},{\"@type\":\"Person\",\"@id\":\"https:\/\/kapitalis.com\/tunisie\/#\/schema\/person\/d71f33a9ca44f7bad4698210b480c8e9\",\"name\":\"webmaster kapitalis\",\"url\":\"https:\/\/kapitalis.com\/tunisie\/author\/webmaster-kapitalis\/\"}]}<\/script>\n<!-- \/ Yoast SEO plugin. -->","yoast_head_json":{"title":"La Tunisie face au d\u00e9fi du vieillissement de la population - Kapitalis","robots":{"index":"index","follow":"follow","max-snippet":"max-snippet:-1","max-image-preview":"max-image-preview:large","max-video-preview":"max-video-preview:-1"},"canonical":"https:\/\/kapitalis.com\/tunisie\/2024\/11\/18\/la-tunisie-face-au-defi-du-vieillissement-de-la-population\/","og_locale":"fr_FR","og_type":"article","og_title":"La Tunisie face au d\u00e9fi du vieillissement de la population - Kapitalis","og_description":"La Tunisie va rejoindre bient\u00f4t les pays aux prises avec le vieillissement de sa population.","og_url":"https:\/\/kapitalis.com\/tunisie\/2024\/11\/18\/la-tunisie-face-au-defi-du-vieillissement-de-la-population\/","og_site_name":"Kapitalis","article_publisher":"https:\/\/www.facebook.com\/KapitalisInfo\/","article_published_time":"2024-11-18T11:36:30+00:00","article_modified_time":"2024-11-18T11:36:32+00:00","og_image":[{"width":1200,"height":630,"url":"https:\/\/kapitalis.com\/tunisie\/wp-content\/uploads\/2024\/11\/Asma-Jabri.jpg","type":"image\/jpeg"}],"author":"webmaster kapitalis","twitter_card":"summary_large_image","twitter_creator":"@KapitalisInfo","twitter_site":"@KapitalisInfo","twitter_misc":{"\u00c9crit par":"webmaster kapitalis","Dur\u00e9e de lecture estim\u00e9e":"3 minutes"},"schema":{"@context":"https:\/\/schema.org","@graph":[{"@type":"Article","@id":"https:\/\/kapitalis.com\/tunisie\/2024\/11\/18\/la-tunisie-face-au-defi-du-vieillissement-de-la-population\/#article","isPartOf":{"@id":"https:\/\/kapitalis.com\/tunisie\/2024\/11\/18\/la-tunisie-face-au-defi-du-vieillissement-de-la-population\/"},"author":{"name":"webmaster kapitalis","@id":"https:\/\/kapitalis.com\/tunisie\/#\/schema\/person\/d71f33a9ca44f7bad4698210b480c8e9"},"headline":"La Tunisie face au d\u00e9fi du vieillissement de la population","datePublished":"2024-11-18T11:36:30+00:00","dateModified":"2024-11-18T11:36:32+00:00","mainEntityOfPage":{"@id":"https:\/\/kapitalis.com\/tunisie\/2024\/11\/18\/la-tunisie-face-au-defi-du-vieillissement-de-la-population\/"},"wordCount":429,"commentCount":0,"publisher":{"@id":"https:\/\/kapitalis.com\/tunisie\/#organization"},"image":{"@id":"https:\/\/kapitalis.com\/tunisie\/2024\/11\/18\/la-tunisie-face-au-defi-du-vieillissement-de-la-population\/#primaryimage"},"thumbnailUrl":"https:\/\/kapitalis.com\/tunisie\/wp-content\/uploads\/2024\/11\/Asma-Jabri.jpg","keywords":["Asma Jabri","caisses sociales","CNAM","CNRPS","CNSS","personnes \u00e2g\u00e9es","population","Tunisie","vieillissement"],"articleSection":["POLITIQUE","SOCIETE","Tunisie"],"inLanguage":"fr-FR","potentialAction":[{"@type":"CommentAction","name":"Comment","target":["https:\/\/kapitalis.com\/tunisie\/2024\/11\/18\/la-tunisie-face-au-defi-du-vieillissement-de-la-population\/#respond"]}]},{"@type":"WebPage","@id":"https:\/\/kapitalis.com\/tunisie\/2024\/11\/18\/la-tunisie-face-au-defi-du-vieillissement-de-la-population\/","url":"https:\/\/kapitalis.com\/tunisie\/2024\/11\/18\/la-tunisie-face-au-defi-du-vieillissement-de-la-population\/","name":"La Tunisie face au d\u00e9fi du vieillissement de la population - Kapitalis","isPartOf":{"@id":"https:\/\/kapitalis.com\/tunisie\/#website"},"primaryImageOfPage":{"@id":"https:\/\/kapitalis.com\/tunisie\/2024\/11\/18\/la-tunisie-face-au-defi-du-vieillissement-de-la-population\/#primaryimage"},"image":{"@id":"https:\/\/kapitalis.com\/tunisie\/2024\/11\/18\/la-tunisie-face-au-defi-du-vieillissement-de-la-population\/#primaryimage"},"thumbnailUrl":"https:\/\/kapitalis.com\/tunisie\/wp-content\/uploads\/2024\/11\/Asma-Jabri.jpg","datePublished":"2024-11-18T11:36:30+00:00","dateModified":"2024-11-18T11:36:32+00:00","breadcrumb":{"@id":"https:\/\/kapitalis.com\/tunisie\/2024\/11\/18\/la-tunisie-face-au-defi-du-vieillissement-de-la-population\/#breadcrumb"},"inLanguage":"fr-FR","potentialAction":[{"@type":"ReadAction","target":["https:\/\/kapitalis.com\/tunisie\/2024\/11\/18\/la-tunisie-face-au-defi-du-vieillissement-de-la-population\/"]}]},{"@type":"ImageObject","inLanguage":"fr-FR","@id":"https:\/\/kapitalis.com\/tunisie\/2024\/11\/18\/la-tunisie-face-au-defi-du-vieillissement-de-la-population\/#primaryimage","url":"https:\/\/kapitalis.com\/tunisie\/wp-content\/uploads\/2024\/11\/Asma-Jabri.jpg","contentUrl":"https:\/\/kapitalis.com\/tunisie\/wp-content\/uploads\/2024\/11\/Asma-Jabri.jpg","width":1200,"height":630},{"@type":"BreadcrumbList","@id":"https:\/\/kapitalis.com\/tunisie\/2024\/11\/18\/la-tunisie-face-au-defi-du-vieillissement-de-la-population\/#breadcrumb","itemListElement":[{"@type":"ListItem","position":1,"name":"Accueil","item":"https:\/\/kapitalis.com\/tunisie\/"},{"@type":"ListItem","position":2,"name":"La Tunisie face au d\u00e9fi du vieillissement de la population"}]},{"@type":"WebSite","@id":"https:\/\/kapitalis.com\/tunisie\/#website","url":"https:\/\/kapitalis.com\/tunisie\/","name":"Kapitalis","description":"L&#039;actualit\u00e9 en Tunisie et dans le monde","publisher":{"@id":"https:\/\/kapitalis.com\/tunisie\/#organization"},"potentialAction":[{"@type":"SearchAction","target":{"@type":"EntryPoint","urlTemplate":"https:\/\/kapitalis.com\/tunisie\/?s={search_term_string}"},"query-input":{"@type":"PropertyValueSpecification","valueRequired":true,"valueName":"search_term_string"}}],"inLanguage":"fr-FR"},{"@type":"Organization","@id":"https:\/\/kapitalis.com\/tunisie\/#organization","name":"Kapitalis","url":"https:\/\/kapitalis.com\/tunisie\/","logo":{"@type":"ImageObject","inLanguage":"fr-FR","@id":"https:\/\/kapitalis.com\/tunisie\/#\/schema\/logo\/image\/","url":"https:\/\/kapitalis.com\/tunisie\/wp-content\/uploads\/2022\/05\/Kapitalis-big-size.png","contentUrl":"https:\/\/kapitalis.com\/tunisie\/wp-content\/uploads\/2022\/05\/Kapitalis-big-size.png","width":5000,"height":1500,"caption":"Kapitalis"},"image":{"@id":"https:\/\/kapitalis.com\/tunisie\/#\/schema\/logo\/image\/"},"sameAs":["https:\/\/www.facebook.com\/KapitalisInfo\/","https:\/\/x.com\/KapitalisInfo","https:\/\/www.youtube.com\/channel\/UC-yDYrHyfFBWWZaOw3FPg9Q"]},{"@type":"Person","@id":"https:\/\/kapitalis.com\/tunisie\/#\/schema\/person\/d71f33a9ca44f7bad4698210b480c8e9","name":"webmaster kapitalis","url":"https:\/\/kapitalis.com\/tunisie\/author\/webmaster-kapitalis\/"}]}},"_links":{"self":[{"href":"https:\/\/kapitalis.com\/tunisie\/wp-json\/wp\/v2\/posts\/14655862","targetHints":{"allow":["GET"]}}],"collection":[{"href":"https:\/\/kapitalis.com\/tunisie\/wp-json\/wp\/v2\/posts"}],"about":[{"href":"https:\/\/kapitalis.com\/tunisie\/wp-json\/wp\/v2\/types\/post"}],"author":[{"embeddable":true,"href":"https:\/\/kapitalis.com\/tunisie\/wp-json\/wp\/v2\/users\/8"}],"replies":[{"embeddable":true,"href":"https:\/\/kapitalis.com\/tunisie\/wp-json\/wp\/v2\/comments?post=14655862"}],"version-history":[{"count":1,"href":"https:\/\/kapitalis.com\/tunisie\/wp-json\/wp\/v2\/posts\/14655862\/revisions"}],"predecessor-version":[{"id":14656014,"href":"https:\/\/kapitalis.com\/tunisie\/wp-json\/wp\/v2\/posts\/14655862\/revisions\/14656014"}],"wp:featuredmedia":[{"embeddable":true,"href":"https:\/\/kapitalis.com\/tunisie\/wp-json\/wp\/v2\/media\/14656006"}],"wp:attachment":[{"href":"https:\/\/kapitalis.com\/tunisie\/wp-json\/wp\/v2\/media?parent=14655862"}],"wp:term":[{"taxonomy":"category","embeddable":true,"href":"https:\/\/kapitalis.com\/tunisie\/wp-json\/wp\/v2\/categories?post=14655862"},{"taxonomy":"post_tag","embeddable":true,"href":"https:\/\/kapitalis.com\/tunisie\/wp-json\/wp\/v2\/tags?post=14655862"}],"curies":[{"name":"wp","href":"https:\/\/api.w.org\/{rel}","templated":true}]}}