{"id":1467,"date":"2015-05-28T10:45:08","date_gmt":"2015-05-28T09:45:08","guid":{"rendered":"http:\/\/www.kapitalis.com\/tunisie\/?p=1467"},"modified":"2015-05-28T10:45:08","modified_gmt":"2015-05-28T09:45:08","slug":"automobile-kia-en-pole-position-pour-les-vehicules-particuliers","status":"publish","type":"post","link":"https:\/\/kapitalis.com\/tunisie\/2015\/05\/28\/automobile-kia-en-pole-position-pour-les-vehicules-particuliers\/","title":{"rendered":"Automobile: Kia en p\u00f4le position pour les v\u00e9hicules particuliers"},"content":{"rendered":"<p><a href=\"http:\/\/kapitalis.com\/tunisie\/wp-content\/uploads\/2015\/05\/Kia.jpg\"><img loading=\"lazy\" decoding=\"async\" class=\"aligncenter size-full wp-image-1468\" src=\"http:\/\/kapitalis.com\/tunisie\/wp-content\/uploads\/2015\/05\/Kia.jpg\" alt=\"Kia\" width=\"626\" height=\"380\" \/><\/a><em><strong>City Cars, le concessionnaire de Kia en Tunisie, est pass\u00e9 en premi\u00e8re position pour les v\u00e9hicules particuliers durant les 4 premiers mois de 2015.<\/strong><\/em><\/p>\n<p><!--more--><\/p>\n<p>C\u2019est ce que r\u00e9v\u00e8le Mehdi Mahjoub, directeur g\u00e9n\u00e9ral de la soci\u00e9t\u00e9, lors de son assembl\u00e9e g\u00e9n\u00e9rale ordinaire, tenue mercredi 27 mai, se f\u00e9licitant que l\u2019ann\u00e9e 2015 d\u00e9bute plut\u00f4t bien pour la marque sud-cor\u00e9enne en Tunisie.<\/p>\n<p>Jusqu\u2019en avril, la soci\u00e9t\u00e9 a r\u00e9alis\u00e9 un chiffre d\u2019affaires de 33 millions de dinars (MD). Pourtant, City Cars a enregistr\u00e9 un nombre d\u2019immatriculations (947) inf\u00e9rieur par rapport \u00e0 la m\u00eame p\u00e9riode de l\u2019ann\u00e9e \u00e9coul\u00e9e, car <em>\u00abayant tout vendu en 2014, nous avons d\u00e9but\u00e9 la nouvelle ann\u00e9e avec un stock z\u00e9ro\u00bb<\/em>, explique M. Mahjoub. Mais le DG de la soci\u00e9t\u00e9 pense que les r\u00e9alisations jusqu\u2019\u00e0 juin 2015 vont d\u00e9passer celles de 2014.<\/p>\n<p style=\"text-align: right;\"><strong>Nabil Ben Ameur<\/strong><\/p>\n","protected":false},"excerpt":{"rendered":"<p>City Cars, le concessionnaire de Kia en Tunisie, est pass\u00e9 en premi\u00e8re position pour les v\u00e9hicules particuliers durant les 4 premiers mois de 2015.<\/p>\n","protected":false},"author":1,"featured_media":1468,"comment_status":"open","ping_status":"open","sticky":false,"template":"","format":"standard","meta":{"footnotes":""},"categories":[995],"tags":[111,209,222,301,528,598,942],"class_list":["post-1467","post","type-post","status-publish","format-standard","has-post-thumbnail","hentry","category-economie","tag-automobile","tag-city-cars","tag-concessionnaire","tag-economie","tag-kia","tag-mehdi-mahjoub","tag-vehicules-particuliers"],"yoast_head":"<!-- This site is optimized with the Yoast SEO plugin v26.6 - https:\/\/yoast.com\/wordpress\/plugins\/seo\/ -->\n<title>Automobile: Kia en p\u00f4le position pour les v\u00e9hicules particuliers - Kapitalis<\/title>\n<meta name=\"robots\" content=\"index, follow, max-snippet:-1, max-image-preview:large, max-video-preview:-1\" \/>\n<link rel=\"canonical\" href=\"https:\/\/kapitalis.com\/tunisie\/2015\/05\/28\/automobile-kia-en-pole-position-pour-les-vehicules-particuliers\/\" \/>\n<meta property=\"og:locale\" content=\"fr_FR\" \/>\n<meta property=\"og:type\" content=\"article\" \/>\n<meta property=\"og:title\" content=\"Automobile: Kia en p\u00f4le position pour les v\u00e9hicules particuliers - Kapitalis\" \/>\n<meta property=\"og:description\" content=\"City Cars, le concessionnaire de Kia en Tunisie, est pass\u00e9 en premi\u00e8re position pour les v\u00e9hicules particuliers durant les 4 premiers mois de 2015.\" \/>\n<meta property=\"og:url\" content=\"https:\/\/kapitalis.com\/tunisie\/2015\/05\/28\/automobile-kia-en-pole-position-pour-les-vehicules-particuliers\/\" \/>\n<meta property=\"og:site_name\" content=\"Kapitalis\" \/>\n<meta property=\"article:publisher\" content=\"https:\/\/www.facebook.com\/KapitalisInfo\/\" \/>\n<meta property=\"article:published_time\" content=\"2015-05-28T09:45:08+00:00\" \/>\n<meta property=\"og:image\" content=\"https:\/\/kapitalis.com\/tunisie\/wp-content\/uploads\/2022\/05\/kapitalis-logo-fb.png\" \/>\n\t<meta property=\"og:image:width\" content=\"1200\" \/>\n\t<meta property=\"og:image:height\" content=\"630\" \/>\n\t<meta property=\"og:image:type\" content=\"image\/png\" \/>\n<meta name=\"author\" content=\"mounir\" \/>\n<meta name=\"twitter:card\" content=\"summary_large_image\" \/>\n<meta name=\"twitter:creator\" content=\"@KapitalisInfo\" \/>\n<meta name=\"twitter:site\" content=\"@KapitalisInfo\" \/>\n<meta name=\"twitter:label1\" content=\"\u00c9crit par\" \/>\n\t<meta name=\"twitter:data1\" content=\"mounir\" \/>\n\t<meta name=\"twitter:label2\" content=\"Dur\u00e9e de lecture estim\u00e9e\" \/>\n\t<meta name=\"twitter:data2\" content=\"1 minute\" \/>\n<script type=\"application\/ld+json\" class=\"yoast-schema-graph\">{\"@context\":\"https:\/\/schema.org\",\"@graph\":[{\"@type\":\"Article\",\"@id\":\"https:\/\/kapitalis.com\/tunisie\/2015\/05\/28\/automobile-kia-en-pole-position-pour-les-vehicules-particuliers\/#article\",\"isPartOf\":{\"@id\":\"https:\/\/kapitalis.com\/tunisie\/2015\/05\/28\/automobile-kia-en-pole-position-pour-les-vehicules-particuliers\/\"},\"author\":{\"name\":\"mounir\",\"@id\":\"https:\/\/kapitalis.com\/tunisie\/#\/schema\/person\/aa55121cdc1c0fa4794a24cff31f746f\"},\"headline\":\"Automobile: Kia en p\u00f4le position pour les v\u00e9hicules particuliers\",\"datePublished\":\"2015-05-28T09:45:08+00:00\",\"mainEntityOfPage\":{\"@id\":\"https:\/\/kapitalis.com\/tunisie\/2015\/05\/28\/automobile-kia-en-pole-position-pour-les-vehicules-particuliers\/\"},\"wordCount\":168,\"commentCount\":0,\"publisher\":{\"@id\":\"https:\/\/kapitalis.com\/tunisie\/#organization\"},\"image\":{\"@id\":\"https:\/\/kapitalis.com\/tunisie\/2015\/05\/28\/automobile-kia-en-pole-position-pour-les-vehicules-particuliers\/#primaryimage\"},\"thumbnailUrl\":\"\",\"keywords\":[\"automobile\",\"City Cars\",\"concessionnaire\",\"\u00e9conomie\",\"Kia\",\"Mehdi Mahjoub\",\"v\u00e9hicules particuliers\"],\"articleSection\":[\"ECONOMIE\"],\"inLanguage\":\"fr-FR\",\"potentialAction\":[{\"@type\":\"CommentAction\",\"name\":\"Comment\",\"target\":[\"https:\/\/kapitalis.com\/tunisie\/2015\/05\/28\/automobile-kia-en-pole-position-pour-les-vehicules-particuliers\/#respond\"]}]},{\"@type\":\"WebPage\",\"@id\":\"https:\/\/kapitalis.com\/tunisie\/2015\/05\/28\/automobile-kia-en-pole-position-pour-les-vehicules-particuliers\/\",\"url\":\"https:\/\/kapitalis.com\/tunisie\/2015\/05\/28\/automobile-kia-en-pole-position-pour-les-vehicules-particuliers\/\",\"name\":\"Automobile: Kia en p\u00f4le position pour les v\u00e9hicules particuliers - Kapitalis\",\"isPartOf\":{\"@id\":\"https:\/\/kapitalis.com\/tunisie\/#website\"},\"primaryImageOfPage\":{\"@id\":\"https:\/\/kapitalis.com\/tunisie\/2015\/05\/28\/automobile-kia-en-pole-position-pour-les-vehicules-particuliers\/#primaryimage\"},\"image\":{\"@id\":\"https:\/\/kapitalis.com\/tunisie\/2015\/05\/28\/automobile-kia-en-pole-position-pour-les-vehicules-particuliers\/#primaryimage\"},\"thumbnailUrl\":\"\",\"datePublished\":\"2015-05-28T09:45:08+00:00\",\"breadcrumb\":{\"@id\":\"https:\/\/kapitalis.com\/tunisie\/2015\/05\/28\/automobile-kia-en-pole-position-pour-les-vehicules-particuliers\/#breadcrumb\"},\"inLanguage\":\"fr-FR\",\"potentialAction\":[{\"@type\":\"ReadAction\",\"target\":[\"https:\/\/kapitalis.com\/tunisie\/2015\/05\/28\/automobile-kia-en-pole-position-pour-les-vehicules-particuliers\/\"]}]},{\"@type\":\"ImageObject\",\"inLanguage\":\"fr-FR\",\"@id\":\"https:\/\/kapitalis.com\/tunisie\/2015\/05\/28\/automobile-kia-en-pole-position-pour-les-vehicules-particuliers\/#primaryimage\",\"url\":\"\",\"contentUrl\":\"\"},{\"@type\":\"BreadcrumbList\",\"@id\":\"https:\/\/kapitalis.com\/tunisie\/2015\/05\/28\/automobile-kia-en-pole-position-pour-les-vehicules-particuliers\/#breadcrumb\",\"itemListElement\":[{\"@type\":\"ListItem\",\"position\":1,\"name\":\"Accueil\",\"item\":\"https:\/\/kapitalis.com\/tunisie\/\"},{\"@type\":\"ListItem\",\"position\":2,\"name\":\"Automobile: Kia en p\u00f4le position pour les v\u00e9hicules particuliers\"}]},{\"@type\":\"WebSite\",\"@id\":\"https:\/\/kapitalis.com\/tunisie\/#website\",\"url\":\"https:\/\/kapitalis.com\/tunisie\/\",\"name\":\"Kapitalis\",\"description\":\"L&#039;actualit\u00e9 en Tunisie et dans le monde\",\"publisher\":{\"@id\":\"https:\/\/kapitalis.com\/tunisie\/#organization\"},\"potentialAction\":[{\"@type\":\"SearchAction\",\"target\":{\"@type\":\"EntryPoint\",\"urlTemplate\":\"https:\/\/kapitalis.com\/tunisie\/?s={search_term_string}\"},\"query-input\":{\"@type\":\"PropertyValueSpecification\",\"valueRequired\":true,\"valueName\":\"search_term_string\"}}],\"inLanguage\":\"fr-FR\"},{\"@type\":\"Organization\",\"@id\":\"https:\/\/kapitalis.com\/tunisie\/#organization\",\"name\":\"Kapitalis\",\"url\":\"https:\/\/kapitalis.com\/tunisie\/\",\"logo\":{\"@type\":\"ImageObject\",\"inLanguage\":\"fr-FR\",\"@id\":\"https:\/\/kapitalis.com\/tunisie\/#\/schema\/logo\/image\/\",\"url\":\"https:\/\/kapitalis.com\/tunisie\/wp-content\/uploads\/2022\/05\/Kapitalis-big-size.png\",\"contentUrl\":\"https:\/\/kapitalis.com\/tunisie\/wp-content\/uploads\/2022\/05\/Kapitalis-big-size.png\",\"width\":5000,\"height\":1500,\"caption\":\"Kapitalis\"},\"image\":{\"@id\":\"https:\/\/kapitalis.com\/tunisie\/#\/schema\/logo\/image\/\"},\"sameAs\":[\"https:\/\/www.facebook.com\/KapitalisInfo\/\",\"https:\/\/x.com\/KapitalisInfo\",\"https:\/\/www.youtube.com\/channel\/UC-yDYrHyfFBWWZaOw3FPg9Q\"]},{\"@type\":\"Person\",\"@id\":\"https:\/\/kapitalis.com\/tunisie\/#\/schema\/person\/aa55121cdc1c0fa4794a24cff31f746f\",\"name\":\"mounir\",\"sameAs\":[\"https:\/\/kapitalis.com\/tunisie\"],\"url\":\"https:\/\/kapitalis.com\/tunisie\/author\/mounir\/\"}]}<\/script>\n<!-- \/ Yoast SEO plugin. -->","yoast_head_json":{"title":"Automobile: Kia en p\u00f4le position pour les v\u00e9hicules particuliers - Kapitalis","robots":{"index":"index","follow":"follow","max-snippet":"max-snippet:-1","max-image-preview":"max-image-preview:large","max-video-preview":"max-video-preview:-1"},"canonical":"https:\/\/kapitalis.com\/tunisie\/2015\/05\/28\/automobile-kia-en-pole-position-pour-les-vehicules-particuliers\/","og_locale":"fr_FR","og_type":"article","og_title":"Automobile: Kia en p\u00f4le position pour les v\u00e9hicules particuliers - Kapitalis","og_description":"City Cars, le concessionnaire de Kia en Tunisie, est pass\u00e9 en premi\u00e8re position pour les v\u00e9hicules particuliers durant les 4 premiers mois de 2015.","og_url":"https:\/\/kapitalis.com\/tunisie\/2015\/05\/28\/automobile-kia-en-pole-position-pour-les-vehicules-particuliers\/","og_site_name":"Kapitalis","article_publisher":"https:\/\/www.facebook.com\/KapitalisInfo\/","article_published_time":"2015-05-28T09:45:08+00:00","og_image":[{"width":1200,"height":630,"url":"https:\/\/kapitalis.com\/tunisie\/wp-content\/uploads\/2022\/05\/kapitalis-logo-fb.png","type":"image\/png"}],"author":"mounir","twitter_card":"summary_large_image","twitter_creator":"@KapitalisInfo","twitter_site":"@KapitalisInfo","twitter_misc":{"\u00c9crit par":"mounir","Dur\u00e9e de lecture estim\u00e9e":"1 minute"},"schema":{"@context":"https:\/\/schema.org","@graph":[{"@type":"Article","@id":"https:\/\/kapitalis.com\/tunisie\/2015\/05\/28\/automobile-kia-en-pole-position-pour-les-vehicules-particuliers\/#article","isPartOf":{"@id":"https:\/\/kapitalis.com\/tunisie\/2015\/05\/28\/automobile-kia-en-pole-position-pour-les-vehicules-particuliers\/"},"author":{"name":"mounir","@id":"https:\/\/kapitalis.com\/tunisie\/#\/schema\/person\/aa55121cdc1c0fa4794a24cff31f746f"},"headline":"Automobile: Kia en p\u00f4le position pour les v\u00e9hicules particuliers","datePublished":"2015-05-28T09:45:08+00:00","mainEntityOfPage":{"@id":"https:\/\/kapitalis.com\/tunisie\/2015\/05\/28\/automobile-kia-en-pole-position-pour-les-vehicules-particuliers\/"},"wordCount":168,"commentCount":0,"publisher":{"@id":"https:\/\/kapitalis.com\/tunisie\/#organization"},"image":{"@id":"https:\/\/kapitalis.com\/tunisie\/2015\/05\/28\/automobile-kia-en-pole-position-pour-les-vehicules-particuliers\/#primaryimage"},"thumbnailUrl":"","keywords":["automobile","City Cars","concessionnaire","\u00e9conomie","Kia","Mehdi Mahjoub","v\u00e9hicules particuliers"],"articleSection":["ECONOMIE"],"inLanguage":"fr-FR","potentialAction":[{"@type":"CommentAction","name":"Comment","target":["https:\/\/kapitalis.com\/tunisie\/2015\/05\/28\/automobile-kia-en-pole-position-pour-les-vehicules-particuliers\/#respond"]}]},{"@type":"WebPage","@id":"https:\/\/kapitalis.com\/tunisie\/2015\/05\/28\/automobile-kia-en-pole-position-pour-les-vehicules-particuliers\/","url":"https:\/\/kapitalis.com\/tunisie\/2015\/05\/28\/automobile-kia-en-pole-position-pour-les-vehicules-particuliers\/","name":"Automobile: Kia en p\u00f4le position pour les v\u00e9hicules particuliers - Kapitalis","isPartOf":{"@id":"https:\/\/kapitalis.com\/tunisie\/#website"},"primaryImageOfPage":{"@id":"https:\/\/kapitalis.com\/tunisie\/2015\/05\/28\/automobile-kia-en-pole-position-pour-les-vehicules-particuliers\/#primaryimage"},"image":{"@id":"https:\/\/kapitalis.com\/tunisie\/2015\/05\/28\/automobile-kia-en-pole-position-pour-les-vehicules-particuliers\/#primaryimage"},"thumbnailUrl":"","datePublished":"2015-05-28T09:45:08+00:00","breadcrumb":{"@id":"https:\/\/kapitalis.com\/tunisie\/2015\/05\/28\/automobile-kia-en-pole-position-pour-les-vehicules-particuliers\/#breadcrumb"},"inLanguage":"fr-FR","potentialAction":[{"@type":"ReadAction","target":["https:\/\/kapitalis.com\/tunisie\/2015\/05\/28\/automobile-kia-en-pole-position-pour-les-vehicules-particuliers\/"]}]},{"@type":"ImageObject","inLanguage":"fr-FR","@id":"https:\/\/kapitalis.com\/tunisie\/2015\/05\/28\/automobile-kia-en-pole-position-pour-les-vehicules-particuliers\/#primaryimage","url":"","contentUrl":""},{"@type":"BreadcrumbList","@id":"https:\/\/kapitalis.com\/tunisie\/2015\/05\/28\/automobile-kia-en-pole-position-pour-les-vehicules-particuliers\/#breadcrumb","itemListElement":[{"@type":"ListItem","position":1,"name":"Accueil","item":"https:\/\/kapitalis.com\/tunisie\/"},{"@type":"ListItem","position":2,"name":"Automobile: Kia en p\u00f4le position pour les v\u00e9hicules particuliers"}]},{"@type":"WebSite","@id":"https:\/\/kapitalis.com\/tunisie\/#website","url":"https:\/\/kapitalis.com\/tunisie\/","name":"Kapitalis","description":"L&#039;actualit\u00e9 en Tunisie et dans le monde","publisher":{"@id":"https:\/\/kapitalis.com\/tunisie\/#organization"},"potentialAction":[{"@type":"SearchAction","target":{"@type":"EntryPoint","urlTemplate":"https:\/\/kapitalis.com\/tunisie\/?s={search_term_string}"},"query-input":{"@type":"PropertyValueSpecification","valueRequired":true,"valueName":"search_term_string"}}],"inLanguage":"fr-FR"},{"@type":"Organization","@id":"https:\/\/kapitalis.com\/tunisie\/#organization","name":"Kapitalis","url":"https:\/\/kapitalis.com\/tunisie\/","logo":{"@type":"ImageObject","inLanguage":"fr-FR","@id":"https:\/\/kapitalis.com\/tunisie\/#\/schema\/logo\/image\/","url":"https:\/\/kapitalis.com\/tunisie\/wp-content\/uploads\/2022\/05\/Kapitalis-big-size.png","contentUrl":"https:\/\/kapitalis.com\/tunisie\/wp-content\/uploads\/2022\/05\/Kapitalis-big-size.png","width":5000,"height":1500,"caption":"Kapitalis"},"image":{"@id":"https:\/\/kapitalis.com\/tunisie\/#\/schema\/logo\/image\/"},"sameAs":["https:\/\/www.facebook.com\/KapitalisInfo\/","https:\/\/x.com\/KapitalisInfo","https:\/\/www.youtube.com\/channel\/UC-yDYrHyfFBWWZaOw3FPg9Q"]},{"@type":"Person","@id":"https:\/\/kapitalis.com\/tunisie\/#\/schema\/person\/aa55121cdc1c0fa4794a24cff31f746f","name":"mounir","sameAs":["https:\/\/kapitalis.com\/tunisie"],"url":"https:\/\/kapitalis.com\/tunisie\/author\/mounir\/"}]}},"_links":{"self":[{"href":"https:\/\/kapitalis.com\/tunisie\/wp-json\/wp\/v2\/posts\/1467","targetHints":{"allow":["GET"]}}],"collection":[{"href":"https:\/\/kapitalis.com\/tunisie\/wp-json\/wp\/v2\/posts"}],"about":[{"href":"https:\/\/kapitalis.com\/tunisie\/wp-json\/wp\/v2\/types\/post"}],"author":[{"embeddable":true,"href":"https:\/\/kapitalis.com\/tunisie\/wp-json\/wp\/v2\/users\/1"}],"replies":[{"embeddable":true,"href":"https:\/\/kapitalis.com\/tunisie\/wp-json\/wp\/v2\/comments?post=1467"}],"version-history":[{"count":0,"href":"https:\/\/kapitalis.com\/tunisie\/wp-json\/wp\/v2\/posts\/1467\/revisions"}],"wp:featuredmedia":[{"embeddable":true,"href":"https:\/\/kapitalis.com\/tunisie\/wp-json\/wp\/v2\/media\/1468"}],"wp:attachment":[{"href":"https:\/\/kapitalis.com\/tunisie\/wp-json\/wp\/v2\/media?parent=1467"}],"wp:term":[{"taxonomy":"category","embeddable":true,"href":"https:\/\/kapitalis.com\/tunisie\/wp-json\/wp\/v2\/categories?post=1467"},{"taxonomy":"post_tag","embeddable":true,"href":"https:\/\/kapitalis.com\/tunisie\/wp-json\/wp\/v2\/tags?post=1467"}],"curies":[{"name":"wp","href":"https:\/\/api.w.org\/{rel}","templated":true}]}}