{"id":1467945,"date":"2022-06-15T06:58:46","date_gmt":"2022-06-15T05:58:46","guid":{"rendered":"https:\/\/kapitalis.com\/tunisie\/?p=1467945"},"modified":"2022-06-15T06:58:48","modified_gmt":"2022-06-15T05:58:48","slug":"moncef-marzouki-kais-saied-est-un-psychotique-qui-est-en-train-de-detruire-la-tunisie","status":"publish","type":"post","link":"https:\/\/kapitalis.com\/tunisie\/2022\/06\/15\/moncef-marzouki-kais-saied-est-un-psychotique-qui-est-en-train-de-detruire-la-tunisie\/","title":{"rendered":"Moncef Marzouki\u00a0: \u00abKa\u00efs Sa\u00efed est un psychotique qui est en train de d\u00e9truire la Tunisie\u00bb"},"content":{"rendered":"\n<p><strong><em>Il ne se passe pas une semaine sans que Mohamed Moncef Marzouki, l\u2019ancien pr\u00e9sident \u00abprovisoire\u00bb (non \u00e9lu mais impos\u00e9 par le parti islamiste Ennahdha), tire \u00e0 boulets rouges sur le pr\u00e9sident de la r\u00e9publique Ka\u00efs Sa\u00efed, qui est \u00e9lu, lui, directement par le peuple avec 72% des suffrages. <a href=\"https:\/\/kapitalis.com\/anbaa-tounes\/2022\/06\/14\/%d8%a7%d9%84%d9%85%d9%86%d8%b5%d9%81-%d8%a7%d9%84%d9%85%d8%b1%d8%b2%d9%88%d9%82%d9%8a-%d8%a3%d8%aa%d8%ad%d8%af%d8%ab-%d9%83%d8%b7%d8%a8%d9%8a%d8%a8-%d9%82%d9%8a%d8%b3-%d8%b3%d8%b9%d9%8a%d9%91%d8%af\/\" target=\"_blank\" rel=\"noreferrer noopener\">Vid\u00e9o. <\/a><\/em><\/strong><\/p>\n\n\n\n<!--more-->\n\n\n\n<p>Parlant du locataire du palais de Carthage, M. Marzouki a d\u00e9clar\u00e9, dans l&rsquo;\u00e9mission \u2018\u2018<em>Hassad 24\u2019\u2019<\/em> sur Zitouna TV, la cha\u00eene islamiste diffusant ill\u00e9galement ses programmes, n\u2019\u00e9tant pas autoris\u00e9 par la Haute instance ind\u00e9pendante de la communication audio-visuelle (Haica) pour avoir refus\u00e9 de r\u00e9v\u00e9ler la source de ses financements&nbsp;occultes : <em>\u00abTout le monde doit comprendre que l&rsquo;homme est un psychotique et qu&rsquo;il est en train de d\u00e9truire la Tunisie. Je parle en tant que m\u00e9decin. Comment un peuple peut-il livrer son sort \u00e0 une personne souffrant de troubles psychologiques et mentaux ?\u00bb<\/em><\/p>\n\n\n\n<p>M. Marzouki n\u2019y va pas de main morte ni ne choisit ses mots. Il ajoute, ne cachant pas sa col\u00e8re : <em>\u00abMais bon dieu, r\u00e9veillez-vous&nbsp;! Je ressens de l&rsquo;amertume et de la col\u00e8re parce que je vois que mon pays est en train d&rsquo;\u00eatre d\u00e9truit, et les gens cr\u00e9dules et ignorants vous disent&nbsp;\u2018\u2018non laissez-le continuer\u2019\u2019&#8230; jusqu&rsquo;\u00e0 quand va-t-il continuer&nbsp;? Jusqu\u2019\u00e0 ce que la maison s\u2019effondre et vous ne trouvez plus o\u00f9 habiter?\u00bb<\/em><\/p>\n\n\n\n<p>M. Marzouki a vivement critiqu\u00e9 ensuite ceux qui trouvent toujours des justifications aux actions du pr\u00e9sident de la r\u00e9publique et qui demandent qu&rsquo;on lui laisse suffisamment de temps pour r\u00e9former un pays exsangue et au bord de la faillite financi\u00e8re et de l\u2019explosion sociale. Vid\u00e9o. <\/p>\n\n\n\n<p>Il convient de rappeler qu&rsquo;\u00e0 la pr\u00e9sidentielle de 2019, M. Marzouki a \u00e9t\u00e9 balay\u00e9 d\u00e8s le premier tour, arrivant \u00e0 la 11e place avec 100 338 voix et 2,97 % des suffrages exprim\u00e9s. On comprend donc ais\u00e9ment la haine qu&rsquo;il voue \u00e0 M. Sa\u00efed, m\u00eame si les d\u00e9cisions et les actions de ce dernier ne sont pas toujours frapp\u00e9s au coin du bon sens. Et qu&rsquo;il ont de quoi susciter les inqui\u00e9tudes et les col\u00e8res. Mais celles exprim\u00e9es par M. Marzouki ont peu de chance d&rsquo;\u00eatre entendues par les Tunisiens, m\u00eame parmi les opposants au pr\u00e9sident de la r\u00e9publique.  <\/p>\n\n\n\n<p class=\"has-text-align-right\"><strong>I. B.<\/strong><\/p>\n\n\n\n<h4 class=\"wp-block-heading\"><em>Articles li\u00e9s\u00a0:<\/em><\/h4>\n\n\n\n<figure class=\"wp-block-embed is-type-wp-embed is-provider-kapitalis wp-block-embed-kapitalis\"><div class=\"wp-block-embed__wrapper\">\n<blockquote class=\"wp-embedded-content\" data-secret=\"oYEGlMQumF\"><a href=\"https:\/\/kapitalis.com\/tunisie\/2022\/05\/29\/tunisie-moncef-marzouki-appelle-a-la-mobilisation-nationale-contre-kais-saied\/\">Tunisie\u00a0: Moncef Marzouki appelle \u00e0 la mobilisation nationale contre Ka\u00efs Sa\u00efed<\/a><\/blockquote><iframe loading=\"lazy\" class=\"wp-embedded-content\" sandbox=\"allow-scripts\" security=\"restricted\" style=\"position: absolute; clip: rect(1px, 1px, 1px, 1px);\" title=\"\u00ab\u00a0Tunisie\u00a0: Moncef Marzouki appelle \u00e0 la mobilisation nationale contre Ka\u00efs Sa\u00efed\u00a0\u00bb &#8212; Kapitalis\" src=\"https:\/\/kapitalis.com\/tunisie\/2022\/05\/29\/tunisie-moncef-marzouki-appelle-a-la-mobilisation-nationale-contre-kais-saied\/embed\/#?secret=n2OT7svvZI#?secret=oYEGlMQumF\" data-secret=\"oYEGlMQumF\" width=\"600\" height=\"338\" frameborder=\"0\" marginwidth=\"0\" marginheight=\"0\" scrolling=\"no\"><\/iframe>\n<\/div><\/figure>\n\n\n\n<figure class=\"wp-block-embed is-type-wp-embed is-provider-kapitalis wp-block-embed-kapitalis\"><div class=\"wp-block-embed__wrapper\">\n<blockquote class=\"wp-embedded-content\" data-secret=\"bzJcxxewpk\"><a href=\"https:\/\/kapitalis.com\/tunisie\/2022\/03\/22\/moncef-marzouki-la-decision-de-destituer-saied-par-un-coup-detat-a-ete-prise-video\/\">Moncef Marzouki : \u00abSa\u00efed sera destitu\u00e9 par un coup d&rsquo;\u00c9tat dans le coup d&rsquo;Etat\u00bb (Vid\u00e9o)<\/a><\/blockquote><iframe loading=\"lazy\" class=\"wp-embedded-content\" sandbox=\"allow-scripts\" security=\"restricted\" style=\"position: absolute; clip: rect(1px, 1px, 1px, 1px);\" title=\"\u00ab\u00a0Moncef Marzouki : \u00abSa\u00efed sera destitu\u00e9 par un coup d&rsquo;\u00c9tat dans le coup d&rsquo;Etat\u00bb (Vid\u00e9o)\u00a0\u00bb &#8212; Kapitalis\" src=\"https:\/\/kapitalis.com\/tunisie\/2022\/03\/22\/moncef-marzouki-la-decision-de-destituer-saied-par-un-coup-detat-a-ete-prise-video\/embed\/#?secret=OgyHoJexCx#?secret=bzJcxxewpk\" data-secret=\"bzJcxxewpk\" width=\"600\" height=\"338\" frameborder=\"0\" marginwidth=\"0\" marginheight=\"0\" scrolling=\"no\"><\/iframe>\n<\/div><\/figure>\n\n\n\n<figure class=\"wp-block-embed is-type-wp-embed is-provider-kapitalis wp-block-embed-kapitalis\"><div class=\"wp-block-embed__wrapper\">\n<blockquote class=\"wp-embedded-content\" data-secret=\"vJitA0g22d\"><a href=\"https:\/\/kapitalis.com\/tunisie\/2022\/01\/02\/moncef-marzouki-le-referendum-electronique-est-une-nouvelle-escroquerie\/\">Moncef Marzouki : \u00abLe r\u00e9f\u00e9rendum \u00e9lectronique est une nouvelle escroquerie\u00bb<\/a><\/blockquote><iframe loading=\"lazy\" class=\"wp-embedded-content\" sandbox=\"allow-scripts\" security=\"restricted\" style=\"position: absolute; clip: rect(1px, 1px, 1px, 1px);\" title=\"\u00ab\u00a0Moncef Marzouki : \u00abLe r\u00e9f\u00e9rendum \u00e9lectronique est une nouvelle escroquerie\u00bb\u00a0\u00bb &#8212; Kapitalis\" src=\"https:\/\/kapitalis.com\/tunisie\/2022\/01\/02\/moncef-marzouki-le-referendum-electronique-est-une-nouvelle-escroquerie\/embed\/#?secret=xfU8tNd8GS#?secret=vJitA0g22d\" data-secret=\"vJitA0g22d\" width=\"600\" height=\"338\" frameborder=\"0\" marginwidth=\"0\" marginheight=\"0\" scrolling=\"no\"><\/iframe>\n<\/div><\/figure>\n","protected":false},"excerpt":{"rendered":"<p>Moncef Marzouki s&rsquo;interroge ; \u00abComment un peuple peut-il livrer son sort \u00e0 une personne souffrant de troubles psychologiques et mentaux ?\u00bb<\/p>\n","protected":false},"author":8,"featured_media":1468073,"comment_status":"open","ping_status":"open","sticky":false,"template":"","format":"standard","meta":{"footnotes":""},"categories":[997,2433],"tags":[49543,76012,634,62643,3010],"class_list":["post-1467945","post","type-post","status-publish","format-standard","has-post-thumbnail","hentry","category-politique","category-tunisie","tag-ennahdha","tag-kais-saied-2","tag-moncef-marzouki","tag-tunisie","tag-zitouna-tv"],"yoast_head":"<!-- This site is optimized with the Yoast SEO plugin v26.6 - https:\/\/yoast.com\/wordpress\/plugins\/seo\/ -->\n<title>Moncef Marzouki\u00a0: \u00abKa\u00efs Sa\u00efed est un psychotique qui est en train de d\u00e9truire la Tunisie\u00bb - Kapitalis<\/title>\n<meta name=\"robots\" content=\"index, follow, max-snippet:-1, max-image-preview:large, max-video-preview:-1\" \/>\n<link rel=\"canonical\" href=\"https:\/\/kapitalis.com\/tunisie\/2022\/06\/15\/moncef-marzouki-kais-saied-est-un-psychotique-qui-est-en-train-de-detruire-la-tunisie\/\" \/>\n<meta property=\"og:locale\" content=\"fr_FR\" \/>\n<meta property=\"og:type\" content=\"article\" \/>\n<meta property=\"og:title\" content=\"Moncef Marzouki\u00a0: \u00abKa\u00efs Sa\u00efed est un psychotique qui est en train de d\u00e9truire la Tunisie\u00bb - Kapitalis\" \/>\n<meta property=\"og:description\" content=\"Moncef Marzouki s&#039;interroge ; \u00abComment un peuple peut-il livrer son sort \u00e0 une personne souffrant de troubles psychologiques et mentaux ?\u00bb\" \/>\n<meta property=\"og:url\" content=\"https:\/\/kapitalis.com\/tunisie\/2022\/06\/15\/moncef-marzouki-kais-saied-est-un-psychotique-qui-est-en-train-de-detruire-la-tunisie\/\" \/>\n<meta property=\"og:site_name\" content=\"Kapitalis\" \/>\n<meta property=\"article:publisher\" content=\"https:\/\/www.facebook.com\/KapitalisInfo\/\" \/>\n<meta property=\"article:published_time\" content=\"2022-06-15T05:58:46+00:00\" \/>\n<meta property=\"article:modified_time\" content=\"2022-06-15T05:58:48+00:00\" \/>\n<meta property=\"og:image\" content=\"https:\/\/kapitalis.com\/tunisie\/wp-content\/uploads\/2022\/06\/Moncef-Marzouki.jpg\" \/>\n\t<meta property=\"og:image:width\" content=\"1200\" \/>\n\t<meta property=\"og:image:height\" content=\"630\" \/>\n\t<meta property=\"og:image:type\" content=\"image\/jpeg\" \/>\n<meta name=\"author\" content=\"webmaster kapitalis\" \/>\n<meta name=\"twitter:card\" content=\"summary_large_image\" \/>\n<meta name=\"twitter:creator\" content=\"@KapitalisInfo\" \/>\n<meta name=\"twitter:site\" content=\"@KapitalisInfo\" \/>\n<meta name=\"twitter:label1\" content=\"\u00c9crit par\" \/>\n\t<meta name=\"twitter:data1\" content=\"webmaster kapitalis\" \/>\n\t<meta name=\"twitter:label2\" content=\"Dur\u00e9e de lecture estim\u00e9e\" \/>\n\t<meta name=\"twitter:data2\" content=\"2 minutes\" \/>\n<script type=\"application\/ld+json\" class=\"yoast-schema-graph\">{\"@context\":\"https:\/\/schema.org\",\"@graph\":[{\"@type\":\"Article\",\"@id\":\"https:\/\/kapitalis.com\/tunisie\/2022\/06\/15\/moncef-marzouki-kais-saied-est-un-psychotique-qui-est-en-train-de-detruire-la-tunisie\/#article\",\"isPartOf\":{\"@id\":\"https:\/\/kapitalis.com\/tunisie\/2022\/06\/15\/moncef-marzouki-kais-saied-est-un-psychotique-qui-est-en-train-de-detruire-la-tunisie\/\"},\"author\":{\"name\":\"webmaster kapitalis\",\"@id\":\"https:\/\/kapitalis.com\/tunisie\/#\/schema\/person\/d71f33a9ca44f7bad4698210b480c8e9\"},\"headline\":\"Moncef Marzouki\u00a0: \u00abKa\u00efs Sa\u00efed est un psychotique qui est en train de d\u00e9truire la Tunisie\u00bb\",\"datePublished\":\"2022-06-15T05:58:46+00:00\",\"dateModified\":\"2022-06-15T05:58:48+00:00\",\"mainEntityOfPage\":{\"@id\":\"https:\/\/kapitalis.com\/tunisie\/2022\/06\/15\/moncef-marzouki-kais-saied-est-un-psychotique-qui-est-en-train-de-detruire-la-tunisie\/\"},\"wordCount\":432,\"commentCount\":8,\"publisher\":{\"@id\":\"https:\/\/kapitalis.com\/tunisie\/#organization\"},\"image\":{\"@id\":\"https:\/\/kapitalis.com\/tunisie\/2022\/06\/15\/moncef-marzouki-kais-saied-est-un-psychotique-qui-est-en-train-de-detruire-la-tunisie\/#primaryimage\"},\"thumbnailUrl\":\"https:\/\/kapitalis.com\/tunisie\/wp-content\/uploads\/2022\/06\/Moncef-Marzouki.jpg\",\"keywords\":[\"Ennahdha\",\"Ka\u00efs Sa\u00efed\",\"Moncef Marzouki\",\"Tunisie\",\"Zitouna TV\"],\"articleSection\":[\"POLITIQUE\",\"Tunisie\"],\"inLanguage\":\"fr-FR\",\"potentialAction\":[{\"@type\":\"CommentAction\",\"name\":\"Comment\",\"target\":[\"https:\/\/kapitalis.com\/tunisie\/2022\/06\/15\/moncef-marzouki-kais-saied-est-un-psychotique-qui-est-en-train-de-detruire-la-tunisie\/#respond\"]}]},{\"@type\":\"WebPage\",\"@id\":\"https:\/\/kapitalis.com\/tunisie\/2022\/06\/15\/moncef-marzouki-kais-saied-est-un-psychotique-qui-est-en-train-de-detruire-la-tunisie\/\",\"url\":\"https:\/\/kapitalis.com\/tunisie\/2022\/06\/15\/moncef-marzouki-kais-saied-est-un-psychotique-qui-est-en-train-de-detruire-la-tunisie\/\",\"name\":\"Moncef Marzouki\u00a0: \u00abKa\u00efs Sa\u00efed est un psychotique qui est en train de d\u00e9truire la Tunisie\u00bb - Kapitalis\",\"isPartOf\":{\"@id\":\"https:\/\/kapitalis.com\/tunisie\/#website\"},\"primaryImageOfPage\":{\"@id\":\"https:\/\/kapitalis.com\/tunisie\/2022\/06\/15\/moncef-marzouki-kais-saied-est-un-psychotique-qui-est-en-train-de-detruire-la-tunisie\/#primaryimage\"},\"image\":{\"@id\":\"https:\/\/kapitalis.com\/tunisie\/2022\/06\/15\/moncef-marzouki-kais-saied-est-un-psychotique-qui-est-en-train-de-detruire-la-tunisie\/#primaryimage\"},\"thumbnailUrl\":\"https:\/\/kapitalis.com\/tunisie\/wp-content\/uploads\/2022\/06\/Moncef-Marzouki.jpg\",\"datePublished\":\"2022-06-15T05:58:46+00:00\",\"dateModified\":\"2022-06-15T05:58:48+00:00\",\"breadcrumb\":{\"@id\":\"https:\/\/kapitalis.com\/tunisie\/2022\/06\/15\/moncef-marzouki-kais-saied-est-un-psychotique-qui-est-en-train-de-detruire-la-tunisie\/#breadcrumb\"},\"inLanguage\":\"fr-FR\",\"potentialAction\":[{\"@type\":\"ReadAction\",\"target\":[\"https:\/\/kapitalis.com\/tunisie\/2022\/06\/15\/moncef-marzouki-kais-saied-est-un-psychotique-qui-est-en-train-de-detruire-la-tunisie\/\"]}]},{\"@type\":\"ImageObject\",\"inLanguage\":\"fr-FR\",\"@id\":\"https:\/\/kapitalis.com\/tunisie\/2022\/06\/15\/moncef-marzouki-kais-saied-est-un-psychotique-qui-est-en-train-de-detruire-la-tunisie\/#primaryimage\",\"url\":\"https:\/\/kapitalis.com\/tunisie\/wp-content\/uploads\/2022\/06\/Moncef-Marzouki.jpg\",\"contentUrl\":\"https:\/\/kapitalis.com\/tunisie\/wp-content\/uploads\/2022\/06\/Moncef-Marzouki.jpg\",\"width\":1200,\"height\":630},{\"@type\":\"BreadcrumbList\",\"@id\":\"https:\/\/kapitalis.com\/tunisie\/2022\/06\/15\/moncef-marzouki-kais-saied-est-un-psychotique-qui-est-en-train-de-detruire-la-tunisie\/#breadcrumb\",\"itemListElement\":[{\"@type\":\"ListItem\",\"position\":1,\"name\":\"Accueil\",\"item\":\"https:\/\/kapitalis.com\/tunisie\/\"},{\"@type\":\"ListItem\",\"position\":2,\"name\":\"Moncef Marzouki\u00a0: \u00abKa\u00efs Sa\u00efed est un psychotique qui est en train de d\u00e9truire la Tunisie\u00bb\"}]},{\"@type\":\"WebSite\",\"@id\":\"https:\/\/kapitalis.com\/tunisie\/#website\",\"url\":\"https:\/\/kapitalis.com\/tunisie\/\",\"name\":\"Kapitalis\",\"description\":\"L&#039;actualit\u00e9 en Tunisie et dans le monde\",\"publisher\":{\"@id\":\"https:\/\/kapitalis.com\/tunisie\/#organization\"},\"potentialAction\":[{\"@type\":\"SearchAction\",\"target\":{\"@type\":\"EntryPoint\",\"urlTemplate\":\"https:\/\/kapitalis.com\/tunisie\/?s={search_term_string}\"},\"query-input\":{\"@type\":\"PropertyValueSpecification\",\"valueRequired\":true,\"valueName\":\"search_term_string\"}}],\"inLanguage\":\"fr-FR\"},{\"@type\":\"Organization\",\"@id\":\"https:\/\/kapitalis.com\/tunisie\/#organization\",\"name\":\"Kapitalis\",\"url\":\"https:\/\/kapitalis.com\/tunisie\/\",\"logo\":{\"@type\":\"ImageObject\",\"inLanguage\":\"fr-FR\",\"@id\":\"https:\/\/kapitalis.com\/tunisie\/#\/schema\/logo\/image\/\",\"url\":\"https:\/\/kapitalis.com\/tunisie\/wp-content\/uploads\/2022\/05\/Kapitalis-big-size.png\",\"contentUrl\":\"https:\/\/kapitalis.com\/tunisie\/wp-content\/uploads\/2022\/05\/Kapitalis-big-size.png\",\"width\":5000,\"height\":1500,\"caption\":\"Kapitalis\"},\"image\":{\"@id\":\"https:\/\/kapitalis.com\/tunisie\/#\/schema\/logo\/image\/\"},\"sameAs\":[\"https:\/\/www.facebook.com\/KapitalisInfo\/\",\"https:\/\/x.com\/KapitalisInfo\",\"https:\/\/www.youtube.com\/channel\/UC-yDYrHyfFBWWZaOw3FPg9Q\"]},{\"@type\":\"Person\",\"@id\":\"https:\/\/kapitalis.com\/tunisie\/#\/schema\/person\/d71f33a9ca44f7bad4698210b480c8e9\",\"name\":\"webmaster kapitalis\",\"url\":\"https:\/\/kapitalis.com\/tunisie\/author\/webmaster-kapitalis\/\"}]}<\/script>\n<!-- \/ Yoast SEO plugin. -->","yoast_head_json":{"title":"Moncef Marzouki\u00a0: \u00abKa\u00efs Sa\u00efed est un psychotique qui est en train de d\u00e9truire la Tunisie\u00bb - Kapitalis","robots":{"index":"index","follow":"follow","max-snippet":"max-snippet:-1","max-image-preview":"max-image-preview:large","max-video-preview":"max-video-preview:-1"},"canonical":"https:\/\/kapitalis.com\/tunisie\/2022\/06\/15\/moncef-marzouki-kais-saied-est-un-psychotique-qui-est-en-train-de-detruire-la-tunisie\/","og_locale":"fr_FR","og_type":"article","og_title":"Moncef Marzouki\u00a0: \u00abKa\u00efs Sa\u00efed est un psychotique qui est en train de d\u00e9truire la Tunisie\u00bb - Kapitalis","og_description":"Moncef Marzouki s'interroge ; \u00abComment un peuple peut-il livrer son sort \u00e0 une personne souffrant de troubles psychologiques et mentaux ?\u00bb","og_url":"https:\/\/kapitalis.com\/tunisie\/2022\/06\/15\/moncef-marzouki-kais-saied-est-un-psychotique-qui-est-en-train-de-detruire-la-tunisie\/","og_site_name":"Kapitalis","article_publisher":"https:\/\/www.facebook.com\/KapitalisInfo\/","article_published_time":"2022-06-15T05:58:46+00:00","article_modified_time":"2022-06-15T05:58:48+00:00","og_image":[{"width":1200,"height":630,"url":"https:\/\/kapitalis.com\/tunisie\/wp-content\/uploads\/2022\/06\/Moncef-Marzouki.jpg","type":"image\/jpeg"}],"author":"webmaster kapitalis","twitter_card":"summary_large_image","twitter_creator":"@KapitalisInfo","twitter_site":"@KapitalisInfo","twitter_misc":{"\u00c9crit par":"webmaster kapitalis","Dur\u00e9e de lecture estim\u00e9e":"2 minutes"},"schema":{"@context":"https:\/\/schema.org","@graph":[{"@type":"Article","@id":"https:\/\/kapitalis.com\/tunisie\/2022\/06\/15\/moncef-marzouki-kais-saied-est-un-psychotique-qui-est-en-train-de-detruire-la-tunisie\/#article","isPartOf":{"@id":"https:\/\/kapitalis.com\/tunisie\/2022\/06\/15\/moncef-marzouki-kais-saied-est-un-psychotique-qui-est-en-train-de-detruire-la-tunisie\/"},"author":{"name":"webmaster kapitalis","@id":"https:\/\/kapitalis.com\/tunisie\/#\/schema\/person\/d71f33a9ca44f7bad4698210b480c8e9"},"headline":"Moncef Marzouki\u00a0: \u00abKa\u00efs Sa\u00efed est un psychotique qui est en train de d\u00e9truire la Tunisie\u00bb","datePublished":"2022-06-15T05:58:46+00:00","dateModified":"2022-06-15T05:58:48+00:00","mainEntityOfPage":{"@id":"https:\/\/kapitalis.com\/tunisie\/2022\/06\/15\/moncef-marzouki-kais-saied-est-un-psychotique-qui-est-en-train-de-detruire-la-tunisie\/"},"wordCount":432,"commentCount":8,"publisher":{"@id":"https:\/\/kapitalis.com\/tunisie\/#organization"},"image":{"@id":"https:\/\/kapitalis.com\/tunisie\/2022\/06\/15\/moncef-marzouki-kais-saied-est-un-psychotique-qui-est-en-train-de-detruire-la-tunisie\/#primaryimage"},"thumbnailUrl":"https:\/\/kapitalis.com\/tunisie\/wp-content\/uploads\/2022\/06\/Moncef-Marzouki.jpg","keywords":["Ennahdha","Ka\u00efs Sa\u00efed","Moncef Marzouki","Tunisie","Zitouna TV"],"articleSection":["POLITIQUE","Tunisie"],"inLanguage":"fr-FR","potentialAction":[{"@type":"CommentAction","name":"Comment","target":["https:\/\/kapitalis.com\/tunisie\/2022\/06\/15\/moncef-marzouki-kais-saied-est-un-psychotique-qui-est-en-train-de-detruire-la-tunisie\/#respond"]}]},{"@type":"WebPage","@id":"https:\/\/kapitalis.com\/tunisie\/2022\/06\/15\/moncef-marzouki-kais-saied-est-un-psychotique-qui-est-en-train-de-detruire-la-tunisie\/","url":"https:\/\/kapitalis.com\/tunisie\/2022\/06\/15\/moncef-marzouki-kais-saied-est-un-psychotique-qui-est-en-train-de-detruire-la-tunisie\/","name":"Moncef Marzouki\u00a0: \u00abKa\u00efs Sa\u00efed est un psychotique qui est en train de d\u00e9truire la Tunisie\u00bb - Kapitalis","isPartOf":{"@id":"https:\/\/kapitalis.com\/tunisie\/#website"},"primaryImageOfPage":{"@id":"https:\/\/kapitalis.com\/tunisie\/2022\/06\/15\/moncef-marzouki-kais-saied-est-un-psychotique-qui-est-en-train-de-detruire-la-tunisie\/#primaryimage"},"image":{"@id":"https:\/\/kapitalis.com\/tunisie\/2022\/06\/15\/moncef-marzouki-kais-saied-est-un-psychotique-qui-est-en-train-de-detruire-la-tunisie\/#primaryimage"},"thumbnailUrl":"https:\/\/kapitalis.com\/tunisie\/wp-content\/uploads\/2022\/06\/Moncef-Marzouki.jpg","datePublished":"2022-06-15T05:58:46+00:00","dateModified":"2022-06-15T05:58:48+00:00","breadcrumb":{"@id":"https:\/\/kapitalis.com\/tunisie\/2022\/06\/15\/moncef-marzouki-kais-saied-est-un-psychotique-qui-est-en-train-de-detruire-la-tunisie\/#breadcrumb"},"inLanguage":"fr-FR","potentialAction":[{"@type":"ReadAction","target":["https:\/\/kapitalis.com\/tunisie\/2022\/06\/15\/moncef-marzouki-kais-saied-est-un-psychotique-qui-est-en-train-de-detruire-la-tunisie\/"]}]},{"@type":"ImageObject","inLanguage":"fr-FR","@id":"https:\/\/kapitalis.com\/tunisie\/2022\/06\/15\/moncef-marzouki-kais-saied-est-un-psychotique-qui-est-en-train-de-detruire-la-tunisie\/#primaryimage","url":"https:\/\/kapitalis.com\/tunisie\/wp-content\/uploads\/2022\/06\/Moncef-Marzouki.jpg","contentUrl":"https:\/\/kapitalis.com\/tunisie\/wp-content\/uploads\/2022\/06\/Moncef-Marzouki.jpg","width":1200,"height":630},{"@type":"BreadcrumbList","@id":"https:\/\/kapitalis.com\/tunisie\/2022\/06\/15\/moncef-marzouki-kais-saied-est-un-psychotique-qui-est-en-train-de-detruire-la-tunisie\/#breadcrumb","itemListElement":[{"@type":"ListItem","position":1,"name":"Accueil","item":"https:\/\/kapitalis.com\/tunisie\/"},{"@type":"ListItem","position":2,"name":"Moncef Marzouki\u00a0: \u00abKa\u00efs Sa\u00efed est un psychotique qui est en train de d\u00e9truire la Tunisie\u00bb"}]},{"@type":"WebSite","@id":"https:\/\/kapitalis.com\/tunisie\/#website","url":"https:\/\/kapitalis.com\/tunisie\/","name":"Kapitalis","description":"L&#039;actualit\u00e9 en Tunisie et dans le monde","publisher":{"@id":"https:\/\/kapitalis.com\/tunisie\/#organization"},"potentialAction":[{"@type":"SearchAction","target":{"@type":"EntryPoint","urlTemplate":"https:\/\/kapitalis.com\/tunisie\/?s={search_term_string}"},"query-input":{"@type":"PropertyValueSpecification","valueRequired":true,"valueName":"search_term_string"}}],"inLanguage":"fr-FR"},{"@type":"Organization","@id":"https:\/\/kapitalis.com\/tunisie\/#organization","name":"Kapitalis","url":"https:\/\/kapitalis.com\/tunisie\/","logo":{"@type":"ImageObject","inLanguage":"fr-FR","@id":"https:\/\/kapitalis.com\/tunisie\/#\/schema\/logo\/image\/","url":"https:\/\/kapitalis.com\/tunisie\/wp-content\/uploads\/2022\/05\/Kapitalis-big-size.png","contentUrl":"https:\/\/kapitalis.com\/tunisie\/wp-content\/uploads\/2022\/05\/Kapitalis-big-size.png","width":5000,"height":1500,"caption":"Kapitalis"},"image":{"@id":"https:\/\/kapitalis.com\/tunisie\/#\/schema\/logo\/image\/"},"sameAs":["https:\/\/www.facebook.com\/KapitalisInfo\/","https:\/\/x.com\/KapitalisInfo","https:\/\/www.youtube.com\/channel\/UC-yDYrHyfFBWWZaOw3FPg9Q"]},{"@type":"Person","@id":"https:\/\/kapitalis.com\/tunisie\/#\/schema\/person\/d71f33a9ca44f7bad4698210b480c8e9","name":"webmaster kapitalis","url":"https:\/\/kapitalis.com\/tunisie\/author\/webmaster-kapitalis\/"}]}},"_links":{"self":[{"href":"https:\/\/kapitalis.com\/tunisie\/wp-json\/wp\/v2\/posts\/1467945","targetHints":{"allow":["GET"]}}],"collection":[{"href":"https:\/\/kapitalis.com\/tunisie\/wp-json\/wp\/v2\/posts"}],"about":[{"href":"https:\/\/kapitalis.com\/tunisie\/wp-json\/wp\/v2\/types\/post"}],"author":[{"embeddable":true,"href":"https:\/\/kapitalis.com\/tunisie\/wp-json\/wp\/v2\/users\/8"}],"replies":[{"embeddable":true,"href":"https:\/\/kapitalis.com\/tunisie\/wp-json\/wp\/v2\/comments?post=1467945"}],"version-history":[{"count":0,"href":"https:\/\/kapitalis.com\/tunisie\/wp-json\/wp\/v2\/posts\/1467945\/revisions"}],"wp:featuredmedia":[{"embeddable":true,"href":"https:\/\/kapitalis.com\/tunisie\/wp-json\/wp\/v2\/media\/1468073"}],"wp:attachment":[{"href":"https:\/\/kapitalis.com\/tunisie\/wp-json\/wp\/v2\/media?parent=1467945"}],"wp:term":[{"taxonomy":"category","embeddable":true,"href":"https:\/\/kapitalis.com\/tunisie\/wp-json\/wp\/v2\/categories?post=1467945"},{"taxonomy":"post_tag","embeddable":true,"href":"https:\/\/kapitalis.com\/tunisie\/wp-json\/wp\/v2\/tags?post=1467945"}],"curies":[{"name":"wp","href":"https:\/\/api.w.org\/{rel}","templated":true}]}}