{"id":14680871,"date":"2024-11-21T22:18:38","date_gmt":"2024-11-21T21:18:38","guid":{"rendered":"https:\/\/kapitalis.com\/tunisie\/?p=14680871"},"modified":"2024-11-21T22:24:52","modified_gmt":"2024-11-21T21:24:52","slug":"serie-de-mesures-pour-ameliorer-le-secteur-du-transport-a-gabes-kebili-ministere","status":"publish","type":"post","link":"https:\/\/kapitalis.com\/tunisie\/2024\/11\/21\/serie-de-mesures-pour-ameliorer-le-secteur-du-transport-a-gabes-kebili-ministere\/","title":{"rendered":"S\u00e9rie de mesures pour am\u00e9liorer le secteur du transport \u00e0 Gab\u00e8s &amp; K\u00e9bili (Minist\u00e8re)"},"content":{"rendered":"\n<p><em><strong>Le minist\u00e8re du Transport a annonc\u00e9, dans la soir\u00e9e de ce jeudi 21 novembre 2024, une s\u00e9rie de mesures urgentes \u00e0 l&rsquo;issue \u00e0 la visite inopin\u00e9e du ministre dans les gouvernorats de K\u00e9bili et de Gab\u00e8s.<\/strong><\/em><\/p>\n\n\n\n<!--more-->\n\n\n\n<p>Dans son communiqu\u00e9, le minist\u00e8re indique que ces mesures visent \u00e0 am\u00e9liorer la qualit\u00e9 de services et r\u00e9pondre aux besoins des citoyens, notamment en redressant la situation au sein de la Soci\u00e9t\u00e9 r\u00e9gionale de transport de Gab\u00e8s, pour qui un administrateur provisoire a \u00e9t\u00e9 nomm\u00e9 en attendant la d\u00e9signation d\u2019un nouveau Pdg.<\/p>\n\n\n\n<p>Dans le cadre du plan de sauvetage il a \u00e9t\u00e9 d\u00e9cid\u00e9 de r\u00e9habiliter le d\u00e9p\u00f4t de bus de Gab\u00e8s et de renforcer les \u00e9quipes techniques pour acc\u00e9l\u00e9rer les travaux de maintenance des bus en coop\u00e9ration avec les soci\u00e9t\u00e9s r\u00e9gionales, lit-on dans le communiqu\u00e9 du minist\u00e8re qui a \u00e9galement \u00e9voqu\u00e9 la r\u00e9alisation d\u2019un inventaire des pi\u00e8ces de rechange pour les bus et d\u2019un rapport identifiant les probl\u00e8mes et les responsabilit\u00e9s.<\/p>\n\n\n\n<p>La m\u00eame source a \u00e9galement annonc\u00e9 l&rsquo;am\u00e9lioration du transport scolaire \u00e0 K\u00e9bili en assurant la r\u00e9gularit\u00e9 des d\u00e9placements des \u00e9l\u00e8ves et la r\u00e9partition \u00e9quitable de la flotte selon les lignes, les besoins des zones r\u00e9sidentielles ainsi que la reprise de certaines lignes notamment avec un bus sp\u00e9cifique pour relier la r\u00e9gion de Rejim Maatoug.<\/p>\n\n\n\n<p>Le programme annonc\u00e9 pr\u00e9voit \u00e9galement l&rsquo;am\u00e9lioration des gares routi\u00e8res, la r\u00e9novation des infrastructures du port commercial de Gab\u00e8s, et ce, en vue de r\u00e9pondre aux attentes des citoyens en mati\u00e8re de mobilit\u00e9 et de s\u00e9curit\u00e9, ajoute encore la m\u00eame source.<\/p>\n\n\n\n<p class=\"has-text-align-right\"><strong>Y. N.<\/strong><\/p>\n","protected":false},"excerpt":{"rendered":"<p>Le minist\u00e8re du Transport a annonc\u00e9, dans la soir\u00e9e de ce jeudi 21 novembre 2024, une s\u00e9rie de mesures urgentes \u00e0 l&rsquo;issue \u00e0 la visite inopin\u00e9e du ministre dans les gouvernorats de K\u00e9bili et de Gab\u00e8s.<\/p>\n","protected":false},"author":6,"featured_media":14680902,"comment_status":"open","ping_status":"open","sticky":false,"template":"","format":"standard","meta":{"footnotes":""},"categories":[997,998,2433],"tags":[406,119059,526,612,918,62643],"class_list":["post-14680871","post","type-post","status-publish","format-standard","has-post-thumbnail","hentry","category-politique","category-societe","category-tunisie","tag-gabes","tag-gares","tag-kebili","tag-ministere","tag-transport","tag-tunisie"],"yoast_head":"<!-- This site is optimized with the Yoast SEO plugin v26.6 - https:\/\/yoast.com\/wordpress\/plugins\/seo\/ -->\n<title>S\u00e9rie de mesures pour am\u00e9liorer le secteur du transport \u00e0 Gab\u00e8s &amp; K\u00e9bili (Minist\u00e8re) - Kapitalis<\/title>\n<meta name=\"robots\" content=\"index, follow, max-snippet:-1, max-image-preview:large, max-video-preview:-1\" \/>\n<link rel=\"canonical\" href=\"https:\/\/kapitalis.com\/tunisie\/2024\/11\/21\/serie-de-mesures-pour-ameliorer-le-secteur-du-transport-a-gabes-kebili-ministere\/\" \/>\n<meta property=\"og:locale\" content=\"fr_FR\" \/>\n<meta property=\"og:type\" content=\"article\" \/>\n<meta property=\"og:title\" content=\"S\u00e9rie de mesures pour am\u00e9liorer le secteur du transport \u00e0 Gab\u00e8s &amp; K\u00e9bili (Minist\u00e8re) - Kapitalis\" \/>\n<meta property=\"og:description\" content=\"Le minist\u00e8re du Transport a annonc\u00e9, dans la soir\u00e9e de ce jeudi 21 novembre 2024, une s\u00e9rie de mesures urgentes \u00e0 l&rsquo;issue \u00e0 la visite inopin\u00e9e du ministre dans les gouvernorats de K\u00e9bili et de Gab\u00e8s.\" \/>\n<meta property=\"og:url\" content=\"https:\/\/kapitalis.com\/tunisie\/2024\/11\/21\/serie-de-mesures-pour-ameliorer-le-secteur-du-transport-a-gabes-kebili-ministere\/\" \/>\n<meta property=\"og:site_name\" content=\"Kapitalis\" \/>\n<meta property=\"article:publisher\" content=\"https:\/\/www.facebook.com\/KapitalisInfo\/\" \/>\n<meta property=\"article:published_time\" content=\"2024-11-21T21:18:38+00:00\" \/>\n<meta property=\"article:modified_time\" content=\"2024-11-21T21:24:52+00:00\" \/>\n<meta property=\"og:image\" content=\"https:\/\/kapitalis.com\/tunisie\/wp-content\/uploads\/2024\/11\/Transport-Kebili-Gabes.jpg\" \/>\n\t<meta property=\"og:image:width\" content=\"1200\" \/>\n\t<meta property=\"og:image:height\" content=\"630\" \/>\n\t<meta property=\"og:image:type\" content=\"image\/jpeg\" \/>\n<meta name=\"author\" content=\"Yusra NY\" \/>\n<meta name=\"twitter:card\" content=\"summary_large_image\" \/>\n<meta name=\"twitter:creator\" content=\"@KapitalisInfo\" \/>\n<meta name=\"twitter:site\" content=\"@KapitalisInfo\" \/>\n<meta name=\"twitter:label1\" content=\"\u00c9crit par\" \/>\n\t<meta name=\"twitter:data1\" content=\"Yusra NY\" \/>\n\t<meta name=\"twitter:label2\" content=\"Dur\u00e9e de lecture estim\u00e9e\" \/>\n\t<meta name=\"twitter:data2\" content=\"2 minutes\" \/>\n<script type=\"application\/ld+json\" class=\"yoast-schema-graph\">{\"@context\":\"https:\/\/schema.org\",\"@graph\":[{\"@type\":\"Article\",\"@id\":\"https:\/\/kapitalis.com\/tunisie\/2024\/11\/21\/serie-de-mesures-pour-ameliorer-le-secteur-du-transport-a-gabes-kebili-ministere\/#article\",\"isPartOf\":{\"@id\":\"https:\/\/kapitalis.com\/tunisie\/2024\/11\/21\/serie-de-mesures-pour-ameliorer-le-secteur-du-transport-a-gabes-kebili-ministere\/\"},\"author\":{\"name\":\"Yusra NY\",\"@id\":\"https:\/\/kapitalis.com\/tunisie\/#\/schema\/person\/74bbde0154d49d790a92aaeac5bc01d5\"},\"headline\":\"S\u00e9rie de mesures pour am\u00e9liorer le secteur du transport \u00e0 Gab\u00e8s &amp; K\u00e9bili (Minist\u00e8re)\",\"datePublished\":\"2024-11-21T21:18:38+00:00\",\"dateModified\":\"2024-11-21T21:24:52+00:00\",\"mainEntityOfPage\":{\"@id\":\"https:\/\/kapitalis.com\/tunisie\/2024\/11\/21\/serie-de-mesures-pour-ameliorer-le-secteur-du-transport-a-gabes-kebili-ministere\/\"},\"wordCount\":316,\"commentCount\":0,\"publisher\":{\"@id\":\"https:\/\/kapitalis.com\/tunisie\/#organization\"},\"image\":{\"@id\":\"https:\/\/kapitalis.com\/tunisie\/2024\/11\/21\/serie-de-mesures-pour-ameliorer-le-secteur-du-transport-a-gabes-kebili-ministere\/#primaryimage\"},\"thumbnailUrl\":\"https:\/\/kapitalis.com\/tunisie\/wp-content\/uploads\/2024\/11\/Transport-Kebili-Gabes.jpg\",\"keywords\":[\"Gab\u00e8s\",\"GARES\",\"K\u00e9bili\",\"minist\u00e8re\",\"transport\",\"Tunisie\"],\"articleSection\":[\"POLITIQUE\",\"SOCIETE\",\"Tunisie\"],\"inLanguage\":\"fr-FR\",\"potentialAction\":[{\"@type\":\"CommentAction\",\"name\":\"Comment\",\"target\":[\"https:\/\/kapitalis.com\/tunisie\/2024\/11\/21\/serie-de-mesures-pour-ameliorer-le-secteur-du-transport-a-gabes-kebili-ministere\/#respond\"]}]},{\"@type\":\"WebPage\",\"@id\":\"https:\/\/kapitalis.com\/tunisie\/2024\/11\/21\/serie-de-mesures-pour-ameliorer-le-secteur-du-transport-a-gabes-kebili-ministere\/\",\"url\":\"https:\/\/kapitalis.com\/tunisie\/2024\/11\/21\/serie-de-mesures-pour-ameliorer-le-secteur-du-transport-a-gabes-kebili-ministere\/\",\"name\":\"S\u00e9rie de mesures pour am\u00e9liorer le secteur du transport \u00e0 Gab\u00e8s &amp; K\u00e9bili (Minist\u00e8re) - Kapitalis\",\"isPartOf\":{\"@id\":\"https:\/\/kapitalis.com\/tunisie\/#website\"},\"primaryImageOfPage\":{\"@id\":\"https:\/\/kapitalis.com\/tunisie\/2024\/11\/21\/serie-de-mesures-pour-ameliorer-le-secteur-du-transport-a-gabes-kebili-ministere\/#primaryimage\"},\"image\":{\"@id\":\"https:\/\/kapitalis.com\/tunisie\/2024\/11\/21\/serie-de-mesures-pour-ameliorer-le-secteur-du-transport-a-gabes-kebili-ministere\/#primaryimage\"},\"thumbnailUrl\":\"https:\/\/kapitalis.com\/tunisie\/wp-content\/uploads\/2024\/11\/Transport-Kebili-Gabes.jpg\",\"datePublished\":\"2024-11-21T21:18:38+00:00\",\"dateModified\":\"2024-11-21T21:24:52+00:00\",\"breadcrumb\":{\"@id\":\"https:\/\/kapitalis.com\/tunisie\/2024\/11\/21\/serie-de-mesures-pour-ameliorer-le-secteur-du-transport-a-gabes-kebili-ministere\/#breadcrumb\"},\"inLanguage\":\"fr-FR\",\"potentialAction\":[{\"@type\":\"ReadAction\",\"target\":[\"https:\/\/kapitalis.com\/tunisie\/2024\/11\/21\/serie-de-mesures-pour-ameliorer-le-secteur-du-transport-a-gabes-kebili-ministere\/\"]}]},{\"@type\":\"ImageObject\",\"inLanguage\":\"fr-FR\",\"@id\":\"https:\/\/kapitalis.com\/tunisie\/2024\/11\/21\/serie-de-mesures-pour-ameliorer-le-secteur-du-transport-a-gabes-kebili-ministere\/#primaryimage\",\"url\":\"https:\/\/kapitalis.com\/tunisie\/wp-content\/uploads\/2024\/11\/Transport-Kebili-Gabes.jpg\",\"contentUrl\":\"https:\/\/kapitalis.com\/tunisie\/wp-content\/uploads\/2024\/11\/Transport-Kebili-Gabes.jpg\",\"width\":1200,\"height\":630},{\"@type\":\"BreadcrumbList\",\"@id\":\"https:\/\/kapitalis.com\/tunisie\/2024\/11\/21\/serie-de-mesures-pour-ameliorer-le-secteur-du-transport-a-gabes-kebili-ministere\/#breadcrumb\",\"itemListElement\":[{\"@type\":\"ListItem\",\"position\":1,\"name\":\"Accueil\",\"item\":\"https:\/\/kapitalis.com\/tunisie\/\"},{\"@type\":\"ListItem\",\"position\":2,\"name\":\"S\u00e9rie de mesures pour am\u00e9liorer le secteur du transport \u00e0 Gab\u00e8s &amp; K\u00e9bili (Minist\u00e8re)\"}]},{\"@type\":\"WebSite\",\"@id\":\"https:\/\/kapitalis.com\/tunisie\/#website\",\"url\":\"https:\/\/kapitalis.com\/tunisie\/\",\"name\":\"Kapitalis\",\"description\":\"L&#039;actualit\u00e9 en Tunisie et dans le monde\",\"publisher\":{\"@id\":\"https:\/\/kapitalis.com\/tunisie\/#organization\"},\"potentialAction\":[{\"@type\":\"SearchAction\",\"target\":{\"@type\":\"EntryPoint\",\"urlTemplate\":\"https:\/\/kapitalis.com\/tunisie\/?s={search_term_string}\"},\"query-input\":{\"@type\":\"PropertyValueSpecification\",\"valueRequired\":true,\"valueName\":\"search_term_string\"}}],\"inLanguage\":\"fr-FR\"},{\"@type\":\"Organization\",\"@id\":\"https:\/\/kapitalis.com\/tunisie\/#organization\",\"name\":\"Kapitalis\",\"url\":\"https:\/\/kapitalis.com\/tunisie\/\",\"logo\":{\"@type\":\"ImageObject\",\"inLanguage\":\"fr-FR\",\"@id\":\"https:\/\/kapitalis.com\/tunisie\/#\/schema\/logo\/image\/\",\"url\":\"https:\/\/kapitalis.com\/tunisie\/wp-content\/uploads\/2022\/05\/Kapitalis-big-size.png\",\"contentUrl\":\"https:\/\/kapitalis.com\/tunisie\/wp-content\/uploads\/2022\/05\/Kapitalis-big-size.png\",\"width\":5000,\"height\":1500,\"caption\":\"Kapitalis\"},\"image\":{\"@id\":\"https:\/\/kapitalis.com\/tunisie\/#\/schema\/logo\/image\/\"},\"sameAs\":[\"https:\/\/www.facebook.com\/KapitalisInfo\/\",\"https:\/\/x.com\/KapitalisInfo\",\"https:\/\/www.youtube.com\/channel\/UC-yDYrHyfFBWWZaOw3FPg9Q\"]},{\"@type\":\"Person\",\"@id\":\"https:\/\/kapitalis.com\/tunisie\/#\/schema\/person\/74bbde0154d49d790a92aaeac5bc01d5\",\"name\":\"Yusra NY\",\"url\":\"https:\/\/kapitalis.com\/tunisie\/author\/yuza_adam\/\"}]}<\/script>\n<!-- \/ Yoast SEO plugin. -->","yoast_head_json":{"title":"S\u00e9rie de mesures pour am\u00e9liorer le secteur du transport \u00e0 Gab\u00e8s &amp; K\u00e9bili (Minist\u00e8re) - Kapitalis","robots":{"index":"index","follow":"follow","max-snippet":"max-snippet:-1","max-image-preview":"max-image-preview:large","max-video-preview":"max-video-preview:-1"},"canonical":"https:\/\/kapitalis.com\/tunisie\/2024\/11\/21\/serie-de-mesures-pour-ameliorer-le-secteur-du-transport-a-gabes-kebili-ministere\/","og_locale":"fr_FR","og_type":"article","og_title":"S\u00e9rie de mesures pour am\u00e9liorer le secteur du transport \u00e0 Gab\u00e8s &amp; K\u00e9bili (Minist\u00e8re) - Kapitalis","og_description":"Le minist\u00e8re du Transport a annonc\u00e9, dans la soir\u00e9e de ce jeudi 21 novembre 2024, une s\u00e9rie de mesures urgentes \u00e0 l&rsquo;issue \u00e0 la visite inopin\u00e9e du ministre dans les gouvernorats de K\u00e9bili et de Gab\u00e8s.","og_url":"https:\/\/kapitalis.com\/tunisie\/2024\/11\/21\/serie-de-mesures-pour-ameliorer-le-secteur-du-transport-a-gabes-kebili-ministere\/","og_site_name":"Kapitalis","article_publisher":"https:\/\/www.facebook.com\/KapitalisInfo\/","article_published_time":"2024-11-21T21:18:38+00:00","article_modified_time":"2024-11-21T21:24:52+00:00","og_image":[{"width":1200,"height":630,"url":"https:\/\/kapitalis.com\/tunisie\/wp-content\/uploads\/2024\/11\/Transport-Kebili-Gabes.jpg","type":"image\/jpeg"}],"author":"Yusra NY","twitter_card":"summary_large_image","twitter_creator":"@KapitalisInfo","twitter_site":"@KapitalisInfo","twitter_misc":{"\u00c9crit par":"Yusra NY","Dur\u00e9e de lecture estim\u00e9e":"2 minutes"},"schema":{"@context":"https:\/\/schema.org","@graph":[{"@type":"Article","@id":"https:\/\/kapitalis.com\/tunisie\/2024\/11\/21\/serie-de-mesures-pour-ameliorer-le-secteur-du-transport-a-gabes-kebili-ministere\/#article","isPartOf":{"@id":"https:\/\/kapitalis.com\/tunisie\/2024\/11\/21\/serie-de-mesures-pour-ameliorer-le-secteur-du-transport-a-gabes-kebili-ministere\/"},"author":{"name":"Yusra NY","@id":"https:\/\/kapitalis.com\/tunisie\/#\/schema\/person\/74bbde0154d49d790a92aaeac5bc01d5"},"headline":"S\u00e9rie de mesures pour am\u00e9liorer le secteur du transport \u00e0 Gab\u00e8s &amp; K\u00e9bili (Minist\u00e8re)","datePublished":"2024-11-21T21:18:38+00:00","dateModified":"2024-11-21T21:24:52+00:00","mainEntityOfPage":{"@id":"https:\/\/kapitalis.com\/tunisie\/2024\/11\/21\/serie-de-mesures-pour-ameliorer-le-secteur-du-transport-a-gabes-kebili-ministere\/"},"wordCount":316,"commentCount":0,"publisher":{"@id":"https:\/\/kapitalis.com\/tunisie\/#organization"},"image":{"@id":"https:\/\/kapitalis.com\/tunisie\/2024\/11\/21\/serie-de-mesures-pour-ameliorer-le-secteur-du-transport-a-gabes-kebili-ministere\/#primaryimage"},"thumbnailUrl":"https:\/\/kapitalis.com\/tunisie\/wp-content\/uploads\/2024\/11\/Transport-Kebili-Gabes.jpg","keywords":["Gab\u00e8s","GARES","K\u00e9bili","minist\u00e8re","transport","Tunisie"],"articleSection":["POLITIQUE","SOCIETE","Tunisie"],"inLanguage":"fr-FR","potentialAction":[{"@type":"CommentAction","name":"Comment","target":["https:\/\/kapitalis.com\/tunisie\/2024\/11\/21\/serie-de-mesures-pour-ameliorer-le-secteur-du-transport-a-gabes-kebili-ministere\/#respond"]}]},{"@type":"WebPage","@id":"https:\/\/kapitalis.com\/tunisie\/2024\/11\/21\/serie-de-mesures-pour-ameliorer-le-secteur-du-transport-a-gabes-kebili-ministere\/","url":"https:\/\/kapitalis.com\/tunisie\/2024\/11\/21\/serie-de-mesures-pour-ameliorer-le-secteur-du-transport-a-gabes-kebili-ministere\/","name":"S\u00e9rie de mesures pour am\u00e9liorer le secteur du transport \u00e0 Gab\u00e8s &amp; K\u00e9bili (Minist\u00e8re) - Kapitalis","isPartOf":{"@id":"https:\/\/kapitalis.com\/tunisie\/#website"},"primaryImageOfPage":{"@id":"https:\/\/kapitalis.com\/tunisie\/2024\/11\/21\/serie-de-mesures-pour-ameliorer-le-secteur-du-transport-a-gabes-kebili-ministere\/#primaryimage"},"image":{"@id":"https:\/\/kapitalis.com\/tunisie\/2024\/11\/21\/serie-de-mesures-pour-ameliorer-le-secteur-du-transport-a-gabes-kebili-ministere\/#primaryimage"},"thumbnailUrl":"https:\/\/kapitalis.com\/tunisie\/wp-content\/uploads\/2024\/11\/Transport-Kebili-Gabes.jpg","datePublished":"2024-11-21T21:18:38+00:00","dateModified":"2024-11-21T21:24:52+00:00","breadcrumb":{"@id":"https:\/\/kapitalis.com\/tunisie\/2024\/11\/21\/serie-de-mesures-pour-ameliorer-le-secteur-du-transport-a-gabes-kebili-ministere\/#breadcrumb"},"inLanguage":"fr-FR","potentialAction":[{"@type":"ReadAction","target":["https:\/\/kapitalis.com\/tunisie\/2024\/11\/21\/serie-de-mesures-pour-ameliorer-le-secteur-du-transport-a-gabes-kebili-ministere\/"]}]},{"@type":"ImageObject","inLanguage":"fr-FR","@id":"https:\/\/kapitalis.com\/tunisie\/2024\/11\/21\/serie-de-mesures-pour-ameliorer-le-secteur-du-transport-a-gabes-kebili-ministere\/#primaryimage","url":"https:\/\/kapitalis.com\/tunisie\/wp-content\/uploads\/2024\/11\/Transport-Kebili-Gabes.jpg","contentUrl":"https:\/\/kapitalis.com\/tunisie\/wp-content\/uploads\/2024\/11\/Transport-Kebili-Gabes.jpg","width":1200,"height":630},{"@type":"BreadcrumbList","@id":"https:\/\/kapitalis.com\/tunisie\/2024\/11\/21\/serie-de-mesures-pour-ameliorer-le-secteur-du-transport-a-gabes-kebili-ministere\/#breadcrumb","itemListElement":[{"@type":"ListItem","position":1,"name":"Accueil","item":"https:\/\/kapitalis.com\/tunisie\/"},{"@type":"ListItem","position":2,"name":"S\u00e9rie de mesures pour am\u00e9liorer le secteur du transport \u00e0 Gab\u00e8s &amp; K\u00e9bili (Minist\u00e8re)"}]},{"@type":"WebSite","@id":"https:\/\/kapitalis.com\/tunisie\/#website","url":"https:\/\/kapitalis.com\/tunisie\/","name":"Kapitalis","description":"L&#039;actualit\u00e9 en Tunisie et dans le monde","publisher":{"@id":"https:\/\/kapitalis.com\/tunisie\/#organization"},"potentialAction":[{"@type":"SearchAction","target":{"@type":"EntryPoint","urlTemplate":"https:\/\/kapitalis.com\/tunisie\/?s={search_term_string}"},"query-input":{"@type":"PropertyValueSpecification","valueRequired":true,"valueName":"search_term_string"}}],"inLanguage":"fr-FR"},{"@type":"Organization","@id":"https:\/\/kapitalis.com\/tunisie\/#organization","name":"Kapitalis","url":"https:\/\/kapitalis.com\/tunisie\/","logo":{"@type":"ImageObject","inLanguage":"fr-FR","@id":"https:\/\/kapitalis.com\/tunisie\/#\/schema\/logo\/image\/","url":"https:\/\/kapitalis.com\/tunisie\/wp-content\/uploads\/2022\/05\/Kapitalis-big-size.png","contentUrl":"https:\/\/kapitalis.com\/tunisie\/wp-content\/uploads\/2022\/05\/Kapitalis-big-size.png","width":5000,"height":1500,"caption":"Kapitalis"},"image":{"@id":"https:\/\/kapitalis.com\/tunisie\/#\/schema\/logo\/image\/"},"sameAs":["https:\/\/www.facebook.com\/KapitalisInfo\/","https:\/\/x.com\/KapitalisInfo","https:\/\/www.youtube.com\/channel\/UC-yDYrHyfFBWWZaOw3FPg9Q"]},{"@type":"Person","@id":"https:\/\/kapitalis.com\/tunisie\/#\/schema\/person\/74bbde0154d49d790a92aaeac5bc01d5","name":"Yusra NY","url":"https:\/\/kapitalis.com\/tunisie\/author\/yuza_adam\/"}]}},"_links":{"self":[{"href":"https:\/\/kapitalis.com\/tunisie\/wp-json\/wp\/v2\/posts\/14680871","targetHints":{"allow":["GET"]}}],"collection":[{"href":"https:\/\/kapitalis.com\/tunisie\/wp-json\/wp\/v2\/posts"}],"about":[{"href":"https:\/\/kapitalis.com\/tunisie\/wp-json\/wp\/v2\/types\/post"}],"author":[{"embeddable":true,"href":"https:\/\/kapitalis.com\/tunisie\/wp-json\/wp\/v2\/users\/6"}],"replies":[{"embeddable":true,"href":"https:\/\/kapitalis.com\/tunisie\/wp-json\/wp\/v2\/comments?post=14680871"}],"version-history":[{"count":2,"href":"https:\/\/kapitalis.com\/tunisie\/wp-json\/wp\/v2\/posts\/14680871\/revisions"}],"predecessor-version":[{"id":14680908,"href":"https:\/\/kapitalis.com\/tunisie\/wp-json\/wp\/v2\/posts\/14680871\/revisions\/14680908"}],"wp:featuredmedia":[{"embeddable":true,"href":"https:\/\/kapitalis.com\/tunisie\/wp-json\/wp\/v2\/media\/14680902"}],"wp:attachment":[{"href":"https:\/\/kapitalis.com\/tunisie\/wp-json\/wp\/v2\/media?parent=14680871"}],"wp:term":[{"taxonomy":"category","embeddable":true,"href":"https:\/\/kapitalis.com\/tunisie\/wp-json\/wp\/v2\/categories?post=14680871"},{"taxonomy":"post_tag","embeddable":true,"href":"https:\/\/kapitalis.com\/tunisie\/wp-json\/wp\/v2\/tags?post=14680871"}],"curies":[{"name":"wp","href":"https:\/\/api.w.org\/{rel}","templated":true}]}}