{"id":14681797,"date":"2024-11-22T08:34:13","date_gmt":"2024-11-22T07:34:13","guid":{"rendered":"https:\/\/kapitalis.com\/tunisie\/?p=14681797"},"modified":"2024-11-22T08:34:14","modified_gmt":"2024-11-22T07:34:14","slug":"festival-neapolis-nabeul-celebre-le-theatre-pour-enfants","status":"publish","type":"post","link":"https:\/\/kapitalis.com\/tunisie\/2024\/11\/22\/festival-neapolis-nabeul-celebre-le-theatre-pour-enfants\/","title":{"rendered":"Festival Neapolis\u00a0: Nabeul c\u00e9l\u00e8bre le th\u00e9\u00e2tre pour enfants"},"content":{"rendered":"\n<p><strong><em>Du 22 au 29 d\u00e9cembre 2024, la ville de Nabeul deviendra l\u2019\u00e9picentre de l\u2019art sc\u00e9nique d\u00e9di\u00e9 \u00e0 l\u2019enfance avec la 37\u1d49\u00a0\u00e9dition du Festival international Neapolis de th\u00e9\u00e2tre pour enfants. Cet \u00e9v\u00e9nement, consid\u00e9r\u00e9 parmi les meilleurs rendez-vous artistiques pour l\u2019enfance dans le pourtour m\u00e9diterran\u00e9en, c\u00e9l\u00e8bre la magie du spectacle vivant avec une programmation foisonnante et universelle.\u00a0<\/em><\/strong><\/p>\n\n\n\n<!--more-->\n\n\n\n<p>Cette ann\u00e9e, le festival accueillera des troupes et des artistes venus de 16 pays:\u00a0Alg\u00e9rie,\u00a0\u00a0Belgique,\u00a0Chine,\u00a0\u00c9gypte,\u00a0\u00a0\u00c9mirats arabes unis,\u00a0Espagne,\u00a0\u00a0France,\u00a0Hongrie,\u00a0Iran,\u00a0Irak,\u00a0Maroc,\u00a0Palestine,\u00a0Russie,\u00a0Indon\u00e9sie,\u00a0Bahre\u00efn et\u00a0Arabie Saoudite.\u00a0<\/p>\n\n\n\n<p>Au total, 21 spectacles de th\u00e9\u00e2tre, danse et performances pluridisciplinaires rivaliseront d\u2019imagination et de cr\u00e9ativit\u00e9 pour offrir une exp\u00e9rience esth\u00e9tique unique, mariant les genres et les langages artistiques.<\/p>\n\n\n\n<h2 class=\"wp-block-heading\">Imagination et cr\u00e9ativit\u00e9<\/h2>\n\n\n\n<p>La paix, l\u2019environnement et les nouvelles technologies, abord\u00e9s \u00e0 travers des r\u00e9cits innovants et des mises en sc\u00e8ne avant-gardistes, seront les fils conducteurs de cette \u00e9dition.<\/p>\n\n\n\n<p>Dans un \u00e9crin artistique in\u00e9dit, le festival d\u00e9voile une programmation ambitieuse avec des \u0153uvres phares, dont la pi\u00e8ce russe <em>\u2018\u2018La Belle Barbie\u2019\u2019<\/em>, un v\u00e9ritable ballet-th\u00e9\u00e2tre alliant chor\u00e9graphies sophistiqu\u00e9es et sc\u00e9nographie po\u00e9tique, qui sera pr\u00e9sent\u00e9e dans la salle Op\u00e9ra de M\u00e9dina Yasmine Hammamet, le 25 d\u00e9cembre. Ce spectacle sera jou\u00e9 \u00e0 plusieurs reprises dans la journ\u00e9e, transportant petits et grands dans un univers f\u00e9\u00e9rique et visuellement \u00e9poustouflant.<\/p>\n\n\n\n<p>Les amateurs de performances grandioses seront \u00e9galement s\u00e9duits par les cr\u00e9ations d\u2019une troupe chinoise r\u00e9put\u00e9e pour ses prouesses acrobatiques et ses r\u00e9cits empreints de sagesse ancestrale, ainsi que par les spectacles immersifs des troupes indon\u00e9sienne et \u00e9gyptienne, qui m\u00ealent th\u00e9\u00e2tre traditionnel et innovation sc\u00e9nique.<\/p>\n\n\n\n<p>Si Nabeul demeure le c\u0153ur vibrant du festival, sa programmation s\u2019\u00e9tendra \u00e0 plusieurs autres villes tunisiennes, dont M\u00e9dina Yasmine Hammamet, Tunis, Bizerte, Kairouan, Agareb, Sfax, K\u00e9libia, Grombalia, Ma\u00e2moura, Korba, Haouaria&#8230; permettant ainsi \u00e0 un large public d\u2019entrer en r\u00e9sonance avec la richesse des univers sc\u00e9nique.&nbsp;<\/p>\n\n\n\n<h2 class=\"wp-block-heading\">Laboratoire d\u2019\u00e9changes et de transmission\u00a0<\/h2>\n\n\n\n<p>Le Festival Neapolis ne se limite pas \u00e0 la repr\u00e9sentation. Il se veut \u00e9galement un espace de r\u00e9flexion et d\u2019apprentissage, o\u00f9 des tables rondes, colloques et ateliers explorent des th\u00e9matiques actuelles comme la pr\u00e9servation de l\u2019environnement, la technologie responsable et la culture de la paix. Ces rendez-vous s\u2019adressent \u00e0 un public diversifi\u00e9, incluant \u00e9tudiants, enseignants, parents, et professionnels de l\u2019enfance tels que psychologues et p\u00e9dagogues.<\/p>\n\n\n\n<p>De plus, des stages pratiques anim\u00e9s par des artistes et formateurs internationaux offriront aux participants une immersion dans des techniques th\u00e9\u00e2trales vari\u00e9es, allant du jeu d\u2019acteur \u00e0 l\u2019improvisation, en passant par la mise en sc\u00e8ne et la dramaturgie.<\/p>\n\n\n\n<p>Gr\u00e2ce au soutien du minist\u00e8re de la Culture, le festival pr\u00e9sentera 12 cr\u00e9ations locales, confirmant ainsi son r\u00f4le de tremplin pour la sc\u00e8ne th\u00e9\u00e2trale nationale tout en la connectant aux sc\u00e8nes internationales.<\/p>\n\n\n\n<p>Reconnu comme le plus ancien festival sp\u00e9cialis\u00e9 en th\u00e9\u00e2tre pour enfants dans le monde arabe et africain, le Festival Neapolis continue de b\u00e2tir des ponts entre les cultures, les g\u00e9n\u00e9rations et les disciplines artistiques. Son \u00e9dition 2024 s\u2019annonce comme un moment d\u2019exception, c\u00e9l\u00e9brant l\u2019innocence et l\u2019imaginaire de l\u2019enfance \u00e0 travers la puissance du spectacle vivant.<\/p>\n","protected":false},"excerpt":{"rendered":"<p>Du 22 au 29 d\u00e9cembre 2024, la ville de Nabeul la 37\u1d49\u00a0\u00e9dition du Festival international Neapolis de th\u00e9\u00e2tre pour enfants. <\/p>\n","protected":false},"author":8,"featured_media":14681813,"comment_status":"open","ping_status":"open","sticky":false,"template":"","format":"standard","meta":{"footnotes":""},"categories":[994,2433],"tags":[81009,119061,119060,650,85973],"class_list":["post-14681797","post","type-post","status-publish","format-standard","has-post-thumbnail","hentry","category-culture","category-tunisie","tag-arts-sceniques","tag-ballet-theatre","tag-festival-neapolis","tag-nabeul","tag-theatre-pour-enfants"],"yoast_head":"<!-- This site is optimized with the Yoast SEO plugin v26.6 - https:\/\/yoast.com\/wordpress\/plugins\/seo\/ -->\n<title>Festival Neapolis\u00a0: Nabeul c\u00e9l\u00e8bre le th\u00e9\u00e2tre pour enfants - Kapitalis<\/title>\n<meta name=\"robots\" content=\"index, follow, max-snippet:-1, max-image-preview:large, max-video-preview:-1\" \/>\n<link rel=\"canonical\" href=\"https:\/\/kapitalis.com\/tunisie\/2024\/11\/22\/festival-neapolis-nabeul-celebre-le-theatre-pour-enfants\/\" \/>\n<meta property=\"og:locale\" content=\"fr_FR\" \/>\n<meta property=\"og:type\" content=\"article\" \/>\n<meta property=\"og:title\" content=\"Festival Neapolis\u00a0: Nabeul c\u00e9l\u00e8bre le th\u00e9\u00e2tre pour enfants - Kapitalis\" \/>\n<meta property=\"og:description\" content=\"Du 22 au 29 d\u00e9cembre 2024, la ville de Nabeul la 37\u1d49\u00a0\u00e9dition du Festival international Neapolis de th\u00e9\u00e2tre pour enfants.\" \/>\n<meta property=\"og:url\" content=\"https:\/\/kapitalis.com\/tunisie\/2024\/11\/22\/festival-neapolis-nabeul-celebre-le-theatre-pour-enfants\/\" \/>\n<meta property=\"og:site_name\" content=\"Kapitalis\" \/>\n<meta property=\"article:publisher\" content=\"https:\/\/www.facebook.com\/KapitalisInfo\/\" \/>\n<meta property=\"article:published_time\" content=\"2024-11-22T07:34:13+00:00\" \/>\n<meta property=\"article:modified_time\" content=\"2024-11-22T07:34:14+00:00\" \/>\n<meta property=\"og:image\" content=\"https:\/\/kapitalis.com\/tunisie\/wp-content\/uploads\/2024\/11\/Festival-Neapolis.jpg\" \/>\n\t<meta property=\"og:image:width\" content=\"1200\" \/>\n\t<meta property=\"og:image:height\" content=\"630\" \/>\n\t<meta property=\"og:image:type\" content=\"image\/jpeg\" \/>\n<meta name=\"author\" content=\"webmaster kapitalis\" \/>\n<meta name=\"twitter:card\" content=\"summary_large_image\" \/>\n<meta name=\"twitter:creator\" content=\"@KapitalisInfo\" \/>\n<meta name=\"twitter:site\" content=\"@KapitalisInfo\" \/>\n<meta name=\"twitter:label1\" content=\"\u00c9crit par\" \/>\n\t<meta name=\"twitter:data1\" content=\"webmaster kapitalis\" \/>\n\t<meta name=\"twitter:label2\" content=\"Dur\u00e9e de lecture estim\u00e9e\" \/>\n\t<meta name=\"twitter:data2\" content=\"3 minutes\" \/>\n<script type=\"application\/ld+json\" class=\"yoast-schema-graph\">{\"@context\":\"https:\/\/schema.org\",\"@graph\":[{\"@type\":\"Article\",\"@id\":\"https:\/\/kapitalis.com\/tunisie\/2024\/11\/22\/festival-neapolis-nabeul-celebre-le-theatre-pour-enfants\/#article\",\"isPartOf\":{\"@id\":\"https:\/\/kapitalis.com\/tunisie\/2024\/11\/22\/festival-neapolis-nabeul-celebre-le-theatre-pour-enfants\/\"},\"author\":{\"name\":\"webmaster kapitalis\",\"@id\":\"https:\/\/kapitalis.com\/tunisie\/#\/schema\/person\/d71f33a9ca44f7bad4698210b480c8e9\"},\"headline\":\"Festival Neapolis\u00a0: Nabeul c\u00e9l\u00e8bre le th\u00e9\u00e2tre pour enfants\",\"datePublished\":\"2024-11-22T07:34:13+00:00\",\"dateModified\":\"2024-11-22T07:34:14+00:00\",\"mainEntityOfPage\":{\"@id\":\"https:\/\/kapitalis.com\/tunisie\/2024\/11\/22\/festival-neapolis-nabeul-celebre-le-theatre-pour-enfants\/\"},\"wordCount\":589,\"commentCount\":0,\"publisher\":{\"@id\":\"https:\/\/kapitalis.com\/tunisie\/#organization\"},\"image\":{\"@id\":\"https:\/\/kapitalis.com\/tunisie\/2024\/11\/22\/festival-neapolis-nabeul-celebre-le-theatre-pour-enfants\/#primaryimage\"},\"thumbnailUrl\":\"https:\/\/kapitalis.com\/tunisie\/wp-content\/uploads\/2024\/11\/Festival-Neapolis.jpg\",\"keywords\":[\"arts sc\u00e9niques\",\"ballet-th\u00e9\u00e2tre\",\"Festival N\u00e9apolis\",\"Nabeul\",\"th\u00e9\u00e2tre pour enfants\"],\"articleSection\":[\"CULTURE\",\"Tunisie\"],\"inLanguage\":\"fr-FR\",\"potentialAction\":[{\"@type\":\"CommentAction\",\"name\":\"Comment\",\"target\":[\"https:\/\/kapitalis.com\/tunisie\/2024\/11\/22\/festival-neapolis-nabeul-celebre-le-theatre-pour-enfants\/#respond\"]}]},{\"@type\":\"WebPage\",\"@id\":\"https:\/\/kapitalis.com\/tunisie\/2024\/11\/22\/festival-neapolis-nabeul-celebre-le-theatre-pour-enfants\/\",\"url\":\"https:\/\/kapitalis.com\/tunisie\/2024\/11\/22\/festival-neapolis-nabeul-celebre-le-theatre-pour-enfants\/\",\"name\":\"Festival Neapolis\u00a0: Nabeul c\u00e9l\u00e8bre le th\u00e9\u00e2tre pour enfants - Kapitalis\",\"isPartOf\":{\"@id\":\"https:\/\/kapitalis.com\/tunisie\/#website\"},\"primaryImageOfPage\":{\"@id\":\"https:\/\/kapitalis.com\/tunisie\/2024\/11\/22\/festival-neapolis-nabeul-celebre-le-theatre-pour-enfants\/#primaryimage\"},\"image\":{\"@id\":\"https:\/\/kapitalis.com\/tunisie\/2024\/11\/22\/festival-neapolis-nabeul-celebre-le-theatre-pour-enfants\/#primaryimage\"},\"thumbnailUrl\":\"https:\/\/kapitalis.com\/tunisie\/wp-content\/uploads\/2024\/11\/Festival-Neapolis.jpg\",\"datePublished\":\"2024-11-22T07:34:13+00:00\",\"dateModified\":\"2024-11-22T07:34:14+00:00\",\"breadcrumb\":{\"@id\":\"https:\/\/kapitalis.com\/tunisie\/2024\/11\/22\/festival-neapolis-nabeul-celebre-le-theatre-pour-enfants\/#breadcrumb\"},\"inLanguage\":\"fr-FR\",\"potentialAction\":[{\"@type\":\"ReadAction\",\"target\":[\"https:\/\/kapitalis.com\/tunisie\/2024\/11\/22\/festival-neapolis-nabeul-celebre-le-theatre-pour-enfants\/\"]}]},{\"@type\":\"ImageObject\",\"inLanguage\":\"fr-FR\",\"@id\":\"https:\/\/kapitalis.com\/tunisie\/2024\/11\/22\/festival-neapolis-nabeul-celebre-le-theatre-pour-enfants\/#primaryimage\",\"url\":\"https:\/\/kapitalis.com\/tunisie\/wp-content\/uploads\/2024\/11\/Festival-Neapolis.jpg\",\"contentUrl\":\"https:\/\/kapitalis.com\/tunisie\/wp-content\/uploads\/2024\/11\/Festival-Neapolis.jpg\",\"width\":1200,\"height\":630},{\"@type\":\"BreadcrumbList\",\"@id\":\"https:\/\/kapitalis.com\/tunisie\/2024\/11\/22\/festival-neapolis-nabeul-celebre-le-theatre-pour-enfants\/#breadcrumb\",\"itemListElement\":[{\"@type\":\"ListItem\",\"position\":1,\"name\":\"Accueil\",\"item\":\"https:\/\/kapitalis.com\/tunisie\/\"},{\"@type\":\"ListItem\",\"position\":2,\"name\":\"Festival Neapolis\u00a0: Nabeul c\u00e9l\u00e8bre le th\u00e9\u00e2tre pour enfants\"}]},{\"@type\":\"WebSite\",\"@id\":\"https:\/\/kapitalis.com\/tunisie\/#website\",\"url\":\"https:\/\/kapitalis.com\/tunisie\/\",\"name\":\"Kapitalis\",\"description\":\"L&#039;actualit\u00e9 en Tunisie et dans le monde\",\"publisher\":{\"@id\":\"https:\/\/kapitalis.com\/tunisie\/#organization\"},\"potentialAction\":[{\"@type\":\"SearchAction\",\"target\":{\"@type\":\"EntryPoint\",\"urlTemplate\":\"https:\/\/kapitalis.com\/tunisie\/?s={search_term_string}\"},\"query-input\":{\"@type\":\"PropertyValueSpecification\",\"valueRequired\":true,\"valueName\":\"search_term_string\"}}],\"inLanguage\":\"fr-FR\"},{\"@type\":\"Organization\",\"@id\":\"https:\/\/kapitalis.com\/tunisie\/#organization\",\"name\":\"Kapitalis\",\"url\":\"https:\/\/kapitalis.com\/tunisie\/\",\"logo\":{\"@type\":\"ImageObject\",\"inLanguage\":\"fr-FR\",\"@id\":\"https:\/\/kapitalis.com\/tunisie\/#\/schema\/logo\/image\/\",\"url\":\"https:\/\/kapitalis.com\/tunisie\/wp-content\/uploads\/2022\/05\/Kapitalis-big-size.png\",\"contentUrl\":\"https:\/\/kapitalis.com\/tunisie\/wp-content\/uploads\/2022\/05\/Kapitalis-big-size.png\",\"width\":5000,\"height\":1500,\"caption\":\"Kapitalis\"},\"image\":{\"@id\":\"https:\/\/kapitalis.com\/tunisie\/#\/schema\/logo\/image\/\"},\"sameAs\":[\"https:\/\/www.facebook.com\/KapitalisInfo\/\",\"https:\/\/x.com\/KapitalisInfo\",\"https:\/\/www.youtube.com\/channel\/UC-yDYrHyfFBWWZaOw3FPg9Q\"]},{\"@type\":\"Person\",\"@id\":\"https:\/\/kapitalis.com\/tunisie\/#\/schema\/person\/d71f33a9ca44f7bad4698210b480c8e9\",\"name\":\"webmaster kapitalis\",\"url\":\"https:\/\/kapitalis.com\/tunisie\/author\/webmaster-kapitalis\/\"}]}<\/script>\n<!-- \/ Yoast SEO plugin. -->","yoast_head_json":{"title":"Festival Neapolis\u00a0: Nabeul c\u00e9l\u00e8bre le th\u00e9\u00e2tre pour enfants - Kapitalis","robots":{"index":"index","follow":"follow","max-snippet":"max-snippet:-1","max-image-preview":"max-image-preview:large","max-video-preview":"max-video-preview:-1"},"canonical":"https:\/\/kapitalis.com\/tunisie\/2024\/11\/22\/festival-neapolis-nabeul-celebre-le-theatre-pour-enfants\/","og_locale":"fr_FR","og_type":"article","og_title":"Festival Neapolis\u00a0: Nabeul c\u00e9l\u00e8bre le th\u00e9\u00e2tre pour enfants - Kapitalis","og_description":"Du 22 au 29 d\u00e9cembre 2024, la ville de Nabeul la 37\u1d49\u00a0\u00e9dition du Festival international Neapolis de th\u00e9\u00e2tre pour enfants.","og_url":"https:\/\/kapitalis.com\/tunisie\/2024\/11\/22\/festival-neapolis-nabeul-celebre-le-theatre-pour-enfants\/","og_site_name":"Kapitalis","article_publisher":"https:\/\/www.facebook.com\/KapitalisInfo\/","article_published_time":"2024-11-22T07:34:13+00:00","article_modified_time":"2024-11-22T07:34:14+00:00","og_image":[{"width":1200,"height":630,"url":"https:\/\/kapitalis.com\/tunisie\/wp-content\/uploads\/2024\/11\/Festival-Neapolis.jpg","type":"image\/jpeg"}],"author":"webmaster kapitalis","twitter_card":"summary_large_image","twitter_creator":"@KapitalisInfo","twitter_site":"@KapitalisInfo","twitter_misc":{"\u00c9crit par":"webmaster kapitalis","Dur\u00e9e de lecture estim\u00e9e":"3 minutes"},"schema":{"@context":"https:\/\/schema.org","@graph":[{"@type":"Article","@id":"https:\/\/kapitalis.com\/tunisie\/2024\/11\/22\/festival-neapolis-nabeul-celebre-le-theatre-pour-enfants\/#article","isPartOf":{"@id":"https:\/\/kapitalis.com\/tunisie\/2024\/11\/22\/festival-neapolis-nabeul-celebre-le-theatre-pour-enfants\/"},"author":{"name":"webmaster kapitalis","@id":"https:\/\/kapitalis.com\/tunisie\/#\/schema\/person\/d71f33a9ca44f7bad4698210b480c8e9"},"headline":"Festival Neapolis\u00a0: Nabeul c\u00e9l\u00e8bre le th\u00e9\u00e2tre pour enfants","datePublished":"2024-11-22T07:34:13+00:00","dateModified":"2024-11-22T07:34:14+00:00","mainEntityOfPage":{"@id":"https:\/\/kapitalis.com\/tunisie\/2024\/11\/22\/festival-neapolis-nabeul-celebre-le-theatre-pour-enfants\/"},"wordCount":589,"commentCount":0,"publisher":{"@id":"https:\/\/kapitalis.com\/tunisie\/#organization"},"image":{"@id":"https:\/\/kapitalis.com\/tunisie\/2024\/11\/22\/festival-neapolis-nabeul-celebre-le-theatre-pour-enfants\/#primaryimage"},"thumbnailUrl":"https:\/\/kapitalis.com\/tunisie\/wp-content\/uploads\/2024\/11\/Festival-Neapolis.jpg","keywords":["arts sc\u00e9niques","ballet-th\u00e9\u00e2tre","Festival N\u00e9apolis","Nabeul","th\u00e9\u00e2tre pour enfants"],"articleSection":["CULTURE","Tunisie"],"inLanguage":"fr-FR","potentialAction":[{"@type":"CommentAction","name":"Comment","target":["https:\/\/kapitalis.com\/tunisie\/2024\/11\/22\/festival-neapolis-nabeul-celebre-le-theatre-pour-enfants\/#respond"]}]},{"@type":"WebPage","@id":"https:\/\/kapitalis.com\/tunisie\/2024\/11\/22\/festival-neapolis-nabeul-celebre-le-theatre-pour-enfants\/","url":"https:\/\/kapitalis.com\/tunisie\/2024\/11\/22\/festival-neapolis-nabeul-celebre-le-theatre-pour-enfants\/","name":"Festival Neapolis\u00a0: Nabeul c\u00e9l\u00e8bre le th\u00e9\u00e2tre pour enfants - Kapitalis","isPartOf":{"@id":"https:\/\/kapitalis.com\/tunisie\/#website"},"primaryImageOfPage":{"@id":"https:\/\/kapitalis.com\/tunisie\/2024\/11\/22\/festival-neapolis-nabeul-celebre-le-theatre-pour-enfants\/#primaryimage"},"image":{"@id":"https:\/\/kapitalis.com\/tunisie\/2024\/11\/22\/festival-neapolis-nabeul-celebre-le-theatre-pour-enfants\/#primaryimage"},"thumbnailUrl":"https:\/\/kapitalis.com\/tunisie\/wp-content\/uploads\/2024\/11\/Festival-Neapolis.jpg","datePublished":"2024-11-22T07:34:13+00:00","dateModified":"2024-11-22T07:34:14+00:00","breadcrumb":{"@id":"https:\/\/kapitalis.com\/tunisie\/2024\/11\/22\/festival-neapolis-nabeul-celebre-le-theatre-pour-enfants\/#breadcrumb"},"inLanguage":"fr-FR","potentialAction":[{"@type":"ReadAction","target":["https:\/\/kapitalis.com\/tunisie\/2024\/11\/22\/festival-neapolis-nabeul-celebre-le-theatre-pour-enfants\/"]}]},{"@type":"ImageObject","inLanguage":"fr-FR","@id":"https:\/\/kapitalis.com\/tunisie\/2024\/11\/22\/festival-neapolis-nabeul-celebre-le-theatre-pour-enfants\/#primaryimage","url":"https:\/\/kapitalis.com\/tunisie\/wp-content\/uploads\/2024\/11\/Festival-Neapolis.jpg","contentUrl":"https:\/\/kapitalis.com\/tunisie\/wp-content\/uploads\/2024\/11\/Festival-Neapolis.jpg","width":1200,"height":630},{"@type":"BreadcrumbList","@id":"https:\/\/kapitalis.com\/tunisie\/2024\/11\/22\/festival-neapolis-nabeul-celebre-le-theatre-pour-enfants\/#breadcrumb","itemListElement":[{"@type":"ListItem","position":1,"name":"Accueil","item":"https:\/\/kapitalis.com\/tunisie\/"},{"@type":"ListItem","position":2,"name":"Festival Neapolis\u00a0: Nabeul c\u00e9l\u00e8bre le th\u00e9\u00e2tre pour enfants"}]},{"@type":"WebSite","@id":"https:\/\/kapitalis.com\/tunisie\/#website","url":"https:\/\/kapitalis.com\/tunisie\/","name":"Kapitalis","description":"L&#039;actualit\u00e9 en Tunisie et dans le monde","publisher":{"@id":"https:\/\/kapitalis.com\/tunisie\/#organization"},"potentialAction":[{"@type":"SearchAction","target":{"@type":"EntryPoint","urlTemplate":"https:\/\/kapitalis.com\/tunisie\/?s={search_term_string}"},"query-input":{"@type":"PropertyValueSpecification","valueRequired":true,"valueName":"search_term_string"}}],"inLanguage":"fr-FR"},{"@type":"Organization","@id":"https:\/\/kapitalis.com\/tunisie\/#organization","name":"Kapitalis","url":"https:\/\/kapitalis.com\/tunisie\/","logo":{"@type":"ImageObject","inLanguage":"fr-FR","@id":"https:\/\/kapitalis.com\/tunisie\/#\/schema\/logo\/image\/","url":"https:\/\/kapitalis.com\/tunisie\/wp-content\/uploads\/2022\/05\/Kapitalis-big-size.png","contentUrl":"https:\/\/kapitalis.com\/tunisie\/wp-content\/uploads\/2022\/05\/Kapitalis-big-size.png","width":5000,"height":1500,"caption":"Kapitalis"},"image":{"@id":"https:\/\/kapitalis.com\/tunisie\/#\/schema\/logo\/image\/"},"sameAs":["https:\/\/www.facebook.com\/KapitalisInfo\/","https:\/\/x.com\/KapitalisInfo","https:\/\/www.youtube.com\/channel\/UC-yDYrHyfFBWWZaOw3FPg9Q"]},{"@type":"Person","@id":"https:\/\/kapitalis.com\/tunisie\/#\/schema\/person\/d71f33a9ca44f7bad4698210b480c8e9","name":"webmaster kapitalis","url":"https:\/\/kapitalis.com\/tunisie\/author\/webmaster-kapitalis\/"}]}},"_links":{"self":[{"href":"https:\/\/kapitalis.com\/tunisie\/wp-json\/wp\/v2\/posts\/14681797","targetHints":{"allow":["GET"]}}],"collection":[{"href":"https:\/\/kapitalis.com\/tunisie\/wp-json\/wp\/v2\/posts"}],"about":[{"href":"https:\/\/kapitalis.com\/tunisie\/wp-json\/wp\/v2\/types\/post"}],"author":[{"embeddable":true,"href":"https:\/\/kapitalis.com\/tunisie\/wp-json\/wp\/v2\/users\/8"}],"replies":[{"embeddable":true,"href":"https:\/\/kapitalis.com\/tunisie\/wp-json\/wp\/v2\/comments?post=14681797"}],"version-history":[{"count":2,"href":"https:\/\/kapitalis.com\/tunisie\/wp-json\/wp\/v2\/posts\/14681797\/revisions"}],"predecessor-version":[{"id":14682032,"href":"https:\/\/kapitalis.com\/tunisie\/wp-json\/wp\/v2\/posts\/14681797\/revisions\/14682032"}],"wp:featuredmedia":[{"embeddable":true,"href":"https:\/\/kapitalis.com\/tunisie\/wp-json\/wp\/v2\/media\/14681813"}],"wp:attachment":[{"href":"https:\/\/kapitalis.com\/tunisie\/wp-json\/wp\/v2\/media?parent=14681797"}],"wp:term":[{"taxonomy":"category","embeddable":true,"href":"https:\/\/kapitalis.com\/tunisie\/wp-json\/wp\/v2\/categories?post=14681797"},{"taxonomy":"post_tag","embeddable":true,"href":"https:\/\/kapitalis.com\/tunisie\/wp-json\/wp\/v2\/tags?post=14681797"}],"curies":[{"name":"wp","href":"https:\/\/api.w.org\/{rel}","templated":true}]}}