{"id":1468810,"date":"2022-06-15T08:11:41","date_gmt":"2022-06-15T07:11:41","guid":{"rendered":"https:\/\/kapitalis.com\/tunisie\/?p=1468810"},"modified":"2022-06-15T08:11:42","modified_gmt":"2022-06-15T07:11:42","slug":"tunisie-emirats-le-retour","status":"publish","type":"post","link":"https:\/\/kapitalis.com\/tunisie\/2022\/06\/15\/tunisie-emirats-le-retour\/","title":{"rendered":"Tunisie-Emirats, le retour ?"},"content":{"rendered":"\n<p><br><strong><em>Depuis la r\u00e9volution de 2011, les Emirats arabes unis n\u2019ont pas montr\u00e9 beaucoup d\u2019int\u00e9r\u00eat pour la Tunisie et les gros investissements \u00e9miratis annonc\u00e9s sous le r\u00e8gne de Ben Ali ont tous \u00e9t\u00e9 momentan\u00e9ment gel\u00e9s. Il faut dire que l\u2019arriv\u00e9e des Fr\u00e8res musulmans d\u2019Ennahdha au pouvoir \u00e0 Tunis a \u00e9t\u00e9 tr\u00e8s mal vue \u00e0 Abou Dhabi. Peut-on esp\u00e9rer un changement de la position \u00e9miratie \u00e0 l\u2019\u00e9gard de notre pays ?<\/em><\/strong><\/p>\n\n\n\n<p>Par <strong>Imed Bahri<\/strong><\/p>\n\n\n\n<!--more-->\n\n\n\n<p>Des signes peuvent donner \u00e0 le penser, notamment la reprise, \u00e0 la mi-mars dernier, du projet de la Cit\u00e9 sportive qui sera b\u00e2tie par le <a href=\"https:\/\/kapitalis.com\/tunisie\/2022\/03\/10\/groupe-boukhater-la-cite-sportive-comprendra-un-mall-des-hotels-un-terrain-de-golf-un-parc-et-un-complexe-residentiel\/\" target=\"_blank\" rel=\"noreferrer noopener\">groupe Boukhater<\/a> aux Berges du Lac nord de Tunis. On esp\u00e8re aussi voir relanc\u00e9 l\u2019autre grand projet \u00e9mirati, celui de Sama Dubai, aux Berges du Lac sud de Tunis. Mais il ne faut pas aller trop vite en besogne, car la situation g\u00e9n\u00e9rale en Tunisie demeure peu encourageante pour les investisseurs aussi bien nationaux qu\u2019\u00e9trangers.<\/p>\n\n\n\n<h2 class=\"wp-block-heading\">Des signes encourageants<\/h2>\n\n\n\n<p>Au chapitre des signes encourageants : la rencontre, mardi 14 juin 2022, au Palais de Carthage, entre le pr\u00e9sident de la r\u00e9publique Ka\u00efs Sa\u00efed et le ministre d\u00e9l\u00e9gu\u00e9 aupr\u00e8s du minist\u00e8re des Affaires \u00e9trang\u00e8res et de la Coop\u00e9ration internationale des Emirats arabes unis, Shakhbout bin Nahyan Al-Nahyan.<\/p>\n\n\n\n<p>A cette occasion, le chef de l&rsquo;Etat a soulign\u00e9 le ferme engagement de la Tunisie \u00e0 promouvoir un climat favorable \u00e0 l&rsquo;investissement, tout en exprimant la disponibilit\u00e9 de la Tunisie \u00e0 nouer des partenariats prometteurs et \u00e0 renforcer la coop\u00e9ration \u00e9conomique et technique avec les Emirats, afin de porter les relations bilat\u00e9rales au plus haut niveau, selon le texte du communiqu\u00e9 publi\u00e9 par le palais de Carthage.<\/p>\n\n\n\n<p>Pour sa part, le ministre \u00e9mirati a exprim\u00e9, au nom de son pays, des sentiments de respect et de gratitude au pr\u00e9sident de la r\u00e9publique, assurant que les \u00c9mirats arabes unis continuent de soutenir le processus engag\u00e9 au profit du peuple tunisien.<em> \u00abLa Tunisie peut compter sur les \u00c9mirats arabes unis pour identifier de nouvelles opportunit\u00e9s de coop\u00e9ration et d&rsquo;investissement dans les domaines d&rsquo;int\u00e9r\u00eat commun\u00bb,<\/em> a-t-il promis.<\/p>\n\n\n\n<p>Pour ce qui est du<em> \u00abprocessus engag\u00e9 au profit du peuple tunisien\u00bb,<\/em> dont parle le responsable \u00e9mirati, qu\u2019on nous permettre de penser qu\u2019il ne s\u2019agit pas de la transition d\u00e9mocratique engag\u00e9e en 2011 et qui a connu un parcours erratique et incertain qui a men\u00e9 le pays au bord de la faillite. Il s\u2019agit plut\u00f4t du processus correctif engag\u00e9 par le pr\u00e9sident Sa\u00efed, le 25 juillet dernier, et qui s\u2019est sold\u00e9 par le d\u00e9part du parti Ennahdha du pouvoir.<\/p>\n\n\n\n<h2 class=\"wp-block-heading\">Chat \u00e9chaud\u00e9 craint le froid<\/h2>\n\n\n\n<p>Rappelons, dans ce contexte, que les Emirats avaient soutenu, en 2015, l\u2019accession au pouvoir de feu B\u00e9ji Ca\u00efd Essebsi et de son parti Nidaa Tounes, pensant qu\u2019ils peuvent fermer d\u00e9finitivement la parenth\u00e8se du pouvoir islamiste en Tunisie, mais l\u2019alliance contract\u00e9e aussit\u00f4t entre B\u00e9ji Ca\u00efd Essebsi et Rached Ghannouchi et les partis Nidaa Tounes et Ennahdha n\u2019ont pas tard\u00e9 \u00e0 remettre en question tout le processus, poussant les Emiratis \u00e0 prendre de nouveau leurs distances vis-\u00e0-vis de Tunis. Cons\u00e9quence pr\u00e9visible : les relations entre Abou Dhabi et Tunis n\u2019ont jamais \u00e9t\u00e9 aussi froides et grises qu\u2019elles l\u2019ont \u00e9t\u00e9 au cours des sept derni\u00e8res ann\u00e9es. Peut-on esp\u00e9rer les voir prendre quelques couleurs \u00e0 la faveur de l\u2019av\u00e8nement de la pr\u00e9sidence de Ka\u00efs Sa\u00efed et du d\u00e9part des Nahdhaouis du pouvoir en Tunisie ?<\/p>\n\n\n\n<p>La rencontre d\u2019hier permet certes une reprise des relations, mais leur r\u00e9chauffement n\u2019est pas pour demain la veille. Et pour cause : les Emiratis, qui sont des gens prudents et qui ont d\u00e9j\u00e0 eu de mauvaises exp\u00e9riences en Tunisie, avec notamment la chute brutale de Ben Ali et l\u2019alliance tout aussi brutale entre Nidaa et Ennahdha, attendent d\u2019y voir plus clair dans l\u2019\u00e9volution de la situation g\u00e9n\u00e9rale en Tunisie et s\u2019assurer que le nouveau timonier, Ka\u00efs Sa\u00efed, tient bien la barre, pour s\u2019engager de nouveau aux c\u00f4t\u00e9s de notre pays. Chat \u00e9chaud\u00e9 craint le froid, comme dit l\u2019adage.<\/p>\n\n\n\n<p>Autant dire que la balle est dans notre camp, et tout d\u00e9pendra de notre capacit\u00e9 \u00e0 remettre un peu d\u2019ordre dans nos affaires et \u00e0 remettre le pays au travail. Car les Emiratis ne sont pas des bienfaiteurs de l\u2019humanit\u00e9. Ce sont des gens travailleurs, rigoureux et fins commer\u00e7ants : avant de s\u2019engager dans un quelconque investissement, ils s\u2019assurent de sa rentabilit\u00e9.<\/p>\n\n\n\n<h2 class=\"wp-block-heading\"><em>Article li\u00e9 : <\/em><\/h2>\n\n\n\n<figure class=\"wp-block-embed is-type-wp-embed is-provider-kapitalis wp-block-embed-kapitalis\"><div class=\"wp-block-embed__wrapper\">\n<blockquote class=\"wp-embedded-content\" data-secret=\"Vb8mywhlsO\"><a href=\"https:\/\/kapitalis.com\/tunisie\/2022\/03\/10\/groupe-boukhater-la-cite-sportive-comprendra-un-mall-des-hotels-un-terrain-de-golf-un-parc-et-un-complexe-residentiel\/\">Groupe Boukhater : La Cit\u00e9 sportive comprendra un mall, des h\u00f4tels, un terrain de golf, un parc et un complexe r\u00e9sidentiel<\/a><\/blockquote><iframe loading=\"lazy\" class=\"wp-embedded-content\" sandbox=\"allow-scripts\" security=\"restricted\" style=\"position: absolute; clip: rect(1px, 1px, 1px, 1px);\" title=\"\u00ab\u00a0Groupe Boukhater : La Cit\u00e9 sportive comprendra un mall, des h\u00f4tels, un terrain de golf, un parc et un complexe r\u00e9sidentiel\u00a0\u00bb &#8212; Kapitalis\" src=\"https:\/\/kapitalis.com\/tunisie\/2022\/03\/10\/groupe-boukhater-la-cite-sportive-comprendra-un-mall-des-hotels-un-terrain-de-golf-un-parc-et-un-complexe-residentiel\/embed\/#?secret=DXdnyzpSsA#?secret=Vb8mywhlsO\" data-secret=\"Vb8mywhlsO\" width=\"600\" height=\"338\" frameborder=\"0\" marginwidth=\"0\" marginheight=\"0\" scrolling=\"no\"><\/iframe>\n<\/div><\/figure>\n","protected":false},"excerpt":{"rendered":"<p>Peut-on esp\u00e9rer un changement de la position des Emirats arabes unis, \u00e0 l\u2019\u00e9gard de la Tunisie ?<\/p>\n","protected":false},"author":8,"featured_media":1468906,"comment_status":"open","ping_status":"open","sticky":false,"template":"","format":"standard","meta":{"footnotes":""},"categories":[992,997,2433],"tags":[1108,6442,49543,98019,76012,49571,758,3720,100591,62643],"class_list":["post-1468810","post","type-post","status-publish","format-standard","has-post-thumbnail","hentry","category-a-la-une","category-politique","category-tunisie","tag-beji-caid-essebsi","tag-emirats-arabes-unis","tag-ennahdha","tag-groupe-boukhater","tag-kais-saied-2","tag-nidaa-tounes","tag-rached-ghannouchi","tag-sama-dubai","tag-shakhbout-bin-nahyan-al-nahyan","tag-tunisie"],"yoast_head":"<!-- This site is optimized with the Yoast SEO plugin v26.6 - https:\/\/yoast.com\/wordpress\/plugins\/seo\/ -->\n<title>Tunisie-Emirats, le retour ? - Kapitalis<\/title>\n<meta name=\"robots\" content=\"index, follow, max-snippet:-1, max-image-preview:large, max-video-preview:-1\" \/>\n<link rel=\"canonical\" href=\"https:\/\/kapitalis.com\/tunisie\/2022\/06\/15\/tunisie-emirats-le-retour\/\" \/>\n<meta property=\"og:locale\" content=\"fr_FR\" \/>\n<meta property=\"og:type\" content=\"article\" \/>\n<meta property=\"og:title\" content=\"Tunisie-Emirats, le retour ? - Kapitalis\" \/>\n<meta property=\"og:description\" content=\"Peut-on esp\u00e9rer un changement de la position des Emirats arabes unis, \u00e0 l\u2019\u00e9gard de la Tunisie ?\" \/>\n<meta property=\"og:url\" content=\"https:\/\/kapitalis.com\/tunisie\/2022\/06\/15\/tunisie-emirats-le-retour\/\" \/>\n<meta property=\"og:site_name\" content=\"Kapitalis\" \/>\n<meta property=\"article:publisher\" content=\"https:\/\/www.facebook.com\/KapitalisInfo\/\" \/>\n<meta property=\"article:published_time\" content=\"2022-06-15T07:11:41+00:00\" \/>\n<meta property=\"article:modified_time\" content=\"2022-06-15T07:11:42+00:00\" \/>\n<meta property=\"og:image\" content=\"https:\/\/kapitalis.com\/tunisie\/wp-content\/uploads\/2022\/06\/Kais-Saied-Emirats.jpg\" \/>\n\t<meta property=\"og:image:width\" content=\"1200\" \/>\n\t<meta property=\"og:image:height\" content=\"630\" \/>\n\t<meta property=\"og:image:type\" content=\"image\/jpeg\" \/>\n<meta name=\"author\" content=\"webmaster kapitalis\" \/>\n<meta name=\"twitter:card\" content=\"summary_large_image\" \/>\n<meta name=\"twitter:creator\" content=\"@KapitalisInfo\" \/>\n<meta name=\"twitter:site\" content=\"@KapitalisInfo\" \/>\n<meta name=\"twitter:label1\" content=\"\u00c9crit par\" \/>\n\t<meta name=\"twitter:data1\" content=\"webmaster kapitalis\" \/>\n\t<meta name=\"twitter:label2\" content=\"Dur\u00e9e de lecture estim\u00e9e\" \/>\n\t<meta name=\"twitter:data2\" content=\"4 minutes\" \/>\n<script type=\"application\/ld+json\" class=\"yoast-schema-graph\">{\"@context\":\"https:\/\/schema.org\",\"@graph\":[{\"@type\":\"Article\",\"@id\":\"https:\/\/kapitalis.com\/tunisie\/2022\/06\/15\/tunisie-emirats-le-retour\/#article\",\"isPartOf\":{\"@id\":\"https:\/\/kapitalis.com\/tunisie\/2022\/06\/15\/tunisie-emirats-le-retour\/\"},\"author\":{\"name\":\"webmaster kapitalis\",\"@id\":\"https:\/\/kapitalis.com\/tunisie\/#\/schema\/person\/d71f33a9ca44f7bad4698210b480c8e9\"},\"headline\":\"Tunisie-Emirats, le retour ?\",\"datePublished\":\"2022-06-15T07:11:41+00:00\",\"dateModified\":\"2022-06-15T07:11:42+00:00\",\"mainEntityOfPage\":{\"@id\":\"https:\/\/kapitalis.com\/tunisie\/2022\/06\/15\/tunisie-emirats-le-retour\/\"},\"wordCount\":796,\"commentCount\":4,\"publisher\":{\"@id\":\"https:\/\/kapitalis.com\/tunisie\/#organization\"},\"image\":{\"@id\":\"https:\/\/kapitalis.com\/tunisie\/2022\/06\/15\/tunisie-emirats-le-retour\/#primaryimage\"},\"thumbnailUrl\":\"https:\/\/kapitalis.com\/tunisie\/wp-content\/uploads\/2022\/06\/Kais-Saied-Emirats.jpg\",\"keywords\":[\"B\u00e9ji Ca\u00efd Essebsi\",\"Emirats arabes unis\",\"Ennahdha\",\"Groupe Boukhater\",\"Ka\u00efs Sa\u00efed\",\"Nidaa Tounes\",\"Rached Ghannouchi\",\"Sama Dubai\",\"Shakhbout bin Nahyan Al-Nahyan\",\"Tunisie\"],\"articleSection\":[\"A LA UNE\",\"POLITIQUE\",\"Tunisie\"],\"inLanguage\":\"fr-FR\",\"potentialAction\":[{\"@type\":\"CommentAction\",\"name\":\"Comment\",\"target\":[\"https:\/\/kapitalis.com\/tunisie\/2022\/06\/15\/tunisie-emirats-le-retour\/#respond\"]}]},{\"@type\":\"WebPage\",\"@id\":\"https:\/\/kapitalis.com\/tunisie\/2022\/06\/15\/tunisie-emirats-le-retour\/\",\"url\":\"https:\/\/kapitalis.com\/tunisie\/2022\/06\/15\/tunisie-emirats-le-retour\/\",\"name\":\"Tunisie-Emirats, le retour ? - Kapitalis\",\"isPartOf\":{\"@id\":\"https:\/\/kapitalis.com\/tunisie\/#website\"},\"primaryImageOfPage\":{\"@id\":\"https:\/\/kapitalis.com\/tunisie\/2022\/06\/15\/tunisie-emirats-le-retour\/#primaryimage\"},\"image\":{\"@id\":\"https:\/\/kapitalis.com\/tunisie\/2022\/06\/15\/tunisie-emirats-le-retour\/#primaryimage\"},\"thumbnailUrl\":\"https:\/\/kapitalis.com\/tunisie\/wp-content\/uploads\/2022\/06\/Kais-Saied-Emirats.jpg\",\"datePublished\":\"2022-06-15T07:11:41+00:00\",\"dateModified\":\"2022-06-15T07:11:42+00:00\",\"breadcrumb\":{\"@id\":\"https:\/\/kapitalis.com\/tunisie\/2022\/06\/15\/tunisie-emirats-le-retour\/#breadcrumb\"},\"inLanguage\":\"fr-FR\",\"potentialAction\":[{\"@type\":\"ReadAction\",\"target\":[\"https:\/\/kapitalis.com\/tunisie\/2022\/06\/15\/tunisie-emirats-le-retour\/\"]}]},{\"@type\":\"ImageObject\",\"inLanguage\":\"fr-FR\",\"@id\":\"https:\/\/kapitalis.com\/tunisie\/2022\/06\/15\/tunisie-emirats-le-retour\/#primaryimage\",\"url\":\"https:\/\/kapitalis.com\/tunisie\/wp-content\/uploads\/2022\/06\/Kais-Saied-Emirats.jpg\",\"contentUrl\":\"https:\/\/kapitalis.com\/tunisie\/wp-content\/uploads\/2022\/06\/Kais-Saied-Emirats.jpg\",\"width\":1200,\"height\":630},{\"@type\":\"BreadcrumbList\",\"@id\":\"https:\/\/kapitalis.com\/tunisie\/2022\/06\/15\/tunisie-emirats-le-retour\/#breadcrumb\",\"itemListElement\":[{\"@type\":\"ListItem\",\"position\":1,\"name\":\"Accueil\",\"item\":\"https:\/\/kapitalis.com\/tunisie\/\"},{\"@type\":\"ListItem\",\"position\":2,\"name\":\"Tunisie-Emirats, le retour ?\"}]},{\"@type\":\"WebSite\",\"@id\":\"https:\/\/kapitalis.com\/tunisie\/#website\",\"url\":\"https:\/\/kapitalis.com\/tunisie\/\",\"name\":\"Kapitalis\",\"description\":\"L&#039;actualit\u00e9 en Tunisie et dans le monde\",\"publisher\":{\"@id\":\"https:\/\/kapitalis.com\/tunisie\/#organization\"},\"potentialAction\":[{\"@type\":\"SearchAction\",\"target\":{\"@type\":\"EntryPoint\",\"urlTemplate\":\"https:\/\/kapitalis.com\/tunisie\/?s={search_term_string}\"},\"query-input\":{\"@type\":\"PropertyValueSpecification\",\"valueRequired\":true,\"valueName\":\"search_term_string\"}}],\"inLanguage\":\"fr-FR\"},{\"@type\":\"Organization\",\"@id\":\"https:\/\/kapitalis.com\/tunisie\/#organization\",\"name\":\"Kapitalis\",\"url\":\"https:\/\/kapitalis.com\/tunisie\/\",\"logo\":{\"@type\":\"ImageObject\",\"inLanguage\":\"fr-FR\",\"@id\":\"https:\/\/kapitalis.com\/tunisie\/#\/schema\/logo\/image\/\",\"url\":\"https:\/\/kapitalis.com\/tunisie\/wp-content\/uploads\/2022\/05\/Kapitalis-big-size.png\",\"contentUrl\":\"https:\/\/kapitalis.com\/tunisie\/wp-content\/uploads\/2022\/05\/Kapitalis-big-size.png\",\"width\":5000,\"height\":1500,\"caption\":\"Kapitalis\"},\"image\":{\"@id\":\"https:\/\/kapitalis.com\/tunisie\/#\/schema\/logo\/image\/\"},\"sameAs\":[\"https:\/\/www.facebook.com\/KapitalisInfo\/\",\"https:\/\/x.com\/KapitalisInfo\",\"https:\/\/www.youtube.com\/channel\/UC-yDYrHyfFBWWZaOw3FPg9Q\"]},{\"@type\":\"Person\",\"@id\":\"https:\/\/kapitalis.com\/tunisie\/#\/schema\/person\/d71f33a9ca44f7bad4698210b480c8e9\",\"name\":\"webmaster kapitalis\",\"url\":\"https:\/\/kapitalis.com\/tunisie\/author\/webmaster-kapitalis\/\"}]}<\/script>\n<!-- \/ Yoast SEO plugin. -->","yoast_head_json":{"title":"Tunisie-Emirats, le retour ? - Kapitalis","robots":{"index":"index","follow":"follow","max-snippet":"max-snippet:-1","max-image-preview":"max-image-preview:large","max-video-preview":"max-video-preview:-1"},"canonical":"https:\/\/kapitalis.com\/tunisie\/2022\/06\/15\/tunisie-emirats-le-retour\/","og_locale":"fr_FR","og_type":"article","og_title":"Tunisie-Emirats, le retour ? - Kapitalis","og_description":"Peut-on esp\u00e9rer un changement de la position des Emirats arabes unis, \u00e0 l\u2019\u00e9gard de la Tunisie ?","og_url":"https:\/\/kapitalis.com\/tunisie\/2022\/06\/15\/tunisie-emirats-le-retour\/","og_site_name":"Kapitalis","article_publisher":"https:\/\/www.facebook.com\/KapitalisInfo\/","article_published_time":"2022-06-15T07:11:41+00:00","article_modified_time":"2022-06-15T07:11:42+00:00","og_image":[{"width":1200,"height":630,"url":"https:\/\/kapitalis.com\/tunisie\/wp-content\/uploads\/2022\/06\/Kais-Saied-Emirats.jpg","type":"image\/jpeg"}],"author":"webmaster kapitalis","twitter_card":"summary_large_image","twitter_creator":"@KapitalisInfo","twitter_site":"@KapitalisInfo","twitter_misc":{"\u00c9crit par":"webmaster kapitalis","Dur\u00e9e de lecture estim\u00e9e":"4 minutes"},"schema":{"@context":"https:\/\/schema.org","@graph":[{"@type":"Article","@id":"https:\/\/kapitalis.com\/tunisie\/2022\/06\/15\/tunisie-emirats-le-retour\/#article","isPartOf":{"@id":"https:\/\/kapitalis.com\/tunisie\/2022\/06\/15\/tunisie-emirats-le-retour\/"},"author":{"name":"webmaster kapitalis","@id":"https:\/\/kapitalis.com\/tunisie\/#\/schema\/person\/d71f33a9ca44f7bad4698210b480c8e9"},"headline":"Tunisie-Emirats, le retour ?","datePublished":"2022-06-15T07:11:41+00:00","dateModified":"2022-06-15T07:11:42+00:00","mainEntityOfPage":{"@id":"https:\/\/kapitalis.com\/tunisie\/2022\/06\/15\/tunisie-emirats-le-retour\/"},"wordCount":796,"commentCount":4,"publisher":{"@id":"https:\/\/kapitalis.com\/tunisie\/#organization"},"image":{"@id":"https:\/\/kapitalis.com\/tunisie\/2022\/06\/15\/tunisie-emirats-le-retour\/#primaryimage"},"thumbnailUrl":"https:\/\/kapitalis.com\/tunisie\/wp-content\/uploads\/2022\/06\/Kais-Saied-Emirats.jpg","keywords":["B\u00e9ji Ca\u00efd Essebsi","Emirats arabes unis","Ennahdha","Groupe Boukhater","Ka\u00efs Sa\u00efed","Nidaa Tounes","Rached Ghannouchi","Sama Dubai","Shakhbout bin Nahyan Al-Nahyan","Tunisie"],"articleSection":["A LA UNE","POLITIQUE","Tunisie"],"inLanguage":"fr-FR","potentialAction":[{"@type":"CommentAction","name":"Comment","target":["https:\/\/kapitalis.com\/tunisie\/2022\/06\/15\/tunisie-emirats-le-retour\/#respond"]}]},{"@type":"WebPage","@id":"https:\/\/kapitalis.com\/tunisie\/2022\/06\/15\/tunisie-emirats-le-retour\/","url":"https:\/\/kapitalis.com\/tunisie\/2022\/06\/15\/tunisie-emirats-le-retour\/","name":"Tunisie-Emirats, le retour ? - Kapitalis","isPartOf":{"@id":"https:\/\/kapitalis.com\/tunisie\/#website"},"primaryImageOfPage":{"@id":"https:\/\/kapitalis.com\/tunisie\/2022\/06\/15\/tunisie-emirats-le-retour\/#primaryimage"},"image":{"@id":"https:\/\/kapitalis.com\/tunisie\/2022\/06\/15\/tunisie-emirats-le-retour\/#primaryimage"},"thumbnailUrl":"https:\/\/kapitalis.com\/tunisie\/wp-content\/uploads\/2022\/06\/Kais-Saied-Emirats.jpg","datePublished":"2022-06-15T07:11:41+00:00","dateModified":"2022-06-15T07:11:42+00:00","breadcrumb":{"@id":"https:\/\/kapitalis.com\/tunisie\/2022\/06\/15\/tunisie-emirats-le-retour\/#breadcrumb"},"inLanguage":"fr-FR","potentialAction":[{"@type":"ReadAction","target":["https:\/\/kapitalis.com\/tunisie\/2022\/06\/15\/tunisie-emirats-le-retour\/"]}]},{"@type":"ImageObject","inLanguage":"fr-FR","@id":"https:\/\/kapitalis.com\/tunisie\/2022\/06\/15\/tunisie-emirats-le-retour\/#primaryimage","url":"https:\/\/kapitalis.com\/tunisie\/wp-content\/uploads\/2022\/06\/Kais-Saied-Emirats.jpg","contentUrl":"https:\/\/kapitalis.com\/tunisie\/wp-content\/uploads\/2022\/06\/Kais-Saied-Emirats.jpg","width":1200,"height":630},{"@type":"BreadcrumbList","@id":"https:\/\/kapitalis.com\/tunisie\/2022\/06\/15\/tunisie-emirats-le-retour\/#breadcrumb","itemListElement":[{"@type":"ListItem","position":1,"name":"Accueil","item":"https:\/\/kapitalis.com\/tunisie\/"},{"@type":"ListItem","position":2,"name":"Tunisie-Emirats, le retour ?"}]},{"@type":"WebSite","@id":"https:\/\/kapitalis.com\/tunisie\/#website","url":"https:\/\/kapitalis.com\/tunisie\/","name":"Kapitalis","description":"L&#039;actualit\u00e9 en Tunisie et dans le monde","publisher":{"@id":"https:\/\/kapitalis.com\/tunisie\/#organization"},"potentialAction":[{"@type":"SearchAction","target":{"@type":"EntryPoint","urlTemplate":"https:\/\/kapitalis.com\/tunisie\/?s={search_term_string}"},"query-input":{"@type":"PropertyValueSpecification","valueRequired":true,"valueName":"search_term_string"}}],"inLanguage":"fr-FR"},{"@type":"Organization","@id":"https:\/\/kapitalis.com\/tunisie\/#organization","name":"Kapitalis","url":"https:\/\/kapitalis.com\/tunisie\/","logo":{"@type":"ImageObject","inLanguage":"fr-FR","@id":"https:\/\/kapitalis.com\/tunisie\/#\/schema\/logo\/image\/","url":"https:\/\/kapitalis.com\/tunisie\/wp-content\/uploads\/2022\/05\/Kapitalis-big-size.png","contentUrl":"https:\/\/kapitalis.com\/tunisie\/wp-content\/uploads\/2022\/05\/Kapitalis-big-size.png","width":5000,"height":1500,"caption":"Kapitalis"},"image":{"@id":"https:\/\/kapitalis.com\/tunisie\/#\/schema\/logo\/image\/"},"sameAs":["https:\/\/www.facebook.com\/KapitalisInfo\/","https:\/\/x.com\/KapitalisInfo","https:\/\/www.youtube.com\/channel\/UC-yDYrHyfFBWWZaOw3FPg9Q"]},{"@type":"Person","@id":"https:\/\/kapitalis.com\/tunisie\/#\/schema\/person\/d71f33a9ca44f7bad4698210b480c8e9","name":"webmaster kapitalis","url":"https:\/\/kapitalis.com\/tunisie\/author\/webmaster-kapitalis\/"}]}},"_links":{"self":[{"href":"https:\/\/kapitalis.com\/tunisie\/wp-json\/wp\/v2\/posts\/1468810","targetHints":{"allow":["GET"]}}],"collection":[{"href":"https:\/\/kapitalis.com\/tunisie\/wp-json\/wp\/v2\/posts"}],"about":[{"href":"https:\/\/kapitalis.com\/tunisie\/wp-json\/wp\/v2\/types\/post"}],"author":[{"embeddable":true,"href":"https:\/\/kapitalis.com\/tunisie\/wp-json\/wp\/v2\/users\/8"}],"replies":[{"embeddable":true,"href":"https:\/\/kapitalis.com\/tunisie\/wp-json\/wp\/v2\/comments?post=1468810"}],"version-history":[{"count":0,"href":"https:\/\/kapitalis.com\/tunisie\/wp-json\/wp\/v2\/posts\/1468810\/revisions"}],"wp:featuredmedia":[{"embeddable":true,"href":"https:\/\/kapitalis.com\/tunisie\/wp-json\/wp\/v2\/media\/1468906"}],"wp:attachment":[{"href":"https:\/\/kapitalis.com\/tunisie\/wp-json\/wp\/v2\/media?parent=1468810"}],"wp:term":[{"taxonomy":"category","embeddable":true,"href":"https:\/\/kapitalis.com\/tunisie\/wp-json\/wp\/v2\/categories?post=1468810"},{"taxonomy":"post_tag","embeddable":true,"href":"https:\/\/kapitalis.com\/tunisie\/wp-json\/wp\/v2\/tags?post=1468810"}],"curies":[{"name":"wp","href":"https:\/\/api.w.org\/{rel}","templated":true}]}}