{"id":14691659,"date":"2024-11-24T07:34:00","date_gmt":"2024-11-24T06:34:00","guid":{"rendered":"https:\/\/kapitalis.com\/tunisie\/?p=14691659"},"modified":"2024-11-23T11:41:34","modified_gmt":"2024-11-23T10:41:34","slug":"le-poeme-du-dimanche-plus-loin-de-jalel-el-gharbi","status":"publish","type":"post","link":"https:\/\/kapitalis.com\/tunisie\/2024\/11\/24\/le-poeme-du-dimanche-plus-loin-de-jalel-el-gharbi\/","title":{"rendered":"Le po\u00e8me du dimanche\u00a0: \u2018\u2018Plus loin\u2019\u2019 de Jalel El Gharbi"},"content":{"rendered":"\n<p><strong><em>N\u00e9 en 1958 \u00e0 Mateur, Jalel El Gharbi est po\u00e8te, romancier, essayiste et traducteur tunisien.<\/em><\/strong><\/p>\n\n\n\n<!--more-->\n\n\n\n<p>Ancien professeur de litt\u00e9rature fran\u00e7aise \u00e0 la Facult\u00e9 des Lettres de la Manouba, il est l\u2019auteur d\u2019essais et de travaux sur Baudelaire, Jules Supervielle, Michel Deguy, Jos\u00e9 Ensch, et d\u2019un roman, <em>En qu\u00eate d\u2019une ombre<\/em>.<\/p>\n\n\n\n<p>Vient de para\u00eetre de lui, un recueil de po\u00e9sie, <em>A l\u2019heure du limoncello<\/em>, suivi de <em>Dialogues du ma\u00eetre<\/em> aux Ed. Asmod\u00e9e Edern, en Belgique.<\/p>\n\n\n\n<p class=\"has-text-align-right\"><strong>Tahar Bekri<\/strong><\/p>\n\n\n\n<p><em>Plus loin vers l\u2019Ouest<\/em><\/p>\n\n\n\n<p><em>L\u00e0 o\u00f9 les hommes donnent au calame un autre sens<\/em><\/p>\n\n\n\n<p><em>Travaillent la pierre et la peinture autrement<\/em><\/p>\n\n\n\n<p><em>Et apprennent autrement<\/em><\/p>\n\n\n\n<p><em>La rh\u00e9torique et la s\u00e9duction<\/em><\/p>\n\n\n\n<p><em>Mais aiment comme nous<\/em><\/p>\n\n\n\n<p><em>Tu seras l\u2019Est de leur Ouest<\/em><\/p>\n\n\n\n<p><em>Et grandira la part de l\u2019Ouest en toi<\/em><\/p>\n\n\n\n<p><\/p>\n\n\n\n<p><em>Les choses sont plus simples<\/em><\/p>\n\n\n\n<p><em>Comme la chenille n\u2019est pas le ver<\/em><\/p>\n\n\n\n<p><em>Comme la strophe n\u2019est pas le po\u00e8me<\/em><\/p>\n\n\n\n<p><em>L\u2019autre n\u2019est pas autre<\/em><\/p>\n\n\n\n<p><\/p>\n\n\n\n<p><em>Il y a plus loin que la mer des t\u00e9n\u00e8bres<\/em><\/p>\n\n\n\n<p><em>Plus loin que cette pointe o\u00f9 finit la terre<\/em><\/p>\n\n\n\n<p><\/p>\n\n\n\n<p><em>Une \u00eele o\u00f9 ces mots ne veulent plus rien dire<\/em><\/p>\n\n\n\n<p><\/p>\n\n\n\n<p><em>Il y a \u00e0 l\u2019Est de nos c<\/em><em>\u0153urs<\/em><\/p>\n\n\n\n<p><em>Un peu vers l\u2019Ouest de nos \u00e2mes<\/em><\/p>\n\n\n\n<p><em>Au plus profond de nous-m\u00eames<\/em><\/p>\n\n\n\n<p><em>Une \u00eele o\u00f9 l\u2019autre est le m\u00eame.<\/em><\/p>\n\n\n\n<p class=\"has-text-align-right\"><em><strong>A l\u2019heure du limoncello, Ed. Asmod\u00e9e Edern, 2024.<\/strong><\/em><\/p>\n\n\n\n<p><em>(Remerciements \u00e0 l\u2019auteur et \u00e0 l\u2019\u00e9diteur)<\/em><\/p>\n","protected":false},"excerpt":{"rendered":"<p>Jalel El Gharbi est po\u00e8te, romancier, essayiste et traducteur tunisien.<\/p>\n","protected":false},"author":8,"featured_media":14691722,"comment_status":"open","ping_status":"open","sticky":false,"template":"","format":"standard","meta":{"footnotes":""},"categories":[992,994,2433],"tags":[91204,87861,119085,119084,119086,21267],"class_list":["post-14691659","post","type-post","status-publish","format-standard","has-post-thumbnail","hentry","category-a-la-une","category-culture","category-tunisie","tag-baudelaire","tag-jalel-el-gharbi","tag-jose-ensch","tag-jules-supervielle","tag-michel-deguy","tag-tahar-bekri"],"yoast_head":"<!-- This site is optimized with the Yoast SEO plugin v26.6 - https:\/\/yoast.com\/wordpress\/plugins\/seo\/ -->\n<title>Le po\u00e8me du dimanche\u00a0: \u2018\u2018Plus loin\u2019\u2019 de Jalel El Gharbi - Kapitalis<\/title>\n<meta name=\"robots\" content=\"index, follow, max-snippet:-1, max-image-preview:large, max-video-preview:-1\" \/>\n<link rel=\"canonical\" href=\"https:\/\/kapitalis.com\/tunisie\/2024\/11\/24\/le-poeme-du-dimanche-plus-loin-de-jalel-el-gharbi\/\" \/>\n<meta property=\"og:locale\" content=\"fr_FR\" \/>\n<meta property=\"og:type\" content=\"article\" \/>\n<meta property=\"og:title\" content=\"Le po\u00e8me du dimanche\u00a0: \u2018\u2018Plus loin\u2019\u2019 de Jalel El Gharbi - Kapitalis\" \/>\n<meta property=\"og:description\" content=\"Jalel El Gharbi est po\u00e8te, romancier, essayiste et traducteur tunisien.\" \/>\n<meta property=\"og:url\" content=\"https:\/\/kapitalis.com\/tunisie\/2024\/11\/24\/le-poeme-du-dimanche-plus-loin-de-jalel-el-gharbi\/\" \/>\n<meta property=\"og:site_name\" content=\"Kapitalis\" \/>\n<meta property=\"article:publisher\" content=\"https:\/\/www.facebook.com\/KapitalisInfo\/\" \/>\n<meta property=\"article:published_time\" content=\"2024-11-24T06:34:00+00:00\" \/>\n<meta property=\"og:image\" content=\"https:\/\/kapitalis.com\/tunisie\/wp-content\/uploads\/2024\/11\/Jalel-El-Gharbi.jpg\" \/>\n\t<meta property=\"og:image:width\" content=\"1200\" \/>\n\t<meta property=\"og:image:height\" content=\"630\" \/>\n\t<meta property=\"og:image:type\" content=\"image\/jpeg\" \/>\n<meta name=\"author\" content=\"webmaster kapitalis\" \/>\n<meta name=\"twitter:card\" content=\"summary_large_image\" \/>\n<meta name=\"twitter:creator\" content=\"@KapitalisInfo\" \/>\n<meta name=\"twitter:site\" content=\"@KapitalisInfo\" \/>\n<meta name=\"twitter:label1\" content=\"\u00c9crit par\" \/>\n\t<meta name=\"twitter:data1\" content=\"webmaster kapitalis\" \/>\n\t<meta name=\"twitter:label2\" content=\"Dur\u00e9e de lecture estim\u00e9e\" \/>\n\t<meta name=\"twitter:data2\" content=\"2 minutes\" \/>\n<script type=\"application\/ld+json\" class=\"yoast-schema-graph\">{\"@context\":\"https:\/\/schema.org\",\"@graph\":[{\"@type\":\"Article\",\"@id\":\"https:\/\/kapitalis.com\/tunisie\/2024\/11\/24\/le-poeme-du-dimanche-plus-loin-de-jalel-el-gharbi\/#article\",\"isPartOf\":{\"@id\":\"https:\/\/kapitalis.com\/tunisie\/2024\/11\/24\/le-poeme-du-dimanche-plus-loin-de-jalel-el-gharbi\/\"},\"author\":{\"name\":\"webmaster kapitalis\",\"@id\":\"https:\/\/kapitalis.com\/tunisie\/#\/schema\/person\/d71f33a9ca44f7bad4698210b480c8e9\"},\"headline\":\"Le po\u00e8me du dimanche\u00a0: \u2018\u2018Plus loin\u2019\u2019 de Jalel El Gharbi\",\"datePublished\":\"2024-11-24T06:34:00+00:00\",\"mainEntityOfPage\":{\"@id\":\"https:\/\/kapitalis.com\/tunisie\/2024\/11\/24\/le-poeme-du-dimanche-plus-loin-de-jalel-el-gharbi\/\"},\"wordCount\":255,\"commentCount\":0,\"publisher\":{\"@id\":\"https:\/\/kapitalis.com\/tunisie\/#organization\"},\"image\":{\"@id\":\"https:\/\/kapitalis.com\/tunisie\/2024\/11\/24\/le-poeme-du-dimanche-plus-loin-de-jalel-el-gharbi\/#primaryimage\"},\"thumbnailUrl\":\"https:\/\/kapitalis.com\/tunisie\/wp-content\/uploads\/2024\/11\/Jalel-El-Gharbi.jpg\",\"keywords\":[\"Baudelaire\",\"Jalel El Gharbi\",\"Jos\u00e9 Ensch\",\"Jules Supervielle\",\"Michel Deguy\",\"Tahar Bekri\"],\"articleSection\":[\"A LA UNE\",\"CULTURE\",\"Tunisie\"],\"inLanguage\":\"fr-FR\",\"potentialAction\":[{\"@type\":\"CommentAction\",\"name\":\"Comment\",\"target\":[\"https:\/\/kapitalis.com\/tunisie\/2024\/11\/24\/le-poeme-du-dimanche-plus-loin-de-jalel-el-gharbi\/#respond\"]}]},{\"@type\":\"WebPage\",\"@id\":\"https:\/\/kapitalis.com\/tunisie\/2024\/11\/24\/le-poeme-du-dimanche-plus-loin-de-jalel-el-gharbi\/\",\"url\":\"https:\/\/kapitalis.com\/tunisie\/2024\/11\/24\/le-poeme-du-dimanche-plus-loin-de-jalel-el-gharbi\/\",\"name\":\"Le po\u00e8me du dimanche\u00a0: \u2018\u2018Plus loin\u2019\u2019 de Jalel El Gharbi - Kapitalis\",\"isPartOf\":{\"@id\":\"https:\/\/kapitalis.com\/tunisie\/#website\"},\"primaryImageOfPage\":{\"@id\":\"https:\/\/kapitalis.com\/tunisie\/2024\/11\/24\/le-poeme-du-dimanche-plus-loin-de-jalel-el-gharbi\/#primaryimage\"},\"image\":{\"@id\":\"https:\/\/kapitalis.com\/tunisie\/2024\/11\/24\/le-poeme-du-dimanche-plus-loin-de-jalel-el-gharbi\/#primaryimage\"},\"thumbnailUrl\":\"https:\/\/kapitalis.com\/tunisie\/wp-content\/uploads\/2024\/11\/Jalel-El-Gharbi.jpg\",\"datePublished\":\"2024-11-24T06:34:00+00:00\",\"breadcrumb\":{\"@id\":\"https:\/\/kapitalis.com\/tunisie\/2024\/11\/24\/le-poeme-du-dimanche-plus-loin-de-jalel-el-gharbi\/#breadcrumb\"},\"inLanguage\":\"fr-FR\",\"potentialAction\":[{\"@type\":\"ReadAction\",\"target\":[\"https:\/\/kapitalis.com\/tunisie\/2024\/11\/24\/le-poeme-du-dimanche-plus-loin-de-jalel-el-gharbi\/\"]}]},{\"@type\":\"ImageObject\",\"inLanguage\":\"fr-FR\",\"@id\":\"https:\/\/kapitalis.com\/tunisie\/2024\/11\/24\/le-poeme-du-dimanche-plus-loin-de-jalel-el-gharbi\/#primaryimage\",\"url\":\"https:\/\/kapitalis.com\/tunisie\/wp-content\/uploads\/2024\/11\/Jalel-El-Gharbi.jpg\",\"contentUrl\":\"https:\/\/kapitalis.com\/tunisie\/wp-content\/uploads\/2024\/11\/Jalel-El-Gharbi.jpg\",\"width\":1200,\"height\":630},{\"@type\":\"BreadcrumbList\",\"@id\":\"https:\/\/kapitalis.com\/tunisie\/2024\/11\/24\/le-poeme-du-dimanche-plus-loin-de-jalel-el-gharbi\/#breadcrumb\",\"itemListElement\":[{\"@type\":\"ListItem\",\"position\":1,\"name\":\"Accueil\",\"item\":\"https:\/\/kapitalis.com\/tunisie\/\"},{\"@type\":\"ListItem\",\"position\":2,\"name\":\"Le po\u00e8me du dimanche\u00a0: \u2018\u2018Plus loin\u2019\u2019 de Jalel El Gharbi\"}]},{\"@type\":\"WebSite\",\"@id\":\"https:\/\/kapitalis.com\/tunisie\/#website\",\"url\":\"https:\/\/kapitalis.com\/tunisie\/\",\"name\":\"Kapitalis\",\"description\":\"L&#039;actualit\u00e9 en Tunisie et dans le monde\",\"publisher\":{\"@id\":\"https:\/\/kapitalis.com\/tunisie\/#organization\"},\"potentialAction\":[{\"@type\":\"SearchAction\",\"target\":{\"@type\":\"EntryPoint\",\"urlTemplate\":\"https:\/\/kapitalis.com\/tunisie\/?s={search_term_string}\"},\"query-input\":{\"@type\":\"PropertyValueSpecification\",\"valueRequired\":true,\"valueName\":\"search_term_string\"}}],\"inLanguage\":\"fr-FR\"},{\"@type\":\"Organization\",\"@id\":\"https:\/\/kapitalis.com\/tunisie\/#organization\",\"name\":\"Kapitalis\",\"url\":\"https:\/\/kapitalis.com\/tunisie\/\",\"logo\":{\"@type\":\"ImageObject\",\"inLanguage\":\"fr-FR\",\"@id\":\"https:\/\/kapitalis.com\/tunisie\/#\/schema\/logo\/image\/\",\"url\":\"https:\/\/kapitalis.com\/tunisie\/wp-content\/uploads\/2022\/05\/Kapitalis-big-size.png\",\"contentUrl\":\"https:\/\/kapitalis.com\/tunisie\/wp-content\/uploads\/2022\/05\/Kapitalis-big-size.png\",\"width\":5000,\"height\":1500,\"caption\":\"Kapitalis\"},\"image\":{\"@id\":\"https:\/\/kapitalis.com\/tunisie\/#\/schema\/logo\/image\/\"},\"sameAs\":[\"https:\/\/www.facebook.com\/KapitalisInfo\/\",\"https:\/\/x.com\/KapitalisInfo\",\"https:\/\/www.youtube.com\/channel\/UC-yDYrHyfFBWWZaOw3FPg9Q\"]},{\"@type\":\"Person\",\"@id\":\"https:\/\/kapitalis.com\/tunisie\/#\/schema\/person\/d71f33a9ca44f7bad4698210b480c8e9\",\"name\":\"webmaster kapitalis\",\"url\":\"https:\/\/kapitalis.com\/tunisie\/author\/webmaster-kapitalis\/\"}]}<\/script>\n<!-- \/ Yoast SEO plugin. -->","yoast_head_json":{"title":"Le po\u00e8me du dimanche\u00a0: \u2018\u2018Plus loin\u2019\u2019 de Jalel El Gharbi - Kapitalis","robots":{"index":"index","follow":"follow","max-snippet":"max-snippet:-1","max-image-preview":"max-image-preview:large","max-video-preview":"max-video-preview:-1"},"canonical":"https:\/\/kapitalis.com\/tunisie\/2024\/11\/24\/le-poeme-du-dimanche-plus-loin-de-jalel-el-gharbi\/","og_locale":"fr_FR","og_type":"article","og_title":"Le po\u00e8me du dimanche\u00a0: \u2018\u2018Plus loin\u2019\u2019 de Jalel El Gharbi - Kapitalis","og_description":"Jalel El Gharbi est po\u00e8te, romancier, essayiste et traducteur tunisien.","og_url":"https:\/\/kapitalis.com\/tunisie\/2024\/11\/24\/le-poeme-du-dimanche-plus-loin-de-jalel-el-gharbi\/","og_site_name":"Kapitalis","article_publisher":"https:\/\/www.facebook.com\/KapitalisInfo\/","article_published_time":"2024-11-24T06:34:00+00:00","og_image":[{"width":1200,"height":630,"url":"https:\/\/kapitalis.com\/tunisie\/wp-content\/uploads\/2024\/11\/Jalel-El-Gharbi.jpg","type":"image\/jpeg"}],"author":"webmaster kapitalis","twitter_card":"summary_large_image","twitter_creator":"@KapitalisInfo","twitter_site":"@KapitalisInfo","twitter_misc":{"\u00c9crit par":"webmaster kapitalis","Dur\u00e9e de lecture estim\u00e9e":"2 minutes"},"schema":{"@context":"https:\/\/schema.org","@graph":[{"@type":"Article","@id":"https:\/\/kapitalis.com\/tunisie\/2024\/11\/24\/le-poeme-du-dimanche-plus-loin-de-jalel-el-gharbi\/#article","isPartOf":{"@id":"https:\/\/kapitalis.com\/tunisie\/2024\/11\/24\/le-poeme-du-dimanche-plus-loin-de-jalel-el-gharbi\/"},"author":{"name":"webmaster kapitalis","@id":"https:\/\/kapitalis.com\/tunisie\/#\/schema\/person\/d71f33a9ca44f7bad4698210b480c8e9"},"headline":"Le po\u00e8me du dimanche\u00a0: \u2018\u2018Plus loin\u2019\u2019 de Jalel El Gharbi","datePublished":"2024-11-24T06:34:00+00:00","mainEntityOfPage":{"@id":"https:\/\/kapitalis.com\/tunisie\/2024\/11\/24\/le-poeme-du-dimanche-plus-loin-de-jalel-el-gharbi\/"},"wordCount":255,"commentCount":0,"publisher":{"@id":"https:\/\/kapitalis.com\/tunisie\/#organization"},"image":{"@id":"https:\/\/kapitalis.com\/tunisie\/2024\/11\/24\/le-poeme-du-dimanche-plus-loin-de-jalel-el-gharbi\/#primaryimage"},"thumbnailUrl":"https:\/\/kapitalis.com\/tunisie\/wp-content\/uploads\/2024\/11\/Jalel-El-Gharbi.jpg","keywords":["Baudelaire","Jalel El Gharbi","Jos\u00e9 Ensch","Jules Supervielle","Michel Deguy","Tahar Bekri"],"articleSection":["A LA UNE","CULTURE","Tunisie"],"inLanguage":"fr-FR","potentialAction":[{"@type":"CommentAction","name":"Comment","target":["https:\/\/kapitalis.com\/tunisie\/2024\/11\/24\/le-poeme-du-dimanche-plus-loin-de-jalel-el-gharbi\/#respond"]}]},{"@type":"WebPage","@id":"https:\/\/kapitalis.com\/tunisie\/2024\/11\/24\/le-poeme-du-dimanche-plus-loin-de-jalel-el-gharbi\/","url":"https:\/\/kapitalis.com\/tunisie\/2024\/11\/24\/le-poeme-du-dimanche-plus-loin-de-jalel-el-gharbi\/","name":"Le po\u00e8me du dimanche\u00a0: \u2018\u2018Plus loin\u2019\u2019 de Jalel El Gharbi - Kapitalis","isPartOf":{"@id":"https:\/\/kapitalis.com\/tunisie\/#website"},"primaryImageOfPage":{"@id":"https:\/\/kapitalis.com\/tunisie\/2024\/11\/24\/le-poeme-du-dimanche-plus-loin-de-jalel-el-gharbi\/#primaryimage"},"image":{"@id":"https:\/\/kapitalis.com\/tunisie\/2024\/11\/24\/le-poeme-du-dimanche-plus-loin-de-jalel-el-gharbi\/#primaryimage"},"thumbnailUrl":"https:\/\/kapitalis.com\/tunisie\/wp-content\/uploads\/2024\/11\/Jalel-El-Gharbi.jpg","datePublished":"2024-11-24T06:34:00+00:00","breadcrumb":{"@id":"https:\/\/kapitalis.com\/tunisie\/2024\/11\/24\/le-poeme-du-dimanche-plus-loin-de-jalel-el-gharbi\/#breadcrumb"},"inLanguage":"fr-FR","potentialAction":[{"@type":"ReadAction","target":["https:\/\/kapitalis.com\/tunisie\/2024\/11\/24\/le-poeme-du-dimanche-plus-loin-de-jalel-el-gharbi\/"]}]},{"@type":"ImageObject","inLanguage":"fr-FR","@id":"https:\/\/kapitalis.com\/tunisie\/2024\/11\/24\/le-poeme-du-dimanche-plus-loin-de-jalel-el-gharbi\/#primaryimage","url":"https:\/\/kapitalis.com\/tunisie\/wp-content\/uploads\/2024\/11\/Jalel-El-Gharbi.jpg","contentUrl":"https:\/\/kapitalis.com\/tunisie\/wp-content\/uploads\/2024\/11\/Jalel-El-Gharbi.jpg","width":1200,"height":630},{"@type":"BreadcrumbList","@id":"https:\/\/kapitalis.com\/tunisie\/2024\/11\/24\/le-poeme-du-dimanche-plus-loin-de-jalel-el-gharbi\/#breadcrumb","itemListElement":[{"@type":"ListItem","position":1,"name":"Accueil","item":"https:\/\/kapitalis.com\/tunisie\/"},{"@type":"ListItem","position":2,"name":"Le po\u00e8me du dimanche\u00a0: \u2018\u2018Plus loin\u2019\u2019 de Jalel El Gharbi"}]},{"@type":"WebSite","@id":"https:\/\/kapitalis.com\/tunisie\/#website","url":"https:\/\/kapitalis.com\/tunisie\/","name":"Kapitalis","description":"L&#039;actualit\u00e9 en Tunisie et dans le monde","publisher":{"@id":"https:\/\/kapitalis.com\/tunisie\/#organization"},"potentialAction":[{"@type":"SearchAction","target":{"@type":"EntryPoint","urlTemplate":"https:\/\/kapitalis.com\/tunisie\/?s={search_term_string}"},"query-input":{"@type":"PropertyValueSpecification","valueRequired":true,"valueName":"search_term_string"}}],"inLanguage":"fr-FR"},{"@type":"Organization","@id":"https:\/\/kapitalis.com\/tunisie\/#organization","name":"Kapitalis","url":"https:\/\/kapitalis.com\/tunisie\/","logo":{"@type":"ImageObject","inLanguage":"fr-FR","@id":"https:\/\/kapitalis.com\/tunisie\/#\/schema\/logo\/image\/","url":"https:\/\/kapitalis.com\/tunisie\/wp-content\/uploads\/2022\/05\/Kapitalis-big-size.png","contentUrl":"https:\/\/kapitalis.com\/tunisie\/wp-content\/uploads\/2022\/05\/Kapitalis-big-size.png","width":5000,"height":1500,"caption":"Kapitalis"},"image":{"@id":"https:\/\/kapitalis.com\/tunisie\/#\/schema\/logo\/image\/"},"sameAs":["https:\/\/www.facebook.com\/KapitalisInfo\/","https:\/\/x.com\/KapitalisInfo","https:\/\/www.youtube.com\/channel\/UC-yDYrHyfFBWWZaOw3FPg9Q"]},{"@type":"Person","@id":"https:\/\/kapitalis.com\/tunisie\/#\/schema\/person\/d71f33a9ca44f7bad4698210b480c8e9","name":"webmaster kapitalis","url":"https:\/\/kapitalis.com\/tunisie\/author\/webmaster-kapitalis\/"}]}},"_links":{"self":[{"href":"https:\/\/kapitalis.com\/tunisie\/wp-json\/wp\/v2\/posts\/14691659","targetHints":{"allow":["GET"]}}],"collection":[{"href":"https:\/\/kapitalis.com\/tunisie\/wp-json\/wp\/v2\/posts"}],"about":[{"href":"https:\/\/kapitalis.com\/tunisie\/wp-json\/wp\/v2\/types\/post"}],"author":[{"embeddable":true,"href":"https:\/\/kapitalis.com\/tunisie\/wp-json\/wp\/v2\/users\/8"}],"replies":[{"embeddable":true,"href":"https:\/\/kapitalis.com\/tunisie\/wp-json\/wp\/v2\/comments?post=14691659"}],"version-history":[{"count":2,"href":"https:\/\/kapitalis.com\/tunisie\/wp-json\/wp\/v2\/posts\/14691659\/revisions"}],"predecessor-version":[{"id":14696108,"href":"https:\/\/kapitalis.com\/tunisie\/wp-json\/wp\/v2\/posts\/14691659\/revisions\/14696108"}],"wp:featuredmedia":[{"embeddable":true,"href":"https:\/\/kapitalis.com\/tunisie\/wp-json\/wp\/v2\/media\/14691722"}],"wp:attachment":[{"href":"https:\/\/kapitalis.com\/tunisie\/wp-json\/wp\/v2\/media?parent=14691659"}],"wp:term":[{"taxonomy":"category","embeddable":true,"href":"https:\/\/kapitalis.com\/tunisie\/wp-json\/wp\/v2\/categories?post=14691659"},{"taxonomy":"post_tag","embeddable":true,"href":"https:\/\/kapitalis.com\/tunisie\/wp-json\/wp\/v2\/tags?post=14691659"}],"curies":[{"name":"wp","href":"https:\/\/api.w.org\/{rel}","templated":true}]}}