{"id":14696263,"date":"2024-11-24T08:38:10","date_gmt":"2024-11-24T07:38:10","guid":{"rendered":"https:\/\/kapitalis.com\/tunisie\/?p=14696263"},"modified":"2024-11-24T08:38:11","modified_gmt":"2024-11-24T07:38:11","slug":"le-poids-du-fondamentalisme-religieux-chretien-ecrase-les-etats-unis","status":"publish","type":"post","link":"https:\/\/kapitalis.com\/tunisie\/2024\/11\/24\/le-poids-du-fondamentalisme-religieux-chretien-ecrase-les-etats-unis\/","title":{"rendered":"Le poids du fondamentalisme religieux chr\u00e9tien \u00e9crase les \u00c9tats-Unis"},"content":{"rendered":"\n<p><strong><em>Le fait religieux n\u2019a jamais \u00e9t\u00e9 aussi puissant aux \u00c9tats-Unis pas seulement par son expression dans le d\u00e9bat public mais carr\u00e9ment par sa domination de la politique et la derni\u00e8re \u00e9lection pr\u00e9sidentielle en est l\u2019illustration. Les fondamentalistes religieux chr\u00e9tiens ont pris en otage le Parti r\u00e9publicain et occupent les postes les plus influents dans la nouvelle administration Trump avec toutes les incidences qui en d\u00e9couleront aussi bien sur le domaine soci\u00e9tal que sur la politique internationale car, \u00e0 titre d\u2019exemple, l\u2019id\u00e9ologie messianique est devenue la base de la gestion du conflit isra\u00e9lo-palestinien. Une d\u00e9rive ultra-religieuse contre laquelle des protagonistes politiques avaient mis en garde il y a de cela une trentaine d\u2019ann\u00e9es mais rien n\u2019a \u00e9t\u00e9 fait.<\/em><\/strong><\/p>\n\n\n\n<p><strong>Imed Bahri<\/strong><\/p>\n\n\n\n<!--more-->\n\n\n\n<p>Le magazine politique am\u00e9ricain bimensuel <a href=\"https:\/\/www.counterpunch.org\/2024\/11\/19\/off-limits-but-we-need-to-talk-about-it\/\" target=\"_blank\" rel=\"noreferrer noopener\">CounterPunch<\/a> a publi\u00e9 un article intitul\u00e9 <em>\u00abSans limites mais nous devons en parler\u00bb<\/em> dont l\u2019auteur, Bob Topper, souligne que les critiques adress\u00e9es aux D\u00e9mocrates lors des r\u00e9centes \u00e9lections am\u00e9ricaines sont m\u00e9rit\u00e9es mais que d\u2019autres facteurs ont influenc\u00e9 le r\u00e9sultat de ces \u00e9lections.<\/p>\n\n\n\n<p>Selon Topper, l\u2019un de ces facteurs est la presse qui a <em>\u00abnormalis\u00e9\u00bb<\/em> le comportement du candidat r\u00e9publicain Donald Trump, les m\u00e9dias traitant l\u2019information de mani\u00e8re biais\u00e9e, en particulier Fox News qui a admis avoir menti aux t\u00e9l\u00e9spectateurs et certains m\u00e9dias num\u00e9riques non r\u00e9glement\u00e9s qui ont manipul\u00e9 et diffus\u00e9 une quantit\u00e9 \u00e9norme de fausses informations.<\/p>\n\n\n\n<p>Cependant, l\u2019un des facteurs cruciaux qui \u00e9chappe souvent \u00e0 l\u2019attention est, selon l\u2019auteur, le r\u00f4le tr\u00e8s important que joue la religion dans la politique moderne, un r\u00f4le qui ne peut \u00eatre ignor\u00e9 et pour \u00e9valuer son influence, il faut examiner la division politique aux \u00c9tats-Unis comme un conflit entre la pens\u00e9e positiviste et la croyance chr\u00e9tienne largement r\u00e9pandue.<\/p>\n\n\n\n<h2 class=\"wp-block-heading\">Le r\u00e9cit de la <em>\u00abfin du monde\u00bb<\/em> fait des \u00e9mules<\/h2>\n\n\n\n<p>Topper se r\u00e9f\u00e8re \u00e0 William Bernstein dans son livre <em>\u2018\u2018Illusions of Crowds\u2019\u2019<\/em> (<em>L\u2019Ilusion des masses<\/em>) qui estime que la polarisation actuelle de la soci\u00e9t\u00e9 am\u00e9ricaine ne peut \u00eatre comprise sans une connaissance pratique du r\u00e9cit de la <em>\u00abfin du monde\u00bb<\/em> qui pr\u00e9dit la seconde venue du Christ, d\u2019autant plus que 39% des adultes am\u00e9ricains pensent que l\u2019humanit\u00e9 vit cette <em>\u00abfin du monde\u00bb<\/em> selon une enqu\u00eate men\u00e9e par le Pew Research Center.<\/p>\n\n\n\n<p>Selon l\u2019auteur, il serait peut-\u00eatre pr\u00e9f\u00e9rable de comprendre le r\u00e9sultat de ces \u00e9lections en le consid\u00e9rant comme un cas d\u2019hyst\u00e9rie collective. Il n\u2019existe aucun moyen de conna\u00eetre l\u2019\u00e9tendue de l\u2019influence de la th\u00e9orie de la Providence divine sur ces \u00e9lections mais l\u2019hyst\u00e9rie aliment\u00e9e par les craintes de <em>\u00abla fin du monde\u00bb<\/em> r\u00e9pond \u00e0 la question la plus douloureuse: Pourquoi le peuple am\u00e9ricain a-t-il \u00e9lu comme pr\u00e9sident un candidat avec tous les d\u00e9fauts que lui reprochent ses adversaires?<\/p>\n\n\n\n<figure class=\"wp-block-embed is-type-wp-embed is-provider-kapitalis wp-block-embed-kapitalis\"><div class=\"wp-block-embed__wrapper\">\n<blockquote class=\"wp-embedded-content\" data-secret=\"sPz5K3Y8ag\"><a href=\"https:\/\/kapitalis.com\/tunisie\/2024\/11\/14\/pour-les-evangeliques-dieu-est-derriere-le-retour-au-pouvoir-de-donald-trump\/\">Pour les \u00c9vang\u00e9liques, Dieu est derri\u00e8re le retour au pouvoir de Donald Trump!<\/a><\/blockquote><iframe loading=\"lazy\" class=\"wp-embedded-content\" sandbox=\"allow-scripts\" security=\"restricted\" style=\"position: absolute; visibility: hidden;\" title=\"\u00ab\u00a0Pour les \u00c9vang\u00e9liques, Dieu est derri\u00e8re le retour au pouvoir de Donald Trump!\u00a0\u00bb &#8212; Kapitalis\" src=\"https:\/\/kapitalis.com\/tunisie\/2024\/11\/14\/pour-les-evangeliques-dieu-est-derriere-le-retour-au-pouvoir-de-donald-trump\/embed\/#?secret=VdmEyyrXwW#?secret=sPz5K3Y8ag\" data-secret=\"sPz5K3Y8ag\" width=\"600\" height=\"338\" frameborder=\"0\" marginwidth=\"0\" marginheight=\"0\" scrolling=\"no\"><\/iframe>\n<\/div><\/figure>\n\n\n\n<p>Selon l\u2019auteur, les fondamentalistes religieux am\u00e9ricains voient le monde comme une bataille entre le bien et le mal, entre Dieu et Satan, entre la justesse de la foi chr\u00e9tienne et les m\u00e9faits du lib\u00e9ralisme rationnel.<\/p>\n\n\n\n<p>Par cons\u00e9quent, les discours de campagne de Trump ont jou\u00e9 sur la crainte que les D\u00e9mocrates soient d\u00e9crits comme Satan et le mal int\u00e9rieur car les d\u00e9fauts de caract\u00e8re de Trump sont att\u00e9nu\u00e9s au point de devenir insignifiants dans ce drame parce que l\u2019homme est un instrument entre les mains de Dieu, en tout cas selon leur vision.<\/p>\n\n\n\n<p><em>CounterPunch<\/em> indique qu\u2019en 1994, le R\u00e9publicain conservateur Barry Goldwater a exprim\u00e9 ses inqui\u00e9tudes quant \u00e0 une prise de contr\u00f4le de son parti par des fondamentalistes chr\u00e9tiens en disant: <em>\u00abCroyez-moi, si ces pr\u00e9dicateurs prennent le contr\u00f4le du Parti r\u00e9publicain et ils essaient certainement de le faire, ce sera un terrible d\u00e9sastre. Honn\u00eatement, ces gens me font peur. La politique et la gouvernance n\u00e9cessitent des compromis. Mais ces fondamentalistes chr\u00e9tiens croient qu\u2019ils agissent au nom de Dieu, ils ne peuvent donc pas faire de compromis et ne veulent pas le faire. Je le sais, j\u2019ai essay\u00e9 de traiter avec eux.\u00bb<\/em><\/p>\n\n\n\n<p>Il y a vingt-cinq ans, des pr\u00e9dicateurs \u00e9vang\u00e9liques sont devenus actifs au sein du Parti r\u00e9publicain et ont attaqu\u00e9 l\u2019avortement et les relations homosexuelles. Cependant, les R\u00e9publicains traditionnels n\u2019ont pas adopt\u00e9 la rh\u00e9torique des Evang\u00e9liques mais ont accueilli favorablement leur soutien.<\/p>\n\n\n\n<h2 class=\"wp-block-heading\">La droite chr\u00e9tienne domine le Parti r\u00e9publicain<\/h2>\n\n\n\n<p>Aujourd\u2019hui, la droite chr\u00e9tienne domine le parti. Les valeurs conservatrices d\u00e9fendues par Goldwater et les valeurs am\u00e9ricaines fondamentales de libert\u00e9, d\u2019\u00e9galit\u00e9 et de d\u00e9mocratie ne sont plus importantes pour l\u2019identit\u00e9 et le message du parti.<\/p>\n\n\n\n<p>L\u2019auteur estime que les craintes de Goldwater se sont pleinement r\u00e9alis\u00e9es et que son parti est devenu aujourd\u2019hui un parti th\u00e9ocratique chr\u00e9tien d\u00e9guis\u00e9 en Parti r\u00e9publicain.<\/p>\n\n\n\n<p><em>CounterPunch<\/em> ajoute que les principes de la s\u00e9paration de l\u2019\u00c9glise et de l\u2019\u00c9tat et du respect de la vie priv\u00e9e sont une r\u00e9alit\u00e9 mais que la critique des croyances religieuses est devenue interdite.<\/p>\n\n\n\n<p>Maintenant qu\u2019une faction religieuse s\u2019est transform\u00e9e en parti politique, il n\u2019est plus acceptable de s\u2019y adapter surtout lorsque ses convictions entrent en conflit avec les valeurs fondamentales de libert\u00e9, d\u2019\u00e9galit\u00e9 et de d\u00e9mocratie.<\/p>\n\n\n\n<figure class=\"wp-block-embed is-type-wp-embed is-provider-kapitalis wp-block-embed-kapitalis\"><div class=\"wp-block-embed__wrapper\">\n<blockquote class=\"wp-embedded-content\" data-secret=\"q3zyOujr4U\"><a href=\"https:\/\/kapitalis.com\/tunisie\/2024\/11\/06\/avec-trump-lamerique-fait-le-choix-de-lignorance-de-la-xenophobie-et-de-loutrance\/\">Avec Trump, l\u2019Am\u00e9rique fait le choix de l\u2019ignorance, de la x\u00e9nophobie et de l\u2019outrance<\/a><\/blockquote><iframe loading=\"lazy\" class=\"wp-embedded-content\" sandbox=\"allow-scripts\" security=\"restricted\" style=\"position: absolute; visibility: hidden;\" title=\"\u00ab\u00a0Avec Trump, l\u2019Am\u00e9rique fait le choix de l\u2019ignorance, de la x\u00e9nophobie et de l\u2019outrance\u00a0\u00bb &#8212; Kapitalis\" src=\"https:\/\/kapitalis.com\/tunisie\/2024\/11\/06\/avec-trump-lamerique-fait-le-choix-de-lignorance-de-la-xenophobie-et-de-loutrance\/embed\/#?secret=dZiQNvkOLO#?secret=q3zyOujr4U\" data-secret=\"q3zyOujr4U\" width=\"600\" height=\"338\" frameborder=\"0\" marginwidth=\"0\" marginheight=\"0\" scrolling=\"no\"><\/iframe>\n<\/div><\/figure>\n\n\n\n<p>Topper estime que chaque Am\u00e9ricain est tenu de prot\u00e9ger et de d\u00e9fendre la Constitution et les valeurs qu\u2019elle garantit et lorsqu\u2019une religion attaque le c\u0153ur des principes fondateurs de la nation, la critique ne doit pas \u00eatre interdite.<\/p>\n\n\n\n<p>Tout comme les Am\u00e9ricains rejettent la charia islamique, ils doivent rejeter toute autre version de la religion qui remplacerait le syst\u00e8me juridique et lorsque les croyances religieuses rendent la d\u00e9mocratie repr\u00e9sentative impuissante, la r\u00e9sistance est in\u00e9vitable, ajoute-t-il. Et d\u2019expliquer: <em>\u00abM\u00eame si nous ne pouvons pas sous-estimer les 39% de citoyens am\u00e9ricains qui croient que nous vivons la fin du monde, ils doivent admettre que cette fin du monde est un mythe que les bons chr\u00e9tiens peuvent respecter mais il faut accepter que c\u2019est un fantasme tout comme ils ont accept\u00e9 le fait que la Terre tourne autour du Soleil et non l\u2019inverse.\u00bb<\/em><\/p>\n\n\n\n<p>En conclusion, l\u2019auteur affirme les probl\u00e8mes auxquels nous sommes confront\u00e9s sont r\u00e9els et que les solutions viendront de dirigeants r\u00e9alistes qui prendront des d\u00e9cisions rationnelles fond\u00e9es sur la science et les faits. Les fantasmes et les peurs superstitieuses ne feront que perp\u00e9tuer ces probl\u00e8mes. Quiconque en doute devrait consid\u00e9rer les cons\u00e9quences tragiques du fanatisme religieux tout au long de l\u2019histoire depuis l\u2019Inquisition jusqu\u2019\u00e0 la Porte du Paradis puis comparer le bien-\u00eatre des personnes vivant dans les d\u00e9mocraties lib\u00e9rales \u00e0 celui des nations th\u00e9ocratiques et autocratiques en particulier celles du Moyen-Orient.<\/p>\n\n\n\n<figure class=\"wp-block-embed is-type-wp-embed is-provider-kapitalis wp-block-embed-kapitalis\"><div class=\"wp-block-embed__wrapper\">\n<blockquote class=\"wp-embedded-content\" data-secret=\"lB4jIE55Lk\"><a href=\"https:\/\/kapitalis.com\/tunisie\/2023\/11\/28\/histoire-aux-sources-lalliance-americano-israelienne\/\">Histoire : aux sources de l\u2019alliance am\u00e9ricano-isra\u00e9lienne<\/a><\/blockquote><iframe loading=\"lazy\" class=\"wp-embedded-content\" sandbox=\"allow-scripts\" security=\"restricted\" style=\"position: absolute; visibility: hidden;\" title=\"\u00ab\u00a0Histoire : aux sources de l\u2019alliance am\u00e9ricano-isra\u00e9lienne\u00a0\u00bb &#8212; Kapitalis\" src=\"https:\/\/kapitalis.com\/tunisie\/2023\/11\/28\/histoire-aux-sources-lalliance-americano-israelienne\/embed\/#?secret=TMEsAyNTTA#?secret=lB4jIE55Lk\" data-secret=\"lB4jIE55Lk\" width=\"600\" height=\"338\" frameborder=\"0\" marginwidth=\"0\" marginheight=\"0\" scrolling=\"no\"><\/iframe>\n<\/div><\/figure>\n","protected":false},"excerpt":{"rendered":"<p>Le fait religieux n\u2019a jamais \u00e9t\u00e9 aussi puissant aux \u00c9tats-Unis o\u00f9 il domine d\u00e9sormais le d\u00e9bat public et ouvre la porte de la Maison blanche.<\/p>\n","protected":false},"author":8,"featured_media":14696305,"comment_status":"open","ping_status":"open","sticky":false,"template":"","format":"standard","meta":{"footnotes":""},"categories":[992,997,2433],"tags":[119107,9054,119103,91003,119104,119106,119102,19272,119105],"class_list":["post-14696263","post","type-post","status-publish","format-standard","has-post-thumbnail","hentry","category-a-la-une","category-politique","category-tunisie","tag-barry-goldwater","tag-donald-trump","tag-droite-chretienne","tag-etats-unis-3","tag-evangelistes","tag-fin-du-monde","tag-fondamentalisme-religieux","tag-parti-republicain","tag-william-bernstein"],"yoast_head":"<!-- This site is optimized with the Yoast SEO plugin v26.6 - https:\/\/yoast.com\/wordpress\/plugins\/seo\/ -->\n<title>Le poids du fondamentalisme religieux chr\u00e9tien \u00e9crase les \u00c9tats-Unis - Kapitalis<\/title>\n<meta name=\"robots\" content=\"index, follow, max-snippet:-1, max-image-preview:large, max-video-preview:-1\" \/>\n<link rel=\"canonical\" href=\"https:\/\/kapitalis.com\/tunisie\/2024\/11\/24\/le-poids-du-fondamentalisme-religieux-chretien-ecrase-les-etats-unis\/\" \/>\n<meta property=\"og:locale\" content=\"fr_FR\" \/>\n<meta property=\"og:type\" content=\"article\" \/>\n<meta property=\"og:title\" content=\"Le poids du fondamentalisme religieux chr\u00e9tien \u00e9crase les \u00c9tats-Unis - Kapitalis\" \/>\n<meta property=\"og:description\" content=\"Le fait religieux n\u2019a jamais \u00e9t\u00e9 aussi puissant aux \u00c9tats-Unis o\u00f9 il domine d\u00e9sormais le d\u00e9bat public et ouvre la porte de la Maison blanche.\" \/>\n<meta property=\"og:url\" content=\"https:\/\/kapitalis.com\/tunisie\/2024\/11\/24\/le-poids-du-fondamentalisme-religieux-chretien-ecrase-les-etats-unis\/\" \/>\n<meta property=\"og:site_name\" content=\"Kapitalis\" \/>\n<meta property=\"article:publisher\" content=\"https:\/\/www.facebook.com\/KapitalisInfo\/\" \/>\n<meta property=\"article:published_time\" content=\"2024-11-24T07:38:10+00:00\" \/>\n<meta property=\"article:modified_time\" content=\"2024-11-24T07:38:11+00:00\" \/>\n<meta property=\"og:image\" content=\"https:\/\/kapitalis.com\/tunisie\/wp-content\/uploads\/2024\/11\/Evangelistes-votent-Trump.jpg\" \/>\n\t<meta property=\"og:image:width\" content=\"1200\" \/>\n\t<meta property=\"og:image:height\" content=\"630\" \/>\n\t<meta property=\"og:image:type\" content=\"image\/jpeg\" \/>\n<meta name=\"author\" content=\"webmaster kapitalis\" \/>\n<meta name=\"twitter:card\" content=\"summary_large_image\" \/>\n<meta name=\"twitter:creator\" content=\"@KapitalisInfo\" \/>\n<meta name=\"twitter:site\" content=\"@KapitalisInfo\" \/>\n<meta name=\"twitter:label1\" content=\"\u00c9crit par\" \/>\n\t<meta name=\"twitter:data1\" content=\"webmaster kapitalis\" \/>\n\t<meta name=\"twitter:label2\" content=\"Dur\u00e9e de lecture estim\u00e9e\" \/>\n\t<meta name=\"twitter:data2\" content=\"6 minutes\" \/>\n<script type=\"application\/ld+json\" class=\"yoast-schema-graph\">{\"@context\":\"https:\/\/schema.org\",\"@graph\":[{\"@type\":\"Article\",\"@id\":\"https:\/\/kapitalis.com\/tunisie\/2024\/11\/24\/le-poids-du-fondamentalisme-religieux-chretien-ecrase-les-etats-unis\/#article\",\"isPartOf\":{\"@id\":\"https:\/\/kapitalis.com\/tunisie\/2024\/11\/24\/le-poids-du-fondamentalisme-religieux-chretien-ecrase-les-etats-unis\/\"},\"author\":{\"name\":\"webmaster kapitalis\",\"@id\":\"https:\/\/kapitalis.com\/tunisie\/#\/schema\/person\/d71f33a9ca44f7bad4698210b480c8e9\"},\"headline\":\"Le poids du fondamentalisme religieux chr\u00e9tien \u00e9crase les \u00c9tats-Unis\",\"datePublished\":\"2024-11-24T07:38:10+00:00\",\"dateModified\":\"2024-11-24T07:38:11+00:00\",\"mainEntityOfPage\":{\"@id\":\"https:\/\/kapitalis.com\/tunisie\/2024\/11\/24\/le-poids-du-fondamentalisme-religieux-chretien-ecrase-les-etats-unis\/\"},\"wordCount\":1230,\"commentCount\":1,\"publisher\":{\"@id\":\"https:\/\/kapitalis.com\/tunisie\/#organization\"},\"image\":{\"@id\":\"https:\/\/kapitalis.com\/tunisie\/2024\/11\/24\/le-poids-du-fondamentalisme-religieux-chretien-ecrase-les-etats-unis\/#primaryimage\"},\"thumbnailUrl\":\"https:\/\/kapitalis.com\/tunisie\/wp-content\/uploads\/2024\/11\/Evangelistes-votent-Trump.jpg\",\"keywords\":[\"Barry Goldwater\",\"Donald Trump\",\"droite chr\u00e9tienne\",\"\u00c9tats-Unis\",\"Evang\u00e9listes\",\"fin du monde\",\"fondamentalisme religieux\",\"Parti r\u00e9publicain\",\"William Bernstein\"],\"articleSection\":[\"A LA UNE\",\"POLITIQUE\",\"Tunisie\"],\"inLanguage\":\"fr-FR\",\"potentialAction\":[{\"@type\":\"CommentAction\",\"name\":\"Comment\",\"target\":[\"https:\/\/kapitalis.com\/tunisie\/2024\/11\/24\/le-poids-du-fondamentalisme-religieux-chretien-ecrase-les-etats-unis\/#respond\"]}]},{\"@type\":\"WebPage\",\"@id\":\"https:\/\/kapitalis.com\/tunisie\/2024\/11\/24\/le-poids-du-fondamentalisme-religieux-chretien-ecrase-les-etats-unis\/\",\"url\":\"https:\/\/kapitalis.com\/tunisie\/2024\/11\/24\/le-poids-du-fondamentalisme-religieux-chretien-ecrase-les-etats-unis\/\",\"name\":\"Le poids du fondamentalisme religieux chr\u00e9tien \u00e9crase les \u00c9tats-Unis - Kapitalis\",\"isPartOf\":{\"@id\":\"https:\/\/kapitalis.com\/tunisie\/#website\"},\"primaryImageOfPage\":{\"@id\":\"https:\/\/kapitalis.com\/tunisie\/2024\/11\/24\/le-poids-du-fondamentalisme-religieux-chretien-ecrase-les-etats-unis\/#primaryimage\"},\"image\":{\"@id\":\"https:\/\/kapitalis.com\/tunisie\/2024\/11\/24\/le-poids-du-fondamentalisme-religieux-chretien-ecrase-les-etats-unis\/#primaryimage\"},\"thumbnailUrl\":\"https:\/\/kapitalis.com\/tunisie\/wp-content\/uploads\/2024\/11\/Evangelistes-votent-Trump.jpg\",\"datePublished\":\"2024-11-24T07:38:10+00:00\",\"dateModified\":\"2024-11-24T07:38:11+00:00\",\"breadcrumb\":{\"@id\":\"https:\/\/kapitalis.com\/tunisie\/2024\/11\/24\/le-poids-du-fondamentalisme-religieux-chretien-ecrase-les-etats-unis\/#breadcrumb\"},\"inLanguage\":\"fr-FR\",\"potentialAction\":[{\"@type\":\"ReadAction\",\"target\":[\"https:\/\/kapitalis.com\/tunisie\/2024\/11\/24\/le-poids-du-fondamentalisme-religieux-chretien-ecrase-les-etats-unis\/\"]}]},{\"@type\":\"ImageObject\",\"inLanguage\":\"fr-FR\",\"@id\":\"https:\/\/kapitalis.com\/tunisie\/2024\/11\/24\/le-poids-du-fondamentalisme-religieux-chretien-ecrase-les-etats-unis\/#primaryimage\",\"url\":\"https:\/\/kapitalis.com\/tunisie\/wp-content\/uploads\/2024\/11\/Evangelistes-votent-Trump.jpg\",\"contentUrl\":\"https:\/\/kapitalis.com\/tunisie\/wp-content\/uploads\/2024\/11\/Evangelistes-votent-Trump.jpg\",\"width\":1200,\"height\":630},{\"@type\":\"BreadcrumbList\",\"@id\":\"https:\/\/kapitalis.com\/tunisie\/2024\/11\/24\/le-poids-du-fondamentalisme-religieux-chretien-ecrase-les-etats-unis\/#breadcrumb\",\"itemListElement\":[{\"@type\":\"ListItem\",\"position\":1,\"name\":\"Accueil\",\"item\":\"https:\/\/kapitalis.com\/tunisie\/\"},{\"@type\":\"ListItem\",\"position\":2,\"name\":\"Le poids du fondamentalisme religieux chr\u00e9tien \u00e9crase les \u00c9tats-Unis\"}]},{\"@type\":\"WebSite\",\"@id\":\"https:\/\/kapitalis.com\/tunisie\/#website\",\"url\":\"https:\/\/kapitalis.com\/tunisie\/\",\"name\":\"Kapitalis\",\"description\":\"L&#039;actualit\u00e9 en Tunisie et dans le monde\",\"publisher\":{\"@id\":\"https:\/\/kapitalis.com\/tunisie\/#organization\"},\"potentialAction\":[{\"@type\":\"SearchAction\",\"target\":{\"@type\":\"EntryPoint\",\"urlTemplate\":\"https:\/\/kapitalis.com\/tunisie\/?s={search_term_string}\"},\"query-input\":{\"@type\":\"PropertyValueSpecification\",\"valueRequired\":true,\"valueName\":\"search_term_string\"}}],\"inLanguage\":\"fr-FR\"},{\"@type\":\"Organization\",\"@id\":\"https:\/\/kapitalis.com\/tunisie\/#organization\",\"name\":\"Kapitalis\",\"url\":\"https:\/\/kapitalis.com\/tunisie\/\",\"logo\":{\"@type\":\"ImageObject\",\"inLanguage\":\"fr-FR\",\"@id\":\"https:\/\/kapitalis.com\/tunisie\/#\/schema\/logo\/image\/\",\"url\":\"https:\/\/kapitalis.com\/tunisie\/wp-content\/uploads\/2022\/05\/Kapitalis-big-size.png\",\"contentUrl\":\"https:\/\/kapitalis.com\/tunisie\/wp-content\/uploads\/2022\/05\/Kapitalis-big-size.png\",\"width\":5000,\"height\":1500,\"caption\":\"Kapitalis\"},\"image\":{\"@id\":\"https:\/\/kapitalis.com\/tunisie\/#\/schema\/logo\/image\/\"},\"sameAs\":[\"https:\/\/www.facebook.com\/KapitalisInfo\/\",\"https:\/\/x.com\/KapitalisInfo\",\"https:\/\/www.youtube.com\/channel\/UC-yDYrHyfFBWWZaOw3FPg9Q\"]},{\"@type\":\"Person\",\"@id\":\"https:\/\/kapitalis.com\/tunisie\/#\/schema\/person\/d71f33a9ca44f7bad4698210b480c8e9\",\"name\":\"webmaster kapitalis\",\"url\":\"https:\/\/kapitalis.com\/tunisie\/author\/webmaster-kapitalis\/\"}]}<\/script>\n<!-- \/ Yoast SEO plugin. -->","yoast_head_json":{"title":"Le poids du fondamentalisme religieux chr\u00e9tien \u00e9crase les \u00c9tats-Unis - Kapitalis","robots":{"index":"index","follow":"follow","max-snippet":"max-snippet:-1","max-image-preview":"max-image-preview:large","max-video-preview":"max-video-preview:-1"},"canonical":"https:\/\/kapitalis.com\/tunisie\/2024\/11\/24\/le-poids-du-fondamentalisme-religieux-chretien-ecrase-les-etats-unis\/","og_locale":"fr_FR","og_type":"article","og_title":"Le poids du fondamentalisme religieux chr\u00e9tien \u00e9crase les \u00c9tats-Unis - Kapitalis","og_description":"Le fait religieux n\u2019a jamais \u00e9t\u00e9 aussi puissant aux \u00c9tats-Unis o\u00f9 il domine d\u00e9sormais le d\u00e9bat public et ouvre la porte de la Maison blanche.","og_url":"https:\/\/kapitalis.com\/tunisie\/2024\/11\/24\/le-poids-du-fondamentalisme-religieux-chretien-ecrase-les-etats-unis\/","og_site_name":"Kapitalis","article_publisher":"https:\/\/www.facebook.com\/KapitalisInfo\/","article_published_time":"2024-11-24T07:38:10+00:00","article_modified_time":"2024-11-24T07:38:11+00:00","og_image":[{"width":1200,"height":630,"url":"https:\/\/kapitalis.com\/tunisie\/wp-content\/uploads\/2024\/11\/Evangelistes-votent-Trump.jpg","type":"image\/jpeg"}],"author":"webmaster kapitalis","twitter_card":"summary_large_image","twitter_creator":"@KapitalisInfo","twitter_site":"@KapitalisInfo","twitter_misc":{"\u00c9crit par":"webmaster kapitalis","Dur\u00e9e de lecture estim\u00e9e":"6 minutes"},"schema":{"@context":"https:\/\/schema.org","@graph":[{"@type":"Article","@id":"https:\/\/kapitalis.com\/tunisie\/2024\/11\/24\/le-poids-du-fondamentalisme-religieux-chretien-ecrase-les-etats-unis\/#article","isPartOf":{"@id":"https:\/\/kapitalis.com\/tunisie\/2024\/11\/24\/le-poids-du-fondamentalisme-religieux-chretien-ecrase-les-etats-unis\/"},"author":{"name":"webmaster kapitalis","@id":"https:\/\/kapitalis.com\/tunisie\/#\/schema\/person\/d71f33a9ca44f7bad4698210b480c8e9"},"headline":"Le poids du fondamentalisme religieux chr\u00e9tien \u00e9crase les \u00c9tats-Unis","datePublished":"2024-11-24T07:38:10+00:00","dateModified":"2024-11-24T07:38:11+00:00","mainEntityOfPage":{"@id":"https:\/\/kapitalis.com\/tunisie\/2024\/11\/24\/le-poids-du-fondamentalisme-religieux-chretien-ecrase-les-etats-unis\/"},"wordCount":1230,"commentCount":1,"publisher":{"@id":"https:\/\/kapitalis.com\/tunisie\/#organization"},"image":{"@id":"https:\/\/kapitalis.com\/tunisie\/2024\/11\/24\/le-poids-du-fondamentalisme-religieux-chretien-ecrase-les-etats-unis\/#primaryimage"},"thumbnailUrl":"https:\/\/kapitalis.com\/tunisie\/wp-content\/uploads\/2024\/11\/Evangelistes-votent-Trump.jpg","keywords":["Barry Goldwater","Donald Trump","droite chr\u00e9tienne","\u00c9tats-Unis","Evang\u00e9listes","fin du monde","fondamentalisme religieux","Parti r\u00e9publicain","William Bernstein"],"articleSection":["A LA UNE","POLITIQUE","Tunisie"],"inLanguage":"fr-FR","potentialAction":[{"@type":"CommentAction","name":"Comment","target":["https:\/\/kapitalis.com\/tunisie\/2024\/11\/24\/le-poids-du-fondamentalisme-religieux-chretien-ecrase-les-etats-unis\/#respond"]}]},{"@type":"WebPage","@id":"https:\/\/kapitalis.com\/tunisie\/2024\/11\/24\/le-poids-du-fondamentalisme-religieux-chretien-ecrase-les-etats-unis\/","url":"https:\/\/kapitalis.com\/tunisie\/2024\/11\/24\/le-poids-du-fondamentalisme-religieux-chretien-ecrase-les-etats-unis\/","name":"Le poids du fondamentalisme religieux chr\u00e9tien \u00e9crase les \u00c9tats-Unis - Kapitalis","isPartOf":{"@id":"https:\/\/kapitalis.com\/tunisie\/#website"},"primaryImageOfPage":{"@id":"https:\/\/kapitalis.com\/tunisie\/2024\/11\/24\/le-poids-du-fondamentalisme-religieux-chretien-ecrase-les-etats-unis\/#primaryimage"},"image":{"@id":"https:\/\/kapitalis.com\/tunisie\/2024\/11\/24\/le-poids-du-fondamentalisme-religieux-chretien-ecrase-les-etats-unis\/#primaryimage"},"thumbnailUrl":"https:\/\/kapitalis.com\/tunisie\/wp-content\/uploads\/2024\/11\/Evangelistes-votent-Trump.jpg","datePublished":"2024-11-24T07:38:10+00:00","dateModified":"2024-11-24T07:38:11+00:00","breadcrumb":{"@id":"https:\/\/kapitalis.com\/tunisie\/2024\/11\/24\/le-poids-du-fondamentalisme-religieux-chretien-ecrase-les-etats-unis\/#breadcrumb"},"inLanguage":"fr-FR","potentialAction":[{"@type":"ReadAction","target":["https:\/\/kapitalis.com\/tunisie\/2024\/11\/24\/le-poids-du-fondamentalisme-religieux-chretien-ecrase-les-etats-unis\/"]}]},{"@type":"ImageObject","inLanguage":"fr-FR","@id":"https:\/\/kapitalis.com\/tunisie\/2024\/11\/24\/le-poids-du-fondamentalisme-religieux-chretien-ecrase-les-etats-unis\/#primaryimage","url":"https:\/\/kapitalis.com\/tunisie\/wp-content\/uploads\/2024\/11\/Evangelistes-votent-Trump.jpg","contentUrl":"https:\/\/kapitalis.com\/tunisie\/wp-content\/uploads\/2024\/11\/Evangelistes-votent-Trump.jpg","width":1200,"height":630},{"@type":"BreadcrumbList","@id":"https:\/\/kapitalis.com\/tunisie\/2024\/11\/24\/le-poids-du-fondamentalisme-religieux-chretien-ecrase-les-etats-unis\/#breadcrumb","itemListElement":[{"@type":"ListItem","position":1,"name":"Accueil","item":"https:\/\/kapitalis.com\/tunisie\/"},{"@type":"ListItem","position":2,"name":"Le poids du fondamentalisme religieux chr\u00e9tien \u00e9crase les \u00c9tats-Unis"}]},{"@type":"WebSite","@id":"https:\/\/kapitalis.com\/tunisie\/#website","url":"https:\/\/kapitalis.com\/tunisie\/","name":"Kapitalis","description":"L&#039;actualit\u00e9 en Tunisie et dans le monde","publisher":{"@id":"https:\/\/kapitalis.com\/tunisie\/#organization"},"potentialAction":[{"@type":"SearchAction","target":{"@type":"EntryPoint","urlTemplate":"https:\/\/kapitalis.com\/tunisie\/?s={search_term_string}"},"query-input":{"@type":"PropertyValueSpecification","valueRequired":true,"valueName":"search_term_string"}}],"inLanguage":"fr-FR"},{"@type":"Organization","@id":"https:\/\/kapitalis.com\/tunisie\/#organization","name":"Kapitalis","url":"https:\/\/kapitalis.com\/tunisie\/","logo":{"@type":"ImageObject","inLanguage":"fr-FR","@id":"https:\/\/kapitalis.com\/tunisie\/#\/schema\/logo\/image\/","url":"https:\/\/kapitalis.com\/tunisie\/wp-content\/uploads\/2022\/05\/Kapitalis-big-size.png","contentUrl":"https:\/\/kapitalis.com\/tunisie\/wp-content\/uploads\/2022\/05\/Kapitalis-big-size.png","width":5000,"height":1500,"caption":"Kapitalis"},"image":{"@id":"https:\/\/kapitalis.com\/tunisie\/#\/schema\/logo\/image\/"},"sameAs":["https:\/\/www.facebook.com\/KapitalisInfo\/","https:\/\/x.com\/KapitalisInfo","https:\/\/www.youtube.com\/channel\/UC-yDYrHyfFBWWZaOw3FPg9Q"]},{"@type":"Person","@id":"https:\/\/kapitalis.com\/tunisie\/#\/schema\/person\/d71f33a9ca44f7bad4698210b480c8e9","name":"webmaster kapitalis","url":"https:\/\/kapitalis.com\/tunisie\/author\/webmaster-kapitalis\/"}]}},"_links":{"self":[{"href":"https:\/\/kapitalis.com\/tunisie\/wp-json\/wp\/v2\/posts\/14696263","targetHints":{"allow":["GET"]}}],"collection":[{"href":"https:\/\/kapitalis.com\/tunisie\/wp-json\/wp\/v2\/posts"}],"about":[{"href":"https:\/\/kapitalis.com\/tunisie\/wp-json\/wp\/v2\/types\/post"}],"author":[{"embeddable":true,"href":"https:\/\/kapitalis.com\/tunisie\/wp-json\/wp\/v2\/users\/8"}],"replies":[{"embeddable":true,"href":"https:\/\/kapitalis.com\/tunisie\/wp-json\/wp\/v2\/comments?post=14696263"}],"version-history":[{"count":1,"href":"https:\/\/kapitalis.com\/tunisie\/wp-json\/wp\/v2\/posts\/14696263\/revisions"}],"predecessor-version":[{"id":14696314,"href":"https:\/\/kapitalis.com\/tunisie\/wp-json\/wp\/v2\/posts\/14696263\/revisions\/14696314"}],"wp:featuredmedia":[{"embeddable":true,"href":"https:\/\/kapitalis.com\/tunisie\/wp-json\/wp\/v2\/media\/14696305"}],"wp:attachment":[{"href":"https:\/\/kapitalis.com\/tunisie\/wp-json\/wp\/v2\/media?parent=14696263"}],"wp:term":[{"taxonomy":"category","embeddable":true,"href":"https:\/\/kapitalis.com\/tunisie\/wp-json\/wp\/v2\/categories?post=14696263"},{"taxonomy":"post_tag","embeddable":true,"href":"https:\/\/kapitalis.com\/tunisie\/wp-json\/wp\/v2\/tags?post=14696263"}],"curies":[{"name":"wp","href":"https:\/\/api.w.org\/{rel}","templated":true}]}}