{"id":14697476,"date":"2024-11-24T12:26:35","date_gmt":"2024-11-24T11:26:35","guid":{"rendered":"https:\/\/kapitalis.com\/tunisie\/?p=14697476"},"modified":"2024-11-25T00:35:43","modified_gmt":"2024-11-24T23:35:43","slug":"festival-marseille-series-stories-litterature-cinema-et-television","status":"publish","type":"post","link":"https:\/\/kapitalis.com\/tunisie\/2024\/11\/24\/festival-marseille-series-stories-litterature-cinema-et-television\/","title":{"rendered":"Festival Marseille Series Stories\u00a0: litt\u00e9rature, cin\u00e9ma et t\u00e9l\u00e9vision \u00a0"},"content":{"rendered":"\n<p><strong><em>La 4<sup>e<\/sup> \u00e9dition du festival Marseille Series Stories sera cl\u00f4tur\u00e9 ce dimanche 24 novembre dans le quartier de la Joliette, \u00e0 Marseille. Ce festival unique en France, d\u00e9di\u00e9 aux s\u00e9ries adapt\u00e9es d\u2019\u0153uvres litt\u00e9raires, attire un large public et de nombreux professionnels du secteur, cr\u00e9ant une v\u00e9ritable plateforme de rencontre entre la litt\u00e9rature et l\u2019audiovisuel.<\/em><\/strong><\/p>\n\n\n\n<p><strong>Djamal&nbsp;Guettala<\/strong><\/p>\n\n\n\n<!--more-->\n\n\n\n<p>Le festival a d\u00e9marr\u00e9 jeudi dernier avec la projection des premiers \u00e9pisodes de <em>\u2018\u2018Une amiti\u00e9 dangereuse\u2019\u2019<\/em>, s\u00e9rie r\u00e9alis\u00e9e par Alain Tasma, inspir\u00e9e des <em>romans \u2018\u2018Marie des intrigues\u2019\u2019<\/em> et <em>\u2018\u2018Marie des passions\u2019\u2019<\/em> de Juliette Benzoni.<\/p>\n\n\n\n<p>L\u2019ouverture a \u00e9t\u00e9 chaleureusement accueillie par un public enthousiaste, qui a appr\u00e9ci\u00e9 l\u2019adaptation soign\u00e9e et la tension dramatique de cette s\u00e9rie historique.<\/p>\n\n\n\n<h2 class=\"wp-block-heading\">Les s\u00e9ries en comp\u00e9tition<\/h2>\n\n\n\n<p>Le c\u0153ur du festival r\u00e9side dans les s\u00e9ries et unitaires en comp\u00e9tition, repr\u00e9sentant une diversit\u00e9 de genres et de pays. Voici la s\u00e9lection en comp\u00e9tition cette ann\u00e9e :<\/p>\n\n\n\n<p>1. <em>La Storia <\/em>(Italie), r\u00e9alis\u00e9e par Francesca Archibugi, adapt\u00e9e du roman \u00e9ponyme d\u2019Elsa Morante;<\/p>\n\n\n\n<p>2. <em>Le Combat d\u2019Alice<\/em> (France), r\u00e9alis\u00e9e par Thierry Binisti, adapt\u00e9e de <em>8865<\/em> de Dominique Legrand&nbsp;;<\/p>\n\n\n\n<p>3. <em>D\u00e9tective surprenant, la fille aux yeux de pierre<\/em> (Canada), r\u00e9alis\u00e9e par Yannick Savard, inspir\u00e9e de <em>On finit toujours par payer<\/em> de Jean Lemieux;<\/p>\n\n\n\n<p>4. <em>Dear You <\/em>(France), r\u00e9alis\u00e9e par Julien Carpentier, tir\u00e9e de la saga \u00e9ponyme d\u2019\u00c9mily Blaine;<\/p>\n\n\n\n<p>5.<em> Joan<\/em> (Royaume-Uni), r\u00e9alis\u00e9e par Richard Laxton, inspir\u00e9e de l\u2019autobiographie<em> I am what I am<\/em> de Joan, la c\u00e9l\u00e8bre voleuse de diamants britannique;<\/p>\n\n\n\n<p>6. <em>The Serial Killer\u2019s Wife<\/em> (Royaume-Uni), r\u00e9alis\u00e9e par Laura Way, tir\u00e9e du roman \u00e9ponyme d\u2019Alice Hunter;<\/p>\n\n\n\n<p>7. <em>La Red P\u00farpura<\/em> (Espagne), r\u00e9alis\u00e9e par Paco Cabezas &amp; Juan Miguel del Castillo, adapt\u00e9e du roman \u00e9ponyme de Carmen Mola.<\/p>\n\n\n\n<h2 class=\"wp-block-heading\">Focus sur l\u2019adaptation litt\u00e9raire \u00e0 l\u2019\u00e9cran<\/h2>\n\n\n\n<p>Le festival s\u2019inscrit dans une d\u00e9marche de valorisation de l\u2019adaptation litt\u00e9raire au cin\u00e9ma et \u00e0 la t\u00e9l\u00e9vision. En mettant en lumi\u00e8re le travail cr\u00e9atif de la transposition des livres \u00e0 l\u2019\u00e9cran, il offre au public une occasion unique de d\u00e9couvrir les coulisses de la cr\u00e9ation de s\u00e9ries, tout en mettant en avant la richesse des \u0153uvres litt\u00e9raires. \u00c0 travers des projections, des rencontres et des \u00e9changes avec les \u00e9quipes des s\u00e9ries, le festival c\u00e9l\u00e8bre l\u2019union entre l\u2019art de la lecture et les r\u00e9cits audiovisuels.<\/p>\n\n\n\n<p>Le Marseille Series Stories ne se limite pas \u00e0 des projections : des rencontres professionnelles, des tables rondes et des conf\u00e9rences permettent aux cr\u00e9ateurs, producteurs, et spectateurs de discuter des d\u00e9fis et des enjeux de l\u2019adaptation. Ces \u00e9changes nourrissent la r\u00e9flexion sur la mani\u00e8re dont la litt\u00e9rature influence le paysage audiovisuel contemporain.<\/p>\n\n\n\n<p>Le cadre m\u00e9diterran\u00e9en de Marseille, avec ses rues historiques et son port embl\u00e9matique, est le lieu id\u00e9al pour accueillir un \u00e9v\u00e9nement aussi riche en diversit\u00e9 culturelle. La ville, ouverte sur le monde, renforce l\u2019esprit du festival, en mettant en avant des \u0153uvres venues de diff\u00e9rentes r\u00e9gions du monde tout en c\u00e9l\u00e9brant la culture m\u00e9diterran\u00e9enne.<\/p>\n\n\n\n<p>Cette 4<sup>e<\/sup> \u00e9dition du Marseille Series Stories confirme son statut de festival incontournable, offrant une programmation internationale de qualit\u00e9, des discussions passionnantes, et un hommage \u00e0 l\u2019art de l\u2019adaptation litt\u00e9raire \u00e0 l\u2019\u00e9cran.<\/p>\n\n\n\n<p>Ce rendez-vous annuel est devenu un point de convergence pour les passionn\u00e9s de litt\u00e9rature, de s\u00e9ries et de cin\u00e9ma, c\u00e9l\u00e9brant l\u2019influence de la litt\u00e9rature dans le domaine audiovisuel. Les prochaines \u00e9ditions s\u2019annoncent \u00e9galement riches en d\u00e9couvertes et en \u00e9motions, renfor\u00e7ant l\u2019attrait croissant de ce festival unique en son genre.<\/p>\n","protected":false},"excerpt":{"rendered":"<p>La 4e \u00e9dition du festival Marseille Series Stories sera cl\u00f4tur\u00e9 ce dimanche 24 novembre 2024 dans cette ville du sud de la France. <\/p>\n","protected":false},"author":8,"featured_media":14697500,"comment_status":"open","ping_status":"open","sticky":false,"template":"","format":"standard","meta":{"footnotes":""},"categories":[992,994,2433],"tags":[119114,207,119116,6901,119115,2280],"class_list":["post-14697476","post","type-post","status-publish","format-standard","has-post-thumbnail","hentry","category-a-la-une","category-culture","category-tunisie","tag-alain-tasma","tag-cinema","tag-juliette-benzoni","tag-litterature","tag-marseille-series-stories","tag-television"],"yoast_head":"<!-- This site is optimized with the Yoast SEO plugin v26.6 - https:\/\/yoast.com\/wordpress\/plugins\/seo\/ -->\n<title>Festival Marseille Series Stories\u00a0: litt\u00e9rature, cin\u00e9ma et t\u00e9l\u00e9vision \u00a0 - Kapitalis<\/title>\n<meta name=\"robots\" content=\"index, follow, max-snippet:-1, max-image-preview:large, max-video-preview:-1\" \/>\n<link rel=\"canonical\" href=\"https:\/\/kapitalis.com\/tunisie\/2024\/11\/24\/festival-marseille-series-stories-litterature-cinema-et-television\/\" \/>\n<meta property=\"og:locale\" content=\"fr_FR\" \/>\n<meta property=\"og:type\" content=\"article\" \/>\n<meta property=\"og:title\" content=\"Festival Marseille Series Stories\u00a0: litt\u00e9rature, cin\u00e9ma et t\u00e9l\u00e9vision \u00a0 - Kapitalis\" \/>\n<meta property=\"og:description\" content=\"La 4e \u00e9dition du festival Marseille Series Stories sera cl\u00f4tur\u00e9 ce dimanche 24 novembre 2024 dans cette ville du sud de la France.\" \/>\n<meta property=\"og:url\" content=\"https:\/\/kapitalis.com\/tunisie\/2024\/11\/24\/festival-marseille-series-stories-litterature-cinema-et-television\/\" \/>\n<meta property=\"og:site_name\" content=\"Kapitalis\" \/>\n<meta property=\"article:publisher\" content=\"https:\/\/www.facebook.com\/KapitalisInfo\/\" \/>\n<meta property=\"article:published_time\" content=\"2024-11-24T11:26:35+00:00\" \/>\n<meta property=\"article:modified_time\" content=\"2024-11-24T23:35:43+00:00\" \/>\n<meta property=\"og:image\" content=\"https:\/\/kapitalis.com\/tunisie\/wp-content\/uploads\/2024\/11\/Marseille-Series-Stories.jpg\" \/>\n\t<meta property=\"og:image:width\" content=\"1200\" \/>\n\t<meta property=\"og:image:height\" content=\"630\" \/>\n\t<meta property=\"og:image:type\" content=\"image\/jpeg\" \/>\n<meta name=\"author\" content=\"webmaster kapitalis\" \/>\n<meta name=\"twitter:card\" content=\"summary_large_image\" \/>\n<meta name=\"twitter:creator\" content=\"@KapitalisInfo\" \/>\n<meta name=\"twitter:site\" content=\"@KapitalisInfo\" \/>\n<meta name=\"twitter:label1\" content=\"\u00c9crit par\" \/>\n\t<meta name=\"twitter:data1\" content=\"webmaster kapitalis\" \/>\n\t<meta name=\"twitter:label2\" content=\"Dur\u00e9e de lecture estim\u00e9e\" \/>\n\t<meta name=\"twitter:data2\" content=\"4 minutes\" \/>\n<script type=\"application\/ld+json\" class=\"yoast-schema-graph\">{\"@context\":\"https:\/\/schema.org\",\"@graph\":[{\"@type\":\"Article\",\"@id\":\"https:\/\/kapitalis.com\/tunisie\/2024\/11\/24\/festival-marseille-series-stories-litterature-cinema-et-television\/#article\",\"isPartOf\":{\"@id\":\"https:\/\/kapitalis.com\/tunisie\/2024\/11\/24\/festival-marseille-series-stories-litterature-cinema-et-television\/\"},\"author\":{\"name\":\"webmaster kapitalis\",\"@id\":\"https:\/\/kapitalis.com\/tunisie\/#\/schema\/person\/d71f33a9ca44f7bad4698210b480c8e9\"},\"headline\":\"Festival Marseille Series Stories\u00a0: litt\u00e9rature, cin\u00e9ma et t\u00e9l\u00e9vision \u00a0\",\"datePublished\":\"2024-11-24T11:26:35+00:00\",\"dateModified\":\"2024-11-24T23:35:43+00:00\",\"mainEntityOfPage\":{\"@id\":\"https:\/\/kapitalis.com\/tunisie\/2024\/11\/24\/festival-marseille-series-stories-litterature-cinema-et-television\/\"},\"wordCount\":663,\"commentCount\":0,\"publisher\":{\"@id\":\"https:\/\/kapitalis.com\/tunisie\/#organization\"},\"image\":{\"@id\":\"https:\/\/kapitalis.com\/tunisie\/2024\/11\/24\/festival-marseille-series-stories-litterature-cinema-et-television\/#primaryimage\"},\"thumbnailUrl\":\"https:\/\/kapitalis.com\/tunisie\/wp-content\/uploads\/2024\/11\/Marseille-Series-Stories.jpg\",\"keywords\":[\"Alain Tasma\",\"cin\u00e9ma\",\"Juliette Benzoni\",\"litt\u00e9rature\",\"Marseille Series Stories\",\"t\u00e9l\u00e9vision\"],\"articleSection\":[\"A LA UNE\",\"CULTURE\",\"Tunisie\"],\"inLanguage\":\"fr-FR\",\"potentialAction\":[{\"@type\":\"CommentAction\",\"name\":\"Comment\",\"target\":[\"https:\/\/kapitalis.com\/tunisie\/2024\/11\/24\/festival-marseille-series-stories-litterature-cinema-et-television\/#respond\"]}]},{\"@type\":\"WebPage\",\"@id\":\"https:\/\/kapitalis.com\/tunisie\/2024\/11\/24\/festival-marseille-series-stories-litterature-cinema-et-television\/\",\"url\":\"https:\/\/kapitalis.com\/tunisie\/2024\/11\/24\/festival-marseille-series-stories-litterature-cinema-et-television\/\",\"name\":\"Festival Marseille Series Stories\u00a0: litt\u00e9rature, cin\u00e9ma et t\u00e9l\u00e9vision \u00a0 - Kapitalis\",\"isPartOf\":{\"@id\":\"https:\/\/kapitalis.com\/tunisie\/#website\"},\"primaryImageOfPage\":{\"@id\":\"https:\/\/kapitalis.com\/tunisie\/2024\/11\/24\/festival-marseille-series-stories-litterature-cinema-et-television\/#primaryimage\"},\"image\":{\"@id\":\"https:\/\/kapitalis.com\/tunisie\/2024\/11\/24\/festival-marseille-series-stories-litterature-cinema-et-television\/#primaryimage\"},\"thumbnailUrl\":\"https:\/\/kapitalis.com\/tunisie\/wp-content\/uploads\/2024\/11\/Marseille-Series-Stories.jpg\",\"datePublished\":\"2024-11-24T11:26:35+00:00\",\"dateModified\":\"2024-11-24T23:35:43+00:00\",\"breadcrumb\":{\"@id\":\"https:\/\/kapitalis.com\/tunisie\/2024\/11\/24\/festival-marseille-series-stories-litterature-cinema-et-television\/#breadcrumb\"},\"inLanguage\":\"fr-FR\",\"potentialAction\":[{\"@type\":\"ReadAction\",\"target\":[\"https:\/\/kapitalis.com\/tunisie\/2024\/11\/24\/festival-marseille-series-stories-litterature-cinema-et-television\/\"]}]},{\"@type\":\"ImageObject\",\"inLanguage\":\"fr-FR\",\"@id\":\"https:\/\/kapitalis.com\/tunisie\/2024\/11\/24\/festival-marseille-series-stories-litterature-cinema-et-television\/#primaryimage\",\"url\":\"https:\/\/kapitalis.com\/tunisie\/wp-content\/uploads\/2024\/11\/Marseille-Series-Stories.jpg\",\"contentUrl\":\"https:\/\/kapitalis.com\/tunisie\/wp-content\/uploads\/2024\/11\/Marseille-Series-Stories.jpg\",\"width\":1200,\"height\":630},{\"@type\":\"BreadcrumbList\",\"@id\":\"https:\/\/kapitalis.com\/tunisie\/2024\/11\/24\/festival-marseille-series-stories-litterature-cinema-et-television\/#breadcrumb\",\"itemListElement\":[{\"@type\":\"ListItem\",\"position\":1,\"name\":\"Accueil\",\"item\":\"https:\/\/kapitalis.com\/tunisie\/\"},{\"@type\":\"ListItem\",\"position\":2,\"name\":\"Festival Marseille Series Stories\u00a0: litt\u00e9rature, cin\u00e9ma et t\u00e9l\u00e9vision \u00a0\"}]},{\"@type\":\"WebSite\",\"@id\":\"https:\/\/kapitalis.com\/tunisie\/#website\",\"url\":\"https:\/\/kapitalis.com\/tunisie\/\",\"name\":\"Kapitalis\",\"description\":\"L&#039;actualit\u00e9 en Tunisie et dans le monde\",\"publisher\":{\"@id\":\"https:\/\/kapitalis.com\/tunisie\/#organization\"},\"potentialAction\":[{\"@type\":\"SearchAction\",\"target\":{\"@type\":\"EntryPoint\",\"urlTemplate\":\"https:\/\/kapitalis.com\/tunisie\/?s={search_term_string}\"},\"query-input\":{\"@type\":\"PropertyValueSpecification\",\"valueRequired\":true,\"valueName\":\"search_term_string\"}}],\"inLanguage\":\"fr-FR\"},{\"@type\":\"Organization\",\"@id\":\"https:\/\/kapitalis.com\/tunisie\/#organization\",\"name\":\"Kapitalis\",\"url\":\"https:\/\/kapitalis.com\/tunisie\/\",\"logo\":{\"@type\":\"ImageObject\",\"inLanguage\":\"fr-FR\",\"@id\":\"https:\/\/kapitalis.com\/tunisie\/#\/schema\/logo\/image\/\",\"url\":\"https:\/\/kapitalis.com\/tunisie\/wp-content\/uploads\/2022\/05\/Kapitalis-big-size.png\",\"contentUrl\":\"https:\/\/kapitalis.com\/tunisie\/wp-content\/uploads\/2022\/05\/Kapitalis-big-size.png\",\"width\":5000,\"height\":1500,\"caption\":\"Kapitalis\"},\"image\":{\"@id\":\"https:\/\/kapitalis.com\/tunisie\/#\/schema\/logo\/image\/\"},\"sameAs\":[\"https:\/\/www.facebook.com\/KapitalisInfo\/\",\"https:\/\/x.com\/KapitalisInfo\",\"https:\/\/www.youtube.com\/channel\/UC-yDYrHyfFBWWZaOw3FPg9Q\"]},{\"@type\":\"Person\",\"@id\":\"https:\/\/kapitalis.com\/tunisie\/#\/schema\/person\/d71f33a9ca44f7bad4698210b480c8e9\",\"name\":\"webmaster kapitalis\",\"url\":\"https:\/\/kapitalis.com\/tunisie\/author\/webmaster-kapitalis\/\"}]}<\/script>\n<!-- \/ Yoast SEO plugin. -->","yoast_head_json":{"title":"Festival Marseille Series Stories\u00a0: litt\u00e9rature, cin\u00e9ma et t\u00e9l\u00e9vision \u00a0 - Kapitalis","robots":{"index":"index","follow":"follow","max-snippet":"max-snippet:-1","max-image-preview":"max-image-preview:large","max-video-preview":"max-video-preview:-1"},"canonical":"https:\/\/kapitalis.com\/tunisie\/2024\/11\/24\/festival-marseille-series-stories-litterature-cinema-et-television\/","og_locale":"fr_FR","og_type":"article","og_title":"Festival Marseille Series Stories\u00a0: litt\u00e9rature, cin\u00e9ma et t\u00e9l\u00e9vision \u00a0 - Kapitalis","og_description":"La 4e \u00e9dition du festival Marseille Series Stories sera cl\u00f4tur\u00e9 ce dimanche 24 novembre 2024 dans cette ville du sud de la France.","og_url":"https:\/\/kapitalis.com\/tunisie\/2024\/11\/24\/festival-marseille-series-stories-litterature-cinema-et-television\/","og_site_name":"Kapitalis","article_publisher":"https:\/\/www.facebook.com\/KapitalisInfo\/","article_published_time":"2024-11-24T11:26:35+00:00","article_modified_time":"2024-11-24T23:35:43+00:00","og_image":[{"width":1200,"height":630,"url":"https:\/\/kapitalis.com\/tunisie\/wp-content\/uploads\/2024\/11\/Marseille-Series-Stories.jpg","type":"image\/jpeg"}],"author":"webmaster kapitalis","twitter_card":"summary_large_image","twitter_creator":"@KapitalisInfo","twitter_site":"@KapitalisInfo","twitter_misc":{"\u00c9crit par":"webmaster kapitalis","Dur\u00e9e de lecture estim\u00e9e":"4 minutes"},"schema":{"@context":"https:\/\/schema.org","@graph":[{"@type":"Article","@id":"https:\/\/kapitalis.com\/tunisie\/2024\/11\/24\/festival-marseille-series-stories-litterature-cinema-et-television\/#article","isPartOf":{"@id":"https:\/\/kapitalis.com\/tunisie\/2024\/11\/24\/festival-marseille-series-stories-litterature-cinema-et-television\/"},"author":{"name":"webmaster kapitalis","@id":"https:\/\/kapitalis.com\/tunisie\/#\/schema\/person\/d71f33a9ca44f7bad4698210b480c8e9"},"headline":"Festival Marseille Series Stories\u00a0: litt\u00e9rature, cin\u00e9ma et t\u00e9l\u00e9vision \u00a0","datePublished":"2024-11-24T11:26:35+00:00","dateModified":"2024-11-24T23:35:43+00:00","mainEntityOfPage":{"@id":"https:\/\/kapitalis.com\/tunisie\/2024\/11\/24\/festival-marseille-series-stories-litterature-cinema-et-television\/"},"wordCount":663,"commentCount":0,"publisher":{"@id":"https:\/\/kapitalis.com\/tunisie\/#organization"},"image":{"@id":"https:\/\/kapitalis.com\/tunisie\/2024\/11\/24\/festival-marseille-series-stories-litterature-cinema-et-television\/#primaryimage"},"thumbnailUrl":"https:\/\/kapitalis.com\/tunisie\/wp-content\/uploads\/2024\/11\/Marseille-Series-Stories.jpg","keywords":["Alain Tasma","cin\u00e9ma","Juliette Benzoni","litt\u00e9rature","Marseille Series Stories","t\u00e9l\u00e9vision"],"articleSection":["A LA UNE","CULTURE","Tunisie"],"inLanguage":"fr-FR","potentialAction":[{"@type":"CommentAction","name":"Comment","target":["https:\/\/kapitalis.com\/tunisie\/2024\/11\/24\/festival-marseille-series-stories-litterature-cinema-et-television\/#respond"]}]},{"@type":"WebPage","@id":"https:\/\/kapitalis.com\/tunisie\/2024\/11\/24\/festival-marseille-series-stories-litterature-cinema-et-television\/","url":"https:\/\/kapitalis.com\/tunisie\/2024\/11\/24\/festival-marseille-series-stories-litterature-cinema-et-television\/","name":"Festival Marseille Series Stories\u00a0: litt\u00e9rature, cin\u00e9ma et t\u00e9l\u00e9vision \u00a0 - Kapitalis","isPartOf":{"@id":"https:\/\/kapitalis.com\/tunisie\/#website"},"primaryImageOfPage":{"@id":"https:\/\/kapitalis.com\/tunisie\/2024\/11\/24\/festival-marseille-series-stories-litterature-cinema-et-television\/#primaryimage"},"image":{"@id":"https:\/\/kapitalis.com\/tunisie\/2024\/11\/24\/festival-marseille-series-stories-litterature-cinema-et-television\/#primaryimage"},"thumbnailUrl":"https:\/\/kapitalis.com\/tunisie\/wp-content\/uploads\/2024\/11\/Marseille-Series-Stories.jpg","datePublished":"2024-11-24T11:26:35+00:00","dateModified":"2024-11-24T23:35:43+00:00","breadcrumb":{"@id":"https:\/\/kapitalis.com\/tunisie\/2024\/11\/24\/festival-marseille-series-stories-litterature-cinema-et-television\/#breadcrumb"},"inLanguage":"fr-FR","potentialAction":[{"@type":"ReadAction","target":["https:\/\/kapitalis.com\/tunisie\/2024\/11\/24\/festival-marseille-series-stories-litterature-cinema-et-television\/"]}]},{"@type":"ImageObject","inLanguage":"fr-FR","@id":"https:\/\/kapitalis.com\/tunisie\/2024\/11\/24\/festival-marseille-series-stories-litterature-cinema-et-television\/#primaryimage","url":"https:\/\/kapitalis.com\/tunisie\/wp-content\/uploads\/2024\/11\/Marseille-Series-Stories.jpg","contentUrl":"https:\/\/kapitalis.com\/tunisie\/wp-content\/uploads\/2024\/11\/Marseille-Series-Stories.jpg","width":1200,"height":630},{"@type":"BreadcrumbList","@id":"https:\/\/kapitalis.com\/tunisie\/2024\/11\/24\/festival-marseille-series-stories-litterature-cinema-et-television\/#breadcrumb","itemListElement":[{"@type":"ListItem","position":1,"name":"Accueil","item":"https:\/\/kapitalis.com\/tunisie\/"},{"@type":"ListItem","position":2,"name":"Festival Marseille Series Stories\u00a0: litt\u00e9rature, cin\u00e9ma et t\u00e9l\u00e9vision \u00a0"}]},{"@type":"WebSite","@id":"https:\/\/kapitalis.com\/tunisie\/#website","url":"https:\/\/kapitalis.com\/tunisie\/","name":"Kapitalis","description":"L&#039;actualit\u00e9 en Tunisie et dans le monde","publisher":{"@id":"https:\/\/kapitalis.com\/tunisie\/#organization"},"potentialAction":[{"@type":"SearchAction","target":{"@type":"EntryPoint","urlTemplate":"https:\/\/kapitalis.com\/tunisie\/?s={search_term_string}"},"query-input":{"@type":"PropertyValueSpecification","valueRequired":true,"valueName":"search_term_string"}}],"inLanguage":"fr-FR"},{"@type":"Organization","@id":"https:\/\/kapitalis.com\/tunisie\/#organization","name":"Kapitalis","url":"https:\/\/kapitalis.com\/tunisie\/","logo":{"@type":"ImageObject","inLanguage":"fr-FR","@id":"https:\/\/kapitalis.com\/tunisie\/#\/schema\/logo\/image\/","url":"https:\/\/kapitalis.com\/tunisie\/wp-content\/uploads\/2022\/05\/Kapitalis-big-size.png","contentUrl":"https:\/\/kapitalis.com\/tunisie\/wp-content\/uploads\/2022\/05\/Kapitalis-big-size.png","width":5000,"height":1500,"caption":"Kapitalis"},"image":{"@id":"https:\/\/kapitalis.com\/tunisie\/#\/schema\/logo\/image\/"},"sameAs":["https:\/\/www.facebook.com\/KapitalisInfo\/","https:\/\/x.com\/KapitalisInfo","https:\/\/www.youtube.com\/channel\/UC-yDYrHyfFBWWZaOw3FPg9Q"]},{"@type":"Person","@id":"https:\/\/kapitalis.com\/tunisie\/#\/schema\/person\/d71f33a9ca44f7bad4698210b480c8e9","name":"webmaster kapitalis","url":"https:\/\/kapitalis.com\/tunisie\/author\/webmaster-kapitalis\/"}]}},"_links":{"self":[{"href":"https:\/\/kapitalis.com\/tunisie\/wp-json\/wp\/v2\/posts\/14697476","targetHints":{"allow":["GET"]}}],"collection":[{"href":"https:\/\/kapitalis.com\/tunisie\/wp-json\/wp\/v2\/posts"}],"about":[{"href":"https:\/\/kapitalis.com\/tunisie\/wp-json\/wp\/v2\/types\/post"}],"author":[{"embeddable":true,"href":"https:\/\/kapitalis.com\/tunisie\/wp-json\/wp\/v2\/users\/8"}],"replies":[{"embeddable":true,"href":"https:\/\/kapitalis.com\/tunisie\/wp-json\/wp\/v2\/comments?post=14697476"}],"version-history":[{"count":1,"href":"https:\/\/kapitalis.com\/tunisie\/wp-json\/wp\/v2\/posts\/14697476\/revisions"}],"predecessor-version":[{"id":14697502,"href":"https:\/\/kapitalis.com\/tunisie\/wp-json\/wp\/v2\/posts\/14697476\/revisions\/14697502"}],"wp:featuredmedia":[{"embeddable":true,"href":"https:\/\/kapitalis.com\/tunisie\/wp-json\/wp\/v2\/media\/14697500"}],"wp:attachment":[{"href":"https:\/\/kapitalis.com\/tunisie\/wp-json\/wp\/v2\/media?parent=14697476"}],"wp:term":[{"taxonomy":"category","embeddable":true,"href":"https:\/\/kapitalis.com\/tunisie\/wp-json\/wp\/v2\/categories?post=14697476"},{"taxonomy":"post_tag","embeddable":true,"href":"https:\/\/kapitalis.com\/tunisie\/wp-json\/wp\/v2\/tags?post=14697476"}],"curies":[{"name":"wp","href":"https:\/\/api.w.org\/{rel}","templated":true}]}}