{"id":14719834,"date":"2024-11-26T08:56:08","date_gmt":"2024-11-26T07:56:08","guid":{"rendered":"https:\/\/kapitalis.com\/tunisie\/?p=14719834"},"modified":"2024-11-26T08:56:10","modified_gmt":"2024-11-26T07:56:10","slug":"gros-plan-gladiator-2-une-histoire-insensee","status":"publish","type":"post","link":"https:\/\/kapitalis.com\/tunisie\/2024\/11\/26\/gros-plan-gladiator-2-une-histoire-insensee\/","title":{"rendered":"Gros plan\u00a0: \u2018\u2018Gladiator 2\u2019\u2019, une histoire insens\u00e9e"},"content":{"rendered":"\n<p><strong><em>La semaine derni\u00e8re, je suis all\u00e9 voir \u2018\u2018Gladiator 2\u2019\u2019, \u00e0 Path\u00e9 Cin\u00e9ma, Tunis City (Ariana). Je crois que la grande majorit\u00e9 des fans de \u2018\u2018Gladiator\u2019\u2019 a compris que la suite n\u2019avait pas lieu d\u2019\u00eatre.<\/em><\/strong><\/p>\n\n\n\n<p><strong>Mohamed Sadok Lejri<\/strong><\/p>\n\n\n\n<!--more-->\n\n\n<div class=\"wp-block-image\">\n<figure class=\"alignleft size-full\"><img decoding=\"async\" src=\"http:\/\/kapitalis.com\/tunisie\/wp-content\/uploads\/2021\/08\/Mohamed-Sadok-Lejri-1.jpg\" alt=\"\" class=\"wp-image-358589\"\/><\/figure>\n<\/div>\n\n\n<p>Ce deuxi\u00e8me opus de <em>\u2018\u2018Gladiator\u2019\u2019<\/em> est un film qui n\u2019aurait jamais d\u00fb voir le jour; Ridley Scott aurait d\u00fb se contenter de la premi\u00e8re partie. Il n\u2019y avait plus rien \u00e0 raconter apr\u00e8s la mort de Maximus.<\/p>\n\n\n\n<p>Mais, tout bien consid\u00e9r\u00e9, je n\u2019ai pas vraiment \u00e9t\u00e9 d\u00e9\u00e7u par <em>\u2018\u2018Gladiator 2\u2019\u2019<\/em> parce que, d\u00e8s le d\u00e9but, je savais \u00e0 quoi m\u2019en tenir. Je suis all\u00e9 voir ce film \u00e0 grand spectacle pour les sc\u00e8nes de combat. Et, \u00e0 ce niveau-l\u00e0, on est bien servi!<\/p>\n\n\n\n<h2 class=\"wp-block-heading\">Les Nord-Africains doivent-ils \u00eatre noirs&nbsp;?<\/h2>\n\n\n\n<p>Quand les Am\u00e9ricains r\u00e9alisent un p\u00e9plum ou un film sur une grande figure historique telle que Napol\u00e9on, il ne faut pr\u00eater aucune importance \u00e0 la contextualisation et aux faits historiques, puisqu\u2019ils aiment bien r\u00e9\u00e9crire l\u2019Histoire \u00e0 leur mani\u00e8re en nous assommant de trucs abracadabrants, juste pour la beaut\u00e9 du spectacle et pour que \u00e7a soit compatible avec l\u2019id\u00e9e qu\u2019ils se font des peuples non am\u00e9ricains.<\/p>\n\n\n\n<p>Par exemple, les Africains, y compris les Nord-Africains, doivent \u00eatre noirs ou tr\u00e8s bronz\u00e9s pour eux. Le r\u00f4le de Jugurtha n\u2019a pas \u00e9t\u00e9 attribu\u00e9 \u00e0 Peter Mensah sans raison. Il faut dire que le premier opus de <em>\u2018\u2018Gladiator\u2019\u2019<\/em> et les p\u00e9plums (films et s\u00e9ries) qui l\u2019ont suivi (<em>\u2018\u2018Rome\u2019\u2019, \u2018\u2018300\u2019\u2019, \u2018\u2018Spartacus\u2019\u2019<\/em>, etc.) souffraient d\u00e9j\u00e0 de ces st\u00e9r\u00e9otypes bien ancr\u00e9s dans la soci\u00e9t\u00e9 \u00e9tats-unienne.<\/p>\n\n\n\n<p>Les sc\u00e8nes qui se d\u00e9roulent dans l\u2019ar\u00e8ne m\u2019ont bien amus\u00e9, m\u00eame si le film est mauvais. Le sc\u00e9nario est tir\u00e9 par les cheveux. Ils ont fabriqu\u00e9 de toutes pi\u00e8ces une histoire insens\u00e9e pour donner une suite au premier opus. Le sc\u00e9nario est d\u00e9cousu et manque de substance, les dialogues sont pens\u00e9s \u00e0 l\u2019aune des valeurs modernes am\u00e9ricaines et sont calqu\u00e9s sur les discours fond\u00e9s sur la notion de <em>freedom<\/em> et de l\u2019<em>american dream<\/em>. Le casting, quant \u00e0 lui, est nul \u00e0 chier. Paul Mescal est d\u00e9pourvu de charisme, il n\u2019a pas cette dimension tragique qu\u2019avait Russell Crowe.<\/p>\n\n\n\n<h2 class=\"wp-block-heading\">Un film qui ne suscite aucune \u00e9motion<\/h2>\n\n\n\n<p>L\u2019id\u00e9e des fr\u00e8res jumeaux empereurs n\u2019est pas mauvaise, mais les personnages manquent de force et symbolisent la d\u00e9cadence de mani\u00e8re caricaturale. Denzel Washington dont tout le monde chante les louanges est un peu trop <em>\u00abfunky\u00bb<\/em> pour ce r\u00f4le. Ses mimiques ne sont pas sans nous rappeler celles des petits ca\u00efds du Bronx et de Harlem. Seul Pedro Pascal est convaincant dans ce film ! Non seulement il a la gueule de l\u2019emploi, mais, en plus, c\u2019est un bon acteur. En revanche, son r\u00f4le n\u2019a pas \u00e9t\u00e9 exploit\u00e9 \u00e0 son plein potentiel. <\/p>\n\n\n\n<p>Enfin, contrairement au premier opus, <em>\u2018\u2018Gladiator 2\u2019\u2019<\/em> ne suscite en nous aucune \u00e9motion; il lui manque l\u2019aspect tragique. <em>Last but not least<\/em>, et pour surfer sur la nostalgie, ils ont ins\u00e9r\u00e9, \u00e0 la fin du film, la musique culte de Hans Zimmer de mani\u00e8re un peu abrupte et t\u00e9l\u00e9phon\u00e9e. Cette musique arrive comme un cheveu sur la soupe car le film p\u00e8che par l\u2019absence de trag\u00e9die et ce, malgr\u00e9 une grandiloquence d\u00e9plac\u00e9e et des r\u00e9pliques ressass\u00e9es telles des poncifs et d\u00e9clam\u00e9es avec une emphase de mauvais aloi.<\/p>\n","protected":false},"excerpt":{"rendered":"<p>Le deuxi\u00e8me opus du p\u00e9plum \u2018\u2018Gladiator\u2019\u2019 est un film qui n\u2019aurait jamais d\u00fb voir le jour. <\/p>\n","protected":false},"author":8,"featured_media":14719883,"comment_status":"open","ping_status":"open","sticky":false,"template":"","format":"standard","meta":{"footnotes":""},"categories":[992,994,2433],"tags":[119148,112630,119144,97103,119147,119146,119145],"class_list":["post-14719834","post","type-post","status-publish","format-standard","has-post-thumbnail","hentry","category-a-la-une","category-culture","category-tunisie","tag-peplums","tag-denzel-washington","tag-gladiator-2","tag-nord-africains","tag-pedro-pascal","tag-peter-mensah","tag-ridley-scott"],"yoast_head":"<!-- This site is optimized with the Yoast SEO plugin v26.6 - https:\/\/yoast.com\/wordpress\/plugins\/seo\/ -->\n<title>Gros plan\u00a0: \u2018\u2018Gladiator 2\u2019\u2019, une histoire insens\u00e9e - Kapitalis<\/title>\n<meta name=\"robots\" content=\"index, follow, max-snippet:-1, max-image-preview:large, max-video-preview:-1\" \/>\n<link rel=\"canonical\" href=\"https:\/\/kapitalis.com\/tunisie\/2024\/11\/26\/gros-plan-gladiator-2-une-histoire-insensee\/\" \/>\n<meta property=\"og:locale\" content=\"fr_FR\" \/>\n<meta property=\"og:type\" content=\"article\" \/>\n<meta property=\"og:title\" content=\"Gros plan\u00a0: \u2018\u2018Gladiator 2\u2019\u2019, une histoire insens\u00e9e - Kapitalis\" \/>\n<meta property=\"og:description\" content=\"Le deuxi\u00e8me opus du p\u00e9plum \u2018\u2018Gladiator\u2019\u2019 est un film qui n\u2019aurait jamais d\u00fb voir le jour.\" \/>\n<meta property=\"og:url\" content=\"https:\/\/kapitalis.com\/tunisie\/2024\/11\/26\/gros-plan-gladiator-2-une-histoire-insensee\/\" \/>\n<meta property=\"og:site_name\" content=\"Kapitalis\" \/>\n<meta property=\"article:publisher\" content=\"https:\/\/www.facebook.com\/KapitalisInfo\/\" \/>\n<meta property=\"article:published_time\" content=\"2024-11-26T07:56:08+00:00\" \/>\n<meta property=\"article:modified_time\" content=\"2024-11-26T07:56:10+00:00\" \/>\n<meta property=\"og:image\" content=\"https:\/\/kapitalis.com\/tunisie\/wp-content\/uploads\/2024\/11\/Gladiator-2.jpg\" \/>\n\t<meta property=\"og:image:width\" content=\"1200\" \/>\n\t<meta property=\"og:image:height\" content=\"630\" \/>\n\t<meta property=\"og:image:type\" content=\"image\/jpeg\" \/>\n<meta name=\"author\" content=\"webmaster kapitalis\" \/>\n<meta name=\"twitter:card\" content=\"summary_large_image\" \/>\n<meta name=\"twitter:creator\" content=\"@KapitalisInfo\" \/>\n<meta name=\"twitter:site\" content=\"@KapitalisInfo\" \/>\n<meta name=\"twitter:label1\" content=\"\u00c9crit par\" \/>\n\t<meta name=\"twitter:data1\" content=\"webmaster kapitalis\" \/>\n\t<meta name=\"twitter:label2\" content=\"Dur\u00e9e de lecture estim\u00e9e\" \/>\n\t<meta name=\"twitter:data2\" content=\"4 minutes\" \/>\n<script type=\"application\/ld+json\" class=\"yoast-schema-graph\">{\"@context\":\"https:\/\/schema.org\",\"@graph\":[{\"@type\":\"Article\",\"@id\":\"https:\/\/kapitalis.com\/tunisie\/2024\/11\/26\/gros-plan-gladiator-2-une-histoire-insensee\/#article\",\"isPartOf\":{\"@id\":\"https:\/\/kapitalis.com\/tunisie\/2024\/11\/26\/gros-plan-gladiator-2-une-histoire-insensee\/\"},\"author\":{\"name\":\"webmaster kapitalis\",\"@id\":\"https:\/\/kapitalis.com\/tunisie\/#\/schema\/person\/d71f33a9ca44f7bad4698210b480c8e9\"},\"headline\":\"Gros plan\u00a0: \u2018\u2018Gladiator 2\u2019\u2019, une histoire insens\u00e9e\",\"datePublished\":\"2024-11-26T07:56:08+00:00\",\"dateModified\":\"2024-11-26T07:56:10+00:00\",\"mainEntityOfPage\":{\"@id\":\"https:\/\/kapitalis.com\/tunisie\/2024\/11\/26\/gros-plan-gladiator-2-une-histoire-insensee\/\"},\"wordCount\":612,\"commentCount\":1,\"publisher\":{\"@id\":\"https:\/\/kapitalis.com\/tunisie\/#organization\"},\"image\":{\"@id\":\"https:\/\/kapitalis.com\/tunisie\/2024\/11\/26\/gros-plan-gladiator-2-une-histoire-insensee\/#primaryimage\"},\"thumbnailUrl\":\"https:\/\/kapitalis.com\/tunisie\/wp-content\/uploads\/2024\/11\/Gladiator-2.jpg\",\"keywords\":[\"; p\u00e9plums\",\"Denzel Washington\",\"Gladiator 2\",\"nord-africains\",\"Pedro Pascal\",\"Peter Mensah\",\"Ridley Scott\"],\"articleSection\":[\"A LA UNE\",\"CULTURE\",\"Tunisie\"],\"inLanguage\":\"fr-FR\",\"potentialAction\":[{\"@type\":\"CommentAction\",\"name\":\"Comment\",\"target\":[\"https:\/\/kapitalis.com\/tunisie\/2024\/11\/26\/gros-plan-gladiator-2-une-histoire-insensee\/#respond\"]}]},{\"@type\":\"WebPage\",\"@id\":\"https:\/\/kapitalis.com\/tunisie\/2024\/11\/26\/gros-plan-gladiator-2-une-histoire-insensee\/\",\"url\":\"https:\/\/kapitalis.com\/tunisie\/2024\/11\/26\/gros-plan-gladiator-2-une-histoire-insensee\/\",\"name\":\"Gros plan\u00a0: \u2018\u2018Gladiator 2\u2019\u2019, une histoire insens\u00e9e - Kapitalis\",\"isPartOf\":{\"@id\":\"https:\/\/kapitalis.com\/tunisie\/#website\"},\"primaryImageOfPage\":{\"@id\":\"https:\/\/kapitalis.com\/tunisie\/2024\/11\/26\/gros-plan-gladiator-2-une-histoire-insensee\/#primaryimage\"},\"image\":{\"@id\":\"https:\/\/kapitalis.com\/tunisie\/2024\/11\/26\/gros-plan-gladiator-2-une-histoire-insensee\/#primaryimage\"},\"thumbnailUrl\":\"https:\/\/kapitalis.com\/tunisie\/wp-content\/uploads\/2024\/11\/Gladiator-2.jpg\",\"datePublished\":\"2024-11-26T07:56:08+00:00\",\"dateModified\":\"2024-11-26T07:56:10+00:00\",\"breadcrumb\":{\"@id\":\"https:\/\/kapitalis.com\/tunisie\/2024\/11\/26\/gros-plan-gladiator-2-une-histoire-insensee\/#breadcrumb\"},\"inLanguage\":\"fr-FR\",\"potentialAction\":[{\"@type\":\"ReadAction\",\"target\":[\"https:\/\/kapitalis.com\/tunisie\/2024\/11\/26\/gros-plan-gladiator-2-une-histoire-insensee\/\"]}]},{\"@type\":\"ImageObject\",\"inLanguage\":\"fr-FR\",\"@id\":\"https:\/\/kapitalis.com\/tunisie\/2024\/11\/26\/gros-plan-gladiator-2-une-histoire-insensee\/#primaryimage\",\"url\":\"https:\/\/kapitalis.com\/tunisie\/wp-content\/uploads\/2024\/11\/Gladiator-2.jpg\",\"contentUrl\":\"https:\/\/kapitalis.com\/tunisie\/wp-content\/uploads\/2024\/11\/Gladiator-2.jpg\",\"width\":1200,\"height\":630},{\"@type\":\"BreadcrumbList\",\"@id\":\"https:\/\/kapitalis.com\/tunisie\/2024\/11\/26\/gros-plan-gladiator-2-une-histoire-insensee\/#breadcrumb\",\"itemListElement\":[{\"@type\":\"ListItem\",\"position\":1,\"name\":\"Accueil\",\"item\":\"https:\/\/kapitalis.com\/tunisie\/\"},{\"@type\":\"ListItem\",\"position\":2,\"name\":\"Gros plan\u00a0: \u2018\u2018Gladiator 2\u2019\u2019, une histoire insens\u00e9e\"}]},{\"@type\":\"WebSite\",\"@id\":\"https:\/\/kapitalis.com\/tunisie\/#website\",\"url\":\"https:\/\/kapitalis.com\/tunisie\/\",\"name\":\"Kapitalis\",\"description\":\"L&#039;actualit\u00e9 en Tunisie et dans le monde\",\"publisher\":{\"@id\":\"https:\/\/kapitalis.com\/tunisie\/#organization\"},\"potentialAction\":[{\"@type\":\"SearchAction\",\"target\":{\"@type\":\"EntryPoint\",\"urlTemplate\":\"https:\/\/kapitalis.com\/tunisie\/?s={search_term_string}\"},\"query-input\":{\"@type\":\"PropertyValueSpecification\",\"valueRequired\":true,\"valueName\":\"search_term_string\"}}],\"inLanguage\":\"fr-FR\"},{\"@type\":\"Organization\",\"@id\":\"https:\/\/kapitalis.com\/tunisie\/#organization\",\"name\":\"Kapitalis\",\"url\":\"https:\/\/kapitalis.com\/tunisie\/\",\"logo\":{\"@type\":\"ImageObject\",\"inLanguage\":\"fr-FR\",\"@id\":\"https:\/\/kapitalis.com\/tunisie\/#\/schema\/logo\/image\/\",\"url\":\"https:\/\/kapitalis.com\/tunisie\/wp-content\/uploads\/2022\/05\/Kapitalis-big-size.png\",\"contentUrl\":\"https:\/\/kapitalis.com\/tunisie\/wp-content\/uploads\/2022\/05\/Kapitalis-big-size.png\",\"width\":5000,\"height\":1500,\"caption\":\"Kapitalis\"},\"image\":{\"@id\":\"https:\/\/kapitalis.com\/tunisie\/#\/schema\/logo\/image\/\"},\"sameAs\":[\"https:\/\/www.facebook.com\/KapitalisInfo\/\",\"https:\/\/x.com\/KapitalisInfo\",\"https:\/\/www.youtube.com\/channel\/UC-yDYrHyfFBWWZaOw3FPg9Q\"]},{\"@type\":\"Person\",\"@id\":\"https:\/\/kapitalis.com\/tunisie\/#\/schema\/person\/d71f33a9ca44f7bad4698210b480c8e9\",\"name\":\"webmaster kapitalis\",\"url\":\"https:\/\/kapitalis.com\/tunisie\/author\/webmaster-kapitalis\/\"}]}<\/script>\n<!-- \/ Yoast SEO plugin. -->","yoast_head_json":{"title":"Gros plan\u00a0: \u2018\u2018Gladiator 2\u2019\u2019, une histoire insens\u00e9e - Kapitalis","robots":{"index":"index","follow":"follow","max-snippet":"max-snippet:-1","max-image-preview":"max-image-preview:large","max-video-preview":"max-video-preview:-1"},"canonical":"https:\/\/kapitalis.com\/tunisie\/2024\/11\/26\/gros-plan-gladiator-2-une-histoire-insensee\/","og_locale":"fr_FR","og_type":"article","og_title":"Gros plan\u00a0: \u2018\u2018Gladiator 2\u2019\u2019, une histoire insens\u00e9e - Kapitalis","og_description":"Le deuxi\u00e8me opus du p\u00e9plum \u2018\u2018Gladiator\u2019\u2019 est un film qui n\u2019aurait jamais d\u00fb voir le jour.","og_url":"https:\/\/kapitalis.com\/tunisie\/2024\/11\/26\/gros-plan-gladiator-2-une-histoire-insensee\/","og_site_name":"Kapitalis","article_publisher":"https:\/\/www.facebook.com\/KapitalisInfo\/","article_published_time":"2024-11-26T07:56:08+00:00","article_modified_time":"2024-11-26T07:56:10+00:00","og_image":[{"width":1200,"height":630,"url":"https:\/\/kapitalis.com\/tunisie\/wp-content\/uploads\/2024\/11\/Gladiator-2.jpg","type":"image\/jpeg"}],"author":"webmaster kapitalis","twitter_card":"summary_large_image","twitter_creator":"@KapitalisInfo","twitter_site":"@KapitalisInfo","twitter_misc":{"\u00c9crit par":"webmaster kapitalis","Dur\u00e9e de lecture estim\u00e9e":"4 minutes"},"schema":{"@context":"https:\/\/schema.org","@graph":[{"@type":"Article","@id":"https:\/\/kapitalis.com\/tunisie\/2024\/11\/26\/gros-plan-gladiator-2-une-histoire-insensee\/#article","isPartOf":{"@id":"https:\/\/kapitalis.com\/tunisie\/2024\/11\/26\/gros-plan-gladiator-2-une-histoire-insensee\/"},"author":{"name":"webmaster kapitalis","@id":"https:\/\/kapitalis.com\/tunisie\/#\/schema\/person\/d71f33a9ca44f7bad4698210b480c8e9"},"headline":"Gros plan\u00a0: \u2018\u2018Gladiator 2\u2019\u2019, une histoire insens\u00e9e","datePublished":"2024-11-26T07:56:08+00:00","dateModified":"2024-11-26T07:56:10+00:00","mainEntityOfPage":{"@id":"https:\/\/kapitalis.com\/tunisie\/2024\/11\/26\/gros-plan-gladiator-2-une-histoire-insensee\/"},"wordCount":612,"commentCount":1,"publisher":{"@id":"https:\/\/kapitalis.com\/tunisie\/#organization"},"image":{"@id":"https:\/\/kapitalis.com\/tunisie\/2024\/11\/26\/gros-plan-gladiator-2-une-histoire-insensee\/#primaryimage"},"thumbnailUrl":"https:\/\/kapitalis.com\/tunisie\/wp-content\/uploads\/2024\/11\/Gladiator-2.jpg","keywords":["; p\u00e9plums","Denzel Washington","Gladiator 2","nord-africains","Pedro Pascal","Peter Mensah","Ridley Scott"],"articleSection":["A LA UNE","CULTURE","Tunisie"],"inLanguage":"fr-FR","potentialAction":[{"@type":"CommentAction","name":"Comment","target":["https:\/\/kapitalis.com\/tunisie\/2024\/11\/26\/gros-plan-gladiator-2-une-histoire-insensee\/#respond"]}]},{"@type":"WebPage","@id":"https:\/\/kapitalis.com\/tunisie\/2024\/11\/26\/gros-plan-gladiator-2-une-histoire-insensee\/","url":"https:\/\/kapitalis.com\/tunisie\/2024\/11\/26\/gros-plan-gladiator-2-une-histoire-insensee\/","name":"Gros plan\u00a0: \u2018\u2018Gladiator 2\u2019\u2019, une histoire insens\u00e9e - Kapitalis","isPartOf":{"@id":"https:\/\/kapitalis.com\/tunisie\/#website"},"primaryImageOfPage":{"@id":"https:\/\/kapitalis.com\/tunisie\/2024\/11\/26\/gros-plan-gladiator-2-une-histoire-insensee\/#primaryimage"},"image":{"@id":"https:\/\/kapitalis.com\/tunisie\/2024\/11\/26\/gros-plan-gladiator-2-une-histoire-insensee\/#primaryimage"},"thumbnailUrl":"https:\/\/kapitalis.com\/tunisie\/wp-content\/uploads\/2024\/11\/Gladiator-2.jpg","datePublished":"2024-11-26T07:56:08+00:00","dateModified":"2024-11-26T07:56:10+00:00","breadcrumb":{"@id":"https:\/\/kapitalis.com\/tunisie\/2024\/11\/26\/gros-plan-gladiator-2-une-histoire-insensee\/#breadcrumb"},"inLanguage":"fr-FR","potentialAction":[{"@type":"ReadAction","target":["https:\/\/kapitalis.com\/tunisie\/2024\/11\/26\/gros-plan-gladiator-2-une-histoire-insensee\/"]}]},{"@type":"ImageObject","inLanguage":"fr-FR","@id":"https:\/\/kapitalis.com\/tunisie\/2024\/11\/26\/gros-plan-gladiator-2-une-histoire-insensee\/#primaryimage","url":"https:\/\/kapitalis.com\/tunisie\/wp-content\/uploads\/2024\/11\/Gladiator-2.jpg","contentUrl":"https:\/\/kapitalis.com\/tunisie\/wp-content\/uploads\/2024\/11\/Gladiator-2.jpg","width":1200,"height":630},{"@type":"BreadcrumbList","@id":"https:\/\/kapitalis.com\/tunisie\/2024\/11\/26\/gros-plan-gladiator-2-une-histoire-insensee\/#breadcrumb","itemListElement":[{"@type":"ListItem","position":1,"name":"Accueil","item":"https:\/\/kapitalis.com\/tunisie\/"},{"@type":"ListItem","position":2,"name":"Gros plan\u00a0: \u2018\u2018Gladiator 2\u2019\u2019, une histoire insens\u00e9e"}]},{"@type":"WebSite","@id":"https:\/\/kapitalis.com\/tunisie\/#website","url":"https:\/\/kapitalis.com\/tunisie\/","name":"Kapitalis","description":"L&#039;actualit\u00e9 en Tunisie et dans le monde","publisher":{"@id":"https:\/\/kapitalis.com\/tunisie\/#organization"},"potentialAction":[{"@type":"SearchAction","target":{"@type":"EntryPoint","urlTemplate":"https:\/\/kapitalis.com\/tunisie\/?s={search_term_string}"},"query-input":{"@type":"PropertyValueSpecification","valueRequired":true,"valueName":"search_term_string"}}],"inLanguage":"fr-FR"},{"@type":"Organization","@id":"https:\/\/kapitalis.com\/tunisie\/#organization","name":"Kapitalis","url":"https:\/\/kapitalis.com\/tunisie\/","logo":{"@type":"ImageObject","inLanguage":"fr-FR","@id":"https:\/\/kapitalis.com\/tunisie\/#\/schema\/logo\/image\/","url":"https:\/\/kapitalis.com\/tunisie\/wp-content\/uploads\/2022\/05\/Kapitalis-big-size.png","contentUrl":"https:\/\/kapitalis.com\/tunisie\/wp-content\/uploads\/2022\/05\/Kapitalis-big-size.png","width":5000,"height":1500,"caption":"Kapitalis"},"image":{"@id":"https:\/\/kapitalis.com\/tunisie\/#\/schema\/logo\/image\/"},"sameAs":["https:\/\/www.facebook.com\/KapitalisInfo\/","https:\/\/x.com\/KapitalisInfo","https:\/\/www.youtube.com\/channel\/UC-yDYrHyfFBWWZaOw3FPg9Q"]},{"@type":"Person","@id":"https:\/\/kapitalis.com\/tunisie\/#\/schema\/person\/d71f33a9ca44f7bad4698210b480c8e9","name":"webmaster kapitalis","url":"https:\/\/kapitalis.com\/tunisie\/author\/webmaster-kapitalis\/"}]}},"_links":{"self":[{"href":"https:\/\/kapitalis.com\/tunisie\/wp-json\/wp\/v2\/posts\/14719834","targetHints":{"allow":["GET"]}}],"collection":[{"href":"https:\/\/kapitalis.com\/tunisie\/wp-json\/wp\/v2\/posts"}],"about":[{"href":"https:\/\/kapitalis.com\/tunisie\/wp-json\/wp\/v2\/types\/post"}],"author":[{"embeddable":true,"href":"https:\/\/kapitalis.com\/tunisie\/wp-json\/wp\/v2\/users\/8"}],"replies":[{"embeddable":true,"href":"https:\/\/kapitalis.com\/tunisie\/wp-json\/wp\/v2\/comments?post=14719834"}],"version-history":[{"count":1,"href":"https:\/\/kapitalis.com\/tunisie\/wp-json\/wp\/v2\/posts\/14719834\/revisions"}],"predecessor-version":[{"id":14719897,"href":"https:\/\/kapitalis.com\/tunisie\/wp-json\/wp\/v2\/posts\/14719834\/revisions\/14719897"}],"wp:featuredmedia":[{"embeddable":true,"href":"https:\/\/kapitalis.com\/tunisie\/wp-json\/wp\/v2\/media\/14719883"}],"wp:attachment":[{"href":"https:\/\/kapitalis.com\/tunisie\/wp-json\/wp\/v2\/media?parent=14719834"}],"wp:term":[{"taxonomy":"category","embeddable":true,"href":"https:\/\/kapitalis.com\/tunisie\/wp-json\/wp\/v2\/categories?post=14719834"},{"taxonomy":"post_tag","embeddable":true,"href":"https:\/\/kapitalis.com\/tunisie\/wp-json\/wp\/v2\/tags?post=14719834"}],"curies":[{"name":"wp","href":"https:\/\/api.w.org\/{rel}","templated":true}]}}