{"id":14732375,"date":"2024-11-27T09:03:22","date_gmt":"2024-11-27T08:03:22","guid":{"rendered":"https:\/\/kapitalis.com\/tunisie\/?p=14732375"},"modified":"2024-11-27T09:11:13","modified_gmt":"2024-11-27T08:11:13","slug":"tunisie-quand-la-cite-medicale-des-aghlabides-sortira-t-elle-de-terre","status":"publish","type":"post","link":"https:\/\/kapitalis.com\/tunisie\/2024\/11\/27\/tunisie-quand-la-cite-medicale-des-aghlabides-sortira-t-elle-de-terre\/","title":{"rendered":"Tunisie\u00a0: Quand la Cit\u00e9 m\u00e9dicale des Aghlabides sortira-t-elle de terre\u00a0?"},"content":{"rendered":"\n<p><strong><em>La Cit\u00e9 m\u00e9dicale des Aghlabides \u00e0 Kairouan est un grand projet dont a parl\u00e9 le pr\u00e9sident de la r\u00e9publique Ka\u00efs Sa\u00efed depuis son accession au Palais de Carthage, fin 2019, mais, cinq ans apr\u00e8s, on ne peut pas dire que sa r\u00e9alisation a beaucoup avanc\u00e9.<\/em><\/strong><\/p>\n\n\n\n<!--more-->\n\n\n\n<p>Les plans sont toujours dans les cartons et on en est encore aux pr\u00e9paratifs et aux pr\u00e9liminaires, c\u2019est-\u00e0-dire l\u2019\u00e9tude de rentabilit\u00e9, exig\u00e9e par la partie chinoise, un moment pressentie pour la r\u00e9alisation du projet, mais qui ne semble pas press\u00e9e d\u2019y aller, ou encore la recherche du financement, l\u2019argent \u00e9tant, comme on le sait, le nerf de la guerre, alors que les finances publiques, exsangues comme elles sont depuis 2011, ne permettent pas d\u2019\u00e9normes d\u00e9penses d\u2019investissement.<\/p>\n\n\n\n<p>Dans le cadre des pr\u00e9paratifs et des pr\u00e9liminaires, on a appris la nomination de l\u2019ing\u00e9nieur Riadh Hentati comme Pdg de la Soci\u00e9t\u00e9 de la Cit\u00e9 m\u00e9dicale des\u00a0 Aghlabides de Kairouan (d\u00e9cret N\u00b0 594-2024, en date du 25 novembre 2024 publi\u00e9 par le Journal officiel de la r\u00e9publique tunisienne, dans sa derni\u00e8re \u00e9dition en date du 26 novembre 2024). <\/p>\n\n\n\n<p>Souhaitons-lui bon vent en esp\u00e9rant que les travaux pourront d\u00e9marrer le plus t\u00f4t possible, car c\u2019est toute la r\u00e9gion du centre de la Tunisie qui attend cette r\u00e9alisation et s\u2019impatiente de voir les b\u00e2timents de cette infrastructure sanitaire sortir enfin de terre.<\/p>\n\n\n\n<p>Aussi, M. Hentati serait-il bien inspir\u00e9 d&rsquo;organiser dans quelques semaines, et apr\u00e8s avoir pris connaissance des tenants et aboutissants du projet et discut\u00e9 avec tous les profanis\u00e2tes qui y sont impliqu\u00e9s, pour annoncer un planning pr\u00e9visionnel des \u00e9tapes de sa r\u00e9alisation , du d\u00e9marrage des travaux jusqu&rsquo;\u00e0 l&rsquo;inauguration de ladite Cit\u00e9. <\/p>\n\n\n\n<p class=\"has-text-align-right\"><strong>I. B.<\/strong><\/p>\n\n\n\n<figure class=\"wp-block-embed is-type-wp-embed is-provider-kapitalis wp-block-embed-kapitalis\"><div class=\"wp-block-embed__wrapper\">\n<blockquote class=\"wp-embedded-content\" data-secret=\"worC6EPH3a\"><a href=\"https:\/\/kapitalis.com\/tunisie\/2024\/09\/27\/la-cite-medicale-les-aghlabides-a-kairouan-encore-et-toujours\/\">La Cit\u00e9 m\u00e9dicale les Aghlabides \u00e0 Kairouan, encore et toujours\u00a0!<\/a><\/blockquote><iframe loading=\"lazy\" class=\"wp-embedded-content\" sandbox=\"allow-scripts\" security=\"restricted\" style=\"position: absolute; visibility: hidden;\" title=\"\u00ab\u00a0La Cit\u00e9 m\u00e9dicale les Aghlabides \u00e0 Kairouan, encore et toujours\u00a0!\u00a0\u00bb &#8212; Kapitalis\" src=\"https:\/\/kapitalis.com\/tunisie\/2024\/09\/27\/la-cite-medicale-les-aghlabides-a-kairouan-encore-et-toujours\/embed\/#?secret=Y9KoxAh3sx#?secret=worC6EPH3a\" data-secret=\"worC6EPH3a\" width=\"600\" height=\"338\" frameborder=\"0\" marginwidth=\"0\" marginheight=\"0\" scrolling=\"no\"><\/iframe>\n<\/div><\/figure>\n","protected":false},"excerpt":{"rendered":"<p>Cinq ans apr\u00e8s, on ne peut pas dire que la r\u00e9alisation du projet de Cit\u00e9 m\u00e9dicale de Kairouan a beaucoup avanc\u00e9.<\/p>\n","protected":false},"author":8,"featured_media":14732427,"comment_status":"open","ping_status":"open","sticky":false,"template":"","format":"standard","meta":{"footnotes":""},"categories":[995,2433],"tags":[80720,64557,76012,119172,62643],"class_list":["post-14732375","post","type-post","status-publish","format-standard","has-post-thumbnail","hentry","category-economie","category-tunisie","tag-cite-medicale-des-aghlabides","tag-kairouan","tag-kais-saied-2","tag-riadh-hentati","tag-tunisie"],"yoast_head":"<!-- This site is optimized with the Yoast SEO plugin v26.6 - https:\/\/yoast.com\/wordpress\/plugins\/seo\/ -->\n<title>Tunisie\u00a0: Quand la Cit\u00e9 m\u00e9dicale des Aghlabides sortira-t-elle de terre\u00a0? - Kapitalis<\/title>\n<meta name=\"robots\" content=\"index, follow, max-snippet:-1, max-image-preview:large, max-video-preview:-1\" \/>\n<link rel=\"canonical\" href=\"https:\/\/kapitalis.com\/tunisie\/2024\/11\/27\/tunisie-quand-la-cite-medicale-des-aghlabides-sortira-t-elle-de-terre\/\" \/>\n<meta property=\"og:locale\" content=\"fr_FR\" \/>\n<meta property=\"og:type\" content=\"article\" \/>\n<meta property=\"og:title\" content=\"Tunisie\u00a0: Quand la Cit\u00e9 m\u00e9dicale des Aghlabides sortira-t-elle de terre\u00a0? - Kapitalis\" \/>\n<meta property=\"og:description\" content=\"Cinq ans apr\u00e8s, on ne peut pas dire que la r\u00e9alisation du projet de Cit\u00e9 m\u00e9dicale de Kairouan a beaucoup avanc\u00e9.\" \/>\n<meta property=\"og:url\" content=\"https:\/\/kapitalis.com\/tunisie\/2024\/11\/27\/tunisie-quand-la-cite-medicale-des-aghlabides-sortira-t-elle-de-terre\/\" \/>\n<meta property=\"og:site_name\" content=\"Kapitalis\" \/>\n<meta property=\"article:publisher\" content=\"https:\/\/www.facebook.com\/KapitalisInfo\/\" \/>\n<meta property=\"article:published_time\" content=\"2024-11-27T08:03:22+00:00\" \/>\n<meta property=\"article:modified_time\" content=\"2024-11-27T08:11:13+00:00\" \/>\n<meta property=\"og:image\" content=\"https:\/\/kapitalis.com\/tunisie\/wp-content\/uploads\/2024\/11\/Riadh-Hentati-Cite-medicale-de-Kairouan.jpg\" \/>\n\t<meta property=\"og:image:width\" content=\"1200\" \/>\n\t<meta property=\"og:image:height\" content=\"630\" \/>\n\t<meta property=\"og:image:type\" content=\"image\/jpeg\" \/>\n<meta name=\"author\" content=\"webmaster kapitalis\" \/>\n<meta name=\"twitter:card\" content=\"summary_large_image\" \/>\n<meta name=\"twitter:creator\" content=\"@KapitalisInfo\" \/>\n<meta name=\"twitter:site\" content=\"@KapitalisInfo\" \/>\n<meta name=\"twitter:label1\" content=\"\u00c9crit par\" \/>\n\t<meta name=\"twitter:data1\" content=\"webmaster kapitalis\" \/>\n\t<meta name=\"twitter:label2\" content=\"Dur\u00e9e de lecture estim\u00e9e\" \/>\n\t<meta name=\"twitter:data2\" content=\"2 minutes\" \/>\n<script type=\"application\/ld+json\" class=\"yoast-schema-graph\">{\"@context\":\"https:\/\/schema.org\",\"@graph\":[{\"@type\":\"Article\",\"@id\":\"https:\/\/kapitalis.com\/tunisie\/2024\/11\/27\/tunisie-quand-la-cite-medicale-des-aghlabides-sortira-t-elle-de-terre\/#article\",\"isPartOf\":{\"@id\":\"https:\/\/kapitalis.com\/tunisie\/2024\/11\/27\/tunisie-quand-la-cite-medicale-des-aghlabides-sortira-t-elle-de-terre\/\"},\"author\":{\"name\":\"webmaster kapitalis\",\"@id\":\"https:\/\/kapitalis.com\/tunisie\/#\/schema\/person\/d71f33a9ca44f7bad4698210b480c8e9\"},\"headline\":\"Tunisie\u00a0: Quand la Cit\u00e9 m\u00e9dicale des Aghlabides sortira-t-elle de terre\u00a0?\",\"datePublished\":\"2024-11-27T08:03:22+00:00\",\"dateModified\":\"2024-11-27T08:11:13+00:00\",\"mainEntityOfPage\":{\"@id\":\"https:\/\/kapitalis.com\/tunisie\/2024\/11\/27\/tunisie-quand-la-cite-medicale-des-aghlabides-sortira-t-elle-de-terre\/\"},\"wordCount\":325,\"commentCount\":0,\"publisher\":{\"@id\":\"https:\/\/kapitalis.com\/tunisie\/#organization\"},\"image\":{\"@id\":\"https:\/\/kapitalis.com\/tunisie\/2024\/11\/27\/tunisie-quand-la-cite-medicale-des-aghlabides-sortira-t-elle-de-terre\/#primaryimage\"},\"thumbnailUrl\":\"https:\/\/kapitalis.com\/tunisie\/wp-content\/uploads\/2024\/11\/Riadh-Hentati-Cite-medicale-de-Kairouan.jpg\",\"keywords\":[\"Cit\u00e9 m\u00e9dicale des Aghlabides\",\"Kairouan\",\"Ka\u00efs Sa\u00efed\",\"Riadh Hentati\",\"Tunisie\"],\"articleSection\":[\"ECONOMIE\",\"Tunisie\"],\"inLanguage\":\"fr-FR\",\"potentialAction\":[{\"@type\":\"CommentAction\",\"name\":\"Comment\",\"target\":[\"https:\/\/kapitalis.com\/tunisie\/2024\/11\/27\/tunisie-quand-la-cite-medicale-des-aghlabides-sortira-t-elle-de-terre\/#respond\"]}]},{\"@type\":\"WebPage\",\"@id\":\"https:\/\/kapitalis.com\/tunisie\/2024\/11\/27\/tunisie-quand-la-cite-medicale-des-aghlabides-sortira-t-elle-de-terre\/\",\"url\":\"https:\/\/kapitalis.com\/tunisie\/2024\/11\/27\/tunisie-quand-la-cite-medicale-des-aghlabides-sortira-t-elle-de-terre\/\",\"name\":\"Tunisie\u00a0: Quand la Cit\u00e9 m\u00e9dicale des Aghlabides sortira-t-elle de terre\u00a0? - Kapitalis\",\"isPartOf\":{\"@id\":\"https:\/\/kapitalis.com\/tunisie\/#website\"},\"primaryImageOfPage\":{\"@id\":\"https:\/\/kapitalis.com\/tunisie\/2024\/11\/27\/tunisie-quand-la-cite-medicale-des-aghlabides-sortira-t-elle-de-terre\/#primaryimage\"},\"image\":{\"@id\":\"https:\/\/kapitalis.com\/tunisie\/2024\/11\/27\/tunisie-quand-la-cite-medicale-des-aghlabides-sortira-t-elle-de-terre\/#primaryimage\"},\"thumbnailUrl\":\"https:\/\/kapitalis.com\/tunisie\/wp-content\/uploads\/2024\/11\/Riadh-Hentati-Cite-medicale-de-Kairouan.jpg\",\"datePublished\":\"2024-11-27T08:03:22+00:00\",\"dateModified\":\"2024-11-27T08:11:13+00:00\",\"breadcrumb\":{\"@id\":\"https:\/\/kapitalis.com\/tunisie\/2024\/11\/27\/tunisie-quand-la-cite-medicale-des-aghlabides-sortira-t-elle-de-terre\/#breadcrumb\"},\"inLanguage\":\"fr-FR\",\"potentialAction\":[{\"@type\":\"ReadAction\",\"target\":[\"https:\/\/kapitalis.com\/tunisie\/2024\/11\/27\/tunisie-quand-la-cite-medicale-des-aghlabides-sortira-t-elle-de-terre\/\"]}]},{\"@type\":\"ImageObject\",\"inLanguage\":\"fr-FR\",\"@id\":\"https:\/\/kapitalis.com\/tunisie\/2024\/11\/27\/tunisie-quand-la-cite-medicale-des-aghlabides-sortira-t-elle-de-terre\/#primaryimage\",\"url\":\"https:\/\/kapitalis.com\/tunisie\/wp-content\/uploads\/2024\/11\/Riadh-Hentati-Cite-medicale-de-Kairouan.jpg\",\"contentUrl\":\"https:\/\/kapitalis.com\/tunisie\/wp-content\/uploads\/2024\/11\/Riadh-Hentati-Cite-medicale-de-Kairouan.jpg\",\"width\":1200,\"height\":630},{\"@type\":\"BreadcrumbList\",\"@id\":\"https:\/\/kapitalis.com\/tunisie\/2024\/11\/27\/tunisie-quand-la-cite-medicale-des-aghlabides-sortira-t-elle-de-terre\/#breadcrumb\",\"itemListElement\":[{\"@type\":\"ListItem\",\"position\":1,\"name\":\"Accueil\",\"item\":\"https:\/\/kapitalis.com\/tunisie\/\"},{\"@type\":\"ListItem\",\"position\":2,\"name\":\"Tunisie\u00a0: Quand la Cit\u00e9 m\u00e9dicale des Aghlabides sortira-t-elle de terre\u00a0?\"}]},{\"@type\":\"WebSite\",\"@id\":\"https:\/\/kapitalis.com\/tunisie\/#website\",\"url\":\"https:\/\/kapitalis.com\/tunisie\/\",\"name\":\"Kapitalis\",\"description\":\"L&#039;actualit\u00e9 en Tunisie et dans le monde\",\"publisher\":{\"@id\":\"https:\/\/kapitalis.com\/tunisie\/#organization\"},\"potentialAction\":[{\"@type\":\"SearchAction\",\"target\":{\"@type\":\"EntryPoint\",\"urlTemplate\":\"https:\/\/kapitalis.com\/tunisie\/?s={search_term_string}\"},\"query-input\":{\"@type\":\"PropertyValueSpecification\",\"valueRequired\":true,\"valueName\":\"search_term_string\"}}],\"inLanguage\":\"fr-FR\"},{\"@type\":\"Organization\",\"@id\":\"https:\/\/kapitalis.com\/tunisie\/#organization\",\"name\":\"Kapitalis\",\"url\":\"https:\/\/kapitalis.com\/tunisie\/\",\"logo\":{\"@type\":\"ImageObject\",\"inLanguage\":\"fr-FR\",\"@id\":\"https:\/\/kapitalis.com\/tunisie\/#\/schema\/logo\/image\/\",\"url\":\"https:\/\/kapitalis.com\/tunisie\/wp-content\/uploads\/2022\/05\/Kapitalis-big-size.png\",\"contentUrl\":\"https:\/\/kapitalis.com\/tunisie\/wp-content\/uploads\/2022\/05\/Kapitalis-big-size.png\",\"width\":5000,\"height\":1500,\"caption\":\"Kapitalis\"},\"image\":{\"@id\":\"https:\/\/kapitalis.com\/tunisie\/#\/schema\/logo\/image\/\"},\"sameAs\":[\"https:\/\/www.facebook.com\/KapitalisInfo\/\",\"https:\/\/x.com\/KapitalisInfo\",\"https:\/\/www.youtube.com\/channel\/UC-yDYrHyfFBWWZaOw3FPg9Q\"]},{\"@type\":\"Person\",\"@id\":\"https:\/\/kapitalis.com\/tunisie\/#\/schema\/person\/d71f33a9ca44f7bad4698210b480c8e9\",\"name\":\"webmaster kapitalis\",\"url\":\"https:\/\/kapitalis.com\/tunisie\/author\/webmaster-kapitalis\/\"}]}<\/script>\n<!-- \/ Yoast SEO plugin. -->","yoast_head_json":{"title":"Tunisie\u00a0: Quand la Cit\u00e9 m\u00e9dicale des Aghlabides sortira-t-elle de terre\u00a0? - Kapitalis","robots":{"index":"index","follow":"follow","max-snippet":"max-snippet:-1","max-image-preview":"max-image-preview:large","max-video-preview":"max-video-preview:-1"},"canonical":"https:\/\/kapitalis.com\/tunisie\/2024\/11\/27\/tunisie-quand-la-cite-medicale-des-aghlabides-sortira-t-elle-de-terre\/","og_locale":"fr_FR","og_type":"article","og_title":"Tunisie\u00a0: Quand la Cit\u00e9 m\u00e9dicale des Aghlabides sortira-t-elle de terre\u00a0? - Kapitalis","og_description":"Cinq ans apr\u00e8s, on ne peut pas dire que la r\u00e9alisation du projet de Cit\u00e9 m\u00e9dicale de Kairouan a beaucoup avanc\u00e9.","og_url":"https:\/\/kapitalis.com\/tunisie\/2024\/11\/27\/tunisie-quand-la-cite-medicale-des-aghlabides-sortira-t-elle-de-terre\/","og_site_name":"Kapitalis","article_publisher":"https:\/\/www.facebook.com\/KapitalisInfo\/","article_published_time":"2024-11-27T08:03:22+00:00","article_modified_time":"2024-11-27T08:11:13+00:00","og_image":[{"width":1200,"height":630,"url":"https:\/\/kapitalis.com\/tunisie\/wp-content\/uploads\/2024\/11\/Riadh-Hentati-Cite-medicale-de-Kairouan.jpg","type":"image\/jpeg"}],"author":"webmaster kapitalis","twitter_card":"summary_large_image","twitter_creator":"@KapitalisInfo","twitter_site":"@KapitalisInfo","twitter_misc":{"\u00c9crit par":"webmaster kapitalis","Dur\u00e9e de lecture estim\u00e9e":"2 minutes"},"schema":{"@context":"https:\/\/schema.org","@graph":[{"@type":"Article","@id":"https:\/\/kapitalis.com\/tunisie\/2024\/11\/27\/tunisie-quand-la-cite-medicale-des-aghlabides-sortira-t-elle-de-terre\/#article","isPartOf":{"@id":"https:\/\/kapitalis.com\/tunisie\/2024\/11\/27\/tunisie-quand-la-cite-medicale-des-aghlabides-sortira-t-elle-de-terre\/"},"author":{"name":"webmaster kapitalis","@id":"https:\/\/kapitalis.com\/tunisie\/#\/schema\/person\/d71f33a9ca44f7bad4698210b480c8e9"},"headline":"Tunisie\u00a0: Quand la Cit\u00e9 m\u00e9dicale des Aghlabides sortira-t-elle de terre\u00a0?","datePublished":"2024-11-27T08:03:22+00:00","dateModified":"2024-11-27T08:11:13+00:00","mainEntityOfPage":{"@id":"https:\/\/kapitalis.com\/tunisie\/2024\/11\/27\/tunisie-quand-la-cite-medicale-des-aghlabides-sortira-t-elle-de-terre\/"},"wordCount":325,"commentCount":0,"publisher":{"@id":"https:\/\/kapitalis.com\/tunisie\/#organization"},"image":{"@id":"https:\/\/kapitalis.com\/tunisie\/2024\/11\/27\/tunisie-quand-la-cite-medicale-des-aghlabides-sortira-t-elle-de-terre\/#primaryimage"},"thumbnailUrl":"https:\/\/kapitalis.com\/tunisie\/wp-content\/uploads\/2024\/11\/Riadh-Hentati-Cite-medicale-de-Kairouan.jpg","keywords":["Cit\u00e9 m\u00e9dicale des Aghlabides","Kairouan","Ka\u00efs Sa\u00efed","Riadh Hentati","Tunisie"],"articleSection":["ECONOMIE","Tunisie"],"inLanguage":"fr-FR","potentialAction":[{"@type":"CommentAction","name":"Comment","target":["https:\/\/kapitalis.com\/tunisie\/2024\/11\/27\/tunisie-quand-la-cite-medicale-des-aghlabides-sortira-t-elle-de-terre\/#respond"]}]},{"@type":"WebPage","@id":"https:\/\/kapitalis.com\/tunisie\/2024\/11\/27\/tunisie-quand-la-cite-medicale-des-aghlabides-sortira-t-elle-de-terre\/","url":"https:\/\/kapitalis.com\/tunisie\/2024\/11\/27\/tunisie-quand-la-cite-medicale-des-aghlabides-sortira-t-elle-de-terre\/","name":"Tunisie\u00a0: Quand la Cit\u00e9 m\u00e9dicale des Aghlabides sortira-t-elle de terre\u00a0? - Kapitalis","isPartOf":{"@id":"https:\/\/kapitalis.com\/tunisie\/#website"},"primaryImageOfPage":{"@id":"https:\/\/kapitalis.com\/tunisie\/2024\/11\/27\/tunisie-quand-la-cite-medicale-des-aghlabides-sortira-t-elle-de-terre\/#primaryimage"},"image":{"@id":"https:\/\/kapitalis.com\/tunisie\/2024\/11\/27\/tunisie-quand-la-cite-medicale-des-aghlabides-sortira-t-elle-de-terre\/#primaryimage"},"thumbnailUrl":"https:\/\/kapitalis.com\/tunisie\/wp-content\/uploads\/2024\/11\/Riadh-Hentati-Cite-medicale-de-Kairouan.jpg","datePublished":"2024-11-27T08:03:22+00:00","dateModified":"2024-11-27T08:11:13+00:00","breadcrumb":{"@id":"https:\/\/kapitalis.com\/tunisie\/2024\/11\/27\/tunisie-quand-la-cite-medicale-des-aghlabides-sortira-t-elle-de-terre\/#breadcrumb"},"inLanguage":"fr-FR","potentialAction":[{"@type":"ReadAction","target":["https:\/\/kapitalis.com\/tunisie\/2024\/11\/27\/tunisie-quand-la-cite-medicale-des-aghlabides-sortira-t-elle-de-terre\/"]}]},{"@type":"ImageObject","inLanguage":"fr-FR","@id":"https:\/\/kapitalis.com\/tunisie\/2024\/11\/27\/tunisie-quand-la-cite-medicale-des-aghlabides-sortira-t-elle-de-terre\/#primaryimage","url":"https:\/\/kapitalis.com\/tunisie\/wp-content\/uploads\/2024\/11\/Riadh-Hentati-Cite-medicale-de-Kairouan.jpg","contentUrl":"https:\/\/kapitalis.com\/tunisie\/wp-content\/uploads\/2024\/11\/Riadh-Hentati-Cite-medicale-de-Kairouan.jpg","width":1200,"height":630},{"@type":"BreadcrumbList","@id":"https:\/\/kapitalis.com\/tunisie\/2024\/11\/27\/tunisie-quand-la-cite-medicale-des-aghlabides-sortira-t-elle-de-terre\/#breadcrumb","itemListElement":[{"@type":"ListItem","position":1,"name":"Accueil","item":"https:\/\/kapitalis.com\/tunisie\/"},{"@type":"ListItem","position":2,"name":"Tunisie\u00a0: Quand la Cit\u00e9 m\u00e9dicale des Aghlabides sortira-t-elle de terre\u00a0?"}]},{"@type":"WebSite","@id":"https:\/\/kapitalis.com\/tunisie\/#website","url":"https:\/\/kapitalis.com\/tunisie\/","name":"Kapitalis","description":"L&#039;actualit\u00e9 en Tunisie et dans le monde","publisher":{"@id":"https:\/\/kapitalis.com\/tunisie\/#organization"},"potentialAction":[{"@type":"SearchAction","target":{"@type":"EntryPoint","urlTemplate":"https:\/\/kapitalis.com\/tunisie\/?s={search_term_string}"},"query-input":{"@type":"PropertyValueSpecification","valueRequired":true,"valueName":"search_term_string"}}],"inLanguage":"fr-FR"},{"@type":"Organization","@id":"https:\/\/kapitalis.com\/tunisie\/#organization","name":"Kapitalis","url":"https:\/\/kapitalis.com\/tunisie\/","logo":{"@type":"ImageObject","inLanguage":"fr-FR","@id":"https:\/\/kapitalis.com\/tunisie\/#\/schema\/logo\/image\/","url":"https:\/\/kapitalis.com\/tunisie\/wp-content\/uploads\/2022\/05\/Kapitalis-big-size.png","contentUrl":"https:\/\/kapitalis.com\/tunisie\/wp-content\/uploads\/2022\/05\/Kapitalis-big-size.png","width":5000,"height":1500,"caption":"Kapitalis"},"image":{"@id":"https:\/\/kapitalis.com\/tunisie\/#\/schema\/logo\/image\/"},"sameAs":["https:\/\/www.facebook.com\/KapitalisInfo\/","https:\/\/x.com\/KapitalisInfo","https:\/\/www.youtube.com\/channel\/UC-yDYrHyfFBWWZaOw3FPg9Q"]},{"@type":"Person","@id":"https:\/\/kapitalis.com\/tunisie\/#\/schema\/person\/d71f33a9ca44f7bad4698210b480c8e9","name":"webmaster kapitalis","url":"https:\/\/kapitalis.com\/tunisie\/author\/webmaster-kapitalis\/"}]}},"_links":{"self":[{"href":"https:\/\/kapitalis.com\/tunisie\/wp-json\/wp\/v2\/posts\/14732375","targetHints":{"allow":["GET"]}}],"collection":[{"href":"https:\/\/kapitalis.com\/tunisie\/wp-json\/wp\/v2\/posts"}],"about":[{"href":"https:\/\/kapitalis.com\/tunisie\/wp-json\/wp\/v2\/types\/post"}],"author":[{"embeddable":true,"href":"https:\/\/kapitalis.com\/tunisie\/wp-json\/wp\/v2\/users\/8"}],"replies":[{"embeddable":true,"href":"https:\/\/kapitalis.com\/tunisie\/wp-json\/wp\/v2\/comments?post=14732375"}],"version-history":[{"count":3,"href":"https:\/\/kapitalis.com\/tunisie\/wp-json\/wp\/v2\/posts\/14732375\/revisions"}],"predecessor-version":[{"id":14732497,"href":"https:\/\/kapitalis.com\/tunisie\/wp-json\/wp\/v2\/posts\/14732375\/revisions\/14732497"}],"wp:featuredmedia":[{"embeddable":true,"href":"https:\/\/kapitalis.com\/tunisie\/wp-json\/wp\/v2\/media\/14732427"}],"wp:attachment":[{"href":"https:\/\/kapitalis.com\/tunisie\/wp-json\/wp\/v2\/media?parent=14732375"}],"wp:term":[{"taxonomy":"category","embeddable":true,"href":"https:\/\/kapitalis.com\/tunisie\/wp-json\/wp\/v2\/categories?post=14732375"},{"taxonomy":"post_tag","embeddable":true,"href":"https:\/\/kapitalis.com\/tunisie\/wp-json\/wp\/v2\/tags?post=14732375"}],"curies":[{"name":"wp","href":"https:\/\/api.w.org\/{rel}","templated":true}]}}