{"id":147525,"date":"2018-04-07T09:20:33","date_gmt":"2018-04-07T08:20:33","guid":{"rendered":"http:\/\/kapitalis.com\/tunisie\/?p=147525"},"modified":"2018-04-07T09:20:33","modified_gmt":"2018-04-07T08:20:33","slug":"taieb-bayahi-succede-a-ahmed-bouzguenda-a-la-tete-de-liace","status":"publish","type":"post","link":"https:\/\/kapitalis.com\/tunisie\/2018\/04\/07\/taieb-bayahi-succede-a-ahmed-bouzguenda-a-la-tete-de-liace\/","title":{"rendered":"Taieb Bayahi succ\u00e8de \u00e0 Ahmed Bouzguenda \u00e0 la t\u00eate de l\u2019IACE"},"content":{"rendered":"<p style=\"text-align: center;\"><img loading=\"lazy\" decoding=\"async\" class=\"alignnone size-full wp-image-147529\" src=\"http:\/\/kapitalis.com\/tunisie\/wp-content\/uploads\/2018\/04\/Taieb-Bayahi.jpg\" alt=\"\" width=\"626\" height=\"380\" \/><\/p>\n<p><em><strong>L\u2019Institut arabe des chefs d\u2019entreprises (IACE) a \u00e9lu son nouveau comit\u00e9 directeur. Taieb Bayahi succ\u00e8de \u00e0 Ahmed Bouzguenda \u00e0 la t\u00eate de ce business think-tank.<\/strong><\/em><\/p>\n<p><!--more--><\/p>\n<p>L\u2019Assembl\u00e9e g\u00e9n\u00e9rale ordinaire \u00e9lective de l\u2019Institut arabe des chefs d\u2019entreprises (IACE) s\u2019est tenue, hier, vendredi 6 avril 2018, \u00e0 la Maison de l\u2019Entreprise, aux Berges du Lac de Tunis.<\/p>\n<p>Conform\u00e9ment \u00e0 l\u2019article 32 du r\u00e8glement int\u00e9rieur, le comit\u00e9 directeur avait nomm\u00e9 Me Sami Kallel comme pr\u00e9sident du comit\u00e9 ind\u00e9pendant de supervision des \u00e9lections. Ce dernier, a, ainsi compos\u00e9 son comit\u00e9 par Rafi Achour, juge administratif et Khaled Mnif, expert comptable.<\/p>\n<p>Ces \u00e9lections arrivent \u00e0 l\u2019issue d\u2019un deuxi\u00e8me et dernier mandat pr\u00e9sid\u00e9 par Ahmed Bouzguenda.<\/p>\n<p>En effet, comme \u00e0 l\u2019accoutum\u00e9e et conform\u00e9ment \u00e0 son statut, l\u2019IACE organise ses \u00e9lections tous les 3 ans, et son pr\u00e9sident ne doit pas cumuler plus de 2 mandats cons\u00e9cutifs.<\/p>\n<h3>R\u00e9partition des t\u00e2ches dans le nouveau comit\u00e9 directeur<\/h3>\n<p>\u00c0 l\u2019issue des \u00e9lections, a \u00e9t\u00e9 tenue la premi\u00e8re r\u00e9union du comit\u00e9 directeur pour le mandat 2018-2022, et ce pour la r\u00e9partition des r\u00f4les suivante : <em><strong>Taieb Bayahi<\/strong><\/em> (TPS, pr\u00e9sident); <em><strong>Walid El Hadj Amor<\/strong><\/em> (Comete Engineering, vice-pr\u00e9sident), <em><strong>Mohamed Bridaa<\/strong><\/em> (Microsoft Tunisie, vice-pr\u00e9sident); <em><strong>Ahmed El Karm<\/strong><\/em> (Amen Bank, tr\u00e9sorier); <em><strong>Youssef Kortobi<\/strong> <\/em>(AFC, vice-tr\u00e9sorier); <em><strong>Ahmed Masmoudi<\/strong> <\/em>(P\u00e2tisserie Masmoudi, pr\u00e9sident de la Section de Sfax); <em><strong>Mohamed B\u00e9cheur<\/strong> <\/em>(Diar Andalous, pr\u00e9sident de la Section du Centre); <em><strong>Habib Belhadj Gouider<\/strong> <\/em>(BNA, pr\u00e9sident du Centre d\u2019Entrepreneuriat); <em><strong>Amine Ben Ayed<\/strong><\/em> (Misfat, pr\u00e9sident du Centre tunisien des entreprises familiales); <em><strong>Ibrahim Debache<\/strong><\/em> (Ennakl, pr\u00e9sident du Centre tunisien de la gouvernance d\u2019entreprise); <em><strong>Nafaa Ennaifer<\/strong><\/em> (TF PROD, pr\u00e9sident du Centre tunisien de veille et d\u2019intelligence \u00e9conomique); <em><strong>Mohamed Chaabouni<\/strong> <\/em>(Vivo Energy Tunisie, pr\u00e9sident du Centre d\u2019emploi); <em><strong>Lassaad Karray<\/strong><\/em> (Medichem, pr\u00e9sident du Centre tunisien de fiscalit\u00e9 d\u2019entreprise); <em><strong>Zoubeir Chaieb<\/strong> <\/em>(Aetech, pr\u00e9sident du Centre de formation); <em><strong>Jelil Bouraoui<\/strong><\/em> (Moore Stephens Jelil Bouraoui &amp; CO, pr\u00e9sident de la Commission d\u2019audit et de gouvernance); <em><strong>Peter Bismuth<\/strong> <\/em>(CSC, pr\u00e9sident de la Commission des relations internationales); <em><strong>Habib Kamoun<\/strong><\/em> (Mehari Beach, pr\u00e9sident de la Commission des structures et des sections);<em><strong> Hedi Karim Sellami<\/strong> <\/em>(Tunisie C\u00e2bles, pr\u00e9sident de la Commission d\u2019ah\u00e9sion et relation membres); <em><strong>Ali Kooli<\/strong><\/em> (ABC Bank, pr\u00e9sident de la Commission de plaidoirie); <em><strong>Slim Zeghal<\/strong><\/em> (Altea Packaging, pr\u00e9sident de la Commission des relations avec les organisations internationales et la soci\u00e9t\u00e9 civile).<\/p>\n<h3>Les axes de la nouvelle strat\u00e9gie<\/h3>\n<p>Lors de sa premi\u00e8re R\u00e9union, le nouveau comit\u00e9 a donn\u00e9 les grands axes de sa strat\u00e9gie assurant \u00e0 la fois la continuit\u00e9 et distinguant trois axes majeurs.<\/p>\n<p>Le premier axe concerne la consolidation. L\u2019IACE a pour objectif d\u2019asseoir sa notori\u00e9t\u00e9 en tant que business think-tank et ce \u00e0 travers ses travaux et son r\u00e9seau. Ainsi, afin de confirmer sa place en tant que tel, l\u2019IACE continue dans la lign\u00e9e des initiatives qui ont \u00e9t\u00e9 lanc\u00e9es ces derni\u00e8res ann\u00e9es et travaille sur la consolidation de ses positions pour promouvoir des id\u00e9es innovantes et porteuses de changement.<\/p>\n<p>Deuxi\u00e8me axe, le d\u00e9veloppement. Dans un souci d\u2019assurer plus de couverture r\u00e9gionale; avec sa section de Sfax, ses quatre centres d\u2019entrepreneuriat et emploi qui sont d\u00e9ploy\u00e9s sur les r\u00e9gions du Kef, Kairouan, Sidi Bouzid et Gafsa, l\u2019IACE compte \u00e9largir son r\u00e9seau et se d\u00e9velopper davantage en cr\u00e9ant une section sur le centre, et ult\u00e9rieurement, dans deux autres r\u00e9gions.<\/p>\n<p>Et le troisi\u00e8me axe concerne la plaidoirie. Ainsi, \u00e0 travers ses publications et travaux, l\u2019IACE contribue \u00e0 l\u2019\u00e9valuation de r\u00e9glementations, des proc\u00e9dures, des lois qui entraveraient le bon fonctionnement du secteur priv\u00e9. Elle essaie d\u2019instaurer des bonnes pratiques \u00e0 travers l\u2019\u00e9laboration de guides et soutient \u00e0 travers des efforts de plaidoirie, les r\u00e9formes \u00e9conomiques.<\/p>\n<p>Avec ce nouveau mandat, le nouveau comit\u00e9 directeur, va continuer \u00e0 porter le flambeau haut et agir pour le changement, vers une meilleure \u00e9conomie.<\/p>\n<p><em><strong>Source<\/strong><\/em> : communiqu\u00e9.<\/p>\n","protected":false},"excerpt":{"rendered":"<p>L\u2019Institut arabe des chefs d\u2019entreprises (IACE) a \u00e9lu son nouveau comit\u00e9 directeur. Taieb Bayahi succ\u00e8de \u00e0 Ahmed Bouzguenda \u00e0 la t\u00eate de ce business think-tank.<\/p>\n","protected":false},"author":8,"featured_media":147529,"comment_status":"open","ping_status":"open","sticky":false,"template":"","format":"standard","meta":{"footnotes":""},"categories":[995,2433],"tags":[52,31669,460,7010],"class_list":["post-147525","post","type-post","status-publish","format-standard","has-post-thumbnail","hentry","category-economie","category-tunisie","tag-ahmed-bouzguenda","tag-ahmed-el-karm","tag-iace","tag-institut-arabe-des-chefs-dentreprises"],"yoast_head":"<!-- This site is optimized with the Yoast SEO plugin v26.6 - https:\/\/yoast.com\/wordpress\/plugins\/seo\/ -->\n<title>Taieb Bayahi succ\u00e8de \u00e0 Ahmed Bouzguenda \u00e0 la t\u00eate de l\u2019IACE - Kapitalis<\/title>\n<meta name=\"robots\" content=\"index, follow, max-snippet:-1, max-image-preview:large, max-video-preview:-1\" \/>\n<link rel=\"canonical\" href=\"https:\/\/kapitalis.com\/tunisie\/2018\/04\/07\/taieb-bayahi-succede-a-ahmed-bouzguenda-a-la-tete-de-liace\/\" \/>\n<meta property=\"og:locale\" content=\"fr_FR\" \/>\n<meta property=\"og:type\" content=\"article\" \/>\n<meta property=\"og:title\" content=\"Taieb Bayahi succ\u00e8de \u00e0 Ahmed Bouzguenda \u00e0 la t\u00eate de l\u2019IACE - Kapitalis\" \/>\n<meta property=\"og:description\" content=\"L\u2019Institut arabe des chefs d\u2019entreprises (IACE) a \u00e9lu son nouveau comit\u00e9 directeur. Taieb Bayahi succ\u00e8de \u00e0 Ahmed Bouzguenda \u00e0 la t\u00eate de ce business think-tank.\" \/>\n<meta property=\"og:url\" content=\"https:\/\/kapitalis.com\/tunisie\/2018\/04\/07\/taieb-bayahi-succede-a-ahmed-bouzguenda-a-la-tete-de-liace\/\" \/>\n<meta property=\"og:site_name\" content=\"Kapitalis\" \/>\n<meta property=\"article:publisher\" content=\"https:\/\/www.facebook.com\/KapitalisInfo\/\" \/>\n<meta property=\"article:published_time\" content=\"2018-04-07T08:20:33+00:00\" \/>\n<meta property=\"og:image\" content=\"https:\/\/kapitalis.com\/tunisie\/wp-content\/uploads\/2022\/05\/kapitalis-logo-fb.png\" \/>\n\t<meta property=\"og:image:width\" content=\"1200\" \/>\n\t<meta property=\"og:image:height\" content=\"630\" \/>\n\t<meta property=\"og:image:type\" content=\"image\/png\" \/>\n<meta name=\"author\" content=\"webmaster kapitalis\" \/>\n<meta name=\"twitter:card\" content=\"summary_large_image\" \/>\n<meta name=\"twitter:creator\" content=\"@KapitalisInfo\" \/>\n<meta name=\"twitter:site\" content=\"@KapitalisInfo\" \/>\n<meta name=\"twitter:label1\" content=\"\u00c9crit par\" \/>\n\t<meta name=\"twitter:data1\" content=\"webmaster kapitalis\" \/>\n\t<meta name=\"twitter:label2\" content=\"Dur\u00e9e de lecture estim\u00e9e\" \/>\n\t<meta name=\"twitter:data2\" content=\"3 minutes\" \/>\n<script type=\"application\/ld+json\" class=\"yoast-schema-graph\">{\"@context\":\"https:\/\/schema.org\",\"@graph\":[{\"@type\":\"Article\",\"@id\":\"https:\/\/kapitalis.com\/tunisie\/2018\/04\/07\/taieb-bayahi-succede-a-ahmed-bouzguenda-a-la-tete-de-liace\/#article\",\"isPartOf\":{\"@id\":\"https:\/\/kapitalis.com\/tunisie\/2018\/04\/07\/taieb-bayahi-succede-a-ahmed-bouzguenda-a-la-tete-de-liace\/\"},\"author\":{\"name\":\"webmaster kapitalis\",\"@id\":\"https:\/\/kapitalis.com\/tunisie\/#\/schema\/person\/d71f33a9ca44f7bad4698210b480c8e9\"},\"headline\":\"Taieb Bayahi succ\u00e8de \u00e0 Ahmed Bouzguenda \u00e0 la t\u00eate de l\u2019IACE\",\"datePublished\":\"2018-04-07T08:20:33+00:00\",\"mainEntityOfPage\":{\"@id\":\"https:\/\/kapitalis.com\/tunisie\/2018\/04\/07\/taieb-bayahi-succede-a-ahmed-bouzguenda-a-la-tete-de-liace\/\"},\"wordCount\":702,\"commentCount\":1,\"publisher\":{\"@id\":\"https:\/\/kapitalis.com\/tunisie\/#organization\"},\"image\":{\"@id\":\"https:\/\/kapitalis.com\/tunisie\/2018\/04\/07\/taieb-bayahi-succede-a-ahmed-bouzguenda-a-la-tete-de-liace\/#primaryimage\"},\"thumbnailUrl\":\"\",\"keywords\":[\"Ahmed Bouzguenda\",\"Ahmed El Karm\",\"IACE\",\"Institut Arabe des Chefs d'Entreprises\"],\"articleSection\":[\"ECONOMIE\",\"Tunisie\"],\"inLanguage\":\"fr-FR\",\"potentialAction\":[{\"@type\":\"CommentAction\",\"name\":\"Comment\",\"target\":[\"https:\/\/kapitalis.com\/tunisie\/2018\/04\/07\/taieb-bayahi-succede-a-ahmed-bouzguenda-a-la-tete-de-liace\/#respond\"]}]},{\"@type\":\"WebPage\",\"@id\":\"https:\/\/kapitalis.com\/tunisie\/2018\/04\/07\/taieb-bayahi-succede-a-ahmed-bouzguenda-a-la-tete-de-liace\/\",\"url\":\"https:\/\/kapitalis.com\/tunisie\/2018\/04\/07\/taieb-bayahi-succede-a-ahmed-bouzguenda-a-la-tete-de-liace\/\",\"name\":\"Taieb Bayahi succ\u00e8de \u00e0 Ahmed Bouzguenda \u00e0 la t\u00eate de l\u2019IACE - Kapitalis\",\"isPartOf\":{\"@id\":\"https:\/\/kapitalis.com\/tunisie\/#website\"},\"primaryImageOfPage\":{\"@id\":\"https:\/\/kapitalis.com\/tunisie\/2018\/04\/07\/taieb-bayahi-succede-a-ahmed-bouzguenda-a-la-tete-de-liace\/#primaryimage\"},\"image\":{\"@id\":\"https:\/\/kapitalis.com\/tunisie\/2018\/04\/07\/taieb-bayahi-succede-a-ahmed-bouzguenda-a-la-tete-de-liace\/#primaryimage\"},\"thumbnailUrl\":\"\",\"datePublished\":\"2018-04-07T08:20:33+00:00\",\"breadcrumb\":{\"@id\":\"https:\/\/kapitalis.com\/tunisie\/2018\/04\/07\/taieb-bayahi-succede-a-ahmed-bouzguenda-a-la-tete-de-liace\/#breadcrumb\"},\"inLanguage\":\"fr-FR\",\"potentialAction\":[{\"@type\":\"ReadAction\",\"target\":[\"https:\/\/kapitalis.com\/tunisie\/2018\/04\/07\/taieb-bayahi-succede-a-ahmed-bouzguenda-a-la-tete-de-liace\/\"]}]},{\"@type\":\"ImageObject\",\"inLanguage\":\"fr-FR\",\"@id\":\"https:\/\/kapitalis.com\/tunisie\/2018\/04\/07\/taieb-bayahi-succede-a-ahmed-bouzguenda-a-la-tete-de-liace\/#primaryimage\",\"url\":\"\",\"contentUrl\":\"\"},{\"@type\":\"BreadcrumbList\",\"@id\":\"https:\/\/kapitalis.com\/tunisie\/2018\/04\/07\/taieb-bayahi-succede-a-ahmed-bouzguenda-a-la-tete-de-liace\/#breadcrumb\",\"itemListElement\":[{\"@type\":\"ListItem\",\"position\":1,\"name\":\"Accueil\",\"item\":\"https:\/\/kapitalis.com\/tunisie\/\"},{\"@type\":\"ListItem\",\"position\":2,\"name\":\"Taieb Bayahi succ\u00e8de \u00e0 Ahmed Bouzguenda \u00e0 la t\u00eate de l\u2019IACE\"}]},{\"@type\":\"WebSite\",\"@id\":\"https:\/\/kapitalis.com\/tunisie\/#website\",\"url\":\"https:\/\/kapitalis.com\/tunisie\/\",\"name\":\"Kapitalis\",\"description\":\"L&#039;actualit\u00e9 en Tunisie et dans le monde\",\"publisher\":{\"@id\":\"https:\/\/kapitalis.com\/tunisie\/#organization\"},\"potentialAction\":[{\"@type\":\"SearchAction\",\"target\":{\"@type\":\"EntryPoint\",\"urlTemplate\":\"https:\/\/kapitalis.com\/tunisie\/?s={search_term_string}\"},\"query-input\":{\"@type\":\"PropertyValueSpecification\",\"valueRequired\":true,\"valueName\":\"search_term_string\"}}],\"inLanguage\":\"fr-FR\"},{\"@type\":\"Organization\",\"@id\":\"https:\/\/kapitalis.com\/tunisie\/#organization\",\"name\":\"Kapitalis\",\"url\":\"https:\/\/kapitalis.com\/tunisie\/\",\"logo\":{\"@type\":\"ImageObject\",\"inLanguage\":\"fr-FR\",\"@id\":\"https:\/\/kapitalis.com\/tunisie\/#\/schema\/logo\/image\/\",\"url\":\"https:\/\/kapitalis.com\/tunisie\/wp-content\/uploads\/2022\/05\/Kapitalis-big-size.png\",\"contentUrl\":\"https:\/\/kapitalis.com\/tunisie\/wp-content\/uploads\/2022\/05\/Kapitalis-big-size.png\",\"width\":5000,\"height\":1500,\"caption\":\"Kapitalis\"},\"image\":{\"@id\":\"https:\/\/kapitalis.com\/tunisie\/#\/schema\/logo\/image\/\"},\"sameAs\":[\"https:\/\/www.facebook.com\/KapitalisInfo\/\",\"https:\/\/x.com\/KapitalisInfo\",\"https:\/\/www.youtube.com\/channel\/UC-yDYrHyfFBWWZaOw3FPg9Q\"]},{\"@type\":\"Person\",\"@id\":\"https:\/\/kapitalis.com\/tunisie\/#\/schema\/person\/d71f33a9ca44f7bad4698210b480c8e9\",\"name\":\"webmaster kapitalis\",\"url\":\"https:\/\/kapitalis.com\/tunisie\/author\/webmaster-kapitalis\/\"}]}<\/script>\n<!-- \/ Yoast SEO plugin. -->","yoast_head_json":{"title":"Taieb Bayahi succ\u00e8de \u00e0 Ahmed Bouzguenda \u00e0 la t\u00eate de l\u2019IACE - Kapitalis","robots":{"index":"index","follow":"follow","max-snippet":"max-snippet:-1","max-image-preview":"max-image-preview:large","max-video-preview":"max-video-preview:-1"},"canonical":"https:\/\/kapitalis.com\/tunisie\/2018\/04\/07\/taieb-bayahi-succede-a-ahmed-bouzguenda-a-la-tete-de-liace\/","og_locale":"fr_FR","og_type":"article","og_title":"Taieb Bayahi succ\u00e8de \u00e0 Ahmed Bouzguenda \u00e0 la t\u00eate de l\u2019IACE - Kapitalis","og_description":"L\u2019Institut arabe des chefs d\u2019entreprises (IACE) a \u00e9lu son nouveau comit\u00e9 directeur. Taieb Bayahi succ\u00e8de \u00e0 Ahmed Bouzguenda \u00e0 la t\u00eate de ce business think-tank.","og_url":"https:\/\/kapitalis.com\/tunisie\/2018\/04\/07\/taieb-bayahi-succede-a-ahmed-bouzguenda-a-la-tete-de-liace\/","og_site_name":"Kapitalis","article_publisher":"https:\/\/www.facebook.com\/KapitalisInfo\/","article_published_time":"2018-04-07T08:20:33+00:00","og_image":[{"width":1200,"height":630,"url":"https:\/\/kapitalis.com\/tunisie\/wp-content\/uploads\/2022\/05\/kapitalis-logo-fb.png","type":"image\/png"}],"author":"webmaster kapitalis","twitter_card":"summary_large_image","twitter_creator":"@KapitalisInfo","twitter_site":"@KapitalisInfo","twitter_misc":{"\u00c9crit par":"webmaster kapitalis","Dur\u00e9e de lecture estim\u00e9e":"3 minutes"},"schema":{"@context":"https:\/\/schema.org","@graph":[{"@type":"Article","@id":"https:\/\/kapitalis.com\/tunisie\/2018\/04\/07\/taieb-bayahi-succede-a-ahmed-bouzguenda-a-la-tete-de-liace\/#article","isPartOf":{"@id":"https:\/\/kapitalis.com\/tunisie\/2018\/04\/07\/taieb-bayahi-succede-a-ahmed-bouzguenda-a-la-tete-de-liace\/"},"author":{"name":"webmaster kapitalis","@id":"https:\/\/kapitalis.com\/tunisie\/#\/schema\/person\/d71f33a9ca44f7bad4698210b480c8e9"},"headline":"Taieb Bayahi succ\u00e8de \u00e0 Ahmed Bouzguenda \u00e0 la t\u00eate de l\u2019IACE","datePublished":"2018-04-07T08:20:33+00:00","mainEntityOfPage":{"@id":"https:\/\/kapitalis.com\/tunisie\/2018\/04\/07\/taieb-bayahi-succede-a-ahmed-bouzguenda-a-la-tete-de-liace\/"},"wordCount":702,"commentCount":1,"publisher":{"@id":"https:\/\/kapitalis.com\/tunisie\/#organization"},"image":{"@id":"https:\/\/kapitalis.com\/tunisie\/2018\/04\/07\/taieb-bayahi-succede-a-ahmed-bouzguenda-a-la-tete-de-liace\/#primaryimage"},"thumbnailUrl":"","keywords":["Ahmed Bouzguenda","Ahmed El Karm","IACE","Institut Arabe des Chefs d'Entreprises"],"articleSection":["ECONOMIE","Tunisie"],"inLanguage":"fr-FR","potentialAction":[{"@type":"CommentAction","name":"Comment","target":["https:\/\/kapitalis.com\/tunisie\/2018\/04\/07\/taieb-bayahi-succede-a-ahmed-bouzguenda-a-la-tete-de-liace\/#respond"]}]},{"@type":"WebPage","@id":"https:\/\/kapitalis.com\/tunisie\/2018\/04\/07\/taieb-bayahi-succede-a-ahmed-bouzguenda-a-la-tete-de-liace\/","url":"https:\/\/kapitalis.com\/tunisie\/2018\/04\/07\/taieb-bayahi-succede-a-ahmed-bouzguenda-a-la-tete-de-liace\/","name":"Taieb Bayahi succ\u00e8de \u00e0 Ahmed Bouzguenda \u00e0 la t\u00eate de l\u2019IACE - Kapitalis","isPartOf":{"@id":"https:\/\/kapitalis.com\/tunisie\/#website"},"primaryImageOfPage":{"@id":"https:\/\/kapitalis.com\/tunisie\/2018\/04\/07\/taieb-bayahi-succede-a-ahmed-bouzguenda-a-la-tete-de-liace\/#primaryimage"},"image":{"@id":"https:\/\/kapitalis.com\/tunisie\/2018\/04\/07\/taieb-bayahi-succede-a-ahmed-bouzguenda-a-la-tete-de-liace\/#primaryimage"},"thumbnailUrl":"","datePublished":"2018-04-07T08:20:33+00:00","breadcrumb":{"@id":"https:\/\/kapitalis.com\/tunisie\/2018\/04\/07\/taieb-bayahi-succede-a-ahmed-bouzguenda-a-la-tete-de-liace\/#breadcrumb"},"inLanguage":"fr-FR","potentialAction":[{"@type":"ReadAction","target":["https:\/\/kapitalis.com\/tunisie\/2018\/04\/07\/taieb-bayahi-succede-a-ahmed-bouzguenda-a-la-tete-de-liace\/"]}]},{"@type":"ImageObject","inLanguage":"fr-FR","@id":"https:\/\/kapitalis.com\/tunisie\/2018\/04\/07\/taieb-bayahi-succede-a-ahmed-bouzguenda-a-la-tete-de-liace\/#primaryimage","url":"","contentUrl":""},{"@type":"BreadcrumbList","@id":"https:\/\/kapitalis.com\/tunisie\/2018\/04\/07\/taieb-bayahi-succede-a-ahmed-bouzguenda-a-la-tete-de-liace\/#breadcrumb","itemListElement":[{"@type":"ListItem","position":1,"name":"Accueil","item":"https:\/\/kapitalis.com\/tunisie\/"},{"@type":"ListItem","position":2,"name":"Taieb Bayahi succ\u00e8de \u00e0 Ahmed Bouzguenda \u00e0 la t\u00eate de l\u2019IACE"}]},{"@type":"WebSite","@id":"https:\/\/kapitalis.com\/tunisie\/#website","url":"https:\/\/kapitalis.com\/tunisie\/","name":"Kapitalis","description":"L&#039;actualit\u00e9 en Tunisie et dans le monde","publisher":{"@id":"https:\/\/kapitalis.com\/tunisie\/#organization"},"potentialAction":[{"@type":"SearchAction","target":{"@type":"EntryPoint","urlTemplate":"https:\/\/kapitalis.com\/tunisie\/?s={search_term_string}"},"query-input":{"@type":"PropertyValueSpecification","valueRequired":true,"valueName":"search_term_string"}}],"inLanguage":"fr-FR"},{"@type":"Organization","@id":"https:\/\/kapitalis.com\/tunisie\/#organization","name":"Kapitalis","url":"https:\/\/kapitalis.com\/tunisie\/","logo":{"@type":"ImageObject","inLanguage":"fr-FR","@id":"https:\/\/kapitalis.com\/tunisie\/#\/schema\/logo\/image\/","url":"https:\/\/kapitalis.com\/tunisie\/wp-content\/uploads\/2022\/05\/Kapitalis-big-size.png","contentUrl":"https:\/\/kapitalis.com\/tunisie\/wp-content\/uploads\/2022\/05\/Kapitalis-big-size.png","width":5000,"height":1500,"caption":"Kapitalis"},"image":{"@id":"https:\/\/kapitalis.com\/tunisie\/#\/schema\/logo\/image\/"},"sameAs":["https:\/\/www.facebook.com\/KapitalisInfo\/","https:\/\/x.com\/KapitalisInfo","https:\/\/www.youtube.com\/channel\/UC-yDYrHyfFBWWZaOw3FPg9Q"]},{"@type":"Person","@id":"https:\/\/kapitalis.com\/tunisie\/#\/schema\/person\/d71f33a9ca44f7bad4698210b480c8e9","name":"webmaster kapitalis","url":"https:\/\/kapitalis.com\/tunisie\/author\/webmaster-kapitalis\/"}]}},"_links":{"self":[{"href":"https:\/\/kapitalis.com\/tunisie\/wp-json\/wp\/v2\/posts\/147525","targetHints":{"allow":["GET"]}}],"collection":[{"href":"https:\/\/kapitalis.com\/tunisie\/wp-json\/wp\/v2\/posts"}],"about":[{"href":"https:\/\/kapitalis.com\/tunisie\/wp-json\/wp\/v2\/types\/post"}],"author":[{"embeddable":true,"href":"https:\/\/kapitalis.com\/tunisie\/wp-json\/wp\/v2\/users\/8"}],"replies":[{"embeddable":true,"href":"https:\/\/kapitalis.com\/tunisie\/wp-json\/wp\/v2\/comments?post=147525"}],"version-history":[{"count":0,"href":"https:\/\/kapitalis.com\/tunisie\/wp-json\/wp\/v2\/posts\/147525\/revisions"}],"wp:featuredmedia":[{"embeddable":true,"href":"https:\/\/kapitalis.com\/tunisie\/wp-json\/wp\/v2\/media\/147529"}],"wp:attachment":[{"href":"https:\/\/kapitalis.com\/tunisie\/wp-json\/wp\/v2\/media?parent=147525"}],"wp:term":[{"taxonomy":"category","embeddable":true,"href":"https:\/\/kapitalis.com\/tunisie\/wp-json\/wp\/v2\/categories?post=147525"},{"taxonomy":"post_tag","embeddable":true,"href":"https:\/\/kapitalis.com\/tunisie\/wp-json\/wp\/v2\/tags?post=147525"}],"curies":[{"name":"wp","href":"https:\/\/api.w.org\/{rel}","templated":true}]}}