{"id":14803638,"date":"2024-12-05T12:25:43","date_gmt":"2024-12-05T11:25:43","guid":{"rendered":"https:\/\/kapitalis.com\/tunisie\/?p=14803638"},"modified":"2024-12-05T12:25:45","modified_gmt":"2024-12-05T11:25:45","slug":"tunisie-saied-denonce-la-corruption-dans-le-secteur-des-technologies","status":"publish","type":"post","link":"https:\/\/kapitalis.com\/tunisie\/2024\/12\/05\/tunisie-saied-denonce-la-corruption-dans-le-secteur-des-technologies\/","title":{"rendered":"Tunisie\u00a0: Sa\u00efed d\u00e9nonce la corruption dans le secteur des technologies \u00a0"},"content":{"rendered":"\n<p><strong><em>Ka\u00efs Sa\u00efed a soulign\u00e9 la n\u00e9cessit\u00e9 de \u00abpurger\u00bb le minist\u00e8re des Technologies de la Communication de ceux qui l\u2019avaient infiltr\u00e9 afin de servir les int\u00e9r\u00eats de parties qui s\u2019y bousculaient depuis 2011 pour contr\u00f4ler ses services du d\u00e9partement.<\/em><\/strong><\/p>\n\n\n\n<!--more-->\n\n\n\n<p>Le pr\u00e9sident de la r\u00e9publique fait-il ici allusion au mouvement islamiste Ennahdha, dont les principaux dirigeants sont en prison depuis pr\u00e8s de deux ans, poursuivis en justice dans plusieurs affaires, et \u00e0 ses alli\u00e9s qui ont gouvern\u00e9 la Tunisie entre 2011 et 2021, date de son accession \u00e0 la magistrature supr\u00eame? Les propos de Sa\u00efed le laissent, en tout cas, deviner\u2026<\/p>\n\n\n\n<p>Recevant le ministre des Technologies de la communication, Sofiene Hemissi, mercredi 4 d\u00e9cembre 2024, au Palais de Carthage, le pr\u00e9sident de la r\u00e9publique a, \u00e9galement, insist\u00e9 sur l\u2019extr\u00eame importance de la cyber-s\u00e9curit\u00e9, qu\u2019il consid\u00e8re comme faisant partie de la s\u00e9curit\u00e9 nationale, et sur la n\u00e9cessit\u00e9 de s\u00e9curiser le cyber-espace sur les plans int\u00e9rieur et extr\u00e9ieur, car cet espace, a-t-il dit, ne conna\u00eet pas de fronti\u00e8res. <\/p>\n\n\n\n<p>tout en appelant \u00e0 am\u00e9liorer les services dans les bureaux de poste et de recruter des agents charg\u00e9s de les fournir aux citoyens dans les meilleures conditions.<\/p>\n\n\n\n<p>Le chef de l\u2019Etat a, par ailleurs, d\u00e9plor\u00e9 la d\u00e9t\u00e9rioration de la situation de nombreux p\u00f4les technologiques, devenus des repaires pour la corruption, estimant que la technologie n\u2019a pas toujours \u00e9t\u00e9 utilis\u00e9e au service de la nation, lit-on dans le communiqu\u00e9 de la pr\u00e9sidence de la r\u00e9publique, qui reste myst\u00e9rieux sur l\u2019identit\u00e9 des suppos\u00e9s <em>\u00abinfiltr\u00e9s\u00bb<\/em> qui servent des int\u00e9r\u00eats particuliers ou \u00e9trangers dans un domaine relevant, selon lui, de la s\u00e9curit\u00e9 nationale.<\/p>\n\n\n\n<p>Sa\u00efed a enfin ordonn\u00e9 <em>\u00abl\u2019ouverture du dossier du Centre d\u2019\u00e9tudes et de recherche des t\u00e9l\u00e9communications (Cert) qui a connu lui aussi des d\u00e9passements portant atteinte \u00e0 la s\u00e9curit\u00e9 nationale\u00bb<\/em>. &nbsp;<\/p>\n\n\n\n<p>Doit-on s\u2019attendre \u00e0 de nouvelles arrestations, enqu\u00eates judiciaires et proc\u00e8s \u00e0 l\u2019encontre de certains op\u00e9rateurs et responsables du secteur&nbsp;?<\/p>\n\n\n\n<p>Les propos du pr\u00e9sident ne laissent aucun doute \u00e0 ce sujet, en attendant d\u2019en savoir davantage sur les <em>\u00abd\u00e9passements\u00bb<\/em> en question.<\/p>\n\n\n\n<p class=\"has-text-align-right\"><strong>I. B. \u00a0<\/strong><\/p>\n","protected":false},"excerpt":{"rendered":"<p>Ka\u00efs Sa\u00efed a soulign\u00e9 la n\u00e9cessit\u00e9 de \u00abpurger\u00bb le minist\u00e8re des Technologies de la Communication de ceux qui l\u2019avaient infiltr\u00e9. <\/p>\n","protected":false},"author":8,"featured_media":14803755,"comment_status":"open","ping_status":"open","sticky":false,"template":"","format":"standard","meta":{"footnotes":""},"categories":[995,997,2433],"tags":[115400,119369,49543,78464,6090,119206,85474],"class_list":["post-14803638","post","type-post","status-publish","format-standard","has-post-thumbnail","hentry","category-economie","category-politique","category-tunisie","tag-cert","tag-cuber-securite","tag-ennahdha","tag-kais-saied-4","tag-securite-nationale","tag-sofiene-hemissi-2","tag-technologies-de-la-communication"],"yoast_head":"<!-- This site is optimized with the Yoast SEO plugin v26.6 - https:\/\/yoast.com\/wordpress\/plugins\/seo\/ -->\n<title>Tunisie\u00a0: Sa\u00efed d\u00e9nonce la corruption dans le secteur des technologies \u00a0 - Kapitalis<\/title>\n<meta name=\"robots\" content=\"index, follow, max-snippet:-1, max-image-preview:large, max-video-preview:-1\" \/>\n<link rel=\"canonical\" href=\"https:\/\/kapitalis.com\/tunisie\/2024\/12\/05\/tunisie-saied-denonce-la-corruption-dans-le-secteur-des-technologies\/\" \/>\n<meta property=\"og:locale\" content=\"fr_FR\" \/>\n<meta property=\"og:type\" content=\"article\" \/>\n<meta property=\"og:title\" content=\"Tunisie\u00a0: Sa\u00efed d\u00e9nonce la corruption dans le secteur des technologies \u00a0 - Kapitalis\" \/>\n<meta property=\"og:description\" content=\"Ka\u00efs Sa\u00efed a soulign\u00e9 la n\u00e9cessit\u00e9 de \u00abpurger\u00bb le minist\u00e8re des Technologies de la Communication de ceux qui l\u2019avaient infiltr\u00e9.\" \/>\n<meta property=\"og:url\" content=\"https:\/\/kapitalis.com\/tunisie\/2024\/12\/05\/tunisie-saied-denonce-la-corruption-dans-le-secteur-des-technologies\/\" \/>\n<meta property=\"og:site_name\" content=\"Kapitalis\" \/>\n<meta property=\"article:publisher\" content=\"https:\/\/www.facebook.com\/KapitalisInfo\/\" \/>\n<meta property=\"article:published_time\" content=\"2024-12-05T11:25:43+00:00\" \/>\n<meta property=\"article:modified_time\" content=\"2024-12-05T11:25:45+00:00\" \/>\n<meta property=\"og:image\" content=\"https:\/\/kapitalis.com\/tunisie\/wp-content\/uploads\/2024\/12\/Kais-Saied-Sofiene-Hemissi.jpg\" \/>\n\t<meta property=\"og:image:width\" content=\"1200\" \/>\n\t<meta property=\"og:image:height\" content=\"630\" \/>\n\t<meta property=\"og:image:type\" content=\"image\/jpeg\" \/>\n<meta name=\"author\" content=\"webmaster kapitalis\" \/>\n<meta name=\"twitter:card\" content=\"summary_large_image\" \/>\n<meta name=\"twitter:creator\" content=\"@KapitalisInfo\" \/>\n<meta name=\"twitter:site\" content=\"@KapitalisInfo\" \/>\n<meta name=\"twitter:label1\" content=\"\u00c9crit par\" \/>\n\t<meta name=\"twitter:data1\" content=\"webmaster kapitalis\" \/>\n\t<meta name=\"twitter:label2\" content=\"Dur\u00e9e de lecture estim\u00e9e\" \/>\n\t<meta name=\"twitter:data2\" content=\"2 minutes\" \/>\n<script type=\"application\/ld+json\" class=\"yoast-schema-graph\">{\"@context\":\"https:\/\/schema.org\",\"@graph\":[{\"@type\":\"Article\",\"@id\":\"https:\/\/kapitalis.com\/tunisie\/2024\/12\/05\/tunisie-saied-denonce-la-corruption-dans-le-secteur-des-technologies\/#article\",\"isPartOf\":{\"@id\":\"https:\/\/kapitalis.com\/tunisie\/2024\/12\/05\/tunisie-saied-denonce-la-corruption-dans-le-secteur-des-technologies\/\"},\"author\":{\"name\":\"webmaster kapitalis\",\"@id\":\"https:\/\/kapitalis.com\/tunisie\/#\/schema\/person\/d71f33a9ca44f7bad4698210b480c8e9\"},\"headline\":\"Tunisie\u00a0: Sa\u00efed d\u00e9nonce la corruption dans le secteur des technologies \u00a0\",\"datePublished\":\"2024-12-05T11:25:43+00:00\",\"dateModified\":\"2024-12-05T11:25:45+00:00\",\"mainEntityOfPage\":{\"@id\":\"https:\/\/kapitalis.com\/tunisie\/2024\/12\/05\/tunisie-saied-denonce-la-corruption-dans-le-secteur-des-technologies\/\"},\"wordCount\":400,\"commentCount\":0,\"publisher\":{\"@id\":\"https:\/\/kapitalis.com\/tunisie\/#organization\"},\"image\":{\"@id\":\"https:\/\/kapitalis.com\/tunisie\/2024\/12\/05\/tunisie-saied-denonce-la-corruption-dans-le-secteur-des-technologies\/#primaryimage\"},\"thumbnailUrl\":\"https:\/\/kapitalis.com\/tunisie\/wp-content\/uploads\/2024\/12\/Kais-Saied-Sofiene-Hemissi.jpg\",\"keywords\":[\"Cert\",\"cuber-s\u00e9curit\u00e9\",\"Ennahdha\",\"kais sa\u00efed\",\"S\u00e9curit\u00e9 nationale\",\"Sofiene Hemissi\",\"Technologies de la communication\"],\"articleSection\":[\"ECONOMIE\",\"POLITIQUE\",\"Tunisie\"],\"inLanguage\":\"fr-FR\",\"potentialAction\":[{\"@type\":\"CommentAction\",\"name\":\"Comment\",\"target\":[\"https:\/\/kapitalis.com\/tunisie\/2024\/12\/05\/tunisie-saied-denonce-la-corruption-dans-le-secteur-des-technologies\/#respond\"]}]},{\"@type\":\"WebPage\",\"@id\":\"https:\/\/kapitalis.com\/tunisie\/2024\/12\/05\/tunisie-saied-denonce-la-corruption-dans-le-secteur-des-technologies\/\",\"url\":\"https:\/\/kapitalis.com\/tunisie\/2024\/12\/05\/tunisie-saied-denonce-la-corruption-dans-le-secteur-des-technologies\/\",\"name\":\"Tunisie\u00a0: Sa\u00efed d\u00e9nonce la corruption dans le secteur des technologies \u00a0 - Kapitalis\",\"isPartOf\":{\"@id\":\"https:\/\/kapitalis.com\/tunisie\/#website\"},\"primaryImageOfPage\":{\"@id\":\"https:\/\/kapitalis.com\/tunisie\/2024\/12\/05\/tunisie-saied-denonce-la-corruption-dans-le-secteur-des-technologies\/#primaryimage\"},\"image\":{\"@id\":\"https:\/\/kapitalis.com\/tunisie\/2024\/12\/05\/tunisie-saied-denonce-la-corruption-dans-le-secteur-des-technologies\/#primaryimage\"},\"thumbnailUrl\":\"https:\/\/kapitalis.com\/tunisie\/wp-content\/uploads\/2024\/12\/Kais-Saied-Sofiene-Hemissi.jpg\",\"datePublished\":\"2024-12-05T11:25:43+00:00\",\"dateModified\":\"2024-12-05T11:25:45+00:00\",\"breadcrumb\":{\"@id\":\"https:\/\/kapitalis.com\/tunisie\/2024\/12\/05\/tunisie-saied-denonce-la-corruption-dans-le-secteur-des-technologies\/#breadcrumb\"},\"inLanguage\":\"fr-FR\",\"potentialAction\":[{\"@type\":\"ReadAction\",\"target\":[\"https:\/\/kapitalis.com\/tunisie\/2024\/12\/05\/tunisie-saied-denonce-la-corruption-dans-le-secteur-des-technologies\/\"]}]},{\"@type\":\"ImageObject\",\"inLanguage\":\"fr-FR\",\"@id\":\"https:\/\/kapitalis.com\/tunisie\/2024\/12\/05\/tunisie-saied-denonce-la-corruption-dans-le-secteur-des-technologies\/#primaryimage\",\"url\":\"https:\/\/kapitalis.com\/tunisie\/wp-content\/uploads\/2024\/12\/Kais-Saied-Sofiene-Hemissi.jpg\",\"contentUrl\":\"https:\/\/kapitalis.com\/tunisie\/wp-content\/uploads\/2024\/12\/Kais-Saied-Sofiene-Hemissi.jpg\",\"width\":1200,\"height\":630},{\"@type\":\"BreadcrumbList\",\"@id\":\"https:\/\/kapitalis.com\/tunisie\/2024\/12\/05\/tunisie-saied-denonce-la-corruption-dans-le-secteur-des-technologies\/#breadcrumb\",\"itemListElement\":[{\"@type\":\"ListItem\",\"position\":1,\"name\":\"Accueil\",\"item\":\"https:\/\/kapitalis.com\/tunisie\/\"},{\"@type\":\"ListItem\",\"position\":2,\"name\":\"Tunisie\u00a0: Sa\u00efed d\u00e9nonce la corruption dans le secteur des technologies \u00a0\"}]},{\"@type\":\"WebSite\",\"@id\":\"https:\/\/kapitalis.com\/tunisie\/#website\",\"url\":\"https:\/\/kapitalis.com\/tunisie\/\",\"name\":\"Kapitalis\",\"description\":\"L&#039;actualit\u00e9 en Tunisie et dans le monde\",\"publisher\":{\"@id\":\"https:\/\/kapitalis.com\/tunisie\/#organization\"},\"potentialAction\":[{\"@type\":\"SearchAction\",\"target\":{\"@type\":\"EntryPoint\",\"urlTemplate\":\"https:\/\/kapitalis.com\/tunisie\/?s={search_term_string}\"},\"query-input\":{\"@type\":\"PropertyValueSpecification\",\"valueRequired\":true,\"valueName\":\"search_term_string\"}}],\"inLanguage\":\"fr-FR\"},{\"@type\":\"Organization\",\"@id\":\"https:\/\/kapitalis.com\/tunisie\/#organization\",\"name\":\"Kapitalis\",\"url\":\"https:\/\/kapitalis.com\/tunisie\/\",\"logo\":{\"@type\":\"ImageObject\",\"inLanguage\":\"fr-FR\",\"@id\":\"https:\/\/kapitalis.com\/tunisie\/#\/schema\/logo\/image\/\",\"url\":\"https:\/\/kapitalis.com\/tunisie\/wp-content\/uploads\/2022\/05\/Kapitalis-big-size.png\",\"contentUrl\":\"https:\/\/kapitalis.com\/tunisie\/wp-content\/uploads\/2022\/05\/Kapitalis-big-size.png\",\"width\":5000,\"height\":1500,\"caption\":\"Kapitalis\"},\"image\":{\"@id\":\"https:\/\/kapitalis.com\/tunisie\/#\/schema\/logo\/image\/\"},\"sameAs\":[\"https:\/\/www.facebook.com\/KapitalisInfo\/\",\"https:\/\/x.com\/KapitalisInfo\",\"https:\/\/www.youtube.com\/channel\/UC-yDYrHyfFBWWZaOw3FPg9Q\"]},{\"@type\":\"Person\",\"@id\":\"https:\/\/kapitalis.com\/tunisie\/#\/schema\/person\/d71f33a9ca44f7bad4698210b480c8e9\",\"name\":\"webmaster kapitalis\",\"url\":\"https:\/\/kapitalis.com\/tunisie\/author\/webmaster-kapitalis\/\"}]}<\/script>\n<!-- \/ Yoast SEO plugin. -->","yoast_head_json":{"title":"Tunisie\u00a0: Sa\u00efed d\u00e9nonce la corruption dans le secteur des technologies \u00a0 - Kapitalis","robots":{"index":"index","follow":"follow","max-snippet":"max-snippet:-1","max-image-preview":"max-image-preview:large","max-video-preview":"max-video-preview:-1"},"canonical":"https:\/\/kapitalis.com\/tunisie\/2024\/12\/05\/tunisie-saied-denonce-la-corruption-dans-le-secteur-des-technologies\/","og_locale":"fr_FR","og_type":"article","og_title":"Tunisie\u00a0: Sa\u00efed d\u00e9nonce la corruption dans le secteur des technologies \u00a0 - Kapitalis","og_description":"Ka\u00efs Sa\u00efed a soulign\u00e9 la n\u00e9cessit\u00e9 de \u00abpurger\u00bb le minist\u00e8re des Technologies de la Communication de ceux qui l\u2019avaient infiltr\u00e9.","og_url":"https:\/\/kapitalis.com\/tunisie\/2024\/12\/05\/tunisie-saied-denonce-la-corruption-dans-le-secteur-des-technologies\/","og_site_name":"Kapitalis","article_publisher":"https:\/\/www.facebook.com\/KapitalisInfo\/","article_published_time":"2024-12-05T11:25:43+00:00","article_modified_time":"2024-12-05T11:25:45+00:00","og_image":[{"width":1200,"height":630,"url":"https:\/\/kapitalis.com\/tunisie\/wp-content\/uploads\/2024\/12\/Kais-Saied-Sofiene-Hemissi.jpg","type":"image\/jpeg"}],"author":"webmaster kapitalis","twitter_card":"summary_large_image","twitter_creator":"@KapitalisInfo","twitter_site":"@KapitalisInfo","twitter_misc":{"\u00c9crit par":"webmaster kapitalis","Dur\u00e9e de lecture estim\u00e9e":"2 minutes"},"schema":{"@context":"https:\/\/schema.org","@graph":[{"@type":"Article","@id":"https:\/\/kapitalis.com\/tunisie\/2024\/12\/05\/tunisie-saied-denonce-la-corruption-dans-le-secteur-des-technologies\/#article","isPartOf":{"@id":"https:\/\/kapitalis.com\/tunisie\/2024\/12\/05\/tunisie-saied-denonce-la-corruption-dans-le-secteur-des-technologies\/"},"author":{"name":"webmaster kapitalis","@id":"https:\/\/kapitalis.com\/tunisie\/#\/schema\/person\/d71f33a9ca44f7bad4698210b480c8e9"},"headline":"Tunisie\u00a0: Sa\u00efed d\u00e9nonce la corruption dans le secteur des technologies \u00a0","datePublished":"2024-12-05T11:25:43+00:00","dateModified":"2024-12-05T11:25:45+00:00","mainEntityOfPage":{"@id":"https:\/\/kapitalis.com\/tunisie\/2024\/12\/05\/tunisie-saied-denonce-la-corruption-dans-le-secteur-des-technologies\/"},"wordCount":400,"commentCount":0,"publisher":{"@id":"https:\/\/kapitalis.com\/tunisie\/#organization"},"image":{"@id":"https:\/\/kapitalis.com\/tunisie\/2024\/12\/05\/tunisie-saied-denonce-la-corruption-dans-le-secteur-des-technologies\/#primaryimage"},"thumbnailUrl":"https:\/\/kapitalis.com\/tunisie\/wp-content\/uploads\/2024\/12\/Kais-Saied-Sofiene-Hemissi.jpg","keywords":["Cert","cuber-s\u00e9curit\u00e9","Ennahdha","kais sa\u00efed","S\u00e9curit\u00e9 nationale","Sofiene Hemissi","Technologies de la communication"],"articleSection":["ECONOMIE","POLITIQUE","Tunisie"],"inLanguage":"fr-FR","potentialAction":[{"@type":"CommentAction","name":"Comment","target":["https:\/\/kapitalis.com\/tunisie\/2024\/12\/05\/tunisie-saied-denonce-la-corruption-dans-le-secteur-des-technologies\/#respond"]}]},{"@type":"WebPage","@id":"https:\/\/kapitalis.com\/tunisie\/2024\/12\/05\/tunisie-saied-denonce-la-corruption-dans-le-secteur-des-technologies\/","url":"https:\/\/kapitalis.com\/tunisie\/2024\/12\/05\/tunisie-saied-denonce-la-corruption-dans-le-secteur-des-technologies\/","name":"Tunisie\u00a0: Sa\u00efed d\u00e9nonce la corruption dans le secteur des technologies \u00a0 - Kapitalis","isPartOf":{"@id":"https:\/\/kapitalis.com\/tunisie\/#website"},"primaryImageOfPage":{"@id":"https:\/\/kapitalis.com\/tunisie\/2024\/12\/05\/tunisie-saied-denonce-la-corruption-dans-le-secteur-des-technologies\/#primaryimage"},"image":{"@id":"https:\/\/kapitalis.com\/tunisie\/2024\/12\/05\/tunisie-saied-denonce-la-corruption-dans-le-secteur-des-technologies\/#primaryimage"},"thumbnailUrl":"https:\/\/kapitalis.com\/tunisie\/wp-content\/uploads\/2024\/12\/Kais-Saied-Sofiene-Hemissi.jpg","datePublished":"2024-12-05T11:25:43+00:00","dateModified":"2024-12-05T11:25:45+00:00","breadcrumb":{"@id":"https:\/\/kapitalis.com\/tunisie\/2024\/12\/05\/tunisie-saied-denonce-la-corruption-dans-le-secteur-des-technologies\/#breadcrumb"},"inLanguage":"fr-FR","potentialAction":[{"@type":"ReadAction","target":["https:\/\/kapitalis.com\/tunisie\/2024\/12\/05\/tunisie-saied-denonce-la-corruption-dans-le-secteur-des-technologies\/"]}]},{"@type":"ImageObject","inLanguage":"fr-FR","@id":"https:\/\/kapitalis.com\/tunisie\/2024\/12\/05\/tunisie-saied-denonce-la-corruption-dans-le-secteur-des-technologies\/#primaryimage","url":"https:\/\/kapitalis.com\/tunisie\/wp-content\/uploads\/2024\/12\/Kais-Saied-Sofiene-Hemissi.jpg","contentUrl":"https:\/\/kapitalis.com\/tunisie\/wp-content\/uploads\/2024\/12\/Kais-Saied-Sofiene-Hemissi.jpg","width":1200,"height":630},{"@type":"BreadcrumbList","@id":"https:\/\/kapitalis.com\/tunisie\/2024\/12\/05\/tunisie-saied-denonce-la-corruption-dans-le-secteur-des-technologies\/#breadcrumb","itemListElement":[{"@type":"ListItem","position":1,"name":"Accueil","item":"https:\/\/kapitalis.com\/tunisie\/"},{"@type":"ListItem","position":2,"name":"Tunisie\u00a0: Sa\u00efed d\u00e9nonce la corruption dans le secteur des technologies \u00a0"}]},{"@type":"WebSite","@id":"https:\/\/kapitalis.com\/tunisie\/#website","url":"https:\/\/kapitalis.com\/tunisie\/","name":"Kapitalis","description":"L&#039;actualit\u00e9 en Tunisie et dans le monde","publisher":{"@id":"https:\/\/kapitalis.com\/tunisie\/#organization"},"potentialAction":[{"@type":"SearchAction","target":{"@type":"EntryPoint","urlTemplate":"https:\/\/kapitalis.com\/tunisie\/?s={search_term_string}"},"query-input":{"@type":"PropertyValueSpecification","valueRequired":true,"valueName":"search_term_string"}}],"inLanguage":"fr-FR"},{"@type":"Organization","@id":"https:\/\/kapitalis.com\/tunisie\/#organization","name":"Kapitalis","url":"https:\/\/kapitalis.com\/tunisie\/","logo":{"@type":"ImageObject","inLanguage":"fr-FR","@id":"https:\/\/kapitalis.com\/tunisie\/#\/schema\/logo\/image\/","url":"https:\/\/kapitalis.com\/tunisie\/wp-content\/uploads\/2022\/05\/Kapitalis-big-size.png","contentUrl":"https:\/\/kapitalis.com\/tunisie\/wp-content\/uploads\/2022\/05\/Kapitalis-big-size.png","width":5000,"height":1500,"caption":"Kapitalis"},"image":{"@id":"https:\/\/kapitalis.com\/tunisie\/#\/schema\/logo\/image\/"},"sameAs":["https:\/\/www.facebook.com\/KapitalisInfo\/","https:\/\/x.com\/KapitalisInfo","https:\/\/www.youtube.com\/channel\/UC-yDYrHyfFBWWZaOw3FPg9Q"]},{"@type":"Person","@id":"https:\/\/kapitalis.com\/tunisie\/#\/schema\/person\/d71f33a9ca44f7bad4698210b480c8e9","name":"webmaster kapitalis","url":"https:\/\/kapitalis.com\/tunisie\/author\/webmaster-kapitalis\/"}]}},"_links":{"self":[{"href":"https:\/\/kapitalis.com\/tunisie\/wp-json\/wp\/v2\/posts\/14803638","targetHints":{"allow":["GET"]}}],"collection":[{"href":"https:\/\/kapitalis.com\/tunisie\/wp-json\/wp\/v2\/posts"}],"about":[{"href":"https:\/\/kapitalis.com\/tunisie\/wp-json\/wp\/v2\/types\/post"}],"author":[{"embeddable":true,"href":"https:\/\/kapitalis.com\/tunisie\/wp-json\/wp\/v2\/users\/8"}],"replies":[{"embeddable":true,"href":"https:\/\/kapitalis.com\/tunisie\/wp-json\/wp\/v2\/comments?post=14803638"}],"version-history":[{"count":1,"href":"https:\/\/kapitalis.com\/tunisie\/wp-json\/wp\/v2\/posts\/14803638\/revisions"}],"predecessor-version":[{"id":14803769,"href":"https:\/\/kapitalis.com\/tunisie\/wp-json\/wp\/v2\/posts\/14803638\/revisions\/14803769"}],"wp:featuredmedia":[{"embeddable":true,"href":"https:\/\/kapitalis.com\/tunisie\/wp-json\/wp\/v2\/media\/14803755"}],"wp:attachment":[{"href":"https:\/\/kapitalis.com\/tunisie\/wp-json\/wp\/v2\/media?parent=14803638"}],"wp:term":[{"taxonomy":"category","embeddable":true,"href":"https:\/\/kapitalis.com\/tunisie\/wp-json\/wp\/v2\/categories?post=14803638"},{"taxonomy":"post_tag","embeddable":true,"href":"https:\/\/kapitalis.com\/tunisie\/wp-json\/wp\/v2\/tags?post=14803638"}],"curies":[{"name":"wp","href":"https:\/\/api.w.org\/{rel}","templated":true}]}}