{"id":148081,"date":"2018-04-10T17:31:57","date_gmt":"2018-04-10T16:31:57","guid":{"rendered":"http:\/\/kapitalis.com\/tunisie\/?p=148081"},"modified":"2018-04-10T17:31:57","modified_gmt":"2018-04-10T16:31:57","slug":"environnement-mortalite-inexpliquee-dalbatros-a-nabeul","status":"publish","type":"post","link":"https:\/\/kapitalis.com\/tunisie\/2018\/04\/10\/environnement-mortalite-inexpliquee-dalbatros-a-nabeul\/","title":{"rendered":"Environnement : Mortalit\u00e9 inexpliqu\u00e9e d\u2019albatros \u00e0 Nabeul"},"content":{"rendered":"<p style=\"text-align: center;\"><img loading=\"lazy\" decoding=\"async\" class=\"alignnone size-full wp-image-148083\" src=\"http:\/\/kapitalis.com\/tunisie\/wp-content\/uploads\/2018\/04\/Albatros-Nabeul.jpg\" alt=\"\" width=\"626\" height=\"380\" \/><\/p>\n<p><em><strong>L\u2019Association des amis des oiseaux a alert\u00e9 les autorit\u00e9s sur la mortalit\u00e9 inexpliqu\u00e9e d&rsquo;oiseaux d&rsquo;eau \u00e0 la Lagune de Ma\u00e2moura (Nabeul).<\/strong><\/em><!--more--><\/p>\n<p>Dans un communiqu\u00e9 rendu public hier, lundi 9 avril 2018, l\u2019association indique que ce ph\u00e9nom\u00e8ne avait d\u00e9j\u00e0 \u00e9t\u00e9 observ\u00e9 plusieurs fois en \u00e9t\u00e9, ces derni\u00e8res ann\u00e9es, mais elle s\u2019inqui\u00e8te de remarquer que la mortalit\u00e9 des albatros soit observ\u00e9e plus t\u00f4t cette ann\u00e9e.<\/p>\n<p>De ce fait, une alerte a \u00e9t\u00e9 lanc\u00e9e pour appeler les parties concern\u00e9es \u00e0 intervenir rapidement pour effectuer les pr\u00e9l\u00e8vements et les analyses afin de comprendre l&rsquo;origine de ce ph\u00e9nom\u00e8ne.<\/p>\n<p>\u00ab<em>En attendant, nous invitons les habitants et les visiteurs de la r\u00e9gion de ne pas alt\u00e9rer l&rsquo;\u00e9tat de lieu actuel et de ne pas toucher aux oiseaux morts<\/em>\u00bb, ajoute le communiqu\u00e9.<\/p>\n<p style=\"text-align: right;\"><strong>Y. N.<\/strong><\/p>\n<blockquote class=\"wp-embedded-content\" data-secret=\"UJ92ewDGvo\"><p><a href=\"https:\/\/kapitalis.com\/tunisie\/2018\/04\/05\/protection-des-animaux-sami-el-fehri-epingle-par-les-amis-des-oiseaux\/\">Protection des animaux : Sami El-Fehri \u00e9pingl\u00e9 par Les Amis des Oiseaux<\/a><\/p><\/blockquote>\n<p><iframe loading=\"lazy\" class=\"wp-embedded-content\" sandbox=\"allow-scripts\" security=\"restricted\" style=\"position: absolute; clip: rect(1px, 1px, 1px, 1px);\" title=\"\u00ab\u00a0Protection des animaux : Sami El-Fehri \u00e9pingl\u00e9 par Les Amis des Oiseaux\u00a0\u00bb &#8212; Kapitalis\" src=\"https:\/\/kapitalis.com\/tunisie\/2018\/04\/05\/protection-des-animaux-sami-el-fehri-epingle-par-les-amis-des-oiseaux\/embed\/#?secret=Nn1miLumIY#?secret=UJ92ewDGvo\" data-secret=\"UJ92ewDGvo\" width=\"600\" height=\"338\" frameborder=\"0\" marginwidth=\"0\" marginheight=\"0\" scrolling=\"no\"><\/iframe><\/p>\n<blockquote class=\"wp-embedded-content\" data-secret=\"Z1gZ2lVbVk\"><p><a href=\"https:\/\/kapitalis.com\/tunisie\/2017\/11\/23\/des-emirs-braconniers-dans-le-desert-tunisien\/\">Des \u00e9mirs braconniers dans le d\u00e9sert tunisien<\/a><\/p><\/blockquote>\n<p><iframe loading=\"lazy\" class=\"wp-embedded-content\" sandbox=\"allow-scripts\" security=\"restricted\" style=\"position: absolute; clip: rect(1px, 1px, 1px, 1px);\" title=\"\u00ab\u00a0Des \u00e9mirs braconniers dans le d\u00e9sert tunisien\u00a0\u00bb &#8212; Kapitalis\" src=\"https:\/\/kapitalis.com\/tunisie\/2017\/11\/23\/des-emirs-braconniers-dans-le-desert-tunisien\/embed\/#?secret=u6cfkJpklo#?secret=Z1gZ2lVbVk\" data-secret=\"Z1gZ2lVbVk\" width=\"600\" height=\"338\" frameborder=\"0\" marginwidth=\"0\" marginheight=\"0\" scrolling=\"no\"><\/iframe><\/p>\n","protected":false},"excerpt":{"rendered":"<p>L\u2019Association des amis des oiseaux a alert\u00e9 les autorit\u00e9s sur la mortalit\u00e9 inexpliqu\u00e9e d&rsquo;oiseaux d&rsquo;eau \u00e0 la Lagune de Ma\u00e2moura (Nabeul).<\/p>\n","protected":false},"author":6,"featured_media":148083,"comment_status":"open","ping_status":"open","sticky":false,"template":"","format":"standard","meta":{"footnotes":""},"categories":[998,2433],"tags":[335,21500,650,720],"class_list":["post-148081","post","type-post","status-publish","format-standard","has-post-thumbnail","hentry","category-societe","category-tunisie","tag-environnement","tag-maamoura","tag-nabeul","tag-plages"],"yoast_head":"<!-- This site is optimized with the Yoast SEO plugin v26.6 - https:\/\/yoast.com\/wordpress\/plugins\/seo\/ -->\n<title>Environnement : Mortalit\u00e9 inexpliqu\u00e9e d\u2019albatros \u00e0 Nabeul - Kapitalis<\/title>\n<meta name=\"robots\" content=\"index, follow, max-snippet:-1, max-image-preview:large, max-video-preview:-1\" \/>\n<link rel=\"canonical\" href=\"https:\/\/kapitalis.com\/tunisie\/2018\/04\/10\/environnement-mortalite-inexpliquee-dalbatros-a-nabeul\/\" \/>\n<meta property=\"og:locale\" content=\"fr_FR\" \/>\n<meta property=\"og:type\" content=\"article\" \/>\n<meta property=\"og:title\" content=\"Environnement : Mortalit\u00e9 inexpliqu\u00e9e d\u2019albatros \u00e0 Nabeul - Kapitalis\" \/>\n<meta property=\"og:description\" content=\"L\u2019Association des amis des oiseaux a alert\u00e9 les autorit\u00e9s sur la mortalit\u00e9 inexpliqu\u00e9e d&rsquo;oiseaux d&rsquo;eau \u00e0 la Lagune de Ma\u00e2moura (Nabeul).\" \/>\n<meta property=\"og:url\" content=\"https:\/\/kapitalis.com\/tunisie\/2018\/04\/10\/environnement-mortalite-inexpliquee-dalbatros-a-nabeul\/\" \/>\n<meta property=\"og:site_name\" content=\"Kapitalis\" \/>\n<meta property=\"article:publisher\" content=\"https:\/\/www.facebook.com\/KapitalisInfo\/\" \/>\n<meta property=\"article:published_time\" content=\"2018-04-10T16:31:57+00:00\" \/>\n<meta property=\"og:image\" content=\"https:\/\/kapitalis.com\/tunisie\/wp-content\/uploads\/2022\/05\/kapitalis-logo-fb.png\" \/>\n\t<meta property=\"og:image:width\" content=\"1200\" \/>\n\t<meta property=\"og:image:height\" content=\"630\" \/>\n\t<meta property=\"og:image:type\" content=\"image\/png\" \/>\n<meta name=\"author\" content=\"Yusra NY\" \/>\n<meta name=\"twitter:card\" content=\"summary_large_image\" \/>\n<meta name=\"twitter:creator\" content=\"@KapitalisInfo\" \/>\n<meta name=\"twitter:site\" content=\"@KapitalisInfo\" \/>\n<meta name=\"twitter:label1\" content=\"\u00c9crit par\" \/>\n\t<meta name=\"twitter:data1\" content=\"Yusra NY\" \/>\n\t<meta name=\"twitter:label2\" content=\"Dur\u00e9e de lecture estim\u00e9e\" \/>\n\t<meta name=\"twitter:data2\" content=\"1 minute\" \/>\n<script type=\"application\/ld+json\" class=\"yoast-schema-graph\">{\"@context\":\"https:\/\/schema.org\",\"@graph\":[{\"@type\":\"Article\",\"@id\":\"https:\/\/kapitalis.com\/tunisie\/2018\/04\/10\/environnement-mortalite-inexpliquee-dalbatros-a-nabeul\/#article\",\"isPartOf\":{\"@id\":\"https:\/\/kapitalis.com\/tunisie\/2018\/04\/10\/environnement-mortalite-inexpliquee-dalbatros-a-nabeul\/\"},\"author\":{\"name\":\"Yusra NY\",\"@id\":\"https:\/\/kapitalis.com\/tunisie\/#\/schema\/person\/74bbde0154d49d790a92aaeac5bc01d5\"},\"headline\":\"Environnement : Mortalit\u00e9 inexpliqu\u00e9e d\u2019albatros \u00e0 Nabeul\",\"datePublished\":\"2018-04-10T16:31:57+00:00\",\"mainEntityOfPage\":{\"@id\":\"https:\/\/kapitalis.com\/tunisie\/2018\/04\/10\/environnement-mortalite-inexpliquee-dalbatros-a-nabeul\/\"},\"wordCount\":163,\"commentCount\":0,\"publisher\":{\"@id\":\"https:\/\/kapitalis.com\/tunisie\/#organization\"},\"image\":{\"@id\":\"https:\/\/kapitalis.com\/tunisie\/2018\/04\/10\/environnement-mortalite-inexpliquee-dalbatros-a-nabeul\/#primaryimage\"},\"thumbnailUrl\":\"\",\"keywords\":[\"environnement\",\"Maamoura\",\"Nabeul\",\"plages\"],\"articleSection\":[\"SOCIETE\",\"Tunisie\"],\"inLanguage\":\"fr-FR\",\"potentialAction\":[{\"@type\":\"CommentAction\",\"name\":\"Comment\",\"target\":[\"https:\/\/kapitalis.com\/tunisie\/2018\/04\/10\/environnement-mortalite-inexpliquee-dalbatros-a-nabeul\/#respond\"]}]},{\"@type\":\"WebPage\",\"@id\":\"https:\/\/kapitalis.com\/tunisie\/2018\/04\/10\/environnement-mortalite-inexpliquee-dalbatros-a-nabeul\/\",\"url\":\"https:\/\/kapitalis.com\/tunisie\/2018\/04\/10\/environnement-mortalite-inexpliquee-dalbatros-a-nabeul\/\",\"name\":\"Environnement : Mortalit\u00e9 inexpliqu\u00e9e d\u2019albatros \u00e0 Nabeul - Kapitalis\",\"isPartOf\":{\"@id\":\"https:\/\/kapitalis.com\/tunisie\/#website\"},\"primaryImageOfPage\":{\"@id\":\"https:\/\/kapitalis.com\/tunisie\/2018\/04\/10\/environnement-mortalite-inexpliquee-dalbatros-a-nabeul\/#primaryimage\"},\"image\":{\"@id\":\"https:\/\/kapitalis.com\/tunisie\/2018\/04\/10\/environnement-mortalite-inexpliquee-dalbatros-a-nabeul\/#primaryimage\"},\"thumbnailUrl\":\"\",\"datePublished\":\"2018-04-10T16:31:57+00:00\",\"breadcrumb\":{\"@id\":\"https:\/\/kapitalis.com\/tunisie\/2018\/04\/10\/environnement-mortalite-inexpliquee-dalbatros-a-nabeul\/#breadcrumb\"},\"inLanguage\":\"fr-FR\",\"potentialAction\":[{\"@type\":\"ReadAction\",\"target\":[\"https:\/\/kapitalis.com\/tunisie\/2018\/04\/10\/environnement-mortalite-inexpliquee-dalbatros-a-nabeul\/\"]}]},{\"@type\":\"ImageObject\",\"inLanguage\":\"fr-FR\",\"@id\":\"https:\/\/kapitalis.com\/tunisie\/2018\/04\/10\/environnement-mortalite-inexpliquee-dalbatros-a-nabeul\/#primaryimage\",\"url\":\"\",\"contentUrl\":\"\"},{\"@type\":\"BreadcrumbList\",\"@id\":\"https:\/\/kapitalis.com\/tunisie\/2018\/04\/10\/environnement-mortalite-inexpliquee-dalbatros-a-nabeul\/#breadcrumb\",\"itemListElement\":[{\"@type\":\"ListItem\",\"position\":1,\"name\":\"Accueil\",\"item\":\"https:\/\/kapitalis.com\/tunisie\/\"},{\"@type\":\"ListItem\",\"position\":2,\"name\":\"Environnement : Mortalit\u00e9 inexpliqu\u00e9e d\u2019albatros \u00e0 Nabeul\"}]},{\"@type\":\"WebSite\",\"@id\":\"https:\/\/kapitalis.com\/tunisie\/#website\",\"url\":\"https:\/\/kapitalis.com\/tunisie\/\",\"name\":\"Kapitalis\",\"description\":\"L&#039;actualit\u00e9 en Tunisie et dans le monde\",\"publisher\":{\"@id\":\"https:\/\/kapitalis.com\/tunisie\/#organization\"},\"potentialAction\":[{\"@type\":\"SearchAction\",\"target\":{\"@type\":\"EntryPoint\",\"urlTemplate\":\"https:\/\/kapitalis.com\/tunisie\/?s={search_term_string}\"},\"query-input\":{\"@type\":\"PropertyValueSpecification\",\"valueRequired\":true,\"valueName\":\"search_term_string\"}}],\"inLanguage\":\"fr-FR\"},{\"@type\":\"Organization\",\"@id\":\"https:\/\/kapitalis.com\/tunisie\/#organization\",\"name\":\"Kapitalis\",\"url\":\"https:\/\/kapitalis.com\/tunisie\/\",\"logo\":{\"@type\":\"ImageObject\",\"inLanguage\":\"fr-FR\",\"@id\":\"https:\/\/kapitalis.com\/tunisie\/#\/schema\/logo\/image\/\",\"url\":\"https:\/\/kapitalis.com\/tunisie\/wp-content\/uploads\/2022\/05\/Kapitalis-big-size.png\",\"contentUrl\":\"https:\/\/kapitalis.com\/tunisie\/wp-content\/uploads\/2022\/05\/Kapitalis-big-size.png\",\"width\":5000,\"height\":1500,\"caption\":\"Kapitalis\"},\"image\":{\"@id\":\"https:\/\/kapitalis.com\/tunisie\/#\/schema\/logo\/image\/\"},\"sameAs\":[\"https:\/\/www.facebook.com\/KapitalisInfo\/\",\"https:\/\/x.com\/KapitalisInfo\",\"https:\/\/www.youtube.com\/channel\/UC-yDYrHyfFBWWZaOw3FPg9Q\"]},{\"@type\":\"Person\",\"@id\":\"https:\/\/kapitalis.com\/tunisie\/#\/schema\/person\/74bbde0154d49d790a92aaeac5bc01d5\",\"name\":\"Yusra NY\",\"url\":\"https:\/\/kapitalis.com\/tunisie\/author\/yuza_adam\/\"}]}<\/script>\n<!-- \/ Yoast SEO plugin. -->","yoast_head_json":{"title":"Environnement : Mortalit\u00e9 inexpliqu\u00e9e d\u2019albatros \u00e0 Nabeul - Kapitalis","robots":{"index":"index","follow":"follow","max-snippet":"max-snippet:-1","max-image-preview":"max-image-preview:large","max-video-preview":"max-video-preview:-1"},"canonical":"https:\/\/kapitalis.com\/tunisie\/2018\/04\/10\/environnement-mortalite-inexpliquee-dalbatros-a-nabeul\/","og_locale":"fr_FR","og_type":"article","og_title":"Environnement : Mortalit\u00e9 inexpliqu\u00e9e d\u2019albatros \u00e0 Nabeul - Kapitalis","og_description":"L\u2019Association des amis des oiseaux a alert\u00e9 les autorit\u00e9s sur la mortalit\u00e9 inexpliqu\u00e9e d&rsquo;oiseaux d&rsquo;eau \u00e0 la Lagune de Ma\u00e2moura (Nabeul).","og_url":"https:\/\/kapitalis.com\/tunisie\/2018\/04\/10\/environnement-mortalite-inexpliquee-dalbatros-a-nabeul\/","og_site_name":"Kapitalis","article_publisher":"https:\/\/www.facebook.com\/KapitalisInfo\/","article_published_time":"2018-04-10T16:31:57+00:00","og_image":[{"width":1200,"height":630,"url":"https:\/\/kapitalis.com\/tunisie\/wp-content\/uploads\/2022\/05\/kapitalis-logo-fb.png","type":"image\/png"}],"author":"Yusra NY","twitter_card":"summary_large_image","twitter_creator":"@KapitalisInfo","twitter_site":"@KapitalisInfo","twitter_misc":{"\u00c9crit par":"Yusra NY","Dur\u00e9e de lecture estim\u00e9e":"1 minute"},"schema":{"@context":"https:\/\/schema.org","@graph":[{"@type":"Article","@id":"https:\/\/kapitalis.com\/tunisie\/2018\/04\/10\/environnement-mortalite-inexpliquee-dalbatros-a-nabeul\/#article","isPartOf":{"@id":"https:\/\/kapitalis.com\/tunisie\/2018\/04\/10\/environnement-mortalite-inexpliquee-dalbatros-a-nabeul\/"},"author":{"name":"Yusra NY","@id":"https:\/\/kapitalis.com\/tunisie\/#\/schema\/person\/74bbde0154d49d790a92aaeac5bc01d5"},"headline":"Environnement : Mortalit\u00e9 inexpliqu\u00e9e d\u2019albatros \u00e0 Nabeul","datePublished":"2018-04-10T16:31:57+00:00","mainEntityOfPage":{"@id":"https:\/\/kapitalis.com\/tunisie\/2018\/04\/10\/environnement-mortalite-inexpliquee-dalbatros-a-nabeul\/"},"wordCount":163,"commentCount":0,"publisher":{"@id":"https:\/\/kapitalis.com\/tunisie\/#organization"},"image":{"@id":"https:\/\/kapitalis.com\/tunisie\/2018\/04\/10\/environnement-mortalite-inexpliquee-dalbatros-a-nabeul\/#primaryimage"},"thumbnailUrl":"","keywords":["environnement","Maamoura","Nabeul","plages"],"articleSection":["SOCIETE","Tunisie"],"inLanguage":"fr-FR","potentialAction":[{"@type":"CommentAction","name":"Comment","target":["https:\/\/kapitalis.com\/tunisie\/2018\/04\/10\/environnement-mortalite-inexpliquee-dalbatros-a-nabeul\/#respond"]}]},{"@type":"WebPage","@id":"https:\/\/kapitalis.com\/tunisie\/2018\/04\/10\/environnement-mortalite-inexpliquee-dalbatros-a-nabeul\/","url":"https:\/\/kapitalis.com\/tunisie\/2018\/04\/10\/environnement-mortalite-inexpliquee-dalbatros-a-nabeul\/","name":"Environnement : Mortalit\u00e9 inexpliqu\u00e9e d\u2019albatros \u00e0 Nabeul - Kapitalis","isPartOf":{"@id":"https:\/\/kapitalis.com\/tunisie\/#website"},"primaryImageOfPage":{"@id":"https:\/\/kapitalis.com\/tunisie\/2018\/04\/10\/environnement-mortalite-inexpliquee-dalbatros-a-nabeul\/#primaryimage"},"image":{"@id":"https:\/\/kapitalis.com\/tunisie\/2018\/04\/10\/environnement-mortalite-inexpliquee-dalbatros-a-nabeul\/#primaryimage"},"thumbnailUrl":"","datePublished":"2018-04-10T16:31:57+00:00","breadcrumb":{"@id":"https:\/\/kapitalis.com\/tunisie\/2018\/04\/10\/environnement-mortalite-inexpliquee-dalbatros-a-nabeul\/#breadcrumb"},"inLanguage":"fr-FR","potentialAction":[{"@type":"ReadAction","target":["https:\/\/kapitalis.com\/tunisie\/2018\/04\/10\/environnement-mortalite-inexpliquee-dalbatros-a-nabeul\/"]}]},{"@type":"ImageObject","inLanguage":"fr-FR","@id":"https:\/\/kapitalis.com\/tunisie\/2018\/04\/10\/environnement-mortalite-inexpliquee-dalbatros-a-nabeul\/#primaryimage","url":"","contentUrl":""},{"@type":"BreadcrumbList","@id":"https:\/\/kapitalis.com\/tunisie\/2018\/04\/10\/environnement-mortalite-inexpliquee-dalbatros-a-nabeul\/#breadcrumb","itemListElement":[{"@type":"ListItem","position":1,"name":"Accueil","item":"https:\/\/kapitalis.com\/tunisie\/"},{"@type":"ListItem","position":2,"name":"Environnement : Mortalit\u00e9 inexpliqu\u00e9e d\u2019albatros \u00e0 Nabeul"}]},{"@type":"WebSite","@id":"https:\/\/kapitalis.com\/tunisie\/#website","url":"https:\/\/kapitalis.com\/tunisie\/","name":"Kapitalis","description":"L&#039;actualit\u00e9 en Tunisie et dans le monde","publisher":{"@id":"https:\/\/kapitalis.com\/tunisie\/#organization"},"potentialAction":[{"@type":"SearchAction","target":{"@type":"EntryPoint","urlTemplate":"https:\/\/kapitalis.com\/tunisie\/?s={search_term_string}"},"query-input":{"@type":"PropertyValueSpecification","valueRequired":true,"valueName":"search_term_string"}}],"inLanguage":"fr-FR"},{"@type":"Organization","@id":"https:\/\/kapitalis.com\/tunisie\/#organization","name":"Kapitalis","url":"https:\/\/kapitalis.com\/tunisie\/","logo":{"@type":"ImageObject","inLanguage":"fr-FR","@id":"https:\/\/kapitalis.com\/tunisie\/#\/schema\/logo\/image\/","url":"https:\/\/kapitalis.com\/tunisie\/wp-content\/uploads\/2022\/05\/Kapitalis-big-size.png","contentUrl":"https:\/\/kapitalis.com\/tunisie\/wp-content\/uploads\/2022\/05\/Kapitalis-big-size.png","width":5000,"height":1500,"caption":"Kapitalis"},"image":{"@id":"https:\/\/kapitalis.com\/tunisie\/#\/schema\/logo\/image\/"},"sameAs":["https:\/\/www.facebook.com\/KapitalisInfo\/","https:\/\/x.com\/KapitalisInfo","https:\/\/www.youtube.com\/channel\/UC-yDYrHyfFBWWZaOw3FPg9Q"]},{"@type":"Person","@id":"https:\/\/kapitalis.com\/tunisie\/#\/schema\/person\/74bbde0154d49d790a92aaeac5bc01d5","name":"Yusra NY","url":"https:\/\/kapitalis.com\/tunisie\/author\/yuza_adam\/"}]}},"_links":{"self":[{"href":"https:\/\/kapitalis.com\/tunisie\/wp-json\/wp\/v2\/posts\/148081","targetHints":{"allow":["GET"]}}],"collection":[{"href":"https:\/\/kapitalis.com\/tunisie\/wp-json\/wp\/v2\/posts"}],"about":[{"href":"https:\/\/kapitalis.com\/tunisie\/wp-json\/wp\/v2\/types\/post"}],"author":[{"embeddable":true,"href":"https:\/\/kapitalis.com\/tunisie\/wp-json\/wp\/v2\/users\/6"}],"replies":[{"embeddable":true,"href":"https:\/\/kapitalis.com\/tunisie\/wp-json\/wp\/v2\/comments?post=148081"}],"version-history":[{"count":0,"href":"https:\/\/kapitalis.com\/tunisie\/wp-json\/wp\/v2\/posts\/148081\/revisions"}],"wp:featuredmedia":[{"embeddable":true,"href":"https:\/\/kapitalis.com\/tunisie\/wp-json\/wp\/v2\/media\/148083"}],"wp:attachment":[{"href":"https:\/\/kapitalis.com\/tunisie\/wp-json\/wp\/v2\/media?parent=148081"}],"wp:term":[{"taxonomy":"category","embeddable":true,"href":"https:\/\/kapitalis.com\/tunisie\/wp-json\/wp\/v2\/categories?post=148081"},{"taxonomy":"post_tag","embeddable":true,"href":"https:\/\/kapitalis.com\/tunisie\/wp-json\/wp\/v2\/tags?post=148081"}],"curies":[{"name":"wp","href":"https:\/\/api.w.org\/{rel}","templated":true}]}}