{"id":14819059,"date":"2024-12-08T11:39:12","date_gmt":"2024-12-08T10:39:12","guid":{"rendered":"https:\/\/kapitalis.com\/tunisie\/?p=14819059"},"modified":"2024-12-08T11:39:13","modified_gmt":"2024-12-08T10:39:13","slug":"nombre-record-de-films-tunisiens-aux-jcc-2024","status":"publish","type":"post","link":"https:\/\/kapitalis.com\/tunisie\/2024\/12\/08\/nombre-record-de-films-tunisiens-aux-jcc-2024\/","title":{"rendered":"Nombre record de films tunisiens aux JCC 2024"},"content":{"rendered":"\n<p><strong><em>Signe d&rsquo;un dynamisme retrouv\u00e9 avec l&rsquo;\u00e9mergence d&rsquo;un grand nombre de jeunes cin\u00e9astes, un nombre record de films tunisiens est attendu cette ann\u00e9e \u00e0 la 35<sup>e<\/sup> \u00e9dition du Festival du film de Carthage (JCC), qui se d\u00e9roulera du 14 au 21 d\u00e9cembre 2024 \u00e0 Tunis et dans plusieurs villes de l\u2019int\u00e9rieur, avec des visites dans les prisons.<\/em><\/strong><\/p>\n\n\n\n<!--more-->\n\n\n\n<p>C\u2019est ce qu\u2019a soulign\u00e9 le pr\u00e9sident d\u2019honneur du festival, le cin\u00e9aste Ferid Boughedir, lors de la pr\u00e9sentation du programme de la 35<sup>e<\/sup> \u00e9dition de la plus importante rencontre annuelle des professionnels et passionn\u00e9s du septi\u00e8me art, qui met en valeur la diversit\u00e9 et la richesse du cin\u00e9ma arabe, africain et mondial.<\/p>\n\n\n\n<p>Pour le nombre record de 99 films tunisiens candidats, a r\u00e9v\u00e9l\u00e9 Boughedir, le comit\u00e9 de d\u2019organisation a d\u00e9cid\u00e9 de s\u00e9lectionner 4 pour la comp\u00e9tition des longs m\u00e9trages de fiction, alors que le r\u00e8glement n\u2019autorise normalement que 3 dans cette cat\u00e9gorie. Par ailleurs, le festival a d\u00e9cid\u00e9 de cr\u00e9er une nouvelle comp\u00e9tition nationale de 12 films.<\/p>\n\n\n\n<p>Au total, 217 films en provenance de 21 pays sont au programme.<\/p>\n\n\n\n<p>Les JCC poursuivant par ailleurs l\u2019exp\u00e9rience de la d\u00e9centralisation en programmant des activit\u00e9s dans les r\u00e9gions et, pour la premi\u00e8re fois, dans les villages et les prisons. Deux films seront projet\u00e9s \u00e0 l\u2019ouverture: le court m\u00e9trage de fiction <em>\u2018\u2018Upshot\u2019\u2019<\/em> (2024) de la Palestinienne Maha Haj et le long m\u00e9trage documentaire <em>\u2018\u2018The Freedom Giver\u2019\u2019<\/em> (1987) dans une copie restaur\u00e9e par le r\u00e9alisateur, chercheur et monteur irakien Kays Alzubaydi, d\u00e9c\u00e9d\u00e9 il y a quelques jours, le 1<sup>er<\/sup> &nbsp;d\u00e9cembre 2024.<\/p>\n\n\n\n<p>Le jury de la comp\u00e9tition longs et courts m\u00e9trages, pr\u00e9sid\u00e9 par le r\u00e9alisateur palestinien Hany Abu-Assad, comprend la r\u00e9alisatrice tunisienne Salma Baccar, Eliane Umuhire (Rwanda), Marianne Khoury (Egypte), Pedro Pimenta (Mozambique), Baba Diop (S\u00e9n\u00e9gal) et Ibrahim Al-Ariss (Liban).<\/p>\n\n\n\n<p>Le jury de la comp\u00e9tition de longs et courts m\u00e9trages documentaires, pr\u00e9sid\u00e9e par la productrice tunisienne Dora Bouchoucha, comprend Omar Sall (S\u00e9n\u00e9gal), Amal Ramsis (Egypte), Mohamed Said Ouma (Comores) et Asmae El Moudir (Maroc).<\/p>\n\n\n\n<p>&nbsp;Le jury de la comp\u00e9tition du film tunisien, pr\u00e9sid\u00e9 par Said Oueld Khalifa (Alg\u00e9rie), comprend Houda Ibrahim (Liban), Olivier Barlet (France), Souad Ben Slimane (Tunisie) et Saleem Albeek (Palestine).<\/p>\n\n\n\n<p>Des hommages et des c\u00e9l\u00e9brations en l\u2019honneur d\u2019Hany Abu-Assad ainsi qu\u2019une r\u00e9trospective sur le r\u00e9alisateur tunisien Jilani Saadi sont pr\u00e9vus.<\/p>\n\n\n\n<p>Est \u00e9galement pr\u00e9vu un hommage \u00e0 la m\u00e9moire du grand critique de cin\u00e9ma tunisien Khemaies Khayati, laur\u00e9at du Tanit d\u2019honneur aux JCC 2021.<\/p>\n","protected":false},"excerpt":{"rendered":"<p>Signe d&rsquo;un dynamisme retrouv\u00e9 avec l&rsquo;\u00e9mergence d&rsquo;un grand nombre de jeunes cin\u00e9astes, un nombre record de films tunisiens est attendu aux JCC 2024.<\/p>\n","protected":false},"author":8,"featured_media":14819085,"comment_status":"open","ping_status":"open","sticky":false,"template":"","format":"standard","meta":{"footnotes":""},"categories":[994,2433],"tags":[14720,84265,115568,96959,119419,119420,4486,119421],"class_list":["post-14819059","post","type-post","status-publish","format-standard","has-post-thumbnail","hentry","category-culture","category-tunisie","tag-dora-bouchoucha","tag-ferid-boughedir-2","tag-jcc-2024","tag-jilani-saadi","tag-kays-alzubaydi","tag-omar-sall","tag-salma-baccar","tag-souad-ben-slimane"],"yoast_head":"<!-- This site is optimized with the Yoast SEO plugin v26.6 - https:\/\/yoast.com\/wordpress\/plugins\/seo\/ -->\n<title>Nombre record de films tunisiens aux JCC 2024 - Kapitalis<\/title>\n<meta name=\"robots\" content=\"index, follow, max-snippet:-1, max-image-preview:large, max-video-preview:-1\" \/>\n<link rel=\"canonical\" href=\"https:\/\/kapitalis.com\/tunisie\/2024\/12\/08\/nombre-record-de-films-tunisiens-aux-jcc-2024\/\" \/>\n<meta property=\"og:locale\" content=\"fr_FR\" \/>\n<meta property=\"og:type\" content=\"article\" \/>\n<meta property=\"og:title\" content=\"Nombre record de films tunisiens aux JCC 2024 - Kapitalis\" \/>\n<meta property=\"og:description\" content=\"Signe d&#039;un dynamisme retrouv\u00e9 avec l&#039;\u00e9mergence d&#039;un grand nombre de jeunes cin\u00e9astes, un nombre record de films tunisiens est attendu aux JCC 2024.\" \/>\n<meta property=\"og:url\" content=\"https:\/\/kapitalis.com\/tunisie\/2024\/12\/08\/nombre-record-de-films-tunisiens-aux-jcc-2024\/\" \/>\n<meta property=\"og:site_name\" content=\"Kapitalis\" \/>\n<meta property=\"article:publisher\" content=\"https:\/\/www.facebook.com\/KapitalisInfo\/\" \/>\n<meta property=\"article:published_time\" content=\"2024-12-08T10:39:12+00:00\" \/>\n<meta property=\"article:modified_time\" content=\"2024-12-08T10:39:13+00:00\" \/>\n<meta property=\"og:image\" content=\"https:\/\/kapitalis.com\/tunisie\/wp-content\/uploads\/2024\/12\/Ferid-Boughedir-1.jpg\" \/>\n\t<meta property=\"og:image:width\" content=\"1200\" \/>\n\t<meta property=\"og:image:height\" content=\"630\" \/>\n\t<meta property=\"og:image:type\" content=\"image\/jpeg\" \/>\n<meta name=\"author\" content=\"webmaster kapitalis\" \/>\n<meta name=\"twitter:card\" content=\"summary_large_image\" \/>\n<meta name=\"twitter:creator\" content=\"@KapitalisInfo\" \/>\n<meta name=\"twitter:site\" content=\"@KapitalisInfo\" \/>\n<meta name=\"twitter:label1\" content=\"\u00c9crit par\" \/>\n\t<meta name=\"twitter:data1\" content=\"webmaster kapitalis\" \/>\n\t<meta name=\"twitter:label2\" content=\"Dur\u00e9e de lecture estim\u00e9e\" \/>\n\t<meta name=\"twitter:data2\" content=\"3 minutes\" \/>\n<script type=\"application\/ld+json\" class=\"yoast-schema-graph\">{\"@context\":\"https:\/\/schema.org\",\"@graph\":[{\"@type\":\"Article\",\"@id\":\"https:\/\/kapitalis.com\/tunisie\/2024\/12\/08\/nombre-record-de-films-tunisiens-aux-jcc-2024\/#article\",\"isPartOf\":{\"@id\":\"https:\/\/kapitalis.com\/tunisie\/2024\/12\/08\/nombre-record-de-films-tunisiens-aux-jcc-2024\/\"},\"author\":{\"name\":\"webmaster kapitalis\",\"@id\":\"https:\/\/kapitalis.com\/tunisie\/#\/schema\/person\/d71f33a9ca44f7bad4698210b480c8e9\"},\"headline\":\"Nombre record de films tunisiens aux JCC 2024\",\"datePublished\":\"2024-12-08T10:39:12+00:00\",\"dateModified\":\"2024-12-08T10:39:13+00:00\",\"mainEntityOfPage\":{\"@id\":\"https:\/\/kapitalis.com\/tunisie\/2024\/12\/08\/nombre-record-de-films-tunisiens-aux-jcc-2024\/\"},\"wordCount\":460,\"commentCount\":0,\"publisher\":{\"@id\":\"https:\/\/kapitalis.com\/tunisie\/#organization\"},\"image\":{\"@id\":\"https:\/\/kapitalis.com\/tunisie\/2024\/12\/08\/nombre-record-de-films-tunisiens-aux-jcc-2024\/#primaryimage\"},\"thumbnailUrl\":\"https:\/\/kapitalis.com\/tunisie\/wp-content\/uploads\/2024\/12\/Ferid-Boughedir-1.jpg\",\"keywords\":[\"Dora Bouchoucha\",\"Ferid Boughedir\",\"JCC 2024\",\"Jilani Saadi\",\"Kays Alzubaydi\",\"Omar Sall\",\"Salma Baccar\",\"Souad Ben Slimane\"],\"articleSection\":[\"CULTURE\",\"Tunisie\"],\"inLanguage\":\"fr-FR\",\"potentialAction\":[{\"@type\":\"CommentAction\",\"name\":\"Comment\",\"target\":[\"https:\/\/kapitalis.com\/tunisie\/2024\/12\/08\/nombre-record-de-films-tunisiens-aux-jcc-2024\/#respond\"]}]},{\"@type\":\"WebPage\",\"@id\":\"https:\/\/kapitalis.com\/tunisie\/2024\/12\/08\/nombre-record-de-films-tunisiens-aux-jcc-2024\/\",\"url\":\"https:\/\/kapitalis.com\/tunisie\/2024\/12\/08\/nombre-record-de-films-tunisiens-aux-jcc-2024\/\",\"name\":\"Nombre record de films tunisiens aux JCC 2024 - Kapitalis\",\"isPartOf\":{\"@id\":\"https:\/\/kapitalis.com\/tunisie\/#website\"},\"primaryImageOfPage\":{\"@id\":\"https:\/\/kapitalis.com\/tunisie\/2024\/12\/08\/nombre-record-de-films-tunisiens-aux-jcc-2024\/#primaryimage\"},\"image\":{\"@id\":\"https:\/\/kapitalis.com\/tunisie\/2024\/12\/08\/nombre-record-de-films-tunisiens-aux-jcc-2024\/#primaryimage\"},\"thumbnailUrl\":\"https:\/\/kapitalis.com\/tunisie\/wp-content\/uploads\/2024\/12\/Ferid-Boughedir-1.jpg\",\"datePublished\":\"2024-12-08T10:39:12+00:00\",\"dateModified\":\"2024-12-08T10:39:13+00:00\",\"breadcrumb\":{\"@id\":\"https:\/\/kapitalis.com\/tunisie\/2024\/12\/08\/nombre-record-de-films-tunisiens-aux-jcc-2024\/#breadcrumb\"},\"inLanguage\":\"fr-FR\",\"potentialAction\":[{\"@type\":\"ReadAction\",\"target\":[\"https:\/\/kapitalis.com\/tunisie\/2024\/12\/08\/nombre-record-de-films-tunisiens-aux-jcc-2024\/\"]}]},{\"@type\":\"ImageObject\",\"inLanguage\":\"fr-FR\",\"@id\":\"https:\/\/kapitalis.com\/tunisie\/2024\/12\/08\/nombre-record-de-films-tunisiens-aux-jcc-2024\/#primaryimage\",\"url\":\"https:\/\/kapitalis.com\/tunisie\/wp-content\/uploads\/2024\/12\/Ferid-Boughedir-1.jpg\",\"contentUrl\":\"https:\/\/kapitalis.com\/tunisie\/wp-content\/uploads\/2024\/12\/Ferid-Boughedir-1.jpg\",\"width\":1200,\"height\":630},{\"@type\":\"BreadcrumbList\",\"@id\":\"https:\/\/kapitalis.com\/tunisie\/2024\/12\/08\/nombre-record-de-films-tunisiens-aux-jcc-2024\/#breadcrumb\",\"itemListElement\":[{\"@type\":\"ListItem\",\"position\":1,\"name\":\"Accueil\",\"item\":\"https:\/\/kapitalis.com\/tunisie\/\"},{\"@type\":\"ListItem\",\"position\":2,\"name\":\"Nombre record de films tunisiens aux JCC 2024\"}]},{\"@type\":\"WebSite\",\"@id\":\"https:\/\/kapitalis.com\/tunisie\/#website\",\"url\":\"https:\/\/kapitalis.com\/tunisie\/\",\"name\":\"Kapitalis\",\"description\":\"L&#039;actualit\u00e9 en Tunisie et dans le monde\",\"publisher\":{\"@id\":\"https:\/\/kapitalis.com\/tunisie\/#organization\"},\"potentialAction\":[{\"@type\":\"SearchAction\",\"target\":{\"@type\":\"EntryPoint\",\"urlTemplate\":\"https:\/\/kapitalis.com\/tunisie\/?s={search_term_string}\"},\"query-input\":{\"@type\":\"PropertyValueSpecification\",\"valueRequired\":true,\"valueName\":\"search_term_string\"}}],\"inLanguage\":\"fr-FR\"},{\"@type\":\"Organization\",\"@id\":\"https:\/\/kapitalis.com\/tunisie\/#organization\",\"name\":\"Kapitalis\",\"url\":\"https:\/\/kapitalis.com\/tunisie\/\",\"logo\":{\"@type\":\"ImageObject\",\"inLanguage\":\"fr-FR\",\"@id\":\"https:\/\/kapitalis.com\/tunisie\/#\/schema\/logo\/image\/\",\"url\":\"https:\/\/kapitalis.com\/tunisie\/wp-content\/uploads\/2022\/05\/Kapitalis-big-size.png\",\"contentUrl\":\"https:\/\/kapitalis.com\/tunisie\/wp-content\/uploads\/2022\/05\/Kapitalis-big-size.png\",\"width\":5000,\"height\":1500,\"caption\":\"Kapitalis\"},\"image\":{\"@id\":\"https:\/\/kapitalis.com\/tunisie\/#\/schema\/logo\/image\/\"},\"sameAs\":[\"https:\/\/www.facebook.com\/KapitalisInfo\/\",\"https:\/\/x.com\/KapitalisInfo\",\"https:\/\/www.youtube.com\/channel\/UC-yDYrHyfFBWWZaOw3FPg9Q\"]},{\"@type\":\"Person\",\"@id\":\"https:\/\/kapitalis.com\/tunisie\/#\/schema\/person\/d71f33a9ca44f7bad4698210b480c8e9\",\"name\":\"webmaster kapitalis\",\"url\":\"https:\/\/kapitalis.com\/tunisie\/author\/webmaster-kapitalis\/\"}]}<\/script>\n<!-- \/ Yoast SEO plugin. -->","yoast_head_json":{"title":"Nombre record de films tunisiens aux JCC 2024 - Kapitalis","robots":{"index":"index","follow":"follow","max-snippet":"max-snippet:-1","max-image-preview":"max-image-preview:large","max-video-preview":"max-video-preview:-1"},"canonical":"https:\/\/kapitalis.com\/tunisie\/2024\/12\/08\/nombre-record-de-films-tunisiens-aux-jcc-2024\/","og_locale":"fr_FR","og_type":"article","og_title":"Nombre record de films tunisiens aux JCC 2024 - Kapitalis","og_description":"Signe d'un dynamisme retrouv\u00e9 avec l'\u00e9mergence d'un grand nombre de jeunes cin\u00e9astes, un nombre record de films tunisiens est attendu aux JCC 2024.","og_url":"https:\/\/kapitalis.com\/tunisie\/2024\/12\/08\/nombre-record-de-films-tunisiens-aux-jcc-2024\/","og_site_name":"Kapitalis","article_publisher":"https:\/\/www.facebook.com\/KapitalisInfo\/","article_published_time":"2024-12-08T10:39:12+00:00","article_modified_time":"2024-12-08T10:39:13+00:00","og_image":[{"width":1200,"height":630,"url":"https:\/\/kapitalis.com\/tunisie\/wp-content\/uploads\/2024\/12\/Ferid-Boughedir-1.jpg","type":"image\/jpeg"}],"author":"webmaster kapitalis","twitter_card":"summary_large_image","twitter_creator":"@KapitalisInfo","twitter_site":"@KapitalisInfo","twitter_misc":{"\u00c9crit par":"webmaster kapitalis","Dur\u00e9e de lecture estim\u00e9e":"3 minutes"},"schema":{"@context":"https:\/\/schema.org","@graph":[{"@type":"Article","@id":"https:\/\/kapitalis.com\/tunisie\/2024\/12\/08\/nombre-record-de-films-tunisiens-aux-jcc-2024\/#article","isPartOf":{"@id":"https:\/\/kapitalis.com\/tunisie\/2024\/12\/08\/nombre-record-de-films-tunisiens-aux-jcc-2024\/"},"author":{"name":"webmaster kapitalis","@id":"https:\/\/kapitalis.com\/tunisie\/#\/schema\/person\/d71f33a9ca44f7bad4698210b480c8e9"},"headline":"Nombre record de films tunisiens aux JCC 2024","datePublished":"2024-12-08T10:39:12+00:00","dateModified":"2024-12-08T10:39:13+00:00","mainEntityOfPage":{"@id":"https:\/\/kapitalis.com\/tunisie\/2024\/12\/08\/nombre-record-de-films-tunisiens-aux-jcc-2024\/"},"wordCount":460,"commentCount":0,"publisher":{"@id":"https:\/\/kapitalis.com\/tunisie\/#organization"},"image":{"@id":"https:\/\/kapitalis.com\/tunisie\/2024\/12\/08\/nombre-record-de-films-tunisiens-aux-jcc-2024\/#primaryimage"},"thumbnailUrl":"https:\/\/kapitalis.com\/tunisie\/wp-content\/uploads\/2024\/12\/Ferid-Boughedir-1.jpg","keywords":["Dora Bouchoucha","Ferid Boughedir","JCC 2024","Jilani Saadi","Kays Alzubaydi","Omar Sall","Salma Baccar","Souad Ben Slimane"],"articleSection":["CULTURE","Tunisie"],"inLanguage":"fr-FR","potentialAction":[{"@type":"CommentAction","name":"Comment","target":["https:\/\/kapitalis.com\/tunisie\/2024\/12\/08\/nombre-record-de-films-tunisiens-aux-jcc-2024\/#respond"]}]},{"@type":"WebPage","@id":"https:\/\/kapitalis.com\/tunisie\/2024\/12\/08\/nombre-record-de-films-tunisiens-aux-jcc-2024\/","url":"https:\/\/kapitalis.com\/tunisie\/2024\/12\/08\/nombre-record-de-films-tunisiens-aux-jcc-2024\/","name":"Nombre record de films tunisiens aux JCC 2024 - Kapitalis","isPartOf":{"@id":"https:\/\/kapitalis.com\/tunisie\/#website"},"primaryImageOfPage":{"@id":"https:\/\/kapitalis.com\/tunisie\/2024\/12\/08\/nombre-record-de-films-tunisiens-aux-jcc-2024\/#primaryimage"},"image":{"@id":"https:\/\/kapitalis.com\/tunisie\/2024\/12\/08\/nombre-record-de-films-tunisiens-aux-jcc-2024\/#primaryimage"},"thumbnailUrl":"https:\/\/kapitalis.com\/tunisie\/wp-content\/uploads\/2024\/12\/Ferid-Boughedir-1.jpg","datePublished":"2024-12-08T10:39:12+00:00","dateModified":"2024-12-08T10:39:13+00:00","breadcrumb":{"@id":"https:\/\/kapitalis.com\/tunisie\/2024\/12\/08\/nombre-record-de-films-tunisiens-aux-jcc-2024\/#breadcrumb"},"inLanguage":"fr-FR","potentialAction":[{"@type":"ReadAction","target":["https:\/\/kapitalis.com\/tunisie\/2024\/12\/08\/nombre-record-de-films-tunisiens-aux-jcc-2024\/"]}]},{"@type":"ImageObject","inLanguage":"fr-FR","@id":"https:\/\/kapitalis.com\/tunisie\/2024\/12\/08\/nombre-record-de-films-tunisiens-aux-jcc-2024\/#primaryimage","url":"https:\/\/kapitalis.com\/tunisie\/wp-content\/uploads\/2024\/12\/Ferid-Boughedir-1.jpg","contentUrl":"https:\/\/kapitalis.com\/tunisie\/wp-content\/uploads\/2024\/12\/Ferid-Boughedir-1.jpg","width":1200,"height":630},{"@type":"BreadcrumbList","@id":"https:\/\/kapitalis.com\/tunisie\/2024\/12\/08\/nombre-record-de-films-tunisiens-aux-jcc-2024\/#breadcrumb","itemListElement":[{"@type":"ListItem","position":1,"name":"Accueil","item":"https:\/\/kapitalis.com\/tunisie\/"},{"@type":"ListItem","position":2,"name":"Nombre record de films tunisiens aux JCC 2024"}]},{"@type":"WebSite","@id":"https:\/\/kapitalis.com\/tunisie\/#website","url":"https:\/\/kapitalis.com\/tunisie\/","name":"Kapitalis","description":"L&#039;actualit\u00e9 en Tunisie et dans le monde","publisher":{"@id":"https:\/\/kapitalis.com\/tunisie\/#organization"},"potentialAction":[{"@type":"SearchAction","target":{"@type":"EntryPoint","urlTemplate":"https:\/\/kapitalis.com\/tunisie\/?s={search_term_string}"},"query-input":{"@type":"PropertyValueSpecification","valueRequired":true,"valueName":"search_term_string"}}],"inLanguage":"fr-FR"},{"@type":"Organization","@id":"https:\/\/kapitalis.com\/tunisie\/#organization","name":"Kapitalis","url":"https:\/\/kapitalis.com\/tunisie\/","logo":{"@type":"ImageObject","inLanguage":"fr-FR","@id":"https:\/\/kapitalis.com\/tunisie\/#\/schema\/logo\/image\/","url":"https:\/\/kapitalis.com\/tunisie\/wp-content\/uploads\/2022\/05\/Kapitalis-big-size.png","contentUrl":"https:\/\/kapitalis.com\/tunisie\/wp-content\/uploads\/2022\/05\/Kapitalis-big-size.png","width":5000,"height":1500,"caption":"Kapitalis"},"image":{"@id":"https:\/\/kapitalis.com\/tunisie\/#\/schema\/logo\/image\/"},"sameAs":["https:\/\/www.facebook.com\/KapitalisInfo\/","https:\/\/x.com\/KapitalisInfo","https:\/\/www.youtube.com\/channel\/UC-yDYrHyfFBWWZaOw3FPg9Q"]},{"@type":"Person","@id":"https:\/\/kapitalis.com\/tunisie\/#\/schema\/person\/d71f33a9ca44f7bad4698210b480c8e9","name":"webmaster kapitalis","url":"https:\/\/kapitalis.com\/tunisie\/author\/webmaster-kapitalis\/"}]}},"_links":{"self":[{"href":"https:\/\/kapitalis.com\/tunisie\/wp-json\/wp\/v2\/posts\/14819059","targetHints":{"allow":["GET"]}}],"collection":[{"href":"https:\/\/kapitalis.com\/tunisie\/wp-json\/wp\/v2\/posts"}],"about":[{"href":"https:\/\/kapitalis.com\/tunisie\/wp-json\/wp\/v2\/types\/post"}],"author":[{"embeddable":true,"href":"https:\/\/kapitalis.com\/tunisie\/wp-json\/wp\/v2\/users\/8"}],"replies":[{"embeddable":true,"href":"https:\/\/kapitalis.com\/tunisie\/wp-json\/wp\/v2\/comments?post=14819059"}],"version-history":[{"count":1,"href":"https:\/\/kapitalis.com\/tunisie\/wp-json\/wp\/v2\/posts\/14819059\/revisions"}],"predecessor-version":[{"id":14819096,"href":"https:\/\/kapitalis.com\/tunisie\/wp-json\/wp\/v2\/posts\/14819059\/revisions\/14819096"}],"wp:featuredmedia":[{"embeddable":true,"href":"https:\/\/kapitalis.com\/tunisie\/wp-json\/wp\/v2\/media\/14819085"}],"wp:attachment":[{"href":"https:\/\/kapitalis.com\/tunisie\/wp-json\/wp\/v2\/media?parent=14819059"}],"wp:term":[{"taxonomy":"category","embeddable":true,"href":"https:\/\/kapitalis.com\/tunisie\/wp-json\/wp\/v2\/categories?post=14819059"},{"taxonomy":"post_tag","embeddable":true,"href":"https:\/\/kapitalis.com\/tunisie\/wp-json\/wp\/v2\/tags?post=14819059"}],"curies":[{"name":"wp","href":"https:\/\/api.w.org\/{rel}","templated":true}]}}