{"id":14824074,"date":"2024-12-09T10:07:44","date_gmt":"2024-12-09T09:07:44","guid":{"rendered":"https:\/\/kapitalis.com\/tunisie\/?p=14824074"},"modified":"2024-12-09T10:07:46","modified_gmt":"2024-12-09T09:07:46","slug":"ne-nous-rejouissons-pas-trop-vite-de-la-chute-dal-assad","status":"publish","type":"post","link":"https:\/\/kapitalis.com\/tunisie\/2024\/12\/09\/ne-nous-rejouissons-pas-trop-vite-de-la-chute-dal-assad\/","title":{"rendered":"Ne nous r\u00e9jouissons pas trop vite de la chute d\u2019Al-Assad"},"content":{"rendered":"\n<p><strong><em>Aujourd\u2019hui, alors que des c\u00e9l\u00e9brations populaires accompagnent les bouleversements en Syrie, avec la fuite de Bachar Al-Assad et la prise de la capitale Damas par les rebelles arm\u00e9s de Haya\u2019at Tahrir Al-Sham, il est imp\u00e9ratif de nous interroger : \u00e0 qui profitent ces r\u00e9volutions et ces d\u00e9sordres?<\/em><\/strong><\/p>\n\n\n\n<p><strong>Kh\u00e9ma\u00efs Gharbi *<\/strong><\/p>\n\n\n\n<!--more-->\n\n\n<div class=\"wp-block-image\">\n<figure class=\"alignleft size-full\"><img loading=\"lazy\" decoding=\"async\" width=\"200\" height=\"200\" src=\"https:\/\/kapitalis.com\/tunisie\/wp-content\/uploads\/2024\/11\/Khemais-Gharbi.jpg\" alt=\"\" class=\"wp-image-14682166\" srcset=\"https:\/\/kapitalis.com\/tunisie\/wp-content\/uploads\/2024\/11\/Khemais-Gharbi.jpg 200w, https:\/\/kapitalis.com\/tunisie\/wp-content\/uploads\/2024\/11\/Khemais-Gharbi-150x150.jpg 150w, https:\/\/kapitalis.com\/tunisie\/wp-content\/uploads\/2024\/11\/Khemais-Gharbi-120x120.jpg 120w\" sizes=\"auto, (max-width: 200px) 100vw, 200px\" \/><\/figure>\n<\/div>\n\n\n<p>Depuis plus de deux d\u00e9cennies, le monde arabe est le th\u00e9\u00e2tre de bouleversements majeurs qui ont souvent \u00e9t\u00e9 c\u00e9l\u00e9br\u00e9s avec enthousiasme par les puissances occidentales et forc\u00e9ment par les populations locales galvanis\u00e9es par l\u2019espoir de changements et de d\u00e9mocratie.&nbsp;<\/p>\n\n\n\n<p>La chute de Zine El-Abidine Ben Ali en Tunisie en 2011 a marqu\u00e9 le d\u00e9but d\u2019une vague de r\u00e9volutions, suivie par celle de Mouammar Kadhafi en Libye la m\u00eame ann\u00e9e, et de Hosni Moubarak en \u00c9gypte. Ces \u00e9v\u00e9nements, bien que prometteurs pour certains, ont \u00e9galement ouvert la porte \u00e0 des souffrances incommensurables et \u00e0 une instabilit\u00e9 profonde.<\/p>\n\n\n\n<p>\u00c0 cela s\u2019ajoute l\u2019invasion de l\u2019Irak men\u00e9e par les \u00c9tats Unis d\u2019Am\u00e9rique et leurs alli\u00e9s, la chute de Saddam Hussein en 2003, dont l\u2019ex\u00e9cution, un jour de f\u00eate musulmane, a marqu\u00e9 un affront inoubliable pour l\u2019histoire et la dignit\u00e9 de la r\u00e9gion.<\/p>\n\n\n\n<p>Aujourd\u2019hui, alors que des c\u00e9l\u00e9brations similaires accompagnent les bouleversements en Syrie, avec la fuite de Bachar Al-Assad et la prise de la capitale Damas par les rebelles arm\u00e9s de Haya\u2019at Tahrir Al-Sham, il est imp\u00e9ratif de nous interroger : \u00e0 qui profitent ces r\u00e9volutions et ces d\u00e9sordres? Ces \u00e9v\u00e9nements, souvent initi\u00e9s ou encourag\u00e9s depuis l\u2019\u00e9tranger avec l\u2019appui de certaines oppositions locales, ont plong\u00e9 des millions de personnes dans le chaos. Derri\u00e8re ces apparentes victoires populaires se cache une r\u00e9alit\u00e9 sombre : une vague de destructions et de souffrances qui ne sert que les int\u00e9r\u00eats d\u2019acteurs g\u00e9opolitiques \u00e9trangers.<\/p>\n\n\n\n<h2 class=\"wp-block-heading\">Les commanditaires et les victimes<\/h2>\n\n\n\n<p>Il ne suffit pas de constater les ruines. Il faut identifier les b\u00e9n\u00e9ficiaires pour comprendre qui tire les ficelles de ces bouleversements. Ceux qui applaudissent la chute des r\u00e9gimes arabes ne le font pas pour servir les aspirations des peuples \u00e0 la libert\u00e9 ou \u00e0 la justice. Ils agissent au nom de leurs propres agendas : redessiner des fronti\u00e8res, affaiblir des nations, et imposer de nouvelles formes de domination.<\/p>\n\n\n\n<p>Les r\u00e9volutions qui ont balay\u00e9 le monde arabe, de la Tunisie \u00e0 la Syrie, ont permis aux anciennes puissances coloniales de tenter de r\u00e9affirmer leur contr\u00f4le sur des r\u00e9gions qui avaient pourtant arrach\u00e9 leur ind\u00e9pendance apr\u00e8s la Seconde Guerre mondiale, gr\u00e2ce au droit des peuples \u00e0 l\u2019autod\u00e9termination pr\u00f4n\u00e9 par Woodrow Wilson puis par Franklin Roosevelt.<\/p>\n\n\n\n<figure class=\"wp-block-embed is-type-wp-embed is-provider-kapitalis wp-block-embed-kapitalis\"><div class=\"wp-block-embed__wrapper\">\n<blockquote class=\"wp-embedded-content\" data-secret=\"ycmRTXyIqe\"><a href=\"https:\/\/kapitalis.com\/tunisie\/2024\/12\/09\/sans-ses-allies-bachar-al-assad-etait-devenu-un-tigre-de-papier\/\">Sans ses alli\u00e9s, Bachar Al-Assad \u00e9tait devenu un tigre de papier<\/a><\/blockquote><iframe loading=\"lazy\" class=\"wp-embedded-content\" sandbox=\"allow-scripts\" security=\"restricted\" style=\"position: absolute; visibility: hidden;\" title=\"\u00ab\u00a0Sans ses alli\u00e9s, Bachar Al-Assad \u00e9tait devenu un tigre de papier\u00a0\u00bb &#8212; Kapitalis\" src=\"https:\/\/kapitalis.com\/tunisie\/2024\/12\/09\/sans-ses-allies-bachar-al-assad-etait-devenu-un-tigre-de-papier\/embed\/#?secret=92VXrWsHfd#?secret=ycmRTXyIqe\" data-secret=\"ycmRTXyIqe\" width=\"600\" height=\"338\" frameborder=\"0\" marginwidth=\"0\" marginheight=\"0\" scrolling=\"no\"><\/iframe>\n<\/div><\/figure>\n\n\n\n<p>Aujourd\u2019hui, cette dynamique semble invers\u00e9e. Les puissances qui avaient perdu leur emprise sur les pays arabes au milieu du XX\u1d49 si\u00e8cle tentent un retour en force, cette fois avec l\u2019appui des \u00c9tats-Unis. Ce projet, que certains appellent un <em>\u00abnouveau Sykes-Picot\u00bb<\/em>, repose sur une recomposition des influences et des fronti\u00e8res au d\u00e9triment des populations locales.<\/p>\n\n\n\n<h2 class=\"wp-block-heading\">N&rsquo;applaudissons pas nos malheurs !<\/h2>\n\n\n\n<p>Dans ce contexte, il est l\u00e9gitime de se demander pourquoi, nous, Arabes, nous nous retrouvons souvent dans le camp de ceux qui se r\u00e9jouissent de la chute de nos propres dirigeants, m\u00eame lorsqu\u2019ils r\u00e9sistent \u00e0 ces projets d\u2019ing\u00e9rence. Applaudir la chute de Bachar Al-Assad ou de n\u2019importe quel autre dirigeant sous pr\u00e9texte de changement ne fait que nous aligner sur les int\u00e9r\u00eats de nos ennemis communs. Il y a une profonde incoh\u00e9rence \u00e0 partager les gradins avec des supporters qui \u0153uvrent contre notre souverainet\u00e9.<\/p>\n\n\n\n<p>Nous devons refuser de devenir les complices de notre propre affaiblissement. Il ne s\u2019agit pas ici de d\u00e9fendre des r\u00e9gimes ou des individus, mais de d\u00e9fendre le principe fondamental de l\u2019ind\u00e9pendance et la dignit\u00e9 nationales. Si nous continuons \u00e0 applaudir les bouleversements orchestr\u00e9s \u00e0 notre encontre, nous ne ferons que prolonger notre propre souffrance.<\/p>\n\n\n\n<h2 class=\"wp-block-heading\">Un appel \u00e0 la conscience patriotique<\/h2>\n\n\n\n<p>L\u2019heure est venue pour les vrais patriotes de prendre conscience de la gravit\u00e9 de la situation. Nous glissons sur un toboggan qui nous m\u00e8ne droit vers l\u2019effondrement total. Il faut stopper cette h\u00e9morragie. Cela commence par cesser de nous diviser et de nous critiquer syst\u00e9matiquement les uns les autres, car cette fragmentation ne fait que servir ceux qui veulent nous ramener \u00e0 l\u2019\u00e2ge de pierre, comme l\u2019avait cyniquement pr\u00e9dit George W. Bush en 2001.<\/p>\n\n\n\n<figure class=\"wp-block-embed is-type-wp-embed is-provider-kapitalis wp-block-embed-kapitalis\"><div class=\"wp-block-embed__wrapper\">\n<blockquote class=\"wp-embedded-content\" data-secret=\"PKvwkk51Ex\"><a href=\"https:\/\/kapitalis.com\/tunisie\/2024\/12\/09\/chute-de-la-maison-al-assad-en-syrie-les-dessous-des-cartes\/\">Chute de la maison Al-Assad en Syrie\u00a0: les dessous des cartes<\/a><\/blockquote><iframe loading=\"lazy\" class=\"wp-embedded-content\" sandbox=\"allow-scripts\" security=\"restricted\" style=\"position: absolute; visibility: hidden;\" title=\"\u00ab\u00a0Chute de la maison Al-Assad en Syrie\u00a0: les dessous des cartes\u00a0\u00bb &#8212; Kapitalis\" src=\"https:\/\/kapitalis.com\/tunisie\/2024\/12\/09\/chute-de-la-maison-al-assad-en-syrie-les-dessous-des-cartes\/embed\/#?secret=JN0L6BLzph#?secret=PKvwkk51Ex\" data-secret=\"PKvwkk51Ex\" width=\"600\" height=\"338\" frameborder=\"0\" marginwidth=\"0\" marginheight=\"0\" scrolling=\"no\"><\/iframe>\n<\/div><\/figure>\n\n\n\n<p>Il est temps de r\u00e9fl\u00e9chir \u00e0 l\u2019avenir et de r\u00e9sister \u00e0 ces vagues de destruction qui se succ\u00e8dent sous pr\u00e9texte de <em>\u00abprintemps\u00bb<\/em> ou de <em>\u00ablib\u00e9ration\u00bb<\/em>. Les v\u00e9ritables ennemis ne sont pas ceux que nous d\u00e9signons \u00e0 la h\u00e2te parmi nous, mais ceux qui manipulent les fils en coulisse pour servir leurs propres int\u00e9r\u00eats. Si nous ne changeons pas de cap, la roue continuera de tourner, et les prochaines victimes seront in\u00e9vitablement parmi nous.<\/p>\n\n\n\n<h2 class=\"wp-block-heading\">Ne soyons pas les artisans de notre propre perte <\/h2>\n\n\n\n<p>L\u2019histoire r\u00e9cente nous a appris que les bouleversements ne sont jamais anodins. Il est temps de tirer les le\u00e7ons de ces exp\u00e9riences pour \u00e9viter de tomber encore et encore dans le m\u00eame pi\u00e8ge.<\/p>\n\n\n\n<p>Soyons lucides. Ne c\u00e9l\u00e9brons pas trop vite la chute d\u2019un dirigeant sans comprendre les implications profondes de cet \u00e9v\u00e9nement. Seules la vigilance et l\u2019unit\u00e9 peuvent nous permettre de sortir de ce cycle destructeur et de construire un avenir qui serve r\u00e9ellement les int\u00e9r\u00eats de nos peuples.<\/p>\n\n\n\n<p>* <em>Ecrivain et traducteur.<\/em><\/p>\n","protected":false},"excerpt":{"rendered":"<p>Des c\u00e9l\u00e9brations populaires accompagnent la chute du r\u00e9gime de Bachar Al-Assad en Syrie, mais \u00e0 qui profitent ces d\u00e9sordres?<\/p>\n","protected":false},"author":8,"featured_media":14824130,"comment_status":"open","ping_status":"open","sticky":false,"template":"","format":"standard","meta":{"footnotes":""},"categories":[992,997,1000,2433],"tags":[5737,75918,119426,11129,81412,119427,873,62643,80856],"class_list":["post-14824074","post","type-post","status-publish","format-standard","has-post-thumbnail","hentry","category-a-la-une","category-politique","category-tribune","category-tunisie","tag-bachar-al-assad","tag-etats-unis-2","tag-hayaat-tahrir-al-sham","tag-mouammar-kadhafi","tag-saddam-hussein","tag-sykes-picot","tag-syrie","tag-tunisie","tag-zine-el-abidine-ben-ali-2"],"yoast_head":"<!-- This site is optimized with the Yoast SEO plugin v26.6 - https:\/\/yoast.com\/wordpress\/plugins\/seo\/ -->\n<title>Ne nous r\u00e9jouissons pas trop vite de la chute d\u2019Al-Assad - Kapitalis<\/title>\n<meta name=\"robots\" content=\"index, follow, max-snippet:-1, max-image-preview:large, max-video-preview:-1\" \/>\n<link rel=\"canonical\" href=\"https:\/\/kapitalis.com\/tunisie\/2024\/12\/09\/ne-nous-rejouissons-pas-trop-vite-de-la-chute-dal-assad\/\" \/>\n<meta property=\"og:locale\" content=\"fr_FR\" \/>\n<meta property=\"og:type\" content=\"article\" \/>\n<meta property=\"og:title\" content=\"Ne nous r\u00e9jouissons pas trop vite de la chute d\u2019Al-Assad - Kapitalis\" \/>\n<meta property=\"og:description\" content=\"Des c\u00e9l\u00e9brations populaires accompagnent la chute du r\u00e9gime de Bachar Al-Assad en Syrie, mais \u00e0 qui profitent ces d\u00e9sordres?\" \/>\n<meta property=\"og:url\" content=\"https:\/\/kapitalis.com\/tunisie\/2024\/12\/09\/ne-nous-rejouissons-pas-trop-vite-de-la-chute-dal-assad\/\" \/>\n<meta property=\"og:site_name\" content=\"Kapitalis\" \/>\n<meta property=\"article:publisher\" content=\"https:\/\/www.facebook.com\/KapitalisInfo\/\" \/>\n<meta property=\"article:published_time\" content=\"2024-12-09T09:07:44+00:00\" \/>\n<meta property=\"article:modified_time\" content=\"2024-12-09T09:07:46+00:00\" \/>\n<meta property=\"og:image\" content=\"https:\/\/kapitalis.com\/tunisie\/wp-content\/uploads\/2024\/12\/Chute-de-Bachar-2.jpg\" \/>\n\t<meta property=\"og:image:width\" content=\"1200\" \/>\n\t<meta property=\"og:image:height\" content=\"630\" \/>\n\t<meta property=\"og:image:type\" content=\"image\/jpeg\" \/>\n<meta name=\"author\" content=\"webmaster kapitalis\" \/>\n<meta name=\"twitter:card\" content=\"summary_large_image\" \/>\n<meta name=\"twitter:creator\" content=\"@KapitalisInfo\" \/>\n<meta name=\"twitter:site\" content=\"@KapitalisInfo\" \/>\n<meta name=\"twitter:label1\" content=\"\u00c9crit par\" \/>\n\t<meta name=\"twitter:data1\" content=\"webmaster kapitalis\" \/>\n\t<meta name=\"twitter:label2\" content=\"Dur\u00e9e de lecture estim\u00e9e\" \/>\n\t<meta name=\"twitter:data2\" content=\"5 minutes\" \/>\n<script type=\"application\/ld+json\" class=\"yoast-schema-graph\">{\"@context\":\"https:\/\/schema.org\",\"@graph\":[{\"@type\":\"Article\",\"@id\":\"https:\/\/kapitalis.com\/tunisie\/2024\/12\/09\/ne-nous-rejouissons-pas-trop-vite-de-la-chute-dal-assad\/#article\",\"isPartOf\":{\"@id\":\"https:\/\/kapitalis.com\/tunisie\/2024\/12\/09\/ne-nous-rejouissons-pas-trop-vite-de-la-chute-dal-assad\/\"},\"author\":{\"name\":\"webmaster kapitalis\",\"@id\":\"https:\/\/kapitalis.com\/tunisie\/#\/schema\/person\/d71f33a9ca44f7bad4698210b480c8e9\"},\"headline\":\"Ne nous r\u00e9jouissons pas trop vite de la chute d\u2019Al-Assad\",\"datePublished\":\"2024-12-09T09:07:44+00:00\",\"dateModified\":\"2024-12-09T09:07:46+00:00\",\"mainEntityOfPage\":{\"@id\":\"https:\/\/kapitalis.com\/tunisie\/2024\/12\/09\/ne-nous-rejouissons-pas-trop-vite-de-la-chute-dal-assad\/\"},\"wordCount\":981,\"commentCount\":5,\"publisher\":{\"@id\":\"https:\/\/kapitalis.com\/tunisie\/#organization\"},\"image\":{\"@id\":\"https:\/\/kapitalis.com\/tunisie\/2024\/12\/09\/ne-nous-rejouissons-pas-trop-vite-de-la-chute-dal-assad\/#primaryimage\"},\"thumbnailUrl\":\"https:\/\/kapitalis.com\/tunisie\/wp-content\/uploads\/2024\/12\/Chute-de-Bachar-2.jpg\",\"keywords\":[\"Bachar al-Assad\",\"Etats-Unis\",\"Haya\u2019at Tahrir Al-Sham\",\"Mouammar Kadhafi\",\"Saddam Hussein\",\"Sykes-Picot\",\"Syrie\",\"Tunisie\",\"Zine El-Abidine Ben Ali\"],\"articleSection\":[\"A LA UNE\",\"POLITIQUE\",\"TRIBUNE\",\"Tunisie\"],\"inLanguage\":\"fr-FR\",\"potentialAction\":[{\"@type\":\"CommentAction\",\"name\":\"Comment\",\"target\":[\"https:\/\/kapitalis.com\/tunisie\/2024\/12\/09\/ne-nous-rejouissons-pas-trop-vite-de-la-chute-dal-assad\/#respond\"]}]},{\"@type\":\"WebPage\",\"@id\":\"https:\/\/kapitalis.com\/tunisie\/2024\/12\/09\/ne-nous-rejouissons-pas-trop-vite-de-la-chute-dal-assad\/\",\"url\":\"https:\/\/kapitalis.com\/tunisie\/2024\/12\/09\/ne-nous-rejouissons-pas-trop-vite-de-la-chute-dal-assad\/\",\"name\":\"Ne nous r\u00e9jouissons pas trop vite de la chute d\u2019Al-Assad - Kapitalis\",\"isPartOf\":{\"@id\":\"https:\/\/kapitalis.com\/tunisie\/#website\"},\"primaryImageOfPage\":{\"@id\":\"https:\/\/kapitalis.com\/tunisie\/2024\/12\/09\/ne-nous-rejouissons-pas-trop-vite-de-la-chute-dal-assad\/#primaryimage\"},\"image\":{\"@id\":\"https:\/\/kapitalis.com\/tunisie\/2024\/12\/09\/ne-nous-rejouissons-pas-trop-vite-de-la-chute-dal-assad\/#primaryimage\"},\"thumbnailUrl\":\"https:\/\/kapitalis.com\/tunisie\/wp-content\/uploads\/2024\/12\/Chute-de-Bachar-2.jpg\",\"datePublished\":\"2024-12-09T09:07:44+00:00\",\"dateModified\":\"2024-12-09T09:07:46+00:00\",\"breadcrumb\":{\"@id\":\"https:\/\/kapitalis.com\/tunisie\/2024\/12\/09\/ne-nous-rejouissons-pas-trop-vite-de-la-chute-dal-assad\/#breadcrumb\"},\"inLanguage\":\"fr-FR\",\"potentialAction\":[{\"@type\":\"ReadAction\",\"target\":[\"https:\/\/kapitalis.com\/tunisie\/2024\/12\/09\/ne-nous-rejouissons-pas-trop-vite-de-la-chute-dal-assad\/\"]}]},{\"@type\":\"ImageObject\",\"inLanguage\":\"fr-FR\",\"@id\":\"https:\/\/kapitalis.com\/tunisie\/2024\/12\/09\/ne-nous-rejouissons-pas-trop-vite-de-la-chute-dal-assad\/#primaryimage\",\"url\":\"https:\/\/kapitalis.com\/tunisie\/wp-content\/uploads\/2024\/12\/Chute-de-Bachar-2.jpg\",\"contentUrl\":\"https:\/\/kapitalis.com\/tunisie\/wp-content\/uploads\/2024\/12\/Chute-de-Bachar-2.jpg\",\"width\":1200,\"height\":630},{\"@type\":\"BreadcrumbList\",\"@id\":\"https:\/\/kapitalis.com\/tunisie\/2024\/12\/09\/ne-nous-rejouissons-pas-trop-vite-de-la-chute-dal-assad\/#breadcrumb\",\"itemListElement\":[{\"@type\":\"ListItem\",\"position\":1,\"name\":\"Accueil\",\"item\":\"https:\/\/kapitalis.com\/tunisie\/\"},{\"@type\":\"ListItem\",\"position\":2,\"name\":\"Ne nous r\u00e9jouissons pas trop vite de la chute d\u2019Al-Assad\"}]},{\"@type\":\"WebSite\",\"@id\":\"https:\/\/kapitalis.com\/tunisie\/#website\",\"url\":\"https:\/\/kapitalis.com\/tunisie\/\",\"name\":\"Kapitalis\",\"description\":\"L&#039;actualit\u00e9 en Tunisie et dans le monde\",\"publisher\":{\"@id\":\"https:\/\/kapitalis.com\/tunisie\/#organization\"},\"potentialAction\":[{\"@type\":\"SearchAction\",\"target\":{\"@type\":\"EntryPoint\",\"urlTemplate\":\"https:\/\/kapitalis.com\/tunisie\/?s={search_term_string}\"},\"query-input\":{\"@type\":\"PropertyValueSpecification\",\"valueRequired\":true,\"valueName\":\"search_term_string\"}}],\"inLanguage\":\"fr-FR\"},{\"@type\":\"Organization\",\"@id\":\"https:\/\/kapitalis.com\/tunisie\/#organization\",\"name\":\"Kapitalis\",\"url\":\"https:\/\/kapitalis.com\/tunisie\/\",\"logo\":{\"@type\":\"ImageObject\",\"inLanguage\":\"fr-FR\",\"@id\":\"https:\/\/kapitalis.com\/tunisie\/#\/schema\/logo\/image\/\",\"url\":\"https:\/\/kapitalis.com\/tunisie\/wp-content\/uploads\/2022\/05\/Kapitalis-big-size.png\",\"contentUrl\":\"https:\/\/kapitalis.com\/tunisie\/wp-content\/uploads\/2022\/05\/Kapitalis-big-size.png\",\"width\":5000,\"height\":1500,\"caption\":\"Kapitalis\"},\"image\":{\"@id\":\"https:\/\/kapitalis.com\/tunisie\/#\/schema\/logo\/image\/\"},\"sameAs\":[\"https:\/\/www.facebook.com\/KapitalisInfo\/\",\"https:\/\/x.com\/KapitalisInfo\",\"https:\/\/www.youtube.com\/channel\/UC-yDYrHyfFBWWZaOw3FPg9Q\"]},{\"@type\":\"Person\",\"@id\":\"https:\/\/kapitalis.com\/tunisie\/#\/schema\/person\/d71f33a9ca44f7bad4698210b480c8e9\",\"name\":\"webmaster kapitalis\",\"url\":\"https:\/\/kapitalis.com\/tunisie\/author\/webmaster-kapitalis\/\"}]}<\/script>\n<!-- \/ Yoast SEO plugin. -->","yoast_head_json":{"title":"Ne nous r\u00e9jouissons pas trop vite de la chute d\u2019Al-Assad - Kapitalis","robots":{"index":"index","follow":"follow","max-snippet":"max-snippet:-1","max-image-preview":"max-image-preview:large","max-video-preview":"max-video-preview:-1"},"canonical":"https:\/\/kapitalis.com\/tunisie\/2024\/12\/09\/ne-nous-rejouissons-pas-trop-vite-de-la-chute-dal-assad\/","og_locale":"fr_FR","og_type":"article","og_title":"Ne nous r\u00e9jouissons pas trop vite de la chute d\u2019Al-Assad - Kapitalis","og_description":"Des c\u00e9l\u00e9brations populaires accompagnent la chute du r\u00e9gime de Bachar Al-Assad en Syrie, mais \u00e0 qui profitent ces d\u00e9sordres?","og_url":"https:\/\/kapitalis.com\/tunisie\/2024\/12\/09\/ne-nous-rejouissons-pas-trop-vite-de-la-chute-dal-assad\/","og_site_name":"Kapitalis","article_publisher":"https:\/\/www.facebook.com\/KapitalisInfo\/","article_published_time":"2024-12-09T09:07:44+00:00","article_modified_time":"2024-12-09T09:07:46+00:00","og_image":[{"width":1200,"height":630,"url":"https:\/\/kapitalis.com\/tunisie\/wp-content\/uploads\/2024\/12\/Chute-de-Bachar-2.jpg","type":"image\/jpeg"}],"author":"webmaster kapitalis","twitter_card":"summary_large_image","twitter_creator":"@KapitalisInfo","twitter_site":"@KapitalisInfo","twitter_misc":{"\u00c9crit par":"webmaster kapitalis","Dur\u00e9e de lecture estim\u00e9e":"5 minutes"},"schema":{"@context":"https:\/\/schema.org","@graph":[{"@type":"Article","@id":"https:\/\/kapitalis.com\/tunisie\/2024\/12\/09\/ne-nous-rejouissons-pas-trop-vite-de-la-chute-dal-assad\/#article","isPartOf":{"@id":"https:\/\/kapitalis.com\/tunisie\/2024\/12\/09\/ne-nous-rejouissons-pas-trop-vite-de-la-chute-dal-assad\/"},"author":{"name":"webmaster kapitalis","@id":"https:\/\/kapitalis.com\/tunisie\/#\/schema\/person\/d71f33a9ca44f7bad4698210b480c8e9"},"headline":"Ne nous r\u00e9jouissons pas trop vite de la chute d\u2019Al-Assad","datePublished":"2024-12-09T09:07:44+00:00","dateModified":"2024-12-09T09:07:46+00:00","mainEntityOfPage":{"@id":"https:\/\/kapitalis.com\/tunisie\/2024\/12\/09\/ne-nous-rejouissons-pas-trop-vite-de-la-chute-dal-assad\/"},"wordCount":981,"commentCount":5,"publisher":{"@id":"https:\/\/kapitalis.com\/tunisie\/#organization"},"image":{"@id":"https:\/\/kapitalis.com\/tunisie\/2024\/12\/09\/ne-nous-rejouissons-pas-trop-vite-de-la-chute-dal-assad\/#primaryimage"},"thumbnailUrl":"https:\/\/kapitalis.com\/tunisie\/wp-content\/uploads\/2024\/12\/Chute-de-Bachar-2.jpg","keywords":["Bachar al-Assad","Etats-Unis","Haya\u2019at Tahrir Al-Sham","Mouammar Kadhafi","Saddam Hussein","Sykes-Picot","Syrie","Tunisie","Zine El-Abidine Ben Ali"],"articleSection":["A LA UNE","POLITIQUE","TRIBUNE","Tunisie"],"inLanguage":"fr-FR","potentialAction":[{"@type":"CommentAction","name":"Comment","target":["https:\/\/kapitalis.com\/tunisie\/2024\/12\/09\/ne-nous-rejouissons-pas-trop-vite-de-la-chute-dal-assad\/#respond"]}]},{"@type":"WebPage","@id":"https:\/\/kapitalis.com\/tunisie\/2024\/12\/09\/ne-nous-rejouissons-pas-trop-vite-de-la-chute-dal-assad\/","url":"https:\/\/kapitalis.com\/tunisie\/2024\/12\/09\/ne-nous-rejouissons-pas-trop-vite-de-la-chute-dal-assad\/","name":"Ne nous r\u00e9jouissons pas trop vite de la chute d\u2019Al-Assad - Kapitalis","isPartOf":{"@id":"https:\/\/kapitalis.com\/tunisie\/#website"},"primaryImageOfPage":{"@id":"https:\/\/kapitalis.com\/tunisie\/2024\/12\/09\/ne-nous-rejouissons-pas-trop-vite-de-la-chute-dal-assad\/#primaryimage"},"image":{"@id":"https:\/\/kapitalis.com\/tunisie\/2024\/12\/09\/ne-nous-rejouissons-pas-trop-vite-de-la-chute-dal-assad\/#primaryimage"},"thumbnailUrl":"https:\/\/kapitalis.com\/tunisie\/wp-content\/uploads\/2024\/12\/Chute-de-Bachar-2.jpg","datePublished":"2024-12-09T09:07:44+00:00","dateModified":"2024-12-09T09:07:46+00:00","breadcrumb":{"@id":"https:\/\/kapitalis.com\/tunisie\/2024\/12\/09\/ne-nous-rejouissons-pas-trop-vite-de-la-chute-dal-assad\/#breadcrumb"},"inLanguage":"fr-FR","potentialAction":[{"@type":"ReadAction","target":["https:\/\/kapitalis.com\/tunisie\/2024\/12\/09\/ne-nous-rejouissons-pas-trop-vite-de-la-chute-dal-assad\/"]}]},{"@type":"ImageObject","inLanguage":"fr-FR","@id":"https:\/\/kapitalis.com\/tunisie\/2024\/12\/09\/ne-nous-rejouissons-pas-trop-vite-de-la-chute-dal-assad\/#primaryimage","url":"https:\/\/kapitalis.com\/tunisie\/wp-content\/uploads\/2024\/12\/Chute-de-Bachar-2.jpg","contentUrl":"https:\/\/kapitalis.com\/tunisie\/wp-content\/uploads\/2024\/12\/Chute-de-Bachar-2.jpg","width":1200,"height":630},{"@type":"BreadcrumbList","@id":"https:\/\/kapitalis.com\/tunisie\/2024\/12\/09\/ne-nous-rejouissons-pas-trop-vite-de-la-chute-dal-assad\/#breadcrumb","itemListElement":[{"@type":"ListItem","position":1,"name":"Accueil","item":"https:\/\/kapitalis.com\/tunisie\/"},{"@type":"ListItem","position":2,"name":"Ne nous r\u00e9jouissons pas trop vite de la chute d\u2019Al-Assad"}]},{"@type":"WebSite","@id":"https:\/\/kapitalis.com\/tunisie\/#website","url":"https:\/\/kapitalis.com\/tunisie\/","name":"Kapitalis","description":"L&#039;actualit\u00e9 en Tunisie et dans le monde","publisher":{"@id":"https:\/\/kapitalis.com\/tunisie\/#organization"},"potentialAction":[{"@type":"SearchAction","target":{"@type":"EntryPoint","urlTemplate":"https:\/\/kapitalis.com\/tunisie\/?s={search_term_string}"},"query-input":{"@type":"PropertyValueSpecification","valueRequired":true,"valueName":"search_term_string"}}],"inLanguage":"fr-FR"},{"@type":"Organization","@id":"https:\/\/kapitalis.com\/tunisie\/#organization","name":"Kapitalis","url":"https:\/\/kapitalis.com\/tunisie\/","logo":{"@type":"ImageObject","inLanguage":"fr-FR","@id":"https:\/\/kapitalis.com\/tunisie\/#\/schema\/logo\/image\/","url":"https:\/\/kapitalis.com\/tunisie\/wp-content\/uploads\/2022\/05\/Kapitalis-big-size.png","contentUrl":"https:\/\/kapitalis.com\/tunisie\/wp-content\/uploads\/2022\/05\/Kapitalis-big-size.png","width":5000,"height":1500,"caption":"Kapitalis"},"image":{"@id":"https:\/\/kapitalis.com\/tunisie\/#\/schema\/logo\/image\/"},"sameAs":["https:\/\/www.facebook.com\/KapitalisInfo\/","https:\/\/x.com\/KapitalisInfo","https:\/\/www.youtube.com\/channel\/UC-yDYrHyfFBWWZaOw3FPg9Q"]},{"@type":"Person","@id":"https:\/\/kapitalis.com\/tunisie\/#\/schema\/person\/d71f33a9ca44f7bad4698210b480c8e9","name":"webmaster kapitalis","url":"https:\/\/kapitalis.com\/tunisie\/author\/webmaster-kapitalis\/"}]}},"_links":{"self":[{"href":"https:\/\/kapitalis.com\/tunisie\/wp-json\/wp\/v2\/posts\/14824074","targetHints":{"allow":["GET"]}}],"collection":[{"href":"https:\/\/kapitalis.com\/tunisie\/wp-json\/wp\/v2\/posts"}],"about":[{"href":"https:\/\/kapitalis.com\/tunisie\/wp-json\/wp\/v2\/types\/post"}],"author":[{"embeddable":true,"href":"https:\/\/kapitalis.com\/tunisie\/wp-json\/wp\/v2\/users\/8"}],"replies":[{"embeddable":true,"href":"https:\/\/kapitalis.com\/tunisie\/wp-json\/wp\/v2\/comments?post=14824074"}],"version-history":[{"count":1,"href":"https:\/\/kapitalis.com\/tunisie\/wp-json\/wp\/v2\/posts\/14824074\/revisions"}],"predecessor-version":[{"id":14824144,"href":"https:\/\/kapitalis.com\/tunisie\/wp-json\/wp\/v2\/posts\/14824074\/revisions\/14824144"}],"wp:featuredmedia":[{"embeddable":true,"href":"https:\/\/kapitalis.com\/tunisie\/wp-json\/wp\/v2\/media\/14824130"}],"wp:attachment":[{"href":"https:\/\/kapitalis.com\/tunisie\/wp-json\/wp\/v2\/media?parent=14824074"}],"wp:term":[{"taxonomy":"category","embeddable":true,"href":"https:\/\/kapitalis.com\/tunisie\/wp-json\/wp\/v2\/categories?post=14824074"},{"taxonomy":"post_tag","embeddable":true,"href":"https:\/\/kapitalis.com\/tunisie\/wp-json\/wp\/v2\/tags?post=14824074"}],"curies":[{"name":"wp","href":"https:\/\/api.w.org\/{rel}","templated":true}]}}