{"id":14827123,"date":"2024-12-09T21:17:30","date_gmt":"2024-12-09T20:17:30","guid":{"rendered":"https:\/\/kapitalis.com\/tunisie\/?p=14827123"},"modified":"2024-12-09T21:20:29","modified_gmt":"2024-12-09T20:20:29","slug":"ift-projection-du-film-mouvma-en-presence-de-la-realisatrice-ines-ben-othman","status":"publish","type":"post","link":"https:\/\/kapitalis.com\/tunisie\/2024\/12\/09\/ift-projection-du-film-mouvma-en-presence-de-la-realisatrice-ines-ben-othman\/","title":{"rendered":"IFT : Projection du film \u00ab\u00a0Mouvma\u00a0\u00bb en pr\u00e9sence de la r\u00e9alisatrice Ines Ben Othman"},"content":{"rendered":"\n<p><em><strong>L&rsquo;Institut fran\u00e7ais de Tunisie (IFT) organise une projection-d\u00e9bat du film documentaire \u00ab\u00a0Mouvma, des po\u00e8tes pas comme les autres\u00a0\u00bb en pr\u00e9sence de la r\u00e9alisatrice Ines Ben Othman<\/strong><\/em>.<\/p>\n\n\n\n<!--more-->\n\n\n\n<p>La projetcion est pr\u00e9vue pour mardi 10 d\u00e9cembre \u00e0 18h \u00e0 l&rsquo;Auditorium de l&rsquo;Institut fran\u00e7ais et les billets (Tarif : 6 DT) sont disponibles \u00e0 l&rsquo;accueil de l&rsquo;IFT et en ligne sur son site <a href=\"http:\/\/bit.ly\/30wzIOG\">web<\/a> <\/p>\n\n\n\n<p>&#8212;&#8212; R\u00e9sum\u00e9 : (VO) &#8212;&#8212;-<\/p>\n\n\n\n<p>Plusieurs chansons ont vu le jour dans les virages des stades, ces chansons d\u00e9passent les hymnes et slogans que les supporters avaient l\u2019habitude de cr\u00e9er. En les \u00e9coutant, on se rend tout de suite compte que les paroles et le discours, parfois contestataire de l\u2019ordre \u00e9tabli, sont une d\u00e9nonciation de l\u2019injustice sociale et une revendication de la dignit\u00e9 et de la libert\u00e9.<\/p>\n\n\n\n<figure class=\"wp-block-embed is-type-video is-provider-youtube wp-block-embed-youtube wp-embed-aspect-16-9 wp-has-aspect-ratio\"><div class=\"wp-block-embed__wrapper\">\n<iframe loading=\"lazy\" title=\"Film MOUVMA de Ines ben Othman\" width=\"1160\" height=\"653\" src=\"https:\/\/www.youtube.com\/embed\/k8woYwQ7aTw?feature=oembed\" frameborder=\"0\" allow=\"accelerometer; autoplay; clipboard-write; encrypted-media; gyroscope; picture-in-picture; web-share\" referrerpolicy=\"strict-origin-when-cross-origin\" allowfullscreen><\/iframe>\n<\/div><\/figure>\n\n\n\n<p class=\"has-text-align-right\"><strong>Communiqu\u00e9<\/strong><\/p>\n","protected":false},"excerpt":{"rendered":"<p>L&rsquo;Institut fran\u00e7ais de Tunisie (IFT) organise une projection-d\u00e9bat du film documentaire \u00ab\u00a0Mouvma, des po\u00e8tes pas comme les autres\u00a0\u00bb en pr\u00e9sence de la r\u00e9alisatrice Ines Ben Othman.<\/p>\n","protected":false},"author":6,"featured_media":14827170,"comment_status":"open","ping_status":"open","sticky":false,"template":"","format":"standard","meta":{"footnotes":""},"categories":[994,2433,4806],"tags":[5865,462,97302,119433,112618,62643],"class_list":["post-14827123","post","type-post","status-publish","format-standard","has-post-thumbnail","hentry","category-culture","category-tunisie","category-videos","tag-film","tag-ift","tag-ines-ben-othman","tag-mouvma","tag-projection","tag-tunisie"],"yoast_head":"<!-- This site is optimized with the Yoast SEO plugin v26.6 - https:\/\/yoast.com\/wordpress\/plugins\/seo\/ -->\n<title>IFT : Projection du film &quot;Mouvma&quot; en pr\u00e9sence de la r\u00e9alisatrice Ines Ben Othman - Kapitalis<\/title>\n<meta name=\"robots\" content=\"index, follow, max-snippet:-1, max-image-preview:large, max-video-preview:-1\" \/>\n<link rel=\"canonical\" href=\"https:\/\/kapitalis.com\/tunisie\/2024\/12\/09\/ift-projection-du-film-mouvma-en-presence-de-la-realisatrice-ines-ben-othman\/\" \/>\n<meta property=\"og:locale\" content=\"fr_FR\" \/>\n<meta property=\"og:type\" content=\"article\" \/>\n<meta property=\"og:title\" content=\"IFT : Projection du film &quot;Mouvma&quot; en pr\u00e9sence de la r\u00e9alisatrice Ines Ben Othman - Kapitalis\" \/>\n<meta property=\"og:description\" content=\"L&rsquo;Institut fran\u00e7ais de Tunisie (IFT) organise une projection-d\u00e9bat du film documentaire \u00ab\u00a0Mouvma, des po\u00e8tes pas comme les autres\u00a0\u00bb en pr\u00e9sence de la r\u00e9alisatrice Ines Ben Othman.\" \/>\n<meta property=\"og:url\" content=\"https:\/\/kapitalis.com\/tunisie\/2024\/12\/09\/ift-projection-du-film-mouvma-en-presence-de-la-realisatrice-ines-ben-othman\/\" \/>\n<meta property=\"og:site_name\" content=\"Kapitalis\" \/>\n<meta property=\"article:publisher\" content=\"https:\/\/www.facebook.com\/KapitalisInfo\/\" \/>\n<meta property=\"article:published_time\" content=\"2024-12-09T20:17:30+00:00\" \/>\n<meta property=\"article:modified_time\" content=\"2024-12-09T20:20:29+00:00\" \/>\n<meta property=\"og:image\" content=\"https:\/\/kapitalis.com\/tunisie\/wp-content\/uploads\/2024\/12\/Ines-Ben-Othman.jpg\" \/>\n\t<meta property=\"og:image:width\" content=\"1200\" \/>\n\t<meta property=\"og:image:height\" content=\"630\" \/>\n\t<meta property=\"og:image:type\" content=\"image\/jpeg\" \/>\n<meta name=\"author\" content=\"Yusra NY\" \/>\n<meta name=\"twitter:card\" content=\"summary_large_image\" \/>\n<meta name=\"twitter:creator\" content=\"@KapitalisInfo\" \/>\n<meta name=\"twitter:site\" content=\"@KapitalisInfo\" \/>\n<meta name=\"twitter:label1\" content=\"\u00c9crit par\" \/>\n\t<meta name=\"twitter:data1\" content=\"Yusra NY\" \/>\n\t<meta name=\"twitter:label2\" content=\"Dur\u00e9e de lecture estim\u00e9e\" \/>\n\t<meta name=\"twitter:data2\" content=\"1 minute\" \/>\n<script type=\"application\/ld+json\" class=\"yoast-schema-graph\">{\"@context\":\"https:\/\/schema.org\",\"@graph\":[{\"@type\":\"Article\",\"@id\":\"https:\/\/kapitalis.com\/tunisie\/2024\/12\/09\/ift-projection-du-film-mouvma-en-presence-de-la-realisatrice-ines-ben-othman\/#article\",\"isPartOf\":{\"@id\":\"https:\/\/kapitalis.com\/tunisie\/2024\/12\/09\/ift-projection-du-film-mouvma-en-presence-de-la-realisatrice-ines-ben-othman\/\"},\"author\":{\"name\":\"Yusra NY\",\"@id\":\"https:\/\/kapitalis.com\/tunisie\/#\/schema\/person\/74bbde0154d49d790a92aaeac5bc01d5\"},\"headline\":\"IFT : Projection du film \u00ab\u00a0Mouvma\u00a0\u00bb en pr\u00e9sence de la r\u00e9alisatrice Ines Ben Othman\",\"datePublished\":\"2024-12-09T20:17:30+00:00\",\"dateModified\":\"2024-12-09T20:20:29+00:00\",\"mainEntityOfPage\":{\"@id\":\"https:\/\/kapitalis.com\/tunisie\/2024\/12\/09\/ift-projection-du-film-mouvma-en-presence-de-la-realisatrice-ines-ben-othman\/\"},\"wordCount\":161,\"commentCount\":0,\"publisher\":{\"@id\":\"https:\/\/kapitalis.com\/tunisie\/#organization\"},\"image\":{\"@id\":\"https:\/\/kapitalis.com\/tunisie\/2024\/12\/09\/ift-projection-du-film-mouvma-en-presence-de-la-realisatrice-ines-ben-othman\/#primaryimage\"},\"thumbnailUrl\":\"https:\/\/kapitalis.com\/tunisie\/wp-content\/uploads\/2024\/12\/Ines-Ben-Othman.jpg\",\"keywords\":[\"film\",\"IFT\",\"Ines Ben Othman\",\"Mouvma\",\"projection\",\"Tunisie\"],\"articleSection\":[\"CULTURE\",\"Tunisie\",\"VIDEOS\"],\"inLanguage\":\"fr-FR\",\"potentialAction\":[{\"@type\":\"CommentAction\",\"name\":\"Comment\",\"target\":[\"https:\/\/kapitalis.com\/tunisie\/2024\/12\/09\/ift-projection-du-film-mouvma-en-presence-de-la-realisatrice-ines-ben-othman\/#respond\"]}]},{\"@type\":\"WebPage\",\"@id\":\"https:\/\/kapitalis.com\/tunisie\/2024\/12\/09\/ift-projection-du-film-mouvma-en-presence-de-la-realisatrice-ines-ben-othman\/\",\"url\":\"https:\/\/kapitalis.com\/tunisie\/2024\/12\/09\/ift-projection-du-film-mouvma-en-presence-de-la-realisatrice-ines-ben-othman\/\",\"name\":\"IFT : Projection du film \\\"Mouvma\\\" en pr\u00e9sence de la r\u00e9alisatrice Ines Ben Othman - Kapitalis\",\"isPartOf\":{\"@id\":\"https:\/\/kapitalis.com\/tunisie\/#website\"},\"primaryImageOfPage\":{\"@id\":\"https:\/\/kapitalis.com\/tunisie\/2024\/12\/09\/ift-projection-du-film-mouvma-en-presence-de-la-realisatrice-ines-ben-othman\/#primaryimage\"},\"image\":{\"@id\":\"https:\/\/kapitalis.com\/tunisie\/2024\/12\/09\/ift-projection-du-film-mouvma-en-presence-de-la-realisatrice-ines-ben-othman\/#primaryimage\"},\"thumbnailUrl\":\"https:\/\/kapitalis.com\/tunisie\/wp-content\/uploads\/2024\/12\/Ines-Ben-Othman.jpg\",\"datePublished\":\"2024-12-09T20:17:30+00:00\",\"dateModified\":\"2024-12-09T20:20:29+00:00\",\"breadcrumb\":{\"@id\":\"https:\/\/kapitalis.com\/tunisie\/2024\/12\/09\/ift-projection-du-film-mouvma-en-presence-de-la-realisatrice-ines-ben-othman\/#breadcrumb\"},\"inLanguage\":\"fr-FR\",\"potentialAction\":[{\"@type\":\"ReadAction\",\"target\":[\"https:\/\/kapitalis.com\/tunisie\/2024\/12\/09\/ift-projection-du-film-mouvma-en-presence-de-la-realisatrice-ines-ben-othman\/\"]}]},{\"@type\":\"ImageObject\",\"inLanguage\":\"fr-FR\",\"@id\":\"https:\/\/kapitalis.com\/tunisie\/2024\/12\/09\/ift-projection-du-film-mouvma-en-presence-de-la-realisatrice-ines-ben-othman\/#primaryimage\",\"url\":\"https:\/\/kapitalis.com\/tunisie\/wp-content\/uploads\/2024\/12\/Ines-Ben-Othman.jpg\",\"contentUrl\":\"https:\/\/kapitalis.com\/tunisie\/wp-content\/uploads\/2024\/12\/Ines-Ben-Othman.jpg\",\"width\":1200,\"height\":630},{\"@type\":\"BreadcrumbList\",\"@id\":\"https:\/\/kapitalis.com\/tunisie\/2024\/12\/09\/ift-projection-du-film-mouvma-en-presence-de-la-realisatrice-ines-ben-othman\/#breadcrumb\",\"itemListElement\":[{\"@type\":\"ListItem\",\"position\":1,\"name\":\"Accueil\",\"item\":\"https:\/\/kapitalis.com\/tunisie\/\"},{\"@type\":\"ListItem\",\"position\":2,\"name\":\"IFT : Projection du film \u00ab\u00a0Mouvma\u00a0\u00bb en pr\u00e9sence de la r\u00e9alisatrice Ines Ben Othman\"}]},{\"@type\":\"WebSite\",\"@id\":\"https:\/\/kapitalis.com\/tunisie\/#website\",\"url\":\"https:\/\/kapitalis.com\/tunisie\/\",\"name\":\"Kapitalis\",\"description\":\"L&#039;actualit\u00e9 en Tunisie et dans le monde\",\"publisher\":{\"@id\":\"https:\/\/kapitalis.com\/tunisie\/#organization\"},\"potentialAction\":[{\"@type\":\"SearchAction\",\"target\":{\"@type\":\"EntryPoint\",\"urlTemplate\":\"https:\/\/kapitalis.com\/tunisie\/?s={search_term_string}\"},\"query-input\":{\"@type\":\"PropertyValueSpecification\",\"valueRequired\":true,\"valueName\":\"search_term_string\"}}],\"inLanguage\":\"fr-FR\"},{\"@type\":\"Organization\",\"@id\":\"https:\/\/kapitalis.com\/tunisie\/#organization\",\"name\":\"Kapitalis\",\"url\":\"https:\/\/kapitalis.com\/tunisie\/\",\"logo\":{\"@type\":\"ImageObject\",\"inLanguage\":\"fr-FR\",\"@id\":\"https:\/\/kapitalis.com\/tunisie\/#\/schema\/logo\/image\/\",\"url\":\"https:\/\/kapitalis.com\/tunisie\/wp-content\/uploads\/2022\/05\/Kapitalis-big-size.png\",\"contentUrl\":\"https:\/\/kapitalis.com\/tunisie\/wp-content\/uploads\/2022\/05\/Kapitalis-big-size.png\",\"width\":5000,\"height\":1500,\"caption\":\"Kapitalis\"},\"image\":{\"@id\":\"https:\/\/kapitalis.com\/tunisie\/#\/schema\/logo\/image\/\"},\"sameAs\":[\"https:\/\/www.facebook.com\/KapitalisInfo\/\",\"https:\/\/x.com\/KapitalisInfo\",\"https:\/\/www.youtube.com\/channel\/UC-yDYrHyfFBWWZaOw3FPg9Q\"]},{\"@type\":\"Person\",\"@id\":\"https:\/\/kapitalis.com\/tunisie\/#\/schema\/person\/74bbde0154d49d790a92aaeac5bc01d5\",\"name\":\"Yusra NY\",\"url\":\"https:\/\/kapitalis.com\/tunisie\/author\/yuza_adam\/\"}]}<\/script>\n<!-- \/ Yoast SEO plugin. -->","yoast_head_json":{"title":"IFT : Projection du film \"Mouvma\" en pr\u00e9sence de la r\u00e9alisatrice Ines Ben Othman - Kapitalis","robots":{"index":"index","follow":"follow","max-snippet":"max-snippet:-1","max-image-preview":"max-image-preview:large","max-video-preview":"max-video-preview:-1"},"canonical":"https:\/\/kapitalis.com\/tunisie\/2024\/12\/09\/ift-projection-du-film-mouvma-en-presence-de-la-realisatrice-ines-ben-othman\/","og_locale":"fr_FR","og_type":"article","og_title":"IFT : Projection du film \"Mouvma\" en pr\u00e9sence de la r\u00e9alisatrice Ines Ben Othman - Kapitalis","og_description":"L&rsquo;Institut fran\u00e7ais de Tunisie (IFT) organise une projection-d\u00e9bat du film documentaire \u00ab\u00a0Mouvma, des po\u00e8tes pas comme les autres\u00a0\u00bb en pr\u00e9sence de la r\u00e9alisatrice Ines Ben Othman.","og_url":"https:\/\/kapitalis.com\/tunisie\/2024\/12\/09\/ift-projection-du-film-mouvma-en-presence-de-la-realisatrice-ines-ben-othman\/","og_site_name":"Kapitalis","article_publisher":"https:\/\/www.facebook.com\/KapitalisInfo\/","article_published_time":"2024-12-09T20:17:30+00:00","article_modified_time":"2024-12-09T20:20:29+00:00","og_image":[{"width":1200,"height":630,"url":"https:\/\/kapitalis.com\/tunisie\/wp-content\/uploads\/2024\/12\/Ines-Ben-Othman.jpg","type":"image\/jpeg"}],"author":"Yusra NY","twitter_card":"summary_large_image","twitter_creator":"@KapitalisInfo","twitter_site":"@KapitalisInfo","twitter_misc":{"\u00c9crit par":"Yusra NY","Dur\u00e9e de lecture estim\u00e9e":"1 minute"},"schema":{"@context":"https:\/\/schema.org","@graph":[{"@type":"Article","@id":"https:\/\/kapitalis.com\/tunisie\/2024\/12\/09\/ift-projection-du-film-mouvma-en-presence-de-la-realisatrice-ines-ben-othman\/#article","isPartOf":{"@id":"https:\/\/kapitalis.com\/tunisie\/2024\/12\/09\/ift-projection-du-film-mouvma-en-presence-de-la-realisatrice-ines-ben-othman\/"},"author":{"name":"Yusra NY","@id":"https:\/\/kapitalis.com\/tunisie\/#\/schema\/person\/74bbde0154d49d790a92aaeac5bc01d5"},"headline":"IFT : Projection du film \u00ab\u00a0Mouvma\u00a0\u00bb en pr\u00e9sence de la r\u00e9alisatrice Ines Ben Othman","datePublished":"2024-12-09T20:17:30+00:00","dateModified":"2024-12-09T20:20:29+00:00","mainEntityOfPage":{"@id":"https:\/\/kapitalis.com\/tunisie\/2024\/12\/09\/ift-projection-du-film-mouvma-en-presence-de-la-realisatrice-ines-ben-othman\/"},"wordCount":161,"commentCount":0,"publisher":{"@id":"https:\/\/kapitalis.com\/tunisie\/#organization"},"image":{"@id":"https:\/\/kapitalis.com\/tunisie\/2024\/12\/09\/ift-projection-du-film-mouvma-en-presence-de-la-realisatrice-ines-ben-othman\/#primaryimage"},"thumbnailUrl":"https:\/\/kapitalis.com\/tunisie\/wp-content\/uploads\/2024\/12\/Ines-Ben-Othman.jpg","keywords":["film","IFT","Ines Ben Othman","Mouvma","projection","Tunisie"],"articleSection":["CULTURE","Tunisie","VIDEOS"],"inLanguage":"fr-FR","potentialAction":[{"@type":"CommentAction","name":"Comment","target":["https:\/\/kapitalis.com\/tunisie\/2024\/12\/09\/ift-projection-du-film-mouvma-en-presence-de-la-realisatrice-ines-ben-othman\/#respond"]}]},{"@type":"WebPage","@id":"https:\/\/kapitalis.com\/tunisie\/2024\/12\/09\/ift-projection-du-film-mouvma-en-presence-de-la-realisatrice-ines-ben-othman\/","url":"https:\/\/kapitalis.com\/tunisie\/2024\/12\/09\/ift-projection-du-film-mouvma-en-presence-de-la-realisatrice-ines-ben-othman\/","name":"IFT : Projection du film \"Mouvma\" en pr\u00e9sence de la r\u00e9alisatrice Ines Ben Othman - Kapitalis","isPartOf":{"@id":"https:\/\/kapitalis.com\/tunisie\/#website"},"primaryImageOfPage":{"@id":"https:\/\/kapitalis.com\/tunisie\/2024\/12\/09\/ift-projection-du-film-mouvma-en-presence-de-la-realisatrice-ines-ben-othman\/#primaryimage"},"image":{"@id":"https:\/\/kapitalis.com\/tunisie\/2024\/12\/09\/ift-projection-du-film-mouvma-en-presence-de-la-realisatrice-ines-ben-othman\/#primaryimage"},"thumbnailUrl":"https:\/\/kapitalis.com\/tunisie\/wp-content\/uploads\/2024\/12\/Ines-Ben-Othman.jpg","datePublished":"2024-12-09T20:17:30+00:00","dateModified":"2024-12-09T20:20:29+00:00","breadcrumb":{"@id":"https:\/\/kapitalis.com\/tunisie\/2024\/12\/09\/ift-projection-du-film-mouvma-en-presence-de-la-realisatrice-ines-ben-othman\/#breadcrumb"},"inLanguage":"fr-FR","potentialAction":[{"@type":"ReadAction","target":["https:\/\/kapitalis.com\/tunisie\/2024\/12\/09\/ift-projection-du-film-mouvma-en-presence-de-la-realisatrice-ines-ben-othman\/"]}]},{"@type":"ImageObject","inLanguage":"fr-FR","@id":"https:\/\/kapitalis.com\/tunisie\/2024\/12\/09\/ift-projection-du-film-mouvma-en-presence-de-la-realisatrice-ines-ben-othman\/#primaryimage","url":"https:\/\/kapitalis.com\/tunisie\/wp-content\/uploads\/2024\/12\/Ines-Ben-Othman.jpg","contentUrl":"https:\/\/kapitalis.com\/tunisie\/wp-content\/uploads\/2024\/12\/Ines-Ben-Othman.jpg","width":1200,"height":630},{"@type":"BreadcrumbList","@id":"https:\/\/kapitalis.com\/tunisie\/2024\/12\/09\/ift-projection-du-film-mouvma-en-presence-de-la-realisatrice-ines-ben-othman\/#breadcrumb","itemListElement":[{"@type":"ListItem","position":1,"name":"Accueil","item":"https:\/\/kapitalis.com\/tunisie\/"},{"@type":"ListItem","position":2,"name":"IFT : Projection du film \u00ab\u00a0Mouvma\u00a0\u00bb en pr\u00e9sence de la r\u00e9alisatrice Ines Ben Othman"}]},{"@type":"WebSite","@id":"https:\/\/kapitalis.com\/tunisie\/#website","url":"https:\/\/kapitalis.com\/tunisie\/","name":"Kapitalis","description":"L&#039;actualit\u00e9 en Tunisie et dans le monde","publisher":{"@id":"https:\/\/kapitalis.com\/tunisie\/#organization"},"potentialAction":[{"@type":"SearchAction","target":{"@type":"EntryPoint","urlTemplate":"https:\/\/kapitalis.com\/tunisie\/?s={search_term_string}"},"query-input":{"@type":"PropertyValueSpecification","valueRequired":true,"valueName":"search_term_string"}}],"inLanguage":"fr-FR"},{"@type":"Organization","@id":"https:\/\/kapitalis.com\/tunisie\/#organization","name":"Kapitalis","url":"https:\/\/kapitalis.com\/tunisie\/","logo":{"@type":"ImageObject","inLanguage":"fr-FR","@id":"https:\/\/kapitalis.com\/tunisie\/#\/schema\/logo\/image\/","url":"https:\/\/kapitalis.com\/tunisie\/wp-content\/uploads\/2022\/05\/Kapitalis-big-size.png","contentUrl":"https:\/\/kapitalis.com\/tunisie\/wp-content\/uploads\/2022\/05\/Kapitalis-big-size.png","width":5000,"height":1500,"caption":"Kapitalis"},"image":{"@id":"https:\/\/kapitalis.com\/tunisie\/#\/schema\/logo\/image\/"},"sameAs":["https:\/\/www.facebook.com\/KapitalisInfo\/","https:\/\/x.com\/KapitalisInfo","https:\/\/www.youtube.com\/channel\/UC-yDYrHyfFBWWZaOw3FPg9Q"]},{"@type":"Person","@id":"https:\/\/kapitalis.com\/tunisie\/#\/schema\/person\/74bbde0154d49d790a92aaeac5bc01d5","name":"Yusra NY","url":"https:\/\/kapitalis.com\/tunisie\/author\/yuza_adam\/"}]}},"_links":{"self":[{"href":"https:\/\/kapitalis.com\/tunisie\/wp-json\/wp\/v2\/posts\/14827123","targetHints":{"allow":["GET"]}}],"collection":[{"href":"https:\/\/kapitalis.com\/tunisie\/wp-json\/wp\/v2\/posts"}],"about":[{"href":"https:\/\/kapitalis.com\/tunisie\/wp-json\/wp\/v2\/types\/post"}],"author":[{"embeddable":true,"href":"https:\/\/kapitalis.com\/tunisie\/wp-json\/wp\/v2\/users\/6"}],"replies":[{"embeddable":true,"href":"https:\/\/kapitalis.com\/tunisie\/wp-json\/wp\/v2\/comments?post=14827123"}],"version-history":[{"count":1,"href":"https:\/\/kapitalis.com\/tunisie\/wp-json\/wp\/v2\/posts\/14827123\/revisions"}],"predecessor-version":[{"id":14827173,"href":"https:\/\/kapitalis.com\/tunisie\/wp-json\/wp\/v2\/posts\/14827123\/revisions\/14827173"}],"wp:featuredmedia":[{"embeddable":true,"href":"https:\/\/kapitalis.com\/tunisie\/wp-json\/wp\/v2\/media\/14827170"}],"wp:attachment":[{"href":"https:\/\/kapitalis.com\/tunisie\/wp-json\/wp\/v2\/media?parent=14827123"}],"wp:term":[{"taxonomy":"category","embeddable":true,"href":"https:\/\/kapitalis.com\/tunisie\/wp-json\/wp\/v2\/categories?post=14827123"},{"taxonomy":"post_tag","embeddable":true,"href":"https:\/\/kapitalis.com\/tunisie\/wp-json\/wp\/v2\/tags?post=14827123"}],"curies":[{"name":"wp","href":"https:\/\/api.w.org\/{rel}","templated":true}]}}