{"id":14828667,"date":"2024-12-10T08:37:40","date_gmt":"2024-12-10T07:37:40","guid":{"rendered":"https:\/\/kapitalis.com\/tunisie\/?p=14828667"},"modified":"2024-12-10T08:39:47","modified_gmt":"2024-12-10T07:39:47","slug":"le-quotidien-du-tunisien-et-la-mise-en-peril-de-son-superbe-cadre-de-vie","status":"publish","type":"post","link":"https:\/\/kapitalis.com\/tunisie\/2024\/12\/10\/le-quotidien-du-tunisien-et-la-mise-en-peril-de-son-superbe-cadre-de-vie\/","title":{"rendered":"Le quotidien du Tunisien et la mise en p\u00e9ril de son superbe cadre de vie"},"content":{"rendered":"\n<p><strong><em>La Tunisie est suppos\u00e9e \u00eatre le pays du bien vivre eu \u00e9gard \u00e0 la douceur de son climat, \u00e0 la diversit\u00e9 et \u00e0 la beaut\u00e9 exceptionnelle de sa nature ou \u00e0 la l\u00e9gendaire hospitalit\u00e9 et convivialit\u00e9 de son peuple. Cependant, si on devait citer un seul consensus qui rassemble une large majorit\u00e9 de Tunisiens, ce serait probablement le fait que le quotidien qu\u2019ils partagent est loin de leurs aspirations, qu\u2019il n\u2019est align\u00e9 ni avec leur riche patrimoine historique, ni avec le m\u00e9lange culturel unique qu\u2019ils ont h\u00e9rit\u00e9 et encore moins avec les capacit\u00e9s cr\u00e9atrices et organisationnelles dont ils ont fait preuve \u00e0 travers le temps. Mais qu\u2019est ce qui fait que le quotidien du Tunisien soit si difficile et si d\u00e9cevant&nbsp;?<\/em><\/strong><\/p>\n\n\n\n<p><strong>Med-Dahmani Fathallah<\/strong> *<\/p>\n\n\n\n<!--more-->\n\n\n<div class=\"wp-block-image\">\n<figure class=\"alignleft size-full\"><img loading=\"lazy\" decoding=\"async\" width=\"200\" height=\"200\" src=\"https:\/\/kapitalis.com\/tunisie\/wp-content\/uploads\/2024\/09\/Med-Dahmani-Fathallah.jpg\" alt=\"\" class=\"wp-image-13960699\" srcset=\"https:\/\/kapitalis.com\/tunisie\/wp-content\/uploads\/2024\/09\/Med-Dahmani-Fathallah.jpg 200w, https:\/\/kapitalis.com\/tunisie\/wp-content\/uploads\/2024\/09\/Med-Dahmani-Fathallah-150x150.jpg 150w, https:\/\/kapitalis.com\/tunisie\/wp-content\/uploads\/2024\/09\/Med-Dahmani-Fathallah-120x120.jpg 120w\" sizes=\"auto, (max-width: 200px) 100vw, 200px\" \/><\/figure>\n<\/div>\n\n\n<p>R\u00e9pondre \u00e0 cette question primordiale et tr\u00e8s complexe est crucial pour pouvoir \u00e9laborer des solutions correctives et mettre en place des actions pr\u00e9ventives. On serait alors tent\u00e9 d\u2019aller chercher les r\u00e9ponses dans les \u00e9v\u00e8nements de l\u2019histoire r\u00e9cente voir m\u00eame lointaine du pays, aussi bien que dans les al\u00e9as des situations \u00e9conomiques que les tunisiens subissent. Mais m\u00eame si ces facteurs peuvent \u00e0 juste titre contribuer indirectement \u00e0 la d\u00e9termination du quotidien des gens. Il n\u2019en demeure pas moins que ce quotidien est essentiellement d\u00e9termin\u00e9 par le facteur humain.<\/p>\n\n\n\n<p>En effet, c\u2019est le comportement des gens, en l\u2019occurrence les attitudes et les habitudes qu\u2019ils d\u00e9veloppent et qui se r\u00e9pandent sournoisement sans que personne ne saisisse leurs aspects d\u00e9l\u00e9t\u00e8res et antisociaux et qui se transforment en une fatalit\u00e9 qu\u2019ils doivent subir.<\/p>\n\n\n\n<p>Le facteur pr\u00e9dominant serait donc un facteur social. Serait-ce l\u2019effritement du contrat social bas\u00e9 sur le respect de l\u2019int\u00e9r\u00eat commun, du respect entre les individus et du respect envers les institutions qui soit derri\u00e8re cet \u00e9tat de fait? J\u2019exclue d\u2019embl\u00e9e toute tentative d\u2019\u00e9voquer la g\u00e9n\u00e9tique des Tunisiens qui est un sujet autrement plus complexe et plus s\u00e9rieux que veut nous le faire croire la g\u00e9n\u00e9tique r\u00e9cr\u00e9ationnelle qu\u2019on vend au public comme un produit savant.<\/p>\n\n\n\n<h2 class=\"wp-block-heading\">Un peuple sans ambition emp\u00eatr\u00e9 dans un quotidien d\u00e9gradant<\/h2>\n\n\n\n<p>Pour explorer la th\u00e9orie sociale il faut s\u2019atteler d\u2019abord \u00e0 d\u00e9crire puis \u00e0 \u00e9tudier le quotidien des Tunisiens. D\u00e9j\u00e0, l\u2019historien, anthropologue et sociologue Tunisien, feu Hichem Dja\u00eft avait r\u00e9agi au quotidien qu\u2019il a v\u00e9cu en d\u00e9clarant: <em>\u00abJe me sens humili\u00e9 d\u2019appartenir \u00e0 un peuple sans horizon et sans ambition\u2026 qui n\u2019a pas de science, pas de raison, pas de beaut\u00e9, pas de vie et pas de vraie culture\u00bb.<\/em><\/p>\n\n\n\n<p>M\u00eame si Hichem Dja\u00eft se r\u00e9f\u00e9rait au d\u00e9terminisme politique de son quotidien, cette fa\u00e7on excessive de relater ce quotidien, de la part d\u2019un homme de lettre \u00e9clair\u00e9, d\u00e9note la difficult\u00e9 de subir un quotidien difficile.<\/p>\n\n\n\n<p>Mais ici la r\u00e9f\u00e9rence au quotidien tunisien aujourd\u2019hui n\u2019est pas politique mais plut\u00f4t sociale.<\/p>\n\n\n\n<p>Le quotidien actuel en Tunisie est profond\u00e9ment marqu\u00e9 par la d\u00e9sorganisation. On se complait dans le chaos et le d\u00e9pit du bon sens et cela se manifeste de plusieurs fa\u00e7ons plus incongrues les unes que les autres.<\/p>\n\n\n\n<figure class=\"wp-block-embed is-type-wp-embed is-provider-kapitalis wp-block-embed-kapitalis\"><div class=\"wp-block-embed__wrapper\">\n<blockquote class=\"wp-embedded-content\" data-secret=\"p0hkxstnL9\"><a href=\"https:\/\/kapitalis.com\/tunisie\/2024\/10\/28\/omerta-intimidation-et-ordures-haro-sur-la-loi\/\">Omerta, intimidation, et ordures\u00a0: Haro sur la loi !<\/a><\/blockquote><iframe loading=\"lazy\" class=\"wp-embedded-content\" sandbox=\"allow-scripts\" security=\"restricted\" style=\"position: absolute; visibility: hidden;\" title=\"\u00ab\u00a0Omerta, intimidation, et ordures\u00a0: Haro sur la loi !\u00a0\u00bb &#8212; Kapitalis\" src=\"https:\/\/kapitalis.com\/tunisie\/2024\/10\/28\/omerta-intimidation-et-ordures-haro-sur-la-loi\/embed\/#?secret=Sitn09LTH9#?secret=p0hkxstnL9\" data-secret=\"p0hkxstnL9\" width=\"600\" height=\"338\" frameborder=\"0\" marginwidth=\"0\" marginheight=\"0\" scrolling=\"no\"><\/iframe>\n<\/div><\/figure>\n\n\n\n<p>Commen\u00e7ons par la lev\u00e9e des ordures. Le premier r\u00e9flexe serait de bl\u00e2mer les instances officielles qui sont charg\u00e9es de cette t\u00e2che. Mais avant de tomber dans la facilite du coupable id\u00e9al, il est important d\u2019\u00e9valuer les comportements individuels. D\u00e9verser ses ordures partout et \u00e0 tous moments est un devenu un acte anodin, et vivre \u00e0 c\u00f4t\u00e9 de d\u00e9potoirs \u00e0 ciel ouvert est devenu presque normal. Comment peut-on arriver \u00e0 accepter l\u2019inacceptable sans ciller&nbsp;? Quelle sorte de fatalit\u00e9 vivons-nous&nbsp;!<\/p>\n\n\n\n<p>Est-ce que le Tunisien r\u00e9alise les cons\u00e9quences sanitaires d\u2019un tel acte? Si oui, pourquoi donc ce comportement irresponsable? Pourquoi on ne cherche pas des solutions ad\u00e9quates? Est-il si difficile d\u2019organiser une collecte et une lev\u00e9e responsable des ordures? Pourquoi ne proc\u00e8de-t-on pas \u00e0 une \u00e9tude comparative de standard de qualit\u00e9 (benchmark) avec d\u2019autre pays qui ont r\u00e9solu ces probl\u00e8mes?<\/p>\n\n\n\n<p>Les bonnes r\u00e9ponses \u00e0 ces questions existent et elles doivent \u00eatre formul\u00e9es par les citoyens aussi bien que par les responsables qui au demeurant sont aussi des citoyens. La r\u00e9ponse globale rel\u00e8ve du social.<\/p>\n\n\n\n<p>L\u2019autre fl\u00e9au qui p\u00e8se non seulement sur le quotidien des Tunisiens mais aussi sur l\u2019\u00e9conomie du pays, ce sont les <a href=\"https:\/\/kapitalis.com\/archive\/196-afkar\/4394-tunisie-y-a-t-il-une-democratie-sans-civisme\" target=\"_blank\" rel=\"noreferrer noopener\">interminables files d\u2019attente<\/a>. En Tunisie on fait la queue partout et souvent pour rien, de la boulangerie \u00e0 la banque, \u00e0 l\u2019h\u00f4pital mais aussi au cabinet du m\u00e9decin et bien s\u00fbr dans les administrations publiques toutes confondues. Ces attentes sont loin d\u2019\u00eatre n\u00e9gligeables et si on les cumule, on se rendrait compte qu\u2019un bon pan de la vie du Tunisien est sacrifi\u00e9 \u00e0 la futilit\u00e9. Ainsi, un citoyen \u00e9conomiquement actif perd une bonne partie de son temps de travail \u00e0 attendre pour b\u00e9n\u00e9ficier de services qu\u2019il paye.<\/p>\n\n\n\n<p>Si on comptabilisait tout ce temps de travail perdu on serait \u00e9tonn\u00e9 du montant annuel de la perte \u00e9conomique s\u00e8che que ce ph\u00e9nom\u00e8ne, du essentiellement au manque flagrant de l\u2019organisation du travail, occasionne. Ceci en plus de l\u2019impact psychologique que l\u2019individu subit. Ainsi la chronicit\u00e9 du fait d\u2019avoir \u00e0 poireauter pour un banal service cr\u00e9e une frustration qui affecte l\u2019humeur des individus et l\u2019\u00e9mergence d\u2019un comportement \u00e9go\u00efste et irrespectueux (le soi d\u2019abord), comme le resquillage, devenu sport national.<\/p>\n\n\n\n<h2 class=\"wp-block-heading\">Le d\u00e9sordre banalis\u00e9, accept\u00e9, ordinaire <\/h2>\n\n\n\n<p>Ce qui est inqui\u00e9tant c\u2019est qu\u2019un simple d\u00e9faut d\u2019organisation de la vie sociale aboutisse \u00e0 la d\u00e9t\u00e9rioration du caract\u00e8re convivial, sinc\u00e8re et respectueux des interactions entre individus, jadis une fiert\u00e9 nationale. Cette d\u00e9gradation du quotidien repr\u00e9sente une vraie menace \u00e0 la coh\u00e9sion sociale qui est un \u00e9l\u00e9ment essentiel du bien vivre ensemble.<\/p>\n\n\n\n<p>On ne peut pas aborder le quotidien des Tunisiens sans parler de leurs d\u00e9placements, donc de son usage de la route, qu\u2019ils soient motoris\u00e9s (les automobilistes) ou non motoris\u00e9s (les pi\u00e9tons). Dans ce domaine on frise r\u00e9guli\u00e8rement le cauchemar et on n\u2019a rien \u00e0 envier \u00e0 l\u2019Inde ou \u00e0 nos chers amis Egyptiens. Les symphonies cacophoniques des klaxons sont une nuisance sonore permanente.<\/p>\n\n\n\n<figure class=\"wp-block-embed is-type-wp-embed is-provider-kapitalis wp-block-embed-kapitalis\"><div class=\"wp-block-embed__wrapper\">\n<blockquote class=\"wp-embedded-content\" data-secret=\"HQUoJXwwUl\"><a href=\"https:\/\/kapitalis.com\/tunisie\/2022\/08\/24\/je-ne-voudrais-point-du-peuple-qui-veut\/\">Je ne voudrais point du \u00abPeuple qui veut\u00bb\u00a0!<\/a><\/blockquote><iframe loading=\"lazy\" class=\"wp-embedded-content\" sandbox=\"allow-scripts\" security=\"restricted\" style=\"position: absolute; visibility: hidden;\" title=\"\u00ab\u00a0Je ne voudrais point du \u00abPeuple qui veut\u00bb\u00a0!\u00a0\u00bb &#8212; Kapitalis\" src=\"https:\/\/kapitalis.com\/tunisie\/2022\/08\/24\/je-ne-voudrais-point-du-peuple-qui-veut\/embed\/#?secret=dPmpkrZw8a#?secret=HQUoJXwwUl\" data-secret=\"HQUoJXwwUl\" width=\"600\" height=\"338\" frameborder=\"0\" marginwidth=\"0\" marginheight=\"0\" scrolling=\"no\"><\/iframe>\n<\/div><\/figure>\n\n\n\n<p>Un anonyme aurait dit, que dans le monde, le moment le plus court entre deux \u00e9v\u00e8nements est le laps de temps relev\u00e9 en Inde et en Egypte entre le passage du feu de signalisation du rouge au vert et le premier coup de klaxon. En Tunisie, ce record est largement battu puisqu\u2019on klaxonne l\u00e9g\u00e8rement avant le passage au vert. On a invent\u00e9 le klaxonnement anticip\u00e9. En Tunisie on ne klaxonne pas pour avertir par un simple bip, on klaxonne longuement et m\u00e9chamment pour bien exprimer sa col\u00e8re, engueuler l\u2019autre et se frayer un chemin coute que coute. Mais le pire, c\u2019est la prolif\u00e9ration de ces individus qui ont d\u00e9cid\u00e9 que le feu rouge ce n\u2019est pas pour eux ainsi que ces individus qui sont s\u00e9lectifs, qui consid\u00e8rent certains feux rouges comme d\u00e9suets et donc ne s\u2019y arr\u00eatent pas. Ce sont ces m\u00eames individus qui vous engueulent copieusement si par malheur vous \u00eates arr\u00eat\u00e9s \u00e0 un feu rouge qu\u2019ils ont d\u00e9cid\u00e9 d\u2019annuler par une sorte de myst\u00e9rieuse entente tacite.<\/p>\n\n\n\n<p>Les comportements erron\u00e9s des automobilistes Tunisiens sont nombreux et forment une panoplie tr\u00e8s difficile \u00e0 cerner. Toutes les cat\u00e9gories sociales sans distinction ni de niveau d\u2019\u00e9ducation ni de sexe sont impliqu\u00e9s dans ces comportements. Pour s\u2019adapter les pi\u00e9tons ont d\u00e9velopp\u00e9 des comportements aussi erron\u00e9s avec en plus quelques comportements provocateurs. Ainsi le pi\u00e9ton traverse o\u00f9 et quand bon lui semble quand il ne marche pas au beau milieu de la route. A son cr\u00e9dit, le fait que le trottoir a \u00e9t\u00e9 dans sa majorit\u00e9 pris en otage par les caf\u00e9s, les restaurants, les \u00e9choppes ou les voitures gar\u00e9es dessus.<\/p>\n\n\n\n<p>On a observ\u00e9 r\u00e9cemment que dans un \u00e9lan de cr\u00e9ativit\u00e9, des automobilistes qui avaient rep\u00e9r\u00e9 un large trottoir l\u2019ont rapidement d\u00e9clar\u00e9 bon pour la circulation, ils y ont cr\u00e9\u00e9 une nouvelle file \u00e0 droite de la route et les voitures y circulent all\u00e8grement.<\/p>\n\n\n\n<p>Devant de tels abus de toutes les lois et du code universel de la route ou simplement de la bonne s\u00e9ance, le pi\u00e9ton a d\u00e9velopp\u00e9 le comble des gestes de provocation irresponsable qui consiste \u00e0 traverser la route doucement sans se presser et surtout sans regarder, comme dans un d\u00e9fi qui dit aux conducteurs <em>\u00abEcrasez-moi et vous subirez les cons\u00e9quences\u00bb.<\/em><\/p>\n\n\n\n<p>Ce serait un euph\u00e9misme que de rappeler le c\u00f4t\u00e9 irrationnel de tous ces comportements quelles qu\u2019en soient les causes, tant leurs aspects dangereux et inutile est \u00e9vident.<\/p>\n\n\n\n<p>Mais ce qui interpelle c\u2019est surtout le peu de conscience active que manifestent les Tunisiens \u00e0 l\u2019\u00e9gard de ces faits qui pourrissent leur quotidien. On en parle certes, on se plaint souvent mais c\u2019est toujours en catimini, dans des cercles restreints tout en d\u00e9gageant sa responsabilit\u00e9 personnelle et en bl\u00e2mant l\u2019irresponsabilit\u00e9 collective.<\/p>\n\n\n\n<h2 class=\"wp-block-heading\">Le respect de soi et d\u2019autrui et du bien commun<\/h2>\n\n\n\n<p>On voit peu ou pas d\u2019organisation tangible pour au moins initier un d\u00e9bat autour de la question du quotidien difficile. Les m\u00e9dias et la soci\u00e9t\u00e9 civile semblent ne pas prendre ces probl\u00e8mes sociaux au s\u00e9rieux et ne jouent pas ainsi le r\u00f4le qu\u2019ils doivent jouer pour relayer l\u2019information n\u00e9cessaire \u00e0 une prise de conscience active. Sans une prise de conscience collective suivit du d\u00e9veloppement d\u2019actions ad\u00e9quates et de leur impl\u00e9mentation efficace, il serait illusoire de croire qu\u2019on puisse un jour revivre en Tunisie un quotidien de qualit\u00e9.&nbsp;<\/p>\n\n\n\n<p>Cette \u00e9num\u00e9ration des comportements erron\u00e9s du quotidien Tunisien est loin d\u2019\u00eatre exhaustive. Ces comportements sont en train de mettre s\u00e9rieusement en p\u00e9ril le beau cadre de vie du pays. Ce quotidien est d\u2019abord la responsabilit\u00e9 des Tunisiens et c\u2019est \u00e0 eux et \u00e0 eux seuls qu\u2019il revient de l\u2019am\u00e9liorer et de le pr\u00e9server. Le quotidien se partage et comme tous ce que les hommes sont amen\u00e9s \u00e0 partager, cela rel\u00e8ve de la responsabilit\u00e9 collective.<\/p>\n\n\n\n<p>Am\u00e9liorer le quotidien ne se fera qu\u2019\u00e0 travers la red\u00e9couverte et la mise en avant de nos valeurs et en premier lieu le respect de soi et d\u2019autrui et du bien commun. La Tunisie n\u2019est-elle pas le berceau de la sociologie. Il incombe donc aux vaillants sociologues Tunisiens, les dignes descendants <em>d\u2019Ibn Khaldoun<\/em> de retrousser leurs manches et de trouver le chemin de la repentance sociale pour que leurs concitoyens puissent se r\u00e9approprier la douceur de vie tunisienne qu\u2019on nous enviait. Un autre illustre Tunisien, le Carthaginois Hannibal Barca, cit\u00e9 par ses ennemis Romains, n\u2019a-t-il pas dit\u00a0: <em>\u00abNous trouverons le chemin ou nous en cr\u00e9erons un\u00bb (\u2018Aut Vian inviniam aut faciam\u2019)<\/em><\/p>\n\n\n\n<p>* <em>Expert onusien en strat\u00e9gie de l&rsquo;\u00e9ducation et transfert de technologie. <\/em> <\/p>\n\n\n\n<figure class=\"wp-block-embed is-type-wp-embed is-provider-kapitalis wp-block-embed-kapitalis\"><div class=\"wp-block-embed__wrapper\">\n<blockquote class=\"wp-embedded-content\" data-secret=\"PSCwDrDZqH\"><a href=\"https:\/\/kapitalis.com\/tunisie\/2016\/07\/13\/en-tunisie-la-vraie-crise-est-civique-et-culturelle\/\">En Tunisie, la vraie crise est civique et culturelle<\/a><\/blockquote><iframe loading=\"lazy\" class=\"wp-embedded-content\" sandbox=\"allow-scripts\" security=\"restricted\" style=\"position: absolute; visibility: hidden;\" title=\"\u00ab\u00a0En Tunisie, la vraie crise est civique et culturelle\u00a0\u00bb &#8212; Kapitalis\" src=\"https:\/\/kapitalis.com\/tunisie\/2016\/07\/13\/en-tunisie-la-vraie-crise-est-civique-et-culturelle\/embed\/#?secret=Zgo5WAbfPR#?secret=PSCwDrDZqH\" data-secret=\"PSCwDrDZqH\" width=\"600\" height=\"338\" frameborder=\"0\" marginwidth=\"0\" marginheight=\"0\" scrolling=\"no\"><\/iframe>\n<\/div><\/figure>\n","protected":false},"excerpt":{"rendered":"<p>Qu\u2019est ce qui fait que le quotidien du Tunisien soit si difficile et si d\u00e9cevant\u00a0?<\/p>\n","protected":false},"author":8,"featured_media":6904182,"comment_status":"open","ping_status":"open","sticky":false,"template":"","format":"standard","meta":{"footnotes":""},"categories":[992,998,1000,2433],"tags":[119437,119439,119440,10900,119436,119438,62643,931],"class_list":["post-14828667","post","type-post","status-publish","format-standard","has-post-thumbnail","hentry","category-a-la-une","category-societe","category-tribune","category-tunisie","tag-cadre-de-vie","tag-desordre","tag-files-dattente-2","tag-hichem-djait","tag-levee-des-ordures","tag-nuisance-sonore","tag-tunisie","tag-tunisien"],"yoast_head":"<!-- This site is optimized with the Yoast SEO plugin v26.6 - https:\/\/yoast.com\/wordpress\/plugins\/seo\/ -->\n<title>Le quotidien du Tunisien et la mise en p\u00e9ril de son superbe cadre de vie - Kapitalis<\/title>\n<meta name=\"robots\" content=\"index, follow, max-snippet:-1, max-image-preview:large, max-video-preview:-1\" \/>\n<link rel=\"canonical\" href=\"https:\/\/kapitalis.com\/tunisie\/2024\/12\/10\/le-quotidien-du-tunisien-et-la-mise-en-peril-de-son-superbe-cadre-de-vie\/\" \/>\n<meta property=\"og:locale\" content=\"fr_FR\" \/>\n<meta property=\"og:type\" content=\"article\" \/>\n<meta property=\"og:title\" content=\"Le quotidien du Tunisien et la mise en p\u00e9ril de son superbe cadre de vie - Kapitalis\" \/>\n<meta property=\"og:description\" content=\"Qu\u2019est ce qui fait que le quotidien du Tunisien soit si difficile et si d\u00e9cevant\u00a0?\" \/>\n<meta property=\"og:url\" content=\"https:\/\/kapitalis.com\/tunisie\/2024\/12\/10\/le-quotidien-du-tunisien-et-la-mise-en-peril-de-son-superbe-cadre-de-vie\/\" \/>\n<meta property=\"og:site_name\" content=\"Kapitalis\" \/>\n<meta property=\"article:publisher\" content=\"https:\/\/www.facebook.com\/KapitalisInfo\/\" \/>\n<meta property=\"article:published_time\" content=\"2024-12-10T07:37:40+00:00\" \/>\n<meta property=\"article:modified_time\" content=\"2024-12-10T07:39:47+00:00\" \/>\n<meta property=\"og:image\" content=\"https:\/\/kapitalis.com\/tunisie\/wp-content\/uploads\/2023\/03\/Tunis-Centre-ville.jpg\" \/>\n\t<meta property=\"og:image:width\" content=\"1200\" \/>\n\t<meta property=\"og:image:height\" content=\"630\" \/>\n\t<meta property=\"og:image:type\" content=\"image\/jpeg\" \/>\n<meta name=\"author\" content=\"webmaster kapitalis\" \/>\n<meta name=\"twitter:card\" content=\"summary_large_image\" \/>\n<meta name=\"twitter:creator\" content=\"@KapitalisInfo\" \/>\n<meta name=\"twitter:site\" content=\"@KapitalisInfo\" \/>\n<meta name=\"twitter:label1\" content=\"\u00c9crit par\" \/>\n\t<meta name=\"twitter:data1\" content=\"webmaster kapitalis\" \/>\n\t<meta name=\"twitter:label2\" content=\"Dur\u00e9e de lecture estim\u00e9e\" \/>\n\t<meta name=\"twitter:data2\" content=\"10 minutes\" \/>\n<script type=\"application\/ld+json\" class=\"yoast-schema-graph\">{\"@context\":\"https:\/\/schema.org\",\"@graph\":[{\"@type\":\"Article\",\"@id\":\"https:\/\/kapitalis.com\/tunisie\/2024\/12\/10\/le-quotidien-du-tunisien-et-la-mise-en-peril-de-son-superbe-cadre-de-vie\/#article\",\"isPartOf\":{\"@id\":\"https:\/\/kapitalis.com\/tunisie\/2024\/12\/10\/le-quotidien-du-tunisien-et-la-mise-en-peril-de-son-superbe-cadre-de-vie\/\"},\"author\":{\"name\":\"webmaster kapitalis\",\"@id\":\"https:\/\/kapitalis.com\/tunisie\/#\/schema\/person\/d71f33a9ca44f7bad4698210b480c8e9\"},\"headline\":\"Le quotidien du Tunisien et la mise en p\u00e9ril de son superbe cadre de vie\",\"datePublished\":\"2024-12-10T07:37:40+00:00\",\"dateModified\":\"2024-12-10T07:39:47+00:00\",\"mainEntityOfPage\":{\"@id\":\"https:\/\/kapitalis.com\/tunisie\/2024\/12\/10\/le-quotidien-du-tunisien-et-la-mise-en-peril-de-son-superbe-cadre-de-vie\/\"},\"wordCount\":1963,\"commentCount\":4,\"publisher\":{\"@id\":\"https:\/\/kapitalis.com\/tunisie\/#organization\"},\"image\":{\"@id\":\"https:\/\/kapitalis.com\/tunisie\/2024\/12\/10\/le-quotidien-du-tunisien-et-la-mise-en-peril-de-son-superbe-cadre-de-vie\/#primaryimage\"},\"thumbnailUrl\":\"https:\/\/kapitalis.com\/tunisie\/wp-content\/uploads\/2023\/03\/Tunis-Centre-ville.jpg\",\"keywords\":[\"cadre de vie\",\"d\u00e9sordre\",\"files d\u2019attente\",\"Hichem Dja\u00eft\",\"lev\u00e9e des ordures\",\"nuisance sonore\",\"Tunisie\",\"Tunisien\"],\"articleSection\":[\"A LA UNE\",\"SOCIETE\",\"TRIBUNE\",\"Tunisie\"],\"inLanguage\":\"fr-FR\",\"potentialAction\":[{\"@type\":\"CommentAction\",\"name\":\"Comment\",\"target\":[\"https:\/\/kapitalis.com\/tunisie\/2024\/12\/10\/le-quotidien-du-tunisien-et-la-mise-en-peril-de-son-superbe-cadre-de-vie\/#respond\"]}]},{\"@type\":\"WebPage\",\"@id\":\"https:\/\/kapitalis.com\/tunisie\/2024\/12\/10\/le-quotidien-du-tunisien-et-la-mise-en-peril-de-son-superbe-cadre-de-vie\/\",\"url\":\"https:\/\/kapitalis.com\/tunisie\/2024\/12\/10\/le-quotidien-du-tunisien-et-la-mise-en-peril-de-son-superbe-cadre-de-vie\/\",\"name\":\"Le quotidien du Tunisien et la mise en p\u00e9ril de son superbe cadre de vie - Kapitalis\",\"isPartOf\":{\"@id\":\"https:\/\/kapitalis.com\/tunisie\/#website\"},\"primaryImageOfPage\":{\"@id\":\"https:\/\/kapitalis.com\/tunisie\/2024\/12\/10\/le-quotidien-du-tunisien-et-la-mise-en-peril-de-son-superbe-cadre-de-vie\/#primaryimage\"},\"image\":{\"@id\":\"https:\/\/kapitalis.com\/tunisie\/2024\/12\/10\/le-quotidien-du-tunisien-et-la-mise-en-peril-de-son-superbe-cadre-de-vie\/#primaryimage\"},\"thumbnailUrl\":\"https:\/\/kapitalis.com\/tunisie\/wp-content\/uploads\/2023\/03\/Tunis-Centre-ville.jpg\",\"datePublished\":\"2024-12-10T07:37:40+00:00\",\"dateModified\":\"2024-12-10T07:39:47+00:00\",\"breadcrumb\":{\"@id\":\"https:\/\/kapitalis.com\/tunisie\/2024\/12\/10\/le-quotidien-du-tunisien-et-la-mise-en-peril-de-son-superbe-cadre-de-vie\/#breadcrumb\"},\"inLanguage\":\"fr-FR\",\"potentialAction\":[{\"@type\":\"ReadAction\",\"target\":[\"https:\/\/kapitalis.com\/tunisie\/2024\/12\/10\/le-quotidien-du-tunisien-et-la-mise-en-peril-de-son-superbe-cadre-de-vie\/\"]}]},{\"@type\":\"ImageObject\",\"inLanguage\":\"fr-FR\",\"@id\":\"https:\/\/kapitalis.com\/tunisie\/2024\/12\/10\/le-quotidien-du-tunisien-et-la-mise-en-peril-de-son-superbe-cadre-de-vie\/#primaryimage\",\"url\":\"https:\/\/kapitalis.com\/tunisie\/wp-content\/uploads\/2023\/03\/Tunis-Centre-ville.jpg\",\"contentUrl\":\"https:\/\/kapitalis.com\/tunisie\/wp-content\/uploads\/2023\/03\/Tunis-Centre-ville.jpg\",\"width\":1200,\"height\":630},{\"@type\":\"BreadcrumbList\",\"@id\":\"https:\/\/kapitalis.com\/tunisie\/2024\/12\/10\/le-quotidien-du-tunisien-et-la-mise-en-peril-de-son-superbe-cadre-de-vie\/#breadcrumb\",\"itemListElement\":[{\"@type\":\"ListItem\",\"position\":1,\"name\":\"Accueil\",\"item\":\"https:\/\/kapitalis.com\/tunisie\/\"},{\"@type\":\"ListItem\",\"position\":2,\"name\":\"Le quotidien du Tunisien et la mise en p\u00e9ril de son superbe cadre de vie\"}]},{\"@type\":\"WebSite\",\"@id\":\"https:\/\/kapitalis.com\/tunisie\/#website\",\"url\":\"https:\/\/kapitalis.com\/tunisie\/\",\"name\":\"Kapitalis\",\"description\":\"L&#039;actualit\u00e9 en Tunisie et dans le monde\",\"publisher\":{\"@id\":\"https:\/\/kapitalis.com\/tunisie\/#organization\"},\"potentialAction\":[{\"@type\":\"SearchAction\",\"target\":{\"@type\":\"EntryPoint\",\"urlTemplate\":\"https:\/\/kapitalis.com\/tunisie\/?s={search_term_string}\"},\"query-input\":{\"@type\":\"PropertyValueSpecification\",\"valueRequired\":true,\"valueName\":\"search_term_string\"}}],\"inLanguage\":\"fr-FR\"},{\"@type\":\"Organization\",\"@id\":\"https:\/\/kapitalis.com\/tunisie\/#organization\",\"name\":\"Kapitalis\",\"url\":\"https:\/\/kapitalis.com\/tunisie\/\",\"logo\":{\"@type\":\"ImageObject\",\"inLanguage\":\"fr-FR\",\"@id\":\"https:\/\/kapitalis.com\/tunisie\/#\/schema\/logo\/image\/\",\"url\":\"https:\/\/kapitalis.com\/tunisie\/wp-content\/uploads\/2022\/05\/Kapitalis-big-size.png\",\"contentUrl\":\"https:\/\/kapitalis.com\/tunisie\/wp-content\/uploads\/2022\/05\/Kapitalis-big-size.png\",\"width\":5000,\"height\":1500,\"caption\":\"Kapitalis\"},\"image\":{\"@id\":\"https:\/\/kapitalis.com\/tunisie\/#\/schema\/logo\/image\/\"},\"sameAs\":[\"https:\/\/www.facebook.com\/KapitalisInfo\/\",\"https:\/\/x.com\/KapitalisInfo\",\"https:\/\/www.youtube.com\/channel\/UC-yDYrHyfFBWWZaOw3FPg9Q\"]},{\"@type\":\"Person\",\"@id\":\"https:\/\/kapitalis.com\/tunisie\/#\/schema\/person\/d71f33a9ca44f7bad4698210b480c8e9\",\"name\":\"webmaster kapitalis\",\"url\":\"https:\/\/kapitalis.com\/tunisie\/author\/webmaster-kapitalis\/\"}]}<\/script>\n<!-- \/ Yoast SEO plugin. -->","yoast_head_json":{"title":"Le quotidien du Tunisien et la mise en p\u00e9ril de son superbe cadre de vie - Kapitalis","robots":{"index":"index","follow":"follow","max-snippet":"max-snippet:-1","max-image-preview":"max-image-preview:large","max-video-preview":"max-video-preview:-1"},"canonical":"https:\/\/kapitalis.com\/tunisie\/2024\/12\/10\/le-quotidien-du-tunisien-et-la-mise-en-peril-de-son-superbe-cadre-de-vie\/","og_locale":"fr_FR","og_type":"article","og_title":"Le quotidien du Tunisien et la mise en p\u00e9ril de son superbe cadre de vie - Kapitalis","og_description":"Qu\u2019est ce qui fait que le quotidien du Tunisien soit si difficile et si d\u00e9cevant\u00a0?","og_url":"https:\/\/kapitalis.com\/tunisie\/2024\/12\/10\/le-quotidien-du-tunisien-et-la-mise-en-peril-de-son-superbe-cadre-de-vie\/","og_site_name":"Kapitalis","article_publisher":"https:\/\/www.facebook.com\/KapitalisInfo\/","article_published_time":"2024-12-10T07:37:40+00:00","article_modified_time":"2024-12-10T07:39:47+00:00","og_image":[{"width":1200,"height":630,"url":"https:\/\/kapitalis.com\/tunisie\/wp-content\/uploads\/2023\/03\/Tunis-Centre-ville.jpg","type":"image\/jpeg"}],"author":"webmaster kapitalis","twitter_card":"summary_large_image","twitter_creator":"@KapitalisInfo","twitter_site":"@KapitalisInfo","twitter_misc":{"\u00c9crit par":"webmaster kapitalis","Dur\u00e9e de lecture estim\u00e9e":"10 minutes"},"schema":{"@context":"https:\/\/schema.org","@graph":[{"@type":"Article","@id":"https:\/\/kapitalis.com\/tunisie\/2024\/12\/10\/le-quotidien-du-tunisien-et-la-mise-en-peril-de-son-superbe-cadre-de-vie\/#article","isPartOf":{"@id":"https:\/\/kapitalis.com\/tunisie\/2024\/12\/10\/le-quotidien-du-tunisien-et-la-mise-en-peril-de-son-superbe-cadre-de-vie\/"},"author":{"name":"webmaster kapitalis","@id":"https:\/\/kapitalis.com\/tunisie\/#\/schema\/person\/d71f33a9ca44f7bad4698210b480c8e9"},"headline":"Le quotidien du Tunisien et la mise en p\u00e9ril de son superbe cadre de vie","datePublished":"2024-12-10T07:37:40+00:00","dateModified":"2024-12-10T07:39:47+00:00","mainEntityOfPage":{"@id":"https:\/\/kapitalis.com\/tunisie\/2024\/12\/10\/le-quotidien-du-tunisien-et-la-mise-en-peril-de-son-superbe-cadre-de-vie\/"},"wordCount":1963,"commentCount":4,"publisher":{"@id":"https:\/\/kapitalis.com\/tunisie\/#organization"},"image":{"@id":"https:\/\/kapitalis.com\/tunisie\/2024\/12\/10\/le-quotidien-du-tunisien-et-la-mise-en-peril-de-son-superbe-cadre-de-vie\/#primaryimage"},"thumbnailUrl":"https:\/\/kapitalis.com\/tunisie\/wp-content\/uploads\/2023\/03\/Tunis-Centre-ville.jpg","keywords":["cadre de vie","d\u00e9sordre","files d\u2019attente","Hichem Dja\u00eft","lev\u00e9e des ordures","nuisance sonore","Tunisie","Tunisien"],"articleSection":["A LA UNE","SOCIETE","TRIBUNE","Tunisie"],"inLanguage":"fr-FR","potentialAction":[{"@type":"CommentAction","name":"Comment","target":["https:\/\/kapitalis.com\/tunisie\/2024\/12\/10\/le-quotidien-du-tunisien-et-la-mise-en-peril-de-son-superbe-cadre-de-vie\/#respond"]}]},{"@type":"WebPage","@id":"https:\/\/kapitalis.com\/tunisie\/2024\/12\/10\/le-quotidien-du-tunisien-et-la-mise-en-peril-de-son-superbe-cadre-de-vie\/","url":"https:\/\/kapitalis.com\/tunisie\/2024\/12\/10\/le-quotidien-du-tunisien-et-la-mise-en-peril-de-son-superbe-cadre-de-vie\/","name":"Le quotidien du Tunisien et la mise en p\u00e9ril de son superbe cadre de vie - Kapitalis","isPartOf":{"@id":"https:\/\/kapitalis.com\/tunisie\/#website"},"primaryImageOfPage":{"@id":"https:\/\/kapitalis.com\/tunisie\/2024\/12\/10\/le-quotidien-du-tunisien-et-la-mise-en-peril-de-son-superbe-cadre-de-vie\/#primaryimage"},"image":{"@id":"https:\/\/kapitalis.com\/tunisie\/2024\/12\/10\/le-quotidien-du-tunisien-et-la-mise-en-peril-de-son-superbe-cadre-de-vie\/#primaryimage"},"thumbnailUrl":"https:\/\/kapitalis.com\/tunisie\/wp-content\/uploads\/2023\/03\/Tunis-Centre-ville.jpg","datePublished":"2024-12-10T07:37:40+00:00","dateModified":"2024-12-10T07:39:47+00:00","breadcrumb":{"@id":"https:\/\/kapitalis.com\/tunisie\/2024\/12\/10\/le-quotidien-du-tunisien-et-la-mise-en-peril-de-son-superbe-cadre-de-vie\/#breadcrumb"},"inLanguage":"fr-FR","potentialAction":[{"@type":"ReadAction","target":["https:\/\/kapitalis.com\/tunisie\/2024\/12\/10\/le-quotidien-du-tunisien-et-la-mise-en-peril-de-son-superbe-cadre-de-vie\/"]}]},{"@type":"ImageObject","inLanguage":"fr-FR","@id":"https:\/\/kapitalis.com\/tunisie\/2024\/12\/10\/le-quotidien-du-tunisien-et-la-mise-en-peril-de-son-superbe-cadre-de-vie\/#primaryimage","url":"https:\/\/kapitalis.com\/tunisie\/wp-content\/uploads\/2023\/03\/Tunis-Centre-ville.jpg","contentUrl":"https:\/\/kapitalis.com\/tunisie\/wp-content\/uploads\/2023\/03\/Tunis-Centre-ville.jpg","width":1200,"height":630},{"@type":"BreadcrumbList","@id":"https:\/\/kapitalis.com\/tunisie\/2024\/12\/10\/le-quotidien-du-tunisien-et-la-mise-en-peril-de-son-superbe-cadre-de-vie\/#breadcrumb","itemListElement":[{"@type":"ListItem","position":1,"name":"Accueil","item":"https:\/\/kapitalis.com\/tunisie\/"},{"@type":"ListItem","position":2,"name":"Le quotidien du Tunisien et la mise en p\u00e9ril de son superbe cadre de vie"}]},{"@type":"WebSite","@id":"https:\/\/kapitalis.com\/tunisie\/#website","url":"https:\/\/kapitalis.com\/tunisie\/","name":"Kapitalis","description":"L&#039;actualit\u00e9 en Tunisie et dans le monde","publisher":{"@id":"https:\/\/kapitalis.com\/tunisie\/#organization"},"potentialAction":[{"@type":"SearchAction","target":{"@type":"EntryPoint","urlTemplate":"https:\/\/kapitalis.com\/tunisie\/?s={search_term_string}"},"query-input":{"@type":"PropertyValueSpecification","valueRequired":true,"valueName":"search_term_string"}}],"inLanguage":"fr-FR"},{"@type":"Organization","@id":"https:\/\/kapitalis.com\/tunisie\/#organization","name":"Kapitalis","url":"https:\/\/kapitalis.com\/tunisie\/","logo":{"@type":"ImageObject","inLanguage":"fr-FR","@id":"https:\/\/kapitalis.com\/tunisie\/#\/schema\/logo\/image\/","url":"https:\/\/kapitalis.com\/tunisie\/wp-content\/uploads\/2022\/05\/Kapitalis-big-size.png","contentUrl":"https:\/\/kapitalis.com\/tunisie\/wp-content\/uploads\/2022\/05\/Kapitalis-big-size.png","width":5000,"height":1500,"caption":"Kapitalis"},"image":{"@id":"https:\/\/kapitalis.com\/tunisie\/#\/schema\/logo\/image\/"},"sameAs":["https:\/\/www.facebook.com\/KapitalisInfo\/","https:\/\/x.com\/KapitalisInfo","https:\/\/www.youtube.com\/channel\/UC-yDYrHyfFBWWZaOw3FPg9Q"]},{"@type":"Person","@id":"https:\/\/kapitalis.com\/tunisie\/#\/schema\/person\/d71f33a9ca44f7bad4698210b480c8e9","name":"webmaster kapitalis","url":"https:\/\/kapitalis.com\/tunisie\/author\/webmaster-kapitalis\/"}]}},"_links":{"self":[{"href":"https:\/\/kapitalis.com\/tunisie\/wp-json\/wp\/v2\/posts\/14828667","targetHints":{"allow":["GET"]}}],"collection":[{"href":"https:\/\/kapitalis.com\/tunisie\/wp-json\/wp\/v2\/posts"}],"about":[{"href":"https:\/\/kapitalis.com\/tunisie\/wp-json\/wp\/v2\/types\/post"}],"author":[{"embeddable":true,"href":"https:\/\/kapitalis.com\/tunisie\/wp-json\/wp\/v2\/users\/8"}],"replies":[{"embeddable":true,"href":"https:\/\/kapitalis.com\/tunisie\/wp-json\/wp\/v2\/comments?post=14828667"}],"version-history":[{"count":1,"href":"https:\/\/kapitalis.com\/tunisie\/wp-json\/wp\/v2\/posts\/14828667\/revisions"}],"predecessor-version":[{"id":14828729,"href":"https:\/\/kapitalis.com\/tunisie\/wp-json\/wp\/v2\/posts\/14828667\/revisions\/14828729"}],"wp:featuredmedia":[{"embeddable":true,"href":"https:\/\/kapitalis.com\/tunisie\/wp-json\/wp\/v2\/media\/6904182"}],"wp:attachment":[{"href":"https:\/\/kapitalis.com\/tunisie\/wp-json\/wp\/v2\/media?parent=14828667"}],"wp:term":[{"taxonomy":"category","embeddable":true,"href":"https:\/\/kapitalis.com\/tunisie\/wp-json\/wp\/v2\/categories?post=14828667"},{"taxonomy":"post_tag","embeddable":true,"href":"https:\/\/kapitalis.com\/tunisie\/wp-json\/wp\/v2\/tags?post=14828667"}],"curies":[{"name":"wp","href":"https:\/\/api.w.org\/{rel}","templated":true}]}}