{"id":1483073,"date":"2022-06-15T19:50:13","date_gmt":"2022-06-15T18:50:13","guid":{"rendered":"https:\/\/kapitalis.com\/tunisie\/?p=1483073"},"modified":"2022-06-16T20:04:50","modified_gmt":"2022-06-16T19:04:50","slug":"le-front-de-salut-national-appelle-a-manifester-contre-le-referendum-et-le-dialogue-nationale-et-pour-defendre-la-democratie","status":"publish","type":"post","link":"https:\/\/kapitalis.com\/tunisie\/2022\/06\/15\/le-front-de-salut-national-appelle-a-manifester-contre-le-referendum-et-le-dialogue-nationale-et-pour-defendre-la-democratie\/","title":{"rendered":"Le Front de Salut national appelle \u00e0 manifester contre le r\u00e9f\u00e9rendum et le dialogue national et \u00abpour d\u00e9fendre la d\u00e9mocratie\u00bb"},"content":{"rendered":"\n<p><\/p>\n\n\n\n<p><strong><em>Le Front de Salut national (FSN) a appel\u00e9 les citoyens \u00e0 prendre part \u00e0 une marche nationale pr\u00e9vue dimanche 19 juin 2022, \u00e0 Tunis, et ce, pour exprimer leur opposition aux r\u00e9f\u00e9rendum et au dialogue nationale et pour \u00e9galement \u00abd\u00e9fendre la d\u00e9mocratie\u00bb.<\/em><\/strong><\/p>\n\n\n\n<!--more-->\n\n\n\n<p>Initi\u00e9 par Ahmed Nejib Chebbi, et soutenu par les partis oppos\u00e9s au pr\u00e9sident Sa\u00efed, notamment Ennahdha, Al-Karama, et Qalb Tounes ou encore la coalition <em>\u00abCitoyens contre le coup d&rsquo;Etat\u00bb<\/em> dirig\u00e9e par Jawher Ben Mbarek, le FSN a appel\u00e9 a pr\u00e9cis\u00e9 que la marche d\u00e9butera \u00e0 10h au Passage au centre-ville, en direction du Th\u00e9\u00e2tre municipal de Tunis.<\/p>\n\n\n\n<p>Dans son communiqu\u00e9 le FSN indique que cette marche vise \u00e0 s&rsquo;opposer au dialogue national initi\u00e9 par le chef de l&rsquo;Etat, tout en le qualifiant de <em>\u00abpi\u00e8ce de th\u00e9\u00e2tre<\/em>\u00bb ainsi qu&rsquo;au r\u00e9f\u00e9rendum pr\u00e9vu le 25 juillet, estimant que celui-ci vise \u00e0<em> \u00abinstaurer un pouvoir autoritaire\u00bb.<\/em><\/p>\n\n\n\n<p>Le FSN dit aussi que cette marche de protestation sera organis\u00e9e contre <em>\u00able pouvoir putschiste\u00bb, <\/em>et pour d\u00e9fendre les acquis de la d\u00e9mocratie, citant une justice ind\u00e9pendante, l&rsquo;ind\u00e9pendance des organisations nationales et les libert\u00e9s, ainsi que le refus des proc\u00e8s militaires pour les civils.<\/p>\n\n\n\n<p class=\"has-text-align-right\"><strong>Y. N.<\/strong><\/p>\n\n\n\n<figure class=\"wp-block-embed is-type-wp-embed is-provider-kapitalis wp-block-embed-kapitalis\"><div class=\"wp-block-embed__wrapper\">\n<blockquote class=\"wp-embedded-content\" data-secret=\"ciJZs4H6zc\"><a href=\"https:\/\/kapitalis.com\/tunisie\/2022\/05\/31\/samira-chaouachi-a-propos-du-front-de-salut-national-les-forces-sinceres-sortiront-la-tunisie-de-la-crise\/\">Samira Chaouachi \u00e0 propos du Front de Salut national : \u00abLes forces sinc\u00e8res sortiront la Tunisie de la crise\u00bb<\/a><\/blockquote><iframe loading=\"lazy\" class=\"wp-embedded-content\" sandbox=\"allow-scripts\" security=\"restricted\" style=\"position: absolute; clip: rect(1px, 1px, 1px, 1px);\" title=\"\u00ab\u00a0Samira Chaouachi \u00e0 propos du Front de Salut national : \u00abLes forces sinc\u00e8res sortiront la Tunisie de la crise\u00bb\u00a0\u00bb &#8212; Kapitalis\" src=\"https:\/\/kapitalis.com\/tunisie\/2022\/05\/31\/samira-chaouachi-a-propos-du-front-de-salut-national-les-forces-sinceres-sortiront-la-tunisie-de-la-crise\/embed\/#?secret=IoUPwiLhXY#?secret=ciJZs4H6zc\" data-secret=\"ciJZs4H6zc\" width=\"600\" height=\"338\" frameborder=\"0\" marginwidth=\"0\" marginheight=\"0\" scrolling=\"no\"><\/iframe>\n<\/div><\/figure>\n\n\n\n<figure class=\"wp-block-embed is-type-wp-embed is-provider-kapitalis wp-block-embed-kapitalis\"><div class=\"wp-block-embed__wrapper\">\n<blockquote class=\"wp-embedded-content\" data-secret=\"nhL5zT4mv0\"><a href=\"https:\/\/kapitalis.com\/tunisie\/2022\/05\/15\/tunisie-ahmed-nejib-chebbi-fait-un-eloge-appuye-de-hamadi-jebali\/\">Tunisie\u00a0: Ahmed Nejib Chebbi fait un \u00e9loge appuy\u00e9 de Hamadi Jebali<\/a><\/blockquote><iframe loading=\"lazy\" class=\"wp-embedded-content\" sandbox=\"allow-scripts\" security=\"restricted\" style=\"position: absolute; clip: rect(1px, 1px, 1px, 1px);\" title=\"\u00ab\u00a0Tunisie\u00a0: Ahmed Nejib Chebbi fait un \u00e9loge appuy\u00e9 de Hamadi Jebali\u00a0\u00bb &#8212; Kapitalis\" src=\"https:\/\/kapitalis.com\/tunisie\/2022\/05\/15\/tunisie-ahmed-nejib-chebbi-fait-un-eloge-appuye-de-hamadi-jebali\/embed\/#?secret=xUfYRze45m#?secret=nhL5zT4mv0\" data-secret=\"nhL5zT4mv0\" width=\"600\" height=\"338\" frameborder=\"0\" marginwidth=\"0\" marginheight=\"0\" scrolling=\"no\"><\/iframe>\n<\/div><\/figure>\n\n\n\n<figure class=\"wp-block-embed is-type-wp-embed is-provider-kapitalis wp-block-embed-kapitalis\"><div class=\"wp-block-embed__wrapper\">\n<blockquote class=\"wp-embedded-content\" data-secret=\"tnZMcElftQ\"><a href=\"https:\/\/kapitalis.com\/tunisie\/2022\/04\/13\/tunisie-quest-ce-qui-fait-courir-lincorrigible-m-chebbi\/\">Tunisie : Qu&rsquo;est-ce qui fait courir l&rsquo;incorrigible M. Chebbi ?<\/a><\/blockquote><iframe loading=\"lazy\" class=\"wp-embedded-content\" sandbox=\"allow-scripts\" security=\"restricted\" style=\"position: absolute; clip: rect(1px, 1px, 1px, 1px);\" title=\"\u00ab\u00a0Tunisie : Qu&rsquo;est-ce qui fait courir l&rsquo;incorrigible M. Chebbi ?\u00a0\u00bb &#8212; Kapitalis\" src=\"https:\/\/kapitalis.com\/tunisie\/2022\/04\/13\/tunisie-quest-ce-qui-fait-courir-lincorrigible-m-chebbi\/embed\/#?secret=GTzLnA5VH2#?secret=tnZMcElftQ\" data-secret=\"tnZMcElftQ\" width=\"600\" height=\"338\" frameborder=\"0\" marginwidth=\"0\" marginheight=\"0\" scrolling=\"no\"><\/iframe>\n<\/div><\/figure>\n","protected":false},"excerpt":{"rendered":"<p>Le Front de salut national appelle \u00e0 manifester contre le r\u00e9f\u00e9rendum et le dialogue nationale et \u00abpour d\u00e9fendre la d\u00e9mocratie\u00bb<\/p>\n","protected":false},"author":6,"featured_media":1483451,"comment_status":"open","ping_status":"open","sticky":false,"template":"","format":"standard","meta":{"footnotes":""},"categories":[997,2433],"tags":[49543,99029,94919,12235,4759,62643],"class_list":["post-1483073","post","type-post","status-publish","format-standard","has-post-thumbnail","hentry","category-politique","category-tunisie","tag-ennahdha","tag-front-de-salut-national","tag-jawhar-ben-mbarek","tag-kais-saied","tag-nejib-chebbi","tag-tunisie"],"yoast_head":"<!-- This site is optimized with the Yoast SEO plugin v26.6 - https:\/\/yoast.com\/wordpress\/plugins\/seo\/ -->\n<title>Le Front de Salut national appelle \u00e0 manifester contre le r\u00e9f\u00e9rendum et le dialogue national et \u00abpour d\u00e9fendre la d\u00e9mocratie\u00bb - Kapitalis<\/title>\n<meta name=\"description\" content=\"Le Front de salut national (FSN) a appel\u00e9 les citoyens \u00e0 prendre part \u00e0 une marche nationale pr\u00e9vue dimanche 19 juin 2022, \u00e0 Tunis, et ce, pour exprimer leur opposition aux r\u00e9f\u00e9rendum et au dialogue nationale et pour \u00e9galement \u00abd\u00e9fendre la d\u00e9mocratie\u00bb.\" \/>\n<meta name=\"robots\" content=\"index, follow, max-snippet:-1, max-image-preview:large, max-video-preview:-1\" \/>\n<link rel=\"canonical\" href=\"https:\/\/kapitalis.com\/tunisie\/2022\/06\/15\/le-front-de-salut-national-appelle-a-manifester-contre-le-referendum-et-le-dialogue-nationale-et-pour-defendre-la-democratie\/\" \/>\n<meta property=\"og:locale\" content=\"fr_FR\" \/>\n<meta property=\"og:type\" content=\"article\" \/>\n<meta property=\"og:title\" content=\"Le Front de Salut national appelle \u00e0 manifester contre le r\u00e9f\u00e9rendum et le dialogue national et \u00abpour d\u00e9fendre la d\u00e9mocratie\u00bb - Kapitalis\" \/>\n<meta property=\"og:description\" content=\"Le Front de salut national (FSN) a appel\u00e9 les citoyens \u00e0 prendre part \u00e0 une marche nationale pr\u00e9vue dimanche 19 juin 2022, \u00e0 Tunis, et ce, pour exprimer leur opposition aux r\u00e9f\u00e9rendum et au dialogue nationale et pour \u00e9galement \u00abd\u00e9fendre la d\u00e9mocratie\u00bb.\" \/>\n<meta property=\"og:url\" content=\"https:\/\/kapitalis.com\/tunisie\/2022\/06\/15\/le-front-de-salut-national-appelle-a-manifester-contre-le-referendum-et-le-dialogue-nationale-et-pour-defendre-la-democratie\/\" \/>\n<meta property=\"og:site_name\" content=\"Kapitalis\" \/>\n<meta property=\"article:publisher\" content=\"https:\/\/www.facebook.com\/KapitalisInfo\/\" \/>\n<meta property=\"article:published_time\" content=\"2022-06-15T18:50:13+00:00\" \/>\n<meta property=\"article:modified_time\" content=\"2022-06-16T19:04:50+00:00\" \/>\n<meta property=\"og:image\" content=\"https:\/\/kapitalis.com\/tunisie\/wp-content\/uploads\/2022\/06\/Nejib-Chebbi-Ghannouchi.jpg\" \/>\n\t<meta property=\"og:image:width\" content=\"1200\" \/>\n\t<meta property=\"og:image:height\" content=\"630\" \/>\n\t<meta property=\"og:image:type\" content=\"image\/jpeg\" \/>\n<meta name=\"author\" content=\"Yusra NY\" \/>\n<meta name=\"twitter:card\" content=\"summary_large_image\" \/>\n<meta name=\"twitter:creator\" content=\"@KapitalisInfo\" \/>\n<meta name=\"twitter:site\" content=\"@KapitalisInfo\" \/>\n<meta name=\"twitter:label1\" content=\"\u00c9crit par\" \/>\n\t<meta name=\"twitter:data1\" content=\"Yusra NY\" \/>\n\t<meta name=\"twitter:label2\" content=\"Dur\u00e9e de lecture estim\u00e9e\" \/>\n\t<meta name=\"twitter:data2\" content=\"1 minute\" \/>\n<script type=\"application\/ld+json\" class=\"yoast-schema-graph\">{\"@context\":\"https:\/\/schema.org\",\"@graph\":[{\"@type\":\"Article\",\"@id\":\"https:\/\/kapitalis.com\/tunisie\/2022\/06\/15\/le-front-de-salut-national-appelle-a-manifester-contre-le-referendum-et-le-dialogue-nationale-et-pour-defendre-la-democratie\/#article\",\"isPartOf\":{\"@id\":\"https:\/\/kapitalis.com\/tunisie\/2022\/06\/15\/le-front-de-salut-national-appelle-a-manifester-contre-le-referendum-et-le-dialogue-nationale-et-pour-defendre-la-democratie\/\"},\"author\":{\"name\":\"Yusra NY\",\"@id\":\"https:\/\/kapitalis.com\/tunisie\/#\/schema\/person\/74bbde0154d49d790a92aaeac5bc01d5\"},\"headline\":\"Le Front de Salut national appelle \u00e0 manifester contre le r\u00e9f\u00e9rendum et le dialogue national et \u00abpour d\u00e9fendre la d\u00e9mocratie\u00bb\",\"datePublished\":\"2022-06-15T18:50:13+00:00\",\"dateModified\":\"2022-06-16T19:04:50+00:00\",\"mainEntityOfPage\":{\"@id\":\"https:\/\/kapitalis.com\/tunisie\/2022\/06\/15\/le-front-de-salut-national-appelle-a-manifester-contre-le-referendum-et-le-dialogue-nationale-et-pour-defendre-la-democratie\/\"},\"wordCount\":243,\"commentCount\":3,\"publisher\":{\"@id\":\"https:\/\/kapitalis.com\/tunisie\/#organization\"},\"image\":{\"@id\":\"https:\/\/kapitalis.com\/tunisie\/2022\/06\/15\/le-front-de-salut-national-appelle-a-manifester-contre-le-referendum-et-le-dialogue-nationale-et-pour-defendre-la-democratie\/#primaryimage\"},\"thumbnailUrl\":\"https:\/\/kapitalis.com\/tunisie\/wp-content\/uploads\/2022\/06\/Nejib-Chebbi-Ghannouchi.jpg\",\"keywords\":[\"Ennahdha\",\"Front de salut national\",\"Jawhar Ben Mbarek\",\"Ka\u00efs Saied\",\"N\u00e9jib Chebbi\",\"Tunisie\"],\"articleSection\":[\"POLITIQUE\",\"Tunisie\"],\"inLanguage\":\"fr-FR\",\"potentialAction\":[{\"@type\":\"CommentAction\",\"name\":\"Comment\",\"target\":[\"https:\/\/kapitalis.com\/tunisie\/2022\/06\/15\/le-front-de-salut-national-appelle-a-manifester-contre-le-referendum-et-le-dialogue-nationale-et-pour-defendre-la-democratie\/#respond\"]}]},{\"@type\":\"WebPage\",\"@id\":\"https:\/\/kapitalis.com\/tunisie\/2022\/06\/15\/le-front-de-salut-national-appelle-a-manifester-contre-le-referendum-et-le-dialogue-nationale-et-pour-defendre-la-democratie\/\",\"url\":\"https:\/\/kapitalis.com\/tunisie\/2022\/06\/15\/le-front-de-salut-national-appelle-a-manifester-contre-le-referendum-et-le-dialogue-nationale-et-pour-defendre-la-democratie\/\",\"name\":\"Le Front de Salut national appelle \u00e0 manifester contre le r\u00e9f\u00e9rendum et le dialogue national et \u00abpour d\u00e9fendre la d\u00e9mocratie\u00bb - Kapitalis\",\"isPartOf\":{\"@id\":\"https:\/\/kapitalis.com\/tunisie\/#website\"},\"primaryImageOfPage\":{\"@id\":\"https:\/\/kapitalis.com\/tunisie\/2022\/06\/15\/le-front-de-salut-national-appelle-a-manifester-contre-le-referendum-et-le-dialogue-nationale-et-pour-defendre-la-democratie\/#primaryimage\"},\"image\":{\"@id\":\"https:\/\/kapitalis.com\/tunisie\/2022\/06\/15\/le-front-de-salut-national-appelle-a-manifester-contre-le-referendum-et-le-dialogue-nationale-et-pour-defendre-la-democratie\/#primaryimage\"},\"thumbnailUrl\":\"https:\/\/kapitalis.com\/tunisie\/wp-content\/uploads\/2022\/06\/Nejib-Chebbi-Ghannouchi.jpg\",\"datePublished\":\"2022-06-15T18:50:13+00:00\",\"dateModified\":\"2022-06-16T19:04:50+00:00\",\"description\":\"Le Front de salut national (FSN) a appel\u00e9 les citoyens \u00e0 prendre part \u00e0 une marche nationale pr\u00e9vue dimanche 19 juin 2022, \u00e0 Tunis, et ce, pour exprimer leur opposition aux r\u00e9f\u00e9rendum et au dialogue nationale et pour \u00e9galement \u00abd\u00e9fendre la d\u00e9mocratie\u00bb.\",\"breadcrumb\":{\"@id\":\"https:\/\/kapitalis.com\/tunisie\/2022\/06\/15\/le-front-de-salut-national-appelle-a-manifester-contre-le-referendum-et-le-dialogue-nationale-et-pour-defendre-la-democratie\/#breadcrumb\"},\"inLanguage\":\"fr-FR\",\"potentialAction\":[{\"@type\":\"ReadAction\",\"target\":[\"https:\/\/kapitalis.com\/tunisie\/2022\/06\/15\/le-front-de-salut-national-appelle-a-manifester-contre-le-referendum-et-le-dialogue-nationale-et-pour-defendre-la-democratie\/\"]}]},{\"@type\":\"ImageObject\",\"inLanguage\":\"fr-FR\",\"@id\":\"https:\/\/kapitalis.com\/tunisie\/2022\/06\/15\/le-front-de-salut-national-appelle-a-manifester-contre-le-referendum-et-le-dialogue-nationale-et-pour-defendre-la-democratie\/#primaryimage\",\"url\":\"https:\/\/kapitalis.com\/tunisie\/wp-content\/uploads\/2022\/06\/Nejib-Chebbi-Ghannouchi.jpg\",\"contentUrl\":\"https:\/\/kapitalis.com\/tunisie\/wp-content\/uploads\/2022\/06\/Nejib-Chebbi-Ghannouchi.jpg\",\"width\":1200,\"height\":630},{\"@type\":\"BreadcrumbList\",\"@id\":\"https:\/\/kapitalis.com\/tunisie\/2022\/06\/15\/le-front-de-salut-national-appelle-a-manifester-contre-le-referendum-et-le-dialogue-nationale-et-pour-defendre-la-democratie\/#breadcrumb\",\"itemListElement\":[{\"@type\":\"ListItem\",\"position\":1,\"name\":\"Accueil\",\"item\":\"https:\/\/kapitalis.com\/tunisie\/\"},{\"@type\":\"ListItem\",\"position\":2,\"name\":\"Le Front de Salut national appelle \u00e0 manifester contre le r\u00e9f\u00e9rendum et le dialogue national et \u00abpour d\u00e9fendre la d\u00e9mocratie\u00bb\"}]},{\"@type\":\"WebSite\",\"@id\":\"https:\/\/kapitalis.com\/tunisie\/#website\",\"url\":\"https:\/\/kapitalis.com\/tunisie\/\",\"name\":\"Kapitalis\",\"description\":\"L&#039;actualit\u00e9 en Tunisie et dans le monde\",\"publisher\":{\"@id\":\"https:\/\/kapitalis.com\/tunisie\/#organization\"},\"potentialAction\":[{\"@type\":\"SearchAction\",\"target\":{\"@type\":\"EntryPoint\",\"urlTemplate\":\"https:\/\/kapitalis.com\/tunisie\/?s={search_term_string}\"},\"query-input\":{\"@type\":\"PropertyValueSpecification\",\"valueRequired\":true,\"valueName\":\"search_term_string\"}}],\"inLanguage\":\"fr-FR\"},{\"@type\":\"Organization\",\"@id\":\"https:\/\/kapitalis.com\/tunisie\/#organization\",\"name\":\"Kapitalis\",\"url\":\"https:\/\/kapitalis.com\/tunisie\/\",\"logo\":{\"@type\":\"ImageObject\",\"inLanguage\":\"fr-FR\",\"@id\":\"https:\/\/kapitalis.com\/tunisie\/#\/schema\/logo\/image\/\",\"url\":\"https:\/\/kapitalis.com\/tunisie\/wp-content\/uploads\/2022\/05\/Kapitalis-big-size.png\",\"contentUrl\":\"https:\/\/kapitalis.com\/tunisie\/wp-content\/uploads\/2022\/05\/Kapitalis-big-size.png\",\"width\":5000,\"height\":1500,\"caption\":\"Kapitalis\"},\"image\":{\"@id\":\"https:\/\/kapitalis.com\/tunisie\/#\/schema\/logo\/image\/\"},\"sameAs\":[\"https:\/\/www.facebook.com\/KapitalisInfo\/\",\"https:\/\/x.com\/KapitalisInfo\",\"https:\/\/www.youtube.com\/channel\/UC-yDYrHyfFBWWZaOw3FPg9Q\"]},{\"@type\":\"Person\",\"@id\":\"https:\/\/kapitalis.com\/tunisie\/#\/schema\/person\/74bbde0154d49d790a92aaeac5bc01d5\",\"name\":\"Yusra NY\",\"url\":\"https:\/\/kapitalis.com\/tunisie\/author\/yuza_adam\/\"}]}<\/script>\n<!-- \/ Yoast SEO plugin. -->","yoast_head_json":{"title":"Le Front de Salut national appelle \u00e0 manifester contre le r\u00e9f\u00e9rendum et le dialogue national et \u00abpour d\u00e9fendre la d\u00e9mocratie\u00bb - Kapitalis","description":"Le Front de salut national (FSN) a appel\u00e9 les citoyens \u00e0 prendre part \u00e0 une marche nationale pr\u00e9vue dimanche 19 juin 2022, \u00e0 Tunis, et ce, pour exprimer leur opposition aux r\u00e9f\u00e9rendum et au dialogue nationale et pour \u00e9galement \u00abd\u00e9fendre la d\u00e9mocratie\u00bb.","robots":{"index":"index","follow":"follow","max-snippet":"max-snippet:-1","max-image-preview":"max-image-preview:large","max-video-preview":"max-video-preview:-1"},"canonical":"https:\/\/kapitalis.com\/tunisie\/2022\/06\/15\/le-front-de-salut-national-appelle-a-manifester-contre-le-referendum-et-le-dialogue-nationale-et-pour-defendre-la-democratie\/","og_locale":"fr_FR","og_type":"article","og_title":"Le Front de Salut national appelle \u00e0 manifester contre le r\u00e9f\u00e9rendum et le dialogue national et \u00abpour d\u00e9fendre la d\u00e9mocratie\u00bb - Kapitalis","og_description":"Le Front de salut national (FSN) a appel\u00e9 les citoyens \u00e0 prendre part \u00e0 une marche nationale pr\u00e9vue dimanche 19 juin 2022, \u00e0 Tunis, et ce, pour exprimer leur opposition aux r\u00e9f\u00e9rendum et au dialogue nationale et pour \u00e9galement \u00abd\u00e9fendre la d\u00e9mocratie\u00bb.","og_url":"https:\/\/kapitalis.com\/tunisie\/2022\/06\/15\/le-front-de-salut-national-appelle-a-manifester-contre-le-referendum-et-le-dialogue-nationale-et-pour-defendre-la-democratie\/","og_site_name":"Kapitalis","article_publisher":"https:\/\/www.facebook.com\/KapitalisInfo\/","article_published_time":"2022-06-15T18:50:13+00:00","article_modified_time":"2022-06-16T19:04:50+00:00","og_image":[{"width":1200,"height":630,"url":"https:\/\/kapitalis.com\/tunisie\/wp-content\/uploads\/2022\/06\/Nejib-Chebbi-Ghannouchi.jpg","type":"image\/jpeg"}],"author":"Yusra NY","twitter_card":"summary_large_image","twitter_creator":"@KapitalisInfo","twitter_site":"@KapitalisInfo","twitter_misc":{"\u00c9crit par":"Yusra NY","Dur\u00e9e de lecture estim\u00e9e":"1 minute"},"schema":{"@context":"https:\/\/schema.org","@graph":[{"@type":"Article","@id":"https:\/\/kapitalis.com\/tunisie\/2022\/06\/15\/le-front-de-salut-national-appelle-a-manifester-contre-le-referendum-et-le-dialogue-nationale-et-pour-defendre-la-democratie\/#article","isPartOf":{"@id":"https:\/\/kapitalis.com\/tunisie\/2022\/06\/15\/le-front-de-salut-national-appelle-a-manifester-contre-le-referendum-et-le-dialogue-nationale-et-pour-defendre-la-democratie\/"},"author":{"name":"Yusra NY","@id":"https:\/\/kapitalis.com\/tunisie\/#\/schema\/person\/74bbde0154d49d790a92aaeac5bc01d5"},"headline":"Le Front de Salut national appelle \u00e0 manifester contre le r\u00e9f\u00e9rendum et le dialogue national et \u00abpour d\u00e9fendre la d\u00e9mocratie\u00bb","datePublished":"2022-06-15T18:50:13+00:00","dateModified":"2022-06-16T19:04:50+00:00","mainEntityOfPage":{"@id":"https:\/\/kapitalis.com\/tunisie\/2022\/06\/15\/le-front-de-salut-national-appelle-a-manifester-contre-le-referendum-et-le-dialogue-nationale-et-pour-defendre-la-democratie\/"},"wordCount":243,"commentCount":3,"publisher":{"@id":"https:\/\/kapitalis.com\/tunisie\/#organization"},"image":{"@id":"https:\/\/kapitalis.com\/tunisie\/2022\/06\/15\/le-front-de-salut-national-appelle-a-manifester-contre-le-referendum-et-le-dialogue-nationale-et-pour-defendre-la-democratie\/#primaryimage"},"thumbnailUrl":"https:\/\/kapitalis.com\/tunisie\/wp-content\/uploads\/2022\/06\/Nejib-Chebbi-Ghannouchi.jpg","keywords":["Ennahdha","Front de salut national","Jawhar Ben Mbarek","Ka\u00efs Saied","N\u00e9jib Chebbi","Tunisie"],"articleSection":["POLITIQUE","Tunisie"],"inLanguage":"fr-FR","potentialAction":[{"@type":"CommentAction","name":"Comment","target":["https:\/\/kapitalis.com\/tunisie\/2022\/06\/15\/le-front-de-salut-national-appelle-a-manifester-contre-le-referendum-et-le-dialogue-nationale-et-pour-defendre-la-democratie\/#respond"]}]},{"@type":"WebPage","@id":"https:\/\/kapitalis.com\/tunisie\/2022\/06\/15\/le-front-de-salut-national-appelle-a-manifester-contre-le-referendum-et-le-dialogue-nationale-et-pour-defendre-la-democratie\/","url":"https:\/\/kapitalis.com\/tunisie\/2022\/06\/15\/le-front-de-salut-national-appelle-a-manifester-contre-le-referendum-et-le-dialogue-nationale-et-pour-defendre-la-democratie\/","name":"Le Front de Salut national appelle \u00e0 manifester contre le r\u00e9f\u00e9rendum et le dialogue national et \u00abpour d\u00e9fendre la d\u00e9mocratie\u00bb - Kapitalis","isPartOf":{"@id":"https:\/\/kapitalis.com\/tunisie\/#website"},"primaryImageOfPage":{"@id":"https:\/\/kapitalis.com\/tunisie\/2022\/06\/15\/le-front-de-salut-national-appelle-a-manifester-contre-le-referendum-et-le-dialogue-nationale-et-pour-defendre-la-democratie\/#primaryimage"},"image":{"@id":"https:\/\/kapitalis.com\/tunisie\/2022\/06\/15\/le-front-de-salut-national-appelle-a-manifester-contre-le-referendum-et-le-dialogue-nationale-et-pour-defendre-la-democratie\/#primaryimage"},"thumbnailUrl":"https:\/\/kapitalis.com\/tunisie\/wp-content\/uploads\/2022\/06\/Nejib-Chebbi-Ghannouchi.jpg","datePublished":"2022-06-15T18:50:13+00:00","dateModified":"2022-06-16T19:04:50+00:00","description":"Le Front de salut national (FSN) a appel\u00e9 les citoyens \u00e0 prendre part \u00e0 une marche nationale pr\u00e9vue dimanche 19 juin 2022, \u00e0 Tunis, et ce, pour exprimer leur opposition aux r\u00e9f\u00e9rendum et au dialogue nationale et pour \u00e9galement \u00abd\u00e9fendre la d\u00e9mocratie\u00bb.","breadcrumb":{"@id":"https:\/\/kapitalis.com\/tunisie\/2022\/06\/15\/le-front-de-salut-national-appelle-a-manifester-contre-le-referendum-et-le-dialogue-nationale-et-pour-defendre-la-democratie\/#breadcrumb"},"inLanguage":"fr-FR","potentialAction":[{"@type":"ReadAction","target":["https:\/\/kapitalis.com\/tunisie\/2022\/06\/15\/le-front-de-salut-national-appelle-a-manifester-contre-le-referendum-et-le-dialogue-nationale-et-pour-defendre-la-democratie\/"]}]},{"@type":"ImageObject","inLanguage":"fr-FR","@id":"https:\/\/kapitalis.com\/tunisie\/2022\/06\/15\/le-front-de-salut-national-appelle-a-manifester-contre-le-referendum-et-le-dialogue-nationale-et-pour-defendre-la-democratie\/#primaryimage","url":"https:\/\/kapitalis.com\/tunisie\/wp-content\/uploads\/2022\/06\/Nejib-Chebbi-Ghannouchi.jpg","contentUrl":"https:\/\/kapitalis.com\/tunisie\/wp-content\/uploads\/2022\/06\/Nejib-Chebbi-Ghannouchi.jpg","width":1200,"height":630},{"@type":"BreadcrumbList","@id":"https:\/\/kapitalis.com\/tunisie\/2022\/06\/15\/le-front-de-salut-national-appelle-a-manifester-contre-le-referendum-et-le-dialogue-nationale-et-pour-defendre-la-democratie\/#breadcrumb","itemListElement":[{"@type":"ListItem","position":1,"name":"Accueil","item":"https:\/\/kapitalis.com\/tunisie\/"},{"@type":"ListItem","position":2,"name":"Le Front de Salut national appelle \u00e0 manifester contre le r\u00e9f\u00e9rendum et le dialogue national et \u00abpour d\u00e9fendre la d\u00e9mocratie\u00bb"}]},{"@type":"WebSite","@id":"https:\/\/kapitalis.com\/tunisie\/#website","url":"https:\/\/kapitalis.com\/tunisie\/","name":"Kapitalis","description":"L&#039;actualit\u00e9 en Tunisie et dans le monde","publisher":{"@id":"https:\/\/kapitalis.com\/tunisie\/#organization"},"potentialAction":[{"@type":"SearchAction","target":{"@type":"EntryPoint","urlTemplate":"https:\/\/kapitalis.com\/tunisie\/?s={search_term_string}"},"query-input":{"@type":"PropertyValueSpecification","valueRequired":true,"valueName":"search_term_string"}}],"inLanguage":"fr-FR"},{"@type":"Organization","@id":"https:\/\/kapitalis.com\/tunisie\/#organization","name":"Kapitalis","url":"https:\/\/kapitalis.com\/tunisie\/","logo":{"@type":"ImageObject","inLanguage":"fr-FR","@id":"https:\/\/kapitalis.com\/tunisie\/#\/schema\/logo\/image\/","url":"https:\/\/kapitalis.com\/tunisie\/wp-content\/uploads\/2022\/05\/Kapitalis-big-size.png","contentUrl":"https:\/\/kapitalis.com\/tunisie\/wp-content\/uploads\/2022\/05\/Kapitalis-big-size.png","width":5000,"height":1500,"caption":"Kapitalis"},"image":{"@id":"https:\/\/kapitalis.com\/tunisie\/#\/schema\/logo\/image\/"},"sameAs":["https:\/\/www.facebook.com\/KapitalisInfo\/","https:\/\/x.com\/KapitalisInfo","https:\/\/www.youtube.com\/channel\/UC-yDYrHyfFBWWZaOw3FPg9Q"]},{"@type":"Person","@id":"https:\/\/kapitalis.com\/tunisie\/#\/schema\/person\/74bbde0154d49d790a92aaeac5bc01d5","name":"Yusra NY","url":"https:\/\/kapitalis.com\/tunisie\/author\/yuza_adam\/"}]}},"_links":{"self":[{"href":"https:\/\/kapitalis.com\/tunisie\/wp-json\/wp\/v2\/posts\/1483073","targetHints":{"allow":["GET"]}}],"collection":[{"href":"https:\/\/kapitalis.com\/tunisie\/wp-json\/wp\/v2\/posts"}],"about":[{"href":"https:\/\/kapitalis.com\/tunisie\/wp-json\/wp\/v2\/types\/post"}],"author":[{"embeddable":true,"href":"https:\/\/kapitalis.com\/tunisie\/wp-json\/wp\/v2\/users\/6"}],"replies":[{"embeddable":true,"href":"https:\/\/kapitalis.com\/tunisie\/wp-json\/wp\/v2\/comments?post=1483073"}],"version-history":[{"count":0,"href":"https:\/\/kapitalis.com\/tunisie\/wp-json\/wp\/v2\/posts\/1483073\/revisions"}],"wp:featuredmedia":[{"embeddable":true,"href":"https:\/\/kapitalis.com\/tunisie\/wp-json\/wp\/v2\/media\/1483451"}],"wp:attachment":[{"href":"https:\/\/kapitalis.com\/tunisie\/wp-json\/wp\/v2\/media?parent=1483073"}],"wp:term":[{"taxonomy":"category","embeddable":true,"href":"https:\/\/kapitalis.com\/tunisie\/wp-json\/wp\/v2\/categories?post=1483073"},{"taxonomy":"post_tag","embeddable":true,"href":"https:\/\/kapitalis.com\/tunisie\/wp-json\/wp\/v2\/tags?post=1483073"}],"curies":[{"name":"wp","href":"https:\/\/api.w.org\/{rel}","templated":true}]}}