{"id":14836698,"date":"2024-12-11T09:38:56","date_gmt":"2024-12-11T08:38:56","guid":{"rendered":"https:\/\/kapitalis.com\/tunisie\/?p=14836698"},"modified":"2024-12-11T09:38:58","modified_gmt":"2024-12-11T08:38:58","slug":"tunisiens-la-richesse-ne-tombe-pas-du-ciel-elle-se-merite","status":"publish","type":"post","link":"https:\/\/kapitalis.com\/tunisie\/2024\/12\/11\/tunisiens-la-richesse-ne-tombe-pas-du-ciel-elle-se-merite\/","title":{"rendered":"Tunisiens, la richesse ne tombe pas du ciel, elle se m\u00e9rite\u00a0!"},"content":{"rendered":"\n<p><strong><em>Le probl\u00e8me de la Tunisie ce sont peut-\u00eatre aussi les Tunisiens, qui sont davantage port\u00e9s sur la consommation que sur la production, qui attendent tout de l\u2019Etat \u2013 lequel les berce d\u2019illusions pour mieux les contr\u00f4ler et les tenir en laisse \u2013 et ne font pas assez pour am\u00e9liorer leur productivit\u00e9, et qui au final, ont beau vouloir ceci ou cela, le d\u00e9veloppement, le progr\u00e8s, la prosp\u00e9rit\u00e9, \u00e7a ne tombe pas du ciel, \u00e7a n\u00e9cessite beaucoup d\u2019effort et de sacrifice.<\/em><\/strong><\/p>\n\n\n\n<p><strong>Ridha Kefi<\/strong><\/p>\n\n\n\n<!--more-->\n\n\n<div class=\"wp-block-image\">\n<figure class=\"alignleft size-full\"><img decoding=\"async\" src=\"http:\/\/kapitalis.com\/tunisie\/wp-content\/uploads\/2019\/03\/Ridha-Kefi.jpg\" alt=\"\" class=\"wp-image-203122\"\/><\/figure>\n<\/div>\n\n\n<p>On ne sait pas si on peut l\u2019\u00e9crire ou pas, mais le fait est l\u00e0, le pr\u00e9sident de la r\u00e9publique, Kais Sa\u00efed, donne l\u2019impression de tourner en rond. On n\u2019arrive pas \u00e0 comprendre pourquoi ses instructions ne sont pas toujours suivies d\u2019ex\u00e9cution, surtout que les probl\u00e8mes qu\u2019il rel\u00e8ve et d\u00e9nonce \u00e0 maintes reprises persistent toujours.<\/p>\n\n\n\n<p>Cette d\u00e9sagr\u00e9able impression que le gouvernement vasouille, bafouille et fait du surplace, il n\u2019y a qu\u2019une seule fa\u00e7on pour en venir \u00e0 bout\u00a0: transformer les paroles en actes, les promesses en r\u00e9alisations et les aspirations en conqu\u00eates. Et c\u2019est l\u00e0 o\u00f9 le b\u00e2t blesse. Car si personne ne doute de la bonne volont\u00e9 des membres des cinq gouvernements qui se sont succ\u00e9d\u00e9 depuis l\u2019accession de Sa\u00efed \u00e0 la magistrature supr\u00eame, fin 2019 (soit 5 gouvernements en moins de 5 ans), ni de leur comp\u00e9tence intrins\u00e8que ou de leur loyaut\u00e9 envers le chef de l\u2019Etat, force est de constater que certaines instructions pr\u00e9sidentielles tardent \u00e0 \u00eatre mises \u00e0 ex\u00e9cution et traduites en r\u00e9alisations concr\u00e8tes, \u00e0 l\u2019exception de quelques menues actions, comme la r\u00e9fection de la <a href=\"https:\/\/kapitalis.com\/tunisie\/2024\/10\/22\/saied-se-felicite-de-la-reouverture-de-la-piscine-municipale-du-belvedere\/\" target=\"_blank\" rel=\"noreferrer noopener\">piscine municipale du Belv\u00e9d\u00e8re<\/a> r\u00e9alis\u00e9e gr\u00e2ce \u00e0 un financement de la Banque internationale arabe de Tunisie (Biat) ou la r\u00e9alisation de centrales photovolta\u00efques ou de stations de dessalement de l\u2019eau de mer, ici ou l\u00e0, gr\u00e2ce \u00e0 des financements de bailleurs de fonds \u00e9trangers. Mais pour les infrastructures de base dont d\u00e9pend le confort des Tunisiens, les h\u00f4pitaux, les \u00e9coles, les moyens de transport public, sans parler des p\u00e9nuries et de la hausse des prix des produits de premi\u00e8re n\u00e9cessit\u00e9, les choses ne bougent pas vraiment dans le bon sens et les gens continuent de se plaindre des d\u00e9sagr\u00e9ments et des difficult\u00e9s qu\u2019ils endurent au quotidien.<\/p>\n\n\n\n<h2 class=\"wp-block-heading\">En attendant les <em>\u00abnouvelles approches\u00bb<\/em><\/h2>\n\n\n\n<p>Lundi dernier, 9 d\u00e9cembre 2024, le chef de l\u2019Etat a insist\u00e9, encore une fois, en recevant, &nbsp;au palais de Carthage, le chef du gouvernement, Kamel Maddouri, sur la n\u00e9cessit\u00e9 de h\u00e2ter l\u2019importation d\u2019un nombre de bus et de rames de m\u00e9tro afin d\u2019all\u00e9ger les souffrances qu\u2019endurent les citoyens lors de leurs d\u00e9placements quotidiens. Il a, par la m\u00eame occasion,&nbsp;soulign\u00e9 que le secteur du transport&nbsp;a \u00e9t\u00e9,&nbsp;\u00e0 l\u2019instar de plusieurs autres secteurs du pays, en proie \u00e0 la destruction et au sabotage syst\u00e9matique, appelant \u00e0 identifier une solution radicale \u00e0 ce secteur&nbsp;\u00e0 travers l\u2019adoption de <em>\u00abnouvelles approches\u00bb<\/em> permettant de pr\u00e9server les droits l\u00e9gitimes du citoyen tunisien.<\/p>\n\n\n\n<figure class=\"wp-block-embed is-type-wp-embed is-provider-kapitalis wp-block-embed-kapitalis\"><div class=\"wp-block-embed__wrapper\">\n<blockquote class=\"wp-embedded-content\" data-secret=\"sGrLOFZBvG\"><a href=\"https:\/\/kapitalis.com\/tunisie\/2023\/11\/26\/crise-du-transport-en-tunisie-qui-va-remedier-a-quoi-video\/\">Crise du transport en Tunisie : Qui va rem\u00e9dier \u00e0 quoi ? (Vid\u00e9o)<\/a><\/blockquote><iframe loading=\"lazy\" class=\"wp-embedded-content\" sandbox=\"allow-scripts\" security=\"restricted\" style=\"position: absolute; visibility: hidden;\" title=\"\u00ab\u00a0Crise du transport en Tunisie : Qui va rem\u00e9dier \u00e0 quoi ? (Vid\u00e9o)\u00a0\u00bb &#8212; Kapitalis\" src=\"https:\/\/kapitalis.com\/tunisie\/2023\/11\/26\/crise-du-transport-en-tunisie-qui-va-remedier-a-quoi-video\/embed\/#?secret=mwxWtiU2z4#?secret=sGrLOFZBvG\" data-secret=\"sGrLOFZBvG\" width=\"600\" height=\"338\" frameborder=\"0\" marginwidth=\"0\" marginheight=\"0\" scrolling=\"no\"><\/iframe>\n<\/div><\/figure>\n\n\n\n<p>Sa\u00efed a aussi soulign\u00e9 que l\u2019administration publique et les services de l\u2019Etat doivent \u0153uvrer \u00e0 servir le citoyen sur la base de la neutralit\u00e9 et de l\u2019\u00e9galit\u00e9.&nbsp;Il s\u2019agit l\u00e0 d\u2019une obligation d\u00e9coulant des dispositions de l\u2019article 19 de la Constitution, a-t-il pr\u00e9cis\u00e9, exhortant chaque responsable de l\u2019Etat \u00e0 veiller \u00e0 r\u00e9pondre aux attentes du peuple tunisien.<\/p>\n\n\n\n<p>Bien qu\u2019ils soient justes et bienvenus, ces propos pr\u00e9sidentiels ont un air de d\u00e9j\u00e0 entendu et, deux mois apr\u00e8s la rentr\u00e9e scolaire et universitaire, on se demande pourquoi l\u2019importation de ces fameux bus et rames de m\u00e9tro, dont parle Sa\u00efed depuis un certain temps d\u00e9j\u00e0 (ce n&rsquo;est quand m\u00eame pas le P\u00e9rou !), a-t-elle tard\u00e9. Sont-ce des lobbys d\u2019int\u00e9r\u00eat soutenus par des fonctionnaires corrompus qui ont emp\u00each\u00e9 ou retard\u00e9 cette op\u00e9ration, comme le laisse souvent entendre le pr\u00e9sident Sa\u00efed \u00e0 chaque fois qu\u2019il d\u00e9nonce les dysfonctionnements des services publics? Et dans ce cas, qu\u2019est-ce qu\u2019on attend pour mettre ces emp\u00eacheurs de tourner en rond hors d\u2019\u00e9tat de nuire? Depuis le temps que le pr\u00e9sident les pointe du doigt et les d\u00e9nonce publiquement, ils auraient d\u00fb \u00eatre d\u00e9j\u00e0 \u00e9ject\u00e9s du syst\u00e8me. A moins que le probl\u00e8me ne se situasse \u00e0 un autre niveau, comme nous sommes tent\u00e9s de le penser\u00a0: les finances publics, qui sont dans l\u2019\u00e9tat que nous connaissons, ne permettent pas, en effet, les d\u00e9penses faramineuses que la situation catastrophique de nos infrastructures publiques exigent.<\/p>\n\n\n\n<h2 class=\"wp-block-heading\">Besoin d&rsquo;un diagnostic pr\u00e9cis, chiffr\u00e9 et transparent<\/h2>\n\n\n\n<p>Par ailleurs, et quand on sait que toutes les entreprises publiques, qu\u2019il s\u2019agisse de celles op\u00e9rant dans les secteurs cl\u00e9s de la sant\u00e9, du transport, de l\u2019\u00e9nergie, de l\u2019eau ou autres, souffrent d\u2019un d\u00e9ficit chronique et qu\u2019elles \u00e9margent sur le budget de l\u2019Etat pour continuer \u00e0 dispenser leurs (tr\u00e8s maigres et tr\u00e8s mauvais) services aux citoyens, lesquels ne cessent, d\u2019ailleurs, de s\u2019en plaindre, on est aussi tent\u00e9s de penser que le diagnostic officiel de la situation dans le pays n\u2019est peut-\u00eatre pas le bon, que la corruption, si elle existe, ne peut tout expliquer ou que le mieux serait de pr\u00e9senter aux Tunisiens un diagnostic pr\u00e9cis, chiffr\u00e9 et transparent de l\u2019\u00e9tat de leur pays, de ses \u00e9normes besoins en investissements publics, des difficult\u00e9s de trouver les financements n\u00e9cessaires et de la n\u00e9cessit\u00e9 pour toutes les parties de s\u2019armer de patience, de se retrousser les manches et de relancer la machine productive, laquelle bloque dangereusement avec un taux de croissance \u00e9conomique qui stagne entre 1 et 1,5%.<\/p>\n\n\n\n<p>Le probl\u00e8me de la Tunisie ce sont peut-\u00eatre aussi les Tunisiens eux-m\u00eames, qui sont davantage port\u00e9s sur la consommation que sur la production, qui attendent tout de l\u2019Etat \u2013 lequel les berce d\u2019illusions pour mieux les contr\u00f4ler et les tenir en laisse \u2013 et ne font pas assez pour am\u00e9liorer leur productivit\u00e9, et qui au final, ont beau vouloir ceci ou cela, le d\u00e9veloppement, le progr\u00e8s, la prosp\u00e9rit\u00e9, \u00e7a ne tombe pas du ciel, \u00e7a n\u00e9cessite beaucoup d\u2019effort et de sacrifice. Des peuples m\u00e9ritants, qui ont r\u00e9alis\u00e9 leur d\u00e9collage en une d\u00e9cennie ou deux, apr\u00e8s une guerre ou une catastrophe, comme les Allemands, les Japonais, les Cor\u00e9ens ou les Chinois, en ont apport\u00e9 la preuve\u00a0: la richesse ne s\u2019offre pas aux fain\u00e9ants, seuls les l\u00e8ve-t\u00f4t la m\u00e9ritent. <\/p>\n\n\n\n<p>On ne peut continuer ind\u00e9finiment \u00e0 d\u00e9noncer des situations devenues insupportables, \u00e0 donner des instructions, souvent d\u2019ailleurs les m\u00eames, \u00e0 montrer le bon cap et \u00e0 faire des annonces qui restent sans lendemain, avec des ministres qui s\u2019agitent, font des visites inopin\u00e9es, \u00e9laborent des plans et des strat\u00e9gies, mais semblent t\u00e9tanis\u00e9s par l\u2019ampleur de la t\u00e2che et l\u2019incapacit\u00e9 mat\u00e9rielle de concr\u00e9tiser les ambitions pr\u00e9sidentielles, sans oser l\u2019avouer. Il faut changer le fusil d&rsquo;\u00e9paule tant qu&rsquo;il est encore temps&#8230; <\/p>\n\n\n\n<figure class=\"wp-block-embed is-type-wp-embed is-provider-kapitalis wp-block-embed-kapitalis\"><div class=\"wp-block-embed__wrapper\">\n<blockquote class=\"wp-embedded-content\" data-secret=\"Eux1R2ozas\"><a href=\"https:\/\/kapitalis.com\/tunisie\/2024\/06\/29\/gabegie-publique-en-tunisie-defaillance-humaine-ou-deficience-structurelle\/\">Gabegie publique en Tunisie\u00a0: d\u00e9faillance humaine ou d\u00e9ficience structurelle\u00a0?<\/a><\/blockquote><iframe loading=\"lazy\" class=\"wp-embedded-content\" sandbox=\"allow-scripts\" security=\"restricted\" style=\"position: absolute; visibility: hidden;\" title=\"\u00ab\u00a0Gabegie publique en Tunisie\u00a0: d\u00e9faillance humaine ou d\u00e9ficience structurelle\u00a0?\u00a0\u00bb &#8212; Kapitalis\" src=\"https:\/\/kapitalis.com\/tunisie\/2024\/06\/29\/gabegie-publique-en-tunisie-defaillance-humaine-ou-deficience-structurelle\/embed\/#?secret=rHFAYzNMRA#?secret=Eux1R2ozas\" data-secret=\"Eux1R2ozas\" width=\"600\" height=\"338\" frameborder=\"0\" marginwidth=\"0\" marginheight=\"0\" scrolling=\"no\"><\/iframe>\n<\/div><\/figure>\n","protected":false},"excerpt":{"rendered":"<p>Kais Sa\u00efed, donne l\u2019impression de tourner en rond. On n\u2019arrive pas \u00e0 comprendre pourquoi ses instructions ne sont pas toujours suivies d\u2019ex\u00e9cution. <\/p>\n","protected":false},"author":8,"featured_media":14836825,"comment_status":"open","ping_status":"open","sticky":false,"template":"","format":"standard","meta":{"footnotes":""},"categories":[992,997,2433],"tags":[146,76012,106500,84371,19060,20094,62643],"class_list":["post-14836698","post","type-post","status-publish","format-standard","has-post-thumbnail","hentry","category-a-la-une","category-politique","category-tunisie","tag-biat","tag-kais-saied-2","tag-kamel-maddouri","tag-ridha-kefi","tag-services-publics","tag-transport-public","tag-tunisie"],"yoast_head":"<!-- This site is optimized with the Yoast SEO plugin v26.6 - https:\/\/yoast.com\/wordpress\/plugins\/seo\/ -->\n<title>Tunisiens, la richesse ne tombe pas du ciel, elle se m\u00e9rite\u00a0! - Kapitalis<\/title>\n<meta name=\"robots\" content=\"index, follow, max-snippet:-1, max-image-preview:large, max-video-preview:-1\" \/>\n<link rel=\"canonical\" href=\"https:\/\/kapitalis.com\/tunisie\/2024\/12\/11\/tunisiens-la-richesse-ne-tombe-pas-du-ciel-elle-se-merite\/\" \/>\n<meta property=\"og:locale\" content=\"fr_FR\" \/>\n<meta property=\"og:type\" content=\"article\" \/>\n<meta property=\"og:title\" content=\"Tunisiens, la richesse ne tombe pas du ciel, elle se m\u00e9rite\u00a0! - Kapitalis\" \/>\n<meta property=\"og:description\" content=\"Kais Sa\u00efed, donne l\u2019impression de tourner en rond. On n\u2019arrive pas \u00e0 comprendre pourquoi ses instructions ne sont pas toujours suivies d\u2019ex\u00e9cution.\" \/>\n<meta property=\"og:url\" content=\"https:\/\/kapitalis.com\/tunisie\/2024\/12\/11\/tunisiens-la-richesse-ne-tombe-pas-du-ciel-elle-se-merite\/\" \/>\n<meta property=\"og:site_name\" content=\"Kapitalis\" \/>\n<meta property=\"article:publisher\" content=\"https:\/\/www.facebook.com\/KapitalisInfo\/\" \/>\n<meta property=\"article:published_time\" content=\"2024-12-11T08:38:56+00:00\" \/>\n<meta property=\"article:modified_time\" content=\"2024-12-11T08:38:58+00:00\" \/>\n<meta property=\"og:image\" content=\"https:\/\/kapitalis.com\/tunisie\/wp-content\/uploads\/2024\/12\/Kais-Saied-Kamel-Maddouri-7.jpg\" \/>\n\t<meta property=\"og:image:width\" content=\"1200\" \/>\n\t<meta property=\"og:image:height\" content=\"630\" \/>\n\t<meta property=\"og:image:type\" content=\"image\/jpeg\" \/>\n<meta name=\"author\" content=\"webmaster kapitalis\" \/>\n<meta name=\"twitter:card\" content=\"summary_large_image\" \/>\n<meta name=\"twitter:creator\" content=\"@KapitalisInfo\" \/>\n<meta name=\"twitter:site\" content=\"@KapitalisInfo\" \/>\n<meta name=\"twitter:label1\" content=\"\u00c9crit par\" \/>\n\t<meta name=\"twitter:data1\" content=\"webmaster kapitalis\" \/>\n\t<meta name=\"twitter:label2\" content=\"Dur\u00e9e de lecture estim\u00e9e\" \/>\n\t<meta name=\"twitter:data2\" content=\"6 minutes\" \/>\n<script type=\"application\/ld+json\" class=\"yoast-schema-graph\">{\"@context\":\"https:\/\/schema.org\",\"@graph\":[{\"@type\":\"Article\",\"@id\":\"https:\/\/kapitalis.com\/tunisie\/2024\/12\/11\/tunisiens-la-richesse-ne-tombe-pas-du-ciel-elle-se-merite\/#article\",\"isPartOf\":{\"@id\":\"https:\/\/kapitalis.com\/tunisie\/2024\/12\/11\/tunisiens-la-richesse-ne-tombe-pas-du-ciel-elle-se-merite\/\"},\"author\":{\"name\":\"webmaster kapitalis\",\"@id\":\"https:\/\/kapitalis.com\/tunisie\/#\/schema\/person\/d71f33a9ca44f7bad4698210b480c8e9\"},\"headline\":\"Tunisiens, la richesse ne tombe pas du ciel, elle se m\u00e9rite\u00a0!\",\"datePublished\":\"2024-12-11T08:38:56+00:00\",\"dateModified\":\"2024-12-11T08:38:58+00:00\",\"mainEntityOfPage\":{\"@id\":\"https:\/\/kapitalis.com\/tunisie\/2024\/12\/11\/tunisiens-la-richesse-ne-tombe-pas-du-ciel-elle-se-merite\/\"},\"wordCount\":1273,\"commentCount\":0,\"publisher\":{\"@id\":\"https:\/\/kapitalis.com\/tunisie\/#organization\"},\"image\":{\"@id\":\"https:\/\/kapitalis.com\/tunisie\/2024\/12\/11\/tunisiens-la-richesse-ne-tombe-pas-du-ciel-elle-se-merite\/#primaryimage\"},\"thumbnailUrl\":\"https:\/\/kapitalis.com\/tunisie\/wp-content\/uploads\/2024\/12\/Kais-Saied-Kamel-Maddouri-7.jpg\",\"keywords\":[\"Biat\",\"Ka\u00efs Sa\u00efed\",\"Kamel Maddouri\",\"Ridha Kefi\",\"services publics\",\"transport public\",\"Tunisie\"],\"articleSection\":[\"A LA UNE\",\"POLITIQUE\",\"Tunisie\"],\"inLanguage\":\"fr-FR\",\"potentialAction\":[{\"@type\":\"CommentAction\",\"name\":\"Comment\",\"target\":[\"https:\/\/kapitalis.com\/tunisie\/2024\/12\/11\/tunisiens-la-richesse-ne-tombe-pas-du-ciel-elle-se-merite\/#respond\"]}]},{\"@type\":\"WebPage\",\"@id\":\"https:\/\/kapitalis.com\/tunisie\/2024\/12\/11\/tunisiens-la-richesse-ne-tombe-pas-du-ciel-elle-se-merite\/\",\"url\":\"https:\/\/kapitalis.com\/tunisie\/2024\/12\/11\/tunisiens-la-richesse-ne-tombe-pas-du-ciel-elle-se-merite\/\",\"name\":\"Tunisiens, la richesse ne tombe pas du ciel, elle se m\u00e9rite\u00a0! - Kapitalis\",\"isPartOf\":{\"@id\":\"https:\/\/kapitalis.com\/tunisie\/#website\"},\"primaryImageOfPage\":{\"@id\":\"https:\/\/kapitalis.com\/tunisie\/2024\/12\/11\/tunisiens-la-richesse-ne-tombe-pas-du-ciel-elle-se-merite\/#primaryimage\"},\"image\":{\"@id\":\"https:\/\/kapitalis.com\/tunisie\/2024\/12\/11\/tunisiens-la-richesse-ne-tombe-pas-du-ciel-elle-se-merite\/#primaryimage\"},\"thumbnailUrl\":\"https:\/\/kapitalis.com\/tunisie\/wp-content\/uploads\/2024\/12\/Kais-Saied-Kamel-Maddouri-7.jpg\",\"datePublished\":\"2024-12-11T08:38:56+00:00\",\"dateModified\":\"2024-12-11T08:38:58+00:00\",\"breadcrumb\":{\"@id\":\"https:\/\/kapitalis.com\/tunisie\/2024\/12\/11\/tunisiens-la-richesse-ne-tombe-pas-du-ciel-elle-se-merite\/#breadcrumb\"},\"inLanguage\":\"fr-FR\",\"potentialAction\":[{\"@type\":\"ReadAction\",\"target\":[\"https:\/\/kapitalis.com\/tunisie\/2024\/12\/11\/tunisiens-la-richesse-ne-tombe-pas-du-ciel-elle-se-merite\/\"]}]},{\"@type\":\"ImageObject\",\"inLanguage\":\"fr-FR\",\"@id\":\"https:\/\/kapitalis.com\/tunisie\/2024\/12\/11\/tunisiens-la-richesse-ne-tombe-pas-du-ciel-elle-se-merite\/#primaryimage\",\"url\":\"https:\/\/kapitalis.com\/tunisie\/wp-content\/uploads\/2024\/12\/Kais-Saied-Kamel-Maddouri-7.jpg\",\"contentUrl\":\"https:\/\/kapitalis.com\/tunisie\/wp-content\/uploads\/2024\/12\/Kais-Saied-Kamel-Maddouri-7.jpg\",\"width\":1200,\"height\":630},{\"@type\":\"BreadcrumbList\",\"@id\":\"https:\/\/kapitalis.com\/tunisie\/2024\/12\/11\/tunisiens-la-richesse-ne-tombe-pas-du-ciel-elle-se-merite\/#breadcrumb\",\"itemListElement\":[{\"@type\":\"ListItem\",\"position\":1,\"name\":\"Accueil\",\"item\":\"https:\/\/kapitalis.com\/tunisie\/\"},{\"@type\":\"ListItem\",\"position\":2,\"name\":\"Tunisiens, la richesse ne tombe pas du ciel, elle se m\u00e9rite\u00a0!\"}]},{\"@type\":\"WebSite\",\"@id\":\"https:\/\/kapitalis.com\/tunisie\/#website\",\"url\":\"https:\/\/kapitalis.com\/tunisie\/\",\"name\":\"Kapitalis\",\"description\":\"L&#039;actualit\u00e9 en Tunisie et dans le monde\",\"publisher\":{\"@id\":\"https:\/\/kapitalis.com\/tunisie\/#organization\"},\"potentialAction\":[{\"@type\":\"SearchAction\",\"target\":{\"@type\":\"EntryPoint\",\"urlTemplate\":\"https:\/\/kapitalis.com\/tunisie\/?s={search_term_string}\"},\"query-input\":{\"@type\":\"PropertyValueSpecification\",\"valueRequired\":true,\"valueName\":\"search_term_string\"}}],\"inLanguage\":\"fr-FR\"},{\"@type\":\"Organization\",\"@id\":\"https:\/\/kapitalis.com\/tunisie\/#organization\",\"name\":\"Kapitalis\",\"url\":\"https:\/\/kapitalis.com\/tunisie\/\",\"logo\":{\"@type\":\"ImageObject\",\"inLanguage\":\"fr-FR\",\"@id\":\"https:\/\/kapitalis.com\/tunisie\/#\/schema\/logo\/image\/\",\"url\":\"https:\/\/kapitalis.com\/tunisie\/wp-content\/uploads\/2022\/05\/Kapitalis-big-size.png\",\"contentUrl\":\"https:\/\/kapitalis.com\/tunisie\/wp-content\/uploads\/2022\/05\/Kapitalis-big-size.png\",\"width\":5000,\"height\":1500,\"caption\":\"Kapitalis\"},\"image\":{\"@id\":\"https:\/\/kapitalis.com\/tunisie\/#\/schema\/logo\/image\/\"},\"sameAs\":[\"https:\/\/www.facebook.com\/KapitalisInfo\/\",\"https:\/\/x.com\/KapitalisInfo\",\"https:\/\/www.youtube.com\/channel\/UC-yDYrHyfFBWWZaOw3FPg9Q\"]},{\"@type\":\"Person\",\"@id\":\"https:\/\/kapitalis.com\/tunisie\/#\/schema\/person\/d71f33a9ca44f7bad4698210b480c8e9\",\"name\":\"webmaster kapitalis\",\"url\":\"https:\/\/kapitalis.com\/tunisie\/author\/webmaster-kapitalis\/\"}]}<\/script>\n<!-- \/ Yoast SEO plugin. -->","yoast_head_json":{"title":"Tunisiens, la richesse ne tombe pas du ciel, elle se m\u00e9rite\u00a0! - Kapitalis","robots":{"index":"index","follow":"follow","max-snippet":"max-snippet:-1","max-image-preview":"max-image-preview:large","max-video-preview":"max-video-preview:-1"},"canonical":"https:\/\/kapitalis.com\/tunisie\/2024\/12\/11\/tunisiens-la-richesse-ne-tombe-pas-du-ciel-elle-se-merite\/","og_locale":"fr_FR","og_type":"article","og_title":"Tunisiens, la richesse ne tombe pas du ciel, elle se m\u00e9rite\u00a0! - Kapitalis","og_description":"Kais Sa\u00efed, donne l\u2019impression de tourner en rond. On n\u2019arrive pas \u00e0 comprendre pourquoi ses instructions ne sont pas toujours suivies d\u2019ex\u00e9cution.","og_url":"https:\/\/kapitalis.com\/tunisie\/2024\/12\/11\/tunisiens-la-richesse-ne-tombe-pas-du-ciel-elle-se-merite\/","og_site_name":"Kapitalis","article_publisher":"https:\/\/www.facebook.com\/KapitalisInfo\/","article_published_time":"2024-12-11T08:38:56+00:00","article_modified_time":"2024-12-11T08:38:58+00:00","og_image":[{"width":1200,"height":630,"url":"https:\/\/kapitalis.com\/tunisie\/wp-content\/uploads\/2024\/12\/Kais-Saied-Kamel-Maddouri-7.jpg","type":"image\/jpeg"}],"author":"webmaster kapitalis","twitter_card":"summary_large_image","twitter_creator":"@KapitalisInfo","twitter_site":"@KapitalisInfo","twitter_misc":{"\u00c9crit par":"webmaster kapitalis","Dur\u00e9e de lecture estim\u00e9e":"6 minutes"},"schema":{"@context":"https:\/\/schema.org","@graph":[{"@type":"Article","@id":"https:\/\/kapitalis.com\/tunisie\/2024\/12\/11\/tunisiens-la-richesse-ne-tombe-pas-du-ciel-elle-se-merite\/#article","isPartOf":{"@id":"https:\/\/kapitalis.com\/tunisie\/2024\/12\/11\/tunisiens-la-richesse-ne-tombe-pas-du-ciel-elle-se-merite\/"},"author":{"name":"webmaster kapitalis","@id":"https:\/\/kapitalis.com\/tunisie\/#\/schema\/person\/d71f33a9ca44f7bad4698210b480c8e9"},"headline":"Tunisiens, la richesse ne tombe pas du ciel, elle se m\u00e9rite\u00a0!","datePublished":"2024-12-11T08:38:56+00:00","dateModified":"2024-12-11T08:38:58+00:00","mainEntityOfPage":{"@id":"https:\/\/kapitalis.com\/tunisie\/2024\/12\/11\/tunisiens-la-richesse-ne-tombe-pas-du-ciel-elle-se-merite\/"},"wordCount":1273,"commentCount":0,"publisher":{"@id":"https:\/\/kapitalis.com\/tunisie\/#organization"},"image":{"@id":"https:\/\/kapitalis.com\/tunisie\/2024\/12\/11\/tunisiens-la-richesse-ne-tombe-pas-du-ciel-elle-se-merite\/#primaryimage"},"thumbnailUrl":"https:\/\/kapitalis.com\/tunisie\/wp-content\/uploads\/2024\/12\/Kais-Saied-Kamel-Maddouri-7.jpg","keywords":["Biat","Ka\u00efs Sa\u00efed","Kamel Maddouri","Ridha Kefi","services publics","transport public","Tunisie"],"articleSection":["A LA UNE","POLITIQUE","Tunisie"],"inLanguage":"fr-FR","potentialAction":[{"@type":"CommentAction","name":"Comment","target":["https:\/\/kapitalis.com\/tunisie\/2024\/12\/11\/tunisiens-la-richesse-ne-tombe-pas-du-ciel-elle-se-merite\/#respond"]}]},{"@type":"WebPage","@id":"https:\/\/kapitalis.com\/tunisie\/2024\/12\/11\/tunisiens-la-richesse-ne-tombe-pas-du-ciel-elle-se-merite\/","url":"https:\/\/kapitalis.com\/tunisie\/2024\/12\/11\/tunisiens-la-richesse-ne-tombe-pas-du-ciel-elle-se-merite\/","name":"Tunisiens, la richesse ne tombe pas du ciel, elle se m\u00e9rite\u00a0! - Kapitalis","isPartOf":{"@id":"https:\/\/kapitalis.com\/tunisie\/#website"},"primaryImageOfPage":{"@id":"https:\/\/kapitalis.com\/tunisie\/2024\/12\/11\/tunisiens-la-richesse-ne-tombe-pas-du-ciel-elle-se-merite\/#primaryimage"},"image":{"@id":"https:\/\/kapitalis.com\/tunisie\/2024\/12\/11\/tunisiens-la-richesse-ne-tombe-pas-du-ciel-elle-se-merite\/#primaryimage"},"thumbnailUrl":"https:\/\/kapitalis.com\/tunisie\/wp-content\/uploads\/2024\/12\/Kais-Saied-Kamel-Maddouri-7.jpg","datePublished":"2024-12-11T08:38:56+00:00","dateModified":"2024-12-11T08:38:58+00:00","breadcrumb":{"@id":"https:\/\/kapitalis.com\/tunisie\/2024\/12\/11\/tunisiens-la-richesse-ne-tombe-pas-du-ciel-elle-se-merite\/#breadcrumb"},"inLanguage":"fr-FR","potentialAction":[{"@type":"ReadAction","target":["https:\/\/kapitalis.com\/tunisie\/2024\/12\/11\/tunisiens-la-richesse-ne-tombe-pas-du-ciel-elle-se-merite\/"]}]},{"@type":"ImageObject","inLanguage":"fr-FR","@id":"https:\/\/kapitalis.com\/tunisie\/2024\/12\/11\/tunisiens-la-richesse-ne-tombe-pas-du-ciel-elle-se-merite\/#primaryimage","url":"https:\/\/kapitalis.com\/tunisie\/wp-content\/uploads\/2024\/12\/Kais-Saied-Kamel-Maddouri-7.jpg","contentUrl":"https:\/\/kapitalis.com\/tunisie\/wp-content\/uploads\/2024\/12\/Kais-Saied-Kamel-Maddouri-7.jpg","width":1200,"height":630},{"@type":"BreadcrumbList","@id":"https:\/\/kapitalis.com\/tunisie\/2024\/12\/11\/tunisiens-la-richesse-ne-tombe-pas-du-ciel-elle-se-merite\/#breadcrumb","itemListElement":[{"@type":"ListItem","position":1,"name":"Accueil","item":"https:\/\/kapitalis.com\/tunisie\/"},{"@type":"ListItem","position":2,"name":"Tunisiens, la richesse ne tombe pas du ciel, elle se m\u00e9rite\u00a0!"}]},{"@type":"WebSite","@id":"https:\/\/kapitalis.com\/tunisie\/#website","url":"https:\/\/kapitalis.com\/tunisie\/","name":"Kapitalis","description":"L&#039;actualit\u00e9 en Tunisie et dans le monde","publisher":{"@id":"https:\/\/kapitalis.com\/tunisie\/#organization"},"potentialAction":[{"@type":"SearchAction","target":{"@type":"EntryPoint","urlTemplate":"https:\/\/kapitalis.com\/tunisie\/?s={search_term_string}"},"query-input":{"@type":"PropertyValueSpecification","valueRequired":true,"valueName":"search_term_string"}}],"inLanguage":"fr-FR"},{"@type":"Organization","@id":"https:\/\/kapitalis.com\/tunisie\/#organization","name":"Kapitalis","url":"https:\/\/kapitalis.com\/tunisie\/","logo":{"@type":"ImageObject","inLanguage":"fr-FR","@id":"https:\/\/kapitalis.com\/tunisie\/#\/schema\/logo\/image\/","url":"https:\/\/kapitalis.com\/tunisie\/wp-content\/uploads\/2022\/05\/Kapitalis-big-size.png","contentUrl":"https:\/\/kapitalis.com\/tunisie\/wp-content\/uploads\/2022\/05\/Kapitalis-big-size.png","width":5000,"height":1500,"caption":"Kapitalis"},"image":{"@id":"https:\/\/kapitalis.com\/tunisie\/#\/schema\/logo\/image\/"},"sameAs":["https:\/\/www.facebook.com\/KapitalisInfo\/","https:\/\/x.com\/KapitalisInfo","https:\/\/www.youtube.com\/channel\/UC-yDYrHyfFBWWZaOw3FPg9Q"]},{"@type":"Person","@id":"https:\/\/kapitalis.com\/tunisie\/#\/schema\/person\/d71f33a9ca44f7bad4698210b480c8e9","name":"webmaster kapitalis","url":"https:\/\/kapitalis.com\/tunisie\/author\/webmaster-kapitalis\/"}]}},"_links":{"self":[{"href":"https:\/\/kapitalis.com\/tunisie\/wp-json\/wp\/v2\/posts\/14836698","targetHints":{"allow":["GET"]}}],"collection":[{"href":"https:\/\/kapitalis.com\/tunisie\/wp-json\/wp\/v2\/posts"}],"about":[{"href":"https:\/\/kapitalis.com\/tunisie\/wp-json\/wp\/v2\/types\/post"}],"author":[{"embeddable":true,"href":"https:\/\/kapitalis.com\/tunisie\/wp-json\/wp\/v2\/users\/8"}],"replies":[{"embeddable":true,"href":"https:\/\/kapitalis.com\/tunisie\/wp-json\/wp\/v2\/comments?post=14836698"}],"version-history":[{"count":1,"href":"https:\/\/kapitalis.com\/tunisie\/wp-json\/wp\/v2\/posts\/14836698\/revisions"}],"predecessor-version":[{"id":14836858,"href":"https:\/\/kapitalis.com\/tunisie\/wp-json\/wp\/v2\/posts\/14836698\/revisions\/14836858"}],"wp:featuredmedia":[{"embeddable":true,"href":"https:\/\/kapitalis.com\/tunisie\/wp-json\/wp\/v2\/media\/14836825"}],"wp:attachment":[{"href":"https:\/\/kapitalis.com\/tunisie\/wp-json\/wp\/v2\/media?parent=14836698"}],"wp:term":[{"taxonomy":"category","embeddable":true,"href":"https:\/\/kapitalis.com\/tunisie\/wp-json\/wp\/v2\/categories?post=14836698"},{"taxonomy":"post_tag","embeddable":true,"href":"https:\/\/kapitalis.com\/tunisie\/wp-json\/wp\/v2\/tags?post=14836698"}],"curies":[{"name":"wp","href":"https:\/\/api.w.org\/{rel}","templated":true}]}}