{"id":14840153,"date":"2024-12-11T20:10:55","date_gmt":"2024-12-11T19:10:55","guid":{"rendered":"https:\/\/kapitalis.com\/tunisie\/?p=14840153"},"modified":"2024-12-11T21:33:03","modified_gmt":"2024-12-11T20:33:03","slug":"a-propos-de-lincendie-dans-un-foyer-universitaire-a-nabeul","status":"publish","type":"post","link":"https:\/\/kapitalis.com\/tunisie\/2024\/12\/11\/a-propos-de-lincendie-dans-un-foyer-universitaire-a-nabeul\/","title":{"rendered":"A propos de l&rsquo;incendie dans un foyer universitaire \u00e0 Nabeul"},"content":{"rendered":"\n<p><strong><em>Les unit\u00e9s de la protection civile de Nabeul ont r\u00e9ussi, \u00e0 l\u2019aube de ce mercredi 11 d\u00e9cembre 2024, \u00e0 ma\u00eetriser un incendie qui s\u2019est d\u00e9clar\u00e9 dans une chambre au foyer universitaire Taher Haddad \u00e0 Nabeul.<\/em><\/strong><\/p>\n\n\n\n<!--more-->\n\n\n\n<p>Dans un communiqu\u00e9, la protection civile a pr\u00e9cis\u00e9 que les pompiers sont intervenus rapidement et qu&rsquo;outre les d\u00e9g\u00e2ts mat\u00e9riels caus\u00e9s par les flammes dans la chambre, aucune perte humaine n\u2019est \u00e0 d\u00e9plorer.<\/p>\n\n\n\n<p>Deux \u00e9tudiantes ont toutefois \u00e9t\u00e9 prises en charge et transport\u00e9es \u00e0 l&rsquo;h\u00f4pital r\u00e9gional, ajoute la m\u00eame source.<\/p>\n\n\n\n<p>De son c\u00f4t\u00e9, le directeur r\u00e9gional de la protection civile de Nabeul, le colonel-major Mourad Mechri, a pr\u00e9cis\u00e9 dans une d\u00e9claration \u00e0 l&rsquo;agence Tap, que selon les premi\u00e8res informations l\u2019incendie aurait \u00e9t\u00e9 caus\u00e9 par une panne \u00e9lectrique, alors qu&rsquo;une enqu\u00eate est men\u00e9e \u00e0 ce propos.<\/p>\n\n\n\n<p class=\"has-text-align-right\"><strong>Y. N.<\/strong><\/p>\n","protected":false},"excerpt":{"rendered":"<p>Les unit\u00e9s de la protection civile de Nabeul ont r\u00e9ussi, \u00e0 l\u2019aube de ce mercredi 11 d\u00e9cembre 2024, \u00e0 ma\u00eetriser un incendie qui s\u2019est d\u00e9clar\u00e9 dans une chambre au foyer universitaire Taher Haddad \u00e0 Nabeul.<\/p>\n","protected":false},"author":6,"featured_media":14840189,"comment_status":"open","ping_status":"open","sticky":false,"template":"","format":"standard","meta":{"footnotes":""},"categories":[998,2433],"tags":[1470,1035,650,754,62643],"class_list":["post-14840153","post","type-post","status-publish","format-standard","has-post-thumbnail","hentry","category-societe","category-tunisie","tag-foyer-universitaire","tag-incendie","tag-nabeul","tag-protection-civile","tag-tunisie"],"yoast_head":"<!-- This site is optimized with the Yoast SEO plugin v26.6 - https:\/\/yoast.com\/wordpress\/plugins\/seo\/ -->\n<title>A propos de l&#039;incendie dans un foyer universitaire \u00e0 Nabeul - Kapitalis<\/title>\n<meta name=\"robots\" content=\"index, follow, max-snippet:-1, max-image-preview:large, max-video-preview:-1\" \/>\n<link rel=\"canonical\" href=\"https:\/\/kapitalis.com\/tunisie\/2024\/12\/11\/a-propos-de-lincendie-dans-un-foyer-universitaire-a-nabeul\/\" \/>\n<meta property=\"og:locale\" content=\"fr_FR\" \/>\n<meta property=\"og:type\" content=\"article\" \/>\n<meta property=\"og:title\" content=\"A propos de l&#039;incendie dans un foyer universitaire \u00e0 Nabeul - Kapitalis\" \/>\n<meta property=\"og:description\" content=\"Les unit\u00e9s de la protection civile de Nabeul ont r\u00e9ussi, \u00e0 l\u2019aube de ce mercredi 11 d\u00e9cembre 2024, \u00e0 ma\u00eetriser un incendie qui s\u2019est d\u00e9clar\u00e9 dans une chambre au foyer universitaire Taher Haddad \u00e0 Nabeul.\" \/>\n<meta property=\"og:url\" content=\"https:\/\/kapitalis.com\/tunisie\/2024\/12\/11\/a-propos-de-lincendie-dans-un-foyer-universitaire-a-nabeul\/\" \/>\n<meta property=\"og:site_name\" content=\"Kapitalis\" \/>\n<meta property=\"article:publisher\" content=\"https:\/\/www.facebook.com\/KapitalisInfo\/\" \/>\n<meta property=\"article:published_time\" content=\"2024-12-11T19:10:55+00:00\" \/>\n<meta property=\"article:modified_time\" content=\"2024-12-11T20:33:03+00:00\" \/>\n<meta property=\"og:image\" content=\"https:\/\/kapitalis.com\/tunisie\/wp-content\/uploads\/2024\/12\/incendie-Nabeul.jpg\" \/>\n\t<meta property=\"og:image:width\" content=\"1200\" \/>\n\t<meta property=\"og:image:height\" content=\"630\" \/>\n\t<meta property=\"og:image:type\" content=\"image\/jpeg\" \/>\n<meta name=\"author\" content=\"Yusra NY\" \/>\n<meta name=\"twitter:card\" content=\"summary_large_image\" \/>\n<meta name=\"twitter:creator\" content=\"@KapitalisInfo\" \/>\n<meta name=\"twitter:site\" content=\"@KapitalisInfo\" \/>\n<meta name=\"twitter:label1\" content=\"\u00c9crit par\" \/>\n\t<meta name=\"twitter:data1\" content=\"Yusra NY\" \/>\n\t<meta name=\"twitter:label2\" content=\"Dur\u00e9e de lecture estim\u00e9e\" \/>\n\t<meta name=\"twitter:data2\" content=\"1 minute\" \/>\n<script type=\"application\/ld+json\" class=\"yoast-schema-graph\">{\"@context\":\"https:\/\/schema.org\",\"@graph\":[{\"@type\":\"Article\",\"@id\":\"https:\/\/kapitalis.com\/tunisie\/2024\/12\/11\/a-propos-de-lincendie-dans-un-foyer-universitaire-a-nabeul\/#article\",\"isPartOf\":{\"@id\":\"https:\/\/kapitalis.com\/tunisie\/2024\/12\/11\/a-propos-de-lincendie-dans-un-foyer-universitaire-a-nabeul\/\"},\"author\":{\"name\":\"Yusra NY\",\"@id\":\"https:\/\/kapitalis.com\/tunisie\/#\/schema\/person\/74bbde0154d49d790a92aaeac5bc01d5\"},\"headline\":\"A propos de l&rsquo;incendie dans un foyer universitaire \u00e0 Nabeul\",\"datePublished\":\"2024-12-11T19:10:55+00:00\",\"dateModified\":\"2024-12-11T20:33:03+00:00\",\"mainEntityOfPage\":{\"@id\":\"https:\/\/kapitalis.com\/tunisie\/2024\/12\/11\/a-propos-de-lincendie-dans-un-foyer-universitaire-a-nabeul\/\"},\"wordCount\":157,\"commentCount\":0,\"publisher\":{\"@id\":\"https:\/\/kapitalis.com\/tunisie\/#organization\"},\"image\":{\"@id\":\"https:\/\/kapitalis.com\/tunisie\/2024\/12\/11\/a-propos-de-lincendie-dans-un-foyer-universitaire-a-nabeul\/#primaryimage\"},\"thumbnailUrl\":\"https:\/\/kapitalis.com\/tunisie\/wp-content\/uploads\/2024\/12\/incendie-Nabeul.jpg\",\"keywords\":[\"foyer universitaire\",\"Incendie\",\"Nabeul\",\"protection civile\",\"Tunisie\"],\"articleSection\":[\"SOCIETE\",\"Tunisie\"],\"inLanguage\":\"fr-FR\",\"potentialAction\":[{\"@type\":\"CommentAction\",\"name\":\"Comment\",\"target\":[\"https:\/\/kapitalis.com\/tunisie\/2024\/12\/11\/a-propos-de-lincendie-dans-un-foyer-universitaire-a-nabeul\/#respond\"]}]},{\"@type\":\"WebPage\",\"@id\":\"https:\/\/kapitalis.com\/tunisie\/2024\/12\/11\/a-propos-de-lincendie-dans-un-foyer-universitaire-a-nabeul\/\",\"url\":\"https:\/\/kapitalis.com\/tunisie\/2024\/12\/11\/a-propos-de-lincendie-dans-un-foyer-universitaire-a-nabeul\/\",\"name\":\"A propos de l'incendie dans un foyer universitaire \u00e0 Nabeul - Kapitalis\",\"isPartOf\":{\"@id\":\"https:\/\/kapitalis.com\/tunisie\/#website\"},\"primaryImageOfPage\":{\"@id\":\"https:\/\/kapitalis.com\/tunisie\/2024\/12\/11\/a-propos-de-lincendie-dans-un-foyer-universitaire-a-nabeul\/#primaryimage\"},\"image\":{\"@id\":\"https:\/\/kapitalis.com\/tunisie\/2024\/12\/11\/a-propos-de-lincendie-dans-un-foyer-universitaire-a-nabeul\/#primaryimage\"},\"thumbnailUrl\":\"https:\/\/kapitalis.com\/tunisie\/wp-content\/uploads\/2024\/12\/incendie-Nabeul.jpg\",\"datePublished\":\"2024-12-11T19:10:55+00:00\",\"dateModified\":\"2024-12-11T20:33:03+00:00\",\"breadcrumb\":{\"@id\":\"https:\/\/kapitalis.com\/tunisie\/2024\/12\/11\/a-propos-de-lincendie-dans-un-foyer-universitaire-a-nabeul\/#breadcrumb\"},\"inLanguage\":\"fr-FR\",\"potentialAction\":[{\"@type\":\"ReadAction\",\"target\":[\"https:\/\/kapitalis.com\/tunisie\/2024\/12\/11\/a-propos-de-lincendie-dans-un-foyer-universitaire-a-nabeul\/\"]}]},{\"@type\":\"ImageObject\",\"inLanguage\":\"fr-FR\",\"@id\":\"https:\/\/kapitalis.com\/tunisie\/2024\/12\/11\/a-propos-de-lincendie-dans-un-foyer-universitaire-a-nabeul\/#primaryimage\",\"url\":\"https:\/\/kapitalis.com\/tunisie\/wp-content\/uploads\/2024\/12\/incendie-Nabeul.jpg\",\"contentUrl\":\"https:\/\/kapitalis.com\/tunisie\/wp-content\/uploads\/2024\/12\/incendie-Nabeul.jpg\",\"width\":1200,\"height\":630},{\"@type\":\"BreadcrumbList\",\"@id\":\"https:\/\/kapitalis.com\/tunisie\/2024\/12\/11\/a-propos-de-lincendie-dans-un-foyer-universitaire-a-nabeul\/#breadcrumb\",\"itemListElement\":[{\"@type\":\"ListItem\",\"position\":1,\"name\":\"Accueil\",\"item\":\"https:\/\/kapitalis.com\/tunisie\/\"},{\"@type\":\"ListItem\",\"position\":2,\"name\":\"A propos de l&rsquo;incendie dans un foyer universitaire \u00e0 Nabeul\"}]},{\"@type\":\"WebSite\",\"@id\":\"https:\/\/kapitalis.com\/tunisie\/#website\",\"url\":\"https:\/\/kapitalis.com\/tunisie\/\",\"name\":\"Kapitalis\",\"description\":\"L&#039;actualit\u00e9 en Tunisie et dans le monde\",\"publisher\":{\"@id\":\"https:\/\/kapitalis.com\/tunisie\/#organization\"},\"potentialAction\":[{\"@type\":\"SearchAction\",\"target\":{\"@type\":\"EntryPoint\",\"urlTemplate\":\"https:\/\/kapitalis.com\/tunisie\/?s={search_term_string}\"},\"query-input\":{\"@type\":\"PropertyValueSpecification\",\"valueRequired\":true,\"valueName\":\"search_term_string\"}}],\"inLanguage\":\"fr-FR\"},{\"@type\":\"Organization\",\"@id\":\"https:\/\/kapitalis.com\/tunisie\/#organization\",\"name\":\"Kapitalis\",\"url\":\"https:\/\/kapitalis.com\/tunisie\/\",\"logo\":{\"@type\":\"ImageObject\",\"inLanguage\":\"fr-FR\",\"@id\":\"https:\/\/kapitalis.com\/tunisie\/#\/schema\/logo\/image\/\",\"url\":\"https:\/\/kapitalis.com\/tunisie\/wp-content\/uploads\/2022\/05\/Kapitalis-big-size.png\",\"contentUrl\":\"https:\/\/kapitalis.com\/tunisie\/wp-content\/uploads\/2022\/05\/Kapitalis-big-size.png\",\"width\":5000,\"height\":1500,\"caption\":\"Kapitalis\"},\"image\":{\"@id\":\"https:\/\/kapitalis.com\/tunisie\/#\/schema\/logo\/image\/\"},\"sameAs\":[\"https:\/\/www.facebook.com\/KapitalisInfo\/\",\"https:\/\/x.com\/KapitalisInfo\",\"https:\/\/www.youtube.com\/channel\/UC-yDYrHyfFBWWZaOw3FPg9Q\"]},{\"@type\":\"Person\",\"@id\":\"https:\/\/kapitalis.com\/tunisie\/#\/schema\/person\/74bbde0154d49d790a92aaeac5bc01d5\",\"name\":\"Yusra NY\",\"url\":\"https:\/\/kapitalis.com\/tunisie\/author\/yuza_adam\/\"}]}<\/script>\n<!-- \/ Yoast SEO plugin. -->","yoast_head_json":{"title":"A propos de l'incendie dans un foyer universitaire \u00e0 Nabeul - Kapitalis","robots":{"index":"index","follow":"follow","max-snippet":"max-snippet:-1","max-image-preview":"max-image-preview:large","max-video-preview":"max-video-preview:-1"},"canonical":"https:\/\/kapitalis.com\/tunisie\/2024\/12\/11\/a-propos-de-lincendie-dans-un-foyer-universitaire-a-nabeul\/","og_locale":"fr_FR","og_type":"article","og_title":"A propos de l'incendie dans un foyer universitaire \u00e0 Nabeul - Kapitalis","og_description":"Les unit\u00e9s de la protection civile de Nabeul ont r\u00e9ussi, \u00e0 l\u2019aube de ce mercredi 11 d\u00e9cembre 2024, \u00e0 ma\u00eetriser un incendie qui s\u2019est d\u00e9clar\u00e9 dans une chambre au foyer universitaire Taher Haddad \u00e0 Nabeul.","og_url":"https:\/\/kapitalis.com\/tunisie\/2024\/12\/11\/a-propos-de-lincendie-dans-un-foyer-universitaire-a-nabeul\/","og_site_name":"Kapitalis","article_publisher":"https:\/\/www.facebook.com\/KapitalisInfo\/","article_published_time":"2024-12-11T19:10:55+00:00","article_modified_time":"2024-12-11T20:33:03+00:00","og_image":[{"width":1200,"height":630,"url":"https:\/\/kapitalis.com\/tunisie\/wp-content\/uploads\/2024\/12\/incendie-Nabeul.jpg","type":"image\/jpeg"}],"author":"Yusra NY","twitter_card":"summary_large_image","twitter_creator":"@KapitalisInfo","twitter_site":"@KapitalisInfo","twitter_misc":{"\u00c9crit par":"Yusra NY","Dur\u00e9e de lecture estim\u00e9e":"1 minute"},"schema":{"@context":"https:\/\/schema.org","@graph":[{"@type":"Article","@id":"https:\/\/kapitalis.com\/tunisie\/2024\/12\/11\/a-propos-de-lincendie-dans-un-foyer-universitaire-a-nabeul\/#article","isPartOf":{"@id":"https:\/\/kapitalis.com\/tunisie\/2024\/12\/11\/a-propos-de-lincendie-dans-un-foyer-universitaire-a-nabeul\/"},"author":{"name":"Yusra NY","@id":"https:\/\/kapitalis.com\/tunisie\/#\/schema\/person\/74bbde0154d49d790a92aaeac5bc01d5"},"headline":"A propos de l&rsquo;incendie dans un foyer universitaire \u00e0 Nabeul","datePublished":"2024-12-11T19:10:55+00:00","dateModified":"2024-12-11T20:33:03+00:00","mainEntityOfPage":{"@id":"https:\/\/kapitalis.com\/tunisie\/2024\/12\/11\/a-propos-de-lincendie-dans-un-foyer-universitaire-a-nabeul\/"},"wordCount":157,"commentCount":0,"publisher":{"@id":"https:\/\/kapitalis.com\/tunisie\/#organization"},"image":{"@id":"https:\/\/kapitalis.com\/tunisie\/2024\/12\/11\/a-propos-de-lincendie-dans-un-foyer-universitaire-a-nabeul\/#primaryimage"},"thumbnailUrl":"https:\/\/kapitalis.com\/tunisie\/wp-content\/uploads\/2024\/12\/incendie-Nabeul.jpg","keywords":["foyer universitaire","Incendie","Nabeul","protection civile","Tunisie"],"articleSection":["SOCIETE","Tunisie"],"inLanguage":"fr-FR","potentialAction":[{"@type":"CommentAction","name":"Comment","target":["https:\/\/kapitalis.com\/tunisie\/2024\/12\/11\/a-propos-de-lincendie-dans-un-foyer-universitaire-a-nabeul\/#respond"]}]},{"@type":"WebPage","@id":"https:\/\/kapitalis.com\/tunisie\/2024\/12\/11\/a-propos-de-lincendie-dans-un-foyer-universitaire-a-nabeul\/","url":"https:\/\/kapitalis.com\/tunisie\/2024\/12\/11\/a-propos-de-lincendie-dans-un-foyer-universitaire-a-nabeul\/","name":"A propos de l'incendie dans un foyer universitaire \u00e0 Nabeul - Kapitalis","isPartOf":{"@id":"https:\/\/kapitalis.com\/tunisie\/#website"},"primaryImageOfPage":{"@id":"https:\/\/kapitalis.com\/tunisie\/2024\/12\/11\/a-propos-de-lincendie-dans-un-foyer-universitaire-a-nabeul\/#primaryimage"},"image":{"@id":"https:\/\/kapitalis.com\/tunisie\/2024\/12\/11\/a-propos-de-lincendie-dans-un-foyer-universitaire-a-nabeul\/#primaryimage"},"thumbnailUrl":"https:\/\/kapitalis.com\/tunisie\/wp-content\/uploads\/2024\/12\/incendie-Nabeul.jpg","datePublished":"2024-12-11T19:10:55+00:00","dateModified":"2024-12-11T20:33:03+00:00","breadcrumb":{"@id":"https:\/\/kapitalis.com\/tunisie\/2024\/12\/11\/a-propos-de-lincendie-dans-un-foyer-universitaire-a-nabeul\/#breadcrumb"},"inLanguage":"fr-FR","potentialAction":[{"@type":"ReadAction","target":["https:\/\/kapitalis.com\/tunisie\/2024\/12\/11\/a-propos-de-lincendie-dans-un-foyer-universitaire-a-nabeul\/"]}]},{"@type":"ImageObject","inLanguage":"fr-FR","@id":"https:\/\/kapitalis.com\/tunisie\/2024\/12\/11\/a-propos-de-lincendie-dans-un-foyer-universitaire-a-nabeul\/#primaryimage","url":"https:\/\/kapitalis.com\/tunisie\/wp-content\/uploads\/2024\/12\/incendie-Nabeul.jpg","contentUrl":"https:\/\/kapitalis.com\/tunisie\/wp-content\/uploads\/2024\/12\/incendie-Nabeul.jpg","width":1200,"height":630},{"@type":"BreadcrumbList","@id":"https:\/\/kapitalis.com\/tunisie\/2024\/12\/11\/a-propos-de-lincendie-dans-un-foyer-universitaire-a-nabeul\/#breadcrumb","itemListElement":[{"@type":"ListItem","position":1,"name":"Accueil","item":"https:\/\/kapitalis.com\/tunisie\/"},{"@type":"ListItem","position":2,"name":"A propos de l&rsquo;incendie dans un foyer universitaire \u00e0 Nabeul"}]},{"@type":"WebSite","@id":"https:\/\/kapitalis.com\/tunisie\/#website","url":"https:\/\/kapitalis.com\/tunisie\/","name":"Kapitalis","description":"L&#039;actualit\u00e9 en Tunisie et dans le monde","publisher":{"@id":"https:\/\/kapitalis.com\/tunisie\/#organization"},"potentialAction":[{"@type":"SearchAction","target":{"@type":"EntryPoint","urlTemplate":"https:\/\/kapitalis.com\/tunisie\/?s={search_term_string}"},"query-input":{"@type":"PropertyValueSpecification","valueRequired":true,"valueName":"search_term_string"}}],"inLanguage":"fr-FR"},{"@type":"Organization","@id":"https:\/\/kapitalis.com\/tunisie\/#organization","name":"Kapitalis","url":"https:\/\/kapitalis.com\/tunisie\/","logo":{"@type":"ImageObject","inLanguage":"fr-FR","@id":"https:\/\/kapitalis.com\/tunisie\/#\/schema\/logo\/image\/","url":"https:\/\/kapitalis.com\/tunisie\/wp-content\/uploads\/2022\/05\/Kapitalis-big-size.png","contentUrl":"https:\/\/kapitalis.com\/tunisie\/wp-content\/uploads\/2022\/05\/Kapitalis-big-size.png","width":5000,"height":1500,"caption":"Kapitalis"},"image":{"@id":"https:\/\/kapitalis.com\/tunisie\/#\/schema\/logo\/image\/"},"sameAs":["https:\/\/www.facebook.com\/KapitalisInfo\/","https:\/\/x.com\/KapitalisInfo","https:\/\/www.youtube.com\/channel\/UC-yDYrHyfFBWWZaOw3FPg9Q"]},{"@type":"Person","@id":"https:\/\/kapitalis.com\/tunisie\/#\/schema\/person\/74bbde0154d49d790a92aaeac5bc01d5","name":"Yusra NY","url":"https:\/\/kapitalis.com\/tunisie\/author\/yuza_adam\/"}]}},"_links":{"self":[{"href":"https:\/\/kapitalis.com\/tunisie\/wp-json\/wp\/v2\/posts\/14840153","targetHints":{"allow":["GET"]}}],"collection":[{"href":"https:\/\/kapitalis.com\/tunisie\/wp-json\/wp\/v2\/posts"}],"about":[{"href":"https:\/\/kapitalis.com\/tunisie\/wp-json\/wp\/v2\/types\/post"}],"author":[{"embeddable":true,"href":"https:\/\/kapitalis.com\/tunisie\/wp-json\/wp\/v2\/users\/6"}],"replies":[{"embeddable":true,"href":"https:\/\/kapitalis.com\/tunisie\/wp-json\/wp\/v2\/comments?post=14840153"}],"version-history":[{"count":2,"href":"https:\/\/kapitalis.com\/tunisie\/wp-json\/wp\/v2\/posts\/14840153\/revisions"}],"predecessor-version":[{"id":14840205,"href":"https:\/\/kapitalis.com\/tunisie\/wp-json\/wp\/v2\/posts\/14840153\/revisions\/14840205"}],"wp:featuredmedia":[{"embeddable":true,"href":"https:\/\/kapitalis.com\/tunisie\/wp-json\/wp\/v2\/media\/14840189"}],"wp:attachment":[{"href":"https:\/\/kapitalis.com\/tunisie\/wp-json\/wp\/v2\/media?parent=14840153"}],"wp:term":[{"taxonomy":"category","embeddable":true,"href":"https:\/\/kapitalis.com\/tunisie\/wp-json\/wp\/v2\/categories?post=14840153"},{"taxonomy":"post_tag","embeddable":true,"href":"https:\/\/kapitalis.com\/tunisie\/wp-json\/wp\/v2\/tags?post=14840153"}],"curies":[{"name":"wp","href":"https:\/\/api.w.org\/{rel}","templated":true}]}}