{"id":14858094,"date":"2024-12-12T23:38:07","date_gmt":"2024-12-12T22:38:07","guid":{"rendered":"https:\/\/kapitalis.com\/tunisie\/?p=14858094"},"modified":"2024-12-12T23:40:42","modified_gmt":"2024-12-12T22:40:42","slug":"reclamant-justice-pour-abir-moussi-le-pdl-organise-un-rassemblement-le-22-decembre","status":"publish","type":"post","link":"https:\/\/kapitalis.com\/tunisie\/2024\/12\/12\/reclamant-justice-pour-abir-moussi-le-pdl-organise-un-rassemblement-le-22-decembre\/","title":{"rendered":"R\u00e9clamant justice pour Abir Moussi, le PDL organise un rassemblement le 22 d\u00e9cembre"},"content":{"rendered":"\n<p><strong><em>Estimant que sa pr\u00e9sidente Abir Moussi est victime d&rsquo;une injustice, le Parti destourien libre (PDL) organise un rassemblement le 22 d\u00e9cembre 2024.<\/em><\/strong><\/p>\n\n\n\n<!--more-->\n\n\n\n<p>Le PDL a rappel\u00e9 dans un communiqu\u00e9 publi\u00e9 ce jeudi 12 d\u00e9cembre 2024 qu&rsquo;Abir Moussi est en d\u00e9tention depuis le 3 octobre 2023 et qu\u2019elle risque la peine capitale \u00e9tant poursuivie sur la base de l\u2019article 72 du Code p\u00e9nal.<\/p>\n\n\n\n<p>Le Parti estime que la d\u00e9tention de sa pr\u00e9sidente est arbitraire et qu&rsquo;en l\u2019absence d\u2019un Conseil permanent de la magistrature, l\u2019instauration d\u2019un syst\u00e8me judiciaire \u00e9quitable et garantissant les droits et les libert\u00e9s devient impossible.<\/p>\n\n\n\n<p>Il a de ce fait d\u00e9cid\u00e9 d&rsquo;organiser un rassemblement le 22 d\u00e9cembre 2024 \u00e0 partir de 10h devant le si\u00e8ge du Conseil provisoire de la magistrature : afin d\u2019exiger la fin de la situation provisoire du syst\u00e8me judiciaire qui a caus\u00e9 des injustices et conduit \u00e0 l\u2019\u00e9touffement des libert\u00e9s.<\/p>\n\n\n\n<p>Enfin, consid\u00e9rant que cette mobilisation sert l&rsquo;int\u00e9r\u00eat supr\u00eame de la nation, le PDL a par ailleurs appel\u00e9 les forces vives de la soci\u00e9t\u00e9 \u00e0 soutenir cette revendication l\u00e9gitime.<\/p>\n\n\n\n<p class=\"has-text-align-right\"><strong>Y. N.<\/strong><\/p>\n\n\n\n<p><strong><em>Ph. d&rsquo;archives<\/em><\/strong><\/p>\n\n\n\n<figure class=\"wp-block-embed is-type-wp-embed is-provider-kapitalis wp-block-embed-kapitalis\"><div class=\"wp-block-embed__wrapper\">\n<blockquote class=\"wp-embedded-content\" data-secret=\"sEbh6o75RG\"><a href=\"https:\/\/kapitalis.com\/tunisie\/2024\/11\/19\/pdl-derniers-developpements-dans-laffaire-abir-moussi\/\">PDL : Derniers d\u00e9veloppements dans l&rsquo;affaire Abir Moussi<\/a><\/blockquote><iframe loading=\"lazy\" class=\"wp-embedded-content\" sandbox=\"allow-scripts\" security=\"restricted\" style=\"position: absolute; visibility: hidden;\" title=\"\u00ab\u00a0PDL : Derniers d\u00e9veloppements dans l&rsquo;affaire Abir Moussi\u00a0\u00bb &#8212; Kapitalis\" src=\"https:\/\/kapitalis.com\/tunisie\/2024\/11\/19\/pdl-derniers-developpements-dans-laffaire-abir-moussi\/embed\/#?secret=InZnneq7eG#?secret=sEbh6o75RG\" data-secret=\"sEbh6o75RG\" width=\"600\" height=\"338\" frameborder=\"0\" marginwidth=\"0\" marginheight=\"0\" scrolling=\"no\"><\/iframe>\n<\/div><\/figure>\n","protected":false},"excerpt":{"rendered":"<p>Estimant que sa pr\u00e9sidente Abir Moussi est victime d&rsquo;une injustice, le Parti destourien libre (PDL) organise un rassemblement le 22 d\u00e9cembre 2024.<\/p>\n","protected":false},"author":6,"featured_media":11353441,"comment_status":"open","ping_status":"open","sticky":false,"template":"","format":"standard","meta":{"footnotes":""},"categories":[997,2433],"tags":[15144,97088,64355,73027],"class_list":["post-14858094","post","type-post","status-publish","format-standard","has-post-thumbnail","hentry","category-politique","category-tunisie","tag-abir-moussi","tag-conseil-de-la-magistrature","tag-justice","tag-parti-destourien"],"yoast_head":"<!-- This site is optimized with the Yoast SEO plugin v26.6 - https:\/\/yoast.com\/wordpress\/plugins\/seo\/ -->\n<title>R\u00e9clamant justice pour Abir Moussi, le PDL organise un rassemblement le 22 d\u00e9cembre - Kapitalis<\/title>\n<meta name=\"robots\" content=\"index, follow, max-snippet:-1, max-image-preview:large, max-video-preview:-1\" \/>\n<link rel=\"canonical\" href=\"https:\/\/kapitalis.com\/tunisie\/2024\/12\/12\/reclamant-justice-pour-abir-moussi-le-pdl-organise-un-rassemblement-le-22-decembre\/\" \/>\n<meta property=\"og:locale\" content=\"fr_FR\" \/>\n<meta property=\"og:type\" content=\"article\" \/>\n<meta property=\"og:title\" content=\"R\u00e9clamant justice pour Abir Moussi, le PDL organise un rassemblement le 22 d\u00e9cembre - Kapitalis\" \/>\n<meta property=\"og:description\" content=\"Estimant que sa pr\u00e9sidente Abir Moussi est victime d&rsquo;une injustice, le Parti destourien libre (PDL) organise un rassemblement le 22 d\u00e9cembre 2024.\" \/>\n<meta property=\"og:url\" content=\"https:\/\/kapitalis.com\/tunisie\/2024\/12\/12\/reclamant-justice-pour-abir-moussi-le-pdl-organise-un-rassemblement-le-22-decembre\/\" \/>\n<meta property=\"og:site_name\" content=\"Kapitalis\" \/>\n<meta property=\"article:publisher\" content=\"https:\/\/www.facebook.com\/KapitalisInfo\/\" \/>\n<meta property=\"article:published_time\" content=\"2024-12-12T22:38:07+00:00\" \/>\n<meta property=\"article:modified_time\" content=\"2024-12-12T22:40:42+00:00\" \/>\n<meta property=\"og:image\" content=\"https:\/\/kapitalis.com\/tunisie\/wp-content\/uploads\/2024\/01\/Rassemblement-PDL-devant-CSM.jpg\" \/>\n\t<meta property=\"og:image:width\" content=\"1200\" \/>\n\t<meta property=\"og:image:height\" content=\"630\" \/>\n\t<meta property=\"og:image:type\" content=\"image\/jpeg\" \/>\n<meta name=\"author\" content=\"Yusra NY\" \/>\n<meta name=\"twitter:card\" content=\"summary_large_image\" \/>\n<meta name=\"twitter:creator\" content=\"@KapitalisInfo\" \/>\n<meta name=\"twitter:site\" content=\"@KapitalisInfo\" \/>\n<meta name=\"twitter:label1\" content=\"\u00c9crit par\" \/>\n\t<meta name=\"twitter:data1\" content=\"Yusra NY\" \/>\n\t<meta name=\"twitter:label2\" content=\"Dur\u00e9e de lecture estim\u00e9e\" \/>\n\t<meta name=\"twitter:data2\" content=\"2 minutes\" \/>\n<script type=\"application\/ld+json\" class=\"yoast-schema-graph\">{\"@context\":\"https:\/\/schema.org\",\"@graph\":[{\"@type\":\"Article\",\"@id\":\"https:\/\/kapitalis.com\/tunisie\/2024\/12\/12\/reclamant-justice-pour-abir-moussi-le-pdl-organise-un-rassemblement-le-22-decembre\/#article\",\"isPartOf\":{\"@id\":\"https:\/\/kapitalis.com\/tunisie\/2024\/12\/12\/reclamant-justice-pour-abir-moussi-le-pdl-organise-un-rassemblement-le-22-decembre\/\"},\"author\":{\"name\":\"Yusra NY\",\"@id\":\"https:\/\/kapitalis.com\/tunisie\/#\/schema\/person\/74bbde0154d49d790a92aaeac5bc01d5\"},\"headline\":\"R\u00e9clamant justice pour Abir Moussi, le PDL organise un rassemblement le 22 d\u00e9cembre\",\"datePublished\":\"2024-12-12T22:38:07+00:00\",\"dateModified\":\"2024-12-12T22:40:42+00:00\",\"mainEntityOfPage\":{\"@id\":\"https:\/\/kapitalis.com\/tunisie\/2024\/12\/12\/reclamant-justice-pour-abir-moussi-le-pdl-organise-un-rassemblement-le-22-decembre\/\"},\"wordCount\":211,\"commentCount\":0,\"publisher\":{\"@id\":\"https:\/\/kapitalis.com\/tunisie\/#organization\"},\"image\":{\"@id\":\"https:\/\/kapitalis.com\/tunisie\/2024\/12\/12\/reclamant-justice-pour-abir-moussi-le-pdl-organise-un-rassemblement-le-22-decembre\/#primaryimage\"},\"thumbnailUrl\":\"https:\/\/kapitalis.com\/tunisie\/wp-content\/uploads\/2024\/01\/Rassemblement-PDL-devant-CSM.jpg\",\"keywords\":[\"Abir Moussi\",\"Conseil de la magistrature\",\"justice\",\"parti destourien\"],\"articleSection\":[\"POLITIQUE\",\"Tunisie\"],\"inLanguage\":\"fr-FR\",\"potentialAction\":[{\"@type\":\"CommentAction\",\"name\":\"Comment\",\"target\":[\"https:\/\/kapitalis.com\/tunisie\/2024\/12\/12\/reclamant-justice-pour-abir-moussi-le-pdl-organise-un-rassemblement-le-22-decembre\/#respond\"]}]},{\"@type\":\"WebPage\",\"@id\":\"https:\/\/kapitalis.com\/tunisie\/2024\/12\/12\/reclamant-justice-pour-abir-moussi-le-pdl-organise-un-rassemblement-le-22-decembre\/\",\"url\":\"https:\/\/kapitalis.com\/tunisie\/2024\/12\/12\/reclamant-justice-pour-abir-moussi-le-pdl-organise-un-rassemblement-le-22-decembre\/\",\"name\":\"R\u00e9clamant justice pour Abir Moussi, le PDL organise un rassemblement le 22 d\u00e9cembre - Kapitalis\",\"isPartOf\":{\"@id\":\"https:\/\/kapitalis.com\/tunisie\/#website\"},\"primaryImageOfPage\":{\"@id\":\"https:\/\/kapitalis.com\/tunisie\/2024\/12\/12\/reclamant-justice-pour-abir-moussi-le-pdl-organise-un-rassemblement-le-22-decembre\/#primaryimage\"},\"image\":{\"@id\":\"https:\/\/kapitalis.com\/tunisie\/2024\/12\/12\/reclamant-justice-pour-abir-moussi-le-pdl-organise-un-rassemblement-le-22-decembre\/#primaryimage\"},\"thumbnailUrl\":\"https:\/\/kapitalis.com\/tunisie\/wp-content\/uploads\/2024\/01\/Rassemblement-PDL-devant-CSM.jpg\",\"datePublished\":\"2024-12-12T22:38:07+00:00\",\"dateModified\":\"2024-12-12T22:40:42+00:00\",\"breadcrumb\":{\"@id\":\"https:\/\/kapitalis.com\/tunisie\/2024\/12\/12\/reclamant-justice-pour-abir-moussi-le-pdl-organise-un-rassemblement-le-22-decembre\/#breadcrumb\"},\"inLanguage\":\"fr-FR\",\"potentialAction\":[{\"@type\":\"ReadAction\",\"target\":[\"https:\/\/kapitalis.com\/tunisie\/2024\/12\/12\/reclamant-justice-pour-abir-moussi-le-pdl-organise-un-rassemblement-le-22-decembre\/\"]}]},{\"@type\":\"ImageObject\",\"inLanguage\":\"fr-FR\",\"@id\":\"https:\/\/kapitalis.com\/tunisie\/2024\/12\/12\/reclamant-justice-pour-abir-moussi-le-pdl-organise-un-rassemblement-le-22-decembre\/#primaryimage\",\"url\":\"https:\/\/kapitalis.com\/tunisie\/wp-content\/uploads\/2024\/01\/Rassemblement-PDL-devant-CSM.jpg\",\"contentUrl\":\"https:\/\/kapitalis.com\/tunisie\/wp-content\/uploads\/2024\/01\/Rassemblement-PDL-devant-CSM.jpg\",\"width\":1200,\"height\":630},{\"@type\":\"BreadcrumbList\",\"@id\":\"https:\/\/kapitalis.com\/tunisie\/2024\/12\/12\/reclamant-justice-pour-abir-moussi-le-pdl-organise-un-rassemblement-le-22-decembre\/#breadcrumb\",\"itemListElement\":[{\"@type\":\"ListItem\",\"position\":1,\"name\":\"Accueil\",\"item\":\"https:\/\/kapitalis.com\/tunisie\/\"},{\"@type\":\"ListItem\",\"position\":2,\"name\":\"R\u00e9clamant justice pour Abir Moussi, le PDL organise un rassemblement le 22 d\u00e9cembre\"}]},{\"@type\":\"WebSite\",\"@id\":\"https:\/\/kapitalis.com\/tunisie\/#website\",\"url\":\"https:\/\/kapitalis.com\/tunisie\/\",\"name\":\"Kapitalis\",\"description\":\"L&#039;actualit\u00e9 en Tunisie et dans le monde\",\"publisher\":{\"@id\":\"https:\/\/kapitalis.com\/tunisie\/#organization\"},\"potentialAction\":[{\"@type\":\"SearchAction\",\"target\":{\"@type\":\"EntryPoint\",\"urlTemplate\":\"https:\/\/kapitalis.com\/tunisie\/?s={search_term_string}\"},\"query-input\":{\"@type\":\"PropertyValueSpecification\",\"valueRequired\":true,\"valueName\":\"search_term_string\"}}],\"inLanguage\":\"fr-FR\"},{\"@type\":\"Organization\",\"@id\":\"https:\/\/kapitalis.com\/tunisie\/#organization\",\"name\":\"Kapitalis\",\"url\":\"https:\/\/kapitalis.com\/tunisie\/\",\"logo\":{\"@type\":\"ImageObject\",\"inLanguage\":\"fr-FR\",\"@id\":\"https:\/\/kapitalis.com\/tunisie\/#\/schema\/logo\/image\/\",\"url\":\"https:\/\/kapitalis.com\/tunisie\/wp-content\/uploads\/2022\/05\/Kapitalis-big-size.png\",\"contentUrl\":\"https:\/\/kapitalis.com\/tunisie\/wp-content\/uploads\/2022\/05\/Kapitalis-big-size.png\",\"width\":5000,\"height\":1500,\"caption\":\"Kapitalis\"},\"image\":{\"@id\":\"https:\/\/kapitalis.com\/tunisie\/#\/schema\/logo\/image\/\"},\"sameAs\":[\"https:\/\/www.facebook.com\/KapitalisInfo\/\",\"https:\/\/x.com\/KapitalisInfo\",\"https:\/\/www.youtube.com\/channel\/UC-yDYrHyfFBWWZaOw3FPg9Q\"]},{\"@type\":\"Person\",\"@id\":\"https:\/\/kapitalis.com\/tunisie\/#\/schema\/person\/74bbde0154d49d790a92aaeac5bc01d5\",\"name\":\"Yusra NY\",\"url\":\"https:\/\/kapitalis.com\/tunisie\/author\/yuza_adam\/\"}]}<\/script>\n<!-- \/ Yoast SEO plugin. -->","yoast_head_json":{"title":"R\u00e9clamant justice pour Abir Moussi, le PDL organise un rassemblement le 22 d\u00e9cembre - Kapitalis","robots":{"index":"index","follow":"follow","max-snippet":"max-snippet:-1","max-image-preview":"max-image-preview:large","max-video-preview":"max-video-preview:-1"},"canonical":"https:\/\/kapitalis.com\/tunisie\/2024\/12\/12\/reclamant-justice-pour-abir-moussi-le-pdl-organise-un-rassemblement-le-22-decembre\/","og_locale":"fr_FR","og_type":"article","og_title":"R\u00e9clamant justice pour Abir Moussi, le PDL organise un rassemblement le 22 d\u00e9cembre - Kapitalis","og_description":"Estimant que sa pr\u00e9sidente Abir Moussi est victime d&rsquo;une injustice, le Parti destourien libre (PDL) organise un rassemblement le 22 d\u00e9cembre 2024.","og_url":"https:\/\/kapitalis.com\/tunisie\/2024\/12\/12\/reclamant-justice-pour-abir-moussi-le-pdl-organise-un-rassemblement-le-22-decembre\/","og_site_name":"Kapitalis","article_publisher":"https:\/\/www.facebook.com\/KapitalisInfo\/","article_published_time":"2024-12-12T22:38:07+00:00","article_modified_time":"2024-12-12T22:40:42+00:00","og_image":[{"width":1200,"height":630,"url":"https:\/\/kapitalis.com\/tunisie\/wp-content\/uploads\/2024\/01\/Rassemblement-PDL-devant-CSM.jpg","type":"image\/jpeg"}],"author":"Yusra NY","twitter_card":"summary_large_image","twitter_creator":"@KapitalisInfo","twitter_site":"@KapitalisInfo","twitter_misc":{"\u00c9crit par":"Yusra NY","Dur\u00e9e de lecture estim\u00e9e":"2 minutes"},"schema":{"@context":"https:\/\/schema.org","@graph":[{"@type":"Article","@id":"https:\/\/kapitalis.com\/tunisie\/2024\/12\/12\/reclamant-justice-pour-abir-moussi-le-pdl-organise-un-rassemblement-le-22-decembre\/#article","isPartOf":{"@id":"https:\/\/kapitalis.com\/tunisie\/2024\/12\/12\/reclamant-justice-pour-abir-moussi-le-pdl-organise-un-rassemblement-le-22-decembre\/"},"author":{"name":"Yusra NY","@id":"https:\/\/kapitalis.com\/tunisie\/#\/schema\/person\/74bbde0154d49d790a92aaeac5bc01d5"},"headline":"R\u00e9clamant justice pour Abir Moussi, le PDL organise un rassemblement le 22 d\u00e9cembre","datePublished":"2024-12-12T22:38:07+00:00","dateModified":"2024-12-12T22:40:42+00:00","mainEntityOfPage":{"@id":"https:\/\/kapitalis.com\/tunisie\/2024\/12\/12\/reclamant-justice-pour-abir-moussi-le-pdl-organise-un-rassemblement-le-22-decembre\/"},"wordCount":211,"commentCount":0,"publisher":{"@id":"https:\/\/kapitalis.com\/tunisie\/#organization"},"image":{"@id":"https:\/\/kapitalis.com\/tunisie\/2024\/12\/12\/reclamant-justice-pour-abir-moussi-le-pdl-organise-un-rassemblement-le-22-decembre\/#primaryimage"},"thumbnailUrl":"https:\/\/kapitalis.com\/tunisie\/wp-content\/uploads\/2024\/01\/Rassemblement-PDL-devant-CSM.jpg","keywords":["Abir Moussi","Conseil de la magistrature","justice","parti destourien"],"articleSection":["POLITIQUE","Tunisie"],"inLanguage":"fr-FR","potentialAction":[{"@type":"CommentAction","name":"Comment","target":["https:\/\/kapitalis.com\/tunisie\/2024\/12\/12\/reclamant-justice-pour-abir-moussi-le-pdl-organise-un-rassemblement-le-22-decembre\/#respond"]}]},{"@type":"WebPage","@id":"https:\/\/kapitalis.com\/tunisie\/2024\/12\/12\/reclamant-justice-pour-abir-moussi-le-pdl-organise-un-rassemblement-le-22-decembre\/","url":"https:\/\/kapitalis.com\/tunisie\/2024\/12\/12\/reclamant-justice-pour-abir-moussi-le-pdl-organise-un-rassemblement-le-22-decembre\/","name":"R\u00e9clamant justice pour Abir Moussi, le PDL organise un rassemblement le 22 d\u00e9cembre - Kapitalis","isPartOf":{"@id":"https:\/\/kapitalis.com\/tunisie\/#website"},"primaryImageOfPage":{"@id":"https:\/\/kapitalis.com\/tunisie\/2024\/12\/12\/reclamant-justice-pour-abir-moussi-le-pdl-organise-un-rassemblement-le-22-decembre\/#primaryimage"},"image":{"@id":"https:\/\/kapitalis.com\/tunisie\/2024\/12\/12\/reclamant-justice-pour-abir-moussi-le-pdl-organise-un-rassemblement-le-22-decembre\/#primaryimage"},"thumbnailUrl":"https:\/\/kapitalis.com\/tunisie\/wp-content\/uploads\/2024\/01\/Rassemblement-PDL-devant-CSM.jpg","datePublished":"2024-12-12T22:38:07+00:00","dateModified":"2024-12-12T22:40:42+00:00","breadcrumb":{"@id":"https:\/\/kapitalis.com\/tunisie\/2024\/12\/12\/reclamant-justice-pour-abir-moussi-le-pdl-organise-un-rassemblement-le-22-decembre\/#breadcrumb"},"inLanguage":"fr-FR","potentialAction":[{"@type":"ReadAction","target":["https:\/\/kapitalis.com\/tunisie\/2024\/12\/12\/reclamant-justice-pour-abir-moussi-le-pdl-organise-un-rassemblement-le-22-decembre\/"]}]},{"@type":"ImageObject","inLanguage":"fr-FR","@id":"https:\/\/kapitalis.com\/tunisie\/2024\/12\/12\/reclamant-justice-pour-abir-moussi-le-pdl-organise-un-rassemblement-le-22-decembre\/#primaryimage","url":"https:\/\/kapitalis.com\/tunisie\/wp-content\/uploads\/2024\/01\/Rassemblement-PDL-devant-CSM.jpg","contentUrl":"https:\/\/kapitalis.com\/tunisie\/wp-content\/uploads\/2024\/01\/Rassemblement-PDL-devant-CSM.jpg","width":1200,"height":630},{"@type":"BreadcrumbList","@id":"https:\/\/kapitalis.com\/tunisie\/2024\/12\/12\/reclamant-justice-pour-abir-moussi-le-pdl-organise-un-rassemblement-le-22-decembre\/#breadcrumb","itemListElement":[{"@type":"ListItem","position":1,"name":"Accueil","item":"https:\/\/kapitalis.com\/tunisie\/"},{"@type":"ListItem","position":2,"name":"R\u00e9clamant justice pour Abir Moussi, le PDL organise un rassemblement le 22 d\u00e9cembre"}]},{"@type":"WebSite","@id":"https:\/\/kapitalis.com\/tunisie\/#website","url":"https:\/\/kapitalis.com\/tunisie\/","name":"Kapitalis","description":"L&#039;actualit\u00e9 en Tunisie et dans le monde","publisher":{"@id":"https:\/\/kapitalis.com\/tunisie\/#organization"},"potentialAction":[{"@type":"SearchAction","target":{"@type":"EntryPoint","urlTemplate":"https:\/\/kapitalis.com\/tunisie\/?s={search_term_string}"},"query-input":{"@type":"PropertyValueSpecification","valueRequired":true,"valueName":"search_term_string"}}],"inLanguage":"fr-FR"},{"@type":"Organization","@id":"https:\/\/kapitalis.com\/tunisie\/#organization","name":"Kapitalis","url":"https:\/\/kapitalis.com\/tunisie\/","logo":{"@type":"ImageObject","inLanguage":"fr-FR","@id":"https:\/\/kapitalis.com\/tunisie\/#\/schema\/logo\/image\/","url":"https:\/\/kapitalis.com\/tunisie\/wp-content\/uploads\/2022\/05\/Kapitalis-big-size.png","contentUrl":"https:\/\/kapitalis.com\/tunisie\/wp-content\/uploads\/2022\/05\/Kapitalis-big-size.png","width":5000,"height":1500,"caption":"Kapitalis"},"image":{"@id":"https:\/\/kapitalis.com\/tunisie\/#\/schema\/logo\/image\/"},"sameAs":["https:\/\/www.facebook.com\/KapitalisInfo\/","https:\/\/x.com\/KapitalisInfo","https:\/\/www.youtube.com\/channel\/UC-yDYrHyfFBWWZaOw3FPg9Q"]},{"@type":"Person","@id":"https:\/\/kapitalis.com\/tunisie\/#\/schema\/person\/74bbde0154d49d790a92aaeac5bc01d5","name":"Yusra NY","url":"https:\/\/kapitalis.com\/tunisie\/author\/yuza_adam\/"}]}},"_links":{"self":[{"href":"https:\/\/kapitalis.com\/tunisie\/wp-json\/wp\/v2\/posts\/14858094","targetHints":{"allow":["GET"]}}],"collection":[{"href":"https:\/\/kapitalis.com\/tunisie\/wp-json\/wp\/v2\/posts"}],"about":[{"href":"https:\/\/kapitalis.com\/tunisie\/wp-json\/wp\/v2\/types\/post"}],"author":[{"embeddable":true,"href":"https:\/\/kapitalis.com\/tunisie\/wp-json\/wp\/v2\/users\/6"}],"replies":[{"embeddable":true,"href":"https:\/\/kapitalis.com\/tunisie\/wp-json\/wp\/v2\/comments?post=14858094"}],"version-history":[{"count":2,"href":"https:\/\/kapitalis.com\/tunisie\/wp-json\/wp\/v2\/posts\/14858094\/revisions"}],"predecessor-version":[{"id":14858196,"href":"https:\/\/kapitalis.com\/tunisie\/wp-json\/wp\/v2\/posts\/14858094\/revisions\/14858196"}],"wp:featuredmedia":[{"embeddable":true,"href":"https:\/\/kapitalis.com\/tunisie\/wp-json\/wp\/v2\/media\/11353441"}],"wp:attachment":[{"href":"https:\/\/kapitalis.com\/tunisie\/wp-json\/wp\/v2\/media?parent=14858094"}],"wp:term":[{"taxonomy":"category","embeddable":true,"href":"https:\/\/kapitalis.com\/tunisie\/wp-json\/wp\/v2\/categories?post=14858094"},{"taxonomy":"post_tag","embeddable":true,"href":"https:\/\/kapitalis.com\/tunisie\/wp-json\/wp\/v2\/tags?post=14858094"}],"curies":[{"name":"wp","href":"https:\/\/api.w.org\/{rel}","templated":true}]}}