{"id":148738,"date":"2018-04-14T09:56:53","date_gmt":"2018-04-14T08:56:53","guid":{"rendered":"http:\/\/kapitalis.com\/tunisie\/?p=148738"},"modified":"2018-04-14T09:56:53","modified_gmt":"2018-04-14T08:56:53","slug":"tunisie-appel-a-participation-au-festival-chouftouhonna-dart-feministe","status":"publish","type":"post","link":"https:\/\/kapitalis.com\/tunisie\/2018\/04\/14\/tunisie-appel-a-participation-au-festival-chouftouhonna-dart-feministe\/","title":{"rendered":"Tunisie : Appel \u00e0 participation au Festival Chouftouhonna d\u2019art f\u00e9ministe"},"content":{"rendered":"<p style=\"text-align: center;\"><img loading=\"lazy\" decoding=\"async\" class=\"alignnone size-full wp-image-148740\" src=\"http:\/\/kapitalis.com\/tunisie\/wp-content\/uploads\/2018\/04\/Chouftouhonna.jpg\" alt=\"\" width=\"626\" height=\"380\" \/><\/p>\n<p><em><strong>La 4e \u00e9dition de Chouftouhonna, Festival international d\u2019art f\u00e9ministe de Tunis, se tiendra du 6 au 9 septembre 2018, dans la capitale tunisienne, et la date limite de soumission des propositions a \u00e9t\u00e9 fix\u00e9e au 30 avril courant.<\/strong><\/em><\/p>\n<p><!--more--><\/p>\n<p>Ce festival a \u00e9t\u00e9 cr\u00e9\u00e9 par un petit groupe de femmes en 2015, qui a lanc\u00e9 cette initiative communautaire pour occuper l&rsquo;espace de la Tunisie postr\u00e9volutionnaire.<\/p>\n<p>Le succ\u00e8s des pr\u00e9c\u00e9dentes \u00e9ditions a confirm\u00e9 l\u2019id\u00e9e qu\u2019un espace artistique d\u00e9di\u00e9 aux femmes est n\u00e9cessaire, non seulement en Tunisie mais dans le monde entier. En effet, les 450 participations des quatre continents r\u00e9v\u00e8lent une solidarit\u00e9 et un int\u00e9r\u00eat croissants autour de ce projet, et donne l\u2019\u00e9nergie n\u00e9cessaire aux organisatrices pour continuer cette exp\u00e9rience unique en son genre.<\/p>\n<p>Chouftouhonna (litt\u00e9ralement : je les ai vues) croit en un f\u00e9minisme intersectionnel et inclusif.<\/p>\n<p>Partant de l\u00e0, le festival d\u00e9fend un art qui met en avant les choix et les droits des femmes, mais avant tout a pour ambition de pr\u00e9tendre donner un espace d\u2019expression aux femmes, dans leur diversit\u00e9.<\/p>\n<p>Depuis d\u00e9cembre 2010, la Tunisie ne m\u00e8ne pas seulement une transition politique par des r\u00e9formes institutionnelles, mais aussi par la ren\u00e9gociation des rapports des genres et des sexualit\u00e9s.<\/p>\n<p>L&rsquo;id\u00e9e du festival Chouftouhonna \u00e9tait de questionner le f\u00e9minisme \u00e9tatique, qui contr\u00f4le les corps genr\u00e9s et les sexualit\u00e9s et peut \u00eatre per\u00e7u comme l\u2019h\u00e9ritage d\u2019un pouvoir autoritaire impr\u00e9gnant profond\u00e9ment la soci\u00e9t\u00e9 tunisienne et les productions politiques et culturelles.<\/p>\n<p>En puisant dans l\u2019intersectionnalit\u00e9 et en partant des engagements personnels, des exp\u00e9riences d\u2019artistes et de leurs cr\u00e9ations, les organisatrices veulent montrer comment les diff\u00e9rents positionnements dans leurs soci\u00e9t\u00e9s respectives influencent le travail des femmes et leur vie quotidienne et aide \u00e0 d\u00e9construire le discours dominant sur le f\u00e9minisme.<\/p>\n<p>Les propositions doivent \u00eatre envoy\u00e9es aux adresses mail suivantes selon la sp\u00e9cialit\u00e9 artistique.<\/p>\n<p>Cin\u00e9ma : chouftouhonna.cinema@gmail.com \/\/<br \/>\nArts graphiques : Chouftouhonna.Artgraphique@Gmail.Com \/\/<br \/>\nMusique : Chouftouhonna.Musique@Gmail.Com \/\/<br \/>\nPhotographie : Chouftouhonna.Photographie@Gmail.Com \/\/<br \/>\nArts sc\u00e9niques : Chouftouhonna.Artscenique@Gmail.Com \/\/<br \/>\nArts visuels : Chouftouhonna.Artplastique@Gmail.Com<\/p>\n<p><em><strong>Source<\/strong><\/em> : communiqu\u00e9.<\/p>\n<p><a href=\"https:\/\/www.youtube.com\/channel\/UCmH_ufnpVroZsRAp2zs_Ukw\u2026\"><em><strong>Aper\u00e7us des pr\u00e9c\u00e9dentes \u00e9ditions de Chouftouhonna. <\/strong><\/em><\/a><\/p>\n<blockquote class=\"wp-embedded-content\" data-secret=\"0j9ygkJYS6\"><p><a href=\"https:\/\/kapitalis.com\/tunisie\/2018\/01\/19\/tunisie-festival-dart-feministe-chouftouhonna-revient-4e-edition\/\">Le festival d&rsquo;art f\u00e9ministe Chouftouhonna revient dans sa 4e \u00e9dition<\/a><\/p><\/blockquote>\n<p><iframe loading=\"lazy\" class=\"wp-embedded-content\" sandbox=\"allow-scripts\" security=\"restricted\" style=\"position: absolute; clip: rect(1px, 1px, 1px, 1px);\" title=\"\u00ab\u00a0Le festival d&rsquo;art f\u00e9ministe Chouftouhonna revient dans sa 4e \u00e9dition\u00a0\u00bb &#8212; Kapitalis\" src=\"https:\/\/kapitalis.com\/tunisie\/2018\/01\/19\/tunisie-festival-dart-feministe-chouftouhonna-revient-4e-edition\/embed\/#?secret=JBgksaaXSZ#?secret=0j9ygkJYS6\" data-secret=\"0j9ygkJYS6\" width=\"600\" height=\"338\" frameborder=\"0\" marginwidth=\"0\" marginheight=\"0\" scrolling=\"no\"><\/iframe><\/p>\n<blockquote class=\"wp-embedded-content\" data-secret=\"lhZI9Ctr9C\"><p><a href=\"https:\/\/kapitalis.com\/tunisie\/2017\/09\/05\/chouftouhonna-le-festival-dart-feministe-du-7-au-10-septembre\/\">Chouftouhonna : Le festival d\u2019art f\u00e9ministe du 7 au 10 septembre<\/a><\/p><\/blockquote>\n<p><iframe loading=\"lazy\" class=\"wp-embedded-content\" sandbox=\"allow-scripts\" security=\"restricted\" style=\"position: absolute; clip: rect(1px, 1px, 1px, 1px);\" title=\"\u00ab\u00a0Chouftouhonna : Le festival d\u2019art f\u00e9ministe du 7 au 10 septembre\u00a0\u00bb &#8212; Kapitalis\" src=\"https:\/\/kapitalis.com\/tunisie\/2017\/09\/05\/chouftouhonna-le-festival-dart-feministe-du-7-au-10-septembre\/embed\/#?secret=PcpSsBUfNL#?secret=lhZI9Ctr9C\" data-secret=\"lhZI9Ctr9C\" width=\"600\" height=\"338\" frameborder=\"0\" marginwidth=\"0\" marginheight=\"0\" scrolling=\"no\"><\/iframe><\/p>\n<blockquote class=\"wp-embedded-content\" data-secret=\"rGx6KswmwV\"><p><a href=\"https:\/\/kapitalis.com\/tunisie\/2017\/02\/27\/chouftouhonna-le-festival-international-dart-feministe-de-tunis\/\">Chouftouhonna : Le Festival international d\u2019art f\u00e9ministe de Tunis<\/a><\/p><\/blockquote>\n<p><iframe loading=\"lazy\" class=\"wp-embedded-content\" sandbox=\"allow-scripts\" security=\"restricted\" style=\"position: absolute; clip: rect(1px, 1px, 1px, 1px);\" title=\"\u00ab\u00a0Chouftouhonna : Le Festival international d\u2019art f\u00e9ministe de Tunis\u00a0\u00bb &#8212; Kapitalis\" src=\"https:\/\/kapitalis.com\/tunisie\/2017\/02\/27\/chouftouhonna-le-festival-international-dart-feministe-de-tunis\/embed\/#?secret=NJK00zouZy#?secret=rGx6KswmwV\" data-secret=\"rGx6KswmwV\" width=\"600\" height=\"338\" frameborder=\"0\" marginwidth=\"0\" marginheight=\"0\" scrolling=\"no\"><\/iframe><\/p>\n","protected":false},"excerpt":{"rendered":"<p>La 4e \u00e9dition de Chouftouhonna, Festival international d\u2019art f\u00e9ministe de Tunis, se tiendra du 6 au 9 septembre 2018, dans la capitale tunisienne, et la date limite de soumission des propositions a \u00e9t\u00e9 fix\u00e9e au 30 avril courant.<\/p>\n","protected":false},"author":8,"featured_media":148740,"comment_status":"open","ping_status":"open","sticky":false,"template":"","format":"standard","meta":{"footnotes":""},"categories":[994,2433],"tags":[28326,7426,15440],"class_list":["post-148738","post","type-post","status-publish","format-standard","has-post-thumbnail","hentry","category-culture","category-tunisie","tag-chouftouhonna","tag-droits-des-femmes","tag-feminisme"],"yoast_head":"<!-- This site is optimized with the Yoast SEO plugin v26.6 - https:\/\/yoast.com\/wordpress\/plugins\/seo\/ -->\n<title>Tunisie : Appel \u00e0 participation au Festival Chouftouhonna d\u2019art f\u00e9ministe - Kapitalis<\/title>\n<meta name=\"robots\" content=\"index, follow, max-snippet:-1, max-image-preview:large, max-video-preview:-1\" \/>\n<link rel=\"canonical\" href=\"https:\/\/kapitalis.com\/tunisie\/2018\/04\/14\/tunisie-appel-a-participation-au-festival-chouftouhonna-dart-feministe\/\" \/>\n<meta property=\"og:locale\" content=\"fr_FR\" \/>\n<meta property=\"og:type\" content=\"article\" \/>\n<meta property=\"og:title\" content=\"Tunisie : Appel \u00e0 participation au Festival Chouftouhonna d\u2019art f\u00e9ministe - Kapitalis\" \/>\n<meta property=\"og:description\" content=\"La 4e \u00e9dition de Chouftouhonna, Festival international d\u2019art f\u00e9ministe de Tunis, se tiendra du 6 au 9 septembre 2018, dans la capitale tunisienne, et la date limite de soumission des propositions a \u00e9t\u00e9 fix\u00e9e au 30 avril courant.\" \/>\n<meta property=\"og:url\" content=\"https:\/\/kapitalis.com\/tunisie\/2018\/04\/14\/tunisie-appel-a-participation-au-festival-chouftouhonna-dart-feministe\/\" \/>\n<meta property=\"og:site_name\" content=\"Kapitalis\" \/>\n<meta property=\"article:publisher\" content=\"https:\/\/www.facebook.com\/KapitalisInfo\/\" \/>\n<meta property=\"article:published_time\" content=\"2018-04-14T08:56:53+00:00\" \/>\n<meta property=\"og:image\" content=\"https:\/\/kapitalis.com\/tunisie\/wp-content\/uploads\/2022\/05\/kapitalis-logo-fb.png\" \/>\n\t<meta property=\"og:image:width\" content=\"1200\" \/>\n\t<meta property=\"og:image:height\" content=\"630\" \/>\n\t<meta property=\"og:image:type\" content=\"image\/png\" \/>\n<meta name=\"author\" content=\"webmaster kapitalis\" \/>\n<meta name=\"twitter:card\" content=\"summary_large_image\" \/>\n<meta name=\"twitter:creator\" content=\"@KapitalisInfo\" \/>\n<meta name=\"twitter:site\" content=\"@KapitalisInfo\" \/>\n<meta name=\"twitter:label1\" content=\"\u00c9crit par\" \/>\n\t<meta name=\"twitter:data1\" content=\"webmaster kapitalis\" \/>\n\t<meta name=\"twitter:label2\" content=\"Dur\u00e9e de lecture estim\u00e9e\" \/>\n\t<meta name=\"twitter:data2\" content=\"2 minutes\" \/>\n<script type=\"application\/ld+json\" class=\"yoast-schema-graph\">{\"@context\":\"https:\/\/schema.org\",\"@graph\":[{\"@type\":\"Article\",\"@id\":\"https:\/\/kapitalis.com\/tunisie\/2018\/04\/14\/tunisie-appel-a-participation-au-festival-chouftouhonna-dart-feministe\/#article\",\"isPartOf\":{\"@id\":\"https:\/\/kapitalis.com\/tunisie\/2018\/04\/14\/tunisie-appel-a-participation-au-festival-chouftouhonna-dart-feministe\/\"},\"author\":{\"name\":\"webmaster kapitalis\",\"@id\":\"https:\/\/kapitalis.com\/tunisie\/#\/schema\/person\/d71f33a9ca44f7bad4698210b480c8e9\"},\"headline\":\"Tunisie : Appel \u00e0 participation au Festival Chouftouhonna d\u2019art f\u00e9ministe\",\"datePublished\":\"2018-04-14T08:56:53+00:00\",\"mainEntityOfPage\":{\"@id\":\"https:\/\/kapitalis.com\/tunisie\/2018\/04\/14\/tunisie-appel-a-participation-au-festival-chouftouhonna-dart-feministe\/\"},\"wordCount\":416,\"commentCount\":0,\"publisher\":{\"@id\":\"https:\/\/kapitalis.com\/tunisie\/#organization\"},\"image\":{\"@id\":\"https:\/\/kapitalis.com\/tunisie\/2018\/04\/14\/tunisie-appel-a-participation-au-festival-chouftouhonna-dart-feministe\/#primaryimage\"},\"thumbnailUrl\":\"\",\"keywords\":[\"Chouftouhonna\",\"droits des femmes\",\"f\u00e9minisme\"],\"articleSection\":[\"CULTURE\",\"Tunisie\"],\"inLanguage\":\"fr-FR\",\"potentialAction\":[{\"@type\":\"CommentAction\",\"name\":\"Comment\",\"target\":[\"https:\/\/kapitalis.com\/tunisie\/2018\/04\/14\/tunisie-appel-a-participation-au-festival-chouftouhonna-dart-feministe\/#respond\"]}]},{\"@type\":\"WebPage\",\"@id\":\"https:\/\/kapitalis.com\/tunisie\/2018\/04\/14\/tunisie-appel-a-participation-au-festival-chouftouhonna-dart-feministe\/\",\"url\":\"https:\/\/kapitalis.com\/tunisie\/2018\/04\/14\/tunisie-appel-a-participation-au-festival-chouftouhonna-dart-feministe\/\",\"name\":\"Tunisie : Appel \u00e0 participation au Festival Chouftouhonna d\u2019art f\u00e9ministe - Kapitalis\",\"isPartOf\":{\"@id\":\"https:\/\/kapitalis.com\/tunisie\/#website\"},\"primaryImageOfPage\":{\"@id\":\"https:\/\/kapitalis.com\/tunisie\/2018\/04\/14\/tunisie-appel-a-participation-au-festival-chouftouhonna-dart-feministe\/#primaryimage\"},\"image\":{\"@id\":\"https:\/\/kapitalis.com\/tunisie\/2018\/04\/14\/tunisie-appel-a-participation-au-festival-chouftouhonna-dart-feministe\/#primaryimage\"},\"thumbnailUrl\":\"\",\"datePublished\":\"2018-04-14T08:56:53+00:00\",\"breadcrumb\":{\"@id\":\"https:\/\/kapitalis.com\/tunisie\/2018\/04\/14\/tunisie-appel-a-participation-au-festival-chouftouhonna-dart-feministe\/#breadcrumb\"},\"inLanguage\":\"fr-FR\",\"potentialAction\":[{\"@type\":\"ReadAction\",\"target\":[\"https:\/\/kapitalis.com\/tunisie\/2018\/04\/14\/tunisie-appel-a-participation-au-festival-chouftouhonna-dart-feministe\/\"]}]},{\"@type\":\"ImageObject\",\"inLanguage\":\"fr-FR\",\"@id\":\"https:\/\/kapitalis.com\/tunisie\/2018\/04\/14\/tunisie-appel-a-participation-au-festival-chouftouhonna-dart-feministe\/#primaryimage\",\"url\":\"\",\"contentUrl\":\"\"},{\"@type\":\"BreadcrumbList\",\"@id\":\"https:\/\/kapitalis.com\/tunisie\/2018\/04\/14\/tunisie-appel-a-participation-au-festival-chouftouhonna-dart-feministe\/#breadcrumb\",\"itemListElement\":[{\"@type\":\"ListItem\",\"position\":1,\"name\":\"Accueil\",\"item\":\"https:\/\/kapitalis.com\/tunisie\/\"},{\"@type\":\"ListItem\",\"position\":2,\"name\":\"Tunisie : Appel \u00e0 participation au Festival Chouftouhonna d\u2019art f\u00e9ministe\"}]},{\"@type\":\"WebSite\",\"@id\":\"https:\/\/kapitalis.com\/tunisie\/#website\",\"url\":\"https:\/\/kapitalis.com\/tunisie\/\",\"name\":\"Kapitalis\",\"description\":\"L&#039;actualit\u00e9 en Tunisie et dans le monde\",\"publisher\":{\"@id\":\"https:\/\/kapitalis.com\/tunisie\/#organization\"},\"potentialAction\":[{\"@type\":\"SearchAction\",\"target\":{\"@type\":\"EntryPoint\",\"urlTemplate\":\"https:\/\/kapitalis.com\/tunisie\/?s={search_term_string}\"},\"query-input\":{\"@type\":\"PropertyValueSpecification\",\"valueRequired\":true,\"valueName\":\"search_term_string\"}}],\"inLanguage\":\"fr-FR\"},{\"@type\":\"Organization\",\"@id\":\"https:\/\/kapitalis.com\/tunisie\/#organization\",\"name\":\"Kapitalis\",\"url\":\"https:\/\/kapitalis.com\/tunisie\/\",\"logo\":{\"@type\":\"ImageObject\",\"inLanguage\":\"fr-FR\",\"@id\":\"https:\/\/kapitalis.com\/tunisie\/#\/schema\/logo\/image\/\",\"url\":\"https:\/\/kapitalis.com\/tunisie\/wp-content\/uploads\/2022\/05\/Kapitalis-big-size.png\",\"contentUrl\":\"https:\/\/kapitalis.com\/tunisie\/wp-content\/uploads\/2022\/05\/Kapitalis-big-size.png\",\"width\":5000,\"height\":1500,\"caption\":\"Kapitalis\"},\"image\":{\"@id\":\"https:\/\/kapitalis.com\/tunisie\/#\/schema\/logo\/image\/\"},\"sameAs\":[\"https:\/\/www.facebook.com\/KapitalisInfo\/\",\"https:\/\/x.com\/KapitalisInfo\",\"https:\/\/www.youtube.com\/channel\/UC-yDYrHyfFBWWZaOw3FPg9Q\"]},{\"@type\":\"Person\",\"@id\":\"https:\/\/kapitalis.com\/tunisie\/#\/schema\/person\/d71f33a9ca44f7bad4698210b480c8e9\",\"name\":\"webmaster kapitalis\",\"url\":\"https:\/\/kapitalis.com\/tunisie\/author\/webmaster-kapitalis\/\"}]}<\/script>\n<!-- \/ Yoast SEO plugin. -->","yoast_head_json":{"title":"Tunisie : Appel \u00e0 participation au Festival Chouftouhonna d\u2019art f\u00e9ministe - Kapitalis","robots":{"index":"index","follow":"follow","max-snippet":"max-snippet:-1","max-image-preview":"max-image-preview:large","max-video-preview":"max-video-preview:-1"},"canonical":"https:\/\/kapitalis.com\/tunisie\/2018\/04\/14\/tunisie-appel-a-participation-au-festival-chouftouhonna-dart-feministe\/","og_locale":"fr_FR","og_type":"article","og_title":"Tunisie : Appel \u00e0 participation au Festival Chouftouhonna d\u2019art f\u00e9ministe - Kapitalis","og_description":"La 4e \u00e9dition de Chouftouhonna, Festival international d\u2019art f\u00e9ministe de Tunis, se tiendra du 6 au 9 septembre 2018, dans la capitale tunisienne, et la date limite de soumission des propositions a \u00e9t\u00e9 fix\u00e9e au 30 avril courant.","og_url":"https:\/\/kapitalis.com\/tunisie\/2018\/04\/14\/tunisie-appel-a-participation-au-festival-chouftouhonna-dart-feministe\/","og_site_name":"Kapitalis","article_publisher":"https:\/\/www.facebook.com\/KapitalisInfo\/","article_published_time":"2018-04-14T08:56:53+00:00","og_image":[{"width":1200,"height":630,"url":"https:\/\/kapitalis.com\/tunisie\/wp-content\/uploads\/2022\/05\/kapitalis-logo-fb.png","type":"image\/png"}],"author":"webmaster kapitalis","twitter_card":"summary_large_image","twitter_creator":"@KapitalisInfo","twitter_site":"@KapitalisInfo","twitter_misc":{"\u00c9crit par":"webmaster kapitalis","Dur\u00e9e de lecture estim\u00e9e":"2 minutes"},"schema":{"@context":"https:\/\/schema.org","@graph":[{"@type":"Article","@id":"https:\/\/kapitalis.com\/tunisie\/2018\/04\/14\/tunisie-appel-a-participation-au-festival-chouftouhonna-dart-feministe\/#article","isPartOf":{"@id":"https:\/\/kapitalis.com\/tunisie\/2018\/04\/14\/tunisie-appel-a-participation-au-festival-chouftouhonna-dart-feministe\/"},"author":{"name":"webmaster kapitalis","@id":"https:\/\/kapitalis.com\/tunisie\/#\/schema\/person\/d71f33a9ca44f7bad4698210b480c8e9"},"headline":"Tunisie : Appel \u00e0 participation au Festival Chouftouhonna d\u2019art f\u00e9ministe","datePublished":"2018-04-14T08:56:53+00:00","mainEntityOfPage":{"@id":"https:\/\/kapitalis.com\/tunisie\/2018\/04\/14\/tunisie-appel-a-participation-au-festival-chouftouhonna-dart-feministe\/"},"wordCount":416,"commentCount":0,"publisher":{"@id":"https:\/\/kapitalis.com\/tunisie\/#organization"},"image":{"@id":"https:\/\/kapitalis.com\/tunisie\/2018\/04\/14\/tunisie-appel-a-participation-au-festival-chouftouhonna-dart-feministe\/#primaryimage"},"thumbnailUrl":"","keywords":["Chouftouhonna","droits des femmes","f\u00e9minisme"],"articleSection":["CULTURE","Tunisie"],"inLanguage":"fr-FR","potentialAction":[{"@type":"CommentAction","name":"Comment","target":["https:\/\/kapitalis.com\/tunisie\/2018\/04\/14\/tunisie-appel-a-participation-au-festival-chouftouhonna-dart-feministe\/#respond"]}]},{"@type":"WebPage","@id":"https:\/\/kapitalis.com\/tunisie\/2018\/04\/14\/tunisie-appel-a-participation-au-festival-chouftouhonna-dart-feministe\/","url":"https:\/\/kapitalis.com\/tunisie\/2018\/04\/14\/tunisie-appel-a-participation-au-festival-chouftouhonna-dart-feministe\/","name":"Tunisie : Appel \u00e0 participation au Festival Chouftouhonna d\u2019art f\u00e9ministe - Kapitalis","isPartOf":{"@id":"https:\/\/kapitalis.com\/tunisie\/#website"},"primaryImageOfPage":{"@id":"https:\/\/kapitalis.com\/tunisie\/2018\/04\/14\/tunisie-appel-a-participation-au-festival-chouftouhonna-dart-feministe\/#primaryimage"},"image":{"@id":"https:\/\/kapitalis.com\/tunisie\/2018\/04\/14\/tunisie-appel-a-participation-au-festival-chouftouhonna-dart-feministe\/#primaryimage"},"thumbnailUrl":"","datePublished":"2018-04-14T08:56:53+00:00","breadcrumb":{"@id":"https:\/\/kapitalis.com\/tunisie\/2018\/04\/14\/tunisie-appel-a-participation-au-festival-chouftouhonna-dart-feministe\/#breadcrumb"},"inLanguage":"fr-FR","potentialAction":[{"@type":"ReadAction","target":["https:\/\/kapitalis.com\/tunisie\/2018\/04\/14\/tunisie-appel-a-participation-au-festival-chouftouhonna-dart-feministe\/"]}]},{"@type":"ImageObject","inLanguage":"fr-FR","@id":"https:\/\/kapitalis.com\/tunisie\/2018\/04\/14\/tunisie-appel-a-participation-au-festival-chouftouhonna-dart-feministe\/#primaryimage","url":"","contentUrl":""},{"@type":"BreadcrumbList","@id":"https:\/\/kapitalis.com\/tunisie\/2018\/04\/14\/tunisie-appel-a-participation-au-festival-chouftouhonna-dart-feministe\/#breadcrumb","itemListElement":[{"@type":"ListItem","position":1,"name":"Accueil","item":"https:\/\/kapitalis.com\/tunisie\/"},{"@type":"ListItem","position":2,"name":"Tunisie : Appel \u00e0 participation au Festival Chouftouhonna d\u2019art f\u00e9ministe"}]},{"@type":"WebSite","@id":"https:\/\/kapitalis.com\/tunisie\/#website","url":"https:\/\/kapitalis.com\/tunisie\/","name":"Kapitalis","description":"L&#039;actualit\u00e9 en Tunisie et dans le monde","publisher":{"@id":"https:\/\/kapitalis.com\/tunisie\/#organization"},"potentialAction":[{"@type":"SearchAction","target":{"@type":"EntryPoint","urlTemplate":"https:\/\/kapitalis.com\/tunisie\/?s={search_term_string}"},"query-input":{"@type":"PropertyValueSpecification","valueRequired":true,"valueName":"search_term_string"}}],"inLanguage":"fr-FR"},{"@type":"Organization","@id":"https:\/\/kapitalis.com\/tunisie\/#organization","name":"Kapitalis","url":"https:\/\/kapitalis.com\/tunisie\/","logo":{"@type":"ImageObject","inLanguage":"fr-FR","@id":"https:\/\/kapitalis.com\/tunisie\/#\/schema\/logo\/image\/","url":"https:\/\/kapitalis.com\/tunisie\/wp-content\/uploads\/2022\/05\/Kapitalis-big-size.png","contentUrl":"https:\/\/kapitalis.com\/tunisie\/wp-content\/uploads\/2022\/05\/Kapitalis-big-size.png","width":5000,"height":1500,"caption":"Kapitalis"},"image":{"@id":"https:\/\/kapitalis.com\/tunisie\/#\/schema\/logo\/image\/"},"sameAs":["https:\/\/www.facebook.com\/KapitalisInfo\/","https:\/\/x.com\/KapitalisInfo","https:\/\/www.youtube.com\/channel\/UC-yDYrHyfFBWWZaOw3FPg9Q"]},{"@type":"Person","@id":"https:\/\/kapitalis.com\/tunisie\/#\/schema\/person\/d71f33a9ca44f7bad4698210b480c8e9","name":"webmaster kapitalis","url":"https:\/\/kapitalis.com\/tunisie\/author\/webmaster-kapitalis\/"}]}},"_links":{"self":[{"href":"https:\/\/kapitalis.com\/tunisie\/wp-json\/wp\/v2\/posts\/148738","targetHints":{"allow":["GET"]}}],"collection":[{"href":"https:\/\/kapitalis.com\/tunisie\/wp-json\/wp\/v2\/posts"}],"about":[{"href":"https:\/\/kapitalis.com\/tunisie\/wp-json\/wp\/v2\/types\/post"}],"author":[{"embeddable":true,"href":"https:\/\/kapitalis.com\/tunisie\/wp-json\/wp\/v2\/users\/8"}],"replies":[{"embeddable":true,"href":"https:\/\/kapitalis.com\/tunisie\/wp-json\/wp\/v2\/comments?post=148738"}],"version-history":[{"count":0,"href":"https:\/\/kapitalis.com\/tunisie\/wp-json\/wp\/v2\/posts\/148738\/revisions"}],"wp:featuredmedia":[{"embeddable":true,"href":"https:\/\/kapitalis.com\/tunisie\/wp-json\/wp\/v2\/media\/148740"}],"wp:attachment":[{"href":"https:\/\/kapitalis.com\/tunisie\/wp-json\/wp\/v2\/media?parent=148738"}],"wp:term":[{"taxonomy":"category","embeddable":true,"href":"https:\/\/kapitalis.com\/tunisie\/wp-json\/wp\/v2\/categories?post=148738"},{"taxonomy":"post_tag","embeddable":true,"href":"https:\/\/kapitalis.com\/tunisie\/wp-json\/wp\/v2\/tags?post=148738"}],"curies":[{"name":"wp","href":"https:\/\/api.w.org\/{rel}","templated":true}]}}