{"id":14881103,"date":"2024-12-15T00:28:46","date_gmt":"2024-12-14T23:28:46","guid":{"rendered":"https:\/\/kapitalis.com\/tunisie\/?p=14881103"},"modified":"2024-12-15T00:30:57","modified_gmt":"2024-12-14T23:30:57","slug":"ligue-des-champions-caf-lesperance-de-tunis-en-tete-du-groupe-d-photos","status":"publish","type":"post","link":"https:\/\/kapitalis.com\/tunisie\/2024\/12\/15\/ligue-des-champions-caf-lesperance-de-tunis-en-tete-du-groupe-d-photos\/","title":{"rendered":"Ligue des Champions CAF : L&rsquo;Esp\u00e9rance de Tunis en t\u00eate du groupe D (Photos)"},"content":{"rendered":"\n<p><strong><em>L&rsquo;Esp\u00e9rance sportive de Tunis (EST) s&rsquo;est impos\u00e9e, dans la soir\u00e9e de ce samedi 14 d\u00e9cembre 2024, face au club \u00e9gyptien Pyramids FC sur le score de 2 buts \u00e0 z\u00e9ro.<\/em><\/strong><\/p>\n\n\n\n<!--more-->\n\n\n\n<p>Les Sang et Or ont entam\u00e9 le match comptant pour la troisi\u00e8me journ\u00e9e la Ligue des Champions africaine par un jeu offensif et des occasions, concr\u00e9tis\u00e9es \u00e0 la 36\u1d49 minute, par un magnifique but sign\u00e9 Youcef Bela\u00efli.<\/p>\n\n\n\n<figure class=\"wp-block-gallery aligncenter has-nested-images columns-2 is-cropped wp-block-gallery-1 is-layout-flex wp-block-gallery-is-layout-flex\">\n<figure class=\"wp-block-image size-large\"><img loading=\"lazy\" decoding=\"async\" width=\"1024\" height=\"657\" data-id=\"14881148\" src=\"https:\/\/kapitalis.com\/tunisie\/wp-content\/uploads\/2024\/12\/EST5-1024x657.jpg\" alt=\"\" class=\"wp-image-14881148\" srcset=\"https:\/\/kapitalis.com\/tunisie\/wp-content\/uploads\/2024\/12\/EST5-1024x657.jpg 1024w, https:\/\/kapitalis.com\/tunisie\/wp-content\/uploads\/2024\/12\/EST5-300x192.jpg 300w, https:\/\/kapitalis.com\/tunisie\/wp-content\/uploads\/2024\/12\/EST5-768x493.jpg 768w, https:\/\/kapitalis.com\/tunisie\/wp-content\/uploads\/2024\/12\/EST5-1536x986.jpg 1536w, https:\/\/kapitalis.com\/tunisie\/wp-content\/uploads\/2024\/12\/EST5-580x372.jpg 580w, https:\/\/kapitalis.com\/tunisie\/wp-content\/uploads\/2024\/12\/EST5-860x552.jpg 860w, https:\/\/kapitalis.com\/tunisie\/wp-content\/uploads\/2024\/12\/EST5-1160x744.jpg 1160w, https:\/\/kapitalis.com\/tunisie\/wp-content\/uploads\/2024\/12\/EST5.jpg 2048w\" sizes=\"auto, (max-width: 1024px) 100vw, 1024px\" \/><\/figure>\n\n\n\n<figure class=\"wp-block-image size-large\"><img loading=\"lazy\" decoding=\"async\" width=\"902\" height=\"1024\" data-id=\"14881144\" src=\"https:\/\/kapitalis.com\/tunisie\/wp-content\/uploads\/2024\/12\/EST4-902x1024.jpg\" alt=\"\" class=\"wp-image-14881144\" srcset=\"https:\/\/kapitalis.com\/tunisie\/wp-content\/uploads\/2024\/12\/EST4-902x1024.jpg 902w, https:\/\/kapitalis.com\/tunisie\/wp-content\/uploads\/2024\/12\/EST4-264x300.jpg 264w, https:\/\/kapitalis.com\/tunisie\/wp-content\/uploads\/2024\/12\/EST4-768x872.jpg 768w, https:\/\/kapitalis.com\/tunisie\/wp-content\/uploads\/2024\/12\/EST4-1353x1536.jpg 1353w, https:\/\/kapitalis.com\/tunisie\/wp-content\/uploads\/2024\/12\/EST4-580x658.jpg 580w, https:\/\/kapitalis.com\/tunisie\/wp-content\/uploads\/2024\/12\/EST4-860x976.jpg 860w, https:\/\/kapitalis.com\/tunisie\/wp-content\/uploads\/2024\/12\/EST4-1160x1317.jpg 1160w, https:\/\/kapitalis.com\/tunisie\/wp-content\/uploads\/2024\/12\/EST4.jpg 1804w\" sizes=\"auto, (max-width: 902px) 100vw, 902px\" \/><\/figure>\n\n\n\n<figure class=\"wp-block-image size-large\"><img loading=\"lazy\" decoding=\"async\" width=\"885\" height=\"1024\" data-id=\"14881145\" src=\"https:\/\/kapitalis.com\/tunisie\/wp-content\/uploads\/2024\/12\/EST2-885x1024.jpg\" alt=\"\" class=\"wp-image-14881145\" srcset=\"https:\/\/kapitalis.com\/tunisie\/wp-content\/uploads\/2024\/12\/EST2-885x1024.jpg 885w, https:\/\/kapitalis.com\/tunisie\/wp-content\/uploads\/2024\/12\/EST2-259x300.jpg 259w, https:\/\/kapitalis.com\/tunisie\/wp-content\/uploads\/2024\/12\/EST2-768x889.jpg 768w, https:\/\/kapitalis.com\/tunisie\/wp-content\/uploads\/2024\/12\/EST2-1328x1536.jpg 1328w, https:\/\/kapitalis.com\/tunisie\/wp-content\/uploads\/2024\/12\/EST2-580x671.jpg 580w, https:\/\/kapitalis.com\/tunisie\/wp-content\/uploads\/2024\/12\/EST2-860x995.jpg 860w, https:\/\/kapitalis.com\/tunisie\/wp-content\/uploads\/2024\/12\/EST2-1160x1342.jpg 1160w, https:\/\/kapitalis.com\/tunisie\/wp-content\/uploads\/2024\/12\/EST2.jpg 1770w\" sizes=\"auto, (max-width: 885px) 100vw, 885px\" \/><\/figure>\n\n\n\n<figure class=\"wp-block-image size-large\"><img loading=\"lazy\" decoding=\"async\" width=\"1024\" height=\"870\" data-id=\"14881147\" src=\"https:\/\/kapitalis.com\/tunisie\/wp-content\/uploads\/2024\/12\/EST1-1024x870.jpg\" alt=\"\" class=\"wp-image-14881147\" srcset=\"https:\/\/kapitalis.com\/tunisie\/wp-content\/uploads\/2024\/12\/EST1-1024x870.jpg 1024w, https:\/\/kapitalis.com\/tunisie\/wp-content\/uploads\/2024\/12\/EST1-300x255.jpg 300w, https:\/\/kapitalis.com\/tunisie\/wp-content\/uploads\/2024\/12\/EST1-768x652.jpg 768w, https:\/\/kapitalis.com\/tunisie\/wp-content\/uploads\/2024\/12\/EST1-1536x1304.jpg 1536w, https:\/\/kapitalis.com\/tunisie\/wp-content\/uploads\/2024\/12\/EST1-580x492.jpg 580w, https:\/\/kapitalis.com\/tunisie\/wp-content\/uploads\/2024\/12\/EST1-860x730.jpg 860w, https:\/\/kapitalis.com\/tunisie\/wp-content\/uploads\/2024\/12\/EST1-1160x985.jpg 1160w, https:\/\/kapitalis.com\/tunisie\/wp-content\/uploads\/2024\/12\/EST1.jpg 2048w\" sizes=\"auto, (max-width: 1024px) 100vw, 1024px\" \/><\/figure>\n\n\n\n<figure class=\"wp-block-image size-large\"><img loading=\"lazy\" decoding=\"async\" width=\"1024\" height=\"1002\" data-id=\"14881149\" src=\"https:\/\/kapitalis.com\/tunisie\/wp-content\/uploads\/2024\/12\/EST3-1024x1002.jpg\" alt=\"\" class=\"wp-image-14881149\" srcset=\"https:\/\/kapitalis.com\/tunisie\/wp-content\/uploads\/2024\/12\/EST3-1024x1002.jpg 1024w, https:\/\/kapitalis.com\/tunisie\/wp-content\/uploads\/2024\/12\/EST3-300x294.jpg 300w, https:\/\/kapitalis.com\/tunisie\/wp-content\/uploads\/2024\/12\/EST3-768x752.jpg 768w, https:\/\/kapitalis.com\/tunisie\/wp-content\/uploads\/2024\/12\/EST3-1536x1503.jpg 1536w, https:\/\/kapitalis.com\/tunisie\/wp-content\/uploads\/2024\/12\/EST3-580x568.jpg 580w, https:\/\/kapitalis.com\/tunisie\/wp-content\/uploads\/2024\/12\/EST3-860x842.jpg 860w, https:\/\/kapitalis.com\/tunisie\/wp-content\/uploads\/2024\/12\/EST3-1160x1135.jpg 1160w, https:\/\/kapitalis.com\/tunisie\/wp-content\/uploads\/2024\/12\/EST3.jpg 2048w\" sizes=\"auto, (max-width: 1024px) 100vw, 1024px\" \/><\/figure>\n<\/figure>\n\n\n\n<p>L&rsquo;Esp\u00e9rance qui dominait son adversaire a doubl\u00e9 la mise lors des arr\u00eats de jeu de la premi\u00e8re mi-temps :  apr\u00e8s une premi\u00e8re tentative de Rodrigues, Elias Mokwana parviendra \u00e0 inscrire le deuxi\u00e8me but avant la pause (45\u2019+3).<\/p>\n\n\n\n<p>A la seconde p\u00e9riode, les Sang et Or feront face \u00e0 quelques tentatives \u00e9gyptiennes maintenant leur d\u00e9fense solide et leur avantage jusqu\u2019au coup de sifflet final.<\/p>\n\n\n\n<p>Cette victoire enregistr\u00e9e au stade Hamadi Agrebi de Rad\u00e8s, permet \u00e0 l&rsquo;Esp\u00e9rance d&rsquo;\u00eatre en t\u00eate du groupe D.<\/p>\n\n\n\n<p class=\"has-text-align-right\"><strong>Y. N.<\/strong><\/p>\n","protected":false},"excerpt":{"rendered":"<p>L&rsquo;Esp\u00e9rance sportive de Tunis (EST) s&rsquo;est impos\u00e9e, dans la soir\u00e9e de ce samedi 14 d\u00e9cembre 2024, face au club \u00e9gyptien Pyramids FC sur le score de 2 buts \u00e0 z\u00e9ro.<\/p>\n","protected":false},"author":6,"featured_media":14881142,"comment_status":"open","ping_status":"open","sticky":false,"template":"","format":"standard","meta":{"footnotes":""},"categories":[999,2433],"tags":[346,98601,119563,19000,62643],"class_list":["post-14881103","post","type-post","status-publish","format-standard","has-post-thumbnail","hentry","category-sport","category-tunisie","tag-est","tag-groupe-d","tag-lesperance-de-tunis","tag-sang-et-or","tag-tunisie"],"yoast_head":"<!-- This site is optimized with the Yoast SEO plugin v26.6 - https:\/\/yoast.com\/wordpress\/plugins\/seo\/ -->\n<title>Ligue des Champions CAF : L&#039;Esp\u00e9rance de Tunis en t\u00eate du groupe D (Photos) - Kapitalis<\/title>\n<meta name=\"robots\" content=\"index, follow, max-snippet:-1, max-image-preview:large, max-video-preview:-1\" \/>\n<link rel=\"canonical\" href=\"https:\/\/kapitalis.com\/tunisie\/2024\/12\/15\/ligue-des-champions-caf-lesperance-de-tunis-en-tete-du-groupe-d-photos\/\" \/>\n<meta property=\"og:locale\" content=\"fr_FR\" \/>\n<meta property=\"og:type\" content=\"article\" \/>\n<meta property=\"og:title\" content=\"Ligue des Champions CAF : L&#039;Esp\u00e9rance de Tunis en t\u00eate du groupe D (Photos) - Kapitalis\" \/>\n<meta property=\"og:description\" content=\"L&rsquo;Esp\u00e9rance sportive de Tunis (EST) s&rsquo;est impos\u00e9e, dans la soir\u00e9e de ce samedi 14 d\u00e9cembre 2024, face au club \u00e9gyptien Pyramids FC sur le score de 2 buts \u00e0 z\u00e9ro.\" \/>\n<meta property=\"og:url\" content=\"https:\/\/kapitalis.com\/tunisie\/2024\/12\/15\/ligue-des-champions-caf-lesperance-de-tunis-en-tete-du-groupe-d-photos\/\" \/>\n<meta property=\"og:site_name\" content=\"Kapitalis\" \/>\n<meta property=\"article:publisher\" content=\"https:\/\/www.facebook.com\/KapitalisInfo\/\" \/>\n<meta property=\"article:published_time\" content=\"2024-12-14T23:28:46+00:00\" \/>\n<meta property=\"article:modified_time\" content=\"2024-12-14T23:30:57+00:00\" \/>\n<meta property=\"og:image\" content=\"https:\/\/kapitalis.com\/tunisie\/wp-content\/uploads\/2024\/12\/Esperance-de-Tunis-2-0.jpg\" \/>\n\t<meta property=\"og:image:width\" content=\"1200\" \/>\n\t<meta property=\"og:image:height\" content=\"630\" \/>\n\t<meta property=\"og:image:type\" content=\"image\/jpeg\" \/>\n<meta name=\"author\" content=\"Yusra NY\" \/>\n<meta name=\"twitter:card\" content=\"summary_large_image\" \/>\n<meta name=\"twitter:creator\" content=\"@KapitalisInfo\" \/>\n<meta name=\"twitter:site\" content=\"@KapitalisInfo\" \/>\n<meta name=\"twitter:label1\" content=\"\u00c9crit par\" \/>\n\t<meta name=\"twitter:data1\" content=\"Yusra NY\" \/>\n\t<meta name=\"twitter:label2\" content=\"Dur\u00e9e de lecture estim\u00e9e\" \/>\n\t<meta name=\"twitter:data2\" content=\"2 minutes\" \/>\n<script type=\"application\/ld+json\" class=\"yoast-schema-graph\">{\"@context\":\"https:\/\/schema.org\",\"@graph\":[{\"@type\":\"Article\",\"@id\":\"https:\/\/kapitalis.com\/tunisie\/2024\/12\/15\/ligue-des-champions-caf-lesperance-de-tunis-en-tete-du-groupe-d-photos\/#article\",\"isPartOf\":{\"@id\":\"https:\/\/kapitalis.com\/tunisie\/2024\/12\/15\/ligue-des-champions-caf-lesperance-de-tunis-en-tete-du-groupe-d-photos\/\"},\"author\":{\"name\":\"Yusra NY\",\"@id\":\"https:\/\/kapitalis.com\/tunisie\/#\/schema\/person\/74bbde0154d49d790a92aaeac5bc01d5\"},\"headline\":\"Ligue des Champions CAF : L&rsquo;Esp\u00e9rance de Tunis en t\u00eate du groupe D (Photos)\",\"datePublished\":\"2024-12-14T23:28:46+00:00\",\"dateModified\":\"2024-12-14T23:30:57+00:00\",\"mainEntityOfPage\":{\"@id\":\"https:\/\/kapitalis.com\/tunisie\/2024\/12\/15\/ligue-des-champions-caf-lesperance-de-tunis-en-tete-du-groupe-d-photos\/\"},\"wordCount\":178,\"commentCount\":0,\"publisher\":{\"@id\":\"https:\/\/kapitalis.com\/tunisie\/#organization\"},\"image\":{\"@id\":\"https:\/\/kapitalis.com\/tunisie\/2024\/12\/15\/ligue-des-champions-caf-lesperance-de-tunis-en-tete-du-groupe-d-photos\/#primaryimage\"},\"thumbnailUrl\":\"https:\/\/kapitalis.com\/tunisie\/wp-content\/uploads\/2024\/12\/Esperance-de-Tunis-2-0.jpg\",\"keywords\":[\"EST\",\"Groupe D\",\"L'Esp\u00e9rance de Tunis\",\"Sang et Or\",\"Tunisie\"],\"articleSection\":[\"SPORT\",\"Tunisie\"],\"inLanguage\":\"fr-FR\",\"potentialAction\":[{\"@type\":\"CommentAction\",\"name\":\"Comment\",\"target\":[\"https:\/\/kapitalis.com\/tunisie\/2024\/12\/15\/ligue-des-champions-caf-lesperance-de-tunis-en-tete-du-groupe-d-photos\/#respond\"]}]},{\"@type\":\"WebPage\",\"@id\":\"https:\/\/kapitalis.com\/tunisie\/2024\/12\/15\/ligue-des-champions-caf-lesperance-de-tunis-en-tete-du-groupe-d-photos\/\",\"url\":\"https:\/\/kapitalis.com\/tunisie\/2024\/12\/15\/ligue-des-champions-caf-lesperance-de-tunis-en-tete-du-groupe-d-photos\/\",\"name\":\"Ligue des Champions CAF : L'Esp\u00e9rance de Tunis en t\u00eate du groupe D (Photos) - Kapitalis\",\"isPartOf\":{\"@id\":\"https:\/\/kapitalis.com\/tunisie\/#website\"},\"primaryImageOfPage\":{\"@id\":\"https:\/\/kapitalis.com\/tunisie\/2024\/12\/15\/ligue-des-champions-caf-lesperance-de-tunis-en-tete-du-groupe-d-photos\/#primaryimage\"},\"image\":{\"@id\":\"https:\/\/kapitalis.com\/tunisie\/2024\/12\/15\/ligue-des-champions-caf-lesperance-de-tunis-en-tete-du-groupe-d-photos\/#primaryimage\"},\"thumbnailUrl\":\"https:\/\/kapitalis.com\/tunisie\/wp-content\/uploads\/2024\/12\/Esperance-de-Tunis-2-0.jpg\",\"datePublished\":\"2024-12-14T23:28:46+00:00\",\"dateModified\":\"2024-12-14T23:30:57+00:00\",\"breadcrumb\":{\"@id\":\"https:\/\/kapitalis.com\/tunisie\/2024\/12\/15\/ligue-des-champions-caf-lesperance-de-tunis-en-tete-du-groupe-d-photos\/#breadcrumb\"},\"inLanguage\":\"fr-FR\",\"potentialAction\":[{\"@type\":\"ReadAction\",\"target\":[\"https:\/\/kapitalis.com\/tunisie\/2024\/12\/15\/ligue-des-champions-caf-lesperance-de-tunis-en-tete-du-groupe-d-photos\/\"]}]},{\"@type\":\"ImageObject\",\"inLanguage\":\"fr-FR\",\"@id\":\"https:\/\/kapitalis.com\/tunisie\/2024\/12\/15\/ligue-des-champions-caf-lesperance-de-tunis-en-tete-du-groupe-d-photos\/#primaryimage\",\"url\":\"https:\/\/kapitalis.com\/tunisie\/wp-content\/uploads\/2024\/12\/Esperance-de-Tunis-2-0.jpg\",\"contentUrl\":\"https:\/\/kapitalis.com\/tunisie\/wp-content\/uploads\/2024\/12\/Esperance-de-Tunis-2-0.jpg\",\"width\":1200,\"height\":630},{\"@type\":\"BreadcrumbList\",\"@id\":\"https:\/\/kapitalis.com\/tunisie\/2024\/12\/15\/ligue-des-champions-caf-lesperance-de-tunis-en-tete-du-groupe-d-photos\/#breadcrumb\",\"itemListElement\":[{\"@type\":\"ListItem\",\"position\":1,\"name\":\"Accueil\",\"item\":\"https:\/\/kapitalis.com\/tunisie\/\"},{\"@type\":\"ListItem\",\"position\":2,\"name\":\"Ligue des Champions CAF : L&rsquo;Esp\u00e9rance de Tunis en t\u00eate du groupe D (Photos)\"}]},{\"@type\":\"WebSite\",\"@id\":\"https:\/\/kapitalis.com\/tunisie\/#website\",\"url\":\"https:\/\/kapitalis.com\/tunisie\/\",\"name\":\"Kapitalis\",\"description\":\"L&#039;actualit\u00e9 en Tunisie et dans le monde\",\"publisher\":{\"@id\":\"https:\/\/kapitalis.com\/tunisie\/#organization\"},\"potentialAction\":[{\"@type\":\"SearchAction\",\"target\":{\"@type\":\"EntryPoint\",\"urlTemplate\":\"https:\/\/kapitalis.com\/tunisie\/?s={search_term_string}\"},\"query-input\":{\"@type\":\"PropertyValueSpecification\",\"valueRequired\":true,\"valueName\":\"search_term_string\"}}],\"inLanguage\":\"fr-FR\"},{\"@type\":\"Organization\",\"@id\":\"https:\/\/kapitalis.com\/tunisie\/#organization\",\"name\":\"Kapitalis\",\"url\":\"https:\/\/kapitalis.com\/tunisie\/\",\"logo\":{\"@type\":\"ImageObject\",\"inLanguage\":\"fr-FR\",\"@id\":\"https:\/\/kapitalis.com\/tunisie\/#\/schema\/logo\/image\/\",\"url\":\"https:\/\/kapitalis.com\/tunisie\/wp-content\/uploads\/2022\/05\/Kapitalis-big-size.png\",\"contentUrl\":\"https:\/\/kapitalis.com\/tunisie\/wp-content\/uploads\/2022\/05\/Kapitalis-big-size.png\",\"width\":5000,\"height\":1500,\"caption\":\"Kapitalis\"},\"image\":{\"@id\":\"https:\/\/kapitalis.com\/tunisie\/#\/schema\/logo\/image\/\"},\"sameAs\":[\"https:\/\/www.facebook.com\/KapitalisInfo\/\",\"https:\/\/x.com\/KapitalisInfo\",\"https:\/\/www.youtube.com\/channel\/UC-yDYrHyfFBWWZaOw3FPg9Q\"]},{\"@type\":\"Person\",\"@id\":\"https:\/\/kapitalis.com\/tunisie\/#\/schema\/person\/74bbde0154d49d790a92aaeac5bc01d5\",\"name\":\"Yusra NY\",\"url\":\"https:\/\/kapitalis.com\/tunisie\/author\/yuza_adam\/\"}]}<\/script>\n<!-- \/ Yoast SEO plugin. -->","yoast_head_json":{"title":"Ligue des Champions CAF : L'Esp\u00e9rance de Tunis en t\u00eate du groupe D (Photos) - Kapitalis","robots":{"index":"index","follow":"follow","max-snippet":"max-snippet:-1","max-image-preview":"max-image-preview:large","max-video-preview":"max-video-preview:-1"},"canonical":"https:\/\/kapitalis.com\/tunisie\/2024\/12\/15\/ligue-des-champions-caf-lesperance-de-tunis-en-tete-du-groupe-d-photos\/","og_locale":"fr_FR","og_type":"article","og_title":"Ligue des Champions CAF : L'Esp\u00e9rance de Tunis en t\u00eate du groupe D (Photos) - Kapitalis","og_description":"L&rsquo;Esp\u00e9rance sportive de Tunis (EST) s&rsquo;est impos\u00e9e, dans la soir\u00e9e de ce samedi 14 d\u00e9cembre 2024, face au club \u00e9gyptien Pyramids FC sur le score de 2 buts \u00e0 z\u00e9ro.","og_url":"https:\/\/kapitalis.com\/tunisie\/2024\/12\/15\/ligue-des-champions-caf-lesperance-de-tunis-en-tete-du-groupe-d-photos\/","og_site_name":"Kapitalis","article_publisher":"https:\/\/www.facebook.com\/KapitalisInfo\/","article_published_time":"2024-12-14T23:28:46+00:00","article_modified_time":"2024-12-14T23:30:57+00:00","og_image":[{"width":1200,"height":630,"url":"https:\/\/kapitalis.com\/tunisie\/wp-content\/uploads\/2024\/12\/Esperance-de-Tunis-2-0.jpg","type":"image\/jpeg"}],"author":"Yusra NY","twitter_card":"summary_large_image","twitter_creator":"@KapitalisInfo","twitter_site":"@KapitalisInfo","twitter_misc":{"\u00c9crit par":"Yusra NY","Dur\u00e9e de lecture estim\u00e9e":"2 minutes"},"schema":{"@context":"https:\/\/schema.org","@graph":[{"@type":"Article","@id":"https:\/\/kapitalis.com\/tunisie\/2024\/12\/15\/ligue-des-champions-caf-lesperance-de-tunis-en-tete-du-groupe-d-photos\/#article","isPartOf":{"@id":"https:\/\/kapitalis.com\/tunisie\/2024\/12\/15\/ligue-des-champions-caf-lesperance-de-tunis-en-tete-du-groupe-d-photos\/"},"author":{"name":"Yusra NY","@id":"https:\/\/kapitalis.com\/tunisie\/#\/schema\/person\/74bbde0154d49d790a92aaeac5bc01d5"},"headline":"Ligue des Champions CAF : L&rsquo;Esp\u00e9rance de Tunis en t\u00eate du groupe D (Photos)","datePublished":"2024-12-14T23:28:46+00:00","dateModified":"2024-12-14T23:30:57+00:00","mainEntityOfPage":{"@id":"https:\/\/kapitalis.com\/tunisie\/2024\/12\/15\/ligue-des-champions-caf-lesperance-de-tunis-en-tete-du-groupe-d-photos\/"},"wordCount":178,"commentCount":0,"publisher":{"@id":"https:\/\/kapitalis.com\/tunisie\/#organization"},"image":{"@id":"https:\/\/kapitalis.com\/tunisie\/2024\/12\/15\/ligue-des-champions-caf-lesperance-de-tunis-en-tete-du-groupe-d-photos\/#primaryimage"},"thumbnailUrl":"https:\/\/kapitalis.com\/tunisie\/wp-content\/uploads\/2024\/12\/Esperance-de-Tunis-2-0.jpg","keywords":["EST","Groupe D","L'Esp\u00e9rance de Tunis","Sang et Or","Tunisie"],"articleSection":["SPORT","Tunisie"],"inLanguage":"fr-FR","potentialAction":[{"@type":"CommentAction","name":"Comment","target":["https:\/\/kapitalis.com\/tunisie\/2024\/12\/15\/ligue-des-champions-caf-lesperance-de-tunis-en-tete-du-groupe-d-photos\/#respond"]}]},{"@type":"WebPage","@id":"https:\/\/kapitalis.com\/tunisie\/2024\/12\/15\/ligue-des-champions-caf-lesperance-de-tunis-en-tete-du-groupe-d-photos\/","url":"https:\/\/kapitalis.com\/tunisie\/2024\/12\/15\/ligue-des-champions-caf-lesperance-de-tunis-en-tete-du-groupe-d-photos\/","name":"Ligue des Champions CAF : L'Esp\u00e9rance de Tunis en t\u00eate du groupe D (Photos) - Kapitalis","isPartOf":{"@id":"https:\/\/kapitalis.com\/tunisie\/#website"},"primaryImageOfPage":{"@id":"https:\/\/kapitalis.com\/tunisie\/2024\/12\/15\/ligue-des-champions-caf-lesperance-de-tunis-en-tete-du-groupe-d-photos\/#primaryimage"},"image":{"@id":"https:\/\/kapitalis.com\/tunisie\/2024\/12\/15\/ligue-des-champions-caf-lesperance-de-tunis-en-tete-du-groupe-d-photos\/#primaryimage"},"thumbnailUrl":"https:\/\/kapitalis.com\/tunisie\/wp-content\/uploads\/2024\/12\/Esperance-de-Tunis-2-0.jpg","datePublished":"2024-12-14T23:28:46+00:00","dateModified":"2024-12-14T23:30:57+00:00","breadcrumb":{"@id":"https:\/\/kapitalis.com\/tunisie\/2024\/12\/15\/ligue-des-champions-caf-lesperance-de-tunis-en-tete-du-groupe-d-photos\/#breadcrumb"},"inLanguage":"fr-FR","potentialAction":[{"@type":"ReadAction","target":["https:\/\/kapitalis.com\/tunisie\/2024\/12\/15\/ligue-des-champions-caf-lesperance-de-tunis-en-tete-du-groupe-d-photos\/"]}]},{"@type":"ImageObject","inLanguage":"fr-FR","@id":"https:\/\/kapitalis.com\/tunisie\/2024\/12\/15\/ligue-des-champions-caf-lesperance-de-tunis-en-tete-du-groupe-d-photos\/#primaryimage","url":"https:\/\/kapitalis.com\/tunisie\/wp-content\/uploads\/2024\/12\/Esperance-de-Tunis-2-0.jpg","contentUrl":"https:\/\/kapitalis.com\/tunisie\/wp-content\/uploads\/2024\/12\/Esperance-de-Tunis-2-0.jpg","width":1200,"height":630},{"@type":"BreadcrumbList","@id":"https:\/\/kapitalis.com\/tunisie\/2024\/12\/15\/ligue-des-champions-caf-lesperance-de-tunis-en-tete-du-groupe-d-photos\/#breadcrumb","itemListElement":[{"@type":"ListItem","position":1,"name":"Accueil","item":"https:\/\/kapitalis.com\/tunisie\/"},{"@type":"ListItem","position":2,"name":"Ligue des Champions CAF : L&rsquo;Esp\u00e9rance de Tunis en t\u00eate du groupe D (Photos)"}]},{"@type":"WebSite","@id":"https:\/\/kapitalis.com\/tunisie\/#website","url":"https:\/\/kapitalis.com\/tunisie\/","name":"Kapitalis","description":"L&#039;actualit\u00e9 en Tunisie et dans le monde","publisher":{"@id":"https:\/\/kapitalis.com\/tunisie\/#organization"},"potentialAction":[{"@type":"SearchAction","target":{"@type":"EntryPoint","urlTemplate":"https:\/\/kapitalis.com\/tunisie\/?s={search_term_string}"},"query-input":{"@type":"PropertyValueSpecification","valueRequired":true,"valueName":"search_term_string"}}],"inLanguage":"fr-FR"},{"@type":"Organization","@id":"https:\/\/kapitalis.com\/tunisie\/#organization","name":"Kapitalis","url":"https:\/\/kapitalis.com\/tunisie\/","logo":{"@type":"ImageObject","inLanguage":"fr-FR","@id":"https:\/\/kapitalis.com\/tunisie\/#\/schema\/logo\/image\/","url":"https:\/\/kapitalis.com\/tunisie\/wp-content\/uploads\/2022\/05\/Kapitalis-big-size.png","contentUrl":"https:\/\/kapitalis.com\/tunisie\/wp-content\/uploads\/2022\/05\/Kapitalis-big-size.png","width":5000,"height":1500,"caption":"Kapitalis"},"image":{"@id":"https:\/\/kapitalis.com\/tunisie\/#\/schema\/logo\/image\/"},"sameAs":["https:\/\/www.facebook.com\/KapitalisInfo\/","https:\/\/x.com\/KapitalisInfo","https:\/\/www.youtube.com\/channel\/UC-yDYrHyfFBWWZaOw3FPg9Q"]},{"@type":"Person","@id":"https:\/\/kapitalis.com\/tunisie\/#\/schema\/person\/74bbde0154d49d790a92aaeac5bc01d5","name":"Yusra NY","url":"https:\/\/kapitalis.com\/tunisie\/author\/yuza_adam\/"}]}},"_links":{"self":[{"href":"https:\/\/kapitalis.com\/tunisie\/wp-json\/wp\/v2\/posts\/14881103","targetHints":{"allow":["GET"]}}],"collection":[{"href":"https:\/\/kapitalis.com\/tunisie\/wp-json\/wp\/v2\/posts"}],"about":[{"href":"https:\/\/kapitalis.com\/tunisie\/wp-json\/wp\/v2\/types\/post"}],"author":[{"embeddable":true,"href":"https:\/\/kapitalis.com\/tunisie\/wp-json\/wp\/v2\/users\/6"}],"replies":[{"embeddable":true,"href":"https:\/\/kapitalis.com\/tunisie\/wp-json\/wp\/v2\/comments?post=14881103"}],"version-history":[{"count":3,"href":"https:\/\/kapitalis.com\/tunisie\/wp-json\/wp\/v2\/posts\/14881103\/revisions"}],"predecessor-version":[{"id":14881171,"href":"https:\/\/kapitalis.com\/tunisie\/wp-json\/wp\/v2\/posts\/14881103\/revisions\/14881171"}],"wp:featuredmedia":[{"embeddable":true,"href":"https:\/\/kapitalis.com\/tunisie\/wp-json\/wp\/v2\/media\/14881142"}],"wp:attachment":[{"href":"https:\/\/kapitalis.com\/tunisie\/wp-json\/wp\/v2\/media?parent=14881103"}],"wp:term":[{"taxonomy":"category","embeddable":true,"href":"https:\/\/kapitalis.com\/tunisie\/wp-json\/wp\/v2\/categories?post=14881103"},{"taxonomy":"post_tag","embeddable":true,"href":"https:\/\/kapitalis.com\/tunisie\/wp-json\/wp\/v2\/tags?post=14881103"}],"curies":[{"name":"wp","href":"https:\/\/api.w.org\/{rel}","templated":true}]}}