{"id":14894,"date":"2015-09-18T16:10:26","date_gmt":"2015-09-18T15:10:26","guid":{"rendered":"http:\/\/kapitalis.com\/tunisie\/?p=14894"},"modified":"2015-09-20T10:34:15","modified_gmt":"2015-09-20T09:34:15","slug":"deces-dun-2e-pelerin-tunisien-a-la-mecque","status":"publish","type":"post","link":"https:\/\/kapitalis.com\/tunisie\/2015\/09\/18\/deces-dun-2e-pelerin-tunisien-a-la-mecque\/","title":{"rendered":"D\u00e9c\u00e8s d\u2019un 2e p\u00e8lerin tunisien \u00e0 la Mecque"},"content":{"rendered":"<p><img loading=\"lazy\" decoding=\"async\" class=\"alignnone size-full wp-image-10660 aligncenter\" src=\"http:\/\/kapitalis.com\/tunisie\/wp-content\/uploads\/2015\/08\/P\u00e8lerinage_Mecque.jpeg\" alt=\"P\u00e8lerinage_Mecque\" width=\"626\" height=\"380\" \/><\/p>\n<p><em><strong>Un p\u00e8lerin tunisien est d\u00e9c\u00e9d\u00e9, hier, apr\u00e8s 6 jours d\u2019hospitalisation dans un h\u00f4pital de la Mecque en Arabie Saoudite.<\/strong> <\/em><br \/>\n<!--more--><\/p>\n<p>Le minist\u00e8re de la Sant\u00e9, qui a annonc\u00e9 ce d\u00e9c\u00e8s, n\u2019a pas d\u00e9voil\u00e9 l&rsquo;identit\u00e9 du hajj, mais a pr\u00e9cis\u00e9 qu\u2019il \u00e9tait malade avant son arriv\u00e9 \u00e0 la Mecque.<\/p>\n<p>Le minist\u00e8re a aussi indiqu\u00e9 que la d\u00e9l\u00e9gation m\u00e9dicale a effectu\u00e9 4000 visites, essentiellement pour des rhumes et des \u00e9tats de fatigue.<\/p>\n<p>Le 7 septembre dernier, Ayadia Ardhaoui Ben Youssef, une p\u00e8lerine de 82 ans, originaire de Mareth, gouvernorat de Gab\u00e8s, avait succomb\u00e9 \u00e0 un arr\u00eat cardiaque sans avoir eu le temps d\u2019effectuer son p\u00e8lerinage.<\/p>\n<p>Une d\u00e9l\u00e9gation m\u00e9dicale de 76 personnes, relevant du minist\u00e8re de la Sant\u00e9, accompagne les 8.750 Tunisiens et Tunisiennes pendant leur s\u00e9jour dans les terres saintes.<\/p>\n<p style=\"text-align: right;\"><strong>Y. N.<\/strong><\/p>\n","protected":false},"excerpt":{"rendered":"<p>Un p\u00e8lerin tunisien est d\u00e9c\u00e9d\u00e9, hier, apr\u00e8s 6 jours d\u2019hospitalisation dans un h\u00f4pital de la Mecque en Arabie Saoudite.<\/p>\n","protected":false},"author":11,"featured_media":0,"comment_status":"open","ping_status":"open","sticky":false,"template":"","format":"standard","meta":{"footnotes":""},"categories":[998,2433],"tags":[2638,4564,618],"class_list":["post-14894","post","type-post","status-publish","format-standard","hentry","category-societe","category-tunisie","tag-arabie-saoudite","tag-mecque","tag-ministere-sante"],"yoast_head":"<!-- This site is optimized with the Yoast SEO plugin v26.6 - https:\/\/yoast.com\/wordpress\/plugins\/seo\/ -->\n<title>D\u00e9c\u00e8s d\u2019un 2e p\u00e8lerin tunisien \u00e0 la Mecque - Kapitalis<\/title>\n<meta name=\"robots\" content=\"index, follow, max-snippet:-1, max-image-preview:large, max-video-preview:-1\" \/>\n<link rel=\"canonical\" href=\"https:\/\/kapitalis.com\/tunisie\/2015\/09\/18\/deces-dun-2e-pelerin-tunisien-a-la-mecque\/\" \/>\n<meta property=\"og:locale\" content=\"fr_FR\" \/>\n<meta property=\"og:type\" content=\"article\" \/>\n<meta property=\"og:title\" content=\"D\u00e9c\u00e8s d\u2019un 2e p\u00e8lerin tunisien \u00e0 la Mecque - Kapitalis\" \/>\n<meta property=\"og:description\" content=\"Un p\u00e8lerin tunisien est d\u00e9c\u00e9d\u00e9, hier, apr\u00e8s 6 jours d\u2019hospitalisation dans un h\u00f4pital de la Mecque en Arabie Saoudite.\" \/>\n<meta property=\"og:url\" content=\"https:\/\/kapitalis.com\/tunisie\/2015\/09\/18\/deces-dun-2e-pelerin-tunisien-a-la-mecque\/\" \/>\n<meta property=\"og:site_name\" content=\"Kapitalis\" \/>\n<meta property=\"article:publisher\" content=\"https:\/\/www.facebook.com\/KapitalisInfo\/\" \/>\n<meta property=\"article:published_time\" content=\"2015-09-18T15:10:26+00:00\" \/>\n<meta property=\"article:modified_time\" content=\"2015-09-20T09:34:15+00:00\" \/>\n<meta property=\"og:image\" content=\"https:\/\/kapitalis.com\/tunisie\/wp-content\/uploads\/2022\/05\/kapitalis-logo-fb.png\" \/>\n\t<meta property=\"og:image:width\" content=\"1200\" \/>\n\t<meta property=\"og:image:height\" content=\"630\" \/>\n\t<meta property=\"og:image:type\" content=\"image\/png\" \/>\n<meta name=\"author\" content=\"benmansour3 benmansour\" \/>\n<meta name=\"twitter:card\" content=\"summary_large_image\" \/>\n<meta name=\"twitter:creator\" content=\"@KapitalisInfo\" \/>\n<meta name=\"twitter:site\" content=\"@KapitalisInfo\" \/>\n<meta name=\"twitter:label1\" content=\"\u00c9crit par\" \/>\n\t<meta name=\"twitter:data1\" content=\"benmansour3 benmansour\" \/>\n\t<meta name=\"twitter:label2\" content=\"Dur\u00e9e de lecture estim\u00e9e\" \/>\n\t<meta name=\"twitter:data2\" content=\"1 minute\" \/>\n<script type=\"application\/ld+json\" class=\"yoast-schema-graph\">{\"@context\":\"https:\/\/schema.org\",\"@graph\":[{\"@type\":\"Article\",\"@id\":\"https:\/\/kapitalis.com\/tunisie\/2015\/09\/18\/deces-dun-2e-pelerin-tunisien-a-la-mecque\/#article\",\"isPartOf\":{\"@id\":\"https:\/\/kapitalis.com\/tunisie\/2015\/09\/18\/deces-dun-2e-pelerin-tunisien-a-la-mecque\/\"},\"author\":{\"name\":\"benmansour3 benmansour\",\"@id\":\"https:\/\/kapitalis.com\/tunisie\/#\/schema\/person\/035372e645ad321edc01006468cd4c8b\"},\"headline\":\"D\u00e9c\u00e8s d\u2019un 2e p\u00e8lerin tunisien \u00e0 la Mecque\",\"datePublished\":\"2015-09-18T15:10:26+00:00\",\"dateModified\":\"2015-09-20T09:34:15+00:00\",\"mainEntityOfPage\":{\"@id\":\"https:\/\/kapitalis.com\/tunisie\/2015\/09\/18\/deces-dun-2e-pelerin-tunisien-a-la-mecque\/\"},\"wordCount\":159,\"commentCount\":0,\"publisher\":{\"@id\":\"https:\/\/kapitalis.com\/tunisie\/#organization\"},\"keywords\":[\"Arabie saoudite\",\"Mecque\",\"minist\u00e8re Sant\u00e9\"],\"articleSection\":[\"SOCIETE\",\"Tunisie\"],\"inLanguage\":\"fr-FR\",\"potentialAction\":[{\"@type\":\"CommentAction\",\"name\":\"Comment\",\"target\":[\"https:\/\/kapitalis.com\/tunisie\/2015\/09\/18\/deces-dun-2e-pelerin-tunisien-a-la-mecque\/#respond\"]}]},{\"@type\":\"WebPage\",\"@id\":\"https:\/\/kapitalis.com\/tunisie\/2015\/09\/18\/deces-dun-2e-pelerin-tunisien-a-la-mecque\/\",\"url\":\"https:\/\/kapitalis.com\/tunisie\/2015\/09\/18\/deces-dun-2e-pelerin-tunisien-a-la-mecque\/\",\"name\":\"D\u00e9c\u00e8s d\u2019un 2e p\u00e8lerin tunisien \u00e0 la Mecque - Kapitalis\",\"isPartOf\":{\"@id\":\"https:\/\/kapitalis.com\/tunisie\/#website\"},\"datePublished\":\"2015-09-18T15:10:26+00:00\",\"dateModified\":\"2015-09-20T09:34:15+00:00\",\"breadcrumb\":{\"@id\":\"https:\/\/kapitalis.com\/tunisie\/2015\/09\/18\/deces-dun-2e-pelerin-tunisien-a-la-mecque\/#breadcrumb\"},\"inLanguage\":\"fr-FR\",\"potentialAction\":[{\"@type\":\"ReadAction\",\"target\":[\"https:\/\/kapitalis.com\/tunisie\/2015\/09\/18\/deces-dun-2e-pelerin-tunisien-a-la-mecque\/\"]}]},{\"@type\":\"BreadcrumbList\",\"@id\":\"https:\/\/kapitalis.com\/tunisie\/2015\/09\/18\/deces-dun-2e-pelerin-tunisien-a-la-mecque\/#breadcrumb\",\"itemListElement\":[{\"@type\":\"ListItem\",\"position\":1,\"name\":\"Accueil\",\"item\":\"https:\/\/kapitalis.com\/tunisie\/\"},{\"@type\":\"ListItem\",\"position\":2,\"name\":\"D\u00e9c\u00e8s d\u2019un 2e p\u00e8lerin tunisien \u00e0 la Mecque\"}]},{\"@type\":\"WebSite\",\"@id\":\"https:\/\/kapitalis.com\/tunisie\/#website\",\"url\":\"https:\/\/kapitalis.com\/tunisie\/\",\"name\":\"Kapitalis\",\"description\":\"L&#039;actualit\u00e9 en Tunisie et dans le monde\",\"publisher\":{\"@id\":\"https:\/\/kapitalis.com\/tunisie\/#organization\"},\"potentialAction\":[{\"@type\":\"SearchAction\",\"target\":{\"@type\":\"EntryPoint\",\"urlTemplate\":\"https:\/\/kapitalis.com\/tunisie\/?s={search_term_string}\"},\"query-input\":{\"@type\":\"PropertyValueSpecification\",\"valueRequired\":true,\"valueName\":\"search_term_string\"}}],\"inLanguage\":\"fr-FR\"},{\"@type\":\"Organization\",\"@id\":\"https:\/\/kapitalis.com\/tunisie\/#organization\",\"name\":\"Kapitalis\",\"url\":\"https:\/\/kapitalis.com\/tunisie\/\",\"logo\":{\"@type\":\"ImageObject\",\"inLanguage\":\"fr-FR\",\"@id\":\"https:\/\/kapitalis.com\/tunisie\/#\/schema\/logo\/image\/\",\"url\":\"https:\/\/kapitalis.com\/tunisie\/wp-content\/uploads\/2022\/05\/Kapitalis-big-size.png\",\"contentUrl\":\"https:\/\/kapitalis.com\/tunisie\/wp-content\/uploads\/2022\/05\/Kapitalis-big-size.png\",\"width\":5000,\"height\":1500,\"caption\":\"Kapitalis\"},\"image\":{\"@id\":\"https:\/\/kapitalis.com\/tunisie\/#\/schema\/logo\/image\/\"},\"sameAs\":[\"https:\/\/www.facebook.com\/KapitalisInfo\/\",\"https:\/\/x.com\/KapitalisInfo\",\"https:\/\/www.youtube.com\/channel\/UC-yDYrHyfFBWWZaOw3FPg9Q\"]},{\"@type\":\"Person\",\"@id\":\"https:\/\/kapitalis.com\/tunisie\/#\/schema\/person\/035372e645ad321edc01006468cd4c8b\",\"name\":\"benmansour3 benmansour\",\"url\":\"https:\/\/kapitalis.com\/tunisie\/author\/benmansour3\/\"}]}<\/script>\n<!-- \/ Yoast SEO plugin. -->","yoast_head_json":{"title":"D\u00e9c\u00e8s d\u2019un 2e p\u00e8lerin tunisien \u00e0 la Mecque - Kapitalis","robots":{"index":"index","follow":"follow","max-snippet":"max-snippet:-1","max-image-preview":"max-image-preview:large","max-video-preview":"max-video-preview:-1"},"canonical":"https:\/\/kapitalis.com\/tunisie\/2015\/09\/18\/deces-dun-2e-pelerin-tunisien-a-la-mecque\/","og_locale":"fr_FR","og_type":"article","og_title":"D\u00e9c\u00e8s d\u2019un 2e p\u00e8lerin tunisien \u00e0 la Mecque - Kapitalis","og_description":"Un p\u00e8lerin tunisien est d\u00e9c\u00e9d\u00e9, hier, apr\u00e8s 6 jours d\u2019hospitalisation dans un h\u00f4pital de la Mecque en Arabie Saoudite.","og_url":"https:\/\/kapitalis.com\/tunisie\/2015\/09\/18\/deces-dun-2e-pelerin-tunisien-a-la-mecque\/","og_site_name":"Kapitalis","article_publisher":"https:\/\/www.facebook.com\/KapitalisInfo\/","article_published_time":"2015-09-18T15:10:26+00:00","article_modified_time":"2015-09-20T09:34:15+00:00","og_image":[{"width":1200,"height":630,"url":"https:\/\/kapitalis.com\/tunisie\/wp-content\/uploads\/2022\/05\/kapitalis-logo-fb.png","type":"image\/png"}],"author":"benmansour3 benmansour","twitter_card":"summary_large_image","twitter_creator":"@KapitalisInfo","twitter_site":"@KapitalisInfo","twitter_misc":{"\u00c9crit par":"benmansour3 benmansour","Dur\u00e9e de lecture estim\u00e9e":"1 minute"},"schema":{"@context":"https:\/\/schema.org","@graph":[{"@type":"Article","@id":"https:\/\/kapitalis.com\/tunisie\/2015\/09\/18\/deces-dun-2e-pelerin-tunisien-a-la-mecque\/#article","isPartOf":{"@id":"https:\/\/kapitalis.com\/tunisie\/2015\/09\/18\/deces-dun-2e-pelerin-tunisien-a-la-mecque\/"},"author":{"name":"benmansour3 benmansour","@id":"https:\/\/kapitalis.com\/tunisie\/#\/schema\/person\/035372e645ad321edc01006468cd4c8b"},"headline":"D\u00e9c\u00e8s d\u2019un 2e p\u00e8lerin tunisien \u00e0 la Mecque","datePublished":"2015-09-18T15:10:26+00:00","dateModified":"2015-09-20T09:34:15+00:00","mainEntityOfPage":{"@id":"https:\/\/kapitalis.com\/tunisie\/2015\/09\/18\/deces-dun-2e-pelerin-tunisien-a-la-mecque\/"},"wordCount":159,"commentCount":0,"publisher":{"@id":"https:\/\/kapitalis.com\/tunisie\/#organization"},"keywords":["Arabie saoudite","Mecque","minist\u00e8re Sant\u00e9"],"articleSection":["SOCIETE","Tunisie"],"inLanguage":"fr-FR","potentialAction":[{"@type":"CommentAction","name":"Comment","target":["https:\/\/kapitalis.com\/tunisie\/2015\/09\/18\/deces-dun-2e-pelerin-tunisien-a-la-mecque\/#respond"]}]},{"@type":"WebPage","@id":"https:\/\/kapitalis.com\/tunisie\/2015\/09\/18\/deces-dun-2e-pelerin-tunisien-a-la-mecque\/","url":"https:\/\/kapitalis.com\/tunisie\/2015\/09\/18\/deces-dun-2e-pelerin-tunisien-a-la-mecque\/","name":"D\u00e9c\u00e8s d\u2019un 2e p\u00e8lerin tunisien \u00e0 la Mecque - Kapitalis","isPartOf":{"@id":"https:\/\/kapitalis.com\/tunisie\/#website"},"datePublished":"2015-09-18T15:10:26+00:00","dateModified":"2015-09-20T09:34:15+00:00","breadcrumb":{"@id":"https:\/\/kapitalis.com\/tunisie\/2015\/09\/18\/deces-dun-2e-pelerin-tunisien-a-la-mecque\/#breadcrumb"},"inLanguage":"fr-FR","potentialAction":[{"@type":"ReadAction","target":["https:\/\/kapitalis.com\/tunisie\/2015\/09\/18\/deces-dun-2e-pelerin-tunisien-a-la-mecque\/"]}]},{"@type":"BreadcrumbList","@id":"https:\/\/kapitalis.com\/tunisie\/2015\/09\/18\/deces-dun-2e-pelerin-tunisien-a-la-mecque\/#breadcrumb","itemListElement":[{"@type":"ListItem","position":1,"name":"Accueil","item":"https:\/\/kapitalis.com\/tunisie\/"},{"@type":"ListItem","position":2,"name":"D\u00e9c\u00e8s d\u2019un 2e p\u00e8lerin tunisien \u00e0 la Mecque"}]},{"@type":"WebSite","@id":"https:\/\/kapitalis.com\/tunisie\/#website","url":"https:\/\/kapitalis.com\/tunisie\/","name":"Kapitalis","description":"L&#039;actualit\u00e9 en Tunisie et dans le monde","publisher":{"@id":"https:\/\/kapitalis.com\/tunisie\/#organization"},"potentialAction":[{"@type":"SearchAction","target":{"@type":"EntryPoint","urlTemplate":"https:\/\/kapitalis.com\/tunisie\/?s={search_term_string}"},"query-input":{"@type":"PropertyValueSpecification","valueRequired":true,"valueName":"search_term_string"}}],"inLanguage":"fr-FR"},{"@type":"Organization","@id":"https:\/\/kapitalis.com\/tunisie\/#organization","name":"Kapitalis","url":"https:\/\/kapitalis.com\/tunisie\/","logo":{"@type":"ImageObject","inLanguage":"fr-FR","@id":"https:\/\/kapitalis.com\/tunisie\/#\/schema\/logo\/image\/","url":"https:\/\/kapitalis.com\/tunisie\/wp-content\/uploads\/2022\/05\/Kapitalis-big-size.png","contentUrl":"https:\/\/kapitalis.com\/tunisie\/wp-content\/uploads\/2022\/05\/Kapitalis-big-size.png","width":5000,"height":1500,"caption":"Kapitalis"},"image":{"@id":"https:\/\/kapitalis.com\/tunisie\/#\/schema\/logo\/image\/"},"sameAs":["https:\/\/www.facebook.com\/KapitalisInfo\/","https:\/\/x.com\/KapitalisInfo","https:\/\/www.youtube.com\/channel\/UC-yDYrHyfFBWWZaOw3FPg9Q"]},{"@type":"Person","@id":"https:\/\/kapitalis.com\/tunisie\/#\/schema\/person\/035372e645ad321edc01006468cd4c8b","name":"benmansour3 benmansour","url":"https:\/\/kapitalis.com\/tunisie\/author\/benmansour3\/"}]}},"_links":{"self":[{"href":"https:\/\/kapitalis.com\/tunisie\/wp-json\/wp\/v2\/posts\/14894","targetHints":{"allow":["GET"]}}],"collection":[{"href":"https:\/\/kapitalis.com\/tunisie\/wp-json\/wp\/v2\/posts"}],"about":[{"href":"https:\/\/kapitalis.com\/tunisie\/wp-json\/wp\/v2\/types\/post"}],"author":[{"embeddable":true,"href":"https:\/\/kapitalis.com\/tunisie\/wp-json\/wp\/v2\/users\/11"}],"replies":[{"embeddable":true,"href":"https:\/\/kapitalis.com\/tunisie\/wp-json\/wp\/v2\/comments?post=14894"}],"version-history":[{"count":0,"href":"https:\/\/kapitalis.com\/tunisie\/wp-json\/wp\/v2\/posts\/14894\/revisions"}],"wp:attachment":[{"href":"https:\/\/kapitalis.com\/tunisie\/wp-json\/wp\/v2\/media?parent=14894"}],"wp:term":[{"taxonomy":"category","embeddable":true,"href":"https:\/\/kapitalis.com\/tunisie\/wp-json\/wp\/v2\/categories?post=14894"},{"taxonomy":"post_tag","embeddable":true,"href":"https:\/\/kapitalis.com\/tunisie\/wp-json\/wp\/v2\/tags?post=14894"}],"curies":[{"name":"wp","href":"https:\/\/api.w.org\/{rel}","templated":true}]}}