{"id":14898212,"date":"2024-12-16T14:01:08","date_gmt":"2024-12-16T13:01:08","guid":{"rendered":"https:\/\/kapitalis.com\/tunisie\/?p=14898212"},"modified":"2024-12-16T14:01:09","modified_gmt":"2024-12-16T13:01:09","slug":"la-france-accusee-de-complot-visant-a-destabiliser-lalgerie","status":"publish","type":"post","link":"https:\/\/kapitalis.com\/tunisie\/2024\/12\/16\/la-france-accusee-de-complot-visant-a-destabiliser-lalgerie\/","title":{"rendered":"La France accus\u00e9e de complot visant \u00e0 d\u00e9stabiliser l\u2019Alg\u00e9rie"},"content":{"rendered":"\n<p><strong><em><strong><em>Le torchon br\u00fble \u00e0 nouveau entre l\u2019Alg\u00e9rie et la France apr\u00e8s la convocation de l\u2019ambassadeur fran\u00e7ais \u00e0 Alger, qui accuse Paris d\u2019avoir ourdi un complot visant \u00e0 \u00abd\u00e9stabiliser\u00bb l\u2019Alg\u00e9rie.<\/em><\/strong><\/em><\/strong><\/p>\n\n\n\n<!--more-->\n\n\n\n<p>Les relations entre les deux pays n\u2019ont jamais \u00e9t\u00e9 bonnes et ont toujours \u00e9t\u00e9 marqu\u00e9es par des malentendus et des incompr\u00e9hensions r\u00e9ciproques,&nbsp; la gestion du pass\u00e9 colonial \u00e9tant rest\u00e9e la pierre d\u2019achoppement sur laquelle a souvent but\u00e9 sur les tentatives de d\u00e9crispation men\u00e9es d\u2019un c\u00f4t\u00e9 ou de l\u2019autre.&nbsp;&nbsp;<\/p>\n\n\n\n<p>Nouvelle escalade lorsque l\u2019ambassadeur de France en Alg\u00e9rie, St\u00e9phane Romatet,&nbsp;a \u00e9t\u00e9 convoqu\u00e9, le 15 d\u00e9cembre 2024, par le minist\u00e8re des Affaires \u00e9trang\u00e8res&nbsp;qui lui a soumis une longue liste de griefs. Parmi ceux-ci figure l\u2019accusation, jug\u00e9e \u00e0 Paris&nbsp;<em>\u00ababracadabrante\u00bb<\/em>&nbsp;et&nbsp;<em>\u00abfantasmagorique\u00bb<\/em>, d\u2019une op\u00e9ration clandestine mont\u00e9e par les services de la direction g\u00e9n\u00e9rale de la s\u00e9curit\u00e9 ext\u00e9rieure (DGSE) visant, selon la presse alg\u00e9rienne, \u00e0&nbsp;<em>\u00abrecruter\u00bb<\/em>&nbsp;des terroristes alg\u00e9riens repentis dans le but de&nbsp;<em>\u00abd\u00e9stabiliser\u00bb<\/em>&nbsp;l\u2019Alg\u00e9rie. Selon cette information, qui a \u00e9t\u00e9 fruit\u00e9e hier, dimanche 15 d\u00e9cembre par des m\u00e9dias alg\u00e9riens proches du r\u00e9gime, le secr\u00e9taire g\u00e9n\u00e9ral du minist\u00e8re des Affaires \u00e9trang\u00e8res a \u00e9num\u00e9r\u00e9 devant M.&nbsp;Romatet ce qu\u2019il consid\u00e8re comme des atteintes \u00e0 la <em>\u00absouverainet\u00e9 alg\u00e9rienne\u00bb <\/em>commises par la France, notamment un complot de la DGSE, le service de renseignement fran\u00e7ais, &nbsp;visant \u00e0 <em>\u00abd\u00e9stabiliser\u00bb<\/em> l\u2019Alg\u00e9rie, le <em>\u00abclimat de haine\u00bb<\/em> entretenu contre l\u2019Alg\u00e9rie dans les m\u00e9dias fran\u00e7ais, le r\u00f4le de l\u2019ambassade fran\u00e7aise \u00e0 Alger qui re\u00e7oit des personnes \u00ab<em>connues pour leur hostilit\u00e9 au gouvernement<\/em>\u00bb, etc. L\u2019officiel alg\u00e9rien a aussi exig\u00e9 que ces actions hostiles <em>\u00abcessent\u00bb<\/em> sous peine d\u2019obliger l\u2019Alg\u00e9rie \u00e0 <em>\u00abriposter\u00bb.<\/em> <em>\u00abR\u00e9solue \u00e0 pr\u00e9server sa dignit\u00e9, l\u2019Alg\u00e9rie prendra toutes les mesures qui s\u2019imposent, pour faire face \u00e0 ces tentatives d\u2019ing\u00e9rence\u00bb<\/em>, a \u00e9crit hier <em>El Moudjahid.<\/em><\/p>\n\n\n\n<p>Rappelons que la crise bilat\u00e9rale ouverte a \u00e9t\u00e9 aggrav\u00e9e par le revirement de Paris sur le dossier du Sahara occidental. En effet, le 30\u00a0juillet,\u00a0Emmanuel Macron avait adress\u00e9 un courrier au roi Mohammed VI\u00a0l\u2019informant que la France reconnaissait d\u00e9sormais la\u00a0<em>\u00absouverainet\u00e9 marocaine\u00bb<\/em>\u00a0sur l\u2019ancienne colonie espagnole que se disputent depuis 1976\u00a0le royaume ch\u00e9rifien et les ind\u00e9pendantistes sahraouis du Front Polisario, soutenus par Alger. Trois mois plus tard, M.\u00a0Macron avait solennellement r\u00e9it\u00e9r\u00e9, lors de sa visite d\u2019Etat fin octobre \u00e0 Rabat, ce revirement de Paris, tout en sachant ses implications strat\u00e9giques r\u00e9gionales et ses cons\u00e9quences pr\u00e9visibles sur les relations entre la France et l\u2019Alg\u00e9rie.<\/p>\n\n\n\n<p class=\"has-text-align-right\"><strong>I. B.<\/strong><\/p>\n\n\n\n<figure class=\"wp-block-embed is-type-wp-embed is-provider-kapitalis wp-block-embed-kapitalis\"><div class=\"wp-block-embed__wrapper\">\n<blockquote class=\"wp-embedded-content\" data-secret=\"b595CWo2GL\"><a href=\"https:\/\/kapitalis.com\/tunisie\/2024\/12\/16\/les-algeriens-soudes-face-aux-assauts-hostiles\/\">Les Alg\u00e9riens soud\u00e9s face aux assauts hostiles<\/a><\/blockquote><iframe loading=\"lazy\" class=\"wp-embedded-content\" sandbox=\"allow-scripts\" security=\"restricted\" style=\"position: absolute; visibility: hidden;\" title=\"\u00ab\u00a0Les Alg\u00e9riens soud\u00e9s face aux assauts hostiles\u00a0\u00bb &#8212; Kapitalis\" src=\"https:\/\/kapitalis.com\/tunisie\/2024\/12\/16\/les-algeriens-soudes-face-aux-assauts-hostiles\/embed\/#?secret=eRLQ3cu8Cl#?secret=b595CWo2GL\" data-secret=\"b595CWo2GL\" width=\"600\" height=\"338\" frameborder=\"0\" marginwidth=\"0\" marginheight=\"0\" scrolling=\"no\"><\/iframe>\n<\/div><\/figure>\n\n\n\n<p>&nbsp;<\/p>\n","protected":false},"excerpt":{"rendered":"<p>Le torchon br\u00fble \u00e0 nouveau entre l\u2019Alg\u00e9rie et la France apr\u00e8s la convocation de l\u2019ambassadeur fran\u00e7ais \u00e0 Alger. <\/p>\n","protected":false},"author":8,"featured_media":14898613,"comment_status":"open","ping_status":"open","sticky":false,"template":"","format":"standard","meta":{"footnotes":""},"categories":[997,2433],"tags":[64,106709,119589,19579,395,102381,577,78852,119588],"class_list":["post-14898212","post","type-post","status-publish","format-standard","has-post-thumbnail","hentry","category-politique","category-tunisie","tag-algerie","tag-complot","tag-dgse","tag-emmanuel-macron","tag-france","tag-front-polisario","tag-maroc","tag-sahara-occidental","tag-stephane-romatet"],"yoast_head":"<!-- This site is optimized with the Yoast SEO plugin v26.6 - https:\/\/yoast.com\/wordpress\/plugins\/seo\/ -->\n<title>La France accus\u00e9e de complot visant \u00e0 d\u00e9stabiliser l\u2019Alg\u00e9rie - Kapitalis<\/title>\n<meta name=\"robots\" content=\"index, follow, max-snippet:-1, max-image-preview:large, max-video-preview:-1\" \/>\n<link rel=\"canonical\" href=\"https:\/\/kapitalis.com\/tunisie\/2024\/12\/16\/la-france-accusee-de-complot-visant-a-destabiliser-lalgerie\/\" \/>\n<meta property=\"og:locale\" content=\"fr_FR\" \/>\n<meta property=\"og:type\" content=\"article\" \/>\n<meta property=\"og:title\" content=\"La France accus\u00e9e de complot visant \u00e0 d\u00e9stabiliser l\u2019Alg\u00e9rie - Kapitalis\" \/>\n<meta property=\"og:description\" content=\"Le torchon br\u00fble \u00e0 nouveau entre l\u2019Alg\u00e9rie et la France apr\u00e8s la convocation de l\u2019ambassadeur fran\u00e7ais \u00e0 Alger.\" \/>\n<meta property=\"og:url\" content=\"https:\/\/kapitalis.com\/tunisie\/2024\/12\/16\/la-france-accusee-de-complot-visant-a-destabiliser-lalgerie\/\" \/>\n<meta property=\"og:site_name\" content=\"Kapitalis\" \/>\n<meta property=\"article:publisher\" content=\"https:\/\/www.facebook.com\/KapitalisInfo\/\" \/>\n<meta property=\"article:published_time\" content=\"2024-12-16T13:01:08+00:00\" \/>\n<meta property=\"article:modified_time\" content=\"2024-12-16T13:01:09+00:00\" \/>\n<meta property=\"og:image\" content=\"https:\/\/kapitalis.com\/tunisie\/wp-content\/uploads\/2024\/12\/France-Algerie.jpg\" \/>\n\t<meta property=\"og:image:width\" content=\"1200\" \/>\n\t<meta property=\"og:image:height\" content=\"630\" \/>\n\t<meta property=\"og:image:type\" content=\"image\/jpeg\" \/>\n<meta name=\"author\" content=\"webmaster kapitalis\" \/>\n<meta name=\"twitter:card\" content=\"summary_large_image\" \/>\n<meta name=\"twitter:creator\" content=\"@KapitalisInfo\" \/>\n<meta name=\"twitter:site\" content=\"@KapitalisInfo\" \/>\n<meta name=\"twitter:label1\" content=\"\u00c9crit par\" \/>\n\t<meta name=\"twitter:data1\" content=\"webmaster kapitalis\" \/>\n\t<meta name=\"twitter:label2\" content=\"Dur\u00e9e de lecture estim\u00e9e\" \/>\n\t<meta name=\"twitter:data2\" content=\"3 minutes\" \/>\n<script type=\"application\/ld+json\" class=\"yoast-schema-graph\">{\"@context\":\"https:\/\/schema.org\",\"@graph\":[{\"@type\":\"Article\",\"@id\":\"https:\/\/kapitalis.com\/tunisie\/2024\/12\/16\/la-france-accusee-de-complot-visant-a-destabiliser-lalgerie\/#article\",\"isPartOf\":{\"@id\":\"https:\/\/kapitalis.com\/tunisie\/2024\/12\/16\/la-france-accusee-de-complot-visant-a-destabiliser-lalgerie\/\"},\"author\":{\"name\":\"webmaster kapitalis\",\"@id\":\"https:\/\/kapitalis.com\/tunisie\/#\/schema\/person\/d71f33a9ca44f7bad4698210b480c8e9\"},\"headline\":\"La France accus\u00e9e de complot visant \u00e0 d\u00e9stabiliser l\u2019Alg\u00e9rie\",\"datePublished\":\"2024-12-16T13:01:08+00:00\",\"dateModified\":\"2024-12-16T13:01:09+00:00\",\"mainEntityOfPage\":{\"@id\":\"https:\/\/kapitalis.com\/tunisie\/2024\/12\/16\/la-france-accusee-de-complot-visant-a-destabiliser-lalgerie\/\"},\"wordCount\":500,\"commentCount\":3,\"publisher\":{\"@id\":\"https:\/\/kapitalis.com\/tunisie\/#organization\"},\"image\":{\"@id\":\"https:\/\/kapitalis.com\/tunisie\/2024\/12\/16\/la-france-accusee-de-complot-visant-a-destabiliser-lalgerie\/#primaryimage\"},\"thumbnailUrl\":\"https:\/\/kapitalis.com\/tunisie\/wp-content\/uploads\/2024\/12\/France-Algerie.jpg\",\"keywords\":[\"Alg\u00e9rie\",\"complot\",\"DGSE\",\"Emmanuel Macron\",\"France\",\"Front Polisario\",\"Maroc\",\"Sahara Occidental\",\"St\u00e9phane Romatet\"],\"articleSection\":[\"POLITIQUE\",\"Tunisie\"],\"inLanguage\":\"fr-FR\",\"potentialAction\":[{\"@type\":\"CommentAction\",\"name\":\"Comment\",\"target\":[\"https:\/\/kapitalis.com\/tunisie\/2024\/12\/16\/la-france-accusee-de-complot-visant-a-destabiliser-lalgerie\/#respond\"]}]},{\"@type\":\"WebPage\",\"@id\":\"https:\/\/kapitalis.com\/tunisie\/2024\/12\/16\/la-france-accusee-de-complot-visant-a-destabiliser-lalgerie\/\",\"url\":\"https:\/\/kapitalis.com\/tunisie\/2024\/12\/16\/la-france-accusee-de-complot-visant-a-destabiliser-lalgerie\/\",\"name\":\"La France accus\u00e9e de complot visant \u00e0 d\u00e9stabiliser l\u2019Alg\u00e9rie - Kapitalis\",\"isPartOf\":{\"@id\":\"https:\/\/kapitalis.com\/tunisie\/#website\"},\"primaryImageOfPage\":{\"@id\":\"https:\/\/kapitalis.com\/tunisie\/2024\/12\/16\/la-france-accusee-de-complot-visant-a-destabiliser-lalgerie\/#primaryimage\"},\"image\":{\"@id\":\"https:\/\/kapitalis.com\/tunisie\/2024\/12\/16\/la-france-accusee-de-complot-visant-a-destabiliser-lalgerie\/#primaryimage\"},\"thumbnailUrl\":\"https:\/\/kapitalis.com\/tunisie\/wp-content\/uploads\/2024\/12\/France-Algerie.jpg\",\"datePublished\":\"2024-12-16T13:01:08+00:00\",\"dateModified\":\"2024-12-16T13:01:09+00:00\",\"breadcrumb\":{\"@id\":\"https:\/\/kapitalis.com\/tunisie\/2024\/12\/16\/la-france-accusee-de-complot-visant-a-destabiliser-lalgerie\/#breadcrumb\"},\"inLanguage\":\"fr-FR\",\"potentialAction\":[{\"@type\":\"ReadAction\",\"target\":[\"https:\/\/kapitalis.com\/tunisie\/2024\/12\/16\/la-france-accusee-de-complot-visant-a-destabiliser-lalgerie\/\"]}]},{\"@type\":\"ImageObject\",\"inLanguage\":\"fr-FR\",\"@id\":\"https:\/\/kapitalis.com\/tunisie\/2024\/12\/16\/la-france-accusee-de-complot-visant-a-destabiliser-lalgerie\/#primaryimage\",\"url\":\"https:\/\/kapitalis.com\/tunisie\/wp-content\/uploads\/2024\/12\/France-Algerie.jpg\",\"contentUrl\":\"https:\/\/kapitalis.com\/tunisie\/wp-content\/uploads\/2024\/12\/France-Algerie.jpg\",\"width\":1200,\"height\":630},{\"@type\":\"BreadcrumbList\",\"@id\":\"https:\/\/kapitalis.com\/tunisie\/2024\/12\/16\/la-france-accusee-de-complot-visant-a-destabiliser-lalgerie\/#breadcrumb\",\"itemListElement\":[{\"@type\":\"ListItem\",\"position\":1,\"name\":\"Accueil\",\"item\":\"https:\/\/kapitalis.com\/tunisie\/\"},{\"@type\":\"ListItem\",\"position\":2,\"name\":\"La France accus\u00e9e de complot visant \u00e0 d\u00e9stabiliser l\u2019Alg\u00e9rie\"}]},{\"@type\":\"WebSite\",\"@id\":\"https:\/\/kapitalis.com\/tunisie\/#website\",\"url\":\"https:\/\/kapitalis.com\/tunisie\/\",\"name\":\"Kapitalis\",\"description\":\"L&#039;actualit\u00e9 en Tunisie et dans le monde\",\"publisher\":{\"@id\":\"https:\/\/kapitalis.com\/tunisie\/#organization\"},\"potentialAction\":[{\"@type\":\"SearchAction\",\"target\":{\"@type\":\"EntryPoint\",\"urlTemplate\":\"https:\/\/kapitalis.com\/tunisie\/?s={search_term_string}\"},\"query-input\":{\"@type\":\"PropertyValueSpecification\",\"valueRequired\":true,\"valueName\":\"search_term_string\"}}],\"inLanguage\":\"fr-FR\"},{\"@type\":\"Organization\",\"@id\":\"https:\/\/kapitalis.com\/tunisie\/#organization\",\"name\":\"Kapitalis\",\"url\":\"https:\/\/kapitalis.com\/tunisie\/\",\"logo\":{\"@type\":\"ImageObject\",\"inLanguage\":\"fr-FR\",\"@id\":\"https:\/\/kapitalis.com\/tunisie\/#\/schema\/logo\/image\/\",\"url\":\"https:\/\/kapitalis.com\/tunisie\/wp-content\/uploads\/2022\/05\/Kapitalis-big-size.png\",\"contentUrl\":\"https:\/\/kapitalis.com\/tunisie\/wp-content\/uploads\/2022\/05\/Kapitalis-big-size.png\",\"width\":5000,\"height\":1500,\"caption\":\"Kapitalis\"},\"image\":{\"@id\":\"https:\/\/kapitalis.com\/tunisie\/#\/schema\/logo\/image\/\"},\"sameAs\":[\"https:\/\/www.facebook.com\/KapitalisInfo\/\",\"https:\/\/x.com\/KapitalisInfo\",\"https:\/\/www.youtube.com\/channel\/UC-yDYrHyfFBWWZaOw3FPg9Q\"]},{\"@type\":\"Person\",\"@id\":\"https:\/\/kapitalis.com\/tunisie\/#\/schema\/person\/d71f33a9ca44f7bad4698210b480c8e9\",\"name\":\"webmaster kapitalis\",\"url\":\"https:\/\/kapitalis.com\/tunisie\/author\/webmaster-kapitalis\/\"}]}<\/script>\n<!-- \/ Yoast SEO plugin. -->","yoast_head_json":{"title":"La France accus\u00e9e de complot visant \u00e0 d\u00e9stabiliser l\u2019Alg\u00e9rie - Kapitalis","robots":{"index":"index","follow":"follow","max-snippet":"max-snippet:-1","max-image-preview":"max-image-preview:large","max-video-preview":"max-video-preview:-1"},"canonical":"https:\/\/kapitalis.com\/tunisie\/2024\/12\/16\/la-france-accusee-de-complot-visant-a-destabiliser-lalgerie\/","og_locale":"fr_FR","og_type":"article","og_title":"La France accus\u00e9e de complot visant \u00e0 d\u00e9stabiliser l\u2019Alg\u00e9rie - Kapitalis","og_description":"Le torchon br\u00fble \u00e0 nouveau entre l\u2019Alg\u00e9rie et la France apr\u00e8s la convocation de l\u2019ambassadeur fran\u00e7ais \u00e0 Alger.","og_url":"https:\/\/kapitalis.com\/tunisie\/2024\/12\/16\/la-france-accusee-de-complot-visant-a-destabiliser-lalgerie\/","og_site_name":"Kapitalis","article_publisher":"https:\/\/www.facebook.com\/KapitalisInfo\/","article_published_time":"2024-12-16T13:01:08+00:00","article_modified_time":"2024-12-16T13:01:09+00:00","og_image":[{"width":1200,"height":630,"url":"https:\/\/kapitalis.com\/tunisie\/wp-content\/uploads\/2024\/12\/France-Algerie.jpg","type":"image\/jpeg"}],"author":"webmaster kapitalis","twitter_card":"summary_large_image","twitter_creator":"@KapitalisInfo","twitter_site":"@KapitalisInfo","twitter_misc":{"\u00c9crit par":"webmaster kapitalis","Dur\u00e9e de lecture estim\u00e9e":"3 minutes"},"schema":{"@context":"https:\/\/schema.org","@graph":[{"@type":"Article","@id":"https:\/\/kapitalis.com\/tunisie\/2024\/12\/16\/la-france-accusee-de-complot-visant-a-destabiliser-lalgerie\/#article","isPartOf":{"@id":"https:\/\/kapitalis.com\/tunisie\/2024\/12\/16\/la-france-accusee-de-complot-visant-a-destabiliser-lalgerie\/"},"author":{"name":"webmaster kapitalis","@id":"https:\/\/kapitalis.com\/tunisie\/#\/schema\/person\/d71f33a9ca44f7bad4698210b480c8e9"},"headline":"La France accus\u00e9e de complot visant \u00e0 d\u00e9stabiliser l\u2019Alg\u00e9rie","datePublished":"2024-12-16T13:01:08+00:00","dateModified":"2024-12-16T13:01:09+00:00","mainEntityOfPage":{"@id":"https:\/\/kapitalis.com\/tunisie\/2024\/12\/16\/la-france-accusee-de-complot-visant-a-destabiliser-lalgerie\/"},"wordCount":500,"commentCount":3,"publisher":{"@id":"https:\/\/kapitalis.com\/tunisie\/#organization"},"image":{"@id":"https:\/\/kapitalis.com\/tunisie\/2024\/12\/16\/la-france-accusee-de-complot-visant-a-destabiliser-lalgerie\/#primaryimage"},"thumbnailUrl":"https:\/\/kapitalis.com\/tunisie\/wp-content\/uploads\/2024\/12\/France-Algerie.jpg","keywords":["Alg\u00e9rie","complot","DGSE","Emmanuel Macron","France","Front Polisario","Maroc","Sahara Occidental","St\u00e9phane Romatet"],"articleSection":["POLITIQUE","Tunisie"],"inLanguage":"fr-FR","potentialAction":[{"@type":"CommentAction","name":"Comment","target":["https:\/\/kapitalis.com\/tunisie\/2024\/12\/16\/la-france-accusee-de-complot-visant-a-destabiliser-lalgerie\/#respond"]}]},{"@type":"WebPage","@id":"https:\/\/kapitalis.com\/tunisie\/2024\/12\/16\/la-france-accusee-de-complot-visant-a-destabiliser-lalgerie\/","url":"https:\/\/kapitalis.com\/tunisie\/2024\/12\/16\/la-france-accusee-de-complot-visant-a-destabiliser-lalgerie\/","name":"La France accus\u00e9e de complot visant \u00e0 d\u00e9stabiliser l\u2019Alg\u00e9rie - Kapitalis","isPartOf":{"@id":"https:\/\/kapitalis.com\/tunisie\/#website"},"primaryImageOfPage":{"@id":"https:\/\/kapitalis.com\/tunisie\/2024\/12\/16\/la-france-accusee-de-complot-visant-a-destabiliser-lalgerie\/#primaryimage"},"image":{"@id":"https:\/\/kapitalis.com\/tunisie\/2024\/12\/16\/la-france-accusee-de-complot-visant-a-destabiliser-lalgerie\/#primaryimage"},"thumbnailUrl":"https:\/\/kapitalis.com\/tunisie\/wp-content\/uploads\/2024\/12\/France-Algerie.jpg","datePublished":"2024-12-16T13:01:08+00:00","dateModified":"2024-12-16T13:01:09+00:00","breadcrumb":{"@id":"https:\/\/kapitalis.com\/tunisie\/2024\/12\/16\/la-france-accusee-de-complot-visant-a-destabiliser-lalgerie\/#breadcrumb"},"inLanguage":"fr-FR","potentialAction":[{"@type":"ReadAction","target":["https:\/\/kapitalis.com\/tunisie\/2024\/12\/16\/la-france-accusee-de-complot-visant-a-destabiliser-lalgerie\/"]}]},{"@type":"ImageObject","inLanguage":"fr-FR","@id":"https:\/\/kapitalis.com\/tunisie\/2024\/12\/16\/la-france-accusee-de-complot-visant-a-destabiliser-lalgerie\/#primaryimage","url":"https:\/\/kapitalis.com\/tunisie\/wp-content\/uploads\/2024\/12\/France-Algerie.jpg","contentUrl":"https:\/\/kapitalis.com\/tunisie\/wp-content\/uploads\/2024\/12\/France-Algerie.jpg","width":1200,"height":630},{"@type":"BreadcrumbList","@id":"https:\/\/kapitalis.com\/tunisie\/2024\/12\/16\/la-france-accusee-de-complot-visant-a-destabiliser-lalgerie\/#breadcrumb","itemListElement":[{"@type":"ListItem","position":1,"name":"Accueil","item":"https:\/\/kapitalis.com\/tunisie\/"},{"@type":"ListItem","position":2,"name":"La France accus\u00e9e de complot visant \u00e0 d\u00e9stabiliser l\u2019Alg\u00e9rie"}]},{"@type":"WebSite","@id":"https:\/\/kapitalis.com\/tunisie\/#website","url":"https:\/\/kapitalis.com\/tunisie\/","name":"Kapitalis","description":"L&#039;actualit\u00e9 en Tunisie et dans le monde","publisher":{"@id":"https:\/\/kapitalis.com\/tunisie\/#organization"},"potentialAction":[{"@type":"SearchAction","target":{"@type":"EntryPoint","urlTemplate":"https:\/\/kapitalis.com\/tunisie\/?s={search_term_string}"},"query-input":{"@type":"PropertyValueSpecification","valueRequired":true,"valueName":"search_term_string"}}],"inLanguage":"fr-FR"},{"@type":"Organization","@id":"https:\/\/kapitalis.com\/tunisie\/#organization","name":"Kapitalis","url":"https:\/\/kapitalis.com\/tunisie\/","logo":{"@type":"ImageObject","inLanguage":"fr-FR","@id":"https:\/\/kapitalis.com\/tunisie\/#\/schema\/logo\/image\/","url":"https:\/\/kapitalis.com\/tunisie\/wp-content\/uploads\/2022\/05\/Kapitalis-big-size.png","contentUrl":"https:\/\/kapitalis.com\/tunisie\/wp-content\/uploads\/2022\/05\/Kapitalis-big-size.png","width":5000,"height":1500,"caption":"Kapitalis"},"image":{"@id":"https:\/\/kapitalis.com\/tunisie\/#\/schema\/logo\/image\/"},"sameAs":["https:\/\/www.facebook.com\/KapitalisInfo\/","https:\/\/x.com\/KapitalisInfo","https:\/\/www.youtube.com\/channel\/UC-yDYrHyfFBWWZaOw3FPg9Q"]},{"@type":"Person","@id":"https:\/\/kapitalis.com\/tunisie\/#\/schema\/person\/d71f33a9ca44f7bad4698210b480c8e9","name":"webmaster kapitalis","url":"https:\/\/kapitalis.com\/tunisie\/author\/webmaster-kapitalis\/"}]}},"_links":{"self":[{"href":"https:\/\/kapitalis.com\/tunisie\/wp-json\/wp\/v2\/posts\/14898212","targetHints":{"allow":["GET"]}}],"collection":[{"href":"https:\/\/kapitalis.com\/tunisie\/wp-json\/wp\/v2\/posts"}],"about":[{"href":"https:\/\/kapitalis.com\/tunisie\/wp-json\/wp\/v2\/types\/post"}],"author":[{"embeddable":true,"href":"https:\/\/kapitalis.com\/tunisie\/wp-json\/wp\/v2\/users\/8"}],"replies":[{"embeddable":true,"href":"https:\/\/kapitalis.com\/tunisie\/wp-json\/wp\/v2\/comments?post=14898212"}],"version-history":[{"count":2,"href":"https:\/\/kapitalis.com\/tunisie\/wp-json\/wp\/v2\/posts\/14898212\/revisions"}],"predecessor-version":[{"id":14906204,"href":"https:\/\/kapitalis.com\/tunisie\/wp-json\/wp\/v2\/posts\/14898212\/revisions\/14906204"}],"wp:featuredmedia":[{"embeddable":true,"href":"https:\/\/kapitalis.com\/tunisie\/wp-json\/wp\/v2\/media\/14898613"}],"wp:attachment":[{"href":"https:\/\/kapitalis.com\/tunisie\/wp-json\/wp\/v2\/media?parent=14898212"}],"wp:term":[{"taxonomy":"category","embeddable":true,"href":"https:\/\/kapitalis.com\/tunisie\/wp-json\/wp\/v2\/categories?post=14898212"},{"taxonomy":"post_tag","embeddable":true,"href":"https:\/\/kapitalis.com\/tunisie\/wp-json\/wp\/v2\/tags?post=14898212"}],"curies":[{"name":"wp","href":"https:\/\/api.w.org\/{rel}","templated":true}]}}