{"id":149097,"date":"2018-04-16T16:30:54","date_gmt":"2018-04-16T15:30:54","guid":{"rendered":"http:\/\/kapitalis.com\/tunisie\/?p=149097"},"modified":"2018-04-16T16:30:54","modified_gmt":"2018-04-16T15:30:54","slug":"tunisie-municipales-arrivee-de-la-mission-dobservation-europeenne","status":"publish","type":"post","link":"https:\/\/kapitalis.com\/tunisie\/2018\/04\/16\/tunisie-municipales-arrivee-de-la-mission-dobservation-europeenne\/","title":{"rendered":"Tunisie-Municipales : Arriv\u00e9e de la mission d\u2019observation europ\u00e9enne"},"content":{"rendered":"<p style=\"text-align: center;\"><img loading=\"lazy\" decoding=\"async\" class=\"alignnone size-full wp-image-149098\" src=\"http:\/\/kapitalis.com\/tunisie\/wp-content\/uploads\/2018\/04\/Mission-europeenne-observation-electorale.jpg\" alt=\"\" width=\"626\" height=\"380\" \/><\/p>\n<p><em><strong>La mission d\u2019observation \u00e9lectorale de l\u2019Union europ\u00e9enne (MOE UE) pour les municipales en Tunisie pr\u00e9vues le 6 mai 2018 d\u00e9ploie, aujourd\u2019hui, lundi 16 avril 2018, un premier groupe de 28 observateurs dans les 24 gouvernorats du pays.<\/strong> <\/em><\/p>\n<p><!--more--><\/p>\n<p>Les observateurs de longue dur\u00e9e font le suivi de la campagne et de la phase pr\u00e9-\u00e9lectorale. Ils observent \u00e9galement le d\u00e9roulement du scrutin ainsi que la compilation des r\u00e9sultats au niveau local.<\/p>\n<p>Cette mission est d\u00e9ploy\u00e9e \u00e0 l\u2019invitation de l\u2019Instance sup\u00e9rieure ind\u00e9pendante pour les \u00e9lections (Isie) et du gouvernement tunisien.<\/p>\n<p><em>\u00abDepuis 2011, c\u2019est la troisi\u00e8me fois que l\u2019UE envoie une mission d\u2019observation \u00e9lectorale en Tunisie, ce qui t\u00e9moigne du soutien continu de l\u2019UE \u00e0 la transition d\u00e9mocratique tunisienne\u00bb<\/em>, indique l\u2019UE dans un communiqu\u00e9 publi\u00e9 aujourd\u2019hui.<\/p>\n<p>La mission \u2013 dirig\u00e9e par le chef observateur Fabio Massimo Castaldo, membre du Parlement europ\u00e9en \u2013 est compos\u00e9e d\u2019une \u00e9quipe cadre de 8 experts en mati\u00e8re \u00e9lectorale arriv\u00e9e \u00e0 Tunis le 6 avril, de 28 observateurs de longue dur\u00e9e d\u00e9ploy\u00e9s aujourd\u2019hui et de 28 observateurs de courte dur\u00e9e qui les rejoindront d\u00e9but mai dans les r\u00e9gions.<\/p>\n<p>Pour l\u2019observation du jour du vote, la MOE UE sera renforc\u00e9e par une d\u00e9l\u00e9gation du Parlement europ\u00e9en et par des diplomates europ\u00e9ens \u2013 de la D\u00e9l\u00e9gation de l\u2019UE et des \u00c9tats membres \u2013 en poste \u00e0 Tunis.<\/p>\n<p>Le jour des \u00e9lections, la MOE UE comprendra au total une centaine d\u2019observateurs venus des \u00c9tats membres de l\u2019UE, de Suisse, de Norv\u00e8ge et du Canada.<\/p>\n<p>Tous les observateurs sont tenus de rester impartiaux et de respecter le Code de conduite des observateurs de l\u2019Union europ\u00e9enne et le Code de conduite des observateurs nationaux et \u00e9trangers pour les \u00e9lections et le r\u00e9f\u00e9rendum, \u00e9labor\u00e9 par l\u2019Isie. Ils sont \u00e9galement tenus de respecter les lois tunisiennes.<\/p>\n<p>La MOE UE a pour mandat d&rsquo;effectuer une \u00e9valuation approfondie, impartiale et \u00e0 long terme du processus \u00e9lectoral au regard des normes internationales pour des \u00e9lections d\u00e9mocratiques. Les observateurs \u00e9valueront si le processus \u00e9lectoral est conduit conform\u00e9ment au cadre juridique tunisien et dans quelle mesure la l\u00e9gislation nationale permet le respect des obligations r\u00e9gionales et internationales de la Tunisie.<\/p>\n<p>Deux jours apr\u00e8s le scrutin, la MOE UE pr\u00e9sentera publiquement dans une conf\u00e9rence de presse ses premi\u00e8res observations et conclusions sur le processus. Le rapport final de la MOE UE sera pr\u00e9sent\u00e9 aux autorit\u00e9s et au public quelques semaines apr\u00e8s la proclamation des r\u00e9sultats d\u00e9finitifs. Ce rapport comprendra une \u00e9valuation plus approfondie du processus \u00e9lectoral, ainsi que des recommandations pour les scrutins \u00e0 venir.<\/p>\n<p><em><strong>Source<\/strong> <\/em>: communiqu\u00e9.<\/p>\n","protected":false},"excerpt":{"rendered":"<p>La mission d\u2019observation \u00e9lectorale de l\u2019Union europ\u00e9enne (MOE UE) pour les municipales en Tunisie pr\u00e9vues le 6 mai 2018 d\u00e9ploie, aujourd\u2019hui, lundi 16 avril 2018, un premier groupe de 28 observateurs dans les 24 gouvernorats du pays.<\/p>\n","protected":false},"author":8,"featured_media":149098,"comment_status":"open","ping_status":"open","sticky":false,"template":"","format":"standard","meta":{"footnotes":""},"categories":[997,2433],"tags":[22731,6160,499,12248,937],"class_list":["post-149097","post","type-post","status-publish","format-standard","has-post-thumbnail","hentry","category-politique","category-tunisie","tag-fabio-massimo-castaldo","tag-instance-superieure-independante-pour-les-elections","tag-isie","tag-municipales","tag-union-europeenne"],"yoast_head":"<!-- This site is optimized with the Yoast SEO plugin v26.6 - https:\/\/yoast.com\/wordpress\/plugins\/seo\/ -->\n<title>Tunisie-Municipales : Arriv\u00e9e de la mission d\u2019observation europ\u00e9enne - Kapitalis<\/title>\n<meta name=\"robots\" content=\"index, follow, max-snippet:-1, max-image-preview:large, max-video-preview:-1\" \/>\n<link rel=\"canonical\" href=\"https:\/\/kapitalis.com\/tunisie\/2018\/04\/16\/tunisie-municipales-arrivee-de-la-mission-dobservation-europeenne\/\" \/>\n<meta property=\"og:locale\" content=\"fr_FR\" \/>\n<meta property=\"og:type\" content=\"article\" \/>\n<meta property=\"og:title\" content=\"Tunisie-Municipales : Arriv\u00e9e de la mission d\u2019observation europ\u00e9enne - Kapitalis\" \/>\n<meta property=\"og:description\" content=\"La mission d\u2019observation \u00e9lectorale de l\u2019Union europ\u00e9enne (MOE UE) pour les municipales en Tunisie pr\u00e9vues le 6 mai 2018 d\u00e9ploie, aujourd\u2019hui, lundi 16 avril 2018, un premier groupe de 28 observateurs dans les 24 gouvernorats du pays.\" \/>\n<meta property=\"og:url\" content=\"https:\/\/kapitalis.com\/tunisie\/2018\/04\/16\/tunisie-municipales-arrivee-de-la-mission-dobservation-europeenne\/\" \/>\n<meta property=\"og:site_name\" content=\"Kapitalis\" \/>\n<meta property=\"article:publisher\" content=\"https:\/\/www.facebook.com\/KapitalisInfo\/\" \/>\n<meta property=\"article:published_time\" content=\"2018-04-16T15:30:54+00:00\" \/>\n<meta property=\"og:image\" content=\"https:\/\/kapitalis.com\/tunisie\/wp-content\/uploads\/2022\/05\/kapitalis-logo-fb.png\" \/>\n\t<meta property=\"og:image:width\" content=\"1200\" \/>\n\t<meta property=\"og:image:height\" content=\"630\" \/>\n\t<meta property=\"og:image:type\" content=\"image\/png\" \/>\n<meta name=\"author\" content=\"webmaster kapitalis\" \/>\n<meta name=\"twitter:card\" content=\"summary_large_image\" \/>\n<meta name=\"twitter:creator\" content=\"@KapitalisInfo\" \/>\n<meta name=\"twitter:site\" content=\"@KapitalisInfo\" \/>\n<meta name=\"twitter:label1\" content=\"\u00c9crit par\" \/>\n\t<meta name=\"twitter:data1\" content=\"webmaster kapitalis\" \/>\n\t<meta name=\"twitter:label2\" content=\"Dur\u00e9e de lecture estim\u00e9e\" \/>\n\t<meta name=\"twitter:data2\" content=\"2 minutes\" \/>\n<script type=\"application\/ld+json\" class=\"yoast-schema-graph\">{\"@context\":\"https:\/\/schema.org\",\"@graph\":[{\"@type\":\"Article\",\"@id\":\"https:\/\/kapitalis.com\/tunisie\/2018\/04\/16\/tunisie-municipales-arrivee-de-la-mission-dobservation-europeenne\/#article\",\"isPartOf\":{\"@id\":\"https:\/\/kapitalis.com\/tunisie\/2018\/04\/16\/tunisie-municipales-arrivee-de-la-mission-dobservation-europeenne\/\"},\"author\":{\"name\":\"webmaster kapitalis\",\"@id\":\"https:\/\/kapitalis.com\/tunisie\/#\/schema\/person\/d71f33a9ca44f7bad4698210b480c8e9\"},\"headline\":\"Tunisie-Municipales : Arriv\u00e9e de la mission d\u2019observation europ\u00e9enne\",\"datePublished\":\"2018-04-16T15:30:54+00:00\",\"mainEntityOfPage\":{\"@id\":\"https:\/\/kapitalis.com\/tunisie\/2018\/04\/16\/tunisie-municipales-arrivee-de-la-mission-dobservation-europeenne\/\"},\"wordCount\":472,\"commentCount\":4,\"publisher\":{\"@id\":\"https:\/\/kapitalis.com\/tunisie\/#organization\"},\"image\":{\"@id\":\"https:\/\/kapitalis.com\/tunisie\/2018\/04\/16\/tunisie-municipales-arrivee-de-la-mission-dobservation-europeenne\/#primaryimage\"},\"thumbnailUrl\":\"\",\"keywords\":[\"Fabio Massimo Castaldo\",\"Instance sup\u00e9rieure ind\u00e9pendante pour les \u00e9lections\",\"Isie\",\"municipales\",\"Union europ\u00e9enne\"],\"articleSection\":[\"POLITIQUE\",\"Tunisie\"],\"inLanguage\":\"fr-FR\",\"potentialAction\":[{\"@type\":\"CommentAction\",\"name\":\"Comment\",\"target\":[\"https:\/\/kapitalis.com\/tunisie\/2018\/04\/16\/tunisie-municipales-arrivee-de-la-mission-dobservation-europeenne\/#respond\"]}]},{\"@type\":\"WebPage\",\"@id\":\"https:\/\/kapitalis.com\/tunisie\/2018\/04\/16\/tunisie-municipales-arrivee-de-la-mission-dobservation-europeenne\/\",\"url\":\"https:\/\/kapitalis.com\/tunisie\/2018\/04\/16\/tunisie-municipales-arrivee-de-la-mission-dobservation-europeenne\/\",\"name\":\"Tunisie-Municipales : Arriv\u00e9e de la mission d\u2019observation europ\u00e9enne - Kapitalis\",\"isPartOf\":{\"@id\":\"https:\/\/kapitalis.com\/tunisie\/#website\"},\"primaryImageOfPage\":{\"@id\":\"https:\/\/kapitalis.com\/tunisie\/2018\/04\/16\/tunisie-municipales-arrivee-de-la-mission-dobservation-europeenne\/#primaryimage\"},\"image\":{\"@id\":\"https:\/\/kapitalis.com\/tunisie\/2018\/04\/16\/tunisie-municipales-arrivee-de-la-mission-dobservation-europeenne\/#primaryimage\"},\"thumbnailUrl\":\"\",\"datePublished\":\"2018-04-16T15:30:54+00:00\",\"breadcrumb\":{\"@id\":\"https:\/\/kapitalis.com\/tunisie\/2018\/04\/16\/tunisie-municipales-arrivee-de-la-mission-dobservation-europeenne\/#breadcrumb\"},\"inLanguage\":\"fr-FR\",\"potentialAction\":[{\"@type\":\"ReadAction\",\"target\":[\"https:\/\/kapitalis.com\/tunisie\/2018\/04\/16\/tunisie-municipales-arrivee-de-la-mission-dobservation-europeenne\/\"]}]},{\"@type\":\"ImageObject\",\"inLanguage\":\"fr-FR\",\"@id\":\"https:\/\/kapitalis.com\/tunisie\/2018\/04\/16\/tunisie-municipales-arrivee-de-la-mission-dobservation-europeenne\/#primaryimage\",\"url\":\"\",\"contentUrl\":\"\"},{\"@type\":\"BreadcrumbList\",\"@id\":\"https:\/\/kapitalis.com\/tunisie\/2018\/04\/16\/tunisie-municipales-arrivee-de-la-mission-dobservation-europeenne\/#breadcrumb\",\"itemListElement\":[{\"@type\":\"ListItem\",\"position\":1,\"name\":\"Accueil\",\"item\":\"https:\/\/kapitalis.com\/tunisie\/\"},{\"@type\":\"ListItem\",\"position\":2,\"name\":\"Tunisie-Municipales : Arriv\u00e9e de la mission d\u2019observation europ\u00e9enne\"}]},{\"@type\":\"WebSite\",\"@id\":\"https:\/\/kapitalis.com\/tunisie\/#website\",\"url\":\"https:\/\/kapitalis.com\/tunisie\/\",\"name\":\"Kapitalis\",\"description\":\"L&#039;actualit\u00e9 en Tunisie et dans le monde\",\"publisher\":{\"@id\":\"https:\/\/kapitalis.com\/tunisie\/#organization\"},\"potentialAction\":[{\"@type\":\"SearchAction\",\"target\":{\"@type\":\"EntryPoint\",\"urlTemplate\":\"https:\/\/kapitalis.com\/tunisie\/?s={search_term_string}\"},\"query-input\":{\"@type\":\"PropertyValueSpecification\",\"valueRequired\":true,\"valueName\":\"search_term_string\"}}],\"inLanguage\":\"fr-FR\"},{\"@type\":\"Organization\",\"@id\":\"https:\/\/kapitalis.com\/tunisie\/#organization\",\"name\":\"Kapitalis\",\"url\":\"https:\/\/kapitalis.com\/tunisie\/\",\"logo\":{\"@type\":\"ImageObject\",\"inLanguage\":\"fr-FR\",\"@id\":\"https:\/\/kapitalis.com\/tunisie\/#\/schema\/logo\/image\/\",\"url\":\"https:\/\/kapitalis.com\/tunisie\/wp-content\/uploads\/2022\/05\/Kapitalis-big-size.png\",\"contentUrl\":\"https:\/\/kapitalis.com\/tunisie\/wp-content\/uploads\/2022\/05\/Kapitalis-big-size.png\",\"width\":5000,\"height\":1500,\"caption\":\"Kapitalis\"},\"image\":{\"@id\":\"https:\/\/kapitalis.com\/tunisie\/#\/schema\/logo\/image\/\"},\"sameAs\":[\"https:\/\/www.facebook.com\/KapitalisInfo\/\",\"https:\/\/x.com\/KapitalisInfo\",\"https:\/\/www.youtube.com\/channel\/UC-yDYrHyfFBWWZaOw3FPg9Q\"]},{\"@type\":\"Person\",\"@id\":\"https:\/\/kapitalis.com\/tunisie\/#\/schema\/person\/d71f33a9ca44f7bad4698210b480c8e9\",\"name\":\"webmaster kapitalis\",\"url\":\"https:\/\/kapitalis.com\/tunisie\/author\/webmaster-kapitalis\/\"}]}<\/script>\n<!-- \/ Yoast SEO plugin. -->","yoast_head_json":{"title":"Tunisie-Municipales : Arriv\u00e9e de la mission d\u2019observation europ\u00e9enne - Kapitalis","robots":{"index":"index","follow":"follow","max-snippet":"max-snippet:-1","max-image-preview":"max-image-preview:large","max-video-preview":"max-video-preview:-1"},"canonical":"https:\/\/kapitalis.com\/tunisie\/2018\/04\/16\/tunisie-municipales-arrivee-de-la-mission-dobservation-europeenne\/","og_locale":"fr_FR","og_type":"article","og_title":"Tunisie-Municipales : Arriv\u00e9e de la mission d\u2019observation europ\u00e9enne - Kapitalis","og_description":"La mission d\u2019observation \u00e9lectorale de l\u2019Union europ\u00e9enne (MOE UE) pour les municipales en Tunisie pr\u00e9vues le 6 mai 2018 d\u00e9ploie, aujourd\u2019hui, lundi 16 avril 2018, un premier groupe de 28 observateurs dans les 24 gouvernorats du pays.","og_url":"https:\/\/kapitalis.com\/tunisie\/2018\/04\/16\/tunisie-municipales-arrivee-de-la-mission-dobservation-europeenne\/","og_site_name":"Kapitalis","article_publisher":"https:\/\/www.facebook.com\/KapitalisInfo\/","article_published_time":"2018-04-16T15:30:54+00:00","og_image":[{"width":1200,"height":630,"url":"https:\/\/kapitalis.com\/tunisie\/wp-content\/uploads\/2022\/05\/kapitalis-logo-fb.png","type":"image\/png"}],"author":"webmaster kapitalis","twitter_card":"summary_large_image","twitter_creator":"@KapitalisInfo","twitter_site":"@KapitalisInfo","twitter_misc":{"\u00c9crit par":"webmaster kapitalis","Dur\u00e9e de lecture estim\u00e9e":"2 minutes"},"schema":{"@context":"https:\/\/schema.org","@graph":[{"@type":"Article","@id":"https:\/\/kapitalis.com\/tunisie\/2018\/04\/16\/tunisie-municipales-arrivee-de-la-mission-dobservation-europeenne\/#article","isPartOf":{"@id":"https:\/\/kapitalis.com\/tunisie\/2018\/04\/16\/tunisie-municipales-arrivee-de-la-mission-dobservation-europeenne\/"},"author":{"name":"webmaster kapitalis","@id":"https:\/\/kapitalis.com\/tunisie\/#\/schema\/person\/d71f33a9ca44f7bad4698210b480c8e9"},"headline":"Tunisie-Municipales : Arriv\u00e9e de la mission d\u2019observation europ\u00e9enne","datePublished":"2018-04-16T15:30:54+00:00","mainEntityOfPage":{"@id":"https:\/\/kapitalis.com\/tunisie\/2018\/04\/16\/tunisie-municipales-arrivee-de-la-mission-dobservation-europeenne\/"},"wordCount":472,"commentCount":4,"publisher":{"@id":"https:\/\/kapitalis.com\/tunisie\/#organization"},"image":{"@id":"https:\/\/kapitalis.com\/tunisie\/2018\/04\/16\/tunisie-municipales-arrivee-de-la-mission-dobservation-europeenne\/#primaryimage"},"thumbnailUrl":"","keywords":["Fabio Massimo Castaldo","Instance sup\u00e9rieure ind\u00e9pendante pour les \u00e9lections","Isie","municipales","Union europ\u00e9enne"],"articleSection":["POLITIQUE","Tunisie"],"inLanguage":"fr-FR","potentialAction":[{"@type":"CommentAction","name":"Comment","target":["https:\/\/kapitalis.com\/tunisie\/2018\/04\/16\/tunisie-municipales-arrivee-de-la-mission-dobservation-europeenne\/#respond"]}]},{"@type":"WebPage","@id":"https:\/\/kapitalis.com\/tunisie\/2018\/04\/16\/tunisie-municipales-arrivee-de-la-mission-dobservation-europeenne\/","url":"https:\/\/kapitalis.com\/tunisie\/2018\/04\/16\/tunisie-municipales-arrivee-de-la-mission-dobservation-europeenne\/","name":"Tunisie-Municipales : Arriv\u00e9e de la mission d\u2019observation europ\u00e9enne - Kapitalis","isPartOf":{"@id":"https:\/\/kapitalis.com\/tunisie\/#website"},"primaryImageOfPage":{"@id":"https:\/\/kapitalis.com\/tunisie\/2018\/04\/16\/tunisie-municipales-arrivee-de-la-mission-dobservation-europeenne\/#primaryimage"},"image":{"@id":"https:\/\/kapitalis.com\/tunisie\/2018\/04\/16\/tunisie-municipales-arrivee-de-la-mission-dobservation-europeenne\/#primaryimage"},"thumbnailUrl":"","datePublished":"2018-04-16T15:30:54+00:00","breadcrumb":{"@id":"https:\/\/kapitalis.com\/tunisie\/2018\/04\/16\/tunisie-municipales-arrivee-de-la-mission-dobservation-europeenne\/#breadcrumb"},"inLanguage":"fr-FR","potentialAction":[{"@type":"ReadAction","target":["https:\/\/kapitalis.com\/tunisie\/2018\/04\/16\/tunisie-municipales-arrivee-de-la-mission-dobservation-europeenne\/"]}]},{"@type":"ImageObject","inLanguage":"fr-FR","@id":"https:\/\/kapitalis.com\/tunisie\/2018\/04\/16\/tunisie-municipales-arrivee-de-la-mission-dobservation-europeenne\/#primaryimage","url":"","contentUrl":""},{"@type":"BreadcrumbList","@id":"https:\/\/kapitalis.com\/tunisie\/2018\/04\/16\/tunisie-municipales-arrivee-de-la-mission-dobservation-europeenne\/#breadcrumb","itemListElement":[{"@type":"ListItem","position":1,"name":"Accueil","item":"https:\/\/kapitalis.com\/tunisie\/"},{"@type":"ListItem","position":2,"name":"Tunisie-Municipales : Arriv\u00e9e de la mission d\u2019observation europ\u00e9enne"}]},{"@type":"WebSite","@id":"https:\/\/kapitalis.com\/tunisie\/#website","url":"https:\/\/kapitalis.com\/tunisie\/","name":"Kapitalis","description":"L&#039;actualit\u00e9 en Tunisie et dans le monde","publisher":{"@id":"https:\/\/kapitalis.com\/tunisie\/#organization"},"potentialAction":[{"@type":"SearchAction","target":{"@type":"EntryPoint","urlTemplate":"https:\/\/kapitalis.com\/tunisie\/?s={search_term_string}"},"query-input":{"@type":"PropertyValueSpecification","valueRequired":true,"valueName":"search_term_string"}}],"inLanguage":"fr-FR"},{"@type":"Organization","@id":"https:\/\/kapitalis.com\/tunisie\/#organization","name":"Kapitalis","url":"https:\/\/kapitalis.com\/tunisie\/","logo":{"@type":"ImageObject","inLanguage":"fr-FR","@id":"https:\/\/kapitalis.com\/tunisie\/#\/schema\/logo\/image\/","url":"https:\/\/kapitalis.com\/tunisie\/wp-content\/uploads\/2022\/05\/Kapitalis-big-size.png","contentUrl":"https:\/\/kapitalis.com\/tunisie\/wp-content\/uploads\/2022\/05\/Kapitalis-big-size.png","width":5000,"height":1500,"caption":"Kapitalis"},"image":{"@id":"https:\/\/kapitalis.com\/tunisie\/#\/schema\/logo\/image\/"},"sameAs":["https:\/\/www.facebook.com\/KapitalisInfo\/","https:\/\/x.com\/KapitalisInfo","https:\/\/www.youtube.com\/channel\/UC-yDYrHyfFBWWZaOw3FPg9Q"]},{"@type":"Person","@id":"https:\/\/kapitalis.com\/tunisie\/#\/schema\/person\/d71f33a9ca44f7bad4698210b480c8e9","name":"webmaster kapitalis","url":"https:\/\/kapitalis.com\/tunisie\/author\/webmaster-kapitalis\/"}]}},"_links":{"self":[{"href":"https:\/\/kapitalis.com\/tunisie\/wp-json\/wp\/v2\/posts\/149097","targetHints":{"allow":["GET"]}}],"collection":[{"href":"https:\/\/kapitalis.com\/tunisie\/wp-json\/wp\/v2\/posts"}],"about":[{"href":"https:\/\/kapitalis.com\/tunisie\/wp-json\/wp\/v2\/types\/post"}],"author":[{"embeddable":true,"href":"https:\/\/kapitalis.com\/tunisie\/wp-json\/wp\/v2\/users\/8"}],"replies":[{"embeddable":true,"href":"https:\/\/kapitalis.com\/tunisie\/wp-json\/wp\/v2\/comments?post=149097"}],"version-history":[{"count":0,"href":"https:\/\/kapitalis.com\/tunisie\/wp-json\/wp\/v2\/posts\/149097\/revisions"}],"wp:featuredmedia":[{"embeddable":true,"href":"https:\/\/kapitalis.com\/tunisie\/wp-json\/wp\/v2\/media\/149098"}],"wp:attachment":[{"href":"https:\/\/kapitalis.com\/tunisie\/wp-json\/wp\/v2\/media?parent=149097"}],"wp:term":[{"taxonomy":"category","embeddable":true,"href":"https:\/\/kapitalis.com\/tunisie\/wp-json\/wp\/v2\/categories?post=149097"},{"taxonomy":"post_tag","embeddable":true,"href":"https:\/\/kapitalis.com\/tunisie\/wp-json\/wp\/v2\/tags?post=149097"}],"curies":[{"name":"wp","href":"https:\/\/api.w.org\/{rel}","templated":true}]}}