{"id":14911046,"date":"2024-12-17T20:08:50","date_gmt":"2024-12-17T19:08:50","guid":{"rendered":"https:\/\/kapitalis.com\/tunisie\/?p=14911046"},"modified":"2024-12-17T21:17:50","modified_gmt":"2024-12-17T20:17:50","slug":"jcc-hommage-au-cinema-senegalais-pionnier-du-cinema-panafricain-video","status":"publish","type":"post","link":"https:\/\/kapitalis.com\/tunisie\/2024\/12\/17\/jcc-hommage-au-cinema-senegalais-pionnier-du-cinema-panafricain-video\/","title":{"rendered":"JCC : Hommage au cin\u00e9ma s\u00e9n\u00e9galais, Pionnier du cin\u00e9ma panafricain (Vid\u00e9o)"},"content":{"rendered":"\n<p><em><strong>La 35\u1d49 \u00e9dition des Journ\u00e9es Cin\u00e9matographiques de Carthage c\u00e9l\u00e8bre le cin\u00e9ma s\u00e9n\u00e9galais, Pionnier du cin\u00e9ma panafricain. \u00c0 cette occasion, une s\u00e9lection de 14 films sera projet\u00e9e.<\/strong><\/em><\/p>\n\n\n\n<!--more-->\n\n\n\n<p>La 35\u1d49 \u00e9dition des Journ\u00e9es Cin\u00e9matographiques de Carthage (JCC 2024) c\u00e9l\u00e8bre le cin\u00e9ma s\u00e9n\u00e9galais, Pionnier du cin\u00e9ma panafricain.<\/p>\n\n\n\n<p>Dans le cadre des JCC Classique, la cin\u00e9math\u00e8que tunisienne Tahar Ch\u00e9riaa a organis\u00e9 la projection du film restaur\u00e9 Camp de Thiaroye (1988) du r\u00e9alisateur s\u00e9n\u00e9galais Ousmane Semb\u00e8ne.<\/p>\n\n\n\n<figure class=\"wp-block-gallery aligncenter has-nested-images columns-2 is-cropped wp-block-gallery-1 is-layout-flex wp-block-gallery-is-layout-flex\">\n<figure class=\"wp-block-image size-large\"><img loading=\"lazy\" decoding=\"async\" width=\"1024\" height=\"681\" data-id=\"14911119\" src=\"https:\/\/kapitalis.com\/tunisie\/wp-content\/uploads\/2024\/12\/cinema-senegalais4-1024x681.jpg\" alt=\"\" class=\"wp-image-14911119\" srcset=\"https:\/\/kapitalis.com\/tunisie\/wp-content\/uploads\/2024\/12\/cinema-senegalais4-1024x681.jpg 1024w, https:\/\/kapitalis.com\/tunisie\/wp-content\/uploads\/2024\/12\/cinema-senegalais4-300x200.jpg 300w, https:\/\/kapitalis.com\/tunisie\/wp-content\/uploads\/2024\/12\/cinema-senegalais4-768x511.jpg 768w, https:\/\/kapitalis.com\/tunisie\/wp-content\/uploads\/2024\/12\/cinema-senegalais4-1536x1022.jpg 1536w, https:\/\/kapitalis.com\/tunisie\/wp-content\/uploads\/2024\/12\/cinema-senegalais4-580x386.jpg 580w, https:\/\/kapitalis.com\/tunisie\/wp-content\/uploads\/2024\/12\/cinema-senegalais4-860x572.jpg 860w, https:\/\/kapitalis.com\/tunisie\/wp-content\/uploads\/2024\/12\/cinema-senegalais4-1160x771.jpg 1160w, https:\/\/kapitalis.com\/tunisie\/wp-content\/uploads\/2024\/12\/cinema-senegalais4.jpg 2048w\" sizes=\"auto, (max-width: 1024px) 100vw, 1024px\" \/><\/figure>\n\n\n\n<figure class=\"wp-block-image size-large\"><img loading=\"lazy\" decoding=\"async\" width=\"1024\" height=\"681\" data-id=\"14911118\" src=\"https:\/\/kapitalis.com\/tunisie\/wp-content\/uploads\/2024\/12\/cinema-senegalais3-1024x681.jpg\" alt=\"\" class=\"wp-image-14911118\" srcset=\"https:\/\/kapitalis.com\/tunisie\/wp-content\/uploads\/2024\/12\/cinema-senegalais3-1024x681.jpg 1024w, https:\/\/kapitalis.com\/tunisie\/wp-content\/uploads\/2024\/12\/cinema-senegalais3-300x200.jpg 300w, https:\/\/kapitalis.com\/tunisie\/wp-content\/uploads\/2024\/12\/cinema-senegalais3-768x511.jpg 768w, https:\/\/kapitalis.com\/tunisie\/wp-content\/uploads\/2024\/12\/cinema-senegalais3-1536x1022.jpg 1536w, https:\/\/kapitalis.com\/tunisie\/wp-content\/uploads\/2024\/12\/cinema-senegalais3-580x386.jpg 580w, https:\/\/kapitalis.com\/tunisie\/wp-content\/uploads\/2024\/12\/cinema-senegalais3-860x572.jpg 860w, https:\/\/kapitalis.com\/tunisie\/wp-content\/uploads\/2024\/12\/cinema-senegalais3-1160x771.jpg 1160w, https:\/\/kapitalis.com\/tunisie\/wp-content\/uploads\/2024\/12\/cinema-senegalais3.jpg 2048w\" sizes=\"auto, (max-width: 1024px) 100vw, 1024px\" \/><\/figure>\n\n\n\n<figure class=\"wp-block-image size-large\"><img loading=\"lazy\" decoding=\"async\" width=\"1024\" height=\"681\" data-id=\"14911121\" src=\"https:\/\/kapitalis.com\/tunisie\/wp-content\/uploads\/2024\/12\/cinema-senegalais2-1024x681.jpg\" alt=\"\" class=\"wp-image-14911121\" srcset=\"https:\/\/kapitalis.com\/tunisie\/wp-content\/uploads\/2024\/12\/cinema-senegalais2-1024x681.jpg 1024w, https:\/\/kapitalis.com\/tunisie\/wp-content\/uploads\/2024\/12\/cinema-senegalais2-300x200.jpg 300w, https:\/\/kapitalis.com\/tunisie\/wp-content\/uploads\/2024\/12\/cinema-senegalais2-768x511.jpg 768w, https:\/\/kapitalis.com\/tunisie\/wp-content\/uploads\/2024\/12\/cinema-senegalais2-1536x1022.jpg 1536w, https:\/\/kapitalis.com\/tunisie\/wp-content\/uploads\/2024\/12\/cinema-senegalais2-580x386.jpg 580w, https:\/\/kapitalis.com\/tunisie\/wp-content\/uploads\/2024\/12\/cinema-senegalais2-860x572.jpg 860w, https:\/\/kapitalis.com\/tunisie\/wp-content\/uploads\/2024\/12\/cinema-senegalais2-1160x771.jpg 1160w, https:\/\/kapitalis.com\/tunisie\/wp-content\/uploads\/2024\/12\/cinema-senegalais2.jpg 2048w\" sizes=\"auto, (max-width: 1024px) 100vw, 1024px\" \/><\/figure>\n\n\n\n<figure class=\"wp-block-image size-large\"><img loading=\"lazy\" decoding=\"async\" width=\"1024\" height=\"681\" data-id=\"14911122\" src=\"https:\/\/kapitalis.com\/tunisie\/wp-content\/uploads\/2024\/12\/cinema-senegalais1-1024x681.jpg\" alt=\"\" class=\"wp-image-14911122\" srcset=\"https:\/\/kapitalis.com\/tunisie\/wp-content\/uploads\/2024\/12\/cinema-senegalais1-1024x681.jpg 1024w, https:\/\/kapitalis.com\/tunisie\/wp-content\/uploads\/2024\/12\/cinema-senegalais1-300x200.jpg 300w, https:\/\/kapitalis.com\/tunisie\/wp-content\/uploads\/2024\/12\/cinema-senegalais1-768x511.jpg 768w, https:\/\/kapitalis.com\/tunisie\/wp-content\/uploads\/2024\/12\/cinema-senegalais1-1536x1022.jpg 1536w, https:\/\/kapitalis.com\/tunisie\/wp-content\/uploads\/2024\/12\/cinema-senegalais1-580x386.jpg 580w, https:\/\/kapitalis.com\/tunisie\/wp-content\/uploads\/2024\/12\/cinema-senegalais1-860x572.jpg 860w, https:\/\/kapitalis.com\/tunisie\/wp-content\/uploads\/2024\/12\/cinema-senegalais1-1160x771.jpg 1160w, https:\/\/kapitalis.com\/tunisie\/wp-content\/uploads\/2024\/12\/cinema-senegalais1.jpg 2048w\" sizes=\"auto, (max-width: 1024px) 100vw, 1024px\" \/><\/figure>\n\n\n\n<figure class=\"wp-block-image size-large\"><img loading=\"lazy\" decoding=\"async\" width=\"1024\" height=\"681\" data-id=\"14911120\" src=\"https:\/\/kapitalis.com\/tunisie\/wp-content\/uploads\/2024\/12\/cinema-senegalais-1024x681.jpg\" alt=\"\" class=\"wp-image-14911120\" srcset=\"https:\/\/kapitalis.com\/tunisie\/wp-content\/uploads\/2024\/12\/cinema-senegalais-1024x681.jpg 1024w, https:\/\/kapitalis.com\/tunisie\/wp-content\/uploads\/2024\/12\/cinema-senegalais-300x200.jpg 300w, https:\/\/kapitalis.com\/tunisie\/wp-content\/uploads\/2024\/12\/cinema-senegalais-768x511.jpg 768w, https:\/\/kapitalis.com\/tunisie\/wp-content\/uploads\/2024\/12\/cinema-senegalais-1536x1022.jpg 1536w, https:\/\/kapitalis.com\/tunisie\/wp-content\/uploads\/2024\/12\/cinema-senegalais-580x386.jpg 580w, https:\/\/kapitalis.com\/tunisie\/wp-content\/uploads\/2024\/12\/cinema-senegalais-860x572.jpg 860w, https:\/\/kapitalis.com\/tunisie\/wp-content\/uploads\/2024\/12\/cinema-senegalais-1160x771.jpg 1160w, https:\/\/kapitalis.com\/tunisie\/wp-content\/uploads\/2024\/12\/cinema-senegalais.jpg 2048w\" sizes=\"auto, (max-width: 1024px) 100vw, 1024px\" \/><\/figure>\n<\/figure>\n\n\n\n<p>Ce film, hommage aux tirailleurs s\u00e9n\u00e9galais, est consid\u00e9r\u00e9 comme la premi\u00e8re coproduction sud-sud. Parmi l\u2019\u00e9quipe du film citons la monteuse tunisienne Kah\u00e9na Attia et le directeur de photo alg\u00e9rien Sma\u00efl Lakhdar \u2013Amina.<\/p>\n\n\n\n<p>Dans ce cadre des cons\u00e9crations a \u00e9t\u00e9 attribu\u00e9es aux techniciens tunisiens \u00e0 savoir Na\u00e2ma Jazi, Hassan Daldoul, Lotfi Laayouni, Hechmi Joulag ,et Arbi Ben Ali.<\/p>\n\n\n\n<p><a href=\"https:\/\/www.facebook.com\/JCC.TN\/videos\/546305608239581\">Vid\u00e9o<\/a> r\u00e9alis\u00e9e par les \u00e9tudiants, partenaire acad\u00e9mique des JCC Universit\u00e9 Centrale Academie d&rsquo;Art de Carthage<\/p>\n\n\n\n<p class=\"has-text-align-right\"><strong>Communiqu\u00e9<\/strong><\/p>\n","protected":false},"excerpt":{"rendered":"<p>La 35\u1d49 \u00e9dition des Journ\u00e9es Cin\u00e9matographiques de Carthage c\u00e9l\u00e8bre le cin\u00e9ma s\u00e9n\u00e9galais, Pionnier du cin\u00e9ma panafricain. \u00c0 cette occasion, une s\u00e9lection de 14 films sera projet\u00e9e.<\/p>\n","protected":false},"author":6,"featured_media":14911130,"comment_status":"open","ping_status":"open","sticky":false,"template":"","format":"standard","meta":{"footnotes":""},"categories":[994,2433,4806],"tags":[510,115568,9145,62643],"class_list":["post-14911046","post","type-post","status-publish","format-standard","has-post-thumbnail","hentry","category-culture","category-tunisie","category-videos","tag-jcc","tag-jcc-2024","tag-journees-cinematographiques-de-carthage","tag-tunisie"],"yoast_head":"<!-- This site is optimized with the Yoast SEO plugin v26.6 - https:\/\/yoast.com\/wordpress\/plugins\/seo\/ -->\n<title>JCC : Hommage au cin\u00e9ma s\u00e9n\u00e9galais, Pionnier du cin\u00e9ma panafricain (Vid\u00e9o) - Kapitalis<\/title>\n<meta name=\"robots\" content=\"index, follow, max-snippet:-1, max-image-preview:large, max-video-preview:-1\" \/>\n<link rel=\"canonical\" href=\"https:\/\/kapitalis.com\/tunisie\/2024\/12\/17\/jcc-hommage-au-cinema-senegalais-pionnier-du-cinema-panafricain-video\/\" \/>\n<meta property=\"og:locale\" content=\"fr_FR\" \/>\n<meta property=\"og:type\" content=\"article\" \/>\n<meta property=\"og:title\" content=\"JCC : Hommage au cin\u00e9ma s\u00e9n\u00e9galais, Pionnier du cin\u00e9ma panafricain (Vid\u00e9o) - Kapitalis\" \/>\n<meta property=\"og:description\" content=\"La 35\u1d49 \u00e9dition des Journ\u00e9es Cin\u00e9matographiques de Carthage c\u00e9l\u00e8bre le cin\u00e9ma s\u00e9n\u00e9galais, Pionnier du cin\u00e9ma panafricain. \u00c0 cette occasion, une s\u00e9lection de 14 films sera projet\u00e9e.\" \/>\n<meta property=\"og:url\" content=\"https:\/\/kapitalis.com\/tunisie\/2024\/12\/17\/jcc-hommage-au-cinema-senegalais-pionnier-du-cinema-panafricain-video\/\" \/>\n<meta property=\"og:site_name\" content=\"Kapitalis\" \/>\n<meta property=\"article:publisher\" content=\"https:\/\/www.facebook.com\/KapitalisInfo\/\" \/>\n<meta property=\"article:published_time\" content=\"2024-12-17T19:08:50+00:00\" \/>\n<meta property=\"article:modified_time\" content=\"2024-12-17T20:17:50+00:00\" \/>\n<meta property=\"og:image\" content=\"https:\/\/kapitalis.com\/tunisie\/wp-content\/uploads\/2024\/12\/JCC-cinema-senegalais.jpg\" \/>\n\t<meta property=\"og:image:width\" content=\"1200\" \/>\n\t<meta property=\"og:image:height\" content=\"630\" \/>\n\t<meta property=\"og:image:type\" content=\"image\/jpeg\" \/>\n<meta name=\"author\" content=\"Yusra NY\" \/>\n<meta name=\"twitter:card\" content=\"summary_large_image\" \/>\n<meta name=\"twitter:creator\" content=\"@KapitalisInfo\" \/>\n<meta name=\"twitter:site\" content=\"@KapitalisInfo\" \/>\n<meta name=\"twitter:label1\" content=\"\u00c9crit par\" \/>\n\t<meta name=\"twitter:data1\" content=\"Yusra NY\" \/>\n\t<meta name=\"twitter:label2\" content=\"Dur\u00e9e de lecture estim\u00e9e\" \/>\n\t<meta name=\"twitter:data2\" content=\"2 minutes\" \/>\n<script type=\"application\/ld+json\" class=\"yoast-schema-graph\">{\"@context\":\"https:\/\/schema.org\",\"@graph\":[{\"@type\":\"Article\",\"@id\":\"https:\/\/kapitalis.com\/tunisie\/2024\/12\/17\/jcc-hommage-au-cinema-senegalais-pionnier-du-cinema-panafricain-video\/#article\",\"isPartOf\":{\"@id\":\"https:\/\/kapitalis.com\/tunisie\/2024\/12\/17\/jcc-hommage-au-cinema-senegalais-pionnier-du-cinema-panafricain-video\/\"},\"author\":{\"name\":\"Yusra NY\",\"@id\":\"https:\/\/kapitalis.com\/tunisie\/#\/schema\/person\/74bbde0154d49d790a92aaeac5bc01d5\"},\"headline\":\"JCC : Hommage au cin\u00e9ma s\u00e9n\u00e9galais, Pionnier du cin\u00e9ma panafricain (Vid\u00e9o)\",\"datePublished\":\"2024-12-17T19:08:50+00:00\",\"dateModified\":\"2024-12-17T20:17:50+00:00\",\"mainEntityOfPage\":{\"@id\":\"https:\/\/kapitalis.com\/tunisie\/2024\/12\/17\/jcc-hommage-au-cinema-senegalais-pionnier-du-cinema-panafricain-video\/\"},\"wordCount\":192,\"commentCount\":0,\"publisher\":{\"@id\":\"https:\/\/kapitalis.com\/tunisie\/#organization\"},\"image\":{\"@id\":\"https:\/\/kapitalis.com\/tunisie\/2024\/12\/17\/jcc-hommage-au-cinema-senegalais-pionnier-du-cinema-panafricain-video\/#primaryimage\"},\"thumbnailUrl\":\"https:\/\/kapitalis.com\/tunisie\/wp-content\/uploads\/2024\/12\/JCC-cinema-senegalais.jpg\",\"keywords\":[\"JCC\",\"JCC 2024\",\"Journ\u00e9es cin\u00e9matographiques de Carthage\",\"Tunisie\"],\"articleSection\":[\"CULTURE\",\"Tunisie\",\"VIDEOS\"],\"inLanguage\":\"fr-FR\",\"potentialAction\":[{\"@type\":\"CommentAction\",\"name\":\"Comment\",\"target\":[\"https:\/\/kapitalis.com\/tunisie\/2024\/12\/17\/jcc-hommage-au-cinema-senegalais-pionnier-du-cinema-panafricain-video\/#respond\"]}]},{\"@type\":\"WebPage\",\"@id\":\"https:\/\/kapitalis.com\/tunisie\/2024\/12\/17\/jcc-hommage-au-cinema-senegalais-pionnier-du-cinema-panafricain-video\/\",\"url\":\"https:\/\/kapitalis.com\/tunisie\/2024\/12\/17\/jcc-hommage-au-cinema-senegalais-pionnier-du-cinema-panafricain-video\/\",\"name\":\"JCC : Hommage au cin\u00e9ma s\u00e9n\u00e9galais, Pionnier du cin\u00e9ma panafricain (Vid\u00e9o) - Kapitalis\",\"isPartOf\":{\"@id\":\"https:\/\/kapitalis.com\/tunisie\/#website\"},\"primaryImageOfPage\":{\"@id\":\"https:\/\/kapitalis.com\/tunisie\/2024\/12\/17\/jcc-hommage-au-cinema-senegalais-pionnier-du-cinema-panafricain-video\/#primaryimage\"},\"image\":{\"@id\":\"https:\/\/kapitalis.com\/tunisie\/2024\/12\/17\/jcc-hommage-au-cinema-senegalais-pionnier-du-cinema-panafricain-video\/#primaryimage\"},\"thumbnailUrl\":\"https:\/\/kapitalis.com\/tunisie\/wp-content\/uploads\/2024\/12\/JCC-cinema-senegalais.jpg\",\"datePublished\":\"2024-12-17T19:08:50+00:00\",\"dateModified\":\"2024-12-17T20:17:50+00:00\",\"breadcrumb\":{\"@id\":\"https:\/\/kapitalis.com\/tunisie\/2024\/12\/17\/jcc-hommage-au-cinema-senegalais-pionnier-du-cinema-panafricain-video\/#breadcrumb\"},\"inLanguage\":\"fr-FR\",\"potentialAction\":[{\"@type\":\"ReadAction\",\"target\":[\"https:\/\/kapitalis.com\/tunisie\/2024\/12\/17\/jcc-hommage-au-cinema-senegalais-pionnier-du-cinema-panafricain-video\/\"]}]},{\"@type\":\"ImageObject\",\"inLanguage\":\"fr-FR\",\"@id\":\"https:\/\/kapitalis.com\/tunisie\/2024\/12\/17\/jcc-hommage-au-cinema-senegalais-pionnier-du-cinema-panafricain-video\/#primaryimage\",\"url\":\"https:\/\/kapitalis.com\/tunisie\/wp-content\/uploads\/2024\/12\/JCC-cinema-senegalais.jpg\",\"contentUrl\":\"https:\/\/kapitalis.com\/tunisie\/wp-content\/uploads\/2024\/12\/JCC-cinema-senegalais.jpg\",\"width\":1200,\"height\":630},{\"@type\":\"BreadcrumbList\",\"@id\":\"https:\/\/kapitalis.com\/tunisie\/2024\/12\/17\/jcc-hommage-au-cinema-senegalais-pionnier-du-cinema-panafricain-video\/#breadcrumb\",\"itemListElement\":[{\"@type\":\"ListItem\",\"position\":1,\"name\":\"Accueil\",\"item\":\"https:\/\/kapitalis.com\/tunisie\/\"},{\"@type\":\"ListItem\",\"position\":2,\"name\":\"JCC : Hommage au cin\u00e9ma s\u00e9n\u00e9galais, Pionnier du cin\u00e9ma panafricain (Vid\u00e9o)\"}]},{\"@type\":\"WebSite\",\"@id\":\"https:\/\/kapitalis.com\/tunisie\/#website\",\"url\":\"https:\/\/kapitalis.com\/tunisie\/\",\"name\":\"Kapitalis\",\"description\":\"L&#039;actualit\u00e9 en Tunisie et dans le monde\",\"publisher\":{\"@id\":\"https:\/\/kapitalis.com\/tunisie\/#organization\"},\"potentialAction\":[{\"@type\":\"SearchAction\",\"target\":{\"@type\":\"EntryPoint\",\"urlTemplate\":\"https:\/\/kapitalis.com\/tunisie\/?s={search_term_string}\"},\"query-input\":{\"@type\":\"PropertyValueSpecification\",\"valueRequired\":true,\"valueName\":\"search_term_string\"}}],\"inLanguage\":\"fr-FR\"},{\"@type\":\"Organization\",\"@id\":\"https:\/\/kapitalis.com\/tunisie\/#organization\",\"name\":\"Kapitalis\",\"url\":\"https:\/\/kapitalis.com\/tunisie\/\",\"logo\":{\"@type\":\"ImageObject\",\"inLanguage\":\"fr-FR\",\"@id\":\"https:\/\/kapitalis.com\/tunisie\/#\/schema\/logo\/image\/\",\"url\":\"https:\/\/kapitalis.com\/tunisie\/wp-content\/uploads\/2022\/05\/Kapitalis-big-size.png\",\"contentUrl\":\"https:\/\/kapitalis.com\/tunisie\/wp-content\/uploads\/2022\/05\/Kapitalis-big-size.png\",\"width\":5000,\"height\":1500,\"caption\":\"Kapitalis\"},\"image\":{\"@id\":\"https:\/\/kapitalis.com\/tunisie\/#\/schema\/logo\/image\/\"},\"sameAs\":[\"https:\/\/www.facebook.com\/KapitalisInfo\/\",\"https:\/\/x.com\/KapitalisInfo\",\"https:\/\/www.youtube.com\/channel\/UC-yDYrHyfFBWWZaOw3FPg9Q\"]},{\"@type\":\"Person\",\"@id\":\"https:\/\/kapitalis.com\/tunisie\/#\/schema\/person\/74bbde0154d49d790a92aaeac5bc01d5\",\"name\":\"Yusra NY\",\"url\":\"https:\/\/kapitalis.com\/tunisie\/author\/yuza_adam\/\"}]}<\/script>\n<!-- \/ Yoast SEO plugin. -->","yoast_head_json":{"title":"JCC : Hommage au cin\u00e9ma s\u00e9n\u00e9galais, Pionnier du cin\u00e9ma panafricain (Vid\u00e9o) - Kapitalis","robots":{"index":"index","follow":"follow","max-snippet":"max-snippet:-1","max-image-preview":"max-image-preview:large","max-video-preview":"max-video-preview:-1"},"canonical":"https:\/\/kapitalis.com\/tunisie\/2024\/12\/17\/jcc-hommage-au-cinema-senegalais-pionnier-du-cinema-panafricain-video\/","og_locale":"fr_FR","og_type":"article","og_title":"JCC : Hommage au cin\u00e9ma s\u00e9n\u00e9galais, Pionnier du cin\u00e9ma panafricain (Vid\u00e9o) - Kapitalis","og_description":"La 35\u1d49 \u00e9dition des Journ\u00e9es Cin\u00e9matographiques de Carthage c\u00e9l\u00e8bre le cin\u00e9ma s\u00e9n\u00e9galais, Pionnier du cin\u00e9ma panafricain. \u00c0 cette occasion, une s\u00e9lection de 14 films sera projet\u00e9e.","og_url":"https:\/\/kapitalis.com\/tunisie\/2024\/12\/17\/jcc-hommage-au-cinema-senegalais-pionnier-du-cinema-panafricain-video\/","og_site_name":"Kapitalis","article_publisher":"https:\/\/www.facebook.com\/KapitalisInfo\/","article_published_time":"2024-12-17T19:08:50+00:00","article_modified_time":"2024-12-17T20:17:50+00:00","og_image":[{"width":1200,"height":630,"url":"https:\/\/kapitalis.com\/tunisie\/wp-content\/uploads\/2024\/12\/JCC-cinema-senegalais.jpg","type":"image\/jpeg"}],"author":"Yusra NY","twitter_card":"summary_large_image","twitter_creator":"@KapitalisInfo","twitter_site":"@KapitalisInfo","twitter_misc":{"\u00c9crit par":"Yusra NY","Dur\u00e9e de lecture estim\u00e9e":"2 minutes"},"schema":{"@context":"https:\/\/schema.org","@graph":[{"@type":"Article","@id":"https:\/\/kapitalis.com\/tunisie\/2024\/12\/17\/jcc-hommage-au-cinema-senegalais-pionnier-du-cinema-panafricain-video\/#article","isPartOf":{"@id":"https:\/\/kapitalis.com\/tunisie\/2024\/12\/17\/jcc-hommage-au-cinema-senegalais-pionnier-du-cinema-panafricain-video\/"},"author":{"name":"Yusra NY","@id":"https:\/\/kapitalis.com\/tunisie\/#\/schema\/person\/74bbde0154d49d790a92aaeac5bc01d5"},"headline":"JCC : Hommage au cin\u00e9ma s\u00e9n\u00e9galais, Pionnier du cin\u00e9ma panafricain (Vid\u00e9o)","datePublished":"2024-12-17T19:08:50+00:00","dateModified":"2024-12-17T20:17:50+00:00","mainEntityOfPage":{"@id":"https:\/\/kapitalis.com\/tunisie\/2024\/12\/17\/jcc-hommage-au-cinema-senegalais-pionnier-du-cinema-panafricain-video\/"},"wordCount":192,"commentCount":0,"publisher":{"@id":"https:\/\/kapitalis.com\/tunisie\/#organization"},"image":{"@id":"https:\/\/kapitalis.com\/tunisie\/2024\/12\/17\/jcc-hommage-au-cinema-senegalais-pionnier-du-cinema-panafricain-video\/#primaryimage"},"thumbnailUrl":"https:\/\/kapitalis.com\/tunisie\/wp-content\/uploads\/2024\/12\/JCC-cinema-senegalais.jpg","keywords":["JCC","JCC 2024","Journ\u00e9es cin\u00e9matographiques de Carthage","Tunisie"],"articleSection":["CULTURE","Tunisie","VIDEOS"],"inLanguage":"fr-FR","potentialAction":[{"@type":"CommentAction","name":"Comment","target":["https:\/\/kapitalis.com\/tunisie\/2024\/12\/17\/jcc-hommage-au-cinema-senegalais-pionnier-du-cinema-panafricain-video\/#respond"]}]},{"@type":"WebPage","@id":"https:\/\/kapitalis.com\/tunisie\/2024\/12\/17\/jcc-hommage-au-cinema-senegalais-pionnier-du-cinema-panafricain-video\/","url":"https:\/\/kapitalis.com\/tunisie\/2024\/12\/17\/jcc-hommage-au-cinema-senegalais-pionnier-du-cinema-panafricain-video\/","name":"JCC : Hommage au cin\u00e9ma s\u00e9n\u00e9galais, Pionnier du cin\u00e9ma panafricain (Vid\u00e9o) - Kapitalis","isPartOf":{"@id":"https:\/\/kapitalis.com\/tunisie\/#website"},"primaryImageOfPage":{"@id":"https:\/\/kapitalis.com\/tunisie\/2024\/12\/17\/jcc-hommage-au-cinema-senegalais-pionnier-du-cinema-panafricain-video\/#primaryimage"},"image":{"@id":"https:\/\/kapitalis.com\/tunisie\/2024\/12\/17\/jcc-hommage-au-cinema-senegalais-pionnier-du-cinema-panafricain-video\/#primaryimage"},"thumbnailUrl":"https:\/\/kapitalis.com\/tunisie\/wp-content\/uploads\/2024\/12\/JCC-cinema-senegalais.jpg","datePublished":"2024-12-17T19:08:50+00:00","dateModified":"2024-12-17T20:17:50+00:00","breadcrumb":{"@id":"https:\/\/kapitalis.com\/tunisie\/2024\/12\/17\/jcc-hommage-au-cinema-senegalais-pionnier-du-cinema-panafricain-video\/#breadcrumb"},"inLanguage":"fr-FR","potentialAction":[{"@type":"ReadAction","target":["https:\/\/kapitalis.com\/tunisie\/2024\/12\/17\/jcc-hommage-au-cinema-senegalais-pionnier-du-cinema-panafricain-video\/"]}]},{"@type":"ImageObject","inLanguage":"fr-FR","@id":"https:\/\/kapitalis.com\/tunisie\/2024\/12\/17\/jcc-hommage-au-cinema-senegalais-pionnier-du-cinema-panafricain-video\/#primaryimage","url":"https:\/\/kapitalis.com\/tunisie\/wp-content\/uploads\/2024\/12\/JCC-cinema-senegalais.jpg","contentUrl":"https:\/\/kapitalis.com\/tunisie\/wp-content\/uploads\/2024\/12\/JCC-cinema-senegalais.jpg","width":1200,"height":630},{"@type":"BreadcrumbList","@id":"https:\/\/kapitalis.com\/tunisie\/2024\/12\/17\/jcc-hommage-au-cinema-senegalais-pionnier-du-cinema-panafricain-video\/#breadcrumb","itemListElement":[{"@type":"ListItem","position":1,"name":"Accueil","item":"https:\/\/kapitalis.com\/tunisie\/"},{"@type":"ListItem","position":2,"name":"JCC : Hommage au cin\u00e9ma s\u00e9n\u00e9galais, Pionnier du cin\u00e9ma panafricain (Vid\u00e9o)"}]},{"@type":"WebSite","@id":"https:\/\/kapitalis.com\/tunisie\/#website","url":"https:\/\/kapitalis.com\/tunisie\/","name":"Kapitalis","description":"L&#039;actualit\u00e9 en Tunisie et dans le monde","publisher":{"@id":"https:\/\/kapitalis.com\/tunisie\/#organization"},"potentialAction":[{"@type":"SearchAction","target":{"@type":"EntryPoint","urlTemplate":"https:\/\/kapitalis.com\/tunisie\/?s={search_term_string}"},"query-input":{"@type":"PropertyValueSpecification","valueRequired":true,"valueName":"search_term_string"}}],"inLanguage":"fr-FR"},{"@type":"Organization","@id":"https:\/\/kapitalis.com\/tunisie\/#organization","name":"Kapitalis","url":"https:\/\/kapitalis.com\/tunisie\/","logo":{"@type":"ImageObject","inLanguage":"fr-FR","@id":"https:\/\/kapitalis.com\/tunisie\/#\/schema\/logo\/image\/","url":"https:\/\/kapitalis.com\/tunisie\/wp-content\/uploads\/2022\/05\/Kapitalis-big-size.png","contentUrl":"https:\/\/kapitalis.com\/tunisie\/wp-content\/uploads\/2022\/05\/Kapitalis-big-size.png","width":5000,"height":1500,"caption":"Kapitalis"},"image":{"@id":"https:\/\/kapitalis.com\/tunisie\/#\/schema\/logo\/image\/"},"sameAs":["https:\/\/www.facebook.com\/KapitalisInfo\/","https:\/\/x.com\/KapitalisInfo","https:\/\/www.youtube.com\/channel\/UC-yDYrHyfFBWWZaOw3FPg9Q"]},{"@type":"Person","@id":"https:\/\/kapitalis.com\/tunisie\/#\/schema\/person\/74bbde0154d49d790a92aaeac5bc01d5","name":"Yusra NY","url":"https:\/\/kapitalis.com\/tunisie\/author\/yuza_adam\/"}]}},"_links":{"self":[{"href":"https:\/\/kapitalis.com\/tunisie\/wp-json\/wp\/v2\/posts\/14911046","targetHints":{"allow":["GET"]}}],"collection":[{"href":"https:\/\/kapitalis.com\/tunisie\/wp-json\/wp\/v2\/posts"}],"about":[{"href":"https:\/\/kapitalis.com\/tunisie\/wp-json\/wp\/v2\/types\/post"}],"author":[{"embeddable":true,"href":"https:\/\/kapitalis.com\/tunisie\/wp-json\/wp\/v2\/users\/6"}],"replies":[{"embeddable":true,"href":"https:\/\/kapitalis.com\/tunisie\/wp-json\/wp\/v2\/comments?post=14911046"}],"version-history":[{"count":1,"href":"https:\/\/kapitalis.com\/tunisie\/wp-json\/wp\/v2\/posts\/14911046\/revisions"}],"predecessor-version":[{"id":14911133,"href":"https:\/\/kapitalis.com\/tunisie\/wp-json\/wp\/v2\/posts\/14911046\/revisions\/14911133"}],"wp:featuredmedia":[{"embeddable":true,"href":"https:\/\/kapitalis.com\/tunisie\/wp-json\/wp\/v2\/media\/14911130"}],"wp:attachment":[{"href":"https:\/\/kapitalis.com\/tunisie\/wp-json\/wp\/v2\/media?parent=14911046"}],"wp:term":[{"taxonomy":"category","embeddable":true,"href":"https:\/\/kapitalis.com\/tunisie\/wp-json\/wp\/v2\/categories?post=14911046"},{"taxonomy":"post_tag","embeddable":true,"href":"https:\/\/kapitalis.com\/tunisie\/wp-json\/wp\/v2\/tags?post=14911046"}],"curies":[{"name":"wp","href":"https:\/\/api.w.org\/{rel}","templated":true}]}}