{"id":14924845,"date":"2024-12-20T07:50:34","date_gmt":"2024-12-20T06:50:34","guid":{"rendered":"https:\/\/kapitalis.com\/tunisie\/?p=14924845"},"modified":"2024-12-20T07:50:36","modified_gmt":"2024-12-20T06:50:36","slug":"consulat-de-tunisie-a-paris-1h30-dattente-sur-le-trottoir-dans-le-froid-et-le-vent","status":"publish","type":"post","link":"https:\/\/kapitalis.com\/tunisie\/2024\/12\/20\/consulat-de-tunisie-a-paris-1h30-dattente-sur-le-trottoir-dans-le-froid-et-le-vent\/","title":{"rendered":"Consulat de Tunisie \u00e0 Paris\u00a0: \u00ab1h30 d\u2019attente sur le trottoir dans le froid et le vent\u00bb"},"content":{"rendered":"\n<p><strong><em>Un citoyen nous a fait parvenir la photo reproduite ci-dessus, repr\u00e9sentant des compatriotes venus comme lui pour quelque menu service et qui, avant de pouvoir acc\u00e9der au b\u00e2timent du consulat de Tunisie \u00e0 Paris, sont oblig\u00e9s d\u2019attendre \u00abjusqu\u2019\u00e0 <\/em><\/strong><strong><em>1h30 sur le trottoir dans le froid et le vent\u00bb.&nbsp;<\/em><\/strong><\/p>\n\n\n\n<!--more-->\n\n\n\n<p>Nous reprenons ici le commentaire accompagnant la photo: <em>\u00ab<\/em><em>Une situation d\u00e9gradante qui montre l\u2019irrespect du citoyen tunisien par sa repr\u00e9sentation consulaire \u00e0 l\u2019\u00e9tranger.&nbsp;C\u2019est \u00e0 ne pas reprocher aux autres de nous manquer de respect.\u00bb<\/em><\/p>\n\n\n\n<p>De notre c\u00f4t\u00e9, nous ne r\u00e9sistons pas \u00e0 la tentation de d\u00e9noncer, encore une fois, cette morgue et cette condescendance que notre administration publique r\u00e9serve aux citoyens, au pays comme \u00e0 l\u2019\u00e9tranger. Et dire qu\u2019elle ne cesse de nous rebattre les oreilles avec les soi-disant mesures qu\u2019elle prend pour num\u00e9riser ses services et faciliter la vie de ses usagers, qu\u2019elle continue de maltraiter. Pour preuve\u2026<\/p>\n\n\n\n<p class=\"has-text-align-right\"><strong>I. B.<\/strong><\/p>\n","protected":false},"excerpt":{"rendered":"<p>Les citoyens sont oblig\u00e9s d\u2019attendre jusqu\u2019\u00e0 1h30 sur le trottoir dans le froid et le vent avant de pouvoir acc\u00e9der au consulat de Tunisie \u00e0 Paris.\u00a0<\/p>\n","protected":false},"author":8,"featured_media":14924869,"comment_status":"open","ping_status":"open","sticky":false,"template":"","format":"standard","meta":{"footnotes":""},"categories":[998,2433],"tags":[4224,119646,1364],"class_list":["post-14924845","post","type-post","status-publish","format-standard","has-post-thumbnail","hentry","category-societe","category-tunisie","tag-administration-publique","tag-consulat-de-tunisie","tag-paris"],"yoast_head":"<!-- This site is optimized with the Yoast SEO plugin v26.6 - https:\/\/yoast.com\/wordpress\/plugins\/seo\/ -->\n<title>Consulat de Tunisie \u00e0 Paris\u00a0: \u00ab1h30 d\u2019attente sur le trottoir dans le froid et le vent\u00bb - Kapitalis<\/title>\n<meta name=\"robots\" content=\"index, follow, max-snippet:-1, max-image-preview:large, max-video-preview:-1\" \/>\n<link rel=\"canonical\" href=\"https:\/\/kapitalis.com\/tunisie\/2024\/12\/20\/consulat-de-tunisie-a-paris-1h30-dattente-sur-le-trottoir-dans-le-froid-et-le-vent\/\" \/>\n<meta property=\"og:locale\" content=\"fr_FR\" \/>\n<meta property=\"og:type\" content=\"article\" \/>\n<meta property=\"og:title\" content=\"Consulat de Tunisie \u00e0 Paris\u00a0: \u00ab1h30 d\u2019attente sur le trottoir dans le froid et le vent\u00bb - Kapitalis\" \/>\n<meta property=\"og:description\" content=\"Les citoyens sont oblig\u00e9s d\u2019attendre jusqu\u2019\u00e0 1h30 sur le trottoir dans le froid et le vent avant de pouvoir acc\u00e9der au consulat de Tunisie \u00e0 Paris.\u00a0\" \/>\n<meta property=\"og:url\" content=\"https:\/\/kapitalis.com\/tunisie\/2024\/12\/20\/consulat-de-tunisie-a-paris-1h30-dattente-sur-le-trottoir-dans-le-froid-et-le-vent\/\" \/>\n<meta property=\"og:site_name\" content=\"Kapitalis\" \/>\n<meta property=\"article:publisher\" content=\"https:\/\/www.facebook.com\/KapitalisInfo\/\" \/>\n<meta property=\"article:published_time\" content=\"2024-12-20T06:50:34+00:00\" \/>\n<meta property=\"article:modified_time\" content=\"2024-12-20T06:50:36+00:00\" \/>\n<meta property=\"og:image\" content=\"https:\/\/kapitalis.com\/tunisie\/wp-content\/uploads\/2024\/12\/Consulat-Tunisie-Paris.jpg\" \/>\n\t<meta property=\"og:image:width\" content=\"1200\" \/>\n\t<meta property=\"og:image:height\" content=\"630\" \/>\n\t<meta property=\"og:image:type\" content=\"image\/jpeg\" \/>\n<meta name=\"author\" content=\"webmaster kapitalis\" \/>\n<meta name=\"twitter:card\" content=\"summary_large_image\" \/>\n<meta name=\"twitter:creator\" content=\"@KapitalisInfo\" \/>\n<meta name=\"twitter:site\" content=\"@KapitalisInfo\" \/>\n<meta name=\"twitter:label1\" content=\"\u00c9crit par\" \/>\n\t<meta name=\"twitter:data1\" content=\"webmaster kapitalis\" \/>\n\t<meta name=\"twitter:label2\" content=\"Dur\u00e9e de lecture estim\u00e9e\" \/>\n\t<meta name=\"twitter:data2\" content=\"1 minute\" \/>\n<script type=\"application\/ld+json\" class=\"yoast-schema-graph\">{\"@context\":\"https:\/\/schema.org\",\"@graph\":[{\"@type\":\"Article\",\"@id\":\"https:\/\/kapitalis.com\/tunisie\/2024\/12\/20\/consulat-de-tunisie-a-paris-1h30-dattente-sur-le-trottoir-dans-le-froid-et-le-vent\/#article\",\"isPartOf\":{\"@id\":\"https:\/\/kapitalis.com\/tunisie\/2024\/12\/20\/consulat-de-tunisie-a-paris-1h30-dattente-sur-le-trottoir-dans-le-froid-et-le-vent\/\"},\"author\":{\"name\":\"webmaster kapitalis\",\"@id\":\"https:\/\/kapitalis.com\/tunisie\/#\/schema\/person\/d71f33a9ca44f7bad4698210b480c8e9\"},\"headline\":\"Consulat de Tunisie \u00e0 Paris\u00a0: \u00ab1h30 d\u2019attente sur le trottoir dans le froid et le vent\u00bb\",\"datePublished\":\"2024-12-20T06:50:34+00:00\",\"dateModified\":\"2024-12-20T06:50:36+00:00\",\"mainEntityOfPage\":{\"@id\":\"https:\/\/kapitalis.com\/tunisie\/2024\/12\/20\/consulat-de-tunisie-a-paris-1h30-dattente-sur-le-trottoir-dans-le-froid-et-le-vent\/\"},\"wordCount\":182,\"commentCount\":5,\"publisher\":{\"@id\":\"https:\/\/kapitalis.com\/tunisie\/#organization\"},\"image\":{\"@id\":\"https:\/\/kapitalis.com\/tunisie\/2024\/12\/20\/consulat-de-tunisie-a-paris-1h30-dattente-sur-le-trottoir-dans-le-froid-et-le-vent\/#primaryimage\"},\"thumbnailUrl\":\"https:\/\/kapitalis.com\/tunisie\/wp-content\/uploads\/2024\/12\/Consulat-Tunisie-Paris.jpg\",\"keywords\":[\"administration publique\",\"consulat de Tunisie\",\"Paris\"],\"articleSection\":[\"SOCIETE\",\"Tunisie\"],\"inLanguage\":\"fr-FR\",\"potentialAction\":[{\"@type\":\"CommentAction\",\"name\":\"Comment\",\"target\":[\"https:\/\/kapitalis.com\/tunisie\/2024\/12\/20\/consulat-de-tunisie-a-paris-1h30-dattente-sur-le-trottoir-dans-le-froid-et-le-vent\/#respond\"]}]},{\"@type\":\"WebPage\",\"@id\":\"https:\/\/kapitalis.com\/tunisie\/2024\/12\/20\/consulat-de-tunisie-a-paris-1h30-dattente-sur-le-trottoir-dans-le-froid-et-le-vent\/\",\"url\":\"https:\/\/kapitalis.com\/tunisie\/2024\/12\/20\/consulat-de-tunisie-a-paris-1h30-dattente-sur-le-trottoir-dans-le-froid-et-le-vent\/\",\"name\":\"Consulat de Tunisie \u00e0 Paris\u00a0: \u00ab1h30 d\u2019attente sur le trottoir dans le froid et le vent\u00bb - Kapitalis\",\"isPartOf\":{\"@id\":\"https:\/\/kapitalis.com\/tunisie\/#website\"},\"primaryImageOfPage\":{\"@id\":\"https:\/\/kapitalis.com\/tunisie\/2024\/12\/20\/consulat-de-tunisie-a-paris-1h30-dattente-sur-le-trottoir-dans-le-froid-et-le-vent\/#primaryimage\"},\"image\":{\"@id\":\"https:\/\/kapitalis.com\/tunisie\/2024\/12\/20\/consulat-de-tunisie-a-paris-1h30-dattente-sur-le-trottoir-dans-le-froid-et-le-vent\/#primaryimage\"},\"thumbnailUrl\":\"https:\/\/kapitalis.com\/tunisie\/wp-content\/uploads\/2024\/12\/Consulat-Tunisie-Paris.jpg\",\"datePublished\":\"2024-12-20T06:50:34+00:00\",\"dateModified\":\"2024-12-20T06:50:36+00:00\",\"breadcrumb\":{\"@id\":\"https:\/\/kapitalis.com\/tunisie\/2024\/12\/20\/consulat-de-tunisie-a-paris-1h30-dattente-sur-le-trottoir-dans-le-froid-et-le-vent\/#breadcrumb\"},\"inLanguage\":\"fr-FR\",\"potentialAction\":[{\"@type\":\"ReadAction\",\"target\":[\"https:\/\/kapitalis.com\/tunisie\/2024\/12\/20\/consulat-de-tunisie-a-paris-1h30-dattente-sur-le-trottoir-dans-le-froid-et-le-vent\/\"]}]},{\"@type\":\"ImageObject\",\"inLanguage\":\"fr-FR\",\"@id\":\"https:\/\/kapitalis.com\/tunisie\/2024\/12\/20\/consulat-de-tunisie-a-paris-1h30-dattente-sur-le-trottoir-dans-le-froid-et-le-vent\/#primaryimage\",\"url\":\"https:\/\/kapitalis.com\/tunisie\/wp-content\/uploads\/2024\/12\/Consulat-Tunisie-Paris.jpg\",\"contentUrl\":\"https:\/\/kapitalis.com\/tunisie\/wp-content\/uploads\/2024\/12\/Consulat-Tunisie-Paris.jpg\",\"width\":1200,\"height\":630},{\"@type\":\"BreadcrumbList\",\"@id\":\"https:\/\/kapitalis.com\/tunisie\/2024\/12\/20\/consulat-de-tunisie-a-paris-1h30-dattente-sur-le-trottoir-dans-le-froid-et-le-vent\/#breadcrumb\",\"itemListElement\":[{\"@type\":\"ListItem\",\"position\":1,\"name\":\"Accueil\",\"item\":\"https:\/\/kapitalis.com\/tunisie\/\"},{\"@type\":\"ListItem\",\"position\":2,\"name\":\"Consulat de Tunisie \u00e0 Paris\u00a0: \u00ab1h30 d\u2019attente sur le trottoir dans le froid et le vent\u00bb\"}]},{\"@type\":\"WebSite\",\"@id\":\"https:\/\/kapitalis.com\/tunisie\/#website\",\"url\":\"https:\/\/kapitalis.com\/tunisie\/\",\"name\":\"Kapitalis\",\"description\":\"L&#039;actualit\u00e9 en Tunisie et dans le monde\",\"publisher\":{\"@id\":\"https:\/\/kapitalis.com\/tunisie\/#organization\"},\"potentialAction\":[{\"@type\":\"SearchAction\",\"target\":{\"@type\":\"EntryPoint\",\"urlTemplate\":\"https:\/\/kapitalis.com\/tunisie\/?s={search_term_string}\"},\"query-input\":{\"@type\":\"PropertyValueSpecification\",\"valueRequired\":true,\"valueName\":\"search_term_string\"}}],\"inLanguage\":\"fr-FR\"},{\"@type\":\"Organization\",\"@id\":\"https:\/\/kapitalis.com\/tunisie\/#organization\",\"name\":\"Kapitalis\",\"url\":\"https:\/\/kapitalis.com\/tunisie\/\",\"logo\":{\"@type\":\"ImageObject\",\"inLanguage\":\"fr-FR\",\"@id\":\"https:\/\/kapitalis.com\/tunisie\/#\/schema\/logo\/image\/\",\"url\":\"https:\/\/kapitalis.com\/tunisie\/wp-content\/uploads\/2022\/05\/Kapitalis-big-size.png\",\"contentUrl\":\"https:\/\/kapitalis.com\/tunisie\/wp-content\/uploads\/2022\/05\/Kapitalis-big-size.png\",\"width\":5000,\"height\":1500,\"caption\":\"Kapitalis\"},\"image\":{\"@id\":\"https:\/\/kapitalis.com\/tunisie\/#\/schema\/logo\/image\/\"},\"sameAs\":[\"https:\/\/www.facebook.com\/KapitalisInfo\/\",\"https:\/\/x.com\/KapitalisInfo\",\"https:\/\/www.youtube.com\/channel\/UC-yDYrHyfFBWWZaOw3FPg9Q\"]},{\"@type\":\"Person\",\"@id\":\"https:\/\/kapitalis.com\/tunisie\/#\/schema\/person\/d71f33a9ca44f7bad4698210b480c8e9\",\"name\":\"webmaster kapitalis\",\"url\":\"https:\/\/kapitalis.com\/tunisie\/author\/webmaster-kapitalis\/\"}]}<\/script>\n<!-- \/ Yoast SEO plugin. -->","yoast_head_json":{"title":"Consulat de Tunisie \u00e0 Paris\u00a0: \u00ab1h30 d\u2019attente sur le trottoir dans le froid et le vent\u00bb - Kapitalis","robots":{"index":"index","follow":"follow","max-snippet":"max-snippet:-1","max-image-preview":"max-image-preview:large","max-video-preview":"max-video-preview:-1"},"canonical":"https:\/\/kapitalis.com\/tunisie\/2024\/12\/20\/consulat-de-tunisie-a-paris-1h30-dattente-sur-le-trottoir-dans-le-froid-et-le-vent\/","og_locale":"fr_FR","og_type":"article","og_title":"Consulat de Tunisie \u00e0 Paris\u00a0: \u00ab1h30 d\u2019attente sur le trottoir dans le froid et le vent\u00bb - Kapitalis","og_description":"Les citoyens sont oblig\u00e9s d\u2019attendre jusqu\u2019\u00e0 1h30 sur le trottoir dans le froid et le vent avant de pouvoir acc\u00e9der au consulat de Tunisie \u00e0 Paris.\u00a0","og_url":"https:\/\/kapitalis.com\/tunisie\/2024\/12\/20\/consulat-de-tunisie-a-paris-1h30-dattente-sur-le-trottoir-dans-le-froid-et-le-vent\/","og_site_name":"Kapitalis","article_publisher":"https:\/\/www.facebook.com\/KapitalisInfo\/","article_published_time":"2024-12-20T06:50:34+00:00","article_modified_time":"2024-12-20T06:50:36+00:00","og_image":[{"width":1200,"height":630,"url":"https:\/\/kapitalis.com\/tunisie\/wp-content\/uploads\/2024\/12\/Consulat-Tunisie-Paris.jpg","type":"image\/jpeg"}],"author":"webmaster kapitalis","twitter_card":"summary_large_image","twitter_creator":"@KapitalisInfo","twitter_site":"@KapitalisInfo","twitter_misc":{"\u00c9crit par":"webmaster kapitalis","Dur\u00e9e de lecture estim\u00e9e":"1 minute"},"schema":{"@context":"https:\/\/schema.org","@graph":[{"@type":"Article","@id":"https:\/\/kapitalis.com\/tunisie\/2024\/12\/20\/consulat-de-tunisie-a-paris-1h30-dattente-sur-le-trottoir-dans-le-froid-et-le-vent\/#article","isPartOf":{"@id":"https:\/\/kapitalis.com\/tunisie\/2024\/12\/20\/consulat-de-tunisie-a-paris-1h30-dattente-sur-le-trottoir-dans-le-froid-et-le-vent\/"},"author":{"name":"webmaster kapitalis","@id":"https:\/\/kapitalis.com\/tunisie\/#\/schema\/person\/d71f33a9ca44f7bad4698210b480c8e9"},"headline":"Consulat de Tunisie \u00e0 Paris\u00a0: \u00ab1h30 d\u2019attente sur le trottoir dans le froid et le vent\u00bb","datePublished":"2024-12-20T06:50:34+00:00","dateModified":"2024-12-20T06:50:36+00:00","mainEntityOfPage":{"@id":"https:\/\/kapitalis.com\/tunisie\/2024\/12\/20\/consulat-de-tunisie-a-paris-1h30-dattente-sur-le-trottoir-dans-le-froid-et-le-vent\/"},"wordCount":182,"commentCount":5,"publisher":{"@id":"https:\/\/kapitalis.com\/tunisie\/#organization"},"image":{"@id":"https:\/\/kapitalis.com\/tunisie\/2024\/12\/20\/consulat-de-tunisie-a-paris-1h30-dattente-sur-le-trottoir-dans-le-froid-et-le-vent\/#primaryimage"},"thumbnailUrl":"https:\/\/kapitalis.com\/tunisie\/wp-content\/uploads\/2024\/12\/Consulat-Tunisie-Paris.jpg","keywords":["administration publique","consulat de Tunisie","Paris"],"articleSection":["SOCIETE","Tunisie"],"inLanguage":"fr-FR","potentialAction":[{"@type":"CommentAction","name":"Comment","target":["https:\/\/kapitalis.com\/tunisie\/2024\/12\/20\/consulat-de-tunisie-a-paris-1h30-dattente-sur-le-trottoir-dans-le-froid-et-le-vent\/#respond"]}]},{"@type":"WebPage","@id":"https:\/\/kapitalis.com\/tunisie\/2024\/12\/20\/consulat-de-tunisie-a-paris-1h30-dattente-sur-le-trottoir-dans-le-froid-et-le-vent\/","url":"https:\/\/kapitalis.com\/tunisie\/2024\/12\/20\/consulat-de-tunisie-a-paris-1h30-dattente-sur-le-trottoir-dans-le-froid-et-le-vent\/","name":"Consulat de Tunisie \u00e0 Paris\u00a0: \u00ab1h30 d\u2019attente sur le trottoir dans le froid et le vent\u00bb - Kapitalis","isPartOf":{"@id":"https:\/\/kapitalis.com\/tunisie\/#website"},"primaryImageOfPage":{"@id":"https:\/\/kapitalis.com\/tunisie\/2024\/12\/20\/consulat-de-tunisie-a-paris-1h30-dattente-sur-le-trottoir-dans-le-froid-et-le-vent\/#primaryimage"},"image":{"@id":"https:\/\/kapitalis.com\/tunisie\/2024\/12\/20\/consulat-de-tunisie-a-paris-1h30-dattente-sur-le-trottoir-dans-le-froid-et-le-vent\/#primaryimage"},"thumbnailUrl":"https:\/\/kapitalis.com\/tunisie\/wp-content\/uploads\/2024\/12\/Consulat-Tunisie-Paris.jpg","datePublished":"2024-12-20T06:50:34+00:00","dateModified":"2024-12-20T06:50:36+00:00","breadcrumb":{"@id":"https:\/\/kapitalis.com\/tunisie\/2024\/12\/20\/consulat-de-tunisie-a-paris-1h30-dattente-sur-le-trottoir-dans-le-froid-et-le-vent\/#breadcrumb"},"inLanguage":"fr-FR","potentialAction":[{"@type":"ReadAction","target":["https:\/\/kapitalis.com\/tunisie\/2024\/12\/20\/consulat-de-tunisie-a-paris-1h30-dattente-sur-le-trottoir-dans-le-froid-et-le-vent\/"]}]},{"@type":"ImageObject","inLanguage":"fr-FR","@id":"https:\/\/kapitalis.com\/tunisie\/2024\/12\/20\/consulat-de-tunisie-a-paris-1h30-dattente-sur-le-trottoir-dans-le-froid-et-le-vent\/#primaryimage","url":"https:\/\/kapitalis.com\/tunisie\/wp-content\/uploads\/2024\/12\/Consulat-Tunisie-Paris.jpg","contentUrl":"https:\/\/kapitalis.com\/tunisie\/wp-content\/uploads\/2024\/12\/Consulat-Tunisie-Paris.jpg","width":1200,"height":630},{"@type":"BreadcrumbList","@id":"https:\/\/kapitalis.com\/tunisie\/2024\/12\/20\/consulat-de-tunisie-a-paris-1h30-dattente-sur-le-trottoir-dans-le-froid-et-le-vent\/#breadcrumb","itemListElement":[{"@type":"ListItem","position":1,"name":"Accueil","item":"https:\/\/kapitalis.com\/tunisie\/"},{"@type":"ListItem","position":2,"name":"Consulat de Tunisie \u00e0 Paris\u00a0: \u00ab1h30 d\u2019attente sur le trottoir dans le froid et le vent\u00bb"}]},{"@type":"WebSite","@id":"https:\/\/kapitalis.com\/tunisie\/#website","url":"https:\/\/kapitalis.com\/tunisie\/","name":"Kapitalis","description":"L&#039;actualit\u00e9 en Tunisie et dans le monde","publisher":{"@id":"https:\/\/kapitalis.com\/tunisie\/#organization"},"potentialAction":[{"@type":"SearchAction","target":{"@type":"EntryPoint","urlTemplate":"https:\/\/kapitalis.com\/tunisie\/?s={search_term_string}"},"query-input":{"@type":"PropertyValueSpecification","valueRequired":true,"valueName":"search_term_string"}}],"inLanguage":"fr-FR"},{"@type":"Organization","@id":"https:\/\/kapitalis.com\/tunisie\/#organization","name":"Kapitalis","url":"https:\/\/kapitalis.com\/tunisie\/","logo":{"@type":"ImageObject","inLanguage":"fr-FR","@id":"https:\/\/kapitalis.com\/tunisie\/#\/schema\/logo\/image\/","url":"https:\/\/kapitalis.com\/tunisie\/wp-content\/uploads\/2022\/05\/Kapitalis-big-size.png","contentUrl":"https:\/\/kapitalis.com\/tunisie\/wp-content\/uploads\/2022\/05\/Kapitalis-big-size.png","width":5000,"height":1500,"caption":"Kapitalis"},"image":{"@id":"https:\/\/kapitalis.com\/tunisie\/#\/schema\/logo\/image\/"},"sameAs":["https:\/\/www.facebook.com\/KapitalisInfo\/","https:\/\/x.com\/KapitalisInfo","https:\/\/www.youtube.com\/channel\/UC-yDYrHyfFBWWZaOw3FPg9Q"]},{"@type":"Person","@id":"https:\/\/kapitalis.com\/tunisie\/#\/schema\/person\/d71f33a9ca44f7bad4698210b480c8e9","name":"webmaster kapitalis","url":"https:\/\/kapitalis.com\/tunisie\/author\/webmaster-kapitalis\/"}]}},"_links":{"self":[{"href":"https:\/\/kapitalis.com\/tunisie\/wp-json\/wp\/v2\/posts\/14924845","targetHints":{"allow":["GET"]}}],"collection":[{"href":"https:\/\/kapitalis.com\/tunisie\/wp-json\/wp\/v2\/posts"}],"about":[{"href":"https:\/\/kapitalis.com\/tunisie\/wp-json\/wp\/v2\/types\/post"}],"author":[{"embeddable":true,"href":"https:\/\/kapitalis.com\/tunisie\/wp-json\/wp\/v2\/users\/8"}],"replies":[{"embeddable":true,"href":"https:\/\/kapitalis.com\/tunisie\/wp-json\/wp\/v2\/comments?post=14924845"}],"version-history":[{"count":1,"href":"https:\/\/kapitalis.com\/tunisie\/wp-json\/wp\/v2\/posts\/14924845\/revisions"}],"predecessor-version":[{"id":14924879,"href":"https:\/\/kapitalis.com\/tunisie\/wp-json\/wp\/v2\/posts\/14924845\/revisions\/14924879"}],"wp:featuredmedia":[{"embeddable":true,"href":"https:\/\/kapitalis.com\/tunisie\/wp-json\/wp\/v2\/media\/14924869"}],"wp:attachment":[{"href":"https:\/\/kapitalis.com\/tunisie\/wp-json\/wp\/v2\/media?parent=14924845"}],"wp:term":[{"taxonomy":"category","embeddable":true,"href":"https:\/\/kapitalis.com\/tunisie\/wp-json\/wp\/v2\/categories?post=14924845"},{"taxonomy":"post_tag","embeddable":true,"href":"https:\/\/kapitalis.com\/tunisie\/wp-json\/wp\/v2\/tags?post=14924845"}],"curies":[{"name":"wp","href":"https:\/\/api.w.org\/{rel}","templated":true}]}}