{"id":149250,"date":"2018-04-17T19:52:26","date_gmt":"2018-04-17T18:52:26","guid":{"rendered":"http:\/\/kapitalis.com\/tunisie\/?p=149250"},"modified":"2018-04-17T23:50:37","modified_gmt":"2018-04-17T22:50:37","slug":"economie-verte-amen-bank-et-afd-signent-un-accord-de-credit-sunref","status":"publish","type":"post","link":"https:\/\/kapitalis.com\/tunisie\/2018\/04\/17\/economie-verte-amen-bank-et-afd-signent-un-accord-de-credit-sunref\/","title":{"rendered":"Economie verte : Amen Bank et AFD signent un accord de cr\u00e9dit Sunref"},"content":{"rendered":"<p style=\"text-align: center;\"><img loading=\"lazy\" decoding=\"async\" class=\"alignnone size-full wp-image-149351\" src=\"http:\/\/kapitalis.com\/tunisie\/wp-content\/uploads\/2018\/04\/Amen-Bank-AFD-Ban.jpg\" alt=\"\" width=\"626\" height=\"380\" \/><\/p>\n<p><em><strong>Une ligne de cr\u00e9dit Sunref (Sustainable Use of Natural Ressources and Energy Finance) d\u00e9di\u00e9e \u00e0 l\u2019\u00e9conomie verte a \u00e9t\u00e9 sign\u00e9e hier soir, lundi 16 avril 2018, \u00e0 Tunis, entre l\u2019Agence fran\u00e7aise de d\u00e9veloppement (AFD) et\u00a0Amen Bank.<\/strong><\/em><\/p>\n<p><!--more--><\/p>\n<p>Le cr\u00e9dit d&rsquo;un montant de 10 millions d\u2019euros, soit 30 millions de dinars tunisiens (MDT), \u00ab<em>\u00e0\u00a0taux fixe et remboursable sur 10 ans au lieu de 7 ans<\/em>\u00bb, pr\u00e9cisera\u00a0Ahmed El Karm, pr\u00e9sident du directoire d\u2019Amen Bank, <em>\u00abune banque est totalement engag\u00e9e dans le financement vert\u00bb<\/em>, soulignera-t-il,\u00a0sera consacr\u00e9 au financement de micro-projets tunisiens d\u2019efficacit\u00e9 \u00e9nerg\u00e9tique, d\u2019\u00e9nergie renouvelable et de r\u00e9duction de la pollution.<\/p>\n<h3><strong>\u00a0Investir dans les \u00e9nergies propres<\/strong><\/h3>\n<p><em>\u00abAvec nos partenaires et dans un esprit de collaboration exemplaire, la banque est engag\u00e9e \u00e0 accro\u00eetre le soutien financier et \u00e0 se mobiliser davantage dans le secteur financier pour des engagements sp\u00e9cifiques en faveur de l&rsquo;\u00e9conomie verte\u00bb<\/em>, poursuit Ahmed El Karm.<\/p>\n<p style=\"text-align: center;\"><img loading=\"lazy\" decoding=\"async\" class=\"alignnone wp-image-149352\" src=\"http:\/\/kapitalis.com\/tunisie\/wp-content\/uploads\/2018\/04\/Amen-Bank-AFD.jpg\" alt=\"\" width=\"500\" height=\"375\" \/><\/p>\n<p>L\u2019Amen Bank est la 3<sup>e<\/sup> banque tunisienne, apr\u00e8s l\u2019Union bancaire pour le commerce et l\u2019Industrie (UBCI), en f\u00e9vrier 2017, et l\u2019Union internationale de banques (UIB), en octobre dernier, \u00e0 rejoindre le programme Sunref (le label finance verte de l\u2019AFD), dot\u00e9 d\u2019un montant de 40 millions d\u2019euros, pour mieux profiter des opportunit\u00e9s qu\u2019offre la transition \u00e9nerg\u00e9tique et environnementale nationale, ainsi que les projets de d\u00e9pollution et d\u00e9di\u00e9s \u00e0 la protection de l\u2019environnement.<\/p>\n<p>Selon Gilles Chausse, directeur g\u00e9n\u00e9ral de l&rsquo;AFD, cette ligne de cr\u00e9dit est accompagn\u00e9e d\u2019une enveloppe d\u2019assistance technique, financ\u00e9e par l\u2019Union europ\u00e9enne (UE) qui vise \u00e0 renforcer les capacit\u00e9s des diff\u00e9rents acteurs du programme, \u00e0 savoir les banques, les entreprises et 2 agences techniques: l\u2019Agence nationale de ma\u00eetrise de l\u2019Energie (ANME) et l\u2019Agence nationale de protection de l\u2019environnement (ANPE).<\/p>\n<p style=\"text-align: center;\"><img loading=\"lazy\" decoding=\"async\" class=\"alignnone wp-image-149353\" src=\"http:\/\/kapitalis.com\/tunisie\/wp-content\/uploads\/2018\/04\/Gilles-Chausse.jpg\" alt=\"\" width=\"500\" height=\"375\" \/><\/p>\n<p style=\"text-align: center;\"><em>Gilles Chausse: \u00abL\u2019AFD \u00e0 appuyer la transition \u00e9nerg\u00e9tique en Tunisie.\u00bb<\/em><\/p>\n<p>Une enveloppe de primes \u00e0 l\u2019investissement est \u00e9galement mise \u00e0 la disposition des entreprises sur des ressources de l\u2019UE.<\/p>\n<p>\u00ab<em>Mes coll\u00e8gues et moi avons travaill\u00e9 sur la mise en place de cette ligne portant sur un monde vert et qui va encourager les investissements des PME tunisiennes \u0153uvrant\u00a0pour\u00a0une Tunisie verte<\/em>\u00bb, a lanc\u00e9 M. Chausse. Cette offre va, selon lui, permettre aux banques de financer les investissements des entreprises priv\u00e9es dans les secteurs de l&rsquo;efficacit\u00e9 \u00e9nerg\u00e9tique, des \u00e9nergies renouvelables et de la r\u00e9duction des pollutions atmosph\u00e9riques, hydriques et solides.<\/p>\n<h3><strong>Pour une \u00e9conomie tunisienne verte<\/strong><\/h3>\n<p>\u00ab<em>Ce pr\u00eat s\u2019inscrit dans le cadre des engagements de l\u2019AFD \u00e0 appuyer la transition \u00e9nerg\u00e9tique en Tunisie. Il s\u2019agit d\u2019une volont\u00e9 traduite par la lettre intention sign\u00e9e le 1<sup>er<\/sup> f\u00e9vrier 2018 entre le directeur de l\u2019AFD et le ministre du D\u00e9veloppement, de l\u2019Investissement et de la Coop\u00e9ration internationale, en marge de la visite d\u2019Etat du pr\u00e9sident Emmanuel Macron en Tunisie\u00bb<\/em>, rappelle, par la m\u00eame occasion, M. Chausse.<\/p>\n<p style=\"text-align: center;\"><img loading=\"lazy\" decoding=\"async\" class=\"alignnone wp-image-149354\" src=\"http:\/\/kapitalis.com\/tunisie\/wp-content\/uploads\/2018\/04\/Ahmed-El-Karm.jpg\" alt=\"\" width=\"500\" height=\"375\" \/><\/p>\n<p style=\"text-align: center;\"><em>Ahmed El Karm : \u00abAmen Bank\u00a0est totalement engag\u00e9e dans le financement vert\u00bb.<\/em><\/p>\n<p>\u00ab<em>La ligne de cr\u00e9dit va permettre aux banques d\u2019offrir aux entreprises des conditions incitatives, que ce soit dans la dur\u00e9e, le taux ou la prime \u00e0 l\u2019investissement\u00bb, <\/em>ajoute-t-il, en soulignant que la plupart des projets seront mis en oeuvre\u00a0avec l\u2019appui et le soutien de l&rsquo;Etat tunisien qui est tr\u00e8s engag\u00e9 sur la voie du d\u00e9veloppement d&rsquo;une \u00e9conomie verte respectueuse de l&rsquo;environnement.<\/p>\n<p>&nbsp;<\/p>\n","protected":false},"excerpt":{"rendered":"<p>Une ligne de cr\u00e9dit Sunref (Sustainable Use of Natural Ressources and Energy Finance) d\u00e9di\u00e9e \u00e0 l\u2019\u00e9conomie verte a \u00e9t\u00e9 sign\u00e9e hier soir, lundi 16 avril 2018, \u00e0 Tunis, entre l\u2019Agence fran\u00e7aise de d\u00e9veloppement (AFD) et\u00a0Amen Bank.<\/p>\n","protected":false},"author":7,"featured_media":149351,"comment_status":"open","ping_status":"open","sticky":false,"template":"","format":"standard","meta":{"footnotes":""},"categories":[992,995],"tags":[16844,31669,68,2129,24105],"class_list":["post-149250","post","type-post","status-publish","format-standard","has-post-thumbnail","hentry","category-a-la-une","category-economie","tag-agence-francaise-de-developpement","tag-ahmed-el-karm","tag-amen-bank","tag-efficacite-energetique","tag-gilles-chausse"],"yoast_head":"<!-- This site is optimized with the Yoast SEO plugin v26.6 - https:\/\/yoast.com\/wordpress\/plugins\/seo\/ -->\n<title>Economie verte : Amen Bank et AFD signent un accord de cr\u00e9dit Sunref - Kapitalis<\/title>\n<meta name=\"robots\" content=\"index, follow, max-snippet:-1, max-image-preview:large, max-video-preview:-1\" \/>\n<link rel=\"canonical\" href=\"https:\/\/kapitalis.com\/tunisie\/2018\/04\/17\/economie-verte-amen-bank-et-afd-signent-un-accord-de-credit-sunref\/\" \/>\n<meta property=\"og:locale\" content=\"fr_FR\" \/>\n<meta property=\"og:type\" content=\"article\" \/>\n<meta property=\"og:title\" content=\"Economie verte : Amen Bank et AFD signent un accord de cr\u00e9dit Sunref - Kapitalis\" \/>\n<meta property=\"og:description\" content=\"Une ligne de cr\u00e9dit Sunref (Sustainable Use of Natural Ressources and Energy Finance) d\u00e9di\u00e9e \u00e0 l\u2019\u00e9conomie verte a \u00e9t\u00e9 sign\u00e9e hier soir, lundi 16 avril 2018, \u00e0 Tunis, entre l\u2019Agence fran\u00e7aise de d\u00e9veloppement (AFD) et\u00a0Amen Bank.\" \/>\n<meta property=\"og:url\" content=\"https:\/\/kapitalis.com\/tunisie\/2018\/04\/17\/economie-verte-amen-bank-et-afd-signent-un-accord-de-credit-sunref\/\" \/>\n<meta property=\"og:site_name\" content=\"Kapitalis\" \/>\n<meta property=\"article:publisher\" content=\"https:\/\/www.facebook.com\/KapitalisInfo\/\" \/>\n<meta property=\"article:published_time\" content=\"2018-04-17T18:52:26+00:00\" \/>\n<meta property=\"article:modified_time\" content=\"2018-04-17T22:50:37+00:00\" \/>\n<meta property=\"og:image\" content=\"https:\/\/kapitalis.com\/tunisie\/wp-content\/uploads\/2022\/05\/kapitalis-logo-fb.png\" \/>\n\t<meta property=\"og:image:width\" content=\"1200\" \/>\n\t<meta property=\"og:image:height\" content=\"630\" \/>\n\t<meta property=\"og:image:type\" content=\"image\/png\" \/>\n<meta name=\"author\" content=\"zohra abid\" \/>\n<meta name=\"twitter:card\" content=\"summary_large_image\" \/>\n<meta name=\"twitter:creator\" content=\"@KapitalisInfo\" \/>\n<meta name=\"twitter:site\" content=\"@KapitalisInfo\" \/>\n<meta name=\"twitter:label1\" content=\"\u00c9crit par\" \/>\n\t<meta name=\"twitter:data1\" content=\"zohra abid\" \/>\n\t<meta name=\"twitter:label2\" content=\"Dur\u00e9e de lecture estim\u00e9e\" \/>\n\t<meta name=\"twitter:data2\" content=\"3 minutes\" \/>\n<script type=\"application\/ld+json\" class=\"yoast-schema-graph\">{\"@context\":\"https:\/\/schema.org\",\"@graph\":[{\"@type\":\"Article\",\"@id\":\"https:\/\/kapitalis.com\/tunisie\/2018\/04\/17\/economie-verte-amen-bank-et-afd-signent-un-accord-de-credit-sunref\/#article\",\"isPartOf\":{\"@id\":\"https:\/\/kapitalis.com\/tunisie\/2018\/04\/17\/economie-verte-amen-bank-et-afd-signent-un-accord-de-credit-sunref\/\"},\"author\":{\"name\":\"zohra abid\",\"@id\":\"https:\/\/kapitalis.com\/tunisie\/#\/schema\/person\/6fc2988ceb6eacf6836db1d8360b4912\"},\"headline\":\"Economie verte : Amen Bank et AFD signent un accord de cr\u00e9dit Sunref\",\"datePublished\":\"2018-04-17T18:52:26+00:00\",\"dateModified\":\"2018-04-17T22:50:37+00:00\",\"mainEntityOfPage\":{\"@id\":\"https:\/\/kapitalis.com\/tunisie\/2018\/04\/17\/economie-verte-amen-bank-et-afd-signent-un-accord-de-credit-sunref\/\"},\"wordCount\":598,\"commentCount\":0,\"publisher\":{\"@id\":\"https:\/\/kapitalis.com\/tunisie\/#organization\"},\"image\":{\"@id\":\"https:\/\/kapitalis.com\/tunisie\/2018\/04\/17\/economie-verte-amen-bank-et-afd-signent-un-accord-de-credit-sunref\/#primaryimage\"},\"thumbnailUrl\":\"\",\"keywords\":[\"Agence fran\u00e7aise de d\u00e9veloppement\",\"Ahmed El Karm\",\"Amen Bank\",\"efficacit\u00e9 \u00e9nerg\u00e9tique\",\"Gilles Chausse\"],\"articleSection\":[\"A LA UNE\",\"ECONOMIE\"],\"inLanguage\":\"fr-FR\",\"potentialAction\":[{\"@type\":\"CommentAction\",\"name\":\"Comment\",\"target\":[\"https:\/\/kapitalis.com\/tunisie\/2018\/04\/17\/economie-verte-amen-bank-et-afd-signent-un-accord-de-credit-sunref\/#respond\"]}]},{\"@type\":\"WebPage\",\"@id\":\"https:\/\/kapitalis.com\/tunisie\/2018\/04\/17\/economie-verte-amen-bank-et-afd-signent-un-accord-de-credit-sunref\/\",\"url\":\"https:\/\/kapitalis.com\/tunisie\/2018\/04\/17\/economie-verte-amen-bank-et-afd-signent-un-accord-de-credit-sunref\/\",\"name\":\"Economie verte : Amen Bank et AFD signent un accord de cr\u00e9dit Sunref - Kapitalis\",\"isPartOf\":{\"@id\":\"https:\/\/kapitalis.com\/tunisie\/#website\"},\"primaryImageOfPage\":{\"@id\":\"https:\/\/kapitalis.com\/tunisie\/2018\/04\/17\/economie-verte-amen-bank-et-afd-signent-un-accord-de-credit-sunref\/#primaryimage\"},\"image\":{\"@id\":\"https:\/\/kapitalis.com\/tunisie\/2018\/04\/17\/economie-verte-amen-bank-et-afd-signent-un-accord-de-credit-sunref\/#primaryimage\"},\"thumbnailUrl\":\"\",\"datePublished\":\"2018-04-17T18:52:26+00:00\",\"dateModified\":\"2018-04-17T22:50:37+00:00\",\"breadcrumb\":{\"@id\":\"https:\/\/kapitalis.com\/tunisie\/2018\/04\/17\/economie-verte-amen-bank-et-afd-signent-un-accord-de-credit-sunref\/#breadcrumb\"},\"inLanguage\":\"fr-FR\",\"potentialAction\":[{\"@type\":\"ReadAction\",\"target\":[\"https:\/\/kapitalis.com\/tunisie\/2018\/04\/17\/economie-verte-amen-bank-et-afd-signent-un-accord-de-credit-sunref\/\"]}]},{\"@type\":\"ImageObject\",\"inLanguage\":\"fr-FR\",\"@id\":\"https:\/\/kapitalis.com\/tunisie\/2018\/04\/17\/economie-verte-amen-bank-et-afd-signent-un-accord-de-credit-sunref\/#primaryimage\",\"url\":\"\",\"contentUrl\":\"\"},{\"@type\":\"BreadcrumbList\",\"@id\":\"https:\/\/kapitalis.com\/tunisie\/2018\/04\/17\/economie-verte-amen-bank-et-afd-signent-un-accord-de-credit-sunref\/#breadcrumb\",\"itemListElement\":[{\"@type\":\"ListItem\",\"position\":1,\"name\":\"Accueil\",\"item\":\"https:\/\/kapitalis.com\/tunisie\/\"},{\"@type\":\"ListItem\",\"position\":2,\"name\":\"Economie verte : Amen Bank et AFD signent un accord de cr\u00e9dit Sunref\"}]},{\"@type\":\"WebSite\",\"@id\":\"https:\/\/kapitalis.com\/tunisie\/#website\",\"url\":\"https:\/\/kapitalis.com\/tunisie\/\",\"name\":\"Kapitalis\",\"description\":\"L&#039;actualit\u00e9 en Tunisie et dans le monde\",\"publisher\":{\"@id\":\"https:\/\/kapitalis.com\/tunisie\/#organization\"},\"potentialAction\":[{\"@type\":\"SearchAction\",\"target\":{\"@type\":\"EntryPoint\",\"urlTemplate\":\"https:\/\/kapitalis.com\/tunisie\/?s={search_term_string}\"},\"query-input\":{\"@type\":\"PropertyValueSpecification\",\"valueRequired\":true,\"valueName\":\"search_term_string\"}}],\"inLanguage\":\"fr-FR\"},{\"@type\":\"Organization\",\"@id\":\"https:\/\/kapitalis.com\/tunisie\/#organization\",\"name\":\"Kapitalis\",\"url\":\"https:\/\/kapitalis.com\/tunisie\/\",\"logo\":{\"@type\":\"ImageObject\",\"inLanguage\":\"fr-FR\",\"@id\":\"https:\/\/kapitalis.com\/tunisie\/#\/schema\/logo\/image\/\",\"url\":\"https:\/\/kapitalis.com\/tunisie\/wp-content\/uploads\/2022\/05\/Kapitalis-big-size.png\",\"contentUrl\":\"https:\/\/kapitalis.com\/tunisie\/wp-content\/uploads\/2022\/05\/Kapitalis-big-size.png\",\"width\":5000,\"height\":1500,\"caption\":\"Kapitalis\"},\"image\":{\"@id\":\"https:\/\/kapitalis.com\/tunisie\/#\/schema\/logo\/image\/\"},\"sameAs\":[\"https:\/\/www.facebook.com\/KapitalisInfo\/\",\"https:\/\/x.com\/KapitalisInfo\",\"https:\/\/www.youtube.com\/channel\/UC-yDYrHyfFBWWZaOw3FPg9Q\"]},{\"@type\":\"Person\",\"@id\":\"https:\/\/kapitalis.com\/tunisie\/#\/schema\/person\/6fc2988ceb6eacf6836db1d8360b4912\",\"name\":\"zohra abid\",\"url\":\"https:\/\/kapitalis.com\/tunisie\/author\/zohra-abid-2015\/\"}]}<\/script>\n<!-- \/ Yoast SEO plugin. -->","yoast_head_json":{"title":"Economie verte : Amen Bank et AFD signent un accord de cr\u00e9dit Sunref - Kapitalis","robots":{"index":"index","follow":"follow","max-snippet":"max-snippet:-1","max-image-preview":"max-image-preview:large","max-video-preview":"max-video-preview:-1"},"canonical":"https:\/\/kapitalis.com\/tunisie\/2018\/04\/17\/economie-verte-amen-bank-et-afd-signent-un-accord-de-credit-sunref\/","og_locale":"fr_FR","og_type":"article","og_title":"Economie verte : Amen Bank et AFD signent un accord de cr\u00e9dit Sunref - Kapitalis","og_description":"Une ligne de cr\u00e9dit Sunref (Sustainable Use of Natural Ressources and Energy Finance) d\u00e9di\u00e9e \u00e0 l\u2019\u00e9conomie verte a \u00e9t\u00e9 sign\u00e9e hier soir, lundi 16 avril 2018, \u00e0 Tunis, entre l\u2019Agence fran\u00e7aise de d\u00e9veloppement (AFD) et\u00a0Amen Bank.","og_url":"https:\/\/kapitalis.com\/tunisie\/2018\/04\/17\/economie-verte-amen-bank-et-afd-signent-un-accord-de-credit-sunref\/","og_site_name":"Kapitalis","article_publisher":"https:\/\/www.facebook.com\/KapitalisInfo\/","article_published_time":"2018-04-17T18:52:26+00:00","article_modified_time":"2018-04-17T22:50:37+00:00","og_image":[{"width":1200,"height":630,"url":"https:\/\/kapitalis.com\/tunisie\/wp-content\/uploads\/2022\/05\/kapitalis-logo-fb.png","type":"image\/png"}],"author":"zohra abid","twitter_card":"summary_large_image","twitter_creator":"@KapitalisInfo","twitter_site":"@KapitalisInfo","twitter_misc":{"\u00c9crit par":"zohra abid","Dur\u00e9e de lecture estim\u00e9e":"3 minutes"},"schema":{"@context":"https:\/\/schema.org","@graph":[{"@type":"Article","@id":"https:\/\/kapitalis.com\/tunisie\/2018\/04\/17\/economie-verte-amen-bank-et-afd-signent-un-accord-de-credit-sunref\/#article","isPartOf":{"@id":"https:\/\/kapitalis.com\/tunisie\/2018\/04\/17\/economie-verte-amen-bank-et-afd-signent-un-accord-de-credit-sunref\/"},"author":{"name":"zohra abid","@id":"https:\/\/kapitalis.com\/tunisie\/#\/schema\/person\/6fc2988ceb6eacf6836db1d8360b4912"},"headline":"Economie verte : Amen Bank et AFD signent un accord de cr\u00e9dit Sunref","datePublished":"2018-04-17T18:52:26+00:00","dateModified":"2018-04-17T22:50:37+00:00","mainEntityOfPage":{"@id":"https:\/\/kapitalis.com\/tunisie\/2018\/04\/17\/economie-verte-amen-bank-et-afd-signent-un-accord-de-credit-sunref\/"},"wordCount":598,"commentCount":0,"publisher":{"@id":"https:\/\/kapitalis.com\/tunisie\/#organization"},"image":{"@id":"https:\/\/kapitalis.com\/tunisie\/2018\/04\/17\/economie-verte-amen-bank-et-afd-signent-un-accord-de-credit-sunref\/#primaryimage"},"thumbnailUrl":"","keywords":["Agence fran\u00e7aise de d\u00e9veloppement","Ahmed El Karm","Amen Bank","efficacit\u00e9 \u00e9nerg\u00e9tique","Gilles Chausse"],"articleSection":["A LA UNE","ECONOMIE"],"inLanguage":"fr-FR","potentialAction":[{"@type":"CommentAction","name":"Comment","target":["https:\/\/kapitalis.com\/tunisie\/2018\/04\/17\/economie-verte-amen-bank-et-afd-signent-un-accord-de-credit-sunref\/#respond"]}]},{"@type":"WebPage","@id":"https:\/\/kapitalis.com\/tunisie\/2018\/04\/17\/economie-verte-amen-bank-et-afd-signent-un-accord-de-credit-sunref\/","url":"https:\/\/kapitalis.com\/tunisie\/2018\/04\/17\/economie-verte-amen-bank-et-afd-signent-un-accord-de-credit-sunref\/","name":"Economie verte : Amen Bank et AFD signent un accord de cr\u00e9dit Sunref - Kapitalis","isPartOf":{"@id":"https:\/\/kapitalis.com\/tunisie\/#website"},"primaryImageOfPage":{"@id":"https:\/\/kapitalis.com\/tunisie\/2018\/04\/17\/economie-verte-amen-bank-et-afd-signent-un-accord-de-credit-sunref\/#primaryimage"},"image":{"@id":"https:\/\/kapitalis.com\/tunisie\/2018\/04\/17\/economie-verte-amen-bank-et-afd-signent-un-accord-de-credit-sunref\/#primaryimage"},"thumbnailUrl":"","datePublished":"2018-04-17T18:52:26+00:00","dateModified":"2018-04-17T22:50:37+00:00","breadcrumb":{"@id":"https:\/\/kapitalis.com\/tunisie\/2018\/04\/17\/economie-verte-amen-bank-et-afd-signent-un-accord-de-credit-sunref\/#breadcrumb"},"inLanguage":"fr-FR","potentialAction":[{"@type":"ReadAction","target":["https:\/\/kapitalis.com\/tunisie\/2018\/04\/17\/economie-verte-amen-bank-et-afd-signent-un-accord-de-credit-sunref\/"]}]},{"@type":"ImageObject","inLanguage":"fr-FR","@id":"https:\/\/kapitalis.com\/tunisie\/2018\/04\/17\/economie-verte-amen-bank-et-afd-signent-un-accord-de-credit-sunref\/#primaryimage","url":"","contentUrl":""},{"@type":"BreadcrumbList","@id":"https:\/\/kapitalis.com\/tunisie\/2018\/04\/17\/economie-verte-amen-bank-et-afd-signent-un-accord-de-credit-sunref\/#breadcrumb","itemListElement":[{"@type":"ListItem","position":1,"name":"Accueil","item":"https:\/\/kapitalis.com\/tunisie\/"},{"@type":"ListItem","position":2,"name":"Economie verte : Amen Bank et AFD signent un accord de cr\u00e9dit Sunref"}]},{"@type":"WebSite","@id":"https:\/\/kapitalis.com\/tunisie\/#website","url":"https:\/\/kapitalis.com\/tunisie\/","name":"Kapitalis","description":"L&#039;actualit\u00e9 en Tunisie et dans le monde","publisher":{"@id":"https:\/\/kapitalis.com\/tunisie\/#organization"},"potentialAction":[{"@type":"SearchAction","target":{"@type":"EntryPoint","urlTemplate":"https:\/\/kapitalis.com\/tunisie\/?s={search_term_string}"},"query-input":{"@type":"PropertyValueSpecification","valueRequired":true,"valueName":"search_term_string"}}],"inLanguage":"fr-FR"},{"@type":"Organization","@id":"https:\/\/kapitalis.com\/tunisie\/#organization","name":"Kapitalis","url":"https:\/\/kapitalis.com\/tunisie\/","logo":{"@type":"ImageObject","inLanguage":"fr-FR","@id":"https:\/\/kapitalis.com\/tunisie\/#\/schema\/logo\/image\/","url":"https:\/\/kapitalis.com\/tunisie\/wp-content\/uploads\/2022\/05\/Kapitalis-big-size.png","contentUrl":"https:\/\/kapitalis.com\/tunisie\/wp-content\/uploads\/2022\/05\/Kapitalis-big-size.png","width":5000,"height":1500,"caption":"Kapitalis"},"image":{"@id":"https:\/\/kapitalis.com\/tunisie\/#\/schema\/logo\/image\/"},"sameAs":["https:\/\/www.facebook.com\/KapitalisInfo\/","https:\/\/x.com\/KapitalisInfo","https:\/\/www.youtube.com\/channel\/UC-yDYrHyfFBWWZaOw3FPg9Q"]},{"@type":"Person","@id":"https:\/\/kapitalis.com\/tunisie\/#\/schema\/person\/6fc2988ceb6eacf6836db1d8360b4912","name":"zohra abid","url":"https:\/\/kapitalis.com\/tunisie\/author\/zohra-abid-2015\/"}]}},"_links":{"self":[{"href":"https:\/\/kapitalis.com\/tunisie\/wp-json\/wp\/v2\/posts\/149250","targetHints":{"allow":["GET"]}}],"collection":[{"href":"https:\/\/kapitalis.com\/tunisie\/wp-json\/wp\/v2\/posts"}],"about":[{"href":"https:\/\/kapitalis.com\/tunisie\/wp-json\/wp\/v2\/types\/post"}],"author":[{"embeddable":true,"href":"https:\/\/kapitalis.com\/tunisie\/wp-json\/wp\/v2\/users\/7"}],"replies":[{"embeddable":true,"href":"https:\/\/kapitalis.com\/tunisie\/wp-json\/wp\/v2\/comments?post=149250"}],"version-history":[{"count":0,"href":"https:\/\/kapitalis.com\/tunisie\/wp-json\/wp\/v2\/posts\/149250\/revisions"}],"wp:featuredmedia":[{"embeddable":true,"href":"https:\/\/kapitalis.com\/tunisie\/wp-json\/wp\/v2\/media\/149351"}],"wp:attachment":[{"href":"https:\/\/kapitalis.com\/tunisie\/wp-json\/wp\/v2\/media?parent=149250"}],"wp:term":[{"taxonomy":"category","embeddable":true,"href":"https:\/\/kapitalis.com\/tunisie\/wp-json\/wp\/v2\/categories?post=149250"},{"taxonomy":"post_tag","embeddable":true,"href":"https:\/\/kapitalis.com\/tunisie\/wp-json\/wp\/v2\/tags?post=149250"}],"curies":[{"name":"wp","href":"https:\/\/api.w.org\/{rel}","templated":true}]}}