{"id":14926636,"date":"2024-12-20T11:42:22","date_gmt":"2024-12-20T10:42:22","guid":{"rendered":"https:\/\/kapitalis.com\/tunisie\/?p=14926636"},"modified":"2024-12-20T11:42:24","modified_gmt":"2024-12-20T10:42:24","slug":"les-femmes-manifestent-a-damas-pour-une-syrie-civile-et-laique","status":"publish","type":"post","link":"https:\/\/kapitalis.com\/tunisie\/2024\/12\/20\/les-femmes-manifestent-a-damas-pour-une-syrie-civile-et-laique\/","title":{"rendered":"Les femmes manifestent \u00e0 Damas pour \u00abune Syrie civile et la\u00efque\u00bb"},"content":{"rendered":"\n<p><strong><em>Des centaines de personnes sont descendues, jeudi 19 d\u00e9cembre 2024, sur la place centrale des Omeyyades \u00e0 Damas pour r\u00e9clamer un \u00ab\u00c9tat uni, civil et la\u00efc\u00bb. Les manifestants ont aussi brandi des slogans contre un Etat confessionnel et pour les droits des femmes.<\/em><\/strong><\/p>\n\n\n\n<!--more-->\n\n\n\n<p>Ce mouvement est une r\u00e9ponse \u00e0 une s\u00e9rie de d\u00e9clarations parues ces derniers jours d\u2019Obeida Arnaout, porte-parole pour les affaires politiques du nouveau gouvernement islamiste de Damas, issu du groupe &nbsp;Hayat Tahrir Al-Sham (HTS), dont celle selon laquelle <em>\u00ables femmes sont biologiquement inapte \u00e0 occuper des postes gouvernementaux \u00e9lev\u00e9s\u00bb<\/em>.<\/p>\n\n\n\n<p><em>\u00abNous voulons une Syrie civile et la\u00efque\u00bb<\/em>, tel \u00e9tait l&rsquo;un des slogans scand\u00e9s par les manifestants rassembl\u00e9s sur la place symbolisant la chutedu r\u00e9gime dictatorial de Bachar Al-Assad, le 8 d\u00e9cembre. <em>\u00abLa\u00efcit\u00e9! La\u00efcit\u00e9!\u00bb<\/em>, criaient les manifestants, tandis que d\u2019autres : <em>\u00abNous ne voulons ni d\u2019un Etat policier, ni d\u2019un Etat religieux!\u00bb<\/em>.<\/p>\n\n\n\n<p>D&rsquo;autres pancartes d\u00e9ploy\u00e9es lors de la manifestation parlaient de l\u2019\u00e9galit\u00e9 des chances entre les femmes et les hommes. Et de l\u2019unit\u00e9 territoriale de la Syrie :<em> \u00abDe Jazira \u00e0 Hawran, les Arabes et les Kurdes sont fr\u00e8res\u00bb<\/em>, disait un autre slogan lanc\u00e9 par les manifestants en r\u00e9f\u00e9rence \u00e0 la r\u00e9gion orientale du pays (Jazira) et \u00e0 celle de l&rsquo;extr\u00eame sud-ouest ( Hawran).<\/p>\n\n\n\n<p class=\"has-text-align-right\"><strong>I.B.<\/strong> <\/p>\n","protected":false},"excerpt":{"rendered":"<p>Des Syriennes ont manifest\u00e9 \u00e0 Damas contre un Etat confessionnel et pour les droits des femmes.<\/p>\n","protected":false},"author":8,"featured_media":14926643,"comment_status":"open","ping_status":"open","sticky":false,"template":"","format":"standard","meta":{"footnotes":""},"categories":[997,2433],"tags":[5737,5428,7426,119654,119655,119653,873],"class_list":["post-14926636","post","type-post","status-publish","format-standard","has-post-thumbnail","hentry","category-politique","category-tunisie","tag-bachar-al-assad","tag-damas","tag-droits-des-femmes","tag-etat-religieux","tag-hayat-tahrir-al-sham-2","tag-obeida-arnaout","tag-syrie"],"yoast_head":"<!-- This site is optimized with the Yoast SEO plugin v26.6 - https:\/\/yoast.com\/wordpress\/plugins\/seo\/ -->\n<title>Les femmes manifestent \u00e0 Damas pour \u00abune Syrie civile et la\u00efque\u00bb - Kapitalis<\/title>\n<meta name=\"robots\" content=\"index, follow, max-snippet:-1, max-image-preview:large, max-video-preview:-1\" \/>\n<link rel=\"canonical\" href=\"https:\/\/kapitalis.com\/tunisie\/2024\/12\/20\/les-femmes-manifestent-a-damas-pour-une-syrie-civile-et-laique\/\" \/>\n<meta property=\"og:locale\" content=\"fr_FR\" \/>\n<meta property=\"og:type\" content=\"article\" \/>\n<meta property=\"og:title\" content=\"Les femmes manifestent \u00e0 Damas pour \u00abune Syrie civile et la\u00efque\u00bb - Kapitalis\" \/>\n<meta property=\"og:description\" content=\"Des Syriennes ont manifest\u00e9 \u00e0 Damas contre un Etat confessionnel et pour les droits des femmes.\" \/>\n<meta property=\"og:url\" content=\"https:\/\/kapitalis.com\/tunisie\/2024\/12\/20\/les-femmes-manifestent-a-damas-pour-une-syrie-civile-et-laique\/\" \/>\n<meta property=\"og:site_name\" content=\"Kapitalis\" \/>\n<meta property=\"article:publisher\" content=\"https:\/\/www.facebook.com\/KapitalisInfo\/\" \/>\n<meta property=\"article:published_time\" content=\"2024-12-20T10:42:22+00:00\" \/>\n<meta property=\"article:modified_time\" content=\"2024-12-20T10:42:24+00:00\" \/>\n<meta property=\"og:image\" content=\"https:\/\/kapitalis.com\/tunisie\/wp-content\/uploads\/2024\/12\/Femmes-syriennes-libres.jpg\" \/>\n\t<meta property=\"og:image:width\" content=\"1200\" \/>\n\t<meta property=\"og:image:height\" content=\"630\" \/>\n\t<meta property=\"og:image:type\" content=\"image\/jpeg\" \/>\n<meta name=\"author\" content=\"webmaster kapitalis\" \/>\n<meta name=\"twitter:card\" content=\"summary_large_image\" \/>\n<meta name=\"twitter:creator\" content=\"@KapitalisInfo\" \/>\n<meta name=\"twitter:site\" content=\"@KapitalisInfo\" \/>\n<meta name=\"twitter:label1\" content=\"\u00c9crit par\" \/>\n\t<meta name=\"twitter:data1\" content=\"webmaster kapitalis\" \/>\n\t<meta name=\"twitter:label2\" content=\"Dur\u00e9e de lecture estim\u00e9e\" \/>\n\t<meta name=\"twitter:data2\" content=\"2 minutes\" \/>\n<script type=\"application\/ld+json\" class=\"yoast-schema-graph\">{\"@context\":\"https:\/\/schema.org\",\"@graph\":[{\"@type\":\"Article\",\"@id\":\"https:\/\/kapitalis.com\/tunisie\/2024\/12\/20\/les-femmes-manifestent-a-damas-pour-une-syrie-civile-et-laique\/#article\",\"isPartOf\":{\"@id\":\"https:\/\/kapitalis.com\/tunisie\/2024\/12\/20\/les-femmes-manifestent-a-damas-pour-une-syrie-civile-et-laique\/\"},\"author\":{\"name\":\"webmaster kapitalis\",\"@id\":\"https:\/\/kapitalis.com\/tunisie\/#\/schema\/person\/d71f33a9ca44f7bad4698210b480c8e9\"},\"headline\":\"Les femmes manifestent \u00e0 Damas pour \u00abune Syrie civile et la\u00efque\u00bb\",\"datePublished\":\"2024-12-20T10:42:22+00:00\",\"dateModified\":\"2024-12-20T10:42:24+00:00\",\"mainEntityOfPage\":{\"@id\":\"https:\/\/kapitalis.com\/tunisie\/2024\/12\/20\/les-femmes-manifestent-a-damas-pour-une-syrie-civile-et-laique\/\"},\"wordCount\":234,\"commentCount\":2,\"publisher\":{\"@id\":\"https:\/\/kapitalis.com\/tunisie\/#organization\"},\"image\":{\"@id\":\"https:\/\/kapitalis.com\/tunisie\/2024\/12\/20\/les-femmes-manifestent-a-damas-pour-une-syrie-civile-et-laique\/#primaryimage\"},\"thumbnailUrl\":\"https:\/\/kapitalis.com\/tunisie\/wp-content\/uploads\/2024\/12\/Femmes-syriennes-libres.jpg\",\"keywords\":[\"Bachar al-Assad\",\"Damas\",\"droits des femmes\",\"Etat religieux\",\"Hayat Tahrir Al-Sham\",\"Obeida Arnaout\",\"Syrie\"],\"articleSection\":[\"POLITIQUE\",\"Tunisie\"],\"inLanguage\":\"fr-FR\",\"potentialAction\":[{\"@type\":\"CommentAction\",\"name\":\"Comment\",\"target\":[\"https:\/\/kapitalis.com\/tunisie\/2024\/12\/20\/les-femmes-manifestent-a-damas-pour-une-syrie-civile-et-laique\/#respond\"]}]},{\"@type\":\"WebPage\",\"@id\":\"https:\/\/kapitalis.com\/tunisie\/2024\/12\/20\/les-femmes-manifestent-a-damas-pour-une-syrie-civile-et-laique\/\",\"url\":\"https:\/\/kapitalis.com\/tunisie\/2024\/12\/20\/les-femmes-manifestent-a-damas-pour-une-syrie-civile-et-laique\/\",\"name\":\"Les femmes manifestent \u00e0 Damas pour \u00abune Syrie civile et la\u00efque\u00bb - Kapitalis\",\"isPartOf\":{\"@id\":\"https:\/\/kapitalis.com\/tunisie\/#website\"},\"primaryImageOfPage\":{\"@id\":\"https:\/\/kapitalis.com\/tunisie\/2024\/12\/20\/les-femmes-manifestent-a-damas-pour-une-syrie-civile-et-laique\/#primaryimage\"},\"image\":{\"@id\":\"https:\/\/kapitalis.com\/tunisie\/2024\/12\/20\/les-femmes-manifestent-a-damas-pour-une-syrie-civile-et-laique\/#primaryimage\"},\"thumbnailUrl\":\"https:\/\/kapitalis.com\/tunisie\/wp-content\/uploads\/2024\/12\/Femmes-syriennes-libres.jpg\",\"datePublished\":\"2024-12-20T10:42:22+00:00\",\"dateModified\":\"2024-12-20T10:42:24+00:00\",\"breadcrumb\":{\"@id\":\"https:\/\/kapitalis.com\/tunisie\/2024\/12\/20\/les-femmes-manifestent-a-damas-pour-une-syrie-civile-et-laique\/#breadcrumb\"},\"inLanguage\":\"fr-FR\",\"potentialAction\":[{\"@type\":\"ReadAction\",\"target\":[\"https:\/\/kapitalis.com\/tunisie\/2024\/12\/20\/les-femmes-manifestent-a-damas-pour-une-syrie-civile-et-laique\/\"]}]},{\"@type\":\"ImageObject\",\"inLanguage\":\"fr-FR\",\"@id\":\"https:\/\/kapitalis.com\/tunisie\/2024\/12\/20\/les-femmes-manifestent-a-damas-pour-une-syrie-civile-et-laique\/#primaryimage\",\"url\":\"https:\/\/kapitalis.com\/tunisie\/wp-content\/uploads\/2024\/12\/Femmes-syriennes-libres.jpg\",\"contentUrl\":\"https:\/\/kapitalis.com\/tunisie\/wp-content\/uploads\/2024\/12\/Femmes-syriennes-libres.jpg\",\"width\":1200,\"height\":630},{\"@type\":\"BreadcrumbList\",\"@id\":\"https:\/\/kapitalis.com\/tunisie\/2024\/12\/20\/les-femmes-manifestent-a-damas-pour-une-syrie-civile-et-laique\/#breadcrumb\",\"itemListElement\":[{\"@type\":\"ListItem\",\"position\":1,\"name\":\"Accueil\",\"item\":\"https:\/\/kapitalis.com\/tunisie\/\"},{\"@type\":\"ListItem\",\"position\":2,\"name\":\"Les femmes manifestent \u00e0 Damas pour \u00abune Syrie civile et la\u00efque\u00bb\"}]},{\"@type\":\"WebSite\",\"@id\":\"https:\/\/kapitalis.com\/tunisie\/#website\",\"url\":\"https:\/\/kapitalis.com\/tunisie\/\",\"name\":\"Kapitalis\",\"description\":\"L&#039;actualit\u00e9 en Tunisie et dans le monde\",\"publisher\":{\"@id\":\"https:\/\/kapitalis.com\/tunisie\/#organization\"},\"potentialAction\":[{\"@type\":\"SearchAction\",\"target\":{\"@type\":\"EntryPoint\",\"urlTemplate\":\"https:\/\/kapitalis.com\/tunisie\/?s={search_term_string}\"},\"query-input\":{\"@type\":\"PropertyValueSpecification\",\"valueRequired\":true,\"valueName\":\"search_term_string\"}}],\"inLanguage\":\"fr-FR\"},{\"@type\":\"Organization\",\"@id\":\"https:\/\/kapitalis.com\/tunisie\/#organization\",\"name\":\"Kapitalis\",\"url\":\"https:\/\/kapitalis.com\/tunisie\/\",\"logo\":{\"@type\":\"ImageObject\",\"inLanguage\":\"fr-FR\",\"@id\":\"https:\/\/kapitalis.com\/tunisie\/#\/schema\/logo\/image\/\",\"url\":\"https:\/\/kapitalis.com\/tunisie\/wp-content\/uploads\/2022\/05\/Kapitalis-big-size.png\",\"contentUrl\":\"https:\/\/kapitalis.com\/tunisie\/wp-content\/uploads\/2022\/05\/Kapitalis-big-size.png\",\"width\":5000,\"height\":1500,\"caption\":\"Kapitalis\"},\"image\":{\"@id\":\"https:\/\/kapitalis.com\/tunisie\/#\/schema\/logo\/image\/\"},\"sameAs\":[\"https:\/\/www.facebook.com\/KapitalisInfo\/\",\"https:\/\/x.com\/KapitalisInfo\",\"https:\/\/www.youtube.com\/channel\/UC-yDYrHyfFBWWZaOw3FPg9Q\"]},{\"@type\":\"Person\",\"@id\":\"https:\/\/kapitalis.com\/tunisie\/#\/schema\/person\/d71f33a9ca44f7bad4698210b480c8e9\",\"name\":\"webmaster kapitalis\",\"url\":\"https:\/\/kapitalis.com\/tunisie\/author\/webmaster-kapitalis\/\"}]}<\/script>\n<!-- \/ Yoast SEO plugin. -->","yoast_head_json":{"title":"Les femmes manifestent \u00e0 Damas pour \u00abune Syrie civile et la\u00efque\u00bb - Kapitalis","robots":{"index":"index","follow":"follow","max-snippet":"max-snippet:-1","max-image-preview":"max-image-preview:large","max-video-preview":"max-video-preview:-1"},"canonical":"https:\/\/kapitalis.com\/tunisie\/2024\/12\/20\/les-femmes-manifestent-a-damas-pour-une-syrie-civile-et-laique\/","og_locale":"fr_FR","og_type":"article","og_title":"Les femmes manifestent \u00e0 Damas pour \u00abune Syrie civile et la\u00efque\u00bb - Kapitalis","og_description":"Des Syriennes ont manifest\u00e9 \u00e0 Damas contre un Etat confessionnel et pour les droits des femmes.","og_url":"https:\/\/kapitalis.com\/tunisie\/2024\/12\/20\/les-femmes-manifestent-a-damas-pour-une-syrie-civile-et-laique\/","og_site_name":"Kapitalis","article_publisher":"https:\/\/www.facebook.com\/KapitalisInfo\/","article_published_time":"2024-12-20T10:42:22+00:00","article_modified_time":"2024-12-20T10:42:24+00:00","og_image":[{"width":1200,"height":630,"url":"https:\/\/kapitalis.com\/tunisie\/wp-content\/uploads\/2024\/12\/Femmes-syriennes-libres.jpg","type":"image\/jpeg"}],"author":"webmaster kapitalis","twitter_card":"summary_large_image","twitter_creator":"@KapitalisInfo","twitter_site":"@KapitalisInfo","twitter_misc":{"\u00c9crit par":"webmaster kapitalis","Dur\u00e9e de lecture estim\u00e9e":"2 minutes"},"schema":{"@context":"https:\/\/schema.org","@graph":[{"@type":"Article","@id":"https:\/\/kapitalis.com\/tunisie\/2024\/12\/20\/les-femmes-manifestent-a-damas-pour-une-syrie-civile-et-laique\/#article","isPartOf":{"@id":"https:\/\/kapitalis.com\/tunisie\/2024\/12\/20\/les-femmes-manifestent-a-damas-pour-une-syrie-civile-et-laique\/"},"author":{"name":"webmaster kapitalis","@id":"https:\/\/kapitalis.com\/tunisie\/#\/schema\/person\/d71f33a9ca44f7bad4698210b480c8e9"},"headline":"Les femmes manifestent \u00e0 Damas pour \u00abune Syrie civile et la\u00efque\u00bb","datePublished":"2024-12-20T10:42:22+00:00","dateModified":"2024-12-20T10:42:24+00:00","mainEntityOfPage":{"@id":"https:\/\/kapitalis.com\/tunisie\/2024\/12\/20\/les-femmes-manifestent-a-damas-pour-une-syrie-civile-et-laique\/"},"wordCount":234,"commentCount":2,"publisher":{"@id":"https:\/\/kapitalis.com\/tunisie\/#organization"},"image":{"@id":"https:\/\/kapitalis.com\/tunisie\/2024\/12\/20\/les-femmes-manifestent-a-damas-pour-une-syrie-civile-et-laique\/#primaryimage"},"thumbnailUrl":"https:\/\/kapitalis.com\/tunisie\/wp-content\/uploads\/2024\/12\/Femmes-syriennes-libres.jpg","keywords":["Bachar al-Assad","Damas","droits des femmes","Etat religieux","Hayat Tahrir Al-Sham","Obeida Arnaout","Syrie"],"articleSection":["POLITIQUE","Tunisie"],"inLanguage":"fr-FR","potentialAction":[{"@type":"CommentAction","name":"Comment","target":["https:\/\/kapitalis.com\/tunisie\/2024\/12\/20\/les-femmes-manifestent-a-damas-pour-une-syrie-civile-et-laique\/#respond"]}]},{"@type":"WebPage","@id":"https:\/\/kapitalis.com\/tunisie\/2024\/12\/20\/les-femmes-manifestent-a-damas-pour-une-syrie-civile-et-laique\/","url":"https:\/\/kapitalis.com\/tunisie\/2024\/12\/20\/les-femmes-manifestent-a-damas-pour-une-syrie-civile-et-laique\/","name":"Les femmes manifestent \u00e0 Damas pour \u00abune Syrie civile et la\u00efque\u00bb - Kapitalis","isPartOf":{"@id":"https:\/\/kapitalis.com\/tunisie\/#website"},"primaryImageOfPage":{"@id":"https:\/\/kapitalis.com\/tunisie\/2024\/12\/20\/les-femmes-manifestent-a-damas-pour-une-syrie-civile-et-laique\/#primaryimage"},"image":{"@id":"https:\/\/kapitalis.com\/tunisie\/2024\/12\/20\/les-femmes-manifestent-a-damas-pour-une-syrie-civile-et-laique\/#primaryimage"},"thumbnailUrl":"https:\/\/kapitalis.com\/tunisie\/wp-content\/uploads\/2024\/12\/Femmes-syriennes-libres.jpg","datePublished":"2024-12-20T10:42:22+00:00","dateModified":"2024-12-20T10:42:24+00:00","breadcrumb":{"@id":"https:\/\/kapitalis.com\/tunisie\/2024\/12\/20\/les-femmes-manifestent-a-damas-pour-une-syrie-civile-et-laique\/#breadcrumb"},"inLanguage":"fr-FR","potentialAction":[{"@type":"ReadAction","target":["https:\/\/kapitalis.com\/tunisie\/2024\/12\/20\/les-femmes-manifestent-a-damas-pour-une-syrie-civile-et-laique\/"]}]},{"@type":"ImageObject","inLanguage":"fr-FR","@id":"https:\/\/kapitalis.com\/tunisie\/2024\/12\/20\/les-femmes-manifestent-a-damas-pour-une-syrie-civile-et-laique\/#primaryimage","url":"https:\/\/kapitalis.com\/tunisie\/wp-content\/uploads\/2024\/12\/Femmes-syriennes-libres.jpg","contentUrl":"https:\/\/kapitalis.com\/tunisie\/wp-content\/uploads\/2024\/12\/Femmes-syriennes-libres.jpg","width":1200,"height":630},{"@type":"BreadcrumbList","@id":"https:\/\/kapitalis.com\/tunisie\/2024\/12\/20\/les-femmes-manifestent-a-damas-pour-une-syrie-civile-et-laique\/#breadcrumb","itemListElement":[{"@type":"ListItem","position":1,"name":"Accueil","item":"https:\/\/kapitalis.com\/tunisie\/"},{"@type":"ListItem","position":2,"name":"Les femmes manifestent \u00e0 Damas pour \u00abune Syrie civile et la\u00efque\u00bb"}]},{"@type":"WebSite","@id":"https:\/\/kapitalis.com\/tunisie\/#website","url":"https:\/\/kapitalis.com\/tunisie\/","name":"Kapitalis","description":"L&#039;actualit\u00e9 en Tunisie et dans le monde","publisher":{"@id":"https:\/\/kapitalis.com\/tunisie\/#organization"},"potentialAction":[{"@type":"SearchAction","target":{"@type":"EntryPoint","urlTemplate":"https:\/\/kapitalis.com\/tunisie\/?s={search_term_string}"},"query-input":{"@type":"PropertyValueSpecification","valueRequired":true,"valueName":"search_term_string"}}],"inLanguage":"fr-FR"},{"@type":"Organization","@id":"https:\/\/kapitalis.com\/tunisie\/#organization","name":"Kapitalis","url":"https:\/\/kapitalis.com\/tunisie\/","logo":{"@type":"ImageObject","inLanguage":"fr-FR","@id":"https:\/\/kapitalis.com\/tunisie\/#\/schema\/logo\/image\/","url":"https:\/\/kapitalis.com\/tunisie\/wp-content\/uploads\/2022\/05\/Kapitalis-big-size.png","contentUrl":"https:\/\/kapitalis.com\/tunisie\/wp-content\/uploads\/2022\/05\/Kapitalis-big-size.png","width":5000,"height":1500,"caption":"Kapitalis"},"image":{"@id":"https:\/\/kapitalis.com\/tunisie\/#\/schema\/logo\/image\/"},"sameAs":["https:\/\/www.facebook.com\/KapitalisInfo\/","https:\/\/x.com\/KapitalisInfo","https:\/\/www.youtube.com\/channel\/UC-yDYrHyfFBWWZaOw3FPg9Q"]},{"@type":"Person","@id":"https:\/\/kapitalis.com\/tunisie\/#\/schema\/person\/d71f33a9ca44f7bad4698210b480c8e9","name":"webmaster kapitalis","url":"https:\/\/kapitalis.com\/tunisie\/author\/webmaster-kapitalis\/"}]}},"_links":{"self":[{"href":"https:\/\/kapitalis.com\/tunisie\/wp-json\/wp\/v2\/posts\/14926636","targetHints":{"allow":["GET"]}}],"collection":[{"href":"https:\/\/kapitalis.com\/tunisie\/wp-json\/wp\/v2\/posts"}],"about":[{"href":"https:\/\/kapitalis.com\/tunisie\/wp-json\/wp\/v2\/types\/post"}],"author":[{"embeddable":true,"href":"https:\/\/kapitalis.com\/tunisie\/wp-json\/wp\/v2\/users\/8"}],"replies":[{"embeddable":true,"href":"https:\/\/kapitalis.com\/tunisie\/wp-json\/wp\/v2\/comments?post=14926636"}],"version-history":[{"count":1,"href":"https:\/\/kapitalis.com\/tunisie\/wp-json\/wp\/v2\/posts\/14926636\/revisions"}],"predecessor-version":[{"id":14926645,"href":"https:\/\/kapitalis.com\/tunisie\/wp-json\/wp\/v2\/posts\/14926636\/revisions\/14926645"}],"wp:featuredmedia":[{"embeddable":true,"href":"https:\/\/kapitalis.com\/tunisie\/wp-json\/wp\/v2\/media\/14926643"}],"wp:attachment":[{"href":"https:\/\/kapitalis.com\/tunisie\/wp-json\/wp\/v2\/media?parent=14926636"}],"wp:term":[{"taxonomy":"category","embeddable":true,"href":"https:\/\/kapitalis.com\/tunisie\/wp-json\/wp\/v2\/categories?post=14926636"},{"taxonomy":"post_tag","embeddable":true,"href":"https:\/\/kapitalis.com\/tunisie\/wp-json\/wp\/v2\/tags?post=14926636"}],"curies":[{"name":"wp","href":"https:\/\/api.w.org\/{rel}","templated":true}]}}