{"id":14937547,"date":"2024-12-21T12:20:42","date_gmt":"2024-12-21T11:20:42","guid":{"rendered":"https:\/\/kapitalis.com\/tunisie\/?p=14937547"},"modified":"2024-12-21T12:20:43","modified_gmt":"2024-12-21T11:20:43","slug":"conference-a-lena-tunis-comment-le-japon-sest-il-developpe-apres-la-guerre","status":"publish","type":"post","link":"https:\/\/kapitalis.com\/tunisie\/2024\/12\/21\/conference-a-lena-tunis-comment-le-japon-sest-il-developpe-apres-la-guerre\/","title":{"rendered":"Conf\u00e9rence \u00e0 l\u2019ENA Tunis : Comment le Japon s&rsquo;est-il d\u00e9velopp\u00e9 apr\u00e8s la guerre ?"},"content":{"rendered":"\n<p><strong><em>L\u2019Ecole nationale d\u2019administration (ENA) a pr\u00e9sent\u00e9, le 20 d\u00e9cembre 2024, \u00e0 son si\u00e8ge \u00e0 Tunis, une conf\u00e9rence sur&nbsp;\u00abLe Japon apr\u00e8s la seconde guerre mondiale : les politiques \u00e9trang\u00e8res pour promouvoir le d\u00e9veloppement et la s\u00e9curit\u00e9 humaine\u00bb.<\/em><\/strong><\/p>\n\n\n\n<!--more-->\n\n\n\n<p>L\u2019\u00e9v\u00e9nement est organis\u00e9 dans le cadre de l\u2019initiative Jica Chair, qui consiste en une s\u00e9rie de conf\u00e9rences anim\u00e9es par d\u2019\u00e9minents professeurs japonais dans le but de partager l\u2019histoire et l\u2019exp\u00e9rience de d\u00e9veloppement du Japon.<\/p>\n\n\n\n<p>Takeshi Osuga, ambassadeur du Japon en Tunisie, a exceptionnellement accept\u00e9 de faire cette pr\u00e9sentation devant les \u00e9tudiants de l\u2019ENA qui ont pu prendre connaissance de l\u2019histoire r\u00e9cente du Japon et interagir avec le diplomate sur divers sujets d\u2019int\u00e9r\u00eat.<\/p>\n\n\n\n<p>M. Osuga a pr\u00e9sent\u00e9 le processus de reconstruction du Japon apr\u00e8s la seconde guerre mondiale et les secrets de sa r\u00e9silience durant cette p\u00e9riode difficile, le pays \u00e9tant sorti exsangue et partiellement d\u00e9truit de son engagement dans le conflit mondial. Cette reconstruction a \u00e9t\u00e9 rendue possible par la promulgation d\u2019une nouvelle constitution, le lancement de r\u00e9formes structurelles et d\u2019une nouvelle politique de relations \u00e9trang\u00e8res ainsi que les efforts de r\u00e9int\u00e9gration \u00e0 la communaut\u00e9 internationale. Ces politiques, men\u00e9es avec autant de conviction, de volontarisme et de souci d\u2019efficacit\u00e9, ont aid\u00e9 le Japon \u00e0 renouer avec le d\u00e9veloppement industriel et la croissance \u00e9conomique, et \u00e0 devenir en moins de deux d\u00e9cennies l\u2019une des plus grandes \u00e9conomies mondiales.<\/p>\n\n\n\n<p>La conf\u00e9rence s\u2019est d\u00e9roul\u00e9e en pr\u00e9sence de Khaoula La\u00e2bidi, directrice de l\u2019ENA, de Mayumi Miyata, repr\u00e9sentante r\u00e9sidente de la Jica en Tunisie et de membres de l\u2019Association des \u00e9conomistes tunisiens. <em>\u00abGr\u00e2ce \u00e0 l\u2019initiative Jica Chair, nos \u00e9tudiants peuvent apprendre davantage sur les secrets de la r\u00e9ussite du Japon et son processus de modernisation. Ceci leur permet d\u2019avoir une autre vision du monde et un regard sur les exp\u00e9riences d\u2019autres pays comme le Japon\u00bb<\/em>, a affirm\u00e9 Mme Laabidi.<\/p>\n\n\n\n<p>A cette occasion, la Jica a annonc\u00e9 le renouvellement de l\u2019accord de coop\u00e9ration avec l\u2019ENA pour une p\u00e9riode suppl\u00e9mentaire de trois ans pour enrichir la connaissance de l\u2019exp\u00e9rience japonaise de d\u00e9veloppement par les futurs hauts cadres de l\u2019administration tunisienne.\u00a0<em>\u00abSur la base d\u2019ann\u00e9es de coop\u00e9ration fructueuse, je suis heureuse d\u2019annoncer que l\u2019accord de coop\u00e9ration entre l\u2019ENA et la Jica a \u00e9t\u00e9 reconduit. Je suis s\u00fbre que ceci portera la coop\u00e9ration \u00e0 un nouveau niveau\u00bb<\/em>, a indiqu\u00e9 Mme Mayumi.<\/p>\n\n\n\n<figure class=\"wp-block-embed is-type-wp-embed is-provider-kapitalis wp-block-embed-kapitalis\"><div class=\"wp-block-embed__wrapper\">\n<blockquote class=\"wp-embedded-content\" data-secret=\"4LqEFxIqqb\"><a href=\"https:\/\/kapitalis.com\/tunisie\/2024\/06\/12\/lexperience-japonaise-en-developpement-presentee-aux-etudiants-de-lena-tunis\/\">L\u2019exp\u00e9rience japonaise en d\u00e9veloppement pr\u00e9sent\u00e9e aux \u00e9tudiants de l\u2019Ena Tunis<\/a><\/blockquote><iframe loading=\"lazy\" class=\"wp-embedded-content\" sandbox=\"allow-scripts\" security=\"restricted\" style=\"position: absolute; visibility: hidden;\" title=\"\u00ab\u00a0L\u2019exp\u00e9rience japonaise en d\u00e9veloppement pr\u00e9sent\u00e9e aux \u00e9tudiants de l\u2019Ena Tunis\u00a0\u00bb &#8212; Kapitalis\" src=\"https:\/\/kapitalis.com\/tunisie\/2024\/06\/12\/lexperience-japonaise-en-developpement-presentee-aux-etudiants-de-lena-tunis\/embed\/#?secret=NjdZcmyewk#?secret=4LqEFxIqqb\" data-secret=\"4LqEFxIqqb\" width=\"600\" height=\"338\" frameborder=\"0\" marginwidth=\"0\" marginheight=\"0\" scrolling=\"no\"><\/iframe>\n<\/div><\/figure>\n","protected":false},"excerpt":{"rendered":"<p>Conf\u00e9rence de l&rsquo;ambassadeur du Japon en Tunisie devant les \u00e9tudiants de l&rsquo;ENA. <\/p>\n","protected":false},"author":8,"featured_media":14937613,"comment_status":"open","ping_status":"open","sticky":false,"template":"","format":"standard","meta":{"footnotes":""},"categories":[995,2433],"tags":[119674,4855,24777,119675,119673,106292,62643],"class_list":["post-14937547","post","type-post","status-publish","format-standard","has-post-thumbnail","hentry","category-economie","category-tunisie","tag-ena","tag-japon","tag-jica","tag-khaoula-laabidi-2","tag-mayumi-miyata","tag-takeshi-osuga","tag-tunisie"],"yoast_head":"<!-- This site is optimized with the Yoast SEO plugin v26.6 - https:\/\/yoast.com\/wordpress\/plugins\/seo\/ -->\n<title>Conf\u00e9rence \u00e0 l\u2019ENA Tunis : Comment le Japon s&#039;est-il d\u00e9velopp\u00e9 apr\u00e8s la guerre ? - Kapitalis<\/title>\n<meta name=\"robots\" content=\"index, follow, max-snippet:-1, max-image-preview:large, max-video-preview:-1\" \/>\n<link rel=\"canonical\" href=\"https:\/\/kapitalis.com\/tunisie\/2024\/12\/21\/conference-a-lena-tunis-comment-le-japon-sest-il-developpe-apres-la-guerre\/\" \/>\n<meta property=\"og:locale\" content=\"fr_FR\" \/>\n<meta property=\"og:type\" content=\"article\" \/>\n<meta property=\"og:title\" content=\"Conf\u00e9rence \u00e0 l\u2019ENA Tunis : Comment le Japon s&#039;est-il d\u00e9velopp\u00e9 apr\u00e8s la guerre ? - Kapitalis\" \/>\n<meta property=\"og:description\" content=\"Conf\u00e9rence de l&#039;ambassadeur du Japon en Tunisie devant les \u00e9tudiants de l&#039;ENA.\" \/>\n<meta property=\"og:url\" content=\"https:\/\/kapitalis.com\/tunisie\/2024\/12\/21\/conference-a-lena-tunis-comment-le-japon-sest-il-developpe-apres-la-guerre\/\" \/>\n<meta property=\"og:site_name\" content=\"Kapitalis\" \/>\n<meta property=\"article:publisher\" content=\"https:\/\/www.facebook.com\/KapitalisInfo\/\" \/>\n<meta property=\"article:published_time\" content=\"2024-12-21T11:20:42+00:00\" \/>\n<meta property=\"article:modified_time\" content=\"2024-12-21T11:20:43+00:00\" \/>\n<meta property=\"og:image\" content=\"https:\/\/kapitalis.com\/tunisie\/wp-content\/uploads\/2024\/12\/Tunisie-Japon-ENA-Jica.jpg\" \/>\n\t<meta property=\"og:image:width\" content=\"1200\" \/>\n\t<meta property=\"og:image:height\" content=\"630\" \/>\n\t<meta property=\"og:image:type\" content=\"image\/jpeg\" \/>\n<meta name=\"author\" content=\"webmaster kapitalis\" \/>\n<meta name=\"twitter:card\" content=\"summary_large_image\" \/>\n<meta name=\"twitter:creator\" content=\"@KapitalisInfo\" \/>\n<meta name=\"twitter:site\" content=\"@KapitalisInfo\" \/>\n<meta name=\"twitter:label1\" content=\"\u00c9crit par\" \/>\n\t<meta name=\"twitter:data1\" content=\"webmaster kapitalis\" \/>\n\t<meta name=\"twitter:label2\" content=\"Dur\u00e9e de lecture estim\u00e9e\" \/>\n\t<meta name=\"twitter:data2\" content=\"3 minutes\" \/>\n<script type=\"application\/ld+json\" class=\"yoast-schema-graph\">{\"@context\":\"https:\/\/schema.org\",\"@graph\":[{\"@type\":\"Article\",\"@id\":\"https:\/\/kapitalis.com\/tunisie\/2024\/12\/21\/conference-a-lena-tunis-comment-le-japon-sest-il-developpe-apres-la-guerre\/#article\",\"isPartOf\":{\"@id\":\"https:\/\/kapitalis.com\/tunisie\/2024\/12\/21\/conference-a-lena-tunis-comment-le-japon-sest-il-developpe-apres-la-guerre\/\"},\"author\":{\"name\":\"webmaster kapitalis\",\"@id\":\"https:\/\/kapitalis.com\/tunisie\/#\/schema\/person\/d71f33a9ca44f7bad4698210b480c8e9\"},\"headline\":\"Conf\u00e9rence \u00e0 l\u2019ENA Tunis : Comment le Japon s&rsquo;est-il d\u00e9velopp\u00e9 apr\u00e8s la guerre ?\",\"datePublished\":\"2024-12-21T11:20:42+00:00\",\"dateModified\":\"2024-12-21T11:20:43+00:00\",\"mainEntityOfPage\":{\"@id\":\"https:\/\/kapitalis.com\/tunisie\/2024\/12\/21\/conference-a-lena-tunis-comment-le-japon-sest-il-developpe-apres-la-guerre\/\"},\"wordCount\":468,\"commentCount\":0,\"publisher\":{\"@id\":\"https:\/\/kapitalis.com\/tunisie\/#organization\"},\"image\":{\"@id\":\"https:\/\/kapitalis.com\/tunisie\/2024\/12\/21\/conference-a-lena-tunis-comment-le-japon-sest-il-developpe-apres-la-guerre\/#primaryimage\"},\"thumbnailUrl\":\"https:\/\/kapitalis.com\/tunisie\/wp-content\/uploads\/2024\/12\/Tunisie-Japon-ENA-Jica.jpg\",\"keywords\":[\"ENA\",\"Japon\",\"Jica\",\"Khaoula La\u00e2bidi\",\"Mayumi Miyata\",\"Takeshi Osuga\",\"Tunisie\"],\"articleSection\":[\"ECONOMIE\",\"Tunisie\"],\"inLanguage\":\"fr-FR\",\"potentialAction\":[{\"@type\":\"CommentAction\",\"name\":\"Comment\",\"target\":[\"https:\/\/kapitalis.com\/tunisie\/2024\/12\/21\/conference-a-lena-tunis-comment-le-japon-sest-il-developpe-apres-la-guerre\/#respond\"]}]},{\"@type\":\"WebPage\",\"@id\":\"https:\/\/kapitalis.com\/tunisie\/2024\/12\/21\/conference-a-lena-tunis-comment-le-japon-sest-il-developpe-apres-la-guerre\/\",\"url\":\"https:\/\/kapitalis.com\/tunisie\/2024\/12\/21\/conference-a-lena-tunis-comment-le-japon-sest-il-developpe-apres-la-guerre\/\",\"name\":\"Conf\u00e9rence \u00e0 l\u2019ENA Tunis : Comment le Japon s'est-il d\u00e9velopp\u00e9 apr\u00e8s la guerre ? - Kapitalis\",\"isPartOf\":{\"@id\":\"https:\/\/kapitalis.com\/tunisie\/#website\"},\"primaryImageOfPage\":{\"@id\":\"https:\/\/kapitalis.com\/tunisie\/2024\/12\/21\/conference-a-lena-tunis-comment-le-japon-sest-il-developpe-apres-la-guerre\/#primaryimage\"},\"image\":{\"@id\":\"https:\/\/kapitalis.com\/tunisie\/2024\/12\/21\/conference-a-lena-tunis-comment-le-japon-sest-il-developpe-apres-la-guerre\/#primaryimage\"},\"thumbnailUrl\":\"https:\/\/kapitalis.com\/tunisie\/wp-content\/uploads\/2024\/12\/Tunisie-Japon-ENA-Jica.jpg\",\"datePublished\":\"2024-12-21T11:20:42+00:00\",\"dateModified\":\"2024-12-21T11:20:43+00:00\",\"breadcrumb\":{\"@id\":\"https:\/\/kapitalis.com\/tunisie\/2024\/12\/21\/conference-a-lena-tunis-comment-le-japon-sest-il-developpe-apres-la-guerre\/#breadcrumb\"},\"inLanguage\":\"fr-FR\",\"potentialAction\":[{\"@type\":\"ReadAction\",\"target\":[\"https:\/\/kapitalis.com\/tunisie\/2024\/12\/21\/conference-a-lena-tunis-comment-le-japon-sest-il-developpe-apres-la-guerre\/\"]}]},{\"@type\":\"ImageObject\",\"inLanguage\":\"fr-FR\",\"@id\":\"https:\/\/kapitalis.com\/tunisie\/2024\/12\/21\/conference-a-lena-tunis-comment-le-japon-sest-il-developpe-apres-la-guerre\/#primaryimage\",\"url\":\"https:\/\/kapitalis.com\/tunisie\/wp-content\/uploads\/2024\/12\/Tunisie-Japon-ENA-Jica.jpg\",\"contentUrl\":\"https:\/\/kapitalis.com\/tunisie\/wp-content\/uploads\/2024\/12\/Tunisie-Japon-ENA-Jica.jpg\",\"width\":1200,\"height\":630},{\"@type\":\"BreadcrumbList\",\"@id\":\"https:\/\/kapitalis.com\/tunisie\/2024\/12\/21\/conference-a-lena-tunis-comment-le-japon-sest-il-developpe-apres-la-guerre\/#breadcrumb\",\"itemListElement\":[{\"@type\":\"ListItem\",\"position\":1,\"name\":\"Accueil\",\"item\":\"https:\/\/kapitalis.com\/tunisie\/\"},{\"@type\":\"ListItem\",\"position\":2,\"name\":\"Conf\u00e9rence \u00e0 l\u2019ENA Tunis : Comment le Japon s&rsquo;est-il d\u00e9velopp\u00e9 apr\u00e8s la guerre ?\"}]},{\"@type\":\"WebSite\",\"@id\":\"https:\/\/kapitalis.com\/tunisie\/#website\",\"url\":\"https:\/\/kapitalis.com\/tunisie\/\",\"name\":\"Kapitalis\",\"description\":\"L&#039;actualit\u00e9 en Tunisie et dans le monde\",\"publisher\":{\"@id\":\"https:\/\/kapitalis.com\/tunisie\/#organization\"},\"potentialAction\":[{\"@type\":\"SearchAction\",\"target\":{\"@type\":\"EntryPoint\",\"urlTemplate\":\"https:\/\/kapitalis.com\/tunisie\/?s={search_term_string}\"},\"query-input\":{\"@type\":\"PropertyValueSpecification\",\"valueRequired\":true,\"valueName\":\"search_term_string\"}}],\"inLanguage\":\"fr-FR\"},{\"@type\":\"Organization\",\"@id\":\"https:\/\/kapitalis.com\/tunisie\/#organization\",\"name\":\"Kapitalis\",\"url\":\"https:\/\/kapitalis.com\/tunisie\/\",\"logo\":{\"@type\":\"ImageObject\",\"inLanguage\":\"fr-FR\",\"@id\":\"https:\/\/kapitalis.com\/tunisie\/#\/schema\/logo\/image\/\",\"url\":\"https:\/\/kapitalis.com\/tunisie\/wp-content\/uploads\/2022\/05\/Kapitalis-big-size.png\",\"contentUrl\":\"https:\/\/kapitalis.com\/tunisie\/wp-content\/uploads\/2022\/05\/Kapitalis-big-size.png\",\"width\":5000,\"height\":1500,\"caption\":\"Kapitalis\"},\"image\":{\"@id\":\"https:\/\/kapitalis.com\/tunisie\/#\/schema\/logo\/image\/\"},\"sameAs\":[\"https:\/\/www.facebook.com\/KapitalisInfo\/\",\"https:\/\/x.com\/KapitalisInfo\",\"https:\/\/www.youtube.com\/channel\/UC-yDYrHyfFBWWZaOw3FPg9Q\"]},{\"@type\":\"Person\",\"@id\":\"https:\/\/kapitalis.com\/tunisie\/#\/schema\/person\/d71f33a9ca44f7bad4698210b480c8e9\",\"name\":\"webmaster kapitalis\",\"url\":\"https:\/\/kapitalis.com\/tunisie\/author\/webmaster-kapitalis\/\"}]}<\/script>\n<!-- \/ Yoast SEO plugin. -->","yoast_head_json":{"title":"Conf\u00e9rence \u00e0 l\u2019ENA Tunis : Comment le Japon s'est-il d\u00e9velopp\u00e9 apr\u00e8s la guerre ? - Kapitalis","robots":{"index":"index","follow":"follow","max-snippet":"max-snippet:-1","max-image-preview":"max-image-preview:large","max-video-preview":"max-video-preview:-1"},"canonical":"https:\/\/kapitalis.com\/tunisie\/2024\/12\/21\/conference-a-lena-tunis-comment-le-japon-sest-il-developpe-apres-la-guerre\/","og_locale":"fr_FR","og_type":"article","og_title":"Conf\u00e9rence \u00e0 l\u2019ENA Tunis : Comment le Japon s'est-il d\u00e9velopp\u00e9 apr\u00e8s la guerre ? - Kapitalis","og_description":"Conf\u00e9rence de l'ambassadeur du Japon en Tunisie devant les \u00e9tudiants de l'ENA.","og_url":"https:\/\/kapitalis.com\/tunisie\/2024\/12\/21\/conference-a-lena-tunis-comment-le-japon-sest-il-developpe-apres-la-guerre\/","og_site_name":"Kapitalis","article_publisher":"https:\/\/www.facebook.com\/KapitalisInfo\/","article_published_time":"2024-12-21T11:20:42+00:00","article_modified_time":"2024-12-21T11:20:43+00:00","og_image":[{"width":1200,"height":630,"url":"https:\/\/kapitalis.com\/tunisie\/wp-content\/uploads\/2024\/12\/Tunisie-Japon-ENA-Jica.jpg","type":"image\/jpeg"}],"author":"webmaster kapitalis","twitter_card":"summary_large_image","twitter_creator":"@KapitalisInfo","twitter_site":"@KapitalisInfo","twitter_misc":{"\u00c9crit par":"webmaster kapitalis","Dur\u00e9e de lecture estim\u00e9e":"3 minutes"},"schema":{"@context":"https:\/\/schema.org","@graph":[{"@type":"Article","@id":"https:\/\/kapitalis.com\/tunisie\/2024\/12\/21\/conference-a-lena-tunis-comment-le-japon-sest-il-developpe-apres-la-guerre\/#article","isPartOf":{"@id":"https:\/\/kapitalis.com\/tunisie\/2024\/12\/21\/conference-a-lena-tunis-comment-le-japon-sest-il-developpe-apres-la-guerre\/"},"author":{"name":"webmaster kapitalis","@id":"https:\/\/kapitalis.com\/tunisie\/#\/schema\/person\/d71f33a9ca44f7bad4698210b480c8e9"},"headline":"Conf\u00e9rence \u00e0 l\u2019ENA Tunis : Comment le Japon s&rsquo;est-il d\u00e9velopp\u00e9 apr\u00e8s la guerre ?","datePublished":"2024-12-21T11:20:42+00:00","dateModified":"2024-12-21T11:20:43+00:00","mainEntityOfPage":{"@id":"https:\/\/kapitalis.com\/tunisie\/2024\/12\/21\/conference-a-lena-tunis-comment-le-japon-sest-il-developpe-apres-la-guerre\/"},"wordCount":468,"commentCount":0,"publisher":{"@id":"https:\/\/kapitalis.com\/tunisie\/#organization"},"image":{"@id":"https:\/\/kapitalis.com\/tunisie\/2024\/12\/21\/conference-a-lena-tunis-comment-le-japon-sest-il-developpe-apres-la-guerre\/#primaryimage"},"thumbnailUrl":"https:\/\/kapitalis.com\/tunisie\/wp-content\/uploads\/2024\/12\/Tunisie-Japon-ENA-Jica.jpg","keywords":["ENA","Japon","Jica","Khaoula La\u00e2bidi","Mayumi Miyata","Takeshi Osuga","Tunisie"],"articleSection":["ECONOMIE","Tunisie"],"inLanguage":"fr-FR","potentialAction":[{"@type":"CommentAction","name":"Comment","target":["https:\/\/kapitalis.com\/tunisie\/2024\/12\/21\/conference-a-lena-tunis-comment-le-japon-sest-il-developpe-apres-la-guerre\/#respond"]}]},{"@type":"WebPage","@id":"https:\/\/kapitalis.com\/tunisie\/2024\/12\/21\/conference-a-lena-tunis-comment-le-japon-sest-il-developpe-apres-la-guerre\/","url":"https:\/\/kapitalis.com\/tunisie\/2024\/12\/21\/conference-a-lena-tunis-comment-le-japon-sest-il-developpe-apres-la-guerre\/","name":"Conf\u00e9rence \u00e0 l\u2019ENA Tunis : Comment le Japon s'est-il d\u00e9velopp\u00e9 apr\u00e8s la guerre ? - Kapitalis","isPartOf":{"@id":"https:\/\/kapitalis.com\/tunisie\/#website"},"primaryImageOfPage":{"@id":"https:\/\/kapitalis.com\/tunisie\/2024\/12\/21\/conference-a-lena-tunis-comment-le-japon-sest-il-developpe-apres-la-guerre\/#primaryimage"},"image":{"@id":"https:\/\/kapitalis.com\/tunisie\/2024\/12\/21\/conference-a-lena-tunis-comment-le-japon-sest-il-developpe-apres-la-guerre\/#primaryimage"},"thumbnailUrl":"https:\/\/kapitalis.com\/tunisie\/wp-content\/uploads\/2024\/12\/Tunisie-Japon-ENA-Jica.jpg","datePublished":"2024-12-21T11:20:42+00:00","dateModified":"2024-12-21T11:20:43+00:00","breadcrumb":{"@id":"https:\/\/kapitalis.com\/tunisie\/2024\/12\/21\/conference-a-lena-tunis-comment-le-japon-sest-il-developpe-apres-la-guerre\/#breadcrumb"},"inLanguage":"fr-FR","potentialAction":[{"@type":"ReadAction","target":["https:\/\/kapitalis.com\/tunisie\/2024\/12\/21\/conference-a-lena-tunis-comment-le-japon-sest-il-developpe-apres-la-guerre\/"]}]},{"@type":"ImageObject","inLanguage":"fr-FR","@id":"https:\/\/kapitalis.com\/tunisie\/2024\/12\/21\/conference-a-lena-tunis-comment-le-japon-sest-il-developpe-apres-la-guerre\/#primaryimage","url":"https:\/\/kapitalis.com\/tunisie\/wp-content\/uploads\/2024\/12\/Tunisie-Japon-ENA-Jica.jpg","contentUrl":"https:\/\/kapitalis.com\/tunisie\/wp-content\/uploads\/2024\/12\/Tunisie-Japon-ENA-Jica.jpg","width":1200,"height":630},{"@type":"BreadcrumbList","@id":"https:\/\/kapitalis.com\/tunisie\/2024\/12\/21\/conference-a-lena-tunis-comment-le-japon-sest-il-developpe-apres-la-guerre\/#breadcrumb","itemListElement":[{"@type":"ListItem","position":1,"name":"Accueil","item":"https:\/\/kapitalis.com\/tunisie\/"},{"@type":"ListItem","position":2,"name":"Conf\u00e9rence \u00e0 l\u2019ENA Tunis : Comment le Japon s&rsquo;est-il d\u00e9velopp\u00e9 apr\u00e8s la guerre ?"}]},{"@type":"WebSite","@id":"https:\/\/kapitalis.com\/tunisie\/#website","url":"https:\/\/kapitalis.com\/tunisie\/","name":"Kapitalis","description":"L&#039;actualit\u00e9 en Tunisie et dans le monde","publisher":{"@id":"https:\/\/kapitalis.com\/tunisie\/#organization"},"potentialAction":[{"@type":"SearchAction","target":{"@type":"EntryPoint","urlTemplate":"https:\/\/kapitalis.com\/tunisie\/?s={search_term_string}"},"query-input":{"@type":"PropertyValueSpecification","valueRequired":true,"valueName":"search_term_string"}}],"inLanguage":"fr-FR"},{"@type":"Organization","@id":"https:\/\/kapitalis.com\/tunisie\/#organization","name":"Kapitalis","url":"https:\/\/kapitalis.com\/tunisie\/","logo":{"@type":"ImageObject","inLanguage":"fr-FR","@id":"https:\/\/kapitalis.com\/tunisie\/#\/schema\/logo\/image\/","url":"https:\/\/kapitalis.com\/tunisie\/wp-content\/uploads\/2022\/05\/Kapitalis-big-size.png","contentUrl":"https:\/\/kapitalis.com\/tunisie\/wp-content\/uploads\/2022\/05\/Kapitalis-big-size.png","width":5000,"height":1500,"caption":"Kapitalis"},"image":{"@id":"https:\/\/kapitalis.com\/tunisie\/#\/schema\/logo\/image\/"},"sameAs":["https:\/\/www.facebook.com\/KapitalisInfo\/","https:\/\/x.com\/KapitalisInfo","https:\/\/www.youtube.com\/channel\/UC-yDYrHyfFBWWZaOw3FPg9Q"]},{"@type":"Person","@id":"https:\/\/kapitalis.com\/tunisie\/#\/schema\/person\/d71f33a9ca44f7bad4698210b480c8e9","name":"webmaster kapitalis","url":"https:\/\/kapitalis.com\/tunisie\/author\/webmaster-kapitalis\/"}]}},"_links":{"self":[{"href":"https:\/\/kapitalis.com\/tunisie\/wp-json\/wp\/v2\/posts\/14937547","targetHints":{"allow":["GET"]}}],"collection":[{"href":"https:\/\/kapitalis.com\/tunisie\/wp-json\/wp\/v2\/posts"}],"about":[{"href":"https:\/\/kapitalis.com\/tunisie\/wp-json\/wp\/v2\/types\/post"}],"author":[{"embeddable":true,"href":"https:\/\/kapitalis.com\/tunisie\/wp-json\/wp\/v2\/users\/8"}],"replies":[{"embeddable":true,"href":"https:\/\/kapitalis.com\/tunisie\/wp-json\/wp\/v2\/comments?post=14937547"}],"version-history":[{"count":1,"href":"https:\/\/kapitalis.com\/tunisie\/wp-json\/wp\/v2\/posts\/14937547\/revisions"}],"predecessor-version":[{"id":14937623,"href":"https:\/\/kapitalis.com\/tunisie\/wp-json\/wp\/v2\/posts\/14937547\/revisions\/14937623"}],"wp:featuredmedia":[{"embeddable":true,"href":"https:\/\/kapitalis.com\/tunisie\/wp-json\/wp\/v2\/media\/14937613"}],"wp:attachment":[{"href":"https:\/\/kapitalis.com\/tunisie\/wp-json\/wp\/v2\/media?parent=14937547"}],"wp:term":[{"taxonomy":"category","embeddable":true,"href":"https:\/\/kapitalis.com\/tunisie\/wp-json\/wp\/v2\/categories?post=14937547"},{"taxonomy":"post_tag","embeddable":true,"href":"https:\/\/kapitalis.com\/tunisie\/wp-json\/wp\/v2\/tags?post=14937547"}],"curies":[{"name":"wp","href":"https:\/\/api.w.org\/{rel}","templated":true}]}}