{"id":1494033,"date":"2022-06-16T09:44:31","date_gmt":"2022-06-16T08:44:31","guid":{"rendered":"https:\/\/kapitalis.com\/tunisie\/?p=1494033"},"modified":"2022-06-16T09:47:13","modified_gmt":"2022-06-16T08:47:13","slug":"tunisie-les-boycotteurs-du-referendum-poursuivis-judiciairement-maher-jedidi-dement","status":"publish","type":"post","link":"https:\/\/kapitalis.com\/tunisie\/2022\/06\/16\/tunisie-les-boycotteurs-du-referendum-poursuivis-judiciairement-maher-jedidi-dement\/","title":{"rendered":"Tunisie &#8211; Les boycotteurs du r\u00e9f\u00e9rendum poursuivis judiciairement ? Maher Jedidi d\u00e9ment"},"content":{"rendered":"\n<p><strong><em>Le vice-pr\u00e9sident de l&rsquo;Instance sup\u00e9rieure ind\u00e9pendante pour les \u00e9lections (Isie), Maher Jedidi, est revenu, ce jeudi 16 juin 2022, sur la pol\u00e9mique de la possibilit\u00e9 de poursuivre judiciairement les Tunisiens qui boycotteront le r\u00e9f\u00e9rendum du 25 juillet, mis en place par le pr\u00e9sident de la r\u00e9publique, Ka\u00efs Sa\u00efed, qui d\u00e9tient quasiment tous les pouvoirs actuellement.<\/em><\/strong><\/p>\n\n\n\n<!--more-->\n\n\n\n<p>Jedidi a affirm\u00e9, dans une d\u00e9claration accord\u00e9e \u00e0 Shems FM, que ces propos lui ont \u00e9t\u00e9 attribu\u00e9s par la pr\u00e9sentatrice d&rsquo;une \u00e9mission qui l&rsquo;a interview\u00e9, d\u00e9mentant leur v\u00e9racit\u00e9.<\/p>\n\n\n\n<p>Il a, par ailleurs, indiqu\u00e9 que ceux qui ne participeront pas au r\u00e9f\u00e9rendum ne seront pas concern\u00e9s par par les lois r\u00e9gissant cet \u00e9v\u00e9nement, expliquant que les termes du type \u00abboycott\u00bb et \u00abexclusion\u00bb sont politiques et qu&rsquo;ils ne concernent pas l&rsquo;Isie, qui ne se soucie que d&rsquo;appliquer la loi.<\/p>\n\n\n\n<p class=\"has-text-align-right\"><strong>C. B. Y.<\/strong><\/p>\n","protected":false},"excerpt":{"rendered":"<p>Le vice-pr\u00e9sident de l&rsquo;Instance sup\u00e9rieure ind\u00e9pendante pour les \u00e9lections (Isie), Maher Jedidi, est revenu, ce jeudi 16 juin 2022, sur la pol\u00e9mique de la possibilit\u00e9 de poursuivre judiciairement les Tunisiens qui boycotteront le r\u00e9f\u00e9rendum du 25 juillet, mis en place par le pr\u00e9sident de la r\u00e9publique, Ka\u00efs Sa\u00efed, qui d\u00e9tient quasiment tous les pouvoirs actuellement.<\/p>\n","protected":false},"author":24,"featured_media":921016,"comment_status":"open","ping_status":"open","sticky":false,"template":"","format":"standard","meta":{"footnotes":""},"categories":[997,2433],"tags":[499,76012,99923,62643],"class_list":["post-1494033","post","type-post","status-publish","format-standard","has-post-thumbnail","hentry","category-politique","category-tunisie","tag-isie","tag-kais-saied-2","tag-maher-jedidi","tag-tunisie"],"yoast_head":"<!-- This site is optimized with the Yoast SEO plugin v26.6 - https:\/\/yoast.com\/wordpress\/plugins\/seo\/ -->\n<title>Tunisie - Les boycotteurs du r\u00e9f\u00e9rendum poursuivis judiciairement ? Maher Jedidi d\u00e9ment - Kapitalis<\/title>\n<meta name=\"robots\" content=\"index, follow, max-snippet:-1, max-image-preview:large, max-video-preview:-1\" \/>\n<link rel=\"canonical\" href=\"https:\/\/kapitalis.com\/tunisie\/2022\/06\/16\/tunisie-les-boycotteurs-du-referendum-poursuivis-judiciairement-maher-jedidi-dement\/\" \/>\n<meta property=\"og:locale\" content=\"fr_FR\" \/>\n<meta property=\"og:type\" content=\"article\" \/>\n<meta property=\"og:title\" content=\"Tunisie - Les boycotteurs du r\u00e9f\u00e9rendum poursuivis judiciairement ? Maher Jedidi d\u00e9ment - Kapitalis\" \/>\n<meta property=\"og:description\" content=\"Le vice-pr\u00e9sident de l&rsquo;Instance sup\u00e9rieure ind\u00e9pendante pour les \u00e9lections (Isie), Maher Jedidi, est revenu, ce jeudi 16 juin 2022, sur la pol\u00e9mique de la possibilit\u00e9 de poursuivre judiciairement les Tunisiens qui boycotteront le r\u00e9f\u00e9rendum du 25 juillet, mis en place par le pr\u00e9sident de la r\u00e9publique, Ka\u00efs Sa\u00efed, qui d\u00e9tient quasiment tous les pouvoirs actuellement.\" \/>\n<meta property=\"og:url\" content=\"https:\/\/kapitalis.com\/tunisie\/2022\/06\/16\/tunisie-les-boycotteurs-du-referendum-poursuivis-judiciairement-maher-jedidi-dement\/\" \/>\n<meta property=\"og:site_name\" content=\"Kapitalis\" \/>\n<meta property=\"article:publisher\" content=\"https:\/\/www.facebook.com\/KapitalisInfo\/\" \/>\n<meta property=\"article:published_time\" content=\"2022-06-16T08:44:31+00:00\" \/>\n<meta property=\"article:modified_time\" content=\"2022-06-16T08:47:13+00:00\" \/>\n<meta property=\"og:image\" content=\"https:\/\/kapitalis.com\/tunisie\/wp-content\/uploads\/2022\/05\/Maher-Jedidi.jpg\" \/>\n\t<meta property=\"og:image:width\" content=\"1200\" \/>\n\t<meta property=\"og:image:height\" content=\"630\" \/>\n\t<meta property=\"og:image:type\" content=\"image\/jpeg\" \/>\n<meta name=\"author\" content=\"Cherif Benyounes\" \/>\n<meta name=\"twitter:card\" content=\"summary_large_image\" \/>\n<meta name=\"twitter:creator\" content=\"@KapitalisInfo\" \/>\n<meta name=\"twitter:site\" content=\"@KapitalisInfo\" \/>\n<meta name=\"twitter:label1\" content=\"\u00c9crit par\" \/>\n\t<meta name=\"twitter:data1\" content=\"Cherif Benyounes\" \/>\n\t<meta name=\"twitter:label2\" content=\"Dur\u00e9e de lecture estim\u00e9e\" \/>\n\t<meta name=\"twitter:data2\" content=\"1 minute\" \/>\n<script type=\"application\/ld+json\" class=\"yoast-schema-graph\">{\"@context\":\"https:\/\/schema.org\",\"@graph\":[{\"@type\":\"Article\",\"@id\":\"https:\/\/kapitalis.com\/tunisie\/2022\/06\/16\/tunisie-les-boycotteurs-du-referendum-poursuivis-judiciairement-maher-jedidi-dement\/#article\",\"isPartOf\":{\"@id\":\"https:\/\/kapitalis.com\/tunisie\/2022\/06\/16\/tunisie-les-boycotteurs-du-referendum-poursuivis-judiciairement-maher-jedidi-dement\/\"},\"author\":{\"name\":\"Cherif Benyounes\",\"@id\":\"https:\/\/kapitalis.com\/tunisie\/#\/schema\/person\/b35b8d631961131107263178aeb8019e\"},\"headline\":\"Tunisie &#8211; Les boycotteurs du r\u00e9f\u00e9rendum poursuivis judiciairement ? Maher Jedidi d\u00e9ment\",\"datePublished\":\"2022-06-16T08:44:31+00:00\",\"dateModified\":\"2022-06-16T08:47:13+00:00\",\"mainEntityOfPage\":{\"@id\":\"https:\/\/kapitalis.com\/tunisie\/2022\/06\/16\/tunisie-les-boycotteurs-du-referendum-poursuivis-judiciairement-maher-jedidi-dement\/\"},\"wordCount\":167,\"commentCount\":0,\"publisher\":{\"@id\":\"https:\/\/kapitalis.com\/tunisie\/#organization\"},\"image\":{\"@id\":\"https:\/\/kapitalis.com\/tunisie\/2022\/06\/16\/tunisie-les-boycotteurs-du-referendum-poursuivis-judiciairement-maher-jedidi-dement\/#primaryimage\"},\"thumbnailUrl\":\"https:\/\/kapitalis.com\/tunisie\/wp-content\/uploads\/2022\/05\/Maher-Jedidi.jpg\",\"keywords\":[\"Isie\",\"Ka\u00efs Sa\u00efed\",\"Maher Jedidi\",\"Tunisie\"],\"articleSection\":[\"POLITIQUE\",\"Tunisie\"],\"inLanguage\":\"fr-FR\",\"potentialAction\":[{\"@type\":\"CommentAction\",\"name\":\"Comment\",\"target\":[\"https:\/\/kapitalis.com\/tunisie\/2022\/06\/16\/tunisie-les-boycotteurs-du-referendum-poursuivis-judiciairement-maher-jedidi-dement\/#respond\"]}]},{\"@type\":\"WebPage\",\"@id\":\"https:\/\/kapitalis.com\/tunisie\/2022\/06\/16\/tunisie-les-boycotteurs-du-referendum-poursuivis-judiciairement-maher-jedidi-dement\/\",\"url\":\"https:\/\/kapitalis.com\/tunisie\/2022\/06\/16\/tunisie-les-boycotteurs-du-referendum-poursuivis-judiciairement-maher-jedidi-dement\/\",\"name\":\"Tunisie - Les boycotteurs du r\u00e9f\u00e9rendum poursuivis judiciairement ? Maher Jedidi d\u00e9ment - Kapitalis\",\"isPartOf\":{\"@id\":\"https:\/\/kapitalis.com\/tunisie\/#website\"},\"primaryImageOfPage\":{\"@id\":\"https:\/\/kapitalis.com\/tunisie\/2022\/06\/16\/tunisie-les-boycotteurs-du-referendum-poursuivis-judiciairement-maher-jedidi-dement\/#primaryimage\"},\"image\":{\"@id\":\"https:\/\/kapitalis.com\/tunisie\/2022\/06\/16\/tunisie-les-boycotteurs-du-referendum-poursuivis-judiciairement-maher-jedidi-dement\/#primaryimage\"},\"thumbnailUrl\":\"https:\/\/kapitalis.com\/tunisie\/wp-content\/uploads\/2022\/05\/Maher-Jedidi.jpg\",\"datePublished\":\"2022-06-16T08:44:31+00:00\",\"dateModified\":\"2022-06-16T08:47:13+00:00\",\"breadcrumb\":{\"@id\":\"https:\/\/kapitalis.com\/tunisie\/2022\/06\/16\/tunisie-les-boycotteurs-du-referendum-poursuivis-judiciairement-maher-jedidi-dement\/#breadcrumb\"},\"inLanguage\":\"fr-FR\",\"potentialAction\":[{\"@type\":\"ReadAction\",\"target\":[\"https:\/\/kapitalis.com\/tunisie\/2022\/06\/16\/tunisie-les-boycotteurs-du-referendum-poursuivis-judiciairement-maher-jedidi-dement\/\"]}]},{\"@type\":\"ImageObject\",\"inLanguage\":\"fr-FR\",\"@id\":\"https:\/\/kapitalis.com\/tunisie\/2022\/06\/16\/tunisie-les-boycotteurs-du-referendum-poursuivis-judiciairement-maher-jedidi-dement\/#primaryimage\",\"url\":\"https:\/\/kapitalis.com\/tunisie\/wp-content\/uploads\/2022\/05\/Maher-Jedidi.jpg\",\"contentUrl\":\"https:\/\/kapitalis.com\/tunisie\/wp-content\/uploads\/2022\/05\/Maher-Jedidi.jpg\",\"width\":1200,\"height\":630},{\"@type\":\"BreadcrumbList\",\"@id\":\"https:\/\/kapitalis.com\/tunisie\/2022\/06\/16\/tunisie-les-boycotteurs-du-referendum-poursuivis-judiciairement-maher-jedidi-dement\/#breadcrumb\",\"itemListElement\":[{\"@type\":\"ListItem\",\"position\":1,\"name\":\"Accueil\",\"item\":\"https:\/\/kapitalis.com\/tunisie\/\"},{\"@type\":\"ListItem\",\"position\":2,\"name\":\"Tunisie &#8211; Les boycotteurs du r\u00e9f\u00e9rendum poursuivis judiciairement ? Maher Jedidi d\u00e9ment\"}]},{\"@type\":\"WebSite\",\"@id\":\"https:\/\/kapitalis.com\/tunisie\/#website\",\"url\":\"https:\/\/kapitalis.com\/tunisie\/\",\"name\":\"Kapitalis\",\"description\":\"L&#039;actualit\u00e9 en Tunisie et dans le monde\",\"publisher\":{\"@id\":\"https:\/\/kapitalis.com\/tunisie\/#organization\"},\"potentialAction\":[{\"@type\":\"SearchAction\",\"target\":{\"@type\":\"EntryPoint\",\"urlTemplate\":\"https:\/\/kapitalis.com\/tunisie\/?s={search_term_string}\"},\"query-input\":{\"@type\":\"PropertyValueSpecification\",\"valueRequired\":true,\"valueName\":\"search_term_string\"}}],\"inLanguage\":\"fr-FR\"},{\"@type\":\"Organization\",\"@id\":\"https:\/\/kapitalis.com\/tunisie\/#organization\",\"name\":\"Kapitalis\",\"url\":\"https:\/\/kapitalis.com\/tunisie\/\",\"logo\":{\"@type\":\"ImageObject\",\"inLanguage\":\"fr-FR\",\"@id\":\"https:\/\/kapitalis.com\/tunisie\/#\/schema\/logo\/image\/\",\"url\":\"https:\/\/kapitalis.com\/tunisie\/wp-content\/uploads\/2022\/05\/Kapitalis-big-size.png\",\"contentUrl\":\"https:\/\/kapitalis.com\/tunisie\/wp-content\/uploads\/2022\/05\/Kapitalis-big-size.png\",\"width\":5000,\"height\":1500,\"caption\":\"Kapitalis\"},\"image\":{\"@id\":\"https:\/\/kapitalis.com\/tunisie\/#\/schema\/logo\/image\/\"},\"sameAs\":[\"https:\/\/www.facebook.com\/KapitalisInfo\/\",\"https:\/\/x.com\/KapitalisInfo\",\"https:\/\/www.youtube.com\/channel\/UC-yDYrHyfFBWWZaOw3FPg9Q\"]},{\"@type\":\"Person\",\"@id\":\"https:\/\/kapitalis.com\/tunisie\/#\/schema\/person\/b35b8d631961131107263178aeb8019e\",\"name\":\"Cherif Benyounes\",\"url\":\"https:\/\/kapitalis.com\/tunisie\/author\/cherif\/\"}]}<\/script>\n<!-- \/ Yoast SEO plugin. -->","yoast_head_json":{"title":"Tunisie - Les boycotteurs du r\u00e9f\u00e9rendum poursuivis judiciairement ? Maher Jedidi d\u00e9ment - Kapitalis","robots":{"index":"index","follow":"follow","max-snippet":"max-snippet:-1","max-image-preview":"max-image-preview:large","max-video-preview":"max-video-preview:-1"},"canonical":"https:\/\/kapitalis.com\/tunisie\/2022\/06\/16\/tunisie-les-boycotteurs-du-referendum-poursuivis-judiciairement-maher-jedidi-dement\/","og_locale":"fr_FR","og_type":"article","og_title":"Tunisie - Les boycotteurs du r\u00e9f\u00e9rendum poursuivis judiciairement ? Maher Jedidi d\u00e9ment - Kapitalis","og_description":"Le vice-pr\u00e9sident de l&rsquo;Instance sup\u00e9rieure ind\u00e9pendante pour les \u00e9lections (Isie), Maher Jedidi, est revenu, ce jeudi 16 juin 2022, sur la pol\u00e9mique de la possibilit\u00e9 de poursuivre judiciairement les Tunisiens qui boycotteront le r\u00e9f\u00e9rendum du 25 juillet, mis en place par le pr\u00e9sident de la r\u00e9publique, Ka\u00efs Sa\u00efed, qui d\u00e9tient quasiment tous les pouvoirs actuellement.","og_url":"https:\/\/kapitalis.com\/tunisie\/2022\/06\/16\/tunisie-les-boycotteurs-du-referendum-poursuivis-judiciairement-maher-jedidi-dement\/","og_site_name":"Kapitalis","article_publisher":"https:\/\/www.facebook.com\/KapitalisInfo\/","article_published_time":"2022-06-16T08:44:31+00:00","article_modified_time":"2022-06-16T08:47:13+00:00","og_image":[{"width":1200,"height":630,"url":"https:\/\/kapitalis.com\/tunisie\/wp-content\/uploads\/2022\/05\/Maher-Jedidi.jpg","type":"image\/jpeg"}],"author":"Cherif Benyounes","twitter_card":"summary_large_image","twitter_creator":"@KapitalisInfo","twitter_site":"@KapitalisInfo","twitter_misc":{"\u00c9crit par":"Cherif Benyounes","Dur\u00e9e de lecture estim\u00e9e":"1 minute"},"schema":{"@context":"https:\/\/schema.org","@graph":[{"@type":"Article","@id":"https:\/\/kapitalis.com\/tunisie\/2022\/06\/16\/tunisie-les-boycotteurs-du-referendum-poursuivis-judiciairement-maher-jedidi-dement\/#article","isPartOf":{"@id":"https:\/\/kapitalis.com\/tunisie\/2022\/06\/16\/tunisie-les-boycotteurs-du-referendum-poursuivis-judiciairement-maher-jedidi-dement\/"},"author":{"name":"Cherif Benyounes","@id":"https:\/\/kapitalis.com\/tunisie\/#\/schema\/person\/b35b8d631961131107263178aeb8019e"},"headline":"Tunisie &#8211; Les boycotteurs du r\u00e9f\u00e9rendum poursuivis judiciairement ? Maher Jedidi d\u00e9ment","datePublished":"2022-06-16T08:44:31+00:00","dateModified":"2022-06-16T08:47:13+00:00","mainEntityOfPage":{"@id":"https:\/\/kapitalis.com\/tunisie\/2022\/06\/16\/tunisie-les-boycotteurs-du-referendum-poursuivis-judiciairement-maher-jedidi-dement\/"},"wordCount":167,"commentCount":0,"publisher":{"@id":"https:\/\/kapitalis.com\/tunisie\/#organization"},"image":{"@id":"https:\/\/kapitalis.com\/tunisie\/2022\/06\/16\/tunisie-les-boycotteurs-du-referendum-poursuivis-judiciairement-maher-jedidi-dement\/#primaryimage"},"thumbnailUrl":"https:\/\/kapitalis.com\/tunisie\/wp-content\/uploads\/2022\/05\/Maher-Jedidi.jpg","keywords":["Isie","Ka\u00efs Sa\u00efed","Maher Jedidi","Tunisie"],"articleSection":["POLITIQUE","Tunisie"],"inLanguage":"fr-FR","potentialAction":[{"@type":"CommentAction","name":"Comment","target":["https:\/\/kapitalis.com\/tunisie\/2022\/06\/16\/tunisie-les-boycotteurs-du-referendum-poursuivis-judiciairement-maher-jedidi-dement\/#respond"]}]},{"@type":"WebPage","@id":"https:\/\/kapitalis.com\/tunisie\/2022\/06\/16\/tunisie-les-boycotteurs-du-referendum-poursuivis-judiciairement-maher-jedidi-dement\/","url":"https:\/\/kapitalis.com\/tunisie\/2022\/06\/16\/tunisie-les-boycotteurs-du-referendum-poursuivis-judiciairement-maher-jedidi-dement\/","name":"Tunisie - Les boycotteurs du r\u00e9f\u00e9rendum poursuivis judiciairement ? Maher Jedidi d\u00e9ment - Kapitalis","isPartOf":{"@id":"https:\/\/kapitalis.com\/tunisie\/#website"},"primaryImageOfPage":{"@id":"https:\/\/kapitalis.com\/tunisie\/2022\/06\/16\/tunisie-les-boycotteurs-du-referendum-poursuivis-judiciairement-maher-jedidi-dement\/#primaryimage"},"image":{"@id":"https:\/\/kapitalis.com\/tunisie\/2022\/06\/16\/tunisie-les-boycotteurs-du-referendum-poursuivis-judiciairement-maher-jedidi-dement\/#primaryimage"},"thumbnailUrl":"https:\/\/kapitalis.com\/tunisie\/wp-content\/uploads\/2022\/05\/Maher-Jedidi.jpg","datePublished":"2022-06-16T08:44:31+00:00","dateModified":"2022-06-16T08:47:13+00:00","breadcrumb":{"@id":"https:\/\/kapitalis.com\/tunisie\/2022\/06\/16\/tunisie-les-boycotteurs-du-referendum-poursuivis-judiciairement-maher-jedidi-dement\/#breadcrumb"},"inLanguage":"fr-FR","potentialAction":[{"@type":"ReadAction","target":["https:\/\/kapitalis.com\/tunisie\/2022\/06\/16\/tunisie-les-boycotteurs-du-referendum-poursuivis-judiciairement-maher-jedidi-dement\/"]}]},{"@type":"ImageObject","inLanguage":"fr-FR","@id":"https:\/\/kapitalis.com\/tunisie\/2022\/06\/16\/tunisie-les-boycotteurs-du-referendum-poursuivis-judiciairement-maher-jedidi-dement\/#primaryimage","url":"https:\/\/kapitalis.com\/tunisie\/wp-content\/uploads\/2022\/05\/Maher-Jedidi.jpg","contentUrl":"https:\/\/kapitalis.com\/tunisie\/wp-content\/uploads\/2022\/05\/Maher-Jedidi.jpg","width":1200,"height":630},{"@type":"BreadcrumbList","@id":"https:\/\/kapitalis.com\/tunisie\/2022\/06\/16\/tunisie-les-boycotteurs-du-referendum-poursuivis-judiciairement-maher-jedidi-dement\/#breadcrumb","itemListElement":[{"@type":"ListItem","position":1,"name":"Accueil","item":"https:\/\/kapitalis.com\/tunisie\/"},{"@type":"ListItem","position":2,"name":"Tunisie &#8211; Les boycotteurs du r\u00e9f\u00e9rendum poursuivis judiciairement ? Maher Jedidi d\u00e9ment"}]},{"@type":"WebSite","@id":"https:\/\/kapitalis.com\/tunisie\/#website","url":"https:\/\/kapitalis.com\/tunisie\/","name":"Kapitalis","description":"L&#039;actualit\u00e9 en Tunisie et dans le monde","publisher":{"@id":"https:\/\/kapitalis.com\/tunisie\/#organization"},"potentialAction":[{"@type":"SearchAction","target":{"@type":"EntryPoint","urlTemplate":"https:\/\/kapitalis.com\/tunisie\/?s={search_term_string}"},"query-input":{"@type":"PropertyValueSpecification","valueRequired":true,"valueName":"search_term_string"}}],"inLanguage":"fr-FR"},{"@type":"Organization","@id":"https:\/\/kapitalis.com\/tunisie\/#organization","name":"Kapitalis","url":"https:\/\/kapitalis.com\/tunisie\/","logo":{"@type":"ImageObject","inLanguage":"fr-FR","@id":"https:\/\/kapitalis.com\/tunisie\/#\/schema\/logo\/image\/","url":"https:\/\/kapitalis.com\/tunisie\/wp-content\/uploads\/2022\/05\/Kapitalis-big-size.png","contentUrl":"https:\/\/kapitalis.com\/tunisie\/wp-content\/uploads\/2022\/05\/Kapitalis-big-size.png","width":5000,"height":1500,"caption":"Kapitalis"},"image":{"@id":"https:\/\/kapitalis.com\/tunisie\/#\/schema\/logo\/image\/"},"sameAs":["https:\/\/www.facebook.com\/KapitalisInfo\/","https:\/\/x.com\/KapitalisInfo","https:\/\/www.youtube.com\/channel\/UC-yDYrHyfFBWWZaOw3FPg9Q"]},{"@type":"Person","@id":"https:\/\/kapitalis.com\/tunisie\/#\/schema\/person\/b35b8d631961131107263178aeb8019e","name":"Cherif Benyounes","url":"https:\/\/kapitalis.com\/tunisie\/author\/cherif\/"}]}},"_links":{"self":[{"href":"https:\/\/kapitalis.com\/tunisie\/wp-json\/wp\/v2\/posts\/1494033","targetHints":{"allow":["GET"]}}],"collection":[{"href":"https:\/\/kapitalis.com\/tunisie\/wp-json\/wp\/v2\/posts"}],"about":[{"href":"https:\/\/kapitalis.com\/tunisie\/wp-json\/wp\/v2\/types\/post"}],"author":[{"embeddable":true,"href":"https:\/\/kapitalis.com\/tunisie\/wp-json\/wp\/v2\/users\/24"}],"replies":[{"embeddable":true,"href":"https:\/\/kapitalis.com\/tunisie\/wp-json\/wp\/v2\/comments?post=1494033"}],"version-history":[{"count":0,"href":"https:\/\/kapitalis.com\/tunisie\/wp-json\/wp\/v2\/posts\/1494033\/revisions"}],"wp:featuredmedia":[{"embeddable":true,"href":"https:\/\/kapitalis.com\/tunisie\/wp-json\/wp\/v2\/media\/921016"}],"wp:attachment":[{"href":"https:\/\/kapitalis.com\/tunisie\/wp-json\/wp\/v2\/media?parent=1494033"}],"wp:term":[{"taxonomy":"category","embeddable":true,"href":"https:\/\/kapitalis.com\/tunisie\/wp-json\/wp\/v2\/categories?post=1494033"},{"taxonomy":"post_tag","embeddable":true,"href":"https:\/\/kapitalis.com\/tunisie\/wp-json\/wp\/v2\/tags?post=1494033"}],"curies":[{"name":"wp","href":"https:\/\/api.w.org\/{rel}","templated":true}]}}