{"id":149415,"date":"2018-04-18T12:13:10","date_gmt":"2018-04-18T11:13:10","guid":{"rendered":"http:\/\/kapitalis.com\/tunisie\/?p=149415"},"modified":"2018-04-19T09:51:59","modified_gmt":"2018-04-19T08:51:59","slug":"un-avocat-tunisien-depose-un-recours-contre-le-parlement-europeen","status":"publish","type":"post","link":"https:\/\/kapitalis.com\/tunisie\/2018\/04\/18\/un-avocat-tunisien-depose-un-recours-contre-le-parlement-europeen\/","title":{"rendered":"Un avocat tunisien d\u00e9pose un recours contre le Parlement europ\u00e9en"},"content":{"rendered":"<p style=\"text-align: center;\"><img loading=\"lazy\" decoding=\"async\" class=\"alignnone size-full wp-image-149416\" src=\"http:\/\/kapitalis.com\/tunisie\/wp-content\/uploads\/2018\/04\/Hatem-Chelly.jpg\" alt=\"\" width=\"626\" height=\"380\" \/><\/p>\n<p><em><strong>Me Hatem Chelly a d\u00e9pos\u00e9, aupr\u00e8s du tribunal de l&rsquo;Union europ\u00e9enne (UE), un recours en annulation de l&rsquo;inscription de la Tunisie sur la liste des pays \u00e0 haut risque de blanchiment d&rsquo;argent et de financement du terrorisme.\u00a0<\/strong><\/em><!--more--><\/p>\n<p>Conseiller principal \u00e0 la Cour p\u00e9nale internationale (CPI) de La Haye (Pays-Bas), inscrit au barreau de Paris et \u00e0 celui de Tunis, Me Chelly a indiqu\u00e9, dans une vid\u00e9o publi\u00e9e sur son compte Facebook, mardi 17 avril 2018, que ce recours a \u00e9t\u00e9 pr\u00e9sent\u00e9 au tribunal, en vertu de l&rsquo;article 263 du <a href=\"http:\/\/eur-lex.europa.eu\/resource.html?uri=cellar:88f94461-564b-4b75-aef7-c957de8e339d.0010.01\/DOC_3&amp;format=PDF\">Trait\u00e9 de fonctionnement\u00a0de l&rsquo;UE,<\/a>\u00a0contre le r\u00e8glement d\u00e9l\u00e9gu\u00e9 2018\/212 de la Commission du 13 d\u00e9cembre 2017 portant modification du r\u00e8glement d\u00e9l\u00e9gu\u00e9 2016\/1675, qui inclut la Tunisie dans la liste des pays \u00e0 haut risque de blanchiment d&rsquo;argent et de financement du terrorisme.<\/p>\n<div class=\"embed\">\n<div class=\"video\">\n<iframe loading=\"lazy\" width=\"560\" height=\"315\" src=\"https:\/\/www.youtube.com\/embed\/Och0qFP_nFw?rel=0&amp;controls=0&amp;showinfo=0\" frameborder=\"0\" allow=\"autoplay; encrypted-media\" allowfullscreen><\/iframe>\n<\/div>\n<\/div>\n<p>En effet, l&rsquo;article 263 stipule que\u00a0\u00ab<em>la Cour est comp\u00e9tente pour se prononcer sur les recours pour incomp\u00e9tence, violation des formes substantielles, violation des trait\u00e9s ou de toute r\u00e8gle de droit relative \u00e0 leur application, ou d\u00e9tournement de pouvoir, form\u00e9s par un \u00c9tat membre, le Parlement europ\u00e9en, le Conseil ou la Commission<\/em>\u00bb.<\/p>\n<p>Me Chelly a, par ailleurs, indiqu\u00e9 qu&rsquo;il a soulev\u00e9 dans son recours plusieurs points, notamment l&rsquo;incomp\u00e9tence de la Commission des affaires \u00e9conomiques et mon\u00e9taire au Parlement europ\u00e9en, les violations substantielles du Trait\u00e9 de fonctionnement de l&rsquo;UE et les erreurs d&rsquo;appr\u00e9ciation.<\/p>\n<p>\u00ab<em>Le tribunal fixera dans les prochains jours la date d&rsquo;audience. Je serais au rendez-vous pour pr\u00e9senter les moyens de d\u00e9fense<\/em>\u00bb, a-t-il indiqu\u00e9.<\/p>\n<p style=\"text-align: right;\"><strong>E. B. A.<\/strong><\/p>\n<blockquote class=\"wp-embedded-content\" data-secret=\"Rpuezhtqdj\"><p><a href=\"https:\/\/kapitalis.com\/tunisie\/2018\/02\/07\/blanchiment-de-capitaux-deputee-europeenne-defend-tunisie\/\">Blanchiment de capitaux : Une d\u00e9put\u00e9e europ\u00e9enne d\u00e9fend la Tunisie<\/a><\/p><\/blockquote>\n<p><iframe loading=\"lazy\" class=\"wp-embedded-content\" sandbox=\"allow-scripts\" security=\"restricted\" style=\"position: absolute; clip: rect(1px, 1px, 1px, 1px);\" title=\"\u00ab\u00a0Blanchiment de capitaux : Une d\u00e9put\u00e9e europ\u00e9enne d\u00e9fend la Tunisie\u00a0\u00bb &#8212; Kapitalis\" src=\"https:\/\/kapitalis.com\/tunisie\/2018\/02\/07\/blanchiment-de-capitaux-deputee-europeenne-defend-tunisie\/embed\/#?secret=oM2ktpbAW9#?secret=Rpuezhtqdj\" data-secret=\"Rpuezhtqdj\" width=\"600\" height=\"338\" frameborder=\"0\" marginwidth=\"0\" marginheight=\"0\" scrolling=\"no\"><\/iframe><\/p>\n<blockquote class=\"wp-embedded-content\" data-secret=\"hwDPX2bEcb\"><p><a href=\"https:\/\/kapitalis.com\/tunisie\/2018\/02\/02\/blanchiment-de-capitaux-tunisie-viseur-parlement-europeen\/\">Blanchiment de capitaux : La Tunisie  dans le viseur du Parlement europ\u00e9en<\/a><\/p><\/blockquote>\n<p><iframe loading=\"lazy\" class=\"wp-embedded-content\" sandbox=\"allow-scripts\" security=\"restricted\" style=\"position: absolute; clip: rect(1px, 1px, 1px, 1px);\" title=\"\u00ab\u00a0Blanchiment de capitaux : La Tunisie  dans le viseur du Parlement europ\u00e9en\u00a0\u00bb &#8212; Kapitalis\" src=\"https:\/\/kapitalis.com\/tunisie\/2018\/02\/02\/blanchiment-de-capitaux-tunisie-viseur-parlement-europeen\/embed\/#?secret=8plrzdpiOb#?secret=hwDPX2bEcb\" data-secret=\"hwDPX2bEcb\" width=\"600\" height=\"338\" frameborder=\"0\" marginwidth=\"0\" marginheight=\"0\" scrolling=\"no\"><\/iframe><\/p>\n","protected":false},"excerpt":{"rendered":"<p>Me Hatem Chelly a d\u00e9pos\u00e9, aupr\u00e8s du tribunal de l&rsquo;Union europ\u00e9enne (UE), un recours en annulation de l&rsquo;inscription de la Tunisie sur la liste des pays \u00e0 haut risque de blanchiment d&rsquo;argent et de financement du terrorisme.\u00a0<\/p>\n","protected":false},"author":16,"featured_media":149416,"comment_status":"open","ping_status":"open","sticky":false,"template":"","format":"standard","meta":{"footnotes":""},"categories":[995,2433,4806],"tags":[3724,10051,693],"class_list":["post-149415","post","type-post","status-publish","format-standard","has-post-thumbnail","hentry","category-economie","category-tunisie","category-videos","tag-blanchiment-dargent","tag-financement-du-terrorisme","tag-parlement-europeen"],"yoast_head":"<!-- This site is optimized with the Yoast SEO plugin v26.6 - https:\/\/yoast.com\/wordpress\/plugins\/seo\/ -->\n<title>Un avocat tunisien d\u00e9pose un recours contre le Parlement europ\u00e9en - Kapitalis<\/title>\n<meta name=\"robots\" content=\"index, follow, max-snippet:-1, max-image-preview:large, max-video-preview:-1\" \/>\n<link rel=\"canonical\" href=\"https:\/\/kapitalis.com\/tunisie\/2018\/04\/18\/un-avocat-tunisien-depose-un-recours-contre-le-parlement-europeen\/\" \/>\n<meta property=\"og:locale\" content=\"fr_FR\" \/>\n<meta property=\"og:type\" content=\"article\" \/>\n<meta property=\"og:title\" content=\"Un avocat tunisien d\u00e9pose un recours contre le Parlement europ\u00e9en - Kapitalis\" \/>\n<meta property=\"og:description\" content=\"Me Hatem Chelly a d\u00e9pos\u00e9, aupr\u00e8s du tribunal de l&rsquo;Union europ\u00e9enne (UE), un recours en annulation de l&rsquo;inscription de la Tunisie sur la liste des pays \u00e0 haut risque de blanchiment d&rsquo;argent et de financement du terrorisme.\u00a0\" \/>\n<meta property=\"og:url\" content=\"https:\/\/kapitalis.com\/tunisie\/2018\/04\/18\/un-avocat-tunisien-depose-un-recours-contre-le-parlement-europeen\/\" \/>\n<meta property=\"og:site_name\" content=\"Kapitalis\" \/>\n<meta property=\"article:publisher\" content=\"https:\/\/www.facebook.com\/KapitalisInfo\/\" \/>\n<meta property=\"article:published_time\" content=\"2018-04-18T11:13:10+00:00\" \/>\n<meta property=\"article:modified_time\" content=\"2018-04-19T08:51:59+00:00\" \/>\n<meta property=\"og:image\" content=\"https:\/\/kapitalis.com\/tunisie\/wp-content\/uploads\/2022\/05\/kapitalis-logo-fb.png\" \/>\n\t<meta property=\"og:image:width\" content=\"1200\" \/>\n\t<meta property=\"og:image:height\" content=\"630\" \/>\n\t<meta property=\"og:image:type\" content=\"image\/png\" \/>\n<meta name=\"author\" content=\"emna benabdallah\" \/>\n<meta name=\"twitter:card\" content=\"summary_large_image\" \/>\n<meta name=\"twitter:creator\" content=\"@KapitalisInfo\" \/>\n<meta name=\"twitter:site\" content=\"@KapitalisInfo\" \/>\n<meta name=\"twitter:label1\" content=\"\u00c9crit par\" \/>\n\t<meta name=\"twitter:data1\" content=\"emna benabdallah\" \/>\n\t<meta name=\"twitter:label2\" content=\"Dur\u00e9e de lecture estim\u00e9e\" \/>\n\t<meta name=\"twitter:data2\" content=\"1 minute\" \/>\n<script type=\"application\/ld+json\" class=\"yoast-schema-graph\">{\"@context\":\"https:\/\/schema.org\",\"@graph\":[{\"@type\":\"Article\",\"@id\":\"https:\/\/kapitalis.com\/tunisie\/2018\/04\/18\/un-avocat-tunisien-depose-un-recours-contre-le-parlement-europeen\/#article\",\"isPartOf\":{\"@id\":\"https:\/\/kapitalis.com\/tunisie\/2018\/04\/18\/un-avocat-tunisien-depose-un-recours-contre-le-parlement-europeen\/\"},\"author\":{\"name\":\"emna benabdallah\",\"@id\":\"https:\/\/kapitalis.com\/tunisie\/#\/schema\/person\/2c6e134b2f3369dffcd1daf5f087d28b\"},\"headline\":\"Un avocat tunisien d\u00e9pose un recours contre le Parlement europ\u00e9en\",\"datePublished\":\"2018-04-18T11:13:10+00:00\",\"dateModified\":\"2018-04-19T08:51:59+00:00\",\"mainEntityOfPage\":{\"@id\":\"https:\/\/kapitalis.com\/tunisie\/2018\/04\/18\/un-avocat-tunisien-depose-un-recours-contre-le-parlement-europeen\/\"},\"wordCount\":285,\"commentCount\":0,\"publisher\":{\"@id\":\"https:\/\/kapitalis.com\/tunisie\/#organization\"},\"image\":{\"@id\":\"https:\/\/kapitalis.com\/tunisie\/2018\/04\/18\/un-avocat-tunisien-depose-un-recours-contre-le-parlement-europeen\/#primaryimage\"},\"thumbnailUrl\":\"\",\"keywords\":[\"blanchiment d'argent\",\"financement du terrorisme\",\"Parlement europ\u00e9en\"],\"articleSection\":[\"ECONOMIE\",\"Tunisie\",\"VIDEOS\"],\"inLanguage\":\"fr-FR\",\"potentialAction\":[{\"@type\":\"CommentAction\",\"name\":\"Comment\",\"target\":[\"https:\/\/kapitalis.com\/tunisie\/2018\/04\/18\/un-avocat-tunisien-depose-un-recours-contre-le-parlement-europeen\/#respond\"]}]},{\"@type\":\"WebPage\",\"@id\":\"https:\/\/kapitalis.com\/tunisie\/2018\/04\/18\/un-avocat-tunisien-depose-un-recours-contre-le-parlement-europeen\/\",\"url\":\"https:\/\/kapitalis.com\/tunisie\/2018\/04\/18\/un-avocat-tunisien-depose-un-recours-contre-le-parlement-europeen\/\",\"name\":\"Un avocat tunisien d\u00e9pose un recours contre le Parlement europ\u00e9en - Kapitalis\",\"isPartOf\":{\"@id\":\"https:\/\/kapitalis.com\/tunisie\/#website\"},\"primaryImageOfPage\":{\"@id\":\"https:\/\/kapitalis.com\/tunisie\/2018\/04\/18\/un-avocat-tunisien-depose-un-recours-contre-le-parlement-europeen\/#primaryimage\"},\"image\":{\"@id\":\"https:\/\/kapitalis.com\/tunisie\/2018\/04\/18\/un-avocat-tunisien-depose-un-recours-contre-le-parlement-europeen\/#primaryimage\"},\"thumbnailUrl\":\"\",\"datePublished\":\"2018-04-18T11:13:10+00:00\",\"dateModified\":\"2018-04-19T08:51:59+00:00\",\"breadcrumb\":{\"@id\":\"https:\/\/kapitalis.com\/tunisie\/2018\/04\/18\/un-avocat-tunisien-depose-un-recours-contre-le-parlement-europeen\/#breadcrumb\"},\"inLanguage\":\"fr-FR\",\"potentialAction\":[{\"@type\":\"ReadAction\",\"target\":[\"https:\/\/kapitalis.com\/tunisie\/2018\/04\/18\/un-avocat-tunisien-depose-un-recours-contre-le-parlement-europeen\/\"]}]},{\"@type\":\"ImageObject\",\"inLanguage\":\"fr-FR\",\"@id\":\"https:\/\/kapitalis.com\/tunisie\/2018\/04\/18\/un-avocat-tunisien-depose-un-recours-contre-le-parlement-europeen\/#primaryimage\",\"url\":\"\",\"contentUrl\":\"\"},{\"@type\":\"BreadcrumbList\",\"@id\":\"https:\/\/kapitalis.com\/tunisie\/2018\/04\/18\/un-avocat-tunisien-depose-un-recours-contre-le-parlement-europeen\/#breadcrumb\",\"itemListElement\":[{\"@type\":\"ListItem\",\"position\":1,\"name\":\"Accueil\",\"item\":\"https:\/\/kapitalis.com\/tunisie\/\"},{\"@type\":\"ListItem\",\"position\":2,\"name\":\"Un avocat tunisien d\u00e9pose un recours contre le Parlement europ\u00e9en\"}]},{\"@type\":\"WebSite\",\"@id\":\"https:\/\/kapitalis.com\/tunisie\/#website\",\"url\":\"https:\/\/kapitalis.com\/tunisie\/\",\"name\":\"Kapitalis\",\"description\":\"L&#039;actualit\u00e9 en Tunisie et dans le monde\",\"publisher\":{\"@id\":\"https:\/\/kapitalis.com\/tunisie\/#organization\"},\"potentialAction\":[{\"@type\":\"SearchAction\",\"target\":{\"@type\":\"EntryPoint\",\"urlTemplate\":\"https:\/\/kapitalis.com\/tunisie\/?s={search_term_string}\"},\"query-input\":{\"@type\":\"PropertyValueSpecification\",\"valueRequired\":true,\"valueName\":\"search_term_string\"}}],\"inLanguage\":\"fr-FR\"},{\"@type\":\"Organization\",\"@id\":\"https:\/\/kapitalis.com\/tunisie\/#organization\",\"name\":\"Kapitalis\",\"url\":\"https:\/\/kapitalis.com\/tunisie\/\",\"logo\":{\"@type\":\"ImageObject\",\"inLanguage\":\"fr-FR\",\"@id\":\"https:\/\/kapitalis.com\/tunisie\/#\/schema\/logo\/image\/\",\"url\":\"https:\/\/kapitalis.com\/tunisie\/wp-content\/uploads\/2022\/05\/Kapitalis-big-size.png\",\"contentUrl\":\"https:\/\/kapitalis.com\/tunisie\/wp-content\/uploads\/2022\/05\/Kapitalis-big-size.png\",\"width\":5000,\"height\":1500,\"caption\":\"Kapitalis\"},\"image\":{\"@id\":\"https:\/\/kapitalis.com\/tunisie\/#\/schema\/logo\/image\/\"},\"sameAs\":[\"https:\/\/www.facebook.com\/KapitalisInfo\/\",\"https:\/\/x.com\/KapitalisInfo\",\"https:\/\/www.youtube.com\/channel\/UC-yDYrHyfFBWWZaOw3FPg9Q\"]},{\"@type\":\"Person\",\"@id\":\"https:\/\/kapitalis.com\/tunisie\/#\/schema\/person\/2c6e134b2f3369dffcd1daf5f087d28b\",\"name\":\"emna benabdallah\",\"url\":\"https:\/\/kapitalis.com\/tunisie\/author\/emna\/\"}]}<\/script>\n<!-- \/ Yoast SEO plugin. -->","yoast_head_json":{"title":"Un avocat tunisien d\u00e9pose un recours contre le Parlement europ\u00e9en - Kapitalis","robots":{"index":"index","follow":"follow","max-snippet":"max-snippet:-1","max-image-preview":"max-image-preview:large","max-video-preview":"max-video-preview:-1"},"canonical":"https:\/\/kapitalis.com\/tunisie\/2018\/04\/18\/un-avocat-tunisien-depose-un-recours-contre-le-parlement-europeen\/","og_locale":"fr_FR","og_type":"article","og_title":"Un avocat tunisien d\u00e9pose un recours contre le Parlement europ\u00e9en - Kapitalis","og_description":"Me Hatem Chelly a d\u00e9pos\u00e9, aupr\u00e8s du tribunal de l&rsquo;Union europ\u00e9enne (UE), un recours en annulation de l&rsquo;inscription de la Tunisie sur la liste des pays \u00e0 haut risque de blanchiment d&rsquo;argent et de financement du terrorisme.\u00a0","og_url":"https:\/\/kapitalis.com\/tunisie\/2018\/04\/18\/un-avocat-tunisien-depose-un-recours-contre-le-parlement-europeen\/","og_site_name":"Kapitalis","article_publisher":"https:\/\/www.facebook.com\/KapitalisInfo\/","article_published_time":"2018-04-18T11:13:10+00:00","article_modified_time":"2018-04-19T08:51:59+00:00","og_image":[{"width":1200,"height":630,"url":"https:\/\/kapitalis.com\/tunisie\/wp-content\/uploads\/2022\/05\/kapitalis-logo-fb.png","type":"image\/png"}],"author":"emna benabdallah","twitter_card":"summary_large_image","twitter_creator":"@KapitalisInfo","twitter_site":"@KapitalisInfo","twitter_misc":{"\u00c9crit par":"emna benabdallah","Dur\u00e9e de lecture estim\u00e9e":"1 minute"},"schema":{"@context":"https:\/\/schema.org","@graph":[{"@type":"Article","@id":"https:\/\/kapitalis.com\/tunisie\/2018\/04\/18\/un-avocat-tunisien-depose-un-recours-contre-le-parlement-europeen\/#article","isPartOf":{"@id":"https:\/\/kapitalis.com\/tunisie\/2018\/04\/18\/un-avocat-tunisien-depose-un-recours-contre-le-parlement-europeen\/"},"author":{"name":"emna benabdallah","@id":"https:\/\/kapitalis.com\/tunisie\/#\/schema\/person\/2c6e134b2f3369dffcd1daf5f087d28b"},"headline":"Un avocat tunisien d\u00e9pose un recours contre le Parlement europ\u00e9en","datePublished":"2018-04-18T11:13:10+00:00","dateModified":"2018-04-19T08:51:59+00:00","mainEntityOfPage":{"@id":"https:\/\/kapitalis.com\/tunisie\/2018\/04\/18\/un-avocat-tunisien-depose-un-recours-contre-le-parlement-europeen\/"},"wordCount":285,"commentCount":0,"publisher":{"@id":"https:\/\/kapitalis.com\/tunisie\/#organization"},"image":{"@id":"https:\/\/kapitalis.com\/tunisie\/2018\/04\/18\/un-avocat-tunisien-depose-un-recours-contre-le-parlement-europeen\/#primaryimage"},"thumbnailUrl":"","keywords":["blanchiment d'argent","financement du terrorisme","Parlement europ\u00e9en"],"articleSection":["ECONOMIE","Tunisie","VIDEOS"],"inLanguage":"fr-FR","potentialAction":[{"@type":"CommentAction","name":"Comment","target":["https:\/\/kapitalis.com\/tunisie\/2018\/04\/18\/un-avocat-tunisien-depose-un-recours-contre-le-parlement-europeen\/#respond"]}]},{"@type":"WebPage","@id":"https:\/\/kapitalis.com\/tunisie\/2018\/04\/18\/un-avocat-tunisien-depose-un-recours-contre-le-parlement-europeen\/","url":"https:\/\/kapitalis.com\/tunisie\/2018\/04\/18\/un-avocat-tunisien-depose-un-recours-contre-le-parlement-europeen\/","name":"Un avocat tunisien d\u00e9pose un recours contre le Parlement europ\u00e9en - Kapitalis","isPartOf":{"@id":"https:\/\/kapitalis.com\/tunisie\/#website"},"primaryImageOfPage":{"@id":"https:\/\/kapitalis.com\/tunisie\/2018\/04\/18\/un-avocat-tunisien-depose-un-recours-contre-le-parlement-europeen\/#primaryimage"},"image":{"@id":"https:\/\/kapitalis.com\/tunisie\/2018\/04\/18\/un-avocat-tunisien-depose-un-recours-contre-le-parlement-europeen\/#primaryimage"},"thumbnailUrl":"","datePublished":"2018-04-18T11:13:10+00:00","dateModified":"2018-04-19T08:51:59+00:00","breadcrumb":{"@id":"https:\/\/kapitalis.com\/tunisie\/2018\/04\/18\/un-avocat-tunisien-depose-un-recours-contre-le-parlement-europeen\/#breadcrumb"},"inLanguage":"fr-FR","potentialAction":[{"@type":"ReadAction","target":["https:\/\/kapitalis.com\/tunisie\/2018\/04\/18\/un-avocat-tunisien-depose-un-recours-contre-le-parlement-europeen\/"]}]},{"@type":"ImageObject","inLanguage":"fr-FR","@id":"https:\/\/kapitalis.com\/tunisie\/2018\/04\/18\/un-avocat-tunisien-depose-un-recours-contre-le-parlement-europeen\/#primaryimage","url":"","contentUrl":""},{"@type":"BreadcrumbList","@id":"https:\/\/kapitalis.com\/tunisie\/2018\/04\/18\/un-avocat-tunisien-depose-un-recours-contre-le-parlement-europeen\/#breadcrumb","itemListElement":[{"@type":"ListItem","position":1,"name":"Accueil","item":"https:\/\/kapitalis.com\/tunisie\/"},{"@type":"ListItem","position":2,"name":"Un avocat tunisien d\u00e9pose un recours contre le Parlement europ\u00e9en"}]},{"@type":"WebSite","@id":"https:\/\/kapitalis.com\/tunisie\/#website","url":"https:\/\/kapitalis.com\/tunisie\/","name":"Kapitalis","description":"L&#039;actualit\u00e9 en Tunisie et dans le monde","publisher":{"@id":"https:\/\/kapitalis.com\/tunisie\/#organization"},"potentialAction":[{"@type":"SearchAction","target":{"@type":"EntryPoint","urlTemplate":"https:\/\/kapitalis.com\/tunisie\/?s={search_term_string}"},"query-input":{"@type":"PropertyValueSpecification","valueRequired":true,"valueName":"search_term_string"}}],"inLanguage":"fr-FR"},{"@type":"Organization","@id":"https:\/\/kapitalis.com\/tunisie\/#organization","name":"Kapitalis","url":"https:\/\/kapitalis.com\/tunisie\/","logo":{"@type":"ImageObject","inLanguage":"fr-FR","@id":"https:\/\/kapitalis.com\/tunisie\/#\/schema\/logo\/image\/","url":"https:\/\/kapitalis.com\/tunisie\/wp-content\/uploads\/2022\/05\/Kapitalis-big-size.png","contentUrl":"https:\/\/kapitalis.com\/tunisie\/wp-content\/uploads\/2022\/05\/Kapitalis-big-size.png","width":5000,"height":1500,"caption":"Kapitalis"},"image":{"@id":"https:\/\/kapitalis.com\/tunisie\/#\/schema\/logo\/image\/"},"sameAs":["https:\/\/www.facebook.com\/KapitalisInfo\/","https:\/\/x.com\/KapitalisInfo","https:\/\/www.youtube.com\/channel\/UC-yDYrHyfFBWWZaOw3FPg9Q"]},{"@type":"Person","@id":"https:\/\/kapitalis.com\/tunisie\/#\/schema\/person\/2c6e134b2f3369dffcd1daf5f087d28b","name":"emna benabdallah","url":"https:\/\/kapitalis.com\/tunisie\/author\/emna\/"}]}},"_links":{"self":[{"href":"https:\/\/kapitalis.com\/tunisie\/wp-json\/wp\/v2\/posts\/149415","targetHints":{"allow":["GET"]}}],"collection":[{"href":"https:\/\/kapitalis.com\/tunisie\/wp-json\/wp\/v2\/posts"}],"about":[{"href":"https:\/\/kapitalis.com\/tunisie\/wp-json\/wp\/v2\/types\/post"}],"author":[{"embeddable":true,"href":"https:\/\/kapitalis.com\/tunisie\/wp-json\/wp\/v2\/users\/16"}],"replies":[{"embeddable":true,"href":"https:\/\/kapitalis.com\/tunisie\/wp-json\/wp\/v2\/comments?post=149415"}],"version-history":[{"count":0,"href":"https:\/\/kapitalis.com\/tunisie\/wp-json\/wp\/v2\/posts\/149415\/revisions"}],"wp:featuredmedia":[{"embeddable":true,"href":"https:\/\/kapitalis.com\/tunisie\/wp-json\/wp\/v2\/media\/149416"}],"wp:attachment":[{"href":"https:\/\/kapitalis.com\/tunisie\/wp-json\/wp\/v2\/media?parent=149415"}],"wp:term":[{"taxonomy":"category","embeddable":true,"href":"https:\/\/kapitalis.com\/tunisie\/wp-json\/wp\/v2\/categories?post=149415"},{"taxonomy":"post_tag","embeddable":true,"href":"https:\/\/kapitalis.com\/tunisie\/wp-json\/wp\/v2\/tags?post=149415"}],"curies":[{"name":"wp","href":"https:\/\/api.w.org\/{rel}","templated":true}]}}