{"id":14941808,"date":"2024-12-21T19:39:01","date_gmt":"2024-12-21T18:39:01","guid":{"rendered":"https:\/\/kapitalis.com\/tunisie\/?p=14941808"},"modified":"2024-12-21T19:54:07","modified_gmt":"2024-12-21T18:54:07","slug":"tourisme-interieur-offres-speciales-pour-les-tunisiens-pendant-les-vacances","status":"publish","type":"post","link":"https:\/\/kapitalis.com\/tunisie\/2024\/12\/21\/tourisme-interieur-offres-speciales-pour-les-tunisiens-pendant-les-vacances\/","title":{"rendered":"Tourisme int\u00e9rieur : Offres sp\u00e9ciales pour les Tunisiens pendant les vacances"},"content":{"rendered":"\n<p><strong><em>Le minist\u00e8re du Tourisme a annonc\u00e9, via un communiqu\u00e9 publi\u00e9 ce samedi 21 d\u00e9cembre 2024, des offres sp\u00e9ciales pour les Tunisiens pendant les vacances d&rsquo;hiver.<\/em><\/strong><\/p>\n\n\n\n<!--more-->\n\n\n\n<p>Cette initiative s&rsquo;inscrit dans le cadre de la promotion du tourisme int\u00e9rieur par le minist\u00e8re, en collaboration avec les principales f\u00e9d\u00e9rations professionnelles du secteur, indique le d\u00e9partement du Tourisme en affirmant que des tarifs pr\u00e9f\u00e9rentiels seront mis en place pour les Tunisiens durant les vacances scolaires, universitaires et des f\u00eates de fin d\u2019ann\u00e9e.<\/p>\n\n\n\n<p>Via ces offres sp\u00e9ciales, le minist\u00e8re vise \u00e0 encourager les familles tunisiennes et les touristes locaux \u00e0 d\u00e9couvrir les richesses du pays tout en soutenant les acteurs du secteur touristique.<\/p>\n\n\n\n<p>Ces tarifs avantageux s\u2019appliquent aux voyages touristiques organis\u00e9s par des agences de voyages class\u00e9es, les s\u00e9jours dans les \u00e9tablissements d\u2019h\u00e9bergement touristique et les repas dans les restaurants touristiques class\u00e9s, pr\u00e9cise la m\u00eame source.<\/p>\n\n\n\n<p class=\"has-text-align-right\"><strong>Y. N.<\/strong><\/p>\n","protected":false},"excerpt":{"rendered":"<p>Le minist\u00e8re du Tourisme a annonc\u00e9, via un communiqu\u00e9 publi\u00e9 ce samedi 21 d\u00e9cembre 2024, des offres sp\u00e9ciales pour les Tunisiens pendant les vacances d&rsquo;hiver.<\/p>\n","protected":false},"author":6,"featured_media":612610,"comment_status":"open","ping_status":"open","sticky":false,"template":"","format":"standard","meta":{"footnotes":""},"categories":[998,2433],"tags":[2554,62643,1117,11194],"class_list":["post-14941808","post","type-post","status-publish","format-standard","has-post-thumbnail","hentry","category-societe","category-tunisie","tag-tourisme-interieur","tag-tunisie","tag-tunisiens","tag-vacances-scolaires"],"yoast_head":"<!-- This site is optimized with the Yoast SEO plugin v26.6 - https:\/\/yoast.com\/wordpress\/plugins\/seo\/ -->\n<title>Tourisme int\u00e9rieur : Offres sp\u00e9ciales pour les Tunisiens pendant les vacances - Kapitalis<\/title>\n<meta name=\"robots\" content=\"index, follow, max-snippet:-1, max-image-preview:large, max-video-preview:-1\" \/>\n<link rel=\"canonical\" href=\"https:\/\/kapitalis.com\/tunisie\/2024\/12\/21\/tourisme-interieur-offres-speciales-pour-les-tunisiens-pendant-les-vacances\/\" \/>\n<meta property=\"og:locale\" content=\"fr_FR\" \/>\n<meta property=\"og:type\" content=\"article\" \/>\n<meta property=\"og:title\" content=\"Tourisme int\u00e9rieur : Offres sp\u00e9ciales pour les Tunisiens pendant les vacances - Kapitalis\" \/>\n<meta property=\"og:description\" content=\"Le minist\u00e8re du Tourisme a annonc\u00e9, via un communiqu\u00e9 publi\u00e9 ce samedi 21 d\u00e9cembre 2024, des offres sp\u00e9ciales pour les Tunisiens pendant les vacances d&rsquo;hiver.\" \/>\n<meta property=\"og:url\" content=\"https:\/\/kapitalis.com\/tunisie\/2024\/12\/21\/tourisme-interieur-offres-speciales-pour-les-tunisiens-pendant-les-vacances\/\" \/>\n<meta property=\"og:site_name\" content=\"Kapitalis\" \/>\n<meta property=\"article:publisher\" content=\"https:\/\/www.facebook.com\/KapitalisInfo\/\" \/>\n<meta property=\"article:published_time\" content=\"2024-12-21T18:39:01+00:00\" \/>\n<meta property=\"article:modified_time\" content=\"2024-12-21T18:54:07+00:00\" \/>\n<meta property=\"og:image\" content=\"https:\/\/kapitalis.com\/tunisie\/wp-content\/uploads\/2022\/05\/Tourisme-Tunisie-Ph-Kapitalis.jpg\" \/>\n\t<meta property=\"og:image:width\" content=\"1200\" \/>\n\t<meta property=\"og:image:height\" content=\"630\" \/>\n\t<meta property=\"og:image:type\" content=\"image\/jpeg\" \/>\n<meta name=\"author\" content=\"Yusra NY\" \/>\n<meta name=\"twitter:card\" content=\"summary_large_image\" \/>\n<meta name=\"twitter:creator\" content=\"@KapitalisInfo\" \/>\n<meta name=\"twitter:site\" content=\"@KapitalisInfo\" \/>\n<meta name=\"twitter:label1\" content=\"\u00c9crit par\" \/>\n\t<meta name=\"twitter:data1\" content=\"Yusra NY\" \/>\n\t<meta name=\"twitter:label2\" content=\"Dur\u00e9e de lecture estim\u00e9e\" \/>\n\t<meta name=\"twitter:data2\" content=\"1 minute\" \/>\n<script type=\"application\/ld+json\" class=\"yoast-schema-graph\">{\"@context\":\"https:\/\/schema.org\",\"@graph\":[{\"@type\":\"Article\",\"@id\":\"https:\/\/kapitalis.com\/tunisie\/2024\/12\/21\/tourisme-interieur-offres-speciales-pour-les-tunisiens-pendant-les-vacances\/#article\",\"isPartOf\":{\"@id\":\"https:\/\/kapitalis.com\/tunisie\/2024\/12\/21\/tourisme-interieur-offres-speciales-pour-les-tunisiens-pendant-les-vacances\/\"},\"author\":{\"name\":\"Yusra NY\",\"@id\":\"https:\/\/kapitalis.com\/tunisie\/#\/schema\/person\/74bbde0154d49d790a92aaeac5bc01d5\"},\"headline\":\"Tourisme int\u00e9rieur : Offres sp\u00e9ciales pour les Tunisiens pendant les vacances\",\"datePublished\":\"2024-12-21T18:39:01+00:00\",\"dateModified\":\"2024-12-21T18:54:07+00:00\",\"mainEntityOfPage\":{\"@id\":\"https:\/\/kapitalis.com\/tunisie\/2024\/12\/21\/tourisme-interieur-offres-speciales-pour-les-tunisiens-pendant-les-vacances\/\"},\"wordCount\":176,\"commentCount\":0,\"publisher\":{\"@id\":\"https:\/\/kapitalis.com\/tunisie\/#organization\"},\"image\":{\"@id\":\"https:\/\/kapitalis.com\/tunisie\/2024\/12\/21\/tourisme-interieur-offres-speciales-pour-les-tunisiens-pendant-les-vacances\/#primaryimage\"},\"thumbnailUrl\":\"https:\/\/kapitalis.com\/tunisie\/wp-content\/uploads\/2022\/05\/Tourisme-Tunisie-Ph-Kapitalis.jpg\",\"keywords\":[\"tourisme int\u00e9rieur\",\"Tunisie\",\"tunisiens\",\"vacances scolaires\"],\"articleSection\":[\"SOCIETE\",\"Tunisie\"],\"inLanguage\":\"fr-FR\",\"potentialAction\":[{\"@type\":\"CommentAction\",\"name\":\"Comment\",\"target\":[\"https:\/\/kapitalis.com\/tunisie\/2024\/12\/21\/tourisme-interieur-offres-speciales-pour-les-tunisiens-pendant-les-vacances\/#respond\"]}]},{\"@type\":\"WebPage\",\"@id\":\"https:\/\/kapitalis.com\/tunisie\/2024\/12\/21\/tourisme-interieur-offres-speciales-pour-les-tunisiens-pendant-les-vacances\/\",\"url\":\"https:\/\/kapitalis.com\/tunisie\/2024\/12\/21\/tourisme-interieur-offres-speciales-pour-les-tunisiens-pendant-les-vacances\/\",\"name\":\"Tourisme int\u00e9rieur : Offres sp\u00e9ciales pour les Tunisiens pendant les vacances - Kapitalis\",\"isPartOf\":{\"@id\":\"https:\/\/kapitalis.com\/tunisie\/#website\"},\"primaryImageOfPage\":{\"@id\":\"https:\/\/kapitalis.com\/tunisie\/2024\/12\/21\/tourisme-interieur-offres-speciales-pour-les-tunisiens-pendant-les-vacances\/#primaryimage\"},\"image\":{\"@id\":\"https:\/\/kapitalis.com\/tunisie\/2024\/12\/21\/tourisme-interieur-offres-speciales-pour-les-tunisiens-pendant-les-vacances\/#primaryimage\"},\"thumbnailUrl\":\"https:\/\/kapitalis.com\/tunisie\/wp-content\/uploads\/2022\/05\/Tourisme-Tunisie-Ph-Kapitalis.jpg\",\"datePublished\":\"2024-12-21T18:39:01+00:00\",\"dateModified\":\"2024-12-21T18:54:07+00:00\",\"breadcrumb\":{\"@id\":\"https:\/\/kapitalis.com\/tunisie\/2024\/12\/21\/tourisme-interieur-offres-speciales-pour-les-tunisiens-pendant-les-vacances\/#breadcrumb\"},\"inLanguage\":\"fr-FR\",\"potentialAction\":[{\"@type\":\"ReadAction\",\"target\":[\"https:\/\/kapitalis.com\/tunisie\/2024\/12\/21\/tourisme-interieur-offres-speciales-pour-les-tunisiens-pendant-les-vacances\/\"]}]},{\"@type\":\"ImageObject\",\"inLanguage\":\"fr-FR\",\"@id\":\"https:\/\/kapitalis.com\/tunisie\/2024\/12\/21\/tourisme-interieur-offres-speciales-pour-les-tunisiens-pendant-les-vacances\/#primaryimage\",\"url\":\"https:\/\/kapitalis.com\/tunisie\/wp-content\/uploads\/2022\/05\/Tourisme-Tunisie-Ph-Kapitalis.jpg\",\"contentUrl\":\"https:\/\/kapitalis.com\/tunisie\/wp-content\/uploads\/2022\/05\/Tourisme-Tunisie-Ph-Kapitalis.jpg\",\"width\":1200,\"height\":630},{\"@type\":\"BreadcrumbList\",\"@id\":\"https:\/\/kapitalis.com\/tunisie\/2024\/12\/21\/tourisme-interieur-offres-speciales-pour-les-tunisiens-pendant-les-vacances\/#breadcrumb\",\"itemListElement\":[{\"@type\":\"ListItem\",\"position\":1,\"name\":\"Accueil\",\"item\":\"https:\/\/kapitalis.com\/tunisie\/\"},{\"@type\":\"ListItem\",\"position\":2,\"name\":\"Tourisme int\u00e9rieur : Offres sp\u00e9ciales pour les Tunisiens pendant les vacances\"}]},{\"@type\":\"WebSite\",\"@id\":\"https:\/\/kapitalis.com\/tunisie\/#website\",\"url\":\"https:\/\/kapitalis.com\/tunisie\/\",\"name\":\"Kapitalis\",\"description\":\"L&#039;actualit\u00e9 en Tunisie et dans le monde\",\"publisher\":{\"@id\":\"https:\/\/kapitalis.com\/tunisie\/#organization\"},\"potentialAction\":[{\"@type\":\"SearchAction\",\"target\":{\"@type\":\"EntryPoint\",\"urlTemplate\":\"https:\/\/kapitalis.com\/tunisie\/?s={search_term_string}\"},\"query-input\":{\"@type\":\"PropertyValueSpecification\",\"valueRequired\":true,\"valueName\":\"search_term_string\"}}],\"inLanguage\":\"fr-FR\"},{\"@type\":\"Organization\",\"@id\":\"https:\/\/kapitalis.com\/tunisie\/#organization\",\"name\":\"Kapitalis\",\"url\":\"https:\/\/kapitalis.com\/tunisie\/\",\"logo\":{\"@type\":\"ImageObject\",\"inLanguage\":\"fr-FR\",\"@id\":\"https:\/\/kapitalis.com\/tunisie\/#\/schema\/logo\/image\/\",\"url\":\"https:\/\/kapitalis.com\/tunisie\/wp-content\/uploads\/2022\/05\/Kapitalis-big-size.png\",\"contentUrl\":\"https:\/\/kapitalis.com\/tunisie\/wp-content\/uploads\/2022\/05\/Kapitalis-big-size.png\",\"width\":5000,\"height\":1500,\"caption\":\"Kapitalis\"},\"image\":{\"@id\":\"https:\/\/kapitalis.com\/tunisie\/#\/schema\/logo\/image\/\"},\"sameAs\":[\"https:\/\/www.facebook.com\/KapitalisInfo\/\",\"https:\/\/x.com\/KapitalisInfo\",\"https:\/\/www.youtube.com\/channel\/UC-yDYrHyfFBWWZaOw3FPg9Q\"]},{\"@type\":\"Person\",\"@id\":\"https:\/\/kapitalis.com\/tunisie\/#\/schema\/person\/74bbde0154d49d790a92aaeac5bc01d5\",\"name\":\"Yusra NY\",\"url\":\"https:\/\/kapitalis.com\/tunisie\/author\/yuza_adam\/\"}]}<\/script>\n<!-- \/ Yoast SEO plugin. -->","yoast_head_json":{"title":"Tourisme int\u00e9rieur : Offres sp\u00e9ciales pour les Tunisiens pendant les vacances - Kapitalis","robots":{"index":"index","follow":"follow","max-snippet":"max-snippet:-1","max-image-preview":"max-image-preview:large","max-video-preview":"max-video-preview:-1"},"canonical":"https:\/\/kapitalis.com\/tunisie\/2024\/12\/21\/tourisme-interieur-offres-speciales-pour-les-tunisiens-pendant-les-vacances\/","og_locale":"fr_FR","og_type":"article","og_title":"Tourisme int\u00e9rieur : Offres sp\u00e9ciales pour les Tunisiens pendant les vacances - Kapitalis","og_description":"Le minist\u00e8re du Tourisme a annonc\u00e9, via un communiqu\u00e9 publi\u00e9 ce samedi 21 d\u00e9cembre 2024, des offres sp\u00e9ciales pour les Tunisiens pendant les vacances d&rsquo;hiver.","og_url":"https:\/\/kapitalis.com\/tunisie\/2024\/12\/21\/tourisme-interieur-offres-speciales-pour-les-tunisiens-pendant-les-vacances\/","og_site_name":"Kapitalis","article_publisher":"https:\/\/www.facebook.com\/KapitalisInfo\/","article_published_time":"2024-12-21T18:39:01+00:00","article_modified_time":"2024-12-21T18:54:07+00:00","og_image":[{"width":1200,"height":630,"url":"https:\/\/kapitalis.com\/tunisie\/wp-content\/uploads\/2022\/05\/Tourisme-Tunisie-Ph-Kapitalis.jpg","type":"image\/jpeg"}],"author":"Yusra NY","twitter_card":"summary_large_image","twitter_creator":"@KapitalisInfo","twitter_site":"@KapitalisInfo","twitter_misc":{"\u00c9crit par":"Yusra NY","Dur\u00e9e de lecture estim\u00e9e":"1 minute"},"schema":{"@context":"https:\/\/schema.org","@graph":[{"@type":"Article","@id":"https:\/\/kapitalis.com\/tunisie\/2024\/12\/21\/tourisme-interieur-offres-speciales-pour-les-tunisiens-pendant-les-vacances\/#article","isPartOf":{"@id":"https:\/\/kapitalis.com\/tunisie\/2024\/12\/21\/tourisme-interieur-offres-speciales-pour-les-tunisiens-pendant-les-vacances\/"},"author":{"name":"Yusra NY","@id":"https:\/\/kapitalis.com\/tunisie\/#\/schema\/person\/74bbde0154d49d790a92aaeac5bc01d5"},"headline":"Tourisme int\u00e9rieur : Offres sp\u00e9ciales pour les Tunisiens pendant les vacances","datePublished":"2024-12-21T18:39:01+00:00","dateModified":"2024-12-21T18:54:07+00:00","mainEntityOfPage":{"@id":"https:\/\/kapitalis.com\/tunisie\/2024\/12\/21\/tourisme-interieur-offres-speciales-pour-les-tunisiens-pendant-les-vacances\/"},"wordCount":176,"commentCount":0,"publisher":{"@id":"https:\/\/kapitalis.com\/tunisie\/#organization"},"image":{"@id":"https:\/\/kapitalis.com\/tunisie\/2024\/12\/21\/tourisme-interieur-offres-speciales-pour-les-tunisiens-pendant-les-vacances\/#primaryimage"},"thumbnailUrl":"https:\/\/kapitalis.com\/tunisie\/wp-content\/uploads\/2022\/05\/Tourisme-Tunisie-Ph-Kapitalis.jpg","keywords":["tourisme int\u00e9rieur","Tunisie","tunisiens","vacances scolaires"],"articleSection":["SOCIETE","Tunisie"],"inLanguage":"fr-FR","potentialAction":[{"@type":"CommentAction","name":"Comment","target":["https:\/\/kapitalis.com\/tunisie\/2024\/12\/21\/tourisme-interieur-offres-speciales-pour-les-tunisiens-pendant-les-vacances\/#respond"]}]},{"@type":"WebPage","@id":"https:\/\/kapitalis.com\/tunisie\/2024\/12\/21\/tourisme-interieur-offres-speciales-pour-les-tunisiens-pendant-les-vacances\/","url":"https:\/\/kapitalis.com\/tunisie\/2024\/12\/21\/tourisme-interieur-offres-speciales-pour-les-tunisiens-pendant-les-vacances\/","name":"Tourisme int\u00e9rieur : Offres sp\u00e9ciales pour les Tunisiens pendant les vacances - Kapitalis","isPartOf":{"@id":"https:\/\/kapitalis.com\/tunisie\/#website"},"primaryImageOfPage":{"@id":"https:\/\/kapitalis.com\/tunisie\/2024\/12\/21\/tourisme-interieur-offres-speciales-pour-les-tunisiens-pendant-les-vacances\/#primaryimage"},"image":{"@id":"https:\/\/kapitalis.com\/tunisie\/2024\/12\/21\/tourisme-interieur-offres-speciales-pour-les-tunisiens-pendant-les-vacances\/#primaryimage"},"thumbnailUrl":"https:\/\/kapitalis.com\/tunisie\/wp-content\/uploads\/2022\/05\/Tourisme-Tunisie-Ph-Kapitalis.jpg","datePublished":"2024-12-21T18:39:01+00:00","dateModified":"2024-12-21T18:54:07+00:00","breadcrumb":{"@id":"https:\/\/kapitalis.com\/tunisie\/2024\/12\/21\/tourisme-interieur-offres-speciales-pour-les-tunisiens-pendant-les-vacances\/#breadcrumb"},"inLanguage":"fr-FR","potentialAction":[{"@type":"ReadAction","target":["https:\/\/kapitalis.com\/tunisie\/2024\/12\/21\/tourisme-interieur-offres-speciales-pour-les-tunisiens-pendant-les-vacances\/"]}]},{"@type":"ImageObject","inLanguage":"fr-FR","@id":"https:\/\/kapitalis.com\/tunisie\/2024\/12\/21\/tourisme-interieur-offres-speciales-pour-les-tunisiens-pendant-les-vacances\/#primaryimage","url":"https:\/\/kapitalis.com\/tunisie\/wp-content\/uploads\/2022\/05\/Tourisme-Tunisie-Ph-Kapitalis.jpg","contentUrl":"https:\/\/kapitalis.com\/tunisie\/wp-content\/uploads\/2022\/05\/Tourisme-Tunisie-Ph-Kapitalis.jpg","width":1200,"height":630},{"@type":"BreadcrumbList","@id":"https:\/\/kapitalis.com\/tunisie\/2024\/12\/21\/tourisme-interieur-offres-speciales-pour-les-tunisiens-pendant-les-vacances\/#breadcrumb","itemListElement":[{"@type":"ListItem","position":1,"name":"Accueil","item":"https:\/\/kapitalis.com\/tunisie\/"},{"@type":"ListItem","position":2,"name":"Tourisme int\u00e9rieur : Offres sp\u00e9ciales pour les Tunisiens pendant les vacances"}]},{"@type":"WebSite","@id":"https:\/\/kapitalis.com\/tunisie\/#website","url":"https:\/\/kapitalis.com\/tunisie\/","name":"Kapitalis","description":"L&#039;actualit\u00e9 en Tunisie et dans le monde","publisher":{"@id":"https:\/\/kapitalis.com\/tunisie\/#organization"},"potentialAction":[{"@type":"SearchAction","target":{"@type":"EntryPoint","urlTemplate":"https:\/\/kapitalis.com\/tunisie\/?s={search_term_string}"},"query-input":{"@type":"PropertyValueSpecification","valueRequired":true,"valueName":"search_term_string"}}],"inLanguage":"fr-FR"},{"@type":"Organization","@id":"https:\/\/kapitalis.com\/tunisie\/#organization","name":"Kapitalis","url":"https:\/\/kapitalis.com\/tunisie\/","logo":{"@type":"ImageObject","inLanguage":"fr-FR","@id":"https:\/\/kapitalis.com\/tunisie\/#\/schema\/logo\/image\/","url":"https:\/\/kapitalis.com\/tunisie\/wp-content\/uploads\/2022\/05\/Kapitalis-big-size.png","contentUrl":"https:\/\/kapitalis.com\/tunisie\/wp-content\/uploads\/2022\/05\/Kapitalis-big-size.png","width":5000,"height":1500,"caption":"Kapitalis"},"image":{"@id":"https:\/\/kapitalis.com\/tunisie\/#\/schema\/logo\/image\/"},"sameAs":["https:\/\/www.facebook.com\/KapitalisInfo\/","https:\/\/x.com\/KapitalisInfo","https:\/\/www.youtube.com\/channel\/UC-yDYrHyfFBWWZaOw3FPg9Q"]},{"@type":"Person","@id":"https:\/\/kapitalis.com\/tunisie\/#\/schema\/person\/74bbde0154d49d790a92aaeac5bc01d5","name":"Yusra NY","url":"https:\/\/kapitalis.com\/tunisie\/author\/yuza_adam\/"}]}},"_links":{"self":[{"href":"https:\/\/kapitalis.com\/tunisie\/wp-json\/wp\/v2\/posts\/14941808","targetHints":{"allow":["GET"]}}],"collection":[{"href":"https:\/\/kapitalis.com\/tunisie\/wp-json\/wp\/v2\/posts"}],"about":[{"href":"https:\/\/kapitalis.com\/tunisie\/wp-json\/wp\/v2\/types\/post"}],"author":[{"embeddable":true,"href":"https:\/\/kapitalis.com\/tunisie\/wp-json\/wp\/v2\/users\/6"}],"replies":[{"embeddable":true,"href":"https:\/\/kapitalis.com\/tunisie\/wp-json\/wp\/v2\/comments?post=14941808"}],"version-history":[{"count":2,"href":"https:\/\/kapitalis.com\/tunisie\/wp-json\/wp\/v2\/posts\/14941808\/revisions"}],"predecessor-version":[{"id":14941936,"href":"https:\/\/kapitalis.com\/tunisie\/wp-json\/wp\/v2\/posts\/14941808\/revisions\/14941936"}],"wp:featuredmedia":[{"embeddable":true,"href":"https:\/\/kapitalis.com\/tunisie\/wp-json\/wp\/v2\/media\/612610"}],"wp:attachment":[{"href":"https:\/\/kapitalis.com\/tunisie\/wp-json\/wp\/v2\/media?parent=14941808"}],"wp:term":[{"taxonomy":"category","embeddable":true,"href":"https:\/\/kapitalis.com\/tunisie\/wp-json\/wp\/v2\/categories?post=14941808"},{"taxonomy":"post_tag","embeddable":true,"href":"https:\/\/kapitalis.com\/tunisie\/wp-json\/wp\/v2\/tags?post=14941808"}],"curies":[{"name":"wp","href":"https:\/\/api.w.org\/{rel}","templated":true}]}}