{"id":14943341,"date":"2024-12-21T22:49:12","date_gmt":"2024-12-21T21:49:12","guid":{"rendered":"https:\/\/kapitalis.com\/tunisie\/?p=14943341"},"modified":"2024-12-21T22:49:37","modified_gmt":"2024-12-21T21:49:37","slug":"tunis-programme-scientifique-des-vacances-dhiver-a-la-cite-des-sciences","status":"publish","type":"post","link":"https:\/\/kapitalis.com\/tunisie\/2024\/12\/21\/tunis-programme-scientifique-des-vacances-dhiver-a-la-cite-des-sciences\/","title":{"rendered":"Tunis : Programme scientifique des vacances d&rsquo;hiver \u00e0 la Cit\u00e9 des Sciences"},"content":{"rendered":"\n<p><strong><em>La Cit\u00e9 des Sciences de Tunis (CST) a r\u00e9v\u00e9l\u00e9 son programme scientifique, riche et vari\u00e9 \u00e0 l&rsquo;occasion des vacances d&rsquo;hiver, en promettant des activit\u00e9s enrichissantes.<\/em><\/strong><\/p>\n\n\n\n<!--more-->\n\n\n\n<p>La CST a invit\u00e9 toutes les cat\u00e9gories de la soci\u00e9t\u00e9 \u00e0 participer \u00e0 ce programme exceptionnel, notamment les jeunes, les scolaires, les \u00e9tudiants, les familles, ainsi que les membres des associations de la soci\u00e9t\u00e9 civile et du savoir. Venez d\u00e9couvrir, apprendre et vous \u00e9merveiller devant les myst\u00e8res de la science : Rejoignez-nous pour des vacances d&rsquo;hiver enrichissantes \u00e0 la Cit\u00e9 des Sciences \u00e0 Tunis. Ensemble, faisons de la science une aventure accessible \u00e0 tous\u203c\ufe0f<\/p>\n\n\n\n<p>Cette initiative vise \u00e0 offrir une exp\u00e9rience \u00e9ducative et divertissante \u00e0 tous les visiteurs, gr\u00e2ce \u00e0 une s\u00e9rie d&rsquo;activit\u00e9s sp\u00e9cialement con\u00e7ues pour les passionn\u00e9s de science de tous \u00e2ges.<\/p>\n\n\n\n<p><strong>1\ufe0f\u20e3. Ateliers Th\u00e9matiques Ludiques et Visites Encadr\u00e9es<\/strong><\/p>\n\n\n\n<p>Tout au long des vacances d&rsquo;hiver, nous proposons des ateliers th\u00e9matiques ludiques couvrant divers domaines scientifiques. Les visiteurs pourront \u00e9galement profiter de visites encadr\u00e9es aux diff\u00e9rents pavillons scientifiques et au Plan\u00e9tarium de la Cit\u00e9 des Sciences, offrant une immersion totale dans le monde fascinant de la science et de la technologie.<\/p>\n\n\n\n<p><strong>2\ufe0f\u20e3. Journ\u00e9es de l&rsquo;A\u00e9ronautique \u2013 6\u00e8me \u00c9dition\u2757<\/strong><\/p>\n\n\n\n<p>En parall\u00e8le, nous sommes heureux de c\u00e9l\u00e9brer la sixi\u00e8me \u00e9dition des Journ\u00e9es de l&rsquo;A\u00e9ronautique, et ce le 24 et 25 d\u00e9cembre 2024. Cet \u00e9v\u00e9nement mettra en avant les derni\u00e8res avanc\u00e9es dans le domaine de l&rsquo;a\u00e9ronautique et offrira des activit\u00e9s interactives, des d\u00e9monstrations et des conf\u00e9rences anim\u00e9es par des experts du secteur.<\/p>\n\n\n\n<p><strong>3\ufe0f\u20e3. Soir\u00e9e Astronomique<\/strong><\/p>\n\n\n\n<p>Nous avons \u00e9galement le plaisir de programmer une soir\u00e9e astronomique pour la soir\u00e9e du 21 d\u00e9cembre 2024. Cet \u00e9v\u00e9nement sp\u00e9cial comprendra des conf\u00e9rences, des ateliers pratiques et des observations aux t\u00e9lescopes du ciel nocturne, permettant aux participants de d\u00e9couvrir les merveilles du ciel \u00e0 travers des activit\u00e9s vari\u00e9es et interactives.<\/p>\n\n\n\n<p><strong>4\ufe0f\u20e3. Journ\u00e9e scientifique<\/strong><\/p>\n\n\n\n<p>Nous organisons \u00e9galement une journ\u00e9e scientifique en sciences de la vie et de la terre, le 28 d\u00e9cembre 2024.<br>Au rendez-vous, un programme diversifi\u00e9 compos\u00e9 d\u2019ateliers scientifiques, d\u2019expositions et des jeux \u00e9ducatifs. Cette journ\u00e9e est un \u00e9v\u00e9nement incontournable pour les passionn\u00e9s des sciences de la Vie et de la Terre, les enseignants et en particulier pour les \u00e9l\u00e8ves leurs permettant de renforcer leurs acquis scolaires en biologie, g\u00e9ologie et environnement.<\/p>\n\n\n\n<p><strong>5\ufe0f\u20e3. Ecole ADN Junior<\/strong><\/p>\n\n\n\n<p>La CST organise aussi une \u00e9cole d\u2019hiver \u00ab ADN junior \u00bb destin\u00e9e aux coll\u00e9giens le 27 et 28 d\u00e9cembre 2024.<br>Cette \u00e9cole offre aux participants :<br>\u25aales notions de base de la biologie cellulaire et de la biologie mol\u00e9culaire ;<br>\u25aales unit\u00e9s fondamentales des \u00eatres vivants qui sont les cellules ;<br>\u25aales fonctions des organismes et certains programmes g\u00e9n\u00e9tiques log\u00e9s dans le noyau cellulaire.<\/p>\n\n\n\n<p><strong>6\ufe0f\u20e3. Journ\u00e9e Scientifique M\u00e9tiers Math\u00e9matiques<\/strong><\/p>\n\n\n\n<p>La CST organise avec ses partenaires le 03 janvier 2025, une journ\u00e9e scientifique intitul\u00e9e #Math\u00e9matiques et M\u00e9tiers d\u2019Avenir.<br>L\u2019objectif de cette journ\u00e9e est de montrer l\u2019ubiquit\u00e9 des math\u00e9matiques dans le monde d\u2019aujourd\u2019hui, et de mettre en exergue leur importance et pertinence dans le fa\u00e7onnage des m\u00e9tiers de demain.<\/p>\n\n\n\n<p><strong>7\ufe0f\u20e3. Espace Science Actualit\u00e9s<\/strong><\/p>\n\n\n\n<p>C&rsquo;est un lieu d\u2019exposition unique en son genre dans le but de d\u00e9crypter et rendre accessibles l\u2019actualit\u00e9 scientifique et ses enjeux. Espace con\u00e7u de visuels g\u00e9ants repr\u00e9sentant des enqu\u00eates, des reportages, des interviews \u2026<br>Deux expositions y seront ouvertes au grand public au pavillon des expositions temporaires :<br>\u25aala Science au service des m\u00e9dailles ; \u25aadans les coulisses du dopage.<\/p>\n\n\n\n<p><strong>8\ufe0f\u20e3. Antennes R\u00e9gionales de la CST<\/strong><\/p>\n\n\n\n<p>La CST annonce avec enthousiasme la r\u00e9ouverture de son Antenne de Tataouine apr\u00e8s sa r\u00e9novation et son \u00e9largissement, le jeudi 2 janvier 2025, et l\u2019inauguration de son nouvelle Antenne \u00e0 Kasserine, le samedi 4 janvier 2025.<br>Ces ouvertures marquent une \u00e9tape cl\u00e9 dans l\u2019ambition de la CST de contribuer \u00e0 la d\u00e9mocratisation de la connaissance scientifique et de l\u2019approcher de tous les Tunisiens, en particulier les plus jeunes : pour une science et un savoir plus inclusifs et accessibles \u2026<\/p>\n","protected":false},"excerpt":{"rendered":"<p>La Cit\u00e9 des Sciences de Tunis (CST) a r\u00e9v\u00e9l\u00e9 son programme scientifique, riche et vari\u00e9 \u00e0 l&rsquo;occasion des vacances d&rsquo;hiver, en promettant des activit\u00e9s enrichissantes.<\/p>\n","protected":false},"author":6,"featured_media":6752965,"comment_status":"open","ping_status":"open","sticky":false,"template":"","format":"standard","meta":{"footnotes":""},"categories":[99475,998,2433],"tags":[119680,20351,119679,62643],"class_list":["post-14943341","post","type-post","status-publish","format-standard","has-post-thumbnail","hentry","category-science","category-societe","category-tunisie","tag-astronomique","tag-cite-des-sciences","tag-scientifique","tag-tunisie"],"yoast_head":"<!-- This site is optimized with the Yoast SEO plugin v26.6 - https:\/\/yoast.com\/wordpress\/plugins\/seo\/ -->\n<title>Tunis : Programme scientifique des vacances d&#039;hiver \u00e0 la Cit\u00e9 des Sciences - Kapitalis<\/title>\n<meta name=\"robots\" content=\"index, follow, max-snippet:-1, max-image-preview:large, max-video-preview:-1\" \/>\n<link rel=\"canonical\" href=\"https:\/\/kapitalis.com\/tunisie\/2024\/12\/21\/tunis-programme-scientifique-des-vacances-dhiver-a-la-cite-des-sciences\/\" \/>\n<meta property=\"og:locale\" content=\"fr_FR\" \/>\n<meta property=\"og:type\" content=\"article\" \/>\n<meta property=\"og:title\" content=\"Tunis : Programme scientifique des vacances d&#039;hiver \u00e0 la Cit\u00e9 des Sciences - Kapitalis\" \/>\n<meta property=\"og:description\" content=\"La Cit\u00e9 des Sciences de Tunis (CST) a r\u00e9v\u00e9l\u00e9 son programme scientifique, riche et vari\u00e9 \u00e0 l&rsquo;occasion des vacances d&rsquo;hiver, en promettant des activit\u00e9s enrichissantes.\" \/>\n<meta property=\"og:url\" content=\"https:\/\/kapitalis.com\/tunisie\/2024\/12\/21\/tunis-programme-scientifique-des-vacances-dhiver-a-la-cite-des-sciences\/\" \/>\n<meta property=\"og:site_name\" content=\"Kapitalis\" \/>\n<meta property=\"article:publisher\" content=\"https:\/\/www.facebook.com\/KapitalisInfo\/\" \/>\n<meta property=\"article:published_time\" content=\"2024-12-21T21:49:12+00:00\" \/>\n<meta property=\"article:modified_time\" content=\"2024-12-21T21:49:37+00:00\" \/>\n<meta property=\"og:image\" content=\"https:\/\/kapitalis.com\/tunisie\/wp-content\/uploads\/2023\/03\/Cite-des-sciences-a-Tunis.jpg\" \/>\n\t<meta property=\"og:image:width\" content=\"1200\" \/>\n\t<meta property=\"og:image:height\" content=\"630\" \/>\n\t<meta property=\"og:image:type\" content=\"image\/jpeg\" \/>\n<meta name=\"author\" content=\"Yusra NY\" \/>\n<meta name=\"twitter:card\" content=\"summary_large_image\" \/>\n<meta name=\"twitter:creator\" content=\"@KapitalisInfo\" \/>\n<meta name=\"twitter:site\" content=\"@KapitalisInfo\" \/>\n<meta name=\"twitter:label1\" content=\"\u00c9crit par\" \/>\n\t<meta name=\"twitter:data1\" content=\"Yusra NY\" \/>\n\t<meta name=\"twitter:label2\" content=\"Dur\u00e9e de lecture estim\u00e9e\" \/>\n\t<meta name=\"twitter:data2\" content=\"4 minutes\" \/>\n<script type=\"application\/ld+json\" class=\"yoast-schema-graph\">{\"@context\":\"https:\/\/schema.org\",\"@graph\":[{\"@type\":\"Article\",\"@id\":\"https:\/\/kapitalis.com\/tunisie\/2024\/12\/21\/tunis-programme-scientifique-des-vacances-dhiver-a-la-cite-des-sciences\/#article\",\"isPartOf\":{\"@id\":\"https:\/\/kapitalis.com\/tunisie\/2024\/12\/21\/tunis-programme-scientifique-des-vacances-dhiver-a-la-cite-des-sciences\/\"},\"author\":{\"name\":\"Yusra NY\",\"@id\":\"https:\/\/kapitalis.com\/tunisie\/#\/schema\/person\/74bbde0154d49d790a92aaeac5bc01d5\"},\"headline\":\"Tunis : Programme scientifique des vacances d&rsquo;hiver \u00e0 la Cit\u00e9 des Sciences\",\"datePublished\":\"2024-12-21T21:49:12+00:00\",\"dateModified\":\"2024-12-21T21:49:37+00:00\",\"mainEntityOfPage\":{\"@id\":\"https:\/\/kapitalis.com\/tunisie\/2024\/12\/21\/tunis-programme-scientifique-des-vacances-dhiver-a-la-cite-des-sciences\/\"},\"wordCount\":704,\"commentCount\":0,\"publisher\":{\"@id\":\"https:\/\/kapitalis.com\/tunisie\/#organization\"},\"image\":{\"@id\":\"https:\/\/kapitalis.com\/tunisie\/2024\/12\/21\/tunis-programme-scientifique-des-vacances-dhiver-a-la-cite-des-sciences\/#primaryimage\"},\"thumbnailUrl\":\"https:\/\/kapitalis.com\/tunisie\/wp-content\/uploads\/2023\/03\/Cite-des-sciences-a-Tunis.jpg\",\"keywords\":[\"Astronomique\",\"Cit\u00e9 des Sciences\",\"scientifique\",\"Tunisie\"],\"articleSection\":[\"Science\",\"SOCIETE\",\"Tunisie\"],\"inLanguage\":\"fr-FR\",\"potentialAction\":[{\"@type\":\"CommentAction\",\"name\":\"Comment\",\"target\":[\"https:\/\/kapitalis.com\/tunisie\/2024\/12\/21\/tunis-programme-scientifique-des-vacances-dhiver-a-la-cite-des-sciences\/#respond\"]}]},{\"@type\":\"WebPage\",\"@id\":\"https:\/\/kapitalis.com\/tunisie\/2024\/12\/21\/tunis-programme-scientifique-des-vacances-dhiver-a-la-cite-des-sciences\/\",\"url\":\"https:\/\/kapitalis.com\/tunisie\/2024\/12\/21\/tunis-programme-scientifique-des-vacances-dhiver-a-la-cite-des-sciences\/\",\"name\":\"Tunis : Programme scientifique des vacances d'hiver \u00e0 la Cit\u00e9 des Sciences - Kapitalis\",\"isPartOf\":{\"@id\":\"https:\/\/kapitalis.com\/tunisie\/#website\"},\"primaryImageOfPage\":{\"@id\":\"https:\/\/kapitalis.com\/tunisie\/2024\/12\/21\/tunis-programme-scientifique-des-vacances-dhiver-a-la-cite-des-sciences\/#primaryimage\"},\"image\":{\"@id\":\"https:\/\/kapitalis.com\/tunisie\/2024\/12\/21\/tunis-programme-scientifique-des-vacances-dhiver-a-la-cite-des-sciences\/#primaryimage\"},\"thumbnailUrl\":\"https:\/\/kapitalis.com\/tunisie\/wp-content\/uploads\/2023\/03\/Cite-des-sciences-a-Tunis.jpg\",\"datePublished\":\"2024-12-21T21:49:12+00:00\",\"dateModified\":\"2024-12-21T21:49:37+00:00\",\"breadcrumb\":{\"@id\":\"https:\/\/kapitalis.com\/tunisie\/2024\/12\/21\/tunis-programme-scientifique-des-vacances-dhiver-a-la-cite-des-sciences\/#breadcrumb\"},\"inLanguage\":\"fr-FR\",\"potentialAction\":[{\"@type\":\"ReadAction\",\"target\":[\"https:\/\/kapitalis.com\/tunisie\/2024\/12\/21\/tunis-programme-scientifique-des-vacances-dhiver-a-la-cite-des-sciences\/\"]}]},{\"@type\":\"ImageObject\",\"inLanguage\":\"fr-FR\",\"@id\":\"https:\/\/kapitalis.com\/tunisie\/2024\/12\/21\/tunis-programme-scientifique-des-vacances-dhiver-a-la-cite-des-sciences\/#primaryimage\",\"url\":\"https:\/\/kapitalis.com\/tunisie\/wp-content\/uploads\/2023\/03\/Cite-des-sciences-a-Tunis.jpg\",\"contentUrl\":\"https:\/\/kapitalis.com\/tunisie\/wp-content\/uploads\/2023\/03\/Cite-des-sciences-a-Tunis.jpg\",\"width\":1200,\"height\":630},{\"@type\":\"BreadcrumbList\",\"@id\":\"https:\/\/kapitalis.com\/tunisie\/2024\/12\/21\/tunis-programme-scientifique-des-vacances-dhiver-a-la-cite-des-sciences\/#breadcrumb\",\"itemListElement\":[{\"@type\":\"ListItem\",\"position\":1,\"name\":\"Accueil\",\"item\":\"https:\/\/kapitalis.com\/tunisie\/\"},{\"@type\":\"ListItem\",\"position\":2,\"name\":\"Tunis : Programme scientifique des vacances d&rsquo;hiver \u00e0 la Cit\u00e9 des Sciences\"}]},{\"@type\":\"WebSite\",\"@id\":\"https:\/\/kapitalis.com\/tunisie\/#website\",\"url\":\"https:\/\/kapitalis.com\/tunisie\/\",\"name\":\"Kapitalis\",\"description\":\"L&#039;actualit\u00e9 en Tunisie et dans le monde\",\"publisher\":{\"@id\":\"https:\/\/kapitalis.com\/tunisie\/#organization\"},\"potentialAction\":[{\"@type\":\"SearchAction\",\"target\":{\"@type\":\"EntryPoint\",\"urlTemplate\":\"https:\/\/kapitalis.com\/tunisie\/?s={search_term_string}\"},\"query-input\":{\"@type\":\"PropertyValueSpecification\",\"valueRequired\":true,\"valueName\":\"search_term_string\"}}],\"inLanguage\":\"fr-FR\"},{\"@type\":\"Organization\",\"@id\":\"https:\/\/kapitalis.com\/tunisie\/#organization\",\"name\":\"Kapitalis\",\"url\":\"https:\/\/kapitalis.com\/tunisie\/\",\"logo\":{\"@type\":\"ImageObject\",\"inLanguage\":\"fr-FR\",\"@id\":\"https:\/\/kapitalis.com\/tunisie\/#\/schema\/logo\/image\/\",\"url\":\"https:\/\/kapitalis.com\/tunisie\/wp-content\/uploads\/2022\/05\/Kapitalis-big-size.png\",\"contentUrl\":\"https:\/\/kapitalis.com\/tunisie\/wp-content\/uploads\/2022\/05\/Kapitalis-big-size.png\",\"width\":5000,\"height\":1500,\"caption\":\"Kapitalis\"},\"image\":{\"@id\":\"https:\/\/kapitalis.com\/tunisie\/#\/schema\/logo\/image\/\"},\"sameAs\":[\"https:\/\/www.facebook.com\/KapitalisInfo\/\",\"https:\/\/x.com\/KapitalisInfo\",\"https:\/\/www.youtube.com\/channel\/UC-yDYrHyfFBWWZaOw3FPg9Q\"]},{\"@type\":\"Person\",\"@id\":\"https:\/\/kapitalis.com\/tunisie\/#\/schema\/person\/74bbde0154d49d790a92aaeac5bc01d5\",\"name\":\"Yusra NY\",\"url\":\"https:\/\/kapitalis.com\/tunisie\/author\/yuza_adam\/\"}]}<\/script>\n<!-- \/ Yoast SEO plugin. -->","yoast_head_json":{"title":"Tunis : Programme scientifique des vacances d'hiver \u00e0 la Cit\u00e9 des Sciences - Kapitalis","robots":{"index":"index","follow":"follow","max-snippet":"max-snippet:-1","max-image-preview":"max-image-preview:large","max-video-preview":"max-video-preview:-1"},"canonical":"https:\/\/kapitalis.com\/tunisie\/2024\/12\/21\/tunis-programme-scientifique-des-vacances-dhiver-a-la-cite-des-sciences\/","og_locale":"fr_FR","og_type":"article","og_title":"Tunis : Programme scientifique des vacances d'hiver \u00e0 la Cit\u00e9 des Sciences - Kapitalis","og_description":"La Cit\u00e9 des Sciences de Tunis (CST) a r\u00e9v\u00e9l\u00e9 son programme scientifique, riche et vari\u00e9 \u00e0 l&rsquo;occasion des vacances d&rsquo;hiver, en promettant des activit\u00e9s enrichissantes.","og_url":"https:\/\/kapitalis.com\/tunisie\/2024\/12\/21\/tunis-programme-scientifique-des-vacances-dhiver-a-la-cite-des-sciences\/","og_site_name":"Kapitalis","article_publisher":"https:\/\/www.facebook.com\/KapitalisInfo\/","article_published_time":"2024-12-21T21:49:12+00:00","article_modified_time":"2024-12-21T21:49:37+00:00","og_image":[{"width":1200,"height":630,"url":"https:\/\/kapitalis.com\/tunisie\/wp-content\/uploads\/2023\/03\/Cite-des-sciences-a-Tunis.jpg","type":"image\/jpeg"}],"author":"Yusra NY","twitter_card":"summary_large_image","twitter_creator":"@KapitalisInfo","twitter_site":"@KapitalisInfo","twitter_misc":{"\u00c9crit par":"Yusra NY","Dur\u00e9e de lecture estim\u00e9e":"4 minutes"},"schema":{"@context":"https:\/\/schema.org","@graph":[{"@type":"Article","@id":"https:\/\/kapitalis.com\/tunisie\/2024\/12\/21\/tunis-programme-scientifique-des-vacances-dhiver-a-la-cite-des-sciences\/#article","isPartOf":{"@id":"https:\/\/kapitalis.com\/tunisie\/2024\/12\/21\/tunis-programme-scientifique-des-vacances-dhiver-a-la-cite-des-sciences\/"},"author":{"name":"Yusra NY","@id":"https:\/\/kapitalis.com\/tunisie\/#\/schema\/person\/74bbde0154d49d790a92aaeac5bc01d5"},"headline":"Tunis : Programme scientifique des vacances d&rsquo;hiver \u00e0 la Cit\u00e9 des Sciences","datePublished":"2024-12-21T21:49:12+00:00","dateModified":"2024-12-21T21:49:37+00:00","mainEntityOfPage":{"@id":"https:\/\/kapitalis.com\/tunisie\/2024\/12\/21\/tunis-programme-scientifique-des-vacances-dhiver-a-la-cite-des-sciences\/"},"wordCount":704,"commentCount":0,"publisher":{"@id":"https:\/\/kapitalis.com\/tunisie\/#organization"},"image":{"@id":"https:\/\/kapitalis.com\/tunisie\/2024\/12\/21\/tunis-programme-scientifique-des-vacances-dhiver-a-la-cite-des-sciences\/#primaryimage"},"thumbnailUrl":"https:\/\/kapitalis.com\/tunisie\/wp-content\/uploads\/2023\/03\/Cite-des-sciences-a-Tunis.jpg","keywords":["Astronomique","Cit\u00e9 des Sciences","scientifique","Tunisie"],"articleSection":["Science","SOCIETE","Tunisie"],"inLanguage":"fr-FR","potentialAction":[{"@type":"CommentAction","name":"Comment","target":["https:\/\/kapitalis.com\/tunisie\/2024\/12\/21\/tunis-programme-scientifique-des-vacances-dhiver-a-la-cite-des-sciences\/#respond"]}]},{"@type":"WebPage","@id":"https:\/\/kapitalis.com\/tunisie\/2024\/12\/21\/tunis-programme-scientifique-des-vacances-dhiver-a-la-cite-des-sciences\/","url":"https:\/\/kapitalis.com\/tunisie\/2024\/12\/21\/tunis-programme-scientifique-des-vacances-dhiver-a-la-cite-des-sciences\/","name":"Tunis : Programme scientifique des vacances d'hiver \u00e0 la Cit\u00e9 des Sciences - Kapitalis","isPartOf":{"@id":"https:\/\/kapitalis.com\/tunisie\/#website"},"primaryImageOfPage":{"@id":"https:\/\/kapitalis.com\/tunisie\/2024\/12\/21\/tunis-programme-scientifique-des-vacances-dhiver-a-la-cite-des-sciences\/#primaryimage"},"image":{"@id":"https:\/\/kapitalis.com\/tunisie\/2024\/12\/21\/tunis-programme-scientifique-des-vacances-dhiver-a-la-cite-des-sciences\/#primaryimage"},"thumbnailUrl":"https:\/\/kapitalis.com\/tunisie\/wp-content\/uploads\/2023\/03\/Cite-des-sciences-a-Tunis.jpg","datePublished":"2024-12-21T21:49:12+00:00","dateModified":"2024-12-21T21:49:37+00:00","breadcrumb":{"@id":"https:\/\/kapitalis.com\/tunisie\/2024\/12\/21\/tunis-programme-scientifique-des-vacances-dhiver-a-la-cite-des-sciences\/#breadcrumb"},"inLanguage":"fr-FR","potentialAction":[{"@type":"ReadAction","target":["https:\/\/kapitalis.com\/tunisie\/2024\/12\/21\/tunis-programme-scientifique-des-vacances-dhiver-a-la-cite-des-sciences\/"]}]},{"@type":"ImageObject","inLanguage":"fr-FR","@id":"https:\/\/kapitalis.com\/tunisie\/2024\/12\/21\/tunis-programme-scientifique-des-vacances-dhiver-a-la-cite-des-sciences\/#primaryimage","url":"https:\/\/kapitalis.com\/tunisie\/wp-content\/uploads\/2023\/03\/Cite-des-sciences-a-Tunis.jpg","contentUrl":"https:\/\/kapitalis.com\/tunisie\/wp-content\/uploads\/2023\/03\/Cite-des-sciences-a-Tunis.jpg","width":1200,"height":630},{"@type":"BreadcrumbList","@id":"https:\/\/kapitalis.com\/tunisie\/2024\/12\/21\/tunis-programme-scientifique-des-vacances-dhiver-a-la-cite-des-sciences\/#breadcrumb","itemListElement":[{"@type":"ListItem","position":1,"name":"Accueil","item":"https:\/\/kapitalis.com\/tunisie\/"},{"@type":"ListItem","position":2,"name":"Tunis : Programme scientifique des vacances d&rsquo;hiver \u00e0 la Cit\u00e9 des Sciences"}]},{"@type":"WebSite","@id":"https:\/\/kapitalis.com\/tunisie\/#website","url":"https:\/\/kapitalis.com\/tunisie\/","name":"Kapitalis","description":"L&#039;actualit\u00e9 en Tunisie et dans le monde","publisher":{"@id":"https:\/\/kapitalis.com\/tunisie\/#organization"},"potentialAction":[{"@type":"SearchAction","target":{"@type":"EntryPoint","urlTemplate":"https:\/\/kapitalis.com\/tunisie\/?s={search_term_string}"},"query-input":{"@type":"PropertyValueSpecification","valueRequired":true,"valueName":"search_term_string"}}],"inLanguage":"fr-FR"},{"@type":"Organization","@id":"https:\/\/kapitalis.com\/tunisie\/#organization","name":"Kapitalis","url":"https:\/\/kapitalis.com\/tunisie\/","logo":{"@type":"ImageObject","inLanguage":"fr-FR","@id":"https:\/\/kapitalis.com\/tunisie\/#\/schema\/logo\/image\/","url":"https:\/\/kapitalis.com\/tunisie\/wp-content\/uploads\/2022\/05\/Kapitalis-big-size.png","contentUrl":"https:\/\/kapitalis.com\/tunisie\/wp-content\/uploads\/2022\/05\/Kapitalis-big-size.png","width":5000,"height":1500,"caption":"Kapitalis"},"image":{"@id":"https:\/\/kapitalis.com\/tunisie\/#\/schema\/logo\/image\/"},"sameAs":["https:\/\/www.facebook.com\/KapitalisInfo\/","https:\/\/x.com\/KapitalisInfo","https:\/\/www.youtube.com\/channel\/UC-yDYrHyfFBWWZaOw3FPg9Q"]},{"@type":"Person","@id":"https:\/\/kapitalis.com\/tunisie\/#\/schema\/person\/74bbde0154d49d790a92aaeac5bc01d5","name":"Yusra NY","url":"https:\/\/kapitalis.com\/tunisie\/author\/yuza_adam\/"}]}},"_links":{"self":[{"href":"https:\/\/kapitalis.com\/tunisie\/wp-json\/wp\/v2\/posts\/14943341","targetHints":{"allow":["GET"]}}],"collection":[{"href":"https:\/\/kapitalis.com\/tunisie\/wp-json\/wp\/v2\/posts"}],"about":[{"href":"https:\/\/kapitalis.com\/tunisie\/wp-json\/wp\/v2\/types\/post"}],"author":[{"embeddable":true,"href":"https:\/\/kapitalis.com\/tunisie\/wp-json\/wp\/v2\/users\/6"}],"replies":[{"embeddable":true,"href":"https:\/\/kapitalis.com\/tunisie\/wp-json\/wp\/v2\/comments?post=14943341"}],"version-history":[{"count":1,"href":"https:\/\/kapitalis.com\/tunisie\/wp-json\/wp\/v2\/posts\/14943341\/revisions"}],"predecessor-version":[{"id":14943421,"href":"https:\/\/kapitalis.com\/tunisie\/wp-json\/wp\/v2\/posts\/14943341\/revisions\/14943421"}],"wp:featuredmedia":[{"embeddable":true,"href":"https:\/\/kapitalis.com\/tunisie\/wp-json\/wp\/v2\/media\/6752965"}],"wp:attachment":[{"href":"https:\/\/kapitalis.com\/tunisie\/wp-json\/wp\/v2\/media?parent=14943341"}],"wp:term":[{"taxonomy":"category","embeddable":true,"href":"https:\/\/kapitalis.com\/tunisie\/wp-json\/wp\/v2\/categories?post=14943341"},{"taxonomy":"post_tag","embeddable":true,"href":"https:\/\/kapitalis.com\/tunisie\/wp-json\/wp\/v2\/tags?post=14943341"}],"curies":[{"name":"wp","href":"https:\/\/api.w.org\/{rel}","templated":true}]}}