{"id":149575,"date":"2018-04-19T11:12:45","date_gmt":"2018-04-19T10:12:45","guid":{"rendered":"http:\/\/kapitalis.com\/tunisie\/?p=149575"},"modified":"2018-04-19T11:15:42","modified_gmt":"2018-04-19T10:15:42","slug":"le-visage-dhannibal-reconstitue-par-loffice-allemand-de-la-police-criminelle","status":"publish","type":"post","link":"https:\/\/kapitalis.com\/tunisie\/2018\/04\/19\/le-visage-dhannibal-reconstitue-par-loffice-allemand-de-la-police-criminelle\/","title":{"rendered":"Le visage d&rsquo;Hannibal reconstitu\u00e9 par l&rsquo;Office allemand de la police criminelle"},"content":{"rendered":"<p style=\"text-align: center;\"><img loading=\"lazy\" decoding=\"async\" class=\"alignnone size-full wp-image-149592\" src=\"http:\/\/kapitalis.com\/tunisie\/wp-content\/uploads\/2018\/04\/Hannibal-visage-reconstituer.jpg\" alt=\"\" width=\"626\" height=\"380\" \/><\/p>\n<p><em><strong>Les photos du visage d&rsquo;Hannibal, tel que reconstitu\u00e9 par l&rsquo;<\/strong><\/em><em><strong>Office allemand de la police criminelle, font le buzz sur la toile. Le Carthaginois qui a fait trembler Rome n&rsquo;a pas fini de faire parler de lui&#8230;<\/strong><\/em><!--more--><\/p>\n<p>Les photos ont \u00e9t\u00e9 diffus\u00e9es hier, mercredi 18 avril 2018, par\u00a0<a href=\"https:\/\/www.extremnews.com\/lifestyle\/fernsehen\/5b3f11167cdd1bb\/f86611167d3c184\/info\">Focus TV,<\/a>\u00a0qui explique que les sp\u00e9cialistes de la BKA ont pu reconstituer le visage de celui qui fut un \u00ab<em>cauchemar romain<\/em>\u00bb avec des m\u00e9thodes scientifiques&#8230;<\/p>\n<p style=\"text-align: center;\"><img loading=\"lazy\" decoding=\"async\" class=\"alignnone wp-image-149593\" src=\"http:\/\/kapitalis.com\/tunisie\/wp-content\/uploads\/2018\/04\/Reconstitution-visage-Hannibal-.jpg\" alt=\"\" width=\"500\" height=\"304\" \/><\/p>\n<p>N\u00e9 en 247 av. J.-C. \u00e0 Carthage (au nord-est de Tunis), Hannibal\u00a0est mort entre 183 et 181 av. J.-C., quelque part sur une plage en Turquie, mais on ignore o\u00f9 il a \u00e9t\u00e9 enterr\u00e9. M\u00eame les statuettes \u00e0 son effigie ont \u00e9t\u00e9 r\u00e9alis\u00e9es des si\u00e8cles apr\u00e8s sa disparition, et par des Romains.<\/p>\n<p>Notons que cette \u00e9tonnante reconstitution devra \u00eatre expliqu\u00e9e dans une \u00e9mission t\u00e9l\u00e9vis\u00e9e qui sera diffus\u00e9e par Focus TV, et en attendant les photos du visage imagin\u00e9 d\u2019Hannibal amusent les internautes tunisiens, qui trouvent qu&rsquo;il leur ressemble tout de m\u00eame un peu. Il a un c\u00f4t\u00e9 \u00e0 la fois berb\u00e8re, punique, maghr\u00e9bin voire m\u00e9diterran\u00e9en.<\/p>\n<p style=\"text-align: right;\"><strong>Y. N.<\/strong><\/p>\n","protected":false},"excerpt":{"rendered":"<p>Les photos du visage d&rsquo;Hannibal, tel que reconstitu\u00e9 par l&rsquo;Office allemand de la police criminelle, font le buzz sur la toile. Le Carthaginois qui a fait trembler Rome n&rsquo;a pas fini de faire parler de lui&#8230;<\/p>\n","protected":false},"author":6,"featured_media":149592,"comment_status":"open","ping_status":"open","sticky":false,"template":"","format":"standard","meta":{"footnotes":""},"categories":[998,2433],"tags":[1234,13177,3658],"class_list":["post-149575","post","type-post","status-publish","format-standard","has-post-thumbnail","hentry","category-societe","category-tunisie","tag-carthage","tag-hannibal","tag-rome"],"yoast_head":"<!-- This site is optimized with the Yoast SEO plugin v26.6 - https:\/\/yoast.com\/wordpress\/plugins\/seo\/ -->\n<title>Le visage d&#039;Hannibal reconstitu\u00e9 par l&#039;Office allemand de la police criminelle - Kapitalis<\/title>\n<meta name=\"robots\" content=\"index, follow, max-snippet:-1, max-image-preview:large, max-video-preview:-1\" \/>\n<link rel=\"canonical\" href=\"https:\/\/kapitalis.com\/tunisie\/2018\/04\/19\/le-visage-dhannibal-reconstitue-par-loffice-allemand-de-la-police-criminelle\/\" \/>\n<meta property=\"og:locale\" content=\"fr_FR\" \/>\n<meta property=\"og:type\" content=\"article\" \/>\n<meta property=\"og:title\" content=\"Le visage d&#039;Hannibal reconstitu\u00e9 par l&#039;Office allemand de la police criminelle - Kapitalis\" \/>\n<meta property=\"og:description\" content=\"Les photos du visage d&rsquo;Hannibal, tel que reconstitu\u00e9 par l&rsquo;Office allemand de la police criminelle, font le buzz sur la toile. Le Carthaginois qui a fait trembler Rome n&rsquo;a pas fini de faire parler de lui&#8230;\" \/>\n<meta property=\"og:url\" content=\"https:\/\/kapitalis.com\/tunisie\/2018\/04\/19\/le-visage-dhannibal-reconstitue-par-loffice-allemand-de-la-police-criminelle\/\" \/>\n<meta property=\"og:site_name\" content=\"Kapitalis\" \/>\n<meta property=\"article:publisher\" content=\"https:\/\/www.facebook.com\/KapitalisInfo\/\" \/>\n<meta property=\"article:published_time\" content=\"2018-04-19T10:12:45+00:00\" \/>\n<meta property=\"article:modified_time\" content=\"2018-04-19T10:15:42+00:00\" \/>\n<meta property=\"og:image\" content=\"https:\/\/kapitalis.com\/tunisie\/wp-content\/uploads\/2022\/05\/kapitalis-logo-fb.png\" \/>\n\t<meta property=\"og:image:width\" content=\"1200\" \/>\n\t<meta property=\"og:image:height\" content=\"630\" \/>\n\t<meta property=\"og:image:type\" content=\"image\/png\" \/>\n<meta name=\"author\" content=\"Yusra NY\" \/>\n<meta name=\"twitter:card\" content=\"summary_large_image\" \/>\n<meta name=\"twitter:creator\" content=\"@KapitalisInfo\" \/>\n<meta name=\"twitter:site\" content=\"@KapitalisInfo\" \/>\n<meta name=\"twitter:label1\" content=\"\u00c9crit par\" \/>\n\t<meta name=\"twitter:data1\" content=\"Yusra NY\" \/>\n\t<meta name=\"twitter:label2\" content=\"Dur\u00e9e de lecture estim\u00e9e\" \/>\n\t<meta name=\"twitter:data2\" content=\"1 minute\" \/>\n<script type=\"application\/ld+json\" class=\"yoast-schema-graph\">{\"@context\":\"https:\/\/schema.org\",\"@graph\":[{\"@type\":\"Article\",\"@id\":\"https:\/\/kapitalis.com\/tunisie\/2018\/04\/19\/le-visage-dhannibal-reconstitue-par-loffice-allemand-de-la-police-criminelle\/#article\",\"isPartOf\":{\"@id\":\"https:\/\/kapitalis.com\/tunisie\/2018\/04\/19\/le-visage-dhannibal-reconstitue-par-loffice-allemand-de-la-police-criminelle\/\"},\"author\":{\"name\":\"Yusra NY\",\"@id\":\"https:\/\/kapitalis.com\/tunisie\/#\/schema\/person\/74bbde0154d49d790a92aaeac5bc01d5\"},\"headline\":\"Le visage d&rsquo;Hannibal reconstitu\u00e9 par l&rsquo;Office allemand de la police criminelle\",\"datePublished\":\"2018-04-19T10:12:45+00:00\",\"dateModified\":\"2018-04-19T10:15:42+00:00\",\"mainEntityOfPage\":{\"@id\":\"https:\/\/kapitalis.com\/tunisie\/2018\/04\/19\/le-visage-dhannibal-reconstitue-par-loffice-allemand-de-la-police-criminelle\/\"},\"wordCount\":207,\"commentCount\":30,\"publisher\":{\"@id\":\"https:\/\/kapitalis.com\/tunisie\/#organization\"},\"image\":{\"@id\":\"https:\/\/kapitalis.com\/tunisie\/2018\/04\/19\/le-visage-dhannibal-reconstitue-par-loffice-allemand-de-la-police-criminelle\/#primaryimage\"},\"thumbnailUrl\":\"\",\"keywords\":[\"Carthage\",\"Hannibal\",\"Rome\"],\"articleSection\":[\"SOCIETE\",\"Tunisie\"],\"inLanguage\":\"fr-FR\",\"potentialAction\":[{\"@type\":\"CommentAction\",\"name\":\"Comment\",\"target\":[\"https:\/\/kapitalis.com\/tunisie\/2018\/04\/19\/le-visage-dhannibal-reconstitue-par-loffice-allemand-de-la-police-criminelle\/#respond\"]}]},{\"@type\":\"WebPage\",\"@id\":\"https:\/\/kapitalis.com\/tunisie\/2018\/04\/19\/le-visage-dhannibal-reconstitue-par-loffice-allemand-de-la-police-criminelle\/\",\"url\":\"https:\/\/kapitalis.com\/tunisie\/2018\/04\/19\/le-visage-dhannibal-reconstitue-par-loffice-allemand-de-la-police-criminelle\/\",\"name\":\"Le visage d'Hannibal reconstitu\u00e9 par l'Office allemand de la police criminelle - Kapitalis\",\"isPartOf\":{\"@id\":\"https:\/\/kapitalis.com\/tunisie\/#website\"},\"primaryImageOfPage\":{\"@id\":\"https:\/\/kapitalis.com\/tunisie\/2018\/04\/19\/le-visage-dhannibal-reconstitue-par-loffice-allemand-de-la-police-criminelle\/#primaryimage\"},\"image\":{\"@id\":\"https:\/\/kapitalis.com\/tunisie\/2018\/04\/19\/le-visage-dhannibal-reconstitue-par-loffice-allemand-de-la-police-criminelle\/#primaryimage\"},\"thumbnailUrl\":\"\",\"datePublished\":\"2018-04-19T10:12:45+00:00\",\"dateModified\":\"2018-04-19T10:15:42+00:00\",\"breadcrumb\":{\"@id\":\"https:\/\/kapitalis.com\/tunisie\/2018\/04\/19\/le-visage-dhannibal-reconstitue-par-loffice-allemand-de-la-police-criminelle\/#breadcrumb\"},\"inLanguage\":\"fr-FR\",\"potentialAction\":[{\"@type\":\"ReadAction\",\"target\":[\"https:\/\/kapitalis.com\/tunisie\/2018\/04\/19\/le-visage-dhannibal-reconstitue-par-loffice-allemand-de-la-police-criminelle\/\"]}]},{\"@type\":\"ImageObject\",\"inLanguage\":\"fr-FR\",\"@id\":\"https:\/\/kapitalis.com\/tunisie\/2018\/04\/19\/le-visage-dhannibal-reconstitue-par-loffice-allemand-de-la-police-criminelle\/#primaryimage\",\"url\":\"\",\"contentUrl\":\"\"},{\"@type\":\"BreadcrumbList\",\"@id\":\"https:\/\/kapitalis.com\/tunisie\/2018\/04\/19\/le-visage-dhannibal-reconstitue-par-loffice-allemand-de-la-police-criminelle\/#breadcrumb\",\"itemListElement\":[{\"@type\":\"ListItem\",\"position\":1,\"name\":\"Accueil\",\"item\":\"https:\/\/kapitalis.com\/tunisie\/\"},{\"@type\":\"ListItem\",\"position\":2,\"name\":\"Le visage d&rsquo;Hannibal reconstitu\u00e9 par l&rsquo;Office allemand de la police criminelle\"}]},{\"@type\":\"WebSite\",\"@id\":\"https:\/\/kapitalis.com\/tunisie\/#website\",\"url\":\"https:\/\/kapitalis.com\/tunisie\/\",\"name\":\"Kapitalis\",\"description\":\"L&#039;actualit\u00e9 en Tunisie et dans le monde\",\"publisher\":{\"@id\":\"https:\/\/kapitalis.com\/tunisie\/#organization\"},\"potentialAction\":[{\"@type\":\"SearchAction\",\"target\":{\"@type\":\"EntryPoint\",\"urlTemplate\":\"https:\/\/kapitalis.com\/tunisie\/?s={search_term_string}\"},\"query-input\":{\"@type\":\"PropertyValueSpecification\",\"valueRequired\":true,\"valueName\":\"search_term_string\"}}],\"inLanguage\":\"fr-FR\"},{\"@type\":\"Organization\",\"@id\":\"https:\/\/kapitalis.com\/tunisie\/#organization\",\"name\":\"Kapitalis\",\"url\":\"https:\/\/kapitalis.com\/tunisie\/\",\"logo\":{\"@type\":\"ImageObject\",\"inLanguage\":\"fr-FR\",\"@id\":\"https:\/\/kapitalis.com\/tunisie\/#\/schema\/logo\/image\/\",\"url\":\"https:\/\/kapitalis.com\/tunisie\/wp-content\/uploads\/2022\/05\/Kapitalis-big-size.png\",\"contentUrl\":\"https:\/\/kapitalis.com\/tunisie\/wp-content\/uploads\/2022\/05\/Kapitalis-big-size.png\",\"width\":5000,\"height\":1500,\"caption\":\"Kapitalis\"},\"image\":{\"@id\":\"https:\/\/kapitalis.com\/tunisie\/#\/schema\/logo\/image\/\"},\"sameAs\":[\"https:\/\/www.facebook.com\/KapitalisInfo\/\",\"https:\/\/x.com\/KapitalisInfo\",\"https:\/\/www.youtube.com\/channel\/UC-yDYrHyfFBWWZaOw3FPg9Q\"]},{\"@type\":\"Person\",\"@id\":\"https:\/\/kapitalis.com\/tunisie\/#\/schema\/person\/74bbde0154d49d790a92aaeac5bc01d5\",\"name\":\"Yusra NY\",\"url\":\"https:\/\/kapitalis.com\/tunisie\/author\/yuza_adam\/\"}]}<\/script>\n<!-- \/ Yoast SEO plugin. -->","yoast_head_json":{"title":"Le visage d'Hannibal reconstitu\u00e9 par l'Office allemand de la police criminelle - Kapitalis","robots":{"index":"index","follow":"follow","max-snippet":"max-snippet:-1","max-image-preview":"max-image-preview:large","max-video-preview":"max-video-preview:-1"},"canonical":"https:\/\/kapitalis.com\/tunisie\/2018\/04\/19\/le-visage-dhannibal-reconstitue-par-loffice-allemand-de-la-police-criminelle\/","og_locale":"fr_FR","og_type":"article","og_title":"Le visage d'Hannibal reconstitu\u00e9 par l'Office allemand de la police criminelle - Kapitalis","og_description":"Les photos du visage d&rsquo;Hannibal, tel que reconstitu\u00e9 par l&rsquo;Office allemand de la police criminelle, font le buzz sur la toile. Le Carthaginois qui a fait trembler Rome n&rsquo;a pas fini de faire parler de lui&#8230;","og_url":"https:\/\/kapitalis.com\/tunisie\/2018\/04\/19\/le-visage-dhannibal-reconstitue-par-loffice-allemand-de-la-police-criminelle\/","og_site_name":"Kapitalis","article_publisher":"https:\/\/www.facebook.com\/KapitalisInfo\/","article_published_time":"2018-04-19T10:12:45+00:00","article_modified_time":"2018-04-19T10:15:42+00:00","og_image":[{"width":1200,"height":630,"url":"https:\/\/kapitalis.com\/tunisie\/wp-content\/uploads\/2022\/05\/kapitalis-logo-fb.png","type":"image\/png"}],"author":"Yusra NY","twitter_card":"summary_large_image","twitter_creator":"@KapitalisInfo","twitter_site":"@KapitalisInfo","twitter_misc":{"\u00c9crit par":"Yusra NY","Dur\u00e9e de lecture estim\u00e9e":"1 minute"},"schema":{"@context":"https:\/\/schema.org","@graph":[{"@type":"Article","@id":"https:\/\/kapitalis.com\/tunisie\/2018\/04\/19\/le-visage-dhannibal-reconstitue-par-loffice-allemand-de-la-police-criminelle\/#article","isPartOf":{"@id":"https:\/\/kapitalis.com\/tunisie\/2018\/04\/19\/le-visage-dhannibal-reconstitue-par-loffice-allemand-de-la-police-criminelle\/"},"author":{"name":"Yusra NY","@id":"https:\/\/kapitalis.com\/tunisie\/#\/schema\/person\/74bbde0154d49d790a92aaeac5bc01d5"},"headline":"Le visage d&rsquo;Hannibal reconstitu\u00e9 par l&rsquo;Office allemand de la police criminelle","datePublished":"2018-04-19T10:12:45+00:00","dateModified":"2018-04-19T10:15:42+00:00","mainEntityOfPage":{"@id":"https:\/\/kapitalis.com\/tunisie\/2018\/04\/19\/le-visage-dhannibal-reconstitue-par-loffice-allemand-de-la-police-criminelle\/"},"wordCount":207,"commentCount":30,"publisher":{"@id":"https:\/\/kapitalis.com\/tunisie\/#organization"},"image":{"@id":"https:\/\/kapitalis.com\/tunisie\/2018\/04\/19\/le-visage-dhannibal-reconstitue-par-loffice-allemand-de-la-police-criminelle\/#primaryimage"},"thumbnailUrl":"","keywords":["Carthage","Hannibal","Rome"],"articleSection":["SOCIETE","Tunisie"],"inLanguage":"fr-FR","potentialAction":[{"@type":"CommentAction","name":"Comment","target":["https:\/\/kapitalis.com\/tunisie\/2018\/04\/19\/le-visage-dhannibal-reconstitue-par-loffice-allemand-de-la-police-criminelle\/#respond"]}]},{"@type":"WebPage","@id":"https:\/\/kapitalis.com\/tunisie\/2018\/04\/19\/le-visage-dhannibal-reconstitue-par-loffice-allemand-de-la-police-criminelle\/","url":"https:\/\/kapitalis.com\/tunisie\/2018\/04\/19\/le-visage-dhannibal-reconstitue-par-loffice-allemand-de-la-police-criminelle\/","name":"Le visage d'Hannibal reconstitu\u00e9 par l'Office allemand de la police criminelle - Kapitalis","isPartOf":{"@id":"https:\/\/kapitalis.com\/tunisie\/#website"},"primaryImageOfPage":{"@id":"https:\/\/kapitalis.com\/tunisie\/2018\/04\/19\/le-visage-dhannibal-reconstitue-par-loffice-allemand-de-la-police-criminelle\/#primaryimage"},"image":{"@id":"https:\/\/kapitalis.com\/tunisie\/2018\/04\/19\/le-visage-dhannibal-reconstitue-par-loffice-allemand-de-la-police-criminelle\/#primaryimage"},"thumbnailUrl":"","datePublished":"2018-04-19T10:12:45+00:00","dateModified":"2018-04-19T10:15:42+00:00","breadcrumb":{"@id":"https:\/\/kapitalis.com\/tunisie\/2018\/04\/19\/le-visage-dhannibal-reconstitue-par-loffice-allemand-de-la-police-criminelle\/#breadcrumb"},"inLanguage":"fr-FR","potentialAction":[{"@type":"ReadAction","target":["https:\/\/kapitalis.com\/tunisie\/2018\/04\/19\/le-visage-dhannibal-reconstitue-par-loffice-allemand-de-la-police-criminelle\/"]}]},{"@type":"ImageObject","inLanguage":"fr-FR","@id":"https:\/\/kapitalis.com\/tunisie\/2018\/04\/19\/le-visage-dhannibal-reconstitue-par-loffice-allemand-de-la-police-criminelle\/#primaryimage","url":"","contentUrl":""},{"@type":"BreadcrumbList","@id":"https:\/\/kapitalis.com\/tunisie\/2018\/04\/19\/le-visage-dhannibal-reconstitue-par-loffice-allemand-de-la-police-criminelle\/#breadcrumb","itemListElement":[{"@type":"ListItem","position":1,"name":"Accueil","item":"https:\/\/kapitalis.com\/tunisie\/"},{"@type":"ListItem","position":2,"name":"Le visage d&rsquo;Hannibal reconstitu\u00e9 par l&rsquo;Office allemand de la police criminelle"}]},{"@type":"WebSite","@id":"https:\/\/kapitalis.com\/tunisie\/#website","url":"https:\/\/kapitalis.com\/tunisie\/","name":"Kapitalis","description":"L&#039;actualit\u00e9 en Tunisie et dans le monde","publisher":{"@id":"https:\/\/kapitalis.com\/tunisie\/#organization"},"potentialAction":[{"@type":"SearchAction","target":{"@type":"EntryPoint","urlTemplate":"https:\/\/kapitalis.com\/tunisie\/?s={search_term_string}"},"query-input":{"@type":"PropertyValueSpecification","valueRequired":true,"valueName":"search_term_string"}}],"inLanguage":"fr-FR"},{"@type":"Organization","@id":"https:\/\/kapitalis.com\/tunisie\/#organization","name":"Kapitalis","url":"https:\/\/kapitalis.com\/tunisie\/","logo":{"@type":"ImageObject","inLanguage":"fr-FR","@id":"https:\/\/kapitalis.com\/tunisie\/#\/schema\/logo\/image\/","url":"https:\/\/kapitalis.com\/tunisie\/wp-content\/uploads\/2022\/05\/Kapitalis-big-size.png","contentUrl":"https:\/\/kapitalis.com\/tunisie\/wp-content\/uploads\/2022\/05\/Kapitalis-big-size.png","width":5000,"height":1500,"caption":"Kapitalis"},"image":{"@id":"https:\/\/kapitalis.com\/tunisie\/#\/schema\/logo\/image\/"},"sameAs":["https:\/\/www.facebook.com\/KapitalisInfo\/","https:\/\/x.com\/KapitalisInfo","https:\/\/www.youtube.com\/channel\/UC-yDYrHyfFBWWZaOw3FPg9Q"]},{"@type":"Person","@id":"https:\/\/kapitalis.com\/tunisie\/#\/schema\/person\/74bbde0154d49d790a92aaeac5bc01d5","name":"Yusra NY","url":"https:\/\/kapitalis.com\/tunisie\/author\/yuza_adam\/"}]}},"_links":{"self":[{"href":"https:\/\/kapitalis.com\/tunisie\/wp-json\/wp\/v2\/posts\/149575","targetHints":{"allow":["GET"]}}],"collection":[{"href":"https:\/\/kapitalis.com\/tunisie\/wp-json\/wp\/v2\/posts"}],"about":[{"href":"https:\/\/kapitalis.com\/tunisie\/wp-json\/wp\/v2\/types\/post"}],"author":[{"embeddable":true,"href":"https:\/\/kapitalis.com\/tunisie\/wp-json\/wp\/v2\/users\/6"}],"replies":[{"embeddable":true,"href":"https:\/\/kapitalis.com\/tunisie\/wp-json\/wp\/v2\/comments?post=149575"}],"version-history":[{"count":0,"href":"https:\/\/kapitalis.com\/tunisie\/wp-json\/wp\/v2\/posts\/149575\/revisions"}],"wp:featuredmedia":[{"embeddable":true,"href":"https:\/\/kapitalis.com\/tunisie\/wp-json\/wp\/v2\/media\/149592"}],"wp:attachment":[{"href":"https:\/\/kapitalis.com\/tunisie\/wp-json\/wp\/v2\/media?parent=149575"}],"wp:term":[{"taxonomy":"category","embeddable":true,"href":"https:\/\/kapitalis.com\/tunisie\/wp-json\/wp\/v2\/categories?post=149575"},{"taxonomy":"post_tag","embeddable":true,"href":"https:\/\/kapitalis.com\/tunisie\/wp-json\/wp\/v2\/tags?post=149575"}],"curies":[{"name":"wp","href":"https:\/\/api.w.org\/{rel}","templated":true}]}}