{"id":14965633,"date":"2024-12-23T11:27:43","date_gmt":"2024-12-23T10:27:43","guid":{"rendered":"https:\/\/kapitalis.com\/tunisie\/?p=14965633"},"modified":"2024-12-23T11:27:45","modified_gmt":"2024-12-23T10:27:45","slug":"les-arabes-en-mal-de-productivite","status":"publish","type":"post","link":"https:\/\/kapitalis.com\/tunisie\/2024\/12\/23\/les-arabes-en-mal-de-productivite\/","title":{"rendered":"Les Arabes en mal de productivit\u00e9"},"content":{"rendered":"\n<p><strong><em>Printemps arabe ou pas, de gauche ou de droite, islamistes ou modernistes, royalistes ou r\u00e9publicains, les r\u00e9gimes arabes ont perdu toutes leurs guerres contre Isra\u00ebl et s\u2019enfoncent jour <\/em><\/strong><strong><em>apr\u00e8s <\/em><\/strong><strong><em>jour dans le marasme \u00e9conomique et la d\u00e9cr\u00e9pitude sociale qui y est li\u00e9e. Et pour cause, le sens du travail et la flemme de la productivit\u00e9 y sont simplement en panne. L\u2019ann\u00e9e 2024 a ajout\u00e9 une autre couche de preuves et autres \u00e9preuves \u00e0 cette triste r\u00e9alit\u00e9. Une histoire infernale, \u00e0 sens unique.<\/em><\/strong><\/p>\n\n\n\n<p><strong>Moktar Lamari *<\/strong><\/p>\n\n\n\n<!--more-->\n\n\n<div class=\"wp-block-image\">\n<figure class=\"alignleft size-full is-resized\"><img decoding=\"async\" src=\"http:\/\/kapitalis.com\/tunisie\/wp-content\/uploads\/2019\/10\/Moktar-Lamari.jpg\" alt=\"\" class=\"wp-image-246439\" style=\"width:200px\"\/><\/figure>\n<\/div>\n\n\n<p>En 2024, les revers des soci\u00e9t\u00e9s arabes ont \u00e9t\u00e9 lamentables \u00e0 Gaza, au Liban, en Syrie, au Soudan, en Libye, au Y\u00e9men, en Irak et pas seulement. Au-del\u00e0 des d\u00e9b\u00e2cles militaires, guerres civiles et humiliations politiques \u00e0 r\u00e9p\u00e9tition, l\u2019origine des drames qui plombent les soci\u00e9t\u00e9s arabes vient du front \u00e9conomique, o\u00f9 ces derniers tra\u00eenent derri\u00e8re en productivit\u00e9, en innovation, en comp\u00e9titivit\u00e9, en investissement, entre autres.<\/p>\n\n\n\n<p>On le sait, depuis Ibn Khaldoun, un Tunisien \u00e9clair\u00e9, il y a presque 7 si\u00e8cles, les soci\u00e9t\u00e9s qui n\u2019arrivent pas \u00e0 se distinguer par leur gain de productivit\u00e9 ne peuvent plus cr\u00e9er de la croissance et se d\u00e9fendre contre leurs ennemis et d\u00e9mons qui le guettent au tournant.<\/p>\n\n\n\n<p>Ibn Khaldoun avait \u00e9crit \u00e0 son \u00e9poque que l\u2019Etat et ses imp\u00f4ts ne peuvent aucunement constituer le principal moteur de la cr\u00e9ation de la richesse \u00e9conomique, bien au contraire. Mais depuis, de l\u2019eau a coul\u00e9 sous les ponts.<\/p>\n\n\n\n<p>Les imp\u00f4ts ne favorisent pas n\u00e9cessairement la prosp\u00e9rit\u00e9 et le progr\u00e8s. Plus d\u2019imp\u00f4t c\u2019est moins d\u2019imp\u00f4ts, selon la loi de Sahib El-Himar **.<\/p>\n\n\n\n<h2 class=\"wp-block-heading\">Une histoire atypique<\/h2>\n\n\n\n<p>L\u2019histoire des faits \u00e9conomiques nous apprend que les pays vaincus lors de la deuxi\u00e8me guerre mondiale (Japon, Allemagne, Italie, Espagne, entre autres) sont ceux qui ont eu la progression de productivit\u00e9 la plus \u00e9lev\u00e9e au moins pour les cinq d\u00e9cennies qui ont suivi leur d\u00e9faite lors de la Deuxi\u00e8me guerre mondiale (1939-1945).<\/p>\n\n\n\n<p>Ces pays ont pay\u00e9 cher leur d\u00e9faite: des millions de morts, et pas seulement, leurs infrastructures, usines et technologies d\u00e9mont\u00e9es et expatri\u00e9es pour servir les pays des vainqueurs. Ceux-ci pensaient en avoir fini avec le Japon et &nbsp;l\u2019Allemagne, une bonne fois pour toutes. Peine perdue, au lieu de crouler sous le chagrin de l\u2019humiliation, et de baisser les bras, ces pays <em>\u00abvaincus\u00bb<\/em> se sont pris en charge pour travailler plus et mieux. La rage et la hargne comme carburants pour le progr\u00e8s. Leur ressenti de l\u2019humiliation qui leur a \u00e9t\u00e9 inflig\u00e9e par les Am\u00e9ricains a fini par devenir un propulseur pour le travail et un catalyseur de la productivit\u00e9, de l\u2019innovation et de la comp\u00e9titivit\u00e9. Et rapidement, Japonais et Allemands se sont impos\u00e9s par leur productivit\u00e9 et innovation technologique dans les industries de l\u2019automobile, de l\u2019informatique et les technologies de pointe.<\/p>\n\n\n\n<figure class=\"wp-block-embed is-type-wp-embed is-provider-kapitalis wp-block-embed-kapitalis\"><div class=\"wp-block-embed__wrapper\">\n<blockquote class=\"wp-embedded-content\" data-secret=\"lBihoWMg8i\"><a href=\"https:\/\/kapitalis.com\/tunisie\/2024\/01\/17\/tunisie-le-drame-de-la-productivite-des-fonctionnaires\/\">Tunisie : le drame de la productivit\u00e9 des fonctionnaires<\/a><\/blockquote><iframe loading=\"lazy\" class=\"wp-embedded-content\" sandbox=\"allow-scripts\" security=\"restricted\" style=\"position: absolute; visibility: hidden;\" title=\"\u00ab\u00a0Tunisie : le drame de la productivit\u00e9 des fonctionnaires\u00a0\u00bb &#8212; Kapitalis\" src=\"https:\/\/kapitalis.com\/tunisie\/2024\/01\/17\/tunisie-le-drame-de-la-productivite-des-fonctionnaires\/embed\/#?secret=10iTNUc3Yo#?secret=lBihoWMg8i\" data-secret=\"lBihoWMg8i\" width=\"600\" height=\"338\" frameborder=\"0\" marginwidth=\"0\" marginheight=\"0\" scrolling=\"no\"><\/iframe>\n<\/div><\/figure>\n\n\n\n<p>C\u2019est incroyable que dans ces pays et civilisations fond\u00e9es sur le compter sur soi, l\u2019humiliation par les guerres peut leur insuffler la rage pour rebondir sur les fronts de l\u2019\u00e9conomie et de la cr\u00e9ation des richesses et de la croissance.<\/p>\n\n\n\n<h2 class=\"wp-block-heading\">\u00abTravail d\u2019Arabes\u00bb ou \u00abt\u00eates \u00e0 claque\u00bb?<\/h2>\n\n\n\n<p>Ce n\u2019est pas le cas des pays arabes. Malgr\u00e9 les humiliations successives inflig\u00e9es par le <em>\u00abpetit\u00bb<\/em> Etat d\u2019Isra\u00ebl (1948, 1956, 1967, 1973, 1980, etc,), malgr\u00e9 les guerres civiles et insurrections, la productivit\u00e9 dans ces pays a \u00e9t\u00e9 toujours \u00e0 la tra\u00eene. Des soci\u00e9t\u00e9s qui croulent sous le fatalisme et la r\u00e9signation. Des soci\u00e9t\u00e9s et des gouvernements qui aiment se la couler douce, entre siesta et fiesta.<\/p>\n\n\n\n<p>Rien \u00e0 faire, la productivit\u00e9 des travailleurs moyens dans les pays arabes est quasiment dix \u00e0 quinze fois moins \u00e9lev\u00e9e que celle d\u2019un travailleur isra\u00e9lien, am\u00e9ricain ou japonais.<\/p>\n\n\n\n<p>Dans les pays arabes ayant fait leur <em>\u00abPrintemps Arabe\u00bb<\/em>, le niveau de vie est aujourd\u2019hui quasiment plus faible que celui 2010 (en valeur r\u00e9elle), les monnaies d\u00e9valu\u00e9es et la pauvret\u00e9 pousse des millions \u00e0 fuir leur pays pour les pays occidentaux, et tous les moyens sont bons. Des centaines de milliers meurent noy\u00e9s ou simplement embrigad\u00e9s en chair \u00e0 canon pour les groupes islamistes. La Tunisie ayant fourni, dit-on, plus 10 000 terroristes sous l\u2019\u00e8re de Ghannouchi et disciples.<\/p>\n\n\n\n<p>Les femmes se font trucider en plein jour, et elles sont exclues de la vie publique, devant se cacher derri\u00e8re des voiles, au lieu de se retrousser les manches et se lancer dans la vie \u00e9conomique et la cr\u00e9ation de la richesse collective.<\/p>\n\n\n\n<h2 class=\"wp-block-heading\">Des imitateurs, pas des innovateurs<\/h2>\n\n\n\n<p>De Rabat \u00e0 Amman, de Tunis \u00e0 Bagdad, on ne trouve pas une seule invention technologique, une seule industrie de pointe ou un seul exploit spatial attribu\u00e9 \u00e0 un Arabe.<\/p>\n\n\n\n<p>Rien de mondialement utilis\u00e9, cot\u00e9 en bourse et qui est issu de la R&amp;D men\u00e9e dans l\u2019un des pays arabes. Des universit\u00e9s qui tra\u00eenent et qui se plaisent \u00e0 former des ch\u00f4meurs, et une science d\u00e9j\u00e0 d\u00e9pass\u00e9e.<\/p>\n\n\n\n<p>Tout indique que dans ce monde arabe, on est encore r\u00e9fractaire aux grandes innovations, tellement coinc\u00e9s dans ces sch\u00e8mes r\u00e9trogrades, et plein de pens\u00e9es archa\u00efques, englu\u00e9es dans le fatalisme religieux, laissant presque tout \u00e0 la volont\u00e9 de Dieu, et autres pouvoirs en place, pour seule devise <em>\u00abinchallah\u00bb<\/em>!<\/p>\n\n\n\n<figure class=\"wp-block-embed is-type-wp-embed is-provider-kapitalis wp-block-embed-kapitalis\"><div class=\"wp-block-embed__wrapper\">\n<blockquote class=\"wp-embedded-content\" data-secret=\"ulKBJ3QA18\"><a href=\"https:\/\/kapitalis.com\/tunisie\/2023\/08\/23\/la-crise-du-pain-en-tunisie-reflet-dune-crise-de-productivite-globale\/\">La crise du pain en Tunisie, reflet d\u2019une crise de productivit\u00e9 globale<\/a><\/blockquote><iframe loading=\"lazy\" class=\"wp-embedded-content\" sandbox=\"allow-scripts\" security=\"restricted\" style=\"position: absolute; visibility: hidden;\" title=\"\u00ab\u00a0La crise du pain en Tunisie, reflet d\u2019une crise de productivit\u00e9 globale\u00a0\u00bb &#8212; Kapitalis\" src=\"https:\/\/kapitalis.com\/tunisie\/2023\/08\/23\/la-crise-du-pain-en-tunisie-reflet-dune-crise-de-productivite-globale\/embed\/#?secret=QAK3SSCUJd#?secret=ulKBJ3QA18\" data-secret=\"ulKBJ3QA18\" width=\"600\" height=\"338\" frameborder=\"0\" marginwidth=\"0\" marginheight=\"0\" scrolling=\"no\"><\/iframe>\n<\/div><\/figure>\n\n\n\n<p>L\u2019innovation radicale des produits et processus de production suppose de la volont\u00e9, de l\u2019investissement et beaucoup de travail. Et cela ne semble pas \u00eatre \u00e0 la port\u00e9e des travailleurs ordinaires, et l\u2019Etat ne fait pas grand chose pour inverser la vapeur.<\/p>\n\n\n\n<p>Entre flemmards, r\u00e2leurs et branleurs, ces soci\u00e9t\u00e9s n\u2019arrivent plus \u00e0 se remettre en question. L\u2019islam politique a quasiment gangr\u00e9n\u00e9 les initiatives et tir\u00e9 vers le bas le sens du travail et la productivit\u00e9.<\/p>\n\n\n\n<h2 class=\"wp-block-heading\">Des politiques ax\u00e9es sur la demande<\/h2>\n\n\n\n<p>Les \u00e9lites arabes, quelles soient politiques, universitaires ou m\u00e9diatiques, plaident l\u2019Etat social, l\u2019Etat providence. On n\u2019est plus dans ce sch\u00e8me ailleurs dans le monde. Et ce pour justifier les interventions massives de l\u2019Etat, pour soutenir artificiellement les prix du pain et des produits de bases.<\/p>\n\n\n\n<p>Toutes les strat\u00e9gies et programmes politiques dans les ces pays arabo-musulmans se sont articul\u00e9es autour de la demande et donc de la consommation. Particuli\u00e8rement alimentaire et ostentatoire.<\/p>\n\n\n\n<p>On parle des droits, mais pas des devoirs \u00e9conomiques. On prend les choses \u00e0 l\u2019envers, on veut consommer comme les Occidentaux, sans pouvoir, ou vouloir, produire autant qu\u2019eux. Et on paie les d\u00e9ficits budg\u00e9taires par une dette toxique. Avec une dette colossale et une d\u00e9pendance grandissante envers l\u2019\u00e9tranger.<\/p>\n\n\n\n<p>Les pays arabes n\u2019arrivent pas encore \u00e0 \u00eatre autosuffisants en produits alimentaires, encore en raison des probl\u00e9matiques de faible productivit\u00e9 et de carence en innovation (peu de transformation, insuffisance de stockage, cultures extensives\u2026).<\/p>\n\n\n\n<p>Les produits pharmaceutiques et m\u00e9dicaux sont aussi tributaires des importations et \u00e0 la merci des firmes et pays occidentaux. Les p\u00e9nuries sont monnaie courante. Et les hausses de taxes, une <em>\u00abd\u00eeme\u00bb<\/em> pour des \u00c9tats pl\u00e9thoriques et d\u00e9pensiers.<\/p>\n\n\n\n<h2 class=\"wp-block-heading\">R\u00e9fractaires aux politiques de l\u2019offre<\/h2>\n\n\n\n<p>Les \u00e9conomies et soci\u00e9t\u00e9s europ\u00e9ennes et asiatiques qui ont enregistr\u00e9 les plus hauts gains de productivit\u00e9 sont celles qui ont adopt\u00e9 des politiques d\u2019offre, qui donnent les incitatifs requis pour les entreprises, pour l\u2019investissement et pour l\u2019innovation. Des politiques \u00e9conomiques tourn\u00e9es vers l\u2019entreprise et la production, et non pas la consommation.<\/p>\n\n\n\n<p>Dans les pays arabes, les politiques \u00e9conomiques sont ax\u00e9es sur la demande, aussi pour des fins de politiques politiciennes et pour maintenir le statuquo dans les rapports de force ainsi que les rapports de classe.<\/p>\n\n\n\n<p>Bouteflika, Ben Ali, Kaddafi, Moubarak, Assad, Saddam\u2026 avec tous les rois et \u00e9mirs de la r\u00e9gion ont jou\u00e9 la partition de la demande, ignorant l\u2019offre et ses d\u00e9fis.<\/p>\n\n\n\n<figure class=\"wp-block-embed is-type-wp-embed is-provider-kapitalis wp-block-embed-kapitalis\"><div class=\"wp-block-embed__wrapper\">\n<blockquote class=\"wp-embedded-content\" data-secret=\"FJsD2dkDCn\"><a href=\"https:\/\/kapitalis.com\/tunisie\/2020\/02\/15\/tunisie-la-bulle-democratique-un-boulet-pour-la-productivite\/\">Tunisie : la \u00abbulle\u00bb d\u00e9mocratique, un \u00abboulet\u00bb pour la productivit\u00e9 ?<\/a><\/blockquote><iframe loading=\"lazy\" class=\"wp-embedded-content\" sandbox=\"allow-scripts\" security=\"restricted\" style=\"position: absolute; visibility: hidden;\" title=\"\u00ab\u00a0Tunisie : la \u00abbulle\u00bb d\u00e9mocratique, un \u00abboulet\u00bb pour la productivit\u00e9 ?\u00a0\u00bb &#8212; Kapitalis\" src=\"https:\/\/kapitalis.com\/tunisie\/2020\/02\/15\/tunisie-la-bulle-democratique-un-boulet-pour-la-productivite\/embed\/#?secret=7BozdaBPb0#?secret=FJsD2dkDCn\" data-secret=\"FJsD2dkDCn\" width=\"600\" height=\"338\" frameborder=\"0\" marginwidth=\"0\" marginheight=\"0\" scrolling=\"no\"><\/iframe>\n<\/div><\/figure>\n\n\n\n<p>Partout dans ces pays, les politiques occultent les objectifs du plein emploi. Un concept ignor\u00e9, alors que 3 femmes sur quatre sont exclues du march\u00e9 de l\u2019emploi, alors 40% des jeunes dipl\u00f4m\u00e9s sont en ch\u00f4mage de longue dur\u00e9e.<\/p>\n\n\n\n<p>Or, il faut des taux de croissance de 6% pour au moins 10 ans pour r\u00e9sorber le stock de ch\u00f4meurs qui attendent d\u2019\u00e9migrer ou de soulever des <em>\u00abr\u00e9volutions\u00bb<\/em> vou\u00e9es \u00e0 l\u2019\u00e9chec, sans solution \u00e9conomique.<\/p>\n\n\n\n<h2 class=\"wp-block-heading\">Les femmes, ces \u00abdindons de la farce\u00bb<\/h2>\n\n\n\n<p>On ne comprend pas toujours comme ces soci\u00e9t\u00e9s arabes continuent de traiter les femmes, comme elles le font. De facto, celles-ci doivent rester chez elles, et leur r\u00f4le doit se limiter \u00e0 la procr\u00e9ation en portant le voile et en se retirant de la sph\u00e8re de la production et de la productivit\u00e9.<\/p>\n\n\n\n<p>Durant la deuxi\u00e8me guerre mondiale, les Japonaises, les Allemandes, les Fran\u00e7aises, les Anglaises sont volontairement parties dans les usines et tous les services publics pour cr\u00e9er du service public et de la richesse collective.<\/p>\n\n\n\n<p>Ce n\u2019est pas le cas des femmes arabes et musulmanes \u2026 celles-ci ont accept\u00e9 leur sort et les diktats arabo-musulmans.<\/p>\n\n\n\n<p>La femme vaut la moiti\u00e9 d\u2019un homme en h\u00e9ritage, et elle est pratiquement exclue des activit\u00e9s publiques dans la plupart des pays arabes (travail salari\u00e9, mobilit\u00e9 publique, tutelle des actifs, enfants, etc.).<\/p>\n\n\n\n<p>L\u2019ann\u00e9e 2024 a encore confirm\u00e9 le retard des pays arabes dans le domaine du travail (hommes et femmes), de la productivit\u00e9 et l\u2019innovation dans toutes ses facettes \u00e9conomiques, sociales et institutionnelles.<\/p>\n\n\n\n<p>L\u2019ann\u00e9e 2025 qui arrive dans une semaine, constitue d\u00e9j\u00e0 un la fin du premier quart du 21<sup>e<\/sup> si\u00e8cle. Il y a de quoi s\u2019en inqui\u00e9ter\u2026 pour l\u2019avenir de ces pays et ces peuples qui refusent le progr\u00e8s par les r\u00e9formes et le pragmatisme.<\/p>\n\n\n\n<p><em>* Economiste universitaire, Canada.<\/em><\/p>\n\n\n\n<p>** <em>Abou Yazid, surnomm\u00e9 \u00abl\u2019homme \u00e0 l\u2019\u00e2ne\u00bb, n\u00e9 en 873 et mort en 947, est un th\u00e9ologien berb\u00e8re z\u00e9n\u00e8te de la tribu des Banou Ifren. Il est notamment connu pour la r\u00e9volte qu\u2019il a men\u00e9 contre les fatimides r\u00e9gnant en Tunisie au milieu du\u00a0<abbr title=\"10\u1d49 si\u00e8cle\">X<\/abbr><sup>e<\/sup>\u00a0si\u00e8cle.\u00a0<\/em><\/p>\n\n\n\n<p><strong><em>Blog de l\u2019auteur\u00a0:<\/em><\/strong><em> <\/em><a href=\"https:\/\/www.facebook.com\/groups\/375846620757494\/\"><strong>Economics for Tunisia, E4T<\/strong><\/a><\/p>\n","protected":false},"excerpt":{"rendered":"<p>Le monde arabe est \u00e0 la tra\u00eene du reste du monde parce que le sens du travail et la flemme de la productivit\u00e9 y sont simplement en panne.<\/p>\n","protected":false},"author":8,"featured_media":14965654,"comment_status":"open","ping_status":"open","sticky":false,"template":"","format":"standard","meta":{"footnotes":""},"categories":[992,995,1000,2433],"tags":[1613,11952,3297,16468,484,68595,4124],"class_list":["post-14965633","post","type-post","status-publish","format-standard","has-post-thumbnail","hentry","category-a-la-une","category-economie","category-tribune","category-tunisie","tag-arabes","tag-arabo-musulmans","tag-competitivite","tag-ibn-khaldoun","tag-innovation","tag-moktar-lamari","tag-productivite"],"yoast_head":"<!-- This site is optimized with the Yoast SEO plugin v26.6 - https:\/\/yoast.com\/wordpress\/plugins\/seo\/ -->\n<title>Les Arabes en mal de productivit\u00e9 - Kapitalis<\/title>\n<meta name=\"robots\" content=\"index, follow, max-snippet:-1, max-image-preview:large, max-video-preview:-1\" \/>\n<link rel=\"canonical\" href=\"https:\/\/kapitalis.com\/tunisie\/2024\/12\/23\/les-arabes-en-mal-de-productivite\/\" \/>\n<meta property=\"og:locale\" content=\"fr_FR\" \/>\n<meta property=\"og:type\" content=\"article\" \/>\n<meta property=\"og:title\" content=\"Les Arabes en mal de productivit\u00e9 - Kapitalis\" \/>\n<meta property=\"og:description\" content=\"Le monde arabe est \u00e0 la tra\u00eene du reste du monde parce que le sens du travail et la flemme de la productivit\u00e9 y sont simplement en panne.\" \/>\n<meta property=\"og:url\" content=\"https:\/\/kapitalis.com\/tunisie\/2024\/12\/23\/les-arabes-en-mal-de-productivite\/\" \/>\n<meta property=\"og:site_name\" content=\"Kapitalis\" \/>\n<meta property=\"article:publisher\" content=\"https:\/\/www.facebook.com\/KapitalisInfo\/\" \/>\n<meta property=\"article:published_time\" content=\"2024-12-23T10:27:43+00:00\" \/>\n<meta property=\"article:modified_time\" content=\"2024-12-23T10:27:45+00:00\" \/>\n<meta property=\"og:image\" content=\"https:\/\/kapitalis.com\/tunisie\/wp-content\/uploads\/2024\/12\/Arabes-Narguile.jpg\" \/>\n\t<meta property=\"og:image:width\" content=\"1200\" \/>\n\t<meta property=\"og:image:height\" content=\"630\" \/>\n\t<meta property=\"og:image:type\" content=\"image\/jpeg\" \/>\n<meta name=\"author\" content=\"webmaster kapitalis\" \/>\n<meta name=\"twitter:card\" content=\"summary_large_image\" \/>\n<meta name=\"twitter:creator\" content=\"@KapitalisInfo\" \/>\n<meta name=\"twitter:site\" content=\"@KapitalisInfo\" \/>\n<meta name=\"twitter:label1\" content=\"\u00c9crit par\" \/>\n\t<meta name=\"twitter:data1\" content=\"webmaster kapitalis\" \/>\n\t<meta name=\"twitter:label2\" content=\"Dur\u00e9e de lecture estim\u00e9e\" \/>\n\t<meta name=\"twitter:data2\" content=\"9 minutes\" \/>\n<script type=\"application\/ld+json\" class=\"yoast-schema-graph\">{\"@context\":\"https:\/\/schema.org\",\"@graph\":[{\"@type\":\"Article\",\"@id\":\"https:\/\/kapitalis.com\/tunisie\/2024\/12\/23\/les-arabes-en-mal-de-productivite\/#article\",\"isPartOf\":{\"@id\":\"https:\/\/kapitalis.com\/tunisie\/2024\/12\/23\/les-arabes-en-mal-de-productivite\/\"},\"author\":{\"name\":\"webmaster kapitalis\",\"@id\":\"https:\/\/kapitalis.com\/tunisie\/#\/schema\/person\/d71f33a9ca44f7bad4698210b480c8e9\"},\"headline\":\"Les Arabes en mal de productivit\u00e9\",\"datePublished\":\"2024-12-23T10:27:43+00:00\",\"dateModified\":\"2024-12-23T10:27:45+00:00\",\"mainEntityOfPage\":{\"@id\":\"https:\/\/kapitalis.com\/tunisie\/2024\/12\/23\/les-arabes-en-mal-de-productivite\/\"},\"wordCount\":1753,\"commentCount\":4,\"publisher\":{\"@id\":\"https:\/\/kapitalis.com\/tunisie\/#organization\"},\"image\":{\"@id\":\"https:\/\/kapitalis.com\/tunisie\/2024\/12\/23\/les-arabes-en-mal-de-productivite\/#primaryimage\"},\"thumbnailUrl\":\"https:\/\/kapitalis.com\/tunisie\/wp-content\/uploads\/2024\/12\/Arabes-Narguile.jpg\",\"keywords\":[\"arabes\",\"Arabo-musulmans\",\"comp\u00e9titivit\u00e9\",\"Ibn Khaldoun\",\"innovation\",\"Moktar Lamari\",\"productivit\u00e9\"],\"articleSection\":[\"A LA UNE\",\"ECONOMIE\",\"TRIBUNE\",\"Tunisie\"],\"inLanguage\":\"fr-FR\",\"potentialAction\":[{\"@type\":\"CommentAction\",\"name\":\"Comment\",\"target\":[\"https:\/\/kapitalis.com\/tunisie\/2024\/12\/23\/les-arabes-en-mal-de-productivite\/#respond\"]}]},{\"@type\":\"WebPage\",\"@id\":\"https:\/\/kapitalis.com\/tunisie\/2024\/12\/23\/les-arabes-en-mal-de-productivite\/\",\"url\":\"https:\/\/kapitalis.com\/tunisie\/2024\/12\/23\/les-arabes-en-mal-de-productivite\/\",\"name\":\"Les Arabes en mal de productivit\u00e9 - Kapitalis\",\"isPartOf\":{\"@id\":\"https:\/\/kapitalis.com\/tunisie\/#website\"},\"primaryImageOfPage\":{\"@id\":\"https:\/\/kapitalis.com\/tunisie\/2024\/12\/23\/les-arabes-en-mal-de-productivite\/#primaryimage\"},\"image\":{\"@id\":\"https:\/\/kapitalis.com\/tunisie\/2024\/12\/23\/les-arabes-en-mal-de-productivite\/#primaryimage\"},\"thumbnailUrl\":\"https:\/\/kapitalis.com\/tunisie\/wp-content\/uploads\/2024\/12\/Arabes-Narguile.jpg\",\"datePublished\":\"2024-12-23T10:27:43+00:00\",\"dateModified\":\"2024-12-23T10:27:45+00:00\",\"breadcrumb\":{\"@id\":\"https:\/\/kapitalis.com\/tunisie\/2024\/12\/23\/les-arabes-en-mal-de-productivite\/#breadcrumb\"},\"inLanguage\":\"fr-FR\",\"potentialAction\":[{\"@type\":\"ReadAction\",\"target\":[\"https:\/\/kapitalis.com\/tunisie\/2024\/12\/23\/les-arabes-en-mal-de-productivite\/\"]}]},{\"@type\":\"ImageObject\",\"inLanguage\":\"fr-FR\",\"@id\":\"https:\/\/kapitalis.com\/tunisie\/2024\/12\/23\/les-arabes-en-mal-de-productivite\/#primaryimage\",\"url\":\"https:\/\/kapitalis.com\/tunisie\/wp-content\/uploads\/2024\/12\/Arabes-Narguile.jpg\",\"contentUrl\":\"https:\/\/kapitalis.com\/tunisie\/wp-content\/uploads\/2024\/12\/Arabes-Narguile.jpg\",\"width\":1200,\"height\":630},{\"@type\":\"BreadcrumbList\",\"@id\":\"https:\/\/kapitalis.com\/tunisie\/2024\/12\/23\/les-arabes-en-mal-de-productivite\/#breadcrumb\",\"itemListElement\":[{\"@type\":\"ListItem\",\"position\":1,\"name\":\"Accueil\",\"item\":\"https:\/\/kapitalis.com\/tunisie\/\"},{\"@type\":\"ListItem\",\"position\":2,\"name\":\"Les Arabes en mal de productivit\u00e9\"}]},{\"@type\":\"WebSite\",\"@id\":\"https:\/\/kapitalis.com\/tunisie\/#website\",\"url\":\"https:\/\/kapitalis.com\/tunisie\/\",\"name\":\"Kapitalis\",\"description\":\"L&#039;actualit\u00e9 en Tunisie et dans le monde\",\"publisher\":{\"@id\":\"https:\/\/kapitalis.com\/tunisie\/#organization\"},\"potentialAction\":[{\"@type\":\"SearchAction\",\"target\":{\"@type\":\"EntryPoint\",\"urlTemplate\":\"https:\/\/kapitalis.com\/tunisie\/?s={search_term_string}\"},\"query-input\":{\"@type\":\"PropertyValueSpecification\",\"valueRequired\":true,\"valueName\":\"search_term_string\"}}],\"inLanguage\":\"fr-FR\"},{\"@type\":\"Organization\",\"@id\":\"https:\/\/kapitalis.com\/tunisie\/#organization\",\"name\":\"Kapitalis\",\"url\":\"https:\/\/kapitalis.com\/tunisie\/\",\"logo\":{\"@type\":\"ImageObject\",\"inLanguage\":\"fr-FR\",\"@id\":\"https:\/\/kapitalis.com\/tunisie\/#\/schema\/logo\/image\/\",\"url\":\"https:\/\/kapitalis.com\/tunisie\/wp-content\/uploads\/2022\/05\/Kapitalis-big-size.png\",\"contentUrl\":\"https:\/\/kapitalis.com\/tunisie\/wp-content\/uploads\/2022\/05\/Kapitalis-big-size.png\",\"width\":5000,\"height\":1500,\"caption\":\"Kapitalis\"},\"image\":{\"@id\":\"https:\/\/kapitalis.com\/tunisie\/#\/schema\/logo\/image\/\"},\"sameAs\":[\"https:\/\/www.facebook.com\/KapitalisInfo\/\",\"https:\/\/x.com\/KapitalisInfo\",\"https:\/\/www.youtube.com\/channel\/UC-yDYrHyfFBWWZaOw3FPg9Q\"]},{\"@type\":\"Person\",\"@id\":\"https:\/\/kapitalis.com\/tunisie\/#\/schema\/person\/d71f33a9ca44f7bad4698210b480c8e9\",\"name\":\"webmaster kapitalis\",\"url\":\"https:\/\/kapitalis.com\/tunisie\/author\/webmaster-kapitalis\/\"}]}<\/script>\n<!-- \/ Yoast SEO plugin. -->","yoast_head_json":{"title":"Les Arabes en mal de productivit\u00e9 - Kapitalis","robots":{"index":"index","follow":"follow","max-snippet":"max-snippet:-1","max-image-preview":"max-image-preview:large","max-video-preview":"max-video-preview:-1"},"canonical":"https:\/\/kapitalis.com\/tunisie\/2024\/12\/23\/les-arabes-en-mal-de-productivite\/","og_locale":"fr_FR","og_type":"article","og_title":"Les Arabes en mal de productivit\u00e9 - Kapitalis","og_description":"Le monde arabe est \u00e0 la tra\u00eene du reste du monde parce que le sens du travail et la flemme de la productivit\u00e9 y sont simplement en panne.","og_url":"https:\/\/kapitalis.com\/tunisie\/2024\/12\/23\/les-arabes-en-mal-de-productivite\/","og_site_name":"Kapitalis","article_publisher":"https:\/\/www.facebook.com\/KapitalisInfo\/","article_published_time":"2024-12-23T10:27:43+00:00","article_modified_time":"2024-12-23T10:27:45+00:00","og_image":[{"width":1200,"height":630,"url":"https:\/\/kapitalis.com\/tunisie\/wp-content\/uploads\/2024\/12\/Arabes-Narguile.jpg","type":"image\/jpeg"}],"author":"webmaster kapitalis","twitter_card":"summary_large_image","twitter_creator":"@KapitalisInfo","twitter_site":"@KapitalisInfo","twitter_misc":{"\u00c9crit par":"webmaster kapitalis","Dur\u00e9e de lecture estim\u00e9e":"9 minutes"},"schema":{"@context":"https:\/\/schema.org","@graph":[{"@type":"Article","@id":"https:\/\/kapitalis.com\/tunisie\/2024\/12\/23\/les-arabes-en-mal-de-productivite\/#article","isPartOf":{"@id":"https:\/\/kapitalis.com\/tunisie\/2024\/12\/23\/les-arabes-en-mal-de-productivite\/"},"author":{"name":"webmaster kapitalis","@id":"https:\/\/kapitalis.com\/tunisie\/#\/schema\/person\/d71f33a9ca44f7bad4698210b480c8e9"},"headline":"Les Arabes en mal de productivit\u00e9","datePublished":"2024-12-23T10:27:43+00:00","dateModified":"2024-12-23T10:27:45+00:00","mainEntityOfPage":{"@id":"https:\/\/kapitalis.com\/tunisie\/2024\/12\/23\/les-arabes-en-mal-de-productivite\/"},"wordCount":1753,"commentCount":4,"publisher":{"@id":"https:\/\/kapitalis.com\/tunisie\/#organization"},"image":{"@id":"https:\/\/kapitalis.com\/tunisie\/2024\/12\/23\/les-arabes-en-mal-de-productivite\/#primaryimage"},"thumbnailUrl":"https:\/\/kapitalis.com\/tunisie\/wp-content\/uploads\/2024\/12\/Arabes-Narguile.jpg","keywords":["arabes","Arabo-musulmans","comp\u00e9titivit\u00e9","Ibn Khaldoun","innovation","Moktar Lamari","productivit\u00e9"],"articleSection":["A LA UNE","ECONOMIE","TRIBUNE","Tunisie"],"inLanguage":"fr-FR","potentialAction":[{"@type":"CommentAction","name":"Comment","target":["https:\/\/kapitalis.com\/tunisie\/2024\/12\/23\/les-arabes-en-mal-de-productivite\/#respond"]}]},{"@type":"WebPage","@id":"https:\/\/kapitalis.com\/tunisie\/2024\/12\/23\/les-arabes-en-mal-de-productivite\/","url":"https:\/\/kapitalis.com\/tunisie\/2024\/12\/23\/les-arabes-en-mal-de-productivite\/","name":"Les Arabes en mal de productivit\u00e9 - Kapitalis","isPartOf":{"@id":"https:\/\/kapitalis.com\/tunisie\/#website"},"primaryImageOfPage":{"@id":"https:\/\/kapitalis.com\/tunisie\/2024\/12\/23\/les-arabes-en-mal-de-productivite\/#primaryimage"},"image":{"@id":"https:\/\/kapitalis.com\/tunisie\/2024\/12\/23\/les-arabes-en-mal-de-productivite\/#primaryimage"},"thumbnailUrl":"https:\/\/kapitalis.com\/tunisie\/wp-content\/uploads\/2024\/12\/Arabes-Narguile.jpg","datePublished":"2024-12-23T10:27:43+00:00","dateModified":"2024-12-23T10:27:45+00:00","breadcrumb":{"@id":"https:\/\/kapitalis.com\/tunisie\/2024\/12\/23\/les-arabes-en-mal-de-productivite\/#breadcrumb"},"inLanguage":"fr-FR","potentialAction":[{"@type":"ReadAction","target":["https:\/\/kapitalis.com\/tunisie\/2024\/12\/23\/les-arabes-en-mal-de-productivite\/"]}]},{"@type":"ImageObject","inLanguage":"fr-FR","@id":"https:\/\/kapitalis.com\/tunisie\/2024\/12\/23\/les-arabes-en-mal-de-productivite\/#primaryimage","url":"https:\/\/kapitalis.com\/tunisie\/wp-content\/uploads\/2024\/12\/Arabes-Narguile.jpg","contentUrl":"https:\/\/kapitalis.com\/tunisie\/wp-content\/uploads\/2024\/12\/Arabes-Narguile.jpg","width":1200,"height":630},{"@type":"BreadcrumbList","@id":"https:\/\/kapitalis.com\/tunisie\/2024\/12\/23\/les-arabes-en-mal-de-productivite\/#breadcrumb","itemListElement":[{"@type":"ListItem","position":1,"name":"Accueil","item":"https:\/\/kapitalis.com\/tunisie\/"},{"@type":"ListItem","position":2,"name":"Les Arabes en mal de productivit\u00e9"}]},{"@type":"WebSite","@id":"https:\/\/kapitalis.com\/tunisie\/#website","url":"https:\/\/kapitalis.com\/tunisie\/","name":"Kapitalis","description":"L&#039;actualit\u00e9 en Tunisie et dans le monde","publisher":{"@id":"https:\/\/kapitalis.com\/tunisie\/#organization"},"potentialAction":[{"@type":"SearchAction","target":{"@type":"EntryPoint","urlTemplate":"https:\/\/kapitalis.com\/tunisie\/?s={search_term_string}"},"query-input":{"@type":"PropertyValueSpecification","valueRequired":true,"valueName":"search_term_string"}}],"inLanguage":"fr-FR"},{"@type":"Organization","@id":"https:\/\/kapitalis.com\/tunisie\/#organization","name":"Kapitalis","url":"https:\/\/kapitalis.com\/tunisie\/","logo":{"@type":"ImageObject","inLanguage":"fr-FR","@id":"https:\/\/kapitalis.com\/tunisie\/#\/schema\/logo\/image\/","url":"https:\/\/kapitalis.com\/tunisie\/wp-content\/uploads\/2022\/05\/Kapitalis-big-size.png","contentUrl":"https:\/\/kapitalis.com\/tunisie\/wp-content\/uploads\/2022\/05\/Kapitalis-big-size.png","width":5000,"height":1500,"caption":"Kapitalis"},"image":{"@id":"https:\/\/kapitalis.com\/tunisie\/#\/schema\/logo\/image\/"},"sameAs":["https:\/\/www.facebook.com\/KapitalisInfo\/","https:\/\/x.com\/KapitalisInfo","https:\/\/www.youtube.com\/channel\/UC-yDYrHyfFBWWZaOw3FPg9Q"]},{"@type":"Person","@id":"https:\/\/kapitalis.com\/tunisie\/#\/schema\/person\/d71f33a9ca44f7bad4698210b480c8e9","name":"webmaster kapitalis","url":"https:\/\/kapitalis.com\/tunisie\/author\/webmaster-kapitalis\/"}]}},"_links":{"self":[{"href":"https:\/\/kapitalis.com\/tunisie\/wp-json\/wp\/v2\/posts\/14965633","targetHints":{"allow":["GET"]}}],"collection":[{"href":"https:\/\/kapitalis.com\/tunisie\/wp-json\/wp\/v2\/posts"}],"about":[{"href":"https:\/\/kapitalis.com\/tunisie\/wp-json\/wp\/v2\/types\/post"}],"author":[{"embeddable":true,"href":"https:\/\/kapitalis.com\/tunisie\/wp-json\/wp\/v2\/users\/8"}],"replies":[{"embeddable":true,"href":"https:\/\/kapitalis.com\/tunisie\/wp-json\/wp\/v2\/comments?post=14965633"}],"version-history":[{"count":1,"href":"https:\/\/kapitalis.com\/tunisie\/wp-json\/wp\/v2\/posts\/14965633\/revisions"}],"predecessor-version":[{"id":14965669,"href":"https:\/\/kapitalis.com\/tunisie\/wp-json\/wp\/v2\/posts\/14965633\/revisions\/14965669"}],"wp:featuredmedia":[{"embeddable":true,"href":"https:\/\/kapitalis.com\/tunisie\/wp-json\/wp\/v2\/media\/14965654"}],"wp:attachment":[{"href":"https:\/\/kapitalis.com\/tunisie\/wp-json\/wp\/v2\/media?parent=14965633"}],"wp:term":[{"taxonomy":"category","embeddable":true,"href":"https:\/\/kapitalis.com\/tunisie\/wp-json\/wp\/v2\/categories?post=14965633"},{"taxonomy":"post_tag","embeddable":true,"href":"https:\/\/kapitalis.com\/tunisie\/wp-json\/wp\/v2\/tags?post=14965633"}],"curies":[{"name":"wp","href":"https:\/\/api.w.org\/{rel}","templated":true}]}}