{"id":14969671,"date":"2024-12-24T08:16:47","date_gmt":"2024-12-24T07:16:47","guid":{"rendered":"https:\/\/kapitalis.com\/tunisie\/?p=14969671"},"modified":"2024-12-24T08:16:49","modified_gmt":"2024-12-24T07:16:49","slug":"a-gaza-israel-tue-lenfance","status":"publish","type":"post","link":"https:\/\/kapitalis.com\/tunisie\/2024\/12\/24\/a-gaza-israel-tue-lenfance\/","title":{"rendered":"\u00c0 Gaza, Isra\u00ebl tue l\u2019enfance"},"content":{"rendered":"\n<p><strong><em>Les enfants de Gaza vivent l\u2019enfer depuis le 7 octobre 2023. Beaucoup sont morts, beaucoup sont amput\u00e9s, beaucoup sont orphelins et tous souffrent de faim mais \u00e9galement de graves troubles psychologiques qui risquent de les traumatiser \u00e0 vie. Le g\u00e9nocide que perp\u00e8tre Isra\u00ebl \u00e0 Gaza n\u2019a pas uniquement broy\u00e9 des vies humaines mais il a aussi d\u00e9truit psychologiquement les Gazaouis et en premier lieu desquels les enfants.<\/em><\/strong><\/p>\n\n\n\n<p><strong>Imed Bahri<\/strong><\/p>\n\n\n\n<!--more-->\n\n\n\n<p><em>\u00abLes enfants de Gaza souffrent de nombreux sympt\u00f4mes qui indiquent des troubles psychologiques tels que le fait de s\u2019accrocher \u00e0 leurs parents et de refuser de rester loin d\u2019eux, une anxi\u00e9t\u00e9 et une peur intenses et une miction involontaire. Ils refusent \u00e9galement de participer \u00e0 des activit\u00e9s, ne peuvent pas dormir et ont des difficult\u00e9s \u00e0 manger.\u00bb<\/em><\/p>\n\n\n\n<p>C\u2019est par ces mots qu\u2019a commenc\u00e9 un article du journal britannique <a href=\"https:\/\/www.theguardian.com\/society\/2024\/dec\/22\/they-cant-sleep-cant-speak-the-lifeline-offered-to-gazas-traumatised-children\" target=\"_blank\" rel=\"noreferrer noopener\">The Guardian<\/a>, qui explique les effets psychologiques de la guerre sur les enfants de la bande de Gaza, en s\u2019appuyant sur ce que rapportaient les travailleurs de la fondation caritative War Child qui travaille \u00e0 fournir des services pour am\u00e9liorer la sant\u00e9 mentale et l\u2019\u00e9ducation pour 180 000 enfants dans la bande de Gaza.<\/p>\n\n\n\n<p>Le <a href=\"https:\/\/www.theguardian.com\/society\/2024\/dec\/22\/they-cant-sleep-cant-speak-the-lifeline-offered-to-gazas-traumatised-children\" target=\"_blank\" rel=\"noreferrer noopener\">Guardian<\/a> a cit\u00e9 Ibrahim, un agent de protection d\u2019urgence, disant: <em>\u00abLes enfants ont perdu leur capacit\u00e9 de parler et ne peuvent plus communiquer avec les membres de leur famille en raison d\u2019un choc s\u00e9v\u00e8re. Certains d\u2019entre eux souffrent d\u2019une col\u00e8re extr\u00eame et leur comportement est devenu d\u00e9fensif et agressifs et certains ont d\u00e9velopp\u00e9 des troubles de la parole y compris le b\u00e9gaiement.\u00bb<\/em><\/p>\n\n\n\n<p>Selon cette enqu\u00eate pr\u00e9par\u00e9e par la journaliste Caroline Davies, les b\u00e9n\u00e9voles s\u2019occupent quotidiennement des enfants qui pr\u00e9sentent ces sympt\u00f4mes lorsqu\u2019ils travaillent dans le secteur et l\u2019organisation caritative fournit g\u00e9n\u00e9ralement des premiers soins psychologiques d\u2019urgence sous de nombreuses formes notamment en rassemblant les enfants dans des camps avec un entra\u00eeneur pour jouer, dessiner et chanter pour \u00e9vacuer le stress et mettre en place des lieux d\u2019enseignement temporaires et \u00e9quip\u00e9s quelles que soient les fournitures scolaires disponibles.<\/p>\n\n\n\n<figure class=\"wp-block-embed is-type-wp-embed is-provider-kapitalis wp-block-embed-kapitalis\"><div class=\"wp-block-embed__wrapper\">\n<blockquote class=\"wp-embedded-content\" data-secret=\"7L8PwZQkSN\"><a href=\"https:\/\/kapitalis.com\/tunisie\/2024\/08\/23\/la-generation-des-orphelins-de-gaza\/\">La g\u00e9n\u00e9ration des orphelins de Gaza<\/a><\/blockquote><iframe loading=\"lazy\" class=\"wp-embedded-content\" sandbox=\"allow-scripts\" security=\"restricted\" style=\"position: absolute; visibility: hidden;\" title=\"\u00ab\u00a0La g\u00e9n\u00e9ration des orphelins de Gaza\u00a0\u00bb &#8212; Kapitalis\" src=\"https:\/\/kapitalis.com\/tunisie\/2024\/08\/23\/la-generation-des-orphelins-de-gaza\/embed\/#?secret=xjvazTKmNG#?secret=7L8PwZQkSN\" data-secret=\"7L8PwZQkSN\" width=\"600\" height=\"338\" frameborder=\"0\" marginwidth=\"0\" marginheight=\"0\" scrolling=\"no\"><\/iframe>\n<\/div><\/figure>\n\n\n\n<p>La Fondation organise \u00e9galement des s\u00e9ances destin\u00e9es aux parents pour leur expliquer comment soutenir leurs enfants tandis que les enfants souffrant de traumatismes psychologiques complexes sont orient\u00e9s vers des experts sp\u00e9cialis\u00e9s.<\/p>\n\n\n\n<p>L\u2019organisation s\u2019efforce \u00e9galement de r\u00e9pondre aux besoins de base autant que possible reconnaissant que <em>\u00abvous ne pouvez pas fournir un soutien psychologique \u00e0 un enfant affam\u00e9 ni une \u00e9ducation \u00e0 un enfant ayant froid\u00bb<\/em>, explique Mohamed, responsable des interventions d\u2019urgence. L\u2019organisation fournit des aides y compris de la nourriture, de l\u2019eau potable, un abri, des couvertures, fournitures d\u2019hygi\u00e8ne et pour les r\u00e8gles menstruelles.<\/p>\n\n\n\n<p>Mohamed a parl\u00e9 d\u2019un gar\u00e7on souffrant d\u2019un choc grave et recevant des conseils individuels dans le coin d\u2019un refuge bond\u00e9 abritant 3 000 personnes: <em>\u00abIl ne peut communiquer que par le dessin. Il est en fait devenu muet et n\u2019a plus la capacit\u00e9 de parler \u00e0 cause de la terreur qui s\u2019est abattue sur lui \u00e0 cause de la guerre. Il n\u2019a que six ans. C\u2019est tr\u00e8s difficile pour quiconque d\u2019imaginer cela.\u00bb<\/em><\/p>\n\n\n\n<p>Le <em>Guardian<\/em> indique que des enfants avaient perdu leur p\u00e8re et leur m\u00e8re \u00e0 la suite des bombardements isra\u00e9liens et que certains d\u2019entre eux avaient \u00e9t\u00e9 gri\u00e8vement bless\u00e9s entra\u00eenant l\u2019amputation de leurs membres.<\/p>\n\n\n\n<p>Selon l\u2019Unicef, il y a aujourd\u2019hui 17 000 enfants non accompagn\u00e9s, vuln\u00e9rables \u00e0 d\u2019innombrables menaces notamment \u00e0 la violence physique et \u00e0 l\u2019exploitation.<\/p>\n\n\n\n<p>Ibrahim a d\u00e9clar\u00e9: <em>\u00abll ne se passe pas un jour sans que je rencontre un ou deux enfants orphelins et s\u00e9par\u00e9s de leur famille. R\u00e9cemment, nous avons trouv\u00e9 trois enfants dans la rue \u00e0 une heure du matin pendant la guerre alors qu\u2019ils \u00e9taient entour\u00e9s du danger. Le plus \u00e2g\u00e9 d\u2019entre eux avait 10 ans et le plus jeune \u00e9tait une fillette de 6 ans handicap\u00e9e. La recherche de leurs familles est toujours en cours et il existe de nombreux cas similaires.\u00bb<\/em><\/p>\n\n\n\n<figure class=\"wp-block-embed is-type-wp-embed is-provider-kapitalis wp-block-embed-kapitalis\"><div class=\"wp-block-embed__wrapper\">\n<blockquote class=\"wp-embedded-content\" data-secret=\"tKq9DdM3SB\"><a href=\"https:\/\/kapitalis.com\/tunisie\/2024\/03\/05\/israel-tue-les-enfants-palestiniens-en-les-affamant\/\">Isra\u00ebl tue les enfants palestiniens, en les affamant aussi<\/a><\/blockquote><iframe loading=\"lazy\" class=\"wp-embedded-content\" sandbox=\"allow-scripts\" security=\"restricted\" style=\"position: absolute; visibility: hidden;\" title=\"\u00ab\u00a0Isra\u00ebl tue les enfants palestiniens, en les affamant aussi\u00a0\u00bb &#8212; Kapitalis\" src=\"https:\/\/kapitalis.com\/tunisie\/2024\/03\/05\/israel-tue-les-enfants-palestiniens-en-les-affamant\/embed\/#?secret=kM0404F3CA#?secret=tKq9DdM3SB\" data-secret=\"tKq9DdM3SB\" width=\"600\" height=\"338\" frameborder=\"0\" marginwidth=\"0\" marginheight=\"0\" scrolling=\"no\"><\/iframe>\n<\/div><\/figure>\n\n\n\n<p>Nidaa, une assistante technique d\u2019urgence qui travaille quotidiennement avec des femmes et des enfants, affirme: <em>\u00abSans le soutien que nous apportons \u2013 en particulier les services psychologiques pour les femmes et les enfants \u2013 beaucoup de personnes que j\u2019ai rencontr\u00e9es deviendraient vraiment folles.\u00bb<\/em><\/p>\n\n\n\n<p>Elle a soulign\u00e9 que les femmes subissent le plus gros de la guerre car elles essaient parfois de s\u2019occuper de leurs enfants et de faire face aux n\u00e9cessit\u00e9s de la vie \u00e0 d\u2019autres moments notamment en cuisinant des aliments rares sur du bois de chauffage.<\/p>\n\n\n\n<p>S\u2019appuyant sur des entretiens vid\u00e9o qu\u2019elle a men\u00e9s avec des volontaires \u00e0 Gaza, la journaliste du <em>Guardian<\/em> a estim\u00e9 que les risques personnels encourus par les membres de l\u2019organisation sont \u00e9normes surtout apr\u00e8s que d\u2019autres travailleurs d\u2019organisations non gouvernementales ont \u00e9t\u00e9 tu\u00e9s \u00e0 la suite des attaques isra\u00e9liennes. Les volontaires ont d\u00e9clar\u00e9 au journal qu\u2019ils avaient \u00e9t\u00e9 d\u00e9plac\u00e9s entre 10 et 12 fois et qu\u2019ils avaient tous perdu au moins un \u00eatre cher.<\/p>\n\n\n\n<p>Mohamed qui souffre d\u2019une blessure a d\u00e9clar\u00e9 qu\u2019il avait perdu environ 100 parents et amis et que ses cousins, oncles et tantes \u00e9taient toujours sous les d\u00e9combres un an plus tard. Son coll\u00e8gue Ibrahim a conclu en disant: <em>\u00abCe que les gens n\u2019appr\u00e9cient pas, c\u2019est que je me sens anxieux toute la journ\u00e9e car ma famille peut \u00eatre bombard\u00e9e \u00e0 tout moment chez moi pendant que je suis au travail\u00bb<\/em>.<\/p>\n\n\n\n<figure class=\"wp-block-embed is-type-wp-embed is-provider-kapitalis wp-block-embed-kapitalis\"><div class=\"wp-block-embed__wrapper\">\n<blockquote class=\"wp-embedded-content\" data-secret=\"lwyPIsJGCp\"><a href=\"https:\/\/kapitalis.com\/tunisie\/2023\/10\/18\/que-doivent-encore-souffrir-les-enfants-de-gaza\/\">Que doivent encore souffrir les enfants de Gaza ?<\/a><\/blockquote><iframe loading=\"lazy\" class=\"wp-embedded-content\" sandbox=\"allow-scripts\" security=\"restricted\" style=\"position: absolute; visibility: hidden;\" title=\"\u00ab\u00a0Que doivent encore souffrir les enfants de Gaza ?\u00a0\u00bb &#8212; Kapitalis\" src=\"https:\/\/kapitalis.com\/tunisie\/2023\/10\/18\/que-doivent-encore-souffrir-les-enfants-de-gaza\/embed\/#?secret=GyqSrmYssb#?secret=lwyPIsJGCp\" data-secret=\"lwyPIsJGCp\" width=\"600\" height=\"338\" frameborder=\"0\" marginwidth=\"0\" marginheight=\"0\" scrolling=\"no\"><\/iframe>\n<\/div><\/figure>\n","protected":false},"excerpt":{"rendered":"<p>Le g\u00e9nocide que perp\u00e8tre Isra\u00ebl \u00e0 Gaza a broy\u00e9 des vies humaines et d\u00e9truit psychologiquement les Gazaouis et notamment les enfants.<\/p>\n","protected":false},"author":8,"featured_media":14969695,"comment_status":"open","ping_status":"open","sticky":false,"template":"","format":"standard","meta":{"footnotes":""},"categories":[992,997,998,2433],"tags":[321,2444,111719,2478,119719,5442,119718],"class_list":["post-14969671","post","type-post","status-publish","format-standard","has-post-thumbnail","hentry","category-a-la-une","category-politique","category-societe","category-tunisie","tag-enfants","tag-gaza","tag-genocide","tag-israel","tag-traumatismes-psychologiques","tag-unicef","tag-war-child"],"yoast_head":"<!-- This site is optimized with the Yoast SEO plugin v26.6 - https:\/\/yoast.com\/wordpress\/plugins\/seo\/ -->\n<title>\u00c0 Gaza, Isra\u00ebl tue l\u2019enfance - Kapitalis<\/title>\n<meta name=\"robots\" content=\"index, follow, max-snippet:-1, max-image-preview:large, max-video-preview:-1\" \/>\n<link rel=\"canonical\" href=\"https:\/\/kapitalis.com\/tunisie\/2024\/12\/24\/a-gaza-israel-tue-lenfance\/\" \/>\n<meta property=\"og:locale\" content=\"fr_FR\" \/>\n<meta property=\"og:type\" content=\"article\" \/>\n<meta property=\"og:title\" content=\"\u00c0 Gaza, Isra\u00ebl tue l\u2019enfance - Kapitalis\" \/>\n<meta property=\"og:description\" content=\"Le g\u00e9nocide que perp\u00e8tre Isra\u00ebl \u00e0 Gaza a broy\u00e9 des vies humaines et d\u00e9truit psychologiquement les Gazaouis et notamment les enfants.\" \/>\n<meta property=\"og:url\" content=\"https:\/\/kapitalis.com\/tunisie\/2024\/12\/24\/a-gaza-israel-tue-lenfance\/\" \/>\n<meta property=\"og:site_name\" content=\"Kapitalis\" \/>\n<meta property=\"article:publisher\" content=\"https:\/\/www.facebook.com\/KapitalisInfo\/\" \/>\n<meta property=\"article:published_time\" content=\"2024-12-24T07:16:47+00:00\" \/>\n<meta property=\"article:modified_time\" content=\"2024-12-24T07:16:49+00:00\" \/>\n<meta property=\"og:image\" content=\"https:\/\/kapitalis.com\/tunisie\/wp-content\/uploads\/2024\/12\/Enfant-Gaza.jpg\" \/>\n\t<meta property=\"og:image:width\" content=\"1200\" \/>\n\t<meta property=\"og:image:height\" content=\"630\" \/>\n\t<meta property=\"og:image:type\" content=\"image\/jpeg\" \/>\n<meta name=\"author\" content=\"webmaster kapitalis\" \/>\n<meta name=\"twitter:card\" content=\"summary_large_image\" \/>\n<meta name=\"twitter:creator\" content=\"@KapitalisInfo\" \/>\n<meta name=\"twitter:site\" content=\"@KapitalisInfo\" \/>\n<meta name=\"twitter:label1\" content=\"\u00c9crit par\" \/>\n\t<meta name=\"twitter:data1\" content=\"webmaster kapitalis\" \/>\n\t<meta name=\"twitter:label2\" content=\"Dur\u00e9e de lecture estim\u00e9e\" \/>\n\t<meta name=\"twitter:data2\" content=\"5 minutes\" \/>\n<script type=\"application\/ld+json\" class=\"yoast-schema-graph\">{\"@context\":\"https:\/\/schema.org\",\"@graph\":[{\"@type\":\"Article\",\"@id\":\"https:\/\/kapitalis.com\/tunisie\/2024\/12\/24\/a-gaza-israel-tue-lenfance\/#article\",\"isPartOf\":{\"@id\":\"https:\/\/kapitalis.com\/tunisie\/2024\/12\/24\/a-gaza-israel-tue-lenfance\/\"},\"author\":{\"name\":\"webmaster kapitalis\",\"@id\":\"https:\/\/kapitalis.com\/tunisie\/#\/schema\/person\/d71f33a9ca44f7bad4698210b480c8e9\"},\"headline\":\"\u00c0 Gaza, Isra\u00ebl tue l\u2019enfance\",\"datePublished\":\"2024-12-24T07:16:47+00:00\",\"dateModified\":\"2024-12-24T07:16:49+00:00\",\"mainEntityOfPage\":{\"@id\":\"https:\/\/kapitalis.com\/tunisie\/2024\/12\/24\/a-gaza-israel-tue-lenfance\/\"},\"wordCount\":974,\"commentCount\":0,\"publisher\":{\"@id\":\"https:\/\/kapitalis.com\/tunisie\/#organization\"},\"image\":{\"@id\":\"https:\/\/kapitalis.com\/tunisie\/2024\/12\/24\/a-gaza-israel-tue-lenfance\/#primaryimage\"},\"thumbnailUrl\":\"https:\/\/kapitalis.com\/tunisie\/wp-content\/uploads\/2024\/12\/Enfant-Gaza.jpg\",\"keywords\":[\"enfants\",\"Gaza\",\"g\u00e9nocide\",\"Isra\u00ebl\",\"traumatismes psychologiques\",\"Unicef\",\"War Child\"],\"articleSection\":[\"A LA UNE\",\"POLITIQUE\",\"SOCIETE\",\"Tunisie\"],\"inLanguage\":\"fr-FR\",\"potentialAction\":[{\"@type\":\"CommentAction\",\"name\":\"Comment\",\"target\":[\"https:\/\/kapitalis.com\/tunisie\/2024\/12\/24\/a-gaza-israel-tue-lenfance\/#respond\"]}]},{\"@type\":\"WebPage\",\"@id\":\"https:\/\/kapitalis.com\/tunisie\/2024\/12\/24\/a-gaza-israel-tue-lenfance\/\",\"url\":\"https:\/\/kapitalis.com\/tunisie\/2024\/12\/24\/a-gaza-israel-tue-lenfance\/\",\"name\":\"\u00c0 Gaza, Isra\u00ebl tue l\u2019enfance - Kapitalis\",\"isPartOf\":{\"@id\":\"https:\/\/kapitalis.com\/tunisie\/#website\"},\"primaryImageOfPage\":{\"@id\":\"https:\/\/kapitalis.com\/tunisie\/2024\/12\/24\/a-gaza-israel-tue-lenfance\/#primaryimage\"},\"image\":{\"@id\":\"https:\/\/kapitalis.com\/tunisie\/2024\/12\/24\/a-gaza-israel-tue-lenfance\/#primaryimage\"},\"thumbnailUrl\":\"https:\/\/kapitalis.com\/tunisie\/wp-content\/uploads\/2024\/12\/Enfant-Gaza.jpg\",\"datePublished\":\"2024-12-24T07:16:47+00:00\",\"dateModified\":\"2024-12-24T07:16:49+00:00\",\"breadcrumb\":{\"@id\":\"https:\/\/kapitalis.com\/tunisie\/2024\/12\/24\/a-gaza-israel-tue-lenfance\/#breadcrumb\"},\"inLanguage\":\"fr-FR\",\"potentialAction\":[{\"@type\":\"ReadAction\",\"target\":[\"https:\/\/kapitalis.com\/tunisie\/2024\/12\/24\/a-gaza-israel-tue-lenfance\/\"]}]},{\"@type\":\"ImageObject\",\"inLanguage\":\"fr-FR\",\"@id\":\"https:\/\/kapitalis.com\/tunisie\/2024\/12\/24\/a-gaza-israel-tue-lenfance\/#primaryimage\",\"url\":\"https:\/\/kapitalis.com\/tunisie\/wp-content\/uploads\/2024\/12\/Enfant-Gaza.jpg\",\"contentUrl\":\"https:\/\/kapitalis.com\/tunisie\/wp-content\/uploads\/2024\/12\/Enfant-Gaza.jpg\",\"width\":1200,\"height\":630},{\"@type\":\"BreadcrumbList\",\"@id\":\"https:\/\/kapitalis.com\/tunisie\/2024\/12\/24\/a-gaza-israel-tue-lenfance\/#breadcrumb\",\"itemListElement\":[{\"@type\":\"ListItem\",\"position\":1,\"name\":\"Accueil\",\"item\":\"https:\/\/kapitalis.com\/tunisie\/\"},{\"@type\":\"ListItem\",\"position\":2,\"name\":\"\u00c0 Gaza, Isra\u00ebl tue l\u2019enfance\"}]},{\"@type\":\"WebSite\",\"@id\":\"https:\/\/kapitalis.com\/tunisie\/#website\",\"url\":\"https:\/\/kapitalis.com\/tunisie\/\",\"name\":\"Kapitalis\",\"description\":\"L&#039;actualit\u00e9 en Tunisie et dans le monde\",\"publisher\":{\"@id\":\"https:\/\/kapitalis.com\/tunisie\/#organization\"},\"potentialAction\":[{\"@type\":\"SearchAction\",\"target\":{\"@type\":\"EntryPoint\",\"urlTemplate\":\"https:\/\/kapitalis.com\/tunisie\/?s={search_term_string}\"},\"query-input\":{\"@type\":\"PropertyValueSpecification\",\"valueRequired\":true,\"valueName\":\"search_term_string\"}}],\"inLanguage\":\"fr-FR\"},{\"@type\":\"Organization\",\"@id\":\"https:\/\/kapitalis.com\/tunisie\/#organization\",\"name\":\"Kapitalis\",\"url\":\"https:\/\/kapitalis.com\/tunisie\/\",\"logo\":{\"@type\":\"ImageObject\",\"inLanguage\":\"fr-FR\",\"@id\":\"https:\/\/kapitalis.com\/tunisie\/#\/schema\/logo\/image\/\",\"url\":\"https:\/\/kapitalis.com\/tunisie\/wp-content\/uploads\/2022\/05\/Kapitalis-big-size.png\",\"contentUrl\":\"https:\/\/kapitalis.com\/tunisie\/wp-content\/uploads\/2022\/05\/Kapitalis-big-size.png\",\"width\":5000,\"height\":1500,\"caption\":\"Kapitalis\"},\"image\":{\"@id\":\"https:\/\/kapitalis.com\/tunisie\/#\/schema\/logo\/image\/\"},\"sameAs\":[\"https:\/\/www.facebook.com\/KapitalisInfo\/\",\"https:\/\/x.com\/KapitalisInfo\",\"https:\/\/www.youtube.com\/channel\/UC-yDYrHyfFBWWZaOw3FPg9Q\"]},{\"@type\":\"Person\",\"@id\":\"https:\/\/kapitalis.com\/tunisie\/#\/schema\/person\/d71f33a9ca44f7bad4698210b480c8e9\",\"name\":\"webmaster kapitalis\",\"url\":\"https:\/\/kapitalis.com\/tunisie\/author\/webmaster-kapitalis\/\"}]}<\/script>\n<!-- \/ Yoast SEO plugin. -->","yoast_head_json":{"title":"\u00c0 Gaza, Isra\u00ebl tue l\u2019enfance - Kapitalis","robots":{"index":"index","follow":"follow","max-snippet":"max-snippet:-1","max-image-preview":"max-image-preview:large","max-video-preview":"max-video-preview:-1"},"canonical":"https:\/\/kapitalis.com\/tunisie\/2024\/12\/24\/a-gaza-israel-tue-lenfance\/","og_locale":"fr_FR","og_type":"article","og_title":"\u00c0 Gaza, Isra\u00ebl tue l\u2019enfance - Kapitalis","og_description":"Le g\u00e9nocide que perp\u00e8tre Isra\u00ebl \u00e0 Gaza a broy\u00e9 des vies humaines et d\u00e9truit psychologiquement les Gazaouis et notamment les enfants.","og_url":"https:\/\/kapitalis.com\/tunisie\/2024\/12\/24\/a-gaza-israel-tue-lenfance\/","og_site_name":"Kapitalis","article_publisher":"https:\/\/www.facebook.com\/KapitalisInfo\/","article_published_time":"2024-12-24T07:16:47+00:00","article_modified_time":"2024-12-24T07:16:49+00:00","og_image":[{"width":1200,"height":630,"url":"https:\/\/kapitalis.com\/tunisie\/wp-content\/uploads\/2024\/12\/Enfant-Gaza.jpg","type":"image\/jpeg"}],"author":"webmaster kapitalis","twitter_card":"summary_large_image","twitter_creator":"@KapitalisInfo","twitter_site":"@KapitalisInfo","twitter_misc":{"\u00c9crit par":"webmaster kapitalis","Dur\u00e9e de lecture estim\u00e9e":"5 minutes"},"schema":{"@context":"https:\/\/schema.org","@graph":[{"@type":"Article","@id":"https:\/\/kapitalis.com\/tunisie\/2024\/12\/24\/a-gaza-israel-tue-lenfance\/#article","isPartOf":{"@id":"https:\/\/kapitalis.com\/tunisie\/2024\/12\/24\/a-gaza-israel-tue-lenfance\/"},"author":{"name":"webmaster kapitalis","@id":"https:\/\/kapitalis.com\/tunisie\/#\/schema\/person\/d71f33a9ca44f7bad4698210b480c8e9"},"headline":"\u00c0 Gaza, Isra\u00ebl tue l\u2019enfance","datePublished":"2024-12-24T07:16:47+00:00","dateModified":"2024-12-24T07:16:49+00:00","mainEntityOfPage":{"@id":"https:\/\/kapitalis.com\/tunisie\/2024\/12\/24\/a-gaza-israel-tue-lenfance\/"},"wordCount":974,"commentCount":0,"publisher":{"@id":"https:\/\/kapitalis.com\/tunisie\/#organization"},"image":{"@id":"https:\/\/kapitalis.com\/tunisie\/2024\/12\/24\/a-gaza-israel-tue-lenfance\/#primaryimage"},"thumbnailUrl":"https:\/\/kapitalis.com\/tunisie\/wp-content\/uploads\/2024\/12\/Enfant-Gaza.jpg","keywords":["enfants","Gaza","g\u00e9nocide","Isra\u00ebl","traumatismes psychologiques","Unicef","War Child"],"articleSection":["A LA UNE","POLITIQUE","SOCIETE","Tunisie"],"inLanguage":"fr-FR","potentialAction":[{"@type":"CommentAction","name":"Comment","target":["https:\/\/kapitalis.com\/tunisie\/2024\/12\/24\/a-gaza-israel-tue-lenfance\/#respond"]}]},{"@type":"WebPage","@id":"https:\/\/kapitalis.com\/tunisie\/2024\/12\/24\/a-gaza-israel-tue-lenfance\/","url":"https:\/\/kapitalis.com\/tunisie\/2024\/12\/24\/a-gaza-israel-tue-lenfance\/","name":"\u00c0 Gaza, Isra\u00ebl tue l\u2019enfance - Kapitalis","isPartOf":{"@id":"https:\/\/kapitalis.com\/tunisie\/#website"},"primaryImageOfPage":{"@id":"https:\/\/kapitalis.com\/tunisie\/2024\/12\/24\/a-gaza-israel-tue-lenfance\/#primaryimage"},"image":{"@id":"https:\/\/kapitalis.com\/tunisie\/2024\/12\/24\/a-gaza-israel-tue-lenfance\/#primaryimage"},"thumbnailUrl":"https:\/\/kapitalis.com\/tunisie\/wp-content\/uploads\/2024\/12\/Enfant-Gaza.jpg","datePublished":"2024-12-24T07:16:47+00:00","dateModified":"2024-12-24T07:16:49+00:00","breadcrumb":{"@id":"https:\/\/kapitalis.com\/tunisie\/2024\/12\/24\/a-gaza-israel-tue-lenfance\/#breadcrumb"},"inLanguage":"fr-FR","potentialAction":[{"@type":"ReadAction","target":["https:\/\/kapitalis.com\/tunisie\/2024\/12\/24\/a-gaza-israel-tue-lenfance\/"]}]},{"@type":"ImageObject","inLanguage":"fr-FR","@id":"https:\/\/kapitalis.com\/tunisie\/2024\/12\/24\/a-gaza-israel-tue-lenfance\/#primaryimage","url":"https:\/\/kapitalis.com\/tunisie\/wp-content\/uploads\/2024\/12\/Enfant-Gaza.jpg","contentUrl":"https:\/\/kapitalis.com\/tunisie\/wp-content\/uploads\/2024\/12\/Enfant-Gaza.jpg","width":1200,"height":630},{"@type":"BreadcrumbList","@id":"https:\/\/kapitalis.com\/tunisie\/2024\/12\/24\/a-gaza-israel-tue-lenfance\/#breadcrumb","itemListElement":[{"@type":"ListItem","position":1,"name":"Accueil","item":"https:\/\/kapitalis.com\/tunisie\/"},{"@type":"ListItem","position":2,"name":"\u00c0 Gaza, Isra\u00ebl tue l\u2019enfance"}]},{"@type":"WebSite","@id":"https:\/\/kapitalis.com\/tunisie\/#website","url":"https:\/\/kapitalis.com\/tunisie\/","name":"Kapitalis","description":"L&#039;actualit\u00e9 en Tunisie et dans le monde","publisher":{"@id":"https:\/\/kapitalis.com\/tunisie\/#organization"},"potentialAction":[{"@type":"SearchAction","target":{"@type":"EntryPoint","urlTemplate":"https:\/\/kapitalis.com\/tunisie\/?s={search_term_string}"},"query-input":{"@type":"PropertyValueSpecification","valueRequired":true,"valueName":"search_term_string"}}],"inLanguage":"fr-FR"},{"@type":"Organization","@id":"https:\/\/kapitalis.com\/tunisie\/#organization","name":"Kapitalis","url":"https:\/\/kapitalis.com\/tunisie\/","logo":{"@type":"ImageObject","inLanguage":"fr-FR","@id":"https:\/\/kapitalis.com\/tunisie\/#\/schema\/logo\/image\/","url":"https:\/\/kapitalis.com\/tunisie\/wp-content\/uploads\/2022\/05\/Kapitalis-big-size.png","contentUrl":"https:\/\/kapitalis.com\/tunisie\/wp-content\/uploads\/2022\/05\/Kapitalis-big-size.png","width":5000,"height":1500,"caption":"Kapitalis"},"image":{"@id":"https:\/\/kapitalis.com\/tunisie\/#\/schema\/logo\/image\/"},"sameAs":["https:\/\/www.facebook.com\/KapitalisInfo\/","https:\/\/x.com\/KapitalisInfo","https:\/\/www.youtube.com\/channel\/UC-yDYrHyfFBWWZaOw3FPg9Q"]},{"@type":"Person","@id":"https:\/\/kapitalis.com\/tunisie\/#\/schema\/person\/d71f33a9ca44f7bad4698210b480c8e9","name":"webmaster kapitalis","url":"https:\/\/kapitalis.com\/tunisie\/author\/webmaster-kapitalis\/"}]}},"_links":{"self":[{"href":"https:\/\/kapitalis.com\/tunisie\/wp-json\/wp\/v2\/posts\/14969671","targetHints":{"allow":["GET"]}}],"collection":[{"href":"https:\/\/kapitalis.com\/tunisie\/wp-json\/wp\/v2\/posts"}],"about":[{"href":"https:\/\/kapitalis.com\/tunisie\/wp-json\/wp\/v2\/types\/post"}],"author":[{"embeddable":true,"href":"https:\/\/kapitalis.com\/tunisie\/wp-json\/wp\/v2\/users\/8"}],"replies":[{"embeddable":true,"href":"https:\/\/kapitalis.com\/tunisie\/wp-json\/wp\/v2\/comments?post=14969671"}],"version-history":[{"count":1,"href":"https:\/\/kapitalis.com\/tunisie\/wp-json\/wp\/v2\/posts\/14969671\/revisions"}],"predecessor-version":[{"id":14969702,"href":"https:\/\/kapitalis.com\/tunisie\/wp-json\/wp\/v2\/posts\/14969671\/revisions\/14969702"}],"wp:featuredmedia":[{"embeddable":true,"href":"https:\/\/kapitalis.com\/tunisie\/wp-json\/wp\/v2\/media\/14969695"}],"wp:attachment":[{"href":"https:\/\/kapitalis.com\/tunisie\/wp-json\/wp\/v2\/media?parent=14969671"}],"wp:term":[{"taxonomy":"category","embeddable":true,"href":"https:\/\/kapitalis.com\/tunisie\/wp-json\/wp\/v2\/categories?post=14969671"},{"taxonomy":"post_tag","embeddable":true,"href":"https:\/\/kapitalis.com\/tunisie\/wp-json\/wp\/v2\/tags?post=14969671"}],"curies":[{"name":"wp","href":"https:\/\/api.w.org\/{rel}","templated":true}]}}