{"id":14992552,"date":"2024-12-27T00:10:41","date_gmt":"2024-12-26T23:10:41","guid":{"rendered":"https:\/\/kapitalis.com\/tunisie\/?p=14992552"},"modified":"2024-12-27T00:12:16","modified_gmt":"2024-12-26T23:12:16","slug":"tunis-vacances-vertes-au-belvedere-du-2-au-5-janvier-2025","status":"publish","type":"post","link":"https:\/\/kapitalis.com\/tunisie\/2024\/12\/27\/tunis-vacances-vertes-au-belvedere-du-2-au-5-janvier-2025\/","title":{"rendered":"Tunis : Vacances vertes au Belv\u00e9d\u00e8re du 2 au 5 janvier 2025"},"content":{"rendered":"\n<p><strong><em>L\u2019Association des amis du Belv\u00e9d\u00e8re propose un s\u00e9jour de loisir et de d\u00e9couverte pour Enfants (6\/8 ans et 9\/11ans) sur le th\u00e8me des graines o\u00f9 la nature sera la source de toutes les d\u00e9couvertes et de tous les \u00e9merveillements.<\/em><\/strong><\/p>\n\n\n\n<!--more-->\n\n\n\n<p>Durant quatre jours, soit du 2 au 5 janvier 2025, les enfants d\u00e9couvriront tout ce qu\u2019il faut savoir sur les semences, la protection des \u00e9cosyst\u00e8mes et la nutrition.<\/p>\n\n\n\n<p>Ils participeront \u00e9galement \u00e0 des ateliers cr\u00e9atifs et scientifiques, profiteront de sorties enrichissantes et assisteront \u00e0 des projections de film<\/p>\n\n\n\n<p><strong>Au programme :<\/strong><\/p>\n\n\n\n<ul class=\"wp-block-list\">\n<li>Exp\u00e9rimentation de semis et jardinage :<\/li>\n\n\n\n<li>Graines et cr\u00e9ations artistique<\/li>\n\n\n\n<li>OGM, Graines, sant\u00e9 et alimentation<\/li>\n<\/ul>\n\n\n\n<p>Ils s\u2019amuseront \u00e9galement \u00e0 pr\u00e9parer de d\u00e9licieuses recettes \u00e0 base de graines, tout en explorant les secrets d\u2019une cuisine saine et durable. Une exp\u00e9rience \u00e0 la fois enrichissante et savoureuse !<br>Tranche d&rsquo;\u00e2ge: deux groupes par tranche d&rsquo;\u00e2ge ( un groupe pour les 6\/8 ans et un groupe pour les 9\/11 ans) Les activit\u00e9s seront adapt\u00e9es \u00e0 chaque cat\u00e9gorie<\/p>\n\n\n\n<p><strong>Effectif<\/strong> : 18 enfants par groupe<br><strong>Lieu<\/strong>: le parc du Belv\u00e9d\u00e8re ( dans le parc du Belv\u00e9d\u00e8re, dans le jardin et le local de l\u2019AAB)<br><strong>Dates<\/strong>: du 2 au 5 janvier de 9h \u00e0 13h<br><strong>Direction<\/strong>: Emna Charfi et Thouraya Chahed,<br><strong>Frais de participation <\/strong>: ce programme est destin\u00e9 aux enfants des adh\u00e9rents de l\u2019AAB.<br><strong>Frais de participation<\/strong> : 80dt par enfant , cela inclut les frais d&rsquo;encadrement et d&rsquo;animation, mat\u00e9riel, assurance,<br><strong>Frais Adh\u00e9sion \u00e0 l\u2019AAB pour les parents :<\/strong> 20dt par an<\/p>\n\n\n\n<p class=\"has-text-align-right\"><strong>Communiqu\u00e9<\/strong><\/p>\n","protected":false},"excerpt":{"rendered":"<p>L\u2019Association des amis du Belv\u00e9d\u00e8re propose un s\u00e9jour de loisir et de d\u00e9couverte pour Enfants (6\/8 ans et 9\/11ans) sur le th\u00e8me des graines o\u00f9 la nature sera la source de toutes les d\u00e9couvertes et de tous les \u00e9merveillements.<\/p>\n","protected":false},"author":6,"featured_media":14992566,"comment_status":"open","ping_status":"open","sticky":false,"template":"","format":"standard","meta":{"footnotes":""},"categories":[998,2433],"tags":[89407,4569,321,119785,9387,119784],"class_list":["post-14992552","post","type-post","status-publish","format-standard","has-post-thumbnail","hentry","category-societe","category-tunisie","tag-association-des-amis-du-belvedere","tag-decouverte","tag-enfants","tag-loisir","tag-nature","tag-vacances-vertes"],"yoast_head":"<!-- This site is optimized with the Yoast SEO plugin v26.6 - https:\/\/yoast.com\/wordpress\/plugins\/seo\/ -->\n<title>Tunis : Vacances vertes au Belv\u00e9d\u00e8re du 2 au 5 janvier 2025 - Kapitalis<\/title>\n<meta name=\"robots\" content=\"index, follow, max-snippet:-1, max-image-preview:large, max-video-preview:-1\" \/>\n<link rel=\"canonical\" href=\"https:\/\/kapitalis.com\/tunisie\/2024\/12\/27\/tunis-vacances-vertes-au-belvedere-du-2-au-5-janvier-2025\/\" \/>\n<meta property=\"og:locale\" content=\"fr_FR\" \/>\n<meta property=\"og:type\" content=\"article\" \/>\n<meta property=\"og:title\" content=\"Tunis : Vacances vertes au Belv\u00e9d\u00e8re du 2 au 5 janvier 2025 - Kapitalis\" \/>\n<meta property=\"og:description\" content=\"L\u2019Association des amis du Belv\u00e9d\u00e8re propose un s\u00e9jour de loisir et de d\u00e9couverte pour Enfants (6\/8 ans et 9\/11ans) sur le th\u00e8me des graines o\u00f9 la nature sera la source de toutes les d\u00e9couvertes et de tous les \u00e9merveillements.\" \/>\n<meta property=\"og:url\" content=\"https:\/\/kapitalis.com\/tunisie\/2024\/12\/27\/tunis-vacances-vertes-au-belvedere-du-2-au-5-janvier-2025\/\" \/>\n<meta property=\"og:site_name\" content=\"Kapitalis\" \/>\n<meta property=\"article:publisher\" content=\"https:\/\/www.facebook.com\/KapitalisInfo\/\" \/>\n<meta property=\"article:published_time\" content=\"2024-12-26T23:10:41+00:00\" \/>\n<meta property=\"article:modified_time\" content=\"2024-12-26T23:12:16+00:00\" \/>\n<meta property=\"og:image\" content=\"https:\/\/kapitalis.com\/tunisie\/wp-content\/uploads\/2024\/12\/Vacances-vertes-au-Belvedere.jpg\" \/>\n\t<meta property=\"og:image:width\" content=\"1200\" \/>\n\t<meta property=\"og:image:height\" content=\"630\" \/>\n\t<meta property=\"og:image:type\" content=\"image\/jpeg\" \/>\n<meta name=\"author\" content=\"Yusra NY\" \/>\n<meta name=\"twitter:card\" content=\"summary_large_image\" \/>\n<meta name=\"twitter:creator\" content=\"@KapitalisInfo\" \/>\n<meta name=\"twitter:site\" content=\"@KapitalisInfo\" \/>\n<meta name=\"twitter:label1\" content=\"\u00c9crit par\" \/>\n\t<meta name=\"twitter:data1\" content=\"Yusra NY\" \/>\n\t<meta name=\"twitter:label2\" content=\"Dur\u00e9e de lecture estim\u00e9e\" \/>\n\t<meta name=\"twitter:data2\" content=\"2 minutes\" \/>\n<script type=\"application\/ld+json\" class=\"yoast-schema-graph\">{\"@context\":\"https:\/\/schema.org\",\"@graph\":[{\"@type\":\"Article\",\"@id\":\"https:\/\/kapitalis.com\/tunisie\/2024\/12\/27\/tunis-vacances-vertes-au-belvedere-du-2-au-5-janvier-2025\/#article\",\"isPartOf\":{\"@id\":\"https:\/\/kapitalis.com\/tunisie\/2024\/12\/27\/tunis-vacances-vertes-au-belvedere-du-2-au-5-janvier-2025\/\"},\"author\":{\"name\":\"Yusra NY\",\"@id\":\"https:\/\/kapitalis.com\/tunisie\/#\/schema\/person\/74bbde0154d49d790a92aaeac5bc01d5\"},\"headline\":\"Tunis : Vacances vertes au Belv\u00e9d\u00e8re du 2 au 5 janvier 2025\",\"datePublished\":\"2024-12-26T23:10:41+00:00\",\"dateModified\":\"2024-12-26T23:12:16+00:00\",\"mainEntityOfPage\":{\"@id\":\"https:\/\/kapitalis.com\/tunisie\/2024\/12\/27\/tunis-vacances-vertes-au-belvedere-du-2-au-5-janvier-2025\/\"},\"wordCount\":264,\"commentCount\":0,\"publisher\":{\"@id\":\"https:\/\/kapitalis.com\/tunisie\/#organization\"},\"image\":{\"@id\":\"https:\/\/kapitalis.com\/tunisie\/2024\/12\/27\/tunis-vacances-vertes-au-belvedere-du-2-au-5-janvier-2025\/#primaryimage\"},\"thumbnailUrl\":\"https:\/\/kapitalis.com\/tunisie\/wp-content\/uploads\/2024\/12\/Vacances-vertes-au-Belvedere.jpg\",\"keywords\":[\"Association des amis du Belv\u00e9d\u00e8re\",\"d\u00e9couverte\",\"enfants\",\"loisir\",\"nature\",\"Vacances vertes\"],\"articleSection\":[\"SOCIETE\",\"Tunisie\"],\"inLanguage\":\"fr-FR\",\"potentialAction\":[{\"@type\":\"CommentAction\",\"name\":\"Comment\",\"target\":[\"https:\/\/kapitalis.com\/tunisie\/2024\/12\/27\/tunis-vacances-vertes-au-belvedere-du-2-au-5-janvier-2025\/#respond\"]}]},{\"@type\":\"WebPage\",\"@id\":\"https:\/\/kapitalis.com\/tunisie\/2024\/12\/27\/tunis-vacances-vertes-au-belvedere-du-2-au-5-janvier-2025\/\",\"url\":\"https:\/\/kapitalis.com\/tunisie\/2024\/12\/27\/tunis-vacances-vertes-au-belvedere-du-2-au-5-janvier-2025\/\",\"name\":\"Tunis : Vacances vertes au Belv\u00e9d\u00e8re du 2 au 5 janvier 2025 - Kapitalis\",\"isPartOf\":{\"@id\":\"https:\/\/kapitalis.com\/tunisie\/#website\"},\"primaryImageOfPage\":{\"@id\":\"https:\/\/kapitalis.com\/tunisie\/2024\/12\/27\/tunis-vacances-vertes-au-belvedere-du-2-au-5-janvier-2025\/#primaryimage\"},\"image\":{\"@id\":\"https:\/\/kapitalis.com\/tunisie\/2024\/12\/27\/tunis-vacances-vertes-au-belvedere-du-2-au-5-janvier-2025\/#primaryimage\"},\"thumbnailUrl\":\"https:\/\/kapitalis.com\/tunisie\/wp-content\/uploads\/2024\/12\/Vacances-vertes-au-Belvedere.jpg\",\"datePublished\":\"2024-12-26T23:10:41+00:00\",\"dateModified\":\"2024-12-26T23:12:16+00:00\",\"breadcrumb\":{\"@id\":\"https:\/\/kapitalis.com\/tunisie\/2024\/12\/27\/tunis-vacances-vertes-au-belvedere-du-2-au-5-janvier-2025\/#breadcrumb\"},\"inLanguage\":\"fr-FR\",\"potentialAction\":[{\"@type\":\"ReadAction\",\"target\":[\"https:\/\/kapitalis.com\/tunisie\/2024\/12\/27\/tunis-vacances-vertes-au-belvedere-du-2-au-5-janvier-2025\/\"]}]},{\"@type\":\"ImageObject\",\"inLanguage\":\"fr-FR\",\"@id\":\"https:\/\/kapitalis.com\/tunisie\/2024\/12\/27\/tunis-vacances-vertes-au-belvedere-du-2-au-5-janvier-2025\/#primaryimage\",\"url\":\"https:\/\/kapitalis.com\/tunisie\/wp-content\/uploads\/2024\/12\/Vacances-vertes-au-Belvedere.jpg\",\"contentUrl\":\"https:\/\/kapitalis.com\/tunisie\/wp-content\/uploads\/2024\/12\/Vacances-vertes-au-Belvedere.jpg\",\"width\":1200,\"height\":630},{\"@type\":\"BreadcrumbList\",\"@id\":\"https:\/\/kapitalis.com\/tunisie\/2024\/12\/27\/tunis-vacances-vertes-au-belvedere-du-2-au-5-janvier-2025\/#breadcrumb\",\"itemListElement\":[{\"@type\":\"ListItem\",\"position\":1,\"name\":\"Accueil\",\"item\":\"https:\/\/kapitalis.com\/tunisie\/\"},{\"@type\":\"ListItem\",\"position\":2,\"name\":\"Tunis : Vacances vertes au Belv\u00e9d\u00e8re du 2 au 5 janvier 2025\"}]},{\"@type\":\"WebSite\",\"@id\":\"https:\/\/kapitalis.com\/tunisie\/#website\",\"url\":\"https:\/\/kapitalis.com\/tunisie\/\",\"name\":\"Kapitalis\",\"description\":\"L&#039;actualit\u00e9 en Tunisie et dans le monde\",\"publisher\":{\"@id\":\"https:\/\/kapitalis.com\/tunisie\/#organization\"},\"potentialAction\":[{\"@type\":\"SearchAction\",\"target\":{\"@type\":\"EntryPoint\",\"urlTemplate\":\"https:\/\/kapitalis.com\/tunisie\/?s={search_term_string}\"},\"query-input\":{\"@type\":\"PropertyValueSpecification\",\"valueRequired\":true,\"valueName\":\"search_term_string\"}}],\"inLanguage\":\"fr-FR\"},{\"@type\":\"Organization\",\"@id\":\"https:\/\/kapitalis.com\/tunisie\/#organization\",\"name\":\"Kapitalis\",\"url\":\"https:\/\/kapitalis.com\/tunisie\/\",\"logo\":{\"@type\":\"ImageObject\",\"inLanguage\":\"fr-FR\",\"@id\":\"https:\/\/kapitalis.com\/tunisie\/#\/schema\/logo\/image\/\",\"url\":\"https:\/\/kapitalis.com\/tunisie\/wp-content\/uploads\/2022\/05\/Kapitalis-big-size.png\",\"contentUrl\":\"https:\/\/kapitalis.com\/tunisie\/wp-content\/uploads\/2022\/05\/Kapitalis-big-size.png\",\"width\":5000,\"height\":1500,\"caption\":\"Kapitalis\"},\"image\":{\"@id\":\"https:\/\/kapitalis.com\/tunisie\/#\/schema\/logo\/image\/\"},\"sameAs\":[\"https:\/\/www.facebook.com\/KapitalisInfo\/\",\"https:\/\/x.com\/KapitalisInfo\",\"https:\/\/www.youtube.com\/channel\/UC-yDYrHyfFBWWZaOw3FPg9Q\"]},{\"@type\":\"Person\",\"@id\":\"https:\/\/kapitalis.com\/tunisie\/#\/schema\/person\/74bbde0154d49d790a92aaeac5bc01d5\",\"name\":\"Yusra NY\",\"url\":\"https:\/\/kapitalis.com\/tunisie\/author\/yuza_adam\/\"}]}<\/script>\n<!-- \/ Yoast SEO plugin. -->","yoast_head_json":{"title":"Tunis : Vacances vertes au Belv\u00e9d\u00e8re du 2 au 5 janvier 2025 - Kapitalis","robots":{"index":"index","follow":"follow","max-snippet":"max-snippet:-1","max-image-preview":"max-image-preview:large","max-video-preview":"max-video-preview:-1"},"canonical":"https:\/\/kapitalis.com\/tunisie\/2024\/12\/27\/tunis-vacances-vertes-au-belvedere-du-2-au-5-janvier-2025\/","og_locale":"fr_FR","og_type":"article","og_title":"Tunis : Vacances vertes au Belv\u00e9d\u00e8re du 2 au 5 janvier 2025 - Kapitalis","og_description":"L\u2019Association des amis du Belv\u00e9d\u00e8re propose un s\u00e9jour de loisir et de d\u00e9couverte pour Enfants (6\/8 ans et 9\/11ans) sur le th\u00e8me des graines o\u00f9 la nature sera la source de toutes les d\u00e9couvertes et de tous les \u00e9merveillements.","og_url":"https:\/\/kapitalis.com\/tunisie\/2024\/12\/27\/tunis-vacances-vertes-au-belvedere-du-2-au-5-janvier-2025\/","og_site_name":"Kapitalis","article_publisher":"https:\/\/www.facebook.com\/KapitalisInfo\/","article_published_time":"2024-12-26T23:10:41+00:00","article_modified_time":"2024-12-26T23:12:16+00:00","og_image":[{"width":1200,"height":630,"url":"https:\/\/kapitalis.com\/tunisie\/wp-content\/uploads\/2024\/12\/Vacances-vertes-au-Belvedere.jpg","type":"image\/jpeg"}],"author":"Yusra NY","twitter_card":"summary_large_image","twitter_creator":"@KapitalisInfo","twitter_site":"@KapitalisInfo","twitter_misc":{"\u00c9crit par":"Yusra NY","Dur\u00e9e de lecture estim\u00e9e":"2 minutes"},"schema":{"@context":"https:\/\/schema.org","@graph":[{"@type":"Article","@id":"https:\/\/kapitalis.com\/tunisie\/2024\/12\/27\/tunis-vacances-vertes-au-belvedere-du-2-au-5-janvier-2025\/#article","isPartOf":{"@id":"https:\/\/kapitalis.com\/tunisie\/2024\/12\/27\/tunis-vacances-vertes-au-belvedere-du-2-au-5-janvier-2025\/"},"author":{"name":"Yusra NY","@id":"https:\/\/kapitalis.com\/tunisie\/#\/schema\/person\/74bbde0154d49d790a92aaeac5bc01d5"},"headline":"Tunis : Vacances vertes au Belv\u00e9d\u00e8re du 2 au 5 janvier 2025","datePublished":"2024-12-26T23:10:41+00:00","dateModified":"2024-12-26T23:12:16+00:00","mainEntityOfPage":{"@id":"https:\/\/kapitalis.com\/tunisie\/2024\/12\/27\/tunis-vacances-vertes-au-belvedere-du-2-au-5-janvier-2025\/"},"wordCount":264,"commentCount":0,"publisher":{"@id":"https:\/\/kapitalis.com\/tunisie\/#organization"},"image":{"@id":"https:\/\/kapitalis.com\/tunisie\/2024\/12\/27\/tunis-vacances-vertes-au-belvedere-du-2-au-5-janvier-2025\/#primaryimage"},"thumbnailUrl":"https:\/\/kapitalis.com\/tunisie\/wp-content\/uploads\/2024\/12\/Vacances-vertes-au-Belvedere.jpg","keywords":["Association des amis du Belv\u00e9d\u00e8re","d\u00e9couverte","enfants","loisir","nature","Vacances vertes"],"articleSection":["SOCIETE","Tunisie"],"inLanguage":"fr-FR","potentialAction":[{"@type":"CommentAction","name":"Comment","target":["https:\/\/kapitalis.com\/tunisie\/2024\/12\/27\/tunis-vacances-vertes-au-belvedere-du-2-au-5-janvier-2025\/#respond"]}]},{"@type":"WebPage","@id":"https:\/\/kapitalis.com\/tunisie\/2024\/12\/27\/tunis-vacances-vertes-au-belvedere-du-2-au-5-janvier-2025\/","url":"https:\/\/kapitalis.com\/tunisie\/2024\/12\/27\/tunis-vacances-vertes-au-belvedere-du-2-au-5-janvier-2025\/","name":"Tunis : Vacances vertes au Belv\u00e9d\u00e8re du 2 au 5 janvier 2025 - Kapitalis","isPartOf":{"@id":"https:\/\/kapitalis.com\/tunisie\/#website"},"primaryImageOfPage":{"@id":"https:\/\/kapitalis.com\/tunisie\/2024\/12\/27\/tunis-vacances-vertes-au-belvedere-du-2-au-5-janvier-2025\/#primaryimage"},"image":{"@id":"https:\/\/kapitalis.com\/tunisie\/2024\/12\/27\/tunis-vacances-vertes-au-belvedere-du-2-au-5-janvier-2025\/#primaryimage"},"thumbnailUrl":"https:\/\/kapitalis.com\/tunisie\/wp-content\/uploads\/2024\/12\/Vacances-vertes-au-Belvedere.jpg","datePublished":"2024-12-26T23:10:41+00:00","dateModified":"2024-12-26T23:12:16+00:00","breadcrumb":{"@id":"https:\/\/kapitalis.com\/tunisie\/2024\/12\/27\/tunis-vacances-vertes-au-belvedere-du-2-au-5-janvier-2025\/#breadcrumb"},"inLanguage":"fr-FR","potentialAction":[{"@type":"ReadAction","target":["https:\/\/kapitalis.com\/tunisie\/2024\/12\/27\/tunis-vacances-vertes-au-belvedere-du-2-au-5-janvier-2025\/"]}]},{"@type":"ImageObject","inLanguage":"fr-FR","@id":"https:\/\/kapitalis.com\/tunisie\/2024\/12\/27\/tunis-vacances-vertes-au-belvedere-du-2-au-5-janvier-2025\/#primaryimage","url":"https:\/\/kapitalis.com\/tunisie\/wp-content\/uploads\/2024\/12\/Vacances-vertes-au-Belvedere.jpg","contentUrl":"https:\/\/kapitalis.com\/tunisie\/wp-content\/uploads\/2024\/12\/Vacances-vertes-au-Belvedere.jpg","width":1200,"height":630},{"@type":"BreadcrumbList","@id":"https:\/\/kapitalis.com\/tunisie\/2024\/12\/27\/tunis-vacances-vertes-au-belvedere-du-2-au-5-janvier-2025\/#breadcrumb","itemListElement":[{"@type":"ListItem","position":1,"name":"Accueil","item":"https:\/\/kapitalis.com\/tunisie\/"},{"@type":"ListItem","position":2,"name":"Tunis : Vacances vertes au Belv\u00e9d\u00e8re du 2 au 5 janvier 2025"}]},{"@type":"WebSite","@id":"https:\/\/kapitalis.com\/tunisie\/#website","url":"https:\/\/kapitalis.com\/tunisie\/","name":"Kapitalis","description":"L&#039;actualit\u00e9 en Tunisie et dans le monde","publisher":{"@id":"https:\/\/kapitalis.com\/tunisie\/#organization"},"potentialAction":[{"@type":"SearchAction","target":{"@type":"EntryPoint","urlTemplate":"https:\/\/kapitalis.com\/tunisie\/?s={search_term_string}"},"query-input":{"@type":"PropertyValueSpecification","valueRequired":true,"valueName":"search_term_string"}}],"inLanguage":"fr-FR"},{"@type":"Organization","@id":"https:\/\/kapitalis.com\/tunisie\/#organization","name":"Kapitalis","url":"https:\/\/kapitalis.com\/tunisie\/","logo":{"@type":"ImageObject","inLanguage":"fr-FR","@id":"https:\/\/kapitalis.com\/tunisie\/#\/schema\/logo\/image\/","url":"https:\/\/kapitalis.com\/tunisie\/wp-content\/uploads\/2022\/05\/Kapitalis-big-size.png","contentUrl":"https:\/\/kapitalis.com\/tunisie\/wp-content\/uploads\/2022\/05\/Kapitalis-big-size.png","width":5000,"height":1500,"caption":"Kapitalis"},"image":{"@id":"https:\/\/kapitalis.com\/tunisie\/#\/schema\/logo\/image\/"},"sameAs":["https:\/\/www.facebook.com\/KapitalisInfo\/","https:\/\/x.com\/KapitalisInfo","https:\/\/www.youtube.com\/channel\/UC-yDYrHyfFBWWZaOw3FPg9Q"]},{"@type":"Person","@id":"https:\/\/kapitalis.com\/tunisie\/#\/schema\/person\/74bbde0154d49d790a92aaeac5bc01d5","name":"Yusra NY","url":"https:\/\/kapitalis.com\/tunisie\/author\/yuza_adam\/"}]}},"_links":{"self":[{"href":"https:\/\/kapitalis.com\/tunisie\/wp-json\/wp\/v2\/posts\/14992552","targetHints":{"allow":["GET"]}}],"collection":[{"href":"https:\/\/kapitalis.com\/tunisie\/wp-json\/wp\/v2\/posts"}],"about":[{"href":"https:\/\/kapitalis.com\/tunisie\/wp-json\/wp\/v2\/types\/post"}],"author":[{"embeddable":true,"href":"https:\/\/kapitalis.com\/tunisie\/wp-json\/wp\/v2\/users\/6"}],"replies":[{"embeddable":true,"href":"https:\/\/kapitalis.com\/tunisie\/wp-json\/wp\/v2\/comments?post=14992552"}],"version-history":[{"count":1,"href":"https:\/\/kapitalis.com\/tunisie\/wp-json\/wp\/v2\/posts\/14992552\/revisions"}],"predecessor-version":[{"id":14992569,"href":"https:\/\/kapitalis.com\/tunisie\/wp-json\/wp\/v2\/posts\/14992552\/revisions\/14992569"}],"wp:featuredmedia":[{"embeddable":true,"href":"https:\/\/kapitalis.com\/tunisie\/wp-json\/wp\/v2\/media\/14992566"}],"wp:attachment":[{"href":"https:\/\/kapitalis.com\/tunisie\/wp-json\/wp\/v2\/media?parent=14992552"}],"wp:term":[{"taxonomy":"category","embeddable":true,"href":"https:\/\/kapitalis.com\/tunisie\/wp-json\/wp\/v2\/categories?post=14992552"},{"taxonomy":"post_tag","embeddable":true,"href":"https:\/\/kapitalis.com\/tunisie\/wp-json\/wp\/v2\/tags?post=14992552"}],"curies":[{"name":"wp","href":"https:\/\/api.w.org\/{rel}","templated":true}]}}