{"id":150060,"date":"2018-04-21T14:18:41","date_gmt":"2018-04-21T13:18:41","guid":{"rendered":"http:\/\/kapitalis.com\/tunisie\/?p=150060"},"modified":"2018-04-21T14:18:41","modified_gmt":"2018-04-21T13:18:41","slug":"tunisie-rochdi-belgasmi-jai-recu-des-menaces-de-mort","status":"publish","type":"post","link":"https:\/\/kapitalis.com\/tunisie\/2018\/04\/21\/tunisie-rochdi-belgasmi-jai-recu-des-menaces-de-mort\/","title":{"rendered":"Tunisie-Rochdi Belgasmi : \u00abJ&rsquo;ai re\u00e7u des menaces de mort\u00bb"},"content":{"rendered":"<p style=\"text-align: center;\"><img loading=\"lazy\" decoding=\"async\" class=\"alignnone size-full wp-image-150068\" src=\"http:\/\/kapitalis.com\/tunisie\/wp-content\/uploads\/2018\/04\/Belgasmi-Rochdi.jpg\" alt=\"\" width=\"626\" height=\"380\" \/><\/p>\n<p style=\"text-align: center;\"><em>Capture d&rsquo;\u00e9cran.<\/em><\/p>\n<p><em><strong>Le danseur tunisien Rochdi Belgasmi a indiqu\u00e9 avoir re\u00e7u des menaces de mort suite au r\u00f4le qu&rsquo;il a jou\u00e9 dans le long-m\u00e9trage \u00ab\u00a0L&rsquo;amour des hommes\u00a0\u00bb, r\u00e9alis\u00e9 par Mehdi Ben Attia.<\/strong><\/em><\/p>\n<p><!--more--><\/p>\n<p>Dans une d\u00e9claration \u00e0 Mosa\u00efque FM, aujourd&rsquo;hui, samedi 21 avril 2018, Rochdi Belgasmi a indiqu\u00e9 que des inconnus l&rsquo;ont menac\u00e9 de mort pour avoir pris part au film \u00ab\u00a0<em>L&rsquo;amour des hommes<\/em>\u00ab\u00a0, en salles depuis quelques jours, assurant qu&rsquo;il a port\u00e9 plainte aupr\u00e8s de la police.<\/p>\n<p>\u00ab<em>Dans mon travail d&rsquo;artiste, je rencontre un certain nombre de difficult\u00e9s. Je ne plierai pas face aux menaces et je poursuivrai ce que je fais en ce moment<\/em>\u00bb, a-t-il indiqu\u00e9, assurant qu&rsquo;il ne regrette pas d&rsquo;avoir jou\u00e9 un r\u00f4le dans ce film.<\/p>\n<p>Notons que le sujet de ce long-m\u00e9trage (l&rsquo;amour d&rsquo;une femme pour les hommes) fait pol\u00e9mique, ainsi\u00a0que son affiche initiale jug\u00e9e pornographique par certains, alors qu&rsquo;elle ne contient aucune forme de nudit\u00e9. Elle a d&rsquo;ailleurs \u00e9t\u00e9 chang\u00e9e avant la sortie tunisienne du film&#8230; \u00e0 la demande de l&rsquo;agence publicitaire charg\u00e9e de l&rsquo;affichage urbain, qui consid\u00e9rait\u00a0qu&rsquo;elle ne correspondait pas aux normes habituelles.<\/p>\n<p style=\"text-align: right;\"><strong>E. B. A.<\/strong><\/p>\n<blockquote class=\"wp-embedded-content\" data-secret=\"8BLoOY1LPa\"><p><a href=\"https:\/\/kapitalis.com\/tunisie\/2018\/04\/20\/precisions-sur-la-censure-de-laffiche-du-film-lamour-des-hommes\/\">Pr\u00e9cisions sur la censure de l\u2019affiche du film \u00ab\u00a0L\u2019amour des hommes\u00a0\u00bb<\/a><\/p><\/blockquote>\n<p><iframe loading=\"lazy\" class=\"wp-embedded-content\" sandbox=\"allow-scripts\" security=\"restricted\" style=\"position: absolute; clip: rect(1px, 1px, 1px, 1px);\" title=\"\u00ab\u00a0Pr\u00e9cisions sur la censure de l\u2019affiche du film \u00ab\u00a0L\u2019amour des hommes\u00a0\u00bb\u00a0\u00bb &#8212; Kapitalis\" src=\"https:\/\/kapitalis.com\/tunisie\/2018\/04\/20\/precisions-sur-la-censure-de-laffiche-du-film-lamour-des-hommes\/embed\/#?secret=jhXmQ9c1RL#?secret=8BLoOY1LPa\" data-secret=\"8BLoOY1LPa\" width=\"600\" height=\"338\" frameborder=\"0\" marginwidth=\"0\" marginheight=\"0\" scrolling=\"no\"><\/iframe><\/p>\n<blockquote class=\"wp-embedded-content\" data-secret=\"6f4uY5uTJ3\"><p><a href=\"https:\/\/kapitalis.com\/tunisie\/2017\/07\/14\/carthage-rochdi-belgasmi-fait-rougir-les-deputes-dennahdha\/\">Carthage : Rochdi Belgasmi fait rougir des dirigeants d&rsquo;Ennahdha<\/a><\/p><\/blockquote>\n<p><iframe loading=\"lazy\" class=\"wp-embedded-content\" sandbox=\"allow-scripts\" security=\"restricted\" style=\"position: absolute; clip: rect(1px, 1px, 1px, 1px);\" title=\"\u00ab\u00a0Carthage : Rochdi Belgasmi fait rougir des dirigeants d&rsquo;Ennahdha\u00a0\u00bb &#8212; Kapitalis\" src=\"https:\/\/kapitalis.com\/tunisie\/2017\/07\/14\/carthage-rochdi-belgasmi-fait-rougir-les-deputes-dennahdha\/embed\/#?secret=BHEJnpt2Bg#?secret=6f4uY5uTJ3\" data-secret=\"6f4uY5uTJ3\" width=\"600\" height=\"338\" frameborder=\"0\" marginwidth=\"0\" marginheight=\"0\" scrolling=\"no\"><\/iframe><\/p>\n","protected":false},"excerpt":{"rendered":"<p>Capture d&rsquo;\u00e9cran. Le danseur tunisien Rochdi Belgasmi a indiqu\u00e9 avoir re\u00e7u des menaces de mort suite au r\u00f4le qu&rsquo;il a jou\u00e9 dans le long-m\u00e9trage \u00ab\u00a0L&rsquo;amour des hommes\u00a0\u00bb, r\u00e9alis\u00e9 par Mehdi Ben Attia.<\/p>\n","protected":false},"author":16,"featured_media":150065,"comment_status":"open","ping_status":"open","sticky":false,"template":"","format":"standard","meta":{"footnotes":""},"categories":[994,2433],"tags":[11494,38094,36784,27614],"class_list":["post-150060","post","type-post","status-publish","format-standard","has-post-thumbnail","hentry","category-culture","category-tunisie","tag-affiche","tag-lamour-des-hommes","tag-mehdi-ben-attia","tag-rochdi-belgasmi"],"yoast_head":"<!-- This site is optimized with the Yoast SEO plugin v26.6 - https:\/\/yoast.com\/wordpress\/plugins\/seo\/ -->\n<title>Tunisie-Rochdi Belgasmi : \u00abJ&#039;ai re\u00e7u des menaces de mort\u00bb - Kapitalis<\/title>\n<meta name=\"robots\" content=\"index, follow, max-snippet:-1, max-image-preview:large, max-video-preview:-1\" \/>\n<link rel=\"canonical\" href=\"https:\/\/kapitalis.com\/tunisie\/2018\/04\/21\/tunisie-rochdi-belgasmi-jai-recu-des-menaces-de-mort\/\" \/>\n<meta property=\"og:locale\" content=\"fr_FR\" \/>\n<meta property=\"og:type\" content=\"article\" \/>\n<meta property=\"og:title\" content=\"Tunisie-Rochdi Belgasmi : \u00abJ&#039;ai re\u00e7u des menaces de mort\u00bb - Kapitalis\" \/>\n<meta property=\"og:description\" content=\"Capture d&rsquo;\u00e9cran. Le danseur tunisien Rochdi Belgasmi a indiqu\u00e9 avoir re\u00e7u des menaces de mort suite au r\u00f4le qu&rsquo;il a jou\u00e9 dans le long-m\u00e9trage \u00ab\u00a0L&rsquo;amour des hommes\u00a0\u00bb, r\u00e9alis\u00e9 par Mehdi Ben Attia.\" \/>\n<meta property=\"og:url\" content=\"https:\/\/kapitalis.com\/tunisie\/2018\/04\/21\/tunisie-rochdi-belgasmi-jai-recu-des-menaces-de-mort\/\" \/>\n<meta property=\"og:site_name\" content=\"Kapitalis\" \/>\n<meta property=\"article:publisher\" content=\"https:\/\/www.facebook.com\/KapitalisInfo\/\" \/>\n<meta property=\"article:published_time\" content=\"2018-04-21T13:18:41+00:00\" \/>\n<meta property=\"og:image\" content=\"https:\/\/kapitalis.com\/tunisie\/wp-content\/uploads\/2022\/05\/kapitalis-logo-fb.png\" \/>\n\t<meta property=\"og:image:width\" content=\"1200\" \/>\n\t<meta property=\"og:image:height\" content=\"630\" \/>\n\t<meta property=\"og:image:type\" content=\"image\/png\" \/>\n<meta name=\"author\" content=\"emna benabdallah\" \/>\n<meta name=\"twitter:card\" content=\"summary_large_image\" \/>\n<meta name=\"twitter:creator\" content=\"@KapitalisInfo\" \/>\n<meta name=\"twitter:site\" content=\"@KapitalisInfo\" \/>\n<meta name=\"twitter:label1\" content=\"\u00c9crit par\" \/>\n\t<meta name=\"twitter:data1\" content=\"emna benabdallah\" \/>\n\t<meta name=\"twitter:label2\" content=\"Dur\u00e9e de lecture estim\u00e9e\" \/>\n\t<meta name=\"twitter:data2\" content=\"1 minute\" \/>\n<script type=\"application\/ld+json\" class=\"yoast-schema-graph\">{\"@context\":\"https:\/\/schema.org\",\"@graph\":[{\"@type\":\"Article\",\"@id\":\"https:\/\/kapitalis.com\/tunisie\/2018\/04\/21\/tunisie-rochdi-belgasmi-jai-recu-des-menaces-de-mort\/#article\",\"isPartOf\":{\"@id\":\"https:\/\/kapitalis.com\/tunisie\/2018\/04\/21\/tunisie-rochdi-belgasmi-jai-recu-des-menaces-de-mort\/\"},\"author\":{\"name\":\"emna benabdallah\",\"@id\":\"https:\/\/kapitalis.com\/tunisie\/#\/schema\/person\/2c6e134b2f3369dffcd1daf5f087d28b\"},\"headline\":\"Tunisie-Rochdi Belgasmi : \u00abJ&rsquo;ai re\u00e7u des menaces de mort\u00bb\",\"datePublished\":\"2018-04-21T13:18:41+00:00\",\"mainEntityOfPage\":{\"@id\":\"https:\/\/kapitalis.com\/tunisie\/2018\/04\/21\/tunisie-rochdi-belgasmi-jai-recu-des-menaces-de-mort\/\"},\"wordCount\":215,\"commentCount\":2,\"publisher\":{\"@id\":\"https:\/\/kapitalis.com\/tunisie\/#organization\"},\"image\":{\"@id\":\"https:\/\/kapitalis.com\/tunisie\/2018\/04\/21\/tunisie-rochdi-belgasmi-jai-recu-des-menaces-de-mort\/#primaryimage\"},\"thumbnailUrl\":\"\",\"keywords\":[\"affiche\",\"L'amour des hommes\",\"Mehdi Ben Attia\",\"Rochdi Belgasmi\"],\"articleSection\":[\"CULTURE\",\"Tunisie\"],\"inLanguage\":\"fr-FR\",\"potentialAction\":[{\"@type\":\"CommentAction\",\"name\":\"Comment\",\"target\":[\"https:\/\/kapitalis.com\/tunisie\/2018\/04\/21\/tunisie-rochdi-belgasmi-jai-recu-des-menaces-de-mort\/#respond\"]}]},{\"@type\":\"WebPage\",\"@id\":\"https:\/\/kapitalis.com\/tunisie\/2018\/04\/21\/tunisie-rochdi-belgasmi-jai-recu-des-menaces-de-mort\/\",\"url\":\"https:\/\/kapitalis.com\/tunisie\/2018\/04\/21\/tunisie-rochdi-belgasmi-jai-recu-des-menaces-de-mort\/\",\"name\":\"Tunisie-Rochdi Belgasmi : \u00abJ'ai re\u00e7u des menaces de mort\u00bb - Kapitalis\",\"isPartOf\":{\"@id\":\"https:\/\/kapitalis.com\/tunisie\/#website\"},\"primaryImageOfPage\":{\"@id\":\"https:\/\/kapitalis.com\/tunisie\/2018\/04\/21\/tunisie-rochdi-belgasmi-jai-recu-des-menaces-de-mort\/#primaryimage\"},\"image\":{\"@id\":\"https:\/\/kapitalis.com\/tunisie\/2018\/04\/21\/tunisie-rochdi-belgasmi-jai-recu-des-menaces-de-mort\/#primaryimage\"},\"thumbnailUrl\":\"\",\"datePublished\":\"2018-04-21T13:18:41+00:00\",\"breadcrumb\":{\"@id\":\"https:\/\/kapitalis.com\/tunisie\/2018\/04\/21\/tunisie-rochdi-belgasmi-jai-recu-des-menaces-de-mort\/#breadcrumb\"},\"inLanguage\":\"fr-FR\",\"potentialAction\":[{\"@type\":\"ReadAction\",\"target\":[\"https:\/\/kapitalis.com\/tunisie\/2018\/04\/21\/tunisie-rochdi-belgasmi-jai-recu-des-menaces-de-mort\/\"]}]},{\"@type\":\"ImageObject\",\"inLanguage\":\"fr-FR\",\"@id\":\"https:\/\/kapitalis.com\/tunisie\/2018\/04\/21\/tunisie-rochdi-belgasmi-jai-recu-des-menaces-de-mort\/#primaryimage\",\"url\":\"\",\"contentUrl\":\"\"},{\"@type\":\"BreadcrumbList\",\"@id\":\"https:\/\/kapitalis.com\/tunisie\/2018\/04\/21\/tunisie-rochdi-belgasmi-jai-recu-des-menaces-de-mort\/#breadcrumb\",\"itemListElement\":[{\"@type\":\"ListItem\",\"position\":1,\"name\":\"Accueil\",\"item\":\"https:\/\/kapitalis.com\/tunisie\/\"},{\"@type\":\"ListItem\",\"position\":2,\"name\":\"Tunisie-Rochdi Belgasmi : \u00abJ&rsquo;ai re\u00e7u des menaces de mort\u00bb\"}]},{\"@type\":\"WebSite\",\"@id\":\"https:\/\/kapitalis.com\/tunisie\/#website\",\"url\":\"https:\/\/kapitalis.com\/tunisie\/\",\"name\":\"Kapitalis\",\"description\":\"L&#039;actualit\u00e9 en Tunisie et dans le monde\",\"publisher\":{\"@id\":\"https:\/\/kapitalis.com\/tunisie\/#organization\"},\"potentialAction\":[{\"@type\":\"SearchAction\",\"target\":{\"@type\":\"EntryPoint\",\"urlTemplate\":\"https:\/\/kapitalis.com\/tunisie\/?s={search_term_string}\"},\"query-input\":{\"@type\":\"PropertyValueSpecification\",\"valueRequired\":true,\"valueName\":\"search_term_string\"}}],\"inLanguage\":\"fr-FR\"},{\"@type\":\"Organization\",\"@id\":\"https:\/\/kapitalis.com\/tunisie\/#organization\",\"name\":\"Kapitalis\",\"url\":\"https:\/\/kapitalis.com\/tunisie\/\",\"logo\":{\"@type\":\"ImageObject\",\"inLanguage\":\"fr-FR\",\"@id\":\"https:\/\/kapitalis.com\/tunisie\/#\/schema\/logo\/image\/\",\"url\":\"https:\/\/kapitalis.com\/tunisie\/wp-content\/uploads\/2022\/05\/Kapitalis-big-size.png\",\"contentUrl\":\"https:\/\/kapitalis.com\/tunisie\/wp-content\/uploads\/2022\/05\/Kapitalis-big-size.png\",\"width\":5000,\"height\":1500,\"caption\":\"Kapitalis\"},\"image\":{\"@id\":\"https:\/\/kapitalis.com\/tunisie\/#\/schema\/logo\/image\/\"},\"sameAs\":[\"https:\/\/www.facebook.com\/KapitalisInfo\/\",\"https:\/\/x.com\/KapitalisInfo\",\"https:\/\/www.youtube.com\/channel\/UC-yDYrHyfFBWWZaOw3FPg9Q\"]},{\"@type\":\"Person\",\"@id\":\"https:\/\/kapitalis.com\/tunisie\/#\/schema\/person\/2c6e134b2f3369dffcd1daf5f087d28b\",\"name\":\"emna benabdallah\",\"url\":\"https:\/\/kapitalis.com\/tunisie\/author\/emna\/\"}]}<\/script>\n<!-- \/ Yoast SEO plugin. -->","yoast_head_json":{"title":"Tunisie-Rochdi Belgasmi : \u00abJ'ai re\u00e7u des menaces de mort\u00bb - Kapitalis","robots":{"index":"index","follow":"follow","max-snippet":"max-snippet:-1","max-image-preview":"max-image-preview:large","max-video-preview":"max-video-preview:-1"},"canonical":"https:\/\/kapitalis.com\/tunisie\/2018\/04\/21\/tunisie-rochdi-belgasmi-jai-recu-des-menaces-de-mort\/","og_locale":"fr_FR","og_type":"article","og_title":"Tunisie-Rochdi Belgasmi : \u00abJ'ai re\u00e7u des menaces de mort\u00bb - Kapitalis","og_description":"Capture d&rsquo;\u00e9cran. Le danseur tunisien Rochdi Belgasmi a indiqu\u00e9 avoir re\u00e7u des menaces de mort suite au r\u00f4le qu&rsquo;il a jou\u00e9 dans le long-m\u00e9trage \u00ab\u00a0L&rsquo;amour des hommes\u00a0\u00bb, r\u00e9alis\u00e9 par Mehdi Ben Attia.","og_url":"https:\/\/kapitalis.com\/tunisie\/2018\/04\/21\/tunisie-rochdi-belgasmi-jai-recu-des-menaces-de-mort\/","og_site_name":"Kapitalis","article_publisher":"https:\/\/www.facebook.com\/KapitalisInfo\/","article_published_time":"2018-04-21T13:18:41+00:00","og_image":[{"width":1200,"height":630,"url":"https:\/\/kapitalis.com\/tunisie\/wp-content\/uploads\/2022\/05\/kapitalis-logo-fb.png","type":"image\/png"}],"author":"emna benabdallah","twitter_card":"summary_large_image","twitter_creator":"@KapitalisInfo","twitter_site":"@KapitalisInfo","twitter_misc":{"\u00c9crit par":"emna benabdallah","Dur\u00e9e de lecture estim\u00e9e":"1 minute"},"schema":{"@context":"https:\/\/schema.org","@graph":[{"@type":"Article","@id":"https:\/\/kapitalis.com\/tunisie\/2018\/04\/21\/tunisie-rochdi-belgasmi-jai-recu-des-menaces-de-mort\/#article","isPartOf":{"@id":"https:\/\/kapitalis.com\/tunisie\/2018\/04\/21\/tunisie-rochdi-belgasmi-jai-recu-des-menaces-de-mort\/"},"author":{"name":"emna benabdallah","@id":"https:\/\/kapitalis.com\/tunisie\/#\/schema\/person\/2c6e134b2f3369dffcd1daf5f087d28b"},"headline":"Tunisie-Rochdi Belgasmi : \u00abJ&rsquo;ai re\u00e7u des menaces de mort\u00bb","datePublished":"2018-04-21T13:18:41+00:00","mainEntityOfPage":{"@id":"https:\/\/kapitalis.com\/tunisie\/2018\/04\/21\/tunisie-rochdi-belgasmi-jai-recu-des-menaces-de-mort\/"},"wordCount":215,"commentCount":2,"publisher":{"@id":"https:\/\/kapitalis.com\/tunisie\/#organization"},"image":{"@id":"https:\/\/kapitalis.com\/tunisie\/2018\/04\/21\/tunisie-rochdi-belgasmi-jai-recu-des-menaces-de-mort\/#primaryimage"},"thumbnailUrl":"","keywords":["affiche","L'amour des hommes","Mehdi Ben Attia","Rochdi Belgasmi"],"articleSection":["CULTURE","Tunisie"],"inLanguage":"fr-FR","potentialAction":[{"@type":"CommentAction","name":"Comment","target":["https:\/\/kapitalis.com\/tunisie\/2018\/04\/21\/tunisie-rochdi-belgasmi-jai-recu-des-menaces-de-mort\/#respond"]}]},{"@type":"WebPage","@id":"https:\/\/kapitalis.com\/tunisie\/2018\/04\/21\/tunisie-rochdi-belgasmi-jai-recu-des-menaces-de-mort\/","url":"https:\/\/kapitalis.com\/tunisie\/2018\/04\/21\/tunisie-rochdi-belgasmi-jai-recu-des-menaces-de-mort\/","name":"Tunisie-Rochdi Belgasmi : \u00abJ'ai re\u00e7u des menaces de mort\u00bb - Kapitalis","isPartOf":{"@id":"https:\/\/kapitalis.com\/tunisie\/#website"},"primaryImageOfPage":{"@id":"https:\/\/kapitalis.com\/tunisie\/2018\/04\/21\/tunisie-rochdi-belgasmi-jai-recu-des-menaces-de-mort\/#primaryimage"},"image":{"@id":"https:\/\/kapitalis.com\/tunisie\/2018\/04\/21\/tunisie-rochdi-belgasmi-jai-recu-des-menaces-de-mort\/#primaryimage"},"thumbnailUrl":"","datePublished":"2018-04-21T13:18:41+00:00","breadcrumb":{"@id":"https:\/\/kapitalis.com\/tunisie\/2018\/04\/21\/tunisie-rochdi-belgasmi-jai-recu-des-menaces-de-mort\/#breadcrumb"},"inLanguage":"fr-FR","potentialAction":[{"@type":"ReadAction","target":["https:\/\/kapitalis.com\/tunisie\/2018\/04\/21\/tunisie-rochdi-belgasmi-jai-recu-des-menaces-de-mort\/"]}]},{"@type":"ImageObject","inLanguage":"fr-FR","@id":"https:\/\/kapitalis.com\/tunisie\/2018\/04\/21\/tunisie-rochdi-belgasmi-jai-recu-des-menaces-de-mort\/#primaryimage","url":"","contentUrl":""},{"@type":"BreadcrumbList","@id":"https:\/\/kapitalis.com\/tunisie\/2018\/04\/21\/tunisie-rochdi-belgasmi-jai-recu-des-menaces-de-mort\/#breadcrumb","itemListElement":[{"@type":"ListItem","position":1,"name":"Accueil","item":"https:\/\/kapitalis.com\/tunisie\/"},{"@type":"ListItem","position":2,"name":"Tunisie-Rochdi Belgasmi : \u00abJ&rsquo;ai re\u00e7u des menaces de mort\u00bb"}]},{"@type":"WebSite","@id":"https:\/\/kapitalis.com\/tunisie\/#website","url":"https:\/\/kapitalis.com\/tunisie\/","name":"Kapitalis","description":"L&#039;actualit\u00e9 en Tunisie et dans le monde","publisher":{"@id":"https:\/\/kapitalis.com\/tunisie\/#organization"},"potentialAction":[{"@type":"SearchAction","target":{"@type":"EntryPoint","urlTemplate":"https:\/\/kapitalis.com\/tunisie\/?s={search_term_string}"},"query-input":{"@type":"PropertyValueSpecification","valueRequired":true,"valueName":"search_term_string"}}],"inLanguage":"fr-FR"},{"@type":"Organization","@id":"https:\/\/kapitalis.com\/tunisie\/#organization","name":"Kapitalis","url":"https:\/\/kapitalis.com\/tunisie\/","logo":{"@type":"ImageObject","inLanguage":"fr-FR","@id":"https:\/\/kapitalis.com\/tunisie\/#\/schema\/logo\/image\/","url":"https:\/\/kapitalis.com\/tunisie\/wp-content\/uploads\/2022\/05\/Kapitalis-big-size.png","contentUrl":"https:\/\/kapitalis.com\/tunisie\/wp-content\/uploads\/2022\/05\/Kapitalis-big-size.png","width":5000,"height":1500,"caption":"Kapitalis"},"image":{"@id":"https:\/\/kapitalis.com\/tunisie\/#\/schema\/logo\/image\/"},"sameAs":["https:\/\/www.facebook.com\/KapitalisInfo\/","https:\/\/x.com\/KapitalisInfo","https:\/\/www.youtube.com\/channel\/UC-yDYrHyfFBWWZaOw3FPg9Q"]},{"@type":"Person","@id":"https:\/\/kapitalis.com\/tunisie\/#\/schema\/person\/2c6e134b2f3369dffcd1daf5f087d28b","name":"emna benabdallah","url":"https:\/\/kapitalis.com\/tunisie\/author\/emna\/"}]}},"_links":{"self":[{"href":"https:\/\/kapitalis.com\/tunisie\/wp-json\/wp\/v2\/posts\/150060","targetHints":{"allow":["GET"]}}],"collection":[{"href":"https:\/\/kapitalis.com\/tunisie\/wp-json\/wp\/v2\/posts"}],"about":[{"href":"https:\/\/kapitalis.com\/tunisie\/wp-json\/wp\/v2\/types\/post"}],"author":[{"embeddable":true,"href":"https:\/\/kapitalis.com\/tunisie\/wp-json\/wp\/v2\/users\/16"}],"replies":[{"embeddable":true,"href":"https:\/\/kapitalis.com\/tunisie\/wp-json\/wp\/v2\/comments?post=150060"}],"version-history":[{"count":0,"href":"https:\/\/kapitalis.com\/tunisie\/wp-json\/wp\/v2\/posts\/150060\/revisions"}],"wp:featuredmedia":[{"embeddable":true,"href":"https:\/\/kapitalis.com\/tunisie\/wp-json\/wp\/v2\/media\/150065"}],"wp:attachment":[{"href":"https:\/\/kapitalis.com\/tunisie\/wp-json\/wp\/v2\/media?parent=150060"}],"wp:term":[{"taxonomy":"category","embeddable":true,"href":"https:\/\/kapitalis.com\/tunisie\/wp-json\/wp\/v2\/categories?post=150060"},{"taxonomy":"post_tag","embeddable":true,"href":"https:\/\/kapitalis.com\/tunisie\/wp-json\/wp\/v2\/tags?post=150060"}],"curies":[{"name":"wp","href":"https:\/\/api.w.org\/{rel}","templated":true}]}}