{"id":150184,"date":"2018-04-23T09:58:29","date_gmt":"2018-04-23T08:58:29","guid":{"rendered":"http:\/\/kapitalis.com\/tunisie\/?p=150184"},"modified":"2018-04-23T09:58:29","modified_gmt":"2018-04-23T08:58:29","slug":"football-finale-de-la-coupe-de-tunisie-club-africain-etoile-44-ans-apres","status":"publish","type":"post","link":"https:\/\/kapitalis.com\/tunisie\/2018\/04\/23\/football-finale-de-la-coupe-de-tunisie-club-africain-etoile-44-ans-apres\/","title":{"rendered":"Football-Finale de la Coupe de Tunisie : Club africain-Etoile, 44 ans apr\u00e8s"},"content":{"rendered":"<p style=\"text-align: center;\"><img loading=\"lazy\" decoding=\"async\" class=\"alignnone size-full wp-image-150185\" src=\"http:\/\/kapitalis.com\/tunisie\/wp-content\/uploads\/2018\/04\/Tijani-Belaid-Amine-Chermiti.jpg\" alt=\"\" width=\"626\" height=\"380\" \/><\/p>\n<p style=\"text-align: center;\"><em>Tijani Belaid \/ Mohamed Amine Chermiti.<\/em><\/p>\n<p><em><strong>Le Stade de Rad\u00e8s accueillera le 13 mai prochain la finale de la Coupe de Tunisie de football entre deux grands clubs de la Ligue 1, le Club Africain (CA) et l\u2019Etoile sportive Sahel (ESS).<\/strong><\/em><\/p>\n<p><!--more--><\/p>\n<p>Des retrouvailles 44 ans apr\u00e8s leur dernier face-\u00e0-face pour cette apoth\u00e9ose classique de la saison, et quatri\u00e8me finale de l\u2019histoire entre les deux \u00e9quipes, apr\u00e8s 1963, 1967 et 1974.<\/p>\n<p>L\u2019ESS est venu \u00e0 bout d\u2019une bonne \u00e9quipe de l\u2019Avenir sportif de Gab\u00e8s (ASG), 1-0, hier, dimanche 22 avril 2018, en demi-finale au Stade de Sousse.<\/p>\n<p>Les hommes de Kheireddine Madoui ont r\u00e9ussi \u00e0 d\u00e9bloquer la situation en seconde p\u00e9riode gr\u00e2ce \u00e0 Mohamed Amine Chermiti \u00e0 la 62e minute, qui a d\u00e9jou\u00e9 le pi\u00e8ge du hors-jeu et s\u2019est retrouv\u00e9 en t\u00eate-\u00e0-t\u00eate face au gardien avant de loger la balle dans les filets. Les Etoil\u00e9s ont g\u00e9r\u00e9 ensuite leur avance jusqu\u2019au coup de sifflet final. Notons que les visiteurs ont termin\u00e9 le match \u00e0 10 apr\u00e8s l\u2019expulsion de Martial Kouassy dans les arr\u00eats de jeu.<\/p>\n<p>Dans la seconde demi-finale, le CA a \u00e9cart\u00e9 le Club athl\u00e9tique bizertin (CAB) 5-4 aux tirs au bus (1-1 apr\u00e8s le temps r\u00e9glementaire et les prolongations).<\/p>\n<p>Tijani Belaid a ouvert la marque \u00e0 la 16e puis Wissem Bousnina a \u00e9galis\u00e9 \u00e0 la 47e minute.<\/p>\n<p>Aux tirs aux buts, les Clubistes, malgr\u00e9 un premier tir rat\u00e9 par Mehdi Ouedhrefi, ont r\u00e9ussi une s\u00e9rie de 5 essais cons\u00e9cutifs dont le dernier par Hamza Agrebi; tandis que les Bizertins ont manqu\u00e9 les 4e (Seddik Mejri) et 6e tirs (Houssem Abassi).<\/p>\n<h3>Club africain : 3e finale cons\u00e9cutive<\/h3>\n<p>Le CA, tenant du titre, disputera cette ann\u00e9e sa troisi\u00e8me finale cons\u00e9cutive apr\u00e8s 2016, perdue 2-0 devant l\u2019Esp\u00e9rance sportive de Tunis (EST), et 2017, remport\u00e9e 1-0 face \u00e0 l\u2019Union sportive de Ben Guerdane (USBG).<\/p>\n<p>De son c\u00f4t\u00e9, l\u2019ESS se retrouve pour la 4e fois en finale au cours des 6 derni\u00e8res saisons, avec notamment deux finales gagn\u00e9es cons\u00e9cutivement en 2014 et 2015 devant respectivement le Club sportif sfaxien (CSS) et le Stade Gab\u00e9sien (SG).<\/p>\n<p>Si l\u2019Esp\u00e9rance d\u00e9tient le record de victoire en finale (14), le CA et l\u2019ESS sont deux \u00absp\u00e9cialistes\u00bb \u00e9m\u00e9rites de cette \u00e9preuve avec respectivement 12 et 10 troph\u00e9es, mais aussi un record de finales perdues (13 chacun)<\/p>\n<p><em><strong>Les pr\u00e9c\u00e9dentes finales entre les deux \u00e9quipes<\/strong><\/em><\/p>\n<p>1963 : ESS-CA (aller 0-0 et retour 2-1);<\/p>\n<p>1967 : CA-ESS (1-0);<\/p>\n<p>1974 : ESS-CA (2-1).<\/p>\n<p style=\"text-align: right;\"><strong>H. M.<\/strong><\/p>\n<blockquote class=\"wp-embedded-content\" data-secret=\"brBxdP0pde\"><p><a href=\"https:\/\/kapitalis.com\/tunisie\/2018\/04\/23\/football-coupe-de-tunisie-letoile-du-sahel-et-le-club-africain-en-finale\/\">Football-Coupe de Tunisie : L\u2019Etoile du Sahel et le Club africain en finale<\/a><\/p><\/blockquote>\n<p><iframe loading=\"lazy\" class=\"wp-embedded-content\" sandbox=\"allow-scripts\" security=\"restricted\" style=\"position: absolute; clip: rect(1px, 1px, 1px, 1px);\" title=\"\u00ab\u00a0Football-Coupe de Tunisie : L\u2019Etoile du Sahel et le Club africain en finale\u00a0\u00bb &#8212; Kapitalis\" src=\"https:\/\/kapitalis.com\/tunisie\/2018\/04\/23\/football-coupe-de-tunisie-letoile-du-sahel-et-le-club-africain-en-finale\/embed\/#?secret=vTDHYPmAQC#?secret=brBxdP0pde\" data-secret=\"brBxdP0pde\" width=\"600\" height=\"338\" frameborder=\"0\" marginwidth=\"0\" marginheight=\"0\" scrolling=\"no\"><\/iframe><\/p>\n","protected":false},"excerpt":{"rendered":"<p>Tijani Belaid \/ Mohamed Amine Chermiti. Le Stade de Rad\u00e8s accueillera le 13 mai prochain la finale de la Coupe de Tunisie de football entre deux grands clubs de la Ligue 1, le Club Africain (CA) et l\u2019Etoile sportive Sahel (ESS).<\/p>\n","protected":false},"author":8,"featured_media":150185,"comment_status":"open","ping_status":"open","sticky":false,"template":"","format":"standard","meta":{"footnotes":""},"categories":[999,2433],"tags":[19768,211,9098,32418,5206,7597,17748],"class_list":["post-150184","post","type-post","status-publish","format-standard","has-post-thumbnail","hentry","category-sport","category-tunisie","tag-avenir-sportif-de-gabes","tag-club-africain","tag-club-athletique-bizertin","tag-coupe-de-tunisie-de-football","tag-etoile-sportive-sahel","tag-stade-de-rades","tag-tijani-belaid"],"yoast_head":"<!-- This site is optimized with the Yoast SEO plugin v26.6 - https:\/\/yoast.com\/wordpress\/plugins\/seo\/ -->\n<title>Football-Finale de la Coupe de Tunisie : Club africain-Etoile, 44 ans apr\u00e8s - Kapitalis<\/title>\n<meta name=\"robots\" content=\"index, follow, max-snippet:-1, max-image-preview:large, max-video-preview:-1\" \/>\n<link rel=\"canonical\" href=\"https:\/\/kapitalis.com\/tunisie\/2018\/04\/23\/football-finale-de-la-coupe-de-tunisie-club-africain-etoile-44-ans-apres\/\" \/>\n<meta property=\"og:locale\" content=\"fr_FR\" \/>\n<meta property=\"og:type\" content=\"article\" \/>\n<meta property=\"og:title\" content=\"Football-Finale de la Coupe de Tunisie : Club africain-Etoile, 44 ans apr\u00e8s - Kapitalis\" \/>\n<meta property=\"og:description\" content=\"Tijani Belaid \/ Mohamed Amine Chermiti. Le Stade de Rad\u00e8s accueillera le 13 mai prochain la finale de la Coupe de Tunisie de football entre deux grands clubs de la Ligue 1, le Club Africain (CA) et l\u2019Etoile sportive Sahel (ESS).\" \/>\n<meta property=\"og:url\" content=\"https:\/\/kapitalis.com\/tunisie\/2018\/04\/23\/football-finale-de-la-coupe-de-tunisie-club-africain-etoile-44-ans-apres\/\" \/>\n<meta property=\"og:site_name\" content=\"Kapitalis\" \/>\n<meta property=\"article:publisher\" content=\"https:\/\/www.facebook.com\/KapitalisInfo\/\" \/>\n<meta property=\"article:published_time\" content=\"2018-04-23T08:58:29+00:00\" \/>\n<meta property=\"og:image\" content=\"https:\/\/kapitalis.com\/tunisie\/wp-content\/uploads\/2022\/05\/kapitalis-logo-fb.png\" \/>\n\t<meta property=\"og:image:width\" content=\"1200\" \/>\n\t<meta property=\"og:image:height\" content=\"630\" \/>\n\t<meta property=\"og:image:type\" content=\"image\/png\" \/>\n<meta name=\"author\" content=\"webmaster kapitalis\" \/>\n<meta name=\"twitter:card\" content=\"summary_large_image\" \/>\n<meta name=\"twitter:creator\" content=\"@KapitalisInfo\" \/>\n<meta name=\"twitter:site\" content=\"@KapitalisInfo\" \/>\n<meta name=\"twitter:label1\" content=\"\u00c9crit par\" \/>\n\t<meta name=\"twitter:data1\" content=\"webmaster kapitalis\" \/>\n\t<meta name=\"twitter:label2\" content=\"Dur\u00e9e de lecture estim\u00e9e\" \/>\n\t<meta name=\"twitter:data2\" content=\"2 minutes\" \/>\n<script type=\"application\/ld+json\" class=\"yoast-schema-graph\">{\"@context\":\"https:\/\/schema.org\",\"@graph\":[{\"@type\":\"Article\",\"@id\":\"https:\/\/kapitalis.com\/tunisie\/2018\/04\/23\/football-finale-de-la-coupe-de-tunisie-club-africain-etoile-44-ans-apres\/#article\",\"isPartOf\":{\"@id\":\"https:\/\/kapitalis.com\/tunisie\/2018\/04\/23\/football-finale-de-la-coupe-de-tunisie-club-africain-etoile-44-ans-apres\/\"},\"author\":{\"name\":\"webmaster kapitalis\",\"@id\":\"https:\/\/kapitalis.com\/tunisie\/#\/schema\/person\/d71f33a9ca44f7bad4698210b480c8e9\"},\"headline\":\"Football-Finale de la Coupe de Tunisie : Club africain-Etoile, 44 ans apr\u00e8s\",\"datePublished\":\"2018-04-23T08:58:29+00:00\",\"mainEntityOfPage\":{\"@id\":\"https:\/\/kapitalis.com\/tunisie\/2018\/04\/23\/football-finale-de-la-coupe-de-tunisie-club-africain-etoile-44-ans-apres\/\"},\"wordCount\":441,\"commentCount\":0,\"publisher\":{\"@id\":\"https:\/\/kapitalis.com\/tunisie\/#organization\"},\"image\":{\"@id\":\"https:\/\/kapitalis.com\/tunisie\/2018\/04\/23\/football-finale-de-la-coupe-de-tunisie-club-africain-etoile-44-ans-apres\/#primaryimage\"},\"thumbnailUrl\":\"\",\"keywords\":[\"Avenir sportif de Gab\u00e8s\",\"Club Africain\",\"Club Athl\u00e9tique Bizertin\",\"Coupe de Tunisie de football\",\"Etoile sportive Sahel\",\"stade de Rades\",\"Tijani Bela\u00efd\"],\"articleSection\":[\"SPORT\",\"Tunisie\"],\"inLanguage\":\"fr-FR\",\"potentialAction\":[{\"@type\":\"CommentAction\",\"name\":\"Comment\",\"target\":[\"https:\/\/kapitalis.com\/tunisie\/2018\/04\/23\/football-finale-de-la-coupe-de-tunisie-club-africain-etoile-44-ans-apres\/#respond\"]}]},{\"@type\":\"WebPage\",\"@id\":\"https:\/\/kapitalis.com\/tunisie\/2018\/04\/23\/football-finale-de-la-coupe-de-tunisie-club-africain-etoile-44-ans-apres\/\",\"url\":\"https:\/\/kapitalis.com\/tunisie\/2018\/04\/23\/football-finale-de-la-coupe-de-tunisie-club-africain-etoile-44-ans-apres\/\",\"name\":\"Football-Finale de la Coupe de Tunisie : Club africain-Etoile, 44 ans apr\u00e8s - Kapitalis\",\"isPartOf\":{\"@id\":\"https:\/\/kapitalis.com\/tunisie\/#website\"},\"primaryImageOfPage\":{\"@id\":\"https:\/\/kapitalis.com\/tunisie\/2018\/04\/23\/football-finale-de-la-coupe-de-tunisie-club-africain-etoile-44-ans-apres\/#primaryimage\"},\"image\":{\"@id\":\"https:\/\/kapitalis.com\/tunisie\/2018\/04\/23\/football-finale-de-la-coupe-de-tunisie-club-africain-etoile-44-ans-apres\/#primaryimage\"},\"thumbnailUrl\":\"\",\"datePublished\":\"2018-04-23T08:58:29+00:00\",\"breadcrumb\":{\"@id\":\"https:\/\/kapitalis.com\/tunisie\/2018\/04\/23\/football-finale-de-la-coupe-de-tunisie-club-africain-etoile-44-ans-apres\/#breadcrumb\"},\"inLanguage\":\"fr-FR\",\"potentialAction\":[{\"@type\":\"ReadAction\",\"target\":[\"https:\/\/kapitalis.com\/tunisie\/2018\/04\/23\/football-finale-de-la-coupe-de-tunisie-club-africain-etoile-44-ans-apres\/\"]}]},{\"@type\":\"ImageObject\",\"inLanguage\":\"fr-FR\",\"@id\":\"https:\/\/kapitalis.com\/tunisie\/2018\/04\/23\/football-finale-de-la-coupe-de-tunisie-club-africain-etoile-44-ans-apres\/#primaryimage\",\"url\":\"\",\"contentUrl\":\"\"},{\"@type\":\"BreadcrumbList\",\"@id\":\"https:\/\/kapitalis.com\/tunisie\/2018\/04\/23\/football-finale-de-la-coupe-de-tunisie-club-africain-etoile-44-ans-apres\/#breadcrumb\",\"itemListElement\":[{\"@type\":\"ListItem\",\"position\":1,\"name\":\"Accueil\",\"item\":\"https:\/\/kapitalis.com\/tunisie\/\"},{\"@type\":\"ListItem\",\"position\":2,\"name\":\"Football-Finale de la Coupe de Tunisie : Club africain-Etoile, 44 ans apr\u00e8s\"}]},{\"@type\":\"WebSite\",\"@id\":\"https:\/\/kapitalis.com\/tunisie\/#website\",\"url\":\"https:\/\/kapitalis.com\/tunisie\/\",\"name\":\"Kapitalis\",\"description\":\"L&#039;actualit\u00e9 en Tunisie et dans le monde\",\"publisher\":{\"@id\":\"https:\/\/kapitalis.com\/tunisie\/#organization\"},\"potentialAction\":[{\"@type\":\"SearchAction\",\"target\":{\"@type\":\"EntryPoint\",\"urlTemplate\":\"https:\/\/kapitalis.com\/tunisie\/?s={search_term_string}\"},\"query-input\":{\"@type\":\"PropertyValueSpecification\",\"valueRequired\":true,\"valueName\":\"search_term_string\"}}],\"inLanguage\":\"fr-FR\"},{\"@type\":\"Organization\",\"@id\":\"https:\/\/kapitalis.com\/tunisie\/#organization\",\"name\":\"Kapitalis\",\"url\":\"https:\/\/kapitalis.com\/tunisie\/\",\"logo\":{\"@type\":\"ImageObject\",\"inLanguage\":\"fr-FR\",\"@id\":\"https:\/\/kapitalis.com\/tunisie\/#\/schema\/logo\/image\/\",\"url\":\"https:\/\/kapitalis.com\/tunisie\/wp-content\/uploads\/2022\/05\/Kapitalis-big-size.png\",\"contentUrl\":\"https:\/\/kapitalis.com\/tunisie\/wp-content\/uploads\/2022\/05\/Kapitalis-big-size.png\",\"width\":5000,\"height\":1500,\"caption\":\"Kapitalis\"},\"image\":{\"@id\":\"https:\/\/kapitalis.com\/tunisie\/#\/schema\/logo\/image\/\"},\"sameAs\":[\"https:\/\/www.facebook.com\/KapitalisInfo\/\",\"https:\/\/x.com\/KapitalisInfo\",\"https:\/\/www.youtube.com\/channel\/UC-yDYrHyfFBWWZaOw3FPg9Q\"]},{\"@type\":\"Person\",\"@id\":\"https:\/\/kapitalis.com\/tunisie\/#\/schema\/person\/d71f33a9ca44f7bad4698210b480c8e9\",\"name\":\"webmaster kapitalis\",\"url\":\"https:\/\/kapitalis.com\/tunisie\/author\/webmaster-kapitalis\/\"}]}<\/script>\n<!-- \/ Yoast SEO plugin. -->","yoast_head_json":{"title":"Football-Finale de la Coupe de Tunisie : Club africain-Etoile, 44 ans apr\u00e8s - Kapitalis","robots":{"index":"index","follow":"follow","max-snippet":"max-snippet:-1","max-image-preview":"max-image-preview:large","max-video-preview":"max-video-preview:-1"},"canonical":"https:\/\/kapitalis.com\/tunisie\/2018\/04\/23\/football-finale-de-la-coupe-de-tunisie-club-africain-etoile-44-ans-apres\/","og_locale":"fr_FR","og_type":"article","og_title":"Football-Finale de la Coupe de Tunisie : Club africain-Etoile, 44 ans apr\u00e8s - Kapitalis","og_description":"Tijani Belaid \/ Mohamed Amine Chermiti. Le Stade de Rad\u00e8s accueillera le 13 mai prochain la finale de la Coupe de Tunisie de football entre deux grands clubs de la Ligue 1, le Club Africain (CA) et l\u2019Etoile sportive Sahel (ESS).","og_url":"https:\/\/kapitalis.com\/tunisie\/2018\/04\/23\/football-finale-de-la-coupe-de-tunisie-club-africain-etoile-44-ans-apres\/","og_site_name":"Kapitalis","article_publisher":"https:\/\/www.facebook.com\/KapitalisInfo\/","article_published_time":"2018-04-23T08:58:29+00:00","og_image":[{"width":1200,"height":630,"url":"https:\/\/kapitalis.com\/tunisie\/wp-content\/uploads\/2022\/05\/kapitalis-logo-fb.png","type":"image\/png"}],"author":"webmaster kapitalis","twitter_card":"summary_large_image","twitter_creator":"@KapitalisInfo","twitter_site":"@KapitalisInfo","twitter_misc":{"\u00c9crit par":"webmaster kapitalis","Dur\u00e9e de lecture estim\u00e9e":"2 minutes"},"schema":{"@context":"https:\/\/schema.org","@graph":[{"@type":"Article","@id":"https:\/\/kapitalis.com\/tunisie\/2018\/04\/23\/football-finale-de-la-coupe-de-tunisie-club-africain-etoile-44-ans-apres\/#article","isPartOf":{"@id":"https:\/\/kapitalis.com\/tunisie\/2018\/04\/23\/football-finale-de-la-coupe-de-tunisie-club-africain-etoile-44-ans-apres\/"},"author":{"name":"webmaster kapitalis","@id":"https:\/\/kapitalis.com\/tunisie\/#\/schema\/person\/d71f33a9ca44f7bad4698210b480c8e9"},"headline":"Football-Finale de la Coupe de Tunisie : Club africain-Etoile, 44 ans apr\u00e8s","datePublished":"2018-04-23T08:58:29+00:00","mainEntityOfPage":{"@id":"https:\/\/kapitalis.com\/tunisie\/2018\/04\/23\/football-finale-de-la-coupe-de-tunisie-club-africain-etoile-44-ans-apres\/"},"wordCount":441,"commentCount":0,"publisher":{"@id":"https:\/\/kapitalis.com\/tunisie\/#organization"},"image":{"@id":"https:\/\/kapitalis.com\/tunisie\/2018\/04\/23\/football-finale-de-la-coupe-de-tunisie-club-africain-etoile-44-ans-apres\/#primaryimage"},"thumbnailUrl":"","keywords":["Avenir sportif de Gab\u00e8s","Club Africain","Club Athl\u00e9tique Bizertin","Coupe de Tunisie de football","Etoile sportive Sahel","stade de Rades","Tijani Bela\u00efd"],"articleSection":["SPORT","Tunisie"],"inLanguage":"fr-FR","potentialAction":[{"@type":"CommentAction","name":"Comment","target":["https:\/\/kapitalis.com\/tunisie\/2018\/04\/23\/football-finale-de-la-coupe-de-tunisie-club-africain-etoile-44-ans-apres\/#respond"]}]},{"@type":"WebPage","@id":"https:\/\/kapitalis.com\/tunisie\/2018\/04\/23\/football-finale-de-la-coupe-de-tunisie-club-africain-etoile-44-ans-apres\/","url":"https:\/\/kapitalis.com\/tunisie\/2018\/04\/23\/football-finale-de-la-coupe-de-tunisie-club-africain-etoile-44-ans-apres\/","name":"Football-Finale de la Coupe de Tunisie : Club africain-Etoile, 44 ans apr\u00e8s - Kapitalis","isPartOf":{"@id":"https:\/\/kapitalis.com\/tunisie\/#website"},"primaryImageOfPage":{"@id":"https:\/\/kapitalis.com\/tunisie\/2018\/04\/23\/football-finale-de-la-coupe-de-tunisie-club-africain-etoile-44-ans-apres\/#primaryimage"},"image":{"@id":"https:\/\/kapitalis.com\/tunisie\/2018\/04\/23\/football-finale-de-la-coupe-de-tunisie-club-africain-etoile-44-ans-apres\/#primaryimage"},"thumbnailUrl":"","datePublished":"2018-04-23T08:58:29+00:00","breadcrumb":{"@id":"https:\/\/kapitalis.com\/tunisie\/2018\/04\/23\/football-finale-de-la-coupe-de-tunisie-club-africain-etoile-44-ans-apres\/#breadcrumb"},"inLanguage":"fr-FR","potentialAction":[{"@type":"ReadAction","target":["https:\/\/kapitalis.com\/tunisie\/2018\/04\/23\/football-finale-de-la-coupe-de-tunisie-club-africain-etoile-44-ans-apres\/"]}]},{"@type":"ImageObject","inLanguage":"fr-FR","@id":"https:\/\/kapitalis.com\/tunisie\/2018\/04\/23\/football-finale-de-la-coupe-de-tunisie-club-africain-etoile-44-ans-apres\/#primaryimage","url":"","contentUrl":""},{"@type":"BreadcrumbList","@id":"https:\/\/kapitalis.com\/tunisie\/2018\/04\/23\/football-finale-de-la-coupe-de-tunisie-club-africain-etoile-44-ans-apres\/#breadcrumb","itemListElement":[{"@type":"ListItem","position":1,"name":"Accueil","item":"https:\/\/kapitalis.com\/tunisie\/"},{"@type":"ListItem","position":2,"name":"Football-Finale de la Coupe de Tunisie : Club africain-Etoile, 44 ans apr\u00e8s"}]},{"@type":"WebSite","@id":"https:\/\/kapitalis.com\/tunisie\/#website","url":"https:\/\/kapitalis.com\/tunisie\/","name":"Kapitalis","description":"L&#039;actualit\u00e9 en Tunisie et dans le monde","publisher":{"@id":"https:\/\/kapitalis.com\/tunisie\/#organization"},"potentialAction":[{"@type":"SearchAction","target":{"@type":"EntryPoint","urlTemplate":"https:\/\/kapitalis.com\/tunisie\/?s={search_term_string}"},"query-input":{"@type":"PropertyValueSpecification","valueRequired":true,"valueName":"search_term_string"}}],"inLanguage":"fr-FR"},{"@type":"Organization","@id":"https:\/\/kapitalis.com\/tunisie\/#organization","name":"Kapitalis","url":"https:\/\/kapitalis.com\/tunisie\/","logo":{"@type":"ImageObject","inLanguage":"fr-FR","@id":"https:\/\/kapitalis.com\/tunisie\/#\/schema\/logo\/image\/","url":"https:\/\/kapitalis.com\/tunisie\/wp-content\/uploads\/2022\/05\/Kapitalis-big-size.png","contentUrl":"https:\/\/kapitalis.com\/tunisie\/wp-content\/uploads\/2022\/05\/Kapitalis-big-size.png","width":5000,"height":1500,"caption":"Kapitalis"},"image":{"@id":"https:\/\/kapitalis.com\/tunisie\/#\/schema\/logo\/image\/"},"sameAs":["https:\/\/www.facebook.com\/KapitalisInfo\/","https:\/\/x.com\/KapitalisInfo","https:\/\/www.youtube.com\/channel\/UC-yDYrHyfFBWWZaOw3FPg9Q"]},{"@type":"Person","@id":"https:\/\/kapitalis.com\/tunisie\/#\/schema\/person\/d71f33a9ca44f7bad4698210b480c8e9","name":"webmaster kapitalis","url":"https:\/\/kapitalis.com\/tunisie\/author\/webmaster-kapitalis\/"}]}},"_links":{"self":[{"href":"https:\/\/kapitalis.com\/tunisie\/wp-json\/wp\/v2\/posts\/150184","targetHints":{"allow":["GET"]}}],"collection":[{"href":"https:\/\/kapitalis.com\/tunisie\/wp-json\/wp\/v2\/posts"}],"about":[{"href":"https:\/\/kapitalis.com\/tunisie\/wp-json\/wp\/v2\/types\/post"}],"author":[{"embeddable":true,"href":"https:\/\/kapitalis.com\/tunisie\/wp-json\/wp\/v2\/users\/8"}],"replies":[{"embeddable":true,"href":"https:\/\/kapitalis.com\/tunisie\/wp-json\/wp\/v2\/comments?post=150184"}],"version-history":[{"count":0,"href":"https:\/\/kapitalis.com\/tunisie\/wp-json\/wp\/v2\/posts\/150184\/revisions"}],"wp:featuredmedia":[{"embeddable":true,"href":"https:\/\/kapitalis.com\/tunisie\/wp-json\/wp\/v2\/media\/150185"}],"wp:attachment":[{"href":"https:\/\/kapitalis.com\/tunisie\/wp-json\/wp\/v2\/media?parent=150184"}],"wp:term":[{"taxonomy":"category","embeddable":true,"href":"https:\/\/kapitalis.com\/tunisie\/wp-json\/wp\/v2\/categories?post=150184"},{"taxonomy":"post_tag","embeddable":true,"href":"https:\/\/kapitalis.com\/tunisie\/wp-json\/wp\/v2\/tags?post=150184"}],"curies":[{"name":"wp","href":"https:\/\/api.w.org\/{rel}","templated":true}]}}