{"id":150195,"date":"2018-04-23T11:01:14","date_gmt":"2018-04-23T10:01:14","guid":{"rendered":"http:\/\/kapitalis.com\/tunisie\/?p=150195"},"modified":"2018-04-23T11:01:14","modified_gmt":"2018-04-23T10:01:14","slug":"un-chef-franco-tunisien-le-couscous-appartient-au-patrimoine-de-lhumanite","status":"publish","type":"post","link":"https:\/\/kapitalis.com\/tunisie\/2018\/04\/23\/un-chef-franco-tunisien-le-couscous-appartient-au-patrimoine-de-lhumanite\/","title":{"rendered":"Un chef franco-tunisien : Le couscous appartient au patrimoine de l\u2019humanit\u00e9"},"content":{"rendered":"<p style=\"text-align: center;\"><img loading=\"lazy\" decoding=\"async\" class=\"alignnone size-full wp-image-150201\" src=\"http:\/\/kapitalis.com\/tunisie\/wp-content\/uploads\/2018\/04\/Nordine-Labiadh.jpg\" alt=\"\" width=\"626\" height=\"380\" \/><\/p>\n<p><em><strong>Nordine Labiadh, chef franco-tunisien du restaurant \u00ab\u00a0A mi-chemin\u00a0\u00bb, \u00e0 Paris, d\u00e9fend le classement du couscous, c\u00e9l\u00e8bre sp\u00e9cialit\u00e9 culinaire maghr\u00e9bine, sur la liste du patrimoine mondial de l\u2019Unesco.<\/strong><\/em><!--more--><\/p>\n<p>Ce chef \u00e2g\u00e9 de 41 ans fait partie des experts des pays du Maghreb \u0153uvrant pour faire classer le couscous sur la liste du patrimoine mondial de l&rsquo;humanit\u00e9, dress\u00e9e par l&rsquo;Unesco.<\/p>\n<p>Install\u00e9 en France depuis 1999, Nordine Labiadh, originaire de Zarzis, dans le sud de la Tunisie, tient le restaurant avec sa femme bretonne, Virginie. Il s\u2019est vu r\u00e9cemment d\u00e9cerner le prix du meilleur accueil par le guide Pudlowski.<\/p>\n<p>S\u2019il d\u00e9fend, aujourd\u2019hui, la candidature du couscous pour \u00eatre inscrit sur la liste du patrimoine immat\u00e9riel de l&rsquo;Unesco, c\u2019est qu\u2019il estime que ce met a des origines profond\u00e9ment ancr\u00e9es dans l&rsquo;histoire et la civilisation et peut \u00eatre pr\u00e9sent\u00e9 sous diff\u00e9rentes formes et avec diff\u00e9rents go\u00fbts.<\/p>\n<p style=\"text-align: center;\"><img loading=\"lazy\" decoding=\"async\" class=\"alignnone wp-image-150202\" src=\"http:\/\/kapitalis.com\/tunisie\/wp-content\/uploads\/2018\/04\/Resto-Paris-a-mi-chemin-Nordine-Labiadh.jpg\" alt=\"\" width=\"500\" height=\"304\" \/><\/p>\n<p style=\"text-align: center;\"><em>\u00abJe suis le papa de mes employ\u00e9s et la maman de mes clients\u00bb, raconte M. Labiadh\u00a0<\/em><\/p>\n<p>Nordine Labiadh a pr\u00e9sent\u00e9, hier, sur France culture, son couscous favori, celui aux s\u00e8ches et \u00e0 la poulpe et qui lui rappelle son enfance \u00e0 Zarzis.<\/p>\n<p>\u00ab<em>Les gens changent le couscous \u00e0 leur guise, \u00e0 la base c\u2019est des graines et chacun y apporte son savoir et le modifie selon la saison ou selon son humeur<\/em>\u00bb, raconte le chef tunisien tout en passant en revue la panoplie des couscous pr\u00e9par\u00e9s en Tunisie\u00a0: aux l\u00e9gumes, \u00e0 la viande, aux fruits secs, aux herbes\u2026<\/p>\n<p>Il a aussi assur\u00e9 que le meilleur coucous qu&rsquo;il a mang\u00e9 est celui de sa grand-m\u00e8re : \u00ab<em>Un coucous modeste mais de loin le meilleur. La meilleure fa\u00e7on de faire le coucous, c&rsquo;est de le faire avec le c\u0153ur\u00a0et avec la volont\u00e9 de faire plaisir \u00e0 autrui<\/em>\u00bb.<\/p>\n<p>Nordine Labiadh est \u00e9galement auteur de \u00ab\u00a0<em>Paris-Tunis<\/em>\u00ab\u00a0, un livre paru en 2016, o\u00f9 il pr\u00e9sente ses meilleures recettes n\u00e9es du mariage entre des mets fran\u00e7ais et tunisiens.<\/p>\n<p style=\"text-align: right;\"><strong>Y. N.<\/strong><\/p>\n","protected":false},"excerpt":{"rendered":"<p>Nordine Labiadh, chef franco-tunisien du restaurant \u00ab\u00a0A mi-chemin\u00a0\u00bb, \u00e0 Paris, d\u00e9fend le classement du couscous, c\u00e9l\u00e8bre sp\u00e9cialit\u00e9 culinaire maghr\u00e9bine, sur la liste du patrimoine mondial de l\u2019Unesco.<\/p>\n","protected":false},"author":6,"featured_media":150201,"comment_status":"open","ping_status":"open","sticky":false,"template":"","format":"standard","meta":{"footnotes":""},"categories":[993,2433],"tags":[1659,1364,697,1068,975],"class_list":["post-150195","post","type-post","status-publish","format-standard","has-post-thumbnail","hentry","category-conso","category-tunisie","tag-maghreb","tag-paris","tag-patrimoine","tag-unesco","tag-zarzis"],"yoast_head":"<!-- This site is optimized with the Yoast SEO plugin v26.6 - https:\/\/yoast.com\/wordpress\/plugins\/seo\/ -->\n<title>Un chef franco-tunisien : Le couscous appartient au patrimoine de l\u2019humanit\u00e9 - Kapitalis<\/title>\n<meta name=\"robots\" content=\"index, follow, max-snippet:-1, max-image-preview:large, max-video-preview:-1\" \/>\n<link rel=\"canonical\" href=\"https:\/\/kapitalis.com\/tunisie\/2018\/04\/23\/un-chef-franco-tunisien-le-couscous-appartient-au-patrimoine-de-lhumanite\/\" \/>\n<meta property=\"og:locale\" content=\"fr_FR\" \/>\n<meta property=\"og:type\" content=\"article\" \/>\n<meta property=\"og:title\" content=\"Un chef franco-tunisien : Le couscous appartient au patrimoine de l\u2019humanit\u00e9 - Kapitalis\" \/>\n<meta property=\"og:description\" content=\"Nordine Labiadh, chef franco-tunisien du restaurant \u00ab\u00a0A mi-chemin\u00a0\u00bb, \u00e0 Paris, d\u00e9fend le classement du couscous, c\u00e9l\u00e8bre sp\u00e9cialit\u00e9 culinaire maghr\u00e9bine, sur la liste du patrimoine mondial de l\u2019Unesco.\" \/>\n<meta property=\"og:url\" content=\"https:\/\/kapitalis.com\/tunisie\/2018\/04\/23\/un-chef-franco-tunisien-le-couscous-appartient-au-patrimoine-de-lhumanite\/\" \/>\n<meta property=\"og:site_name\" content=\"Kapitalis\" \/>\n<meta property=\"article:publisher\" content=\"https:\/\/www.facebook.com\/KapitalisInfo\/\" \/>\n<meta property=\"article:published_time\" content=\"2018-04-23T10:01:14+00:00\" \/>\n<meta property=\"og:image\" content=\"https:\/\/kapitalis.com\/tunisie\/wp-content\/uploads\/2022\/05\/kapitalis-logo-fb.png\" \/>\n\t<meta property=\"og:image:width\" content=\"1200\" \/>\n\t<meta property=\"og:image:height\" content=\"630\" \/>\n\t<meta property=\"og:image:type\" content=\"image\/png\" \/>\n<meta name=\"author\" content=\"Yusra NY\" \/>\n<meta name=\"twitter:card\" content=\"summary_large_image\" \/>\n<meta name=\"twitter:creator\" content=\"@KapitalisInfo\" \/>\n<meta name=\"twitter:site\" content=\"@KapitalisInfo\" \/>\n<meta name=\"twitter:label1\" content=\"\u00c9crit par\" \/>\n\t<meta name=\"twitter:data1\" content=\"Yusra NY\" \/>\n\t<meta name=\"twitter:label2\" content=\"Dur\u00e9e de lecture estim\u00e9e\" \/>\n\t<meta name=\"twitter:data2\" content=\"2 minutes\" \/>\n<script type=\"application\/ld+json\" class=\"yoast-schema-graph\">{\"@context\":\"https:\/\/schema.org\",\"@graph\":[{\"@type\":\"Article\",\"@id\":\"https:\/\/kapitalis.com\/tunisie\/2018\/04\/23\/un-chef-franco-tunisien-le-couscous-appartient-au-patrimoine-de-lhumanite\/#article\",\"isPartOf\":{\"@id\":\"https:\/\/kapitalis.com\/tunisie\/2018\/04\/23\/un-chef-franco-tunisien-le-couscous-appartient-au-patrimoine-de-lhumanite\/\"},\"author\":{\"name\":\"Yusra NY\",\"@id\":\"https:\/\/kapitalis.com\/tunisie\/#\/schema\/person\/74bbde0154d49d790a92aaeac5bc01d5\"},\"headline\":\"Un chef franco-tunisien : Le couscous appartient au patrimoine de l\u2019humanit\u00e9\",\"datePublished\":\"2018-04-23T10:01:14+00:00\",\"mainEntityOfPage\":{\"@id\":\"https:\/\/kapitalis.com\/tunisie\/2018\/04\/23\/un-chef-franco-tunisien-le-couscous-appartient-au-patrimoine-de-lhumanite\/\"},\"wordCount\":351,\"commentCount\":1,\"publisher\":{\"@id\":\"https:\/\/kapitalis.com\/tunisie\/#organization\"},\"image\":{\"@id\":\"https:\/\/kapitalis.com\/tunisie\/2018\/04\/23\/un-chef-franco-tunisien-le-couscous-appartient-au-patrimoine-de-lhumanite\/#primaryimage\"},\"thumbnailUrl\":\"\",\"keywords\":[\"Maghreb\",\"Paris\",\"patrimoine\",\"Unesco\",\"Zarzis\"],\"articleSection\":[\"CONSO\",\"Tunisie\"],\"inLanguage\":\"fr-FR\",\"potentialAction\":[{\"@type\":\"CommentAction\",\"name\":\"Comment\",\"target\":[\"https:\/\/kapitalis.com\/tunisie\/2018\/04\/23\/un-chef-franco-tunisien-le-couscous-appartient-au-patrimoine-de-lhumanite\/#respond\"]}]},{\"@type\":\"WebPage\",\"@id\":\"https:\/\/kapitalis.com\/tunisie\/2018\/04\/23\/un-chef-franco-tunisien-le-couscous-appartient-au-patrimoine-de-lhumanite\/\",\"url\":\"https:\/\/kapitalis.com\/tunisie\/2018\/04\/23\/un-chef-franco-tunisien-le-couscous-appartient-au-patrimoine-de-lhumanite\/\",\"name\":\"Un chef franco-tunisien : Le couscous appartient au patrimoine de l\u2019humanit\u00e9 - Kapitalis\",\"isPartOf\":{\"@id\":\"https:\/\/kapitalis.com\/tunisie\/#website\"},\"primaryImageOfPage\":{\"@id\":\"https:\/\/kapitalis.com\/tunisie\/2018\/04\/23\/un-chef-franco-tunisien-le-couscous-appartient-au-patrimoine-de-lhumanite\/#primaryimage\"},\"image\":{\"@id\":\"https:\/\/kapitalis.com\/tunisie\/2018\/04\/23\/un-chef-franco-tunisien-le-couscous-appartient-au-patrimoine-de-lhumanite\/#primaryimage\"},\"thumbnailUrl\":\"\",\"datePublished\":\"2018-04-23T10:01:14+00:00\",\"breadcrumb\":{\"@id\":\"https:\/\/kapitalis.com\/tunisie\/2018\/04\/23\/un-chef-franco-tunisien-le-couscous-appartient-au-patrimoine-de-lhumanite\/#breadcrumb\"},\"inLanguage\":\"fr-FR\",\"potentialAction\":[{\"@type\":\"ReadAction\",\"target\":[\"https:\/\/kapitalis.com\/tunisie\/2018\/04\/23\/un-chef-franco-tunisien-le-couscous-appartient-au-patrimoine-de-lhumanite\/\"]}]},{\"@type\":\"ImageObject\",\"inLanguage\":\"fr-FR\",\"@id\":\"https:\/\/kapitalis.com\/tunisie\/2018\/04\/23\/un-chef-franco-tunisien-le-couscous-appartient-au-patrimoine-de-lhumanite\/#primaryimage\",\"url\":\"\",\"contentUrl\":\"\"},{\"@type\":\"BreadcrumbList\",\"@id\":\"https:\/\/kapitalis.com\/tunisie\/2018\/04\/23\/un-chef-franco-tunisien-le-couscous-appartient-au-patrimoine-de-lhumanite\/#breadcrumb\",\"itemListElement\":[{\"@type\":\"ListItem\",\"position\":1,\"name\":\"Accueil\",\"item\":\"https:\/\/kapitalis.com\/tunisie\/\"},{\"@type\":\"ListItem\",\"position\":2,\"name\":\"Un chef franco-tunisien : Le couscous appartient au patrimoine de l\u2019humanit\u00e9\"}]},{\"@type\":\"WebSite\",\"@id\":\"https:\/\/kapitalis.com\/tunisie\/#website\",\"url\":\"https:\/\/kapitalis.com\/tunisie\/\",\"name\":\"Kapitalis\",\"description\":\"L&#039;actualit\u00e9 en Tunisie et dans le monde\",\"publisher\":{\"@id\":\"https:\/\/kapitalis.com\/tunisie\/#organization\"},\"potentialAction\":[{\"@type\":\"SearchAction\",\"target\":{\"@type\":\"EntryPoint\",\"urlTemplate\":\"https:\/\/kapitalis.com\/tunisie\/?s={search_term_string}\"},\"query-input\":{\"@type\":\"PropertyValueSpecification\",\"valueRequired\":true,\"valueName\":\"search_term_string\"}}],\"inLanguage\":\"fr-FR\"},{\"@type\":\"Organization\",\"@id\":\"https:\/\/kapitalis.com\/tunisie\/#organization\",\"name\":\"Kapitalis\",\"url\":\"https:\/\/kapitalis.com\/tunisie\/\",\"logo\":{\"@type\":\"ImageObject\",\"inLanguage\":\"fr-FR\",\"@id\":\"https:\/\/kapitalis.com\/tunisie\/#\/schema\/logo\/image\/\",\"url\":\"https:\/\/kapitalis.com\/tunisie\/wp-content\/uploads\/2022\/05\/Kapitalis-big-size.png\",\"contentUrl\":\"https:\/\/kapitalis.com\/tunisie\/wp-content\/uploads\/2022\/05\/Kapitalis-big-size.png\",\"width\":5000,\"height\":1500,\"caption\":\"Kapitalis\"},\"image\":{\"@id\":\"https:\/\/kapitalis.com\/tunisie\/#\/schema\/logo\/image\/\"},\"sameAs\":[\"https:\/\/www.facebook.com\/KapitalisInfo\/\",\"https:\/\/x.com\/KapitalisInfo\",\"https:\/\/www.youtube.com\/channel\/UC-yDYrHyfFBWWZaOw3FPg9Q\"]},{\"@type\":\"Person\",\"@id\":\"https:\/\/kapitalis.com\/tunisie\/#\/schema\/person\/74bbde0154d49d790a92aaeac5bc01d5\",\"name\":\"Yusra NY\",\"url\":\"https:\/\/kapitalis.com\/tunisie\/author\/yuza_adam\/\"}]}<\/script>\n<!-- \/ Yoast SEO plugin. -->","yoast_head_json":{"title":"Un chef franco-tunisien : Le couscous appartient au patrimoine de l\u2019humanit\u00e9 - Kapitalis","robots":{"index":"index","follow":"follow","max-snippet":"max-snippet:-1","max-image-preview":"max-image-preview:large","max-video-preview":"max-video-preview:-1"},"canonical":"https:\/\/kapitalis.com\/tunisie\/2018\/04\/23\/un-chef-franco-tunisien-le-couscous-appartient-au-patrimoine-de-lhumanite\/","og_locale":"fr_FR","og_type":"article","og_title":"Un chef franco-tunisien : Le couscous appartient au patrimoine de l\u2019humanit\u00e9 - Kapitalis","og_description":"Nordine Labiadh, chef franco-tunisien du restaurant \u00ab\u00a0A mi-chemin\u00a0\u00bb, \u00e0 Paris, d\u00e9fend le classement du couscous, c\u00e9l\u00e8bre sp\u00e9cialit\u00e9 culinaire maghr\u00e9bine, sur la liste du patrimoine mondial de l\u2019Unesco.","og_url":"https:\/\/kapitalis.com\/tunisie\/2018\/04\/23\/un-chef-franco-tunisien-le-couscous-appartient-au-patrimoine-de-lhumanite\/","og_site_name":"Kapitalis","article_publisher":"https:\/\/www.facebook.com\/KapitalisInfo\/","article_published_time":"2018-04-23T10:01:14+00:00","og_image":[{"width":1200,"height":630,"url":"https:\/\/kapitalis.com\/tunisie\/wp-content\/uploads\/2022\/05\/kapitalis-logo-fb.png","type":"image\/png"}],"author":"Yusra NY","twitter_card":"summary_large_image","twitter_creator":"@KapitalisInfo","twitter_site":"@KapitalisInfo","twitter_misc":{"\u00c9crit par":"Yusra NY","Dur\u00e9e de lecture estim\u00e9e":"2 minutes"},"schema":{"@context":"https:\/\/schema.org","@graph":[{"@type":"Article","@id":"https:\/\/kapitalis.com\/tunisie\/2018\/04\/23\/un-chef-franco-tunisien-le-couscous-appartient-au-patrimoine-de-lhumanite\/#article","isPartOf":{"@id":"https:\/\/kapitalis.com\/tunisie\/2018\/04\/23\/un-chef-franco-tunisien-le-couscous-appartient-au-patrimoine-de-lhumanite\/"},"author":{"name":"Yusra NY","@id":"https:\/\/kapitalis.com\/tunisie\/#\/schema\/person\/74bbde0154d49d790a92aaeac5bc01d5"},"headline":"Un chef franco-tunisien : Le couscous appartient au patrimoine de l\u2019humanit\u00e9","datePublished":"2018-04-23T10:01:14+00:00","mainEntityOfPage":{"@id":"https:\/\/kapitalis.com\/tunisie\/2018\/04\/23\/un-chef-franco-tunisien-le-couscous-appartient-au-patrimoine-de-lhumanite\/"},"wordCount":351,"commentCount":1,"publisher":{"@id":"https:\/\/kapitalis.com\/tunisie\/#organization"},"image":{"@id":"https:\/\/kapitalis.com\/tunisie\/2018\/04\/23\/un-chef-franco-tunisien-le-couscous-appartient-au-patrimoine-de-lhumanite\/#primaryimage"},"thumbnailUrl":"","keywords":["Maghreb","Paris","patrimoine","Unesco","Zarzis"],"articleSection":["CONSO","Tunisie"],"inLanguage":"fr-FR","potentialAction":[{"@type":"CommentAction","name":"Comment","target":["https:\/\/kapitalis.com\/tunisie\/2018\/04\/23\/un-chef-franco-tunisien-le-couscous-appartient-au-patrimoine-de-lhumanite\/#respond"]}]},{"@type":"WebPage","@id":"https:\/\/kapitalis.com\/tunisie\/2018\/04\/23\/un-chef-franco-tunisien-le-couscous-appartient-au-patrimoine-de-lhumanite\/","url":"https:\/\/kapitalis.com\/tunisie\/2018\/04\/23\/un-chef-franco-tunisien-le-couscous-appartient-au-patrimoine-de-lhumanite\/","name":"Un chef franco-tunisien : Le couscous appartient au patrimoine de l\u2019humanit\u00e9 - Kapitalis","isPartOf":{"@id":"https:\/\/kapitalis.com\/tunisie\/#website"},"primaryImageOfPage":{"@id":"https:\/\/kapitalis.com\/tunisie\/2018\/04\/23\/un-chef-franco-tunisien-le-couscous-appartient-au-patrimoine-de-lhumanite\/#primaryimage"},"image":{"@id":"https:\/\/kapitalis.com\/tunisie\/2018\/04\/23\/un-chef-franco-tunisien-le-couscous-appartient-au-patrimoine-de-lhumanite\/#primaryimage"},"thumbnailUrl":"","datePublished":"2018-04-23T10:01:14+00:00","breadcrumb":{"@id":"https:\/\/kapitalis.com\/tunisie\/2018\/04\/23\/un-chef-franco-tunisien-le-couscous-appartient-au-patrimoine-de-lhumanite\/#breadcrumb"},"inLanguage":"fr-FR","potentialAction":[{"@type":"ReadAction","target":["https:\/\/kapitalis.com\/tunisie\/2018\/04\/23\/un-chef-franco-tunisien-le-couscous-appartient-au-patrimoine-de-lhumanite\/"]}]},{"@type":"ImageObject","inLanguage":"fr-FR","@id":"https:\/\/kapitalis.com\/tunisie\/2018\/04\/23\/un-chef-franco-tunisien-le-couscous-appartient-au-patrimoine-de-lhumanite\/#primaryimage","url":"","contentUrl":""},{"@type":"BreadcrumbList","@id":"https:\/\/kapitalis.com\/tunisie\/2018\/04\/23\/un-chef-franco-tunisien-le-couscous-appartient-au-patrimoine-de-lhumanite\/#breadcrumb","itemListElement":[{"@type":"ListItem","position":1,"name":"Accueil","item":"https:\/\/kapitalis.com\/tunisie\/"},{"@type":"ListItem","position":2,"name":"Un chef franco-tunisien : Le couscous appartient au patrimoine de l\u2019humanit\u00e9"}]},{"@type":"WebSite","@id":"https:\/\/kapitalis.com\/tunisie\/#website","url":"https:\/\/kapitalis.com\/tunisie\/","name":"Kapitalis","description":"L&#039;actualit\u00e9 en Tunisie et dans le monde","publisher":{"@id":"https:\/\/kapitalis.com\/tunisie\/#organization"},"potentialAction":[{"@type":"SearchAction","target":{"@type":"EntryPoint","urlTemplate":"https:\/\/kapitalis.com\/tunisie\/?s={search_term_string}"},"query-input":{"@type":"PropertyValueSpecification","valueRequired":true,"valueName":"search_term_string"}}],"inLanguage":"fr-FR"},{"@type":"Organization","@id":"https:\/\/kapitalis.com\/tunisie\/#organization","name":"Kapitalis","url":"https:\/\/kapitalis.com\/tunisie\/","logo":{"@type":"ImageObject","inLanguage":"fr-FR","@id":"https:\/\/kapitalis.com\/tunisie\/#\/schema\/logo\/image\/","url":"https:\/\/kapitalis.com\/tunisie\/wp-content\/uploads\/2022\/05\/Kapitalis-big-size.png","contentUrl":"https:\/\/kapitalis.com\/tunisie\/wp-content\/uploads\/2022\/05\/Kapitalis-big-size.png","width":5000,"height":1500,"caption":"Kapitalis"},"image":{"@id":"https:\/\/kapitalis.com\/tunisie\/#\/schema\/logo\/image\/"},"sameAs":["https:\/\/www.facebook.com\/KapitalisInfo\/","https:\/\/x.com\/KapitalisInfo","https:\/\/www.youtube.com\/channel\/UC-yDYrHyfFBWWZaOw3FPg9Q"]},{"@type":"Person","@id":"https:\/\/kapitalis.com\/tunisie\/#\/schema\/person\/74bbde0154d49d790a92aaeac5bc01d5","name":"Yusra NY","url":"https:\/\/kapitalis.com\/tunisie\/author\/yuza_adam\/"}]}},"_links":{"self":[{"href":"https:\/\/kapitalis.com\/tunisie\/wp-json\/wp\/v2\/posts\/150195","targetHints":{"allow":["GET"]}}],"collection":[{"href":"https:\/\/kapitalis.com\/tunisie\/wp-json\/wp\/v2\/posts"}],"about":[{"href":"https:\/\/kapitalis.com\/tunisie\/wp-json\/wp\/v2\/types\/post"}],"author":[{"embeddable":true,"href":"https:\/\/kapitalis.com\/tunisie\/wp-json\/wp\/v2\/users\/6"}],"replies":[{"embeddable":true,"href":"https:\/\/kapitalis.com\/tunisie\/wp-json\/wp\/v2\/comments?post=150195"}],"version-history":[{"count":0,"href":"https:\/\/kapitalis.com\/tunisie\/wp-json\/wp\/v2\/posts\/150195\/revisions"}],"wp:featuredmedia":[{"embeddable":true,"href":"https:\/\/kapitalis.com\/tunisie\/wp-json\/wp\/v2\/media\/150201"}],"wp:attachment":[{"href":"https:\/\/kapitalis.com\/tunisie\/wp-json\/wp\/v2\/media?parent=150195"}],"wp:term":[{"taxonomy":"category","embeddable":true,"href":"https:\/\/kapitalis.com\/tunisie\/wp-json\/wp\/v2\/categories?post=150195"},{"taxonomy":"post_tag","embeddable":true,"href":"https:\/\/kapitalis.com\/tunisie\/wp-json\/wp\/v2\/tags?post=150195"}],"curies":[{"name":"wp","href":"https:\/\/api.w.org\/{rel}","templated":true}]}}